{"id":10013,"date":"2024-11-27T14:52:17","date_gmt":"2024-11-27T17:52:17","guid":{"rendered":"https:\/\/autofans.com.ar\/?p=10013"},"modified":"2024-11-27T14:52:17","modified_gmt":"2024-11-27T17:52:17","slug":"audi-y-shell-recharge-amplian-su-red-de-carga-en-argentina","status":"publish","type":"post","link":"https:\/\/autofans.com.ar\/index.php\/2024\/11\/27\/audi-y-shell-recharge-amplian-su-red-de-carga-en-argentina\/","title":{"rendered":"Audi y Shell Recharge ampl\u00edan su red de carga en Argentina"},"content":{"rendered":"<p>Audi y Ra\u00edzen refuerzan su compromiso con la electromovilidad en Argentina a trav\u00e9s de la expansi\u00f3n de la red de cargadores Shell Recharge. En esta ocasi\u00f3n, ambas empresas celebraron la habilitaci\u00f3n de un nuevo tramo en la Ruta Nacional 9, que conecta las ciudades de Buenos Aires y C\u00f3rdoba, consolidando la infraestructura para veh\u00edculos el\u00e9ctricos en uno de los corredores m\u00e1s transitados del pa\u00eds.<\/p>\n<p>&nbsp;<\/p>\n<h2>M\u00e1s de 30 estaciones Shell Recharge<\/h2>\n<p>&nbsp;<\/p>\n<div id='gallery-1' class='gallery galleryid-10013 gallery-columns-2 gallery-size-full'><figure class='gallery-item'>\n\t\t\t<div class='gallery-icon landscape'>\n\t\t\t\t<a href='https:\/\/autofans.com.ar\/index.php\/2024\/11\/27\/audi-y-shell-recharge-amplian-su-red-de-carga-en-argentina\/audi-3-11\/'><img loading=\"lazy\" width=\"1000\" height=\"667\" src=\"https:\/\/autofans.com.ar\/wp-content\/uploads\/2024\/11\/audi-3.jpg\" class=\"attachment-full size-full\" alt=\"Audi y Shell Recharge\" srcset=\"https:\/\/autofans.com.ar\/wp-content\/uploads\/2024\/11\/audi-3.jpg 1000w, https:\/\/autofans.com.ar\/wp-content\/uploads\/2024\/11\/audi-3-300x200.jpg 300w, https:\/\/autofans.com.ar\/wp-content\/uploads\/2024\/11\/audi-3-768x512.jpg 768w\" sizes=\"auto, (max-width: 1000px) 100vw, 1000px\" loading=\"lazy\" decoding=\"async\" \/><\/a>\n\t\t\t<\/div><\/figure><figure class='gallery-item'>\n\t\t\t<div class='gallery-icon landscape'>\n\t\t\t\t<a href='https:\/\/autofans.com.ar\/index.php\/2024\/11\/27\/audi-y-shell-recharge-amplian-su-red-de-carga-en-argentina\/audi-1-11\/'><img loading=\"lazy\" width=\"1000\" height=\"667\" src=\"https:\/\/autofans.com.ar\/wp-content\/uploads\/2024\/11\/audi-1.jpg\" class=\"attachment-full size-full\" alt=\"Audi y Shell Recharge\" srcset=\"https:\/\/autofans.com.ar\/wp-content\/uploads\/2024\/11\/audi-1.jpg 1000w, https:\/\/autofans.com.ar\/wp-content\/uploads\/2024\/11\/audi-1-300x200.jpg 300w, https:\/\/autofans.com.ar\/wp-content\/uploads\/2024\/11\/audi-1-768x512.jpg 768w\" sizes=\"auto, (max-width: 1000px) 100vw, 1000px\" loading=\"lazy\" decoding=\"async\" \/><\/a>\n\t\t\t<\/div><\/figure>\n\t\t<\/div>\n\n<p>&nbsp;<\/p>\n<p>Este avance forma parte de una estrategia conjunta para instalar m\u00e1s de 30 estaciones de carga en rutas estrat\u00e9gicas como Buenos Aires-Costa Atl\u00e1ntica y Buenos Aires-Rosario-C\u00f3rdoba. La red Shell Recharge, conocida por su presencia en m\u00e1s de 35 pa\u00edses, ofrece cargadores r\u00e1pidos de 150 kW y 50 kW, ubicados en estaciones clave para garantizar comodidad y eficiencia a los usuarios.<\/p>\n<p>Los nuevos puntos de carga en la Ruta 9 incluyen:<\/p>\n<ul>\n<li><strong>San Pedro:<\/strong> Parador San Pedro SR, Km 154.<\/li>\n<li><strong>Marcos Ju\u00e1rez, C\u00f3rdoba:<\/strong> La Rotonda SAS, Km 436.<\/li>\n<li><strong>Berrotar\u00e1n, C\u00f3rdoba:<\/strong> M\u00e1ximo Primero SA, Km 679.<\/li>\n<li><strong>Ruta Provincial 34 S:<\/strong> Entre la autopista Rosario-C\u00f3rdoba y Av. A. Illia.<\/li>\n<\/ul>\n<p>&nbsp;<\/p>\n<h2>Audi y Ra\u00edzen impulsan la transici\u00f3n hacia rutas m\u00e1s sostenibles<\/h2>\n<p>La red es abierta para todos los usuarios de autos el\u00e9ctricos, y los clientes de Audi cuentan con el beneficio exclusivo de carga gratuita. Actualmente, Audi comercializa en el pa\u00eds los modelos 100% el\u00e9ctricos Q8 e-tron (SUV y Sportback) y RS e-tron GT, reafirmando su liderazgo en el segmento de veh\u00edculos sustentables.<\/p>\n<p>&nbsp;<\/p>\n<div id='gallery-2' class='gallery galleryid-10013 gallery-columns-2 gallery-size-full'><figure class='gallery-item'>\n\t\t\t<div class='gallery-icon landscape'>\n\t\t\t\t<a href='https:\/\/autofans.com.ar\/index.php\/2024\/11\/27\/audi-y-shell-recharge-amplian-su-red-de-carga-en-argentina\/audi-5-2\/'><img loading=\"lazy\" width=\"1000\" height=\"667\" src=\"https:\/\/autofans.com.ar\/wp-content\/uploads\/2024\/11\/audi-5.jpg\" class=\"attachment-full size-full\" alt=\"Audi y Shell Recharge\" srcset=\"https:\/\/autofans.com.ar\/wp-content\/uploads\/2024\/11\/audi-5.jpg 1000w, https:\/\/autofans.com.ar\/wp-content\/uploads\/2024\/11\/audi-5-300x200.jpg 300w, https:\/\/autofans.com.ar\/wp-content\/uploads\/2024\/11\/audi-5-768x512.jpg 768w\" sizes=\"auto, (max-width: 1000px) 100vw, 1000px\" loading=\"lazy\" decoding=\"async\" \/><\/a>\n\t\t\t<\/div><\/figure><figure class='gallery-item'>\n\t\t\t<div class='gallery-icon landscape'>\n\t\t\t\t<a href='https:\/\/autofans.com.ar\/index.php\/2024\/11\/27\/audi-y-shell-recharge-amplian-su-red-de-carga-en-argentina\/audi-4-5\/'><img loading=\"lazy\" width=\"1000\" height=\"667\" src=\"https:\/\/autofans.com.ar\/wp-content\/uploads\/2024\/11\/audi-4.jpg\" class=\"attachment-full size-full\" alt=\"Audi y Shell Recharge\" srcset=\"https:\/\/autofans.com.ar\/wp-content\/uploads\/2024\/11\/audi-4.jpg 1000w, https:\/\/autofans.com.ar\/wp-content\/uploads\/2024\/11\/audi-4-300x200.jpg 300w, https:\/\/autofans.com.ar\/wp-content\/uploads\/2024\/11\/audi-4-768x512.jpg 768w\" sizes=\"auto, (max-width: 1000px) 100vw, 1000px\" loading=\"lazy\" decoding=\"async\" \/><\/a>\n\t\t\t<\/div><\/figure>\n\t\t<\/div>\n\n<p>&nbsp;<\/p>\n<p>La alianza entre Audi y Ra\u00edzen no solo se centra en combustibles y lubricantes, sino tambi\u00e9n en el desarrollo de proyectos para el futuro de la movilidad sustentable. Con iniciativas como esta, ambas empresas siguen construyendo un ecosistema robusto para la electromovilidad en Argentina, facilitando una transici\u00f3n hacia el transporte el\u00e9ctrico en las rutas nacionales.<\/p>\n<p>&nbsp;<\/p>\n<p>&nbsp;<\/p>\n<p><i>Para enterarte de m\u00e1s novedades, no dejes de leer\u00a0<\/i><a href=\"https:\/\/autofans.thebrandsoup.com\/\"><i>nuestras notas<\/i><\/a><i>, de ver<\/i><b><i>\u00a0<\/i><\/b><a href=\"https:\/\/www.youtube.com\/channel\/UCgAC8UGHZYbT6P7PpmVnP7g\"><b><i>AUTOFANS TV<\/i><\/b><\/a><b><i>\u00a0<\/i><\/b><i>en nuestro\u00a0canal de Youtube. Adem\u00e1s seguinos en\u00a0<\/i><a href=\"https:\/\/www.instagram.com\/autofanstv\/\"><i>INSTAGRAM<\/i><\/a><i> y <\/i><a href=\"https:\/\/www.facebook.com\/autofansmas\/\"><i>FACEBOOK<\/i><\/a><i> para no perderte nada sobre las novedades del segmento automotor de Argentina y el mundo.<\/i><\/p>\n","protected":false},"excerpt":{"rendered":"<p>Audi y Ra\u00edzen refuerzan su compromiso con la electromovilidad en Argentina a trav\u00e9s de la&#8230;<\/p>\n","protected":false},"author":2,"featured_media":10018,"comment_status":"closed","ping_status":"closed","sticky":false,"template":"","format":"standard","meta":{"footnotes":""},"categories":[341,16],"tags":[911,3325,4180,908,5431,5430,3142,1460,5429,910],"class_list":["post-10013","post","type-post","status-publish","format-standard","has-post-thumbnail","hentry","category-hibridos-y-electricos","category-noticias","tag-audi","tag-audi-q8-e-tron","tag-autos-electricos-argentina","tag-cargadores-electricos","tag-cargadores-rapidos","tag-electromovilidad-en-argentina","tag-infraestructura-electrica","tag-movilidad-sustentable","tag-ruta-nacional-9","tag-shell-recharge"],"yoast_head":"<!-- This site is optimized with the Yoast SEO plugin v27.5 - https:\/\/yoast.com\/product\/yoast-seo-wordpress\/ -->\n<title>Audi y Shell Recharge ampl\u00edan su red de carga en Argentina -<\/title>\n<meta name=\"description\" content=\"Audi y Ra\u00edzen refuerzan su compromiso con la electromovilidad en Argentina a trav\u00e9s de la expansi\u00f3n de la red de cargadores Shell Recharge...\" \/>\n<meta name=\"robots\" content=\"index, follow, max-snippet:-1, max-image-preview:large, max-video-preview:-1\" \/>\n<link rel=\"canonical\" href=\"https:\/\/autofans.com.ar\/index.php\/2024\/11\/27\/audi-y-shell-recharge-amplian-su-red-de-carga-en-argentina\/\" \/>\n<meta property=\"og:locale\" content=\"es_ES\" \/>\n<meta property=\"og:type\" content=\"article\" \/>\n<meta property=\"og:title\" content=\"Audi y Shell Recharge ampl\u00edan su red de carga en Argentina -\" \/>\n<meta property=\"og:description\" content=\"Audi y Ra\u00edzen refuerzan su compromiso con la electromovilidad en Argentina a trav\u00e9s de la expansi\u00f3n de la red de cargadores Shell Recharge...\" \/>\n<meta property=\"og:url\" content=\"https:\/\/autofans.com.ar\/index.php\/2024\/11\/27\/audi-y-shell-recharge-amplian-su-red-de-carga-en-argentina\/\" \/>\n<meta property=\"article:published_time\" content=\"2024-11-27T17:52:17+00:00\" \/>\n<meta property=\"og:image\" content=\"https:\/\/autofans.com.ar\/wp-content\/uploads\/2024\/11\/audi-2.jpg\" \/>\n\t<meta property=\"og:image:width\" content=\"1000\" \/>\n\t<meta property=\"og:image:height\" content=\"667\" \/>\n\t<meta property=\"og:image:type\" content=\"image\/jpeg\" \/>\n<meta name=\"author\" content=\"Alejandro Gabriel Rosito\" \/>\n<meta name=\"twitter:card\" content=\"summary_large_image\" \/>\n<meta name=\"twitter:label1\" content=\"Escrito por\" \/>\n\t<meta name=\"twitter:data1\" content=\"Alejandro Gabriel Rosito\" \/>\n\t<meta name=\"twitter:label2\" content=\"Tiempo de lectura\" \/>\n\t<meta name=\"twitter:data2\" content=\"2 minutos\" \/>\n<script type=\"application\/ld+json\" class=\"yoast-schema-graph\">{\"@context\":\"https:\\\/\\\/schema.org\",\"@graph\":[{\"@type\":\"Article\",\"@id\":\"https:\\\/\\\/autofans.com.ar\\\/index.php\\\/2024\\\/11\\\/27\\\/audi-y-shell-recharge-amplian-su-red-de-carga-en-argentina\\\/#article\",\"isPartOf\":{\"@id\":\"https:\\\/\\\/autofans.com.ar\\\/index.php\\\/2024\\\/11\\\/27\\\/audi-y-shell-recharge-amplian-su-red-de-carga-en-argentina\\\/\"},\"author\":{\"name\":\"Alejandro Gabriel Rosito\",\"@id\":\"https:\\\/\\\/autofans.com.ar\\\/#\\\/schema\\\/person\\\/4a8dda0b6df83ac3d6723e921274c2aa\"},\"headline\":\"Audi y Shell Recharge ampl\u00edan su red de carga en Argentina\",\"datePublished\":\"2024-11-27T17:52:17+00:00\",\"mainEntityOfPage\":{\"@id\":\"https:\\\/\\\/autofans.com.ar\\\/index.php\\\/2024\\\/11\\\/27\\\/audi-y-shell-recharge-amplian-su-red-de-carga-en-argentina\\\/\"},\"wordCount\":388,\"image\":{\"@id\":\"https:\\\/\\\/autofans.com.ar\\\/index.php\\\/2024\\\/11\\\/27\\\/audi-y-shell-recharge-amplian-su-red-de-carga-en-argentina\\\/#primaryimage\"},\"thumbnailUrl\":\"https:\\\/\\\/autofans.com.ar\\\/wp-content\\\/uploads\\\/2024\\\/11\\\/audi-2.jpg\",\"keywords\":[\"Audi\",\"Audi Q8 e-tron\",\"autos el\u00e9ctricos Argentina\",\"cargadores el\u00e9ctricos\",\"cargadores r\u00e1pidos\",\"electromovilidad en Argentina\",\"Infraestructura El\u00e9ctrica\",\"movilidad sustentable\",\"Ruta Nacional 9\",\"Shell Recharge\"],\"articleSection\":[\"HIBRIDOS, ELECTRICOS y otros\",\"NOTICIAS\"],\"inLanguage\":\"es\"},{\"@type\":\"WebPage\",\"@id\":\"https:\\\/\\\/autofans.com.ar\\\/index.php\\\/2024\\\/11\\\/27\\\/audi-y-shell-recharge-amplian-su-red-de-carga-en-argentina\\\/\",\"url\":\"https:\\\/\\\/autofans.com.ar\\\/index.php\\\/2024\\\/11\\\/27\\\/audi-y-shell-recharge-amplian-su-red-de-carga-en-argentina\\\/\",\"name\":\"Audi y Shell Recharge ampl\u00edan su red de carga en Argentina -\",\"isPartOf\":{\"@id\":\"https:\\\/\\\/autofans.com.ar\\\/#website\"},\"primaryImageOfPage\":{\"@id\":\"https:\\\/\\\/autofans.com.ar\\\/index.php\\\/2024\\\/11\\\/27\\\/audi-y-shell-recharge-amplian-su-red-de-carga-en-argentina\\\/#primaryimage\"},\"image\":{\"@id\":\"https:\\\/\\\/autofans.com.ar\\\/index.php\\\/2024\\\/11\\\/27\\\/audi-y-shell-recharge-amplian-su-red-de-carga-en-argentina\\\/#primaryimage\"},\"thumbnailUrl\":\"https:\\\/\\\/autofans.com.ar\\\/wp-content\\\/uploads\\\/2024\\\/11\\\/audi-2.jpg\",\"datePublished\":\"2024-11-27T17:52:17+00:00\",\"author\":{\"@id\":\"https:\\\/\\\/autofans.com.ar\\\/#\\\/schema\\\/person\\\/4a8dda0b6df83ac3d6723e921274c2aa\"},\"description\":\"Audi y Ra\u00edzen refuerzan su compromiso con la electromovilidad en Argentina a trav\u00e9s de la expansi\u00f3n de la red de cargadores Shell Recharge...\",\"breadcrumb\":{\"@id\":\"https:\\\/\\\/autofans.com.ar\\\/index.php\\\/2024\\\/11\\\/27\\\/audi-y-shell-recharge-amplian-su-red-de-carga-en-argentina\\\/#breadcrumb\"},\"inLanguage\":\"es\",\"potentialAction\":[{\"@type\":\"ReadAction\",\"target\":[\"https:\\\/\\\/autofans.com.ar\\\/index.php\\\/2024\\\/11\\\/27\\\/audi-y-shell-recharge-amplian-su-red-de-carga-en-argentina\\\/\"]}]},{\"@type\":\"ImageObject\",\"inLanguage\":\"es\",\"@id\":\"https:\\\/\\\/autofans.com.ar\\\/index.php\\\/2024\\\/11\\\/27\\\/audi-y-shell-recharge-amplian-su-red-de-carga-en-argentina\\\/#primaryimage\",\"url\":\"https:\\\/\\\/autofans.com.ar\\\/wp-content\\\/uploads\\\/2024\\\/11\\\/audi-2.jpg\",\"contentUrl\":\"https:\\\/\\\/autofans.com.ar\\\/wp-content\\\/uploads\\\/2024\\\/11\\\/audi-2.jpg\",\"width\":1000,\"height\":667,\"caption\":\"Audi y Shell Recharge\"},{\"@type\":\"BreadcrumbList\",\"@id\":\"https:\\\/\\\/autofans.com.ar\\\/index.php\\\/2024\\\/11\\\/27\\\/audi-y-shell-recharge-amplian-su-red-de-carga-en-argentina\\\/#breadcrumb\",\"itemListElement\":[{\"@type\":\"ListItem\",\"position\":1,\"name\":\"Inicio\",\"item\":\"https:\\\/\\\/autofans.com.ar\\\/\"},{\"@type\":\"ListItem\",\"position\":2,\"name\":\"Audi y Shell Recharge ampl\u00edan su red de carga en Argentina\"}]},{\"@type\":\"WebSite\",\"@id\":\"https:\\\/\\\/autofans.com.ar\\\/#website\",\"url\":\"https:\\\/\\\/autofans.com.ar\\\/\",\"name\":\"\",\"description\":\"El multimedio referente de la industria automotriz\",\"potentialAction\":[{\"@type\":\"SearchAction\",\"target\":{\"@type\":\"EntryPoint\",\"urlTemplate\":\"https:\\\/\\\/autofans.com.ar\\\/?s={search_term_string}\"},\"query-input\":{\"@type\":\"PropertyValueSpecification\",\"valueRequired\":true,\"valueName\":\"search_term_string\"}}],\"inLanguage\":\"es\"},{\"@type\":\"Person\",\"@id\":\"https:\\\/\\\/autofans.com.ar\\\/#\\\/schema\\\/person\\\/4a8dda0b6df83ac3d6723e921274c2aa\",\"name\":\"Alejandro Gabriel Rosito\",\"image\":{\"@type\":\"ImageObject\",\"inLanguage\":\"es\",\"@id\":\"https:\\\/\\\/secure.gravatar.com\\\/avatar\\\/16c5dda1489adfc62618084dcbb91cffd879c374b13fe5dd8e44ed6733852c88?s=96&d=mm&r=g\",\"url\":\"https:\\\/\\\/secure.gravatar.com\\\/avatar\\\/16c5dda1489adfc62618084dcbb91cffd879c374b13fe5dd8e44ed6733852c88?s=96&d=mm&r=g\",\"contentUrl\":\"https:\\\/\\\/secure.gravatar.com\\\/avatar\\\/16c5dda1489adfc62618084dcbb91cffd879c374b13fe5dd8e44ed6733852c88?s=96&d=mm&r=g\",\"caption\":\"Alejandro Gabriel Rosito\"},\"url\":\"https:\\\/\\\/autofans.com.ar\\\/index.php\\\/author\\\/gabrielr\\\/\"}]}<\/script>\n<!-- \/ Yoast SEO plugin. -->","yoast_head_json":{"title":"Audi y Shell Recharge ampl\u00edan su red de carga en Argentina -","description":"Audi y Ra\u00edzen refuerzan su compromiso con la electromovilidad en Argentina a trav\u00e9s de la expansi\u00f3n de la red de cargadores Shell Recharge...","robots":{"index":"index","follow":"follow","max-snippet":"max-snippet:-1","max-image-preview":"max-image-preview:large","max-video-preview":"max-video-preview:-1"},"canonical":"https:\/\/autofans.com.ar\/index.php\/2024\/11\/27\/audi-y-shell-recharge-amplian-su-red-de-carga-en-argentina\/","og_locale":"es_ES","og_type":"article","og_title":"Audi y Shell Recharge ampl\u00edan su red de carga en Argentina -","og_description":"Audi y Ra\u00edzen refuerzan su compromiso con la electromovilidad en Argentina a trav\u00e9s de la expansi\u00f3n de la red de cargadores Shell Recharge...","og_url":"https:\/\/autofans.com.ar\/index.php\/2024\/11\/27\/audi-y-shell-recharge-amplian-su-red-de-carga-en-argentina\/","article_published_time":"2024-11-27T17:52:17+00:00","og_image":[{"width":1000,"height":667,"url":"https:\/\/autofans.com.ar\/wp-content\/uploads\/2024\/11\/audi-2.jpg","type":"image\/jpeg"}],"author":"Alejandro Gabriel Rosito","twitter_card":"summary_large_image","twitter_misc":{"Escrito por":"Alejandro Gabriel Rosito","Tiempo de lectura":"2 minutos"},"schema":{"@context":"https:\/\/schema.org","@graph":[{"@type":"Article","@id":"https:\/\/autofans.com.ar\/index.php\/2024\/11\/27\/audi-y-shell-recharge-amplian-su-red-de-carga-en-argentina\/#article","isPartOf":{"@id":"https:\/\/autofans.com.ar\/index.php\/2024\/11\/27\/audi-y-shell-recharge-amplian-su-red-de-carga-en-argentina\/"},"author":{"name":"Alejandro Gabriel Rosito","@id":"https:\/\/autofans.com.ar\/#\/schema\/person\/4a8dda0b6df83ac3d6723e921274c2aa"},"headline":"Audi y Shell Recharge ampl\u00edan su red de carga en Argentina","datePublished":"2024-11-27T17:52:17+00:00","mainEntityOfPage":{"@id":"https:\/\/autofans.com.ar\/index.php\/2024\/11\/27\/audi-y-shell-recharge-amplian-su-red-de-carga-en-argentina\/"},"wordCount":388,"image":{"@id":"https:\/\/autofans.com.ar\/index.php\/2024\/11\/27\/audi-y-shell-recharge-amplian-su-red-de-carga-en-argentina\/#primaryimage"},"thumbnailUrl":"https:\/\/autofans.com.ar\/wp-content\/uploads\/2024\/11\/audi-2.jpg","keywords":["Audi","Audi Q8 e-tron","autos el\u00e9ctricos Argentina","cargadores el\u00e9ctricos","cargadores r\u00e1pidos","electromovilidad en Argentina","Infraestructura El\u00e9ctrica","movilidad sustentable","Ruta Nacional 9","Shell Recharge"],"articleSection":["HIBRIDOS, ELECTRICOS y otros","NOTICIAS"],"inLanguage":"es"},{"@type":"WebPage","@id":"https:\/\/autofans.com.ar\/index.php\/2024\/11\/27\/audi-y-shell-recharge-amplian-su-red-de-carga-en-argentina\/","url":"https:\/\/autofans.com.ar\/index.php\/2024\/11\/27\/audi-y-shell-recharge-amplian-su-red-de-carga-en-argentina\/","name":"Audi y Shell Recharge ampl\u00edan su red de carga en Argentina -","isPartOf":{"@id":"https:\/\/autofans.com.ar\/#website"},"primaryImageOfPage":{"@id":"https:\/\/autofans.com.ar\/index.php\/2024\/11\/27\/audi-y-shell-recharge-amplian-su-red-de-carga-en-argentina\/#primaryimage"},"image":{"@id":"https:\/\/autofans.com.ar\/index.php\/2024\/11\/27\/audi-y-shell-recharge-amplian-su-red-de-carga-en-argentina\/#primaryimage"},"thumbnailUrl":"https:\/\/autofans.com.ar\/wp-content\/uploads\/2024\/11\/audi-2.jpg","datePublished":"2024-11-27T17:52:17+00:00","author":{"@id":"https:\/\/autofans.com.ar\/#\/schema\/person\/4a8dda0b6df83ac3d6723e921274c2aa"},"description":"Audi y Ra\u00edzen refuerzan su compromiso con la electromovilidad en Argentina a trav\u00e9s de la expansi\u00f3n de la red de cargadores Shell Recharge...","breadcrumb":{"@id":"https:\/\/autofans.com.ar\/index.php\/2024\/11\/27\/audi-y-shell-recharge-amplian-su-red-de-carga-en-argentina\/#breadcrumb"},"inLanguage":"es","potentialAction":[{"@type":"ReadAction","target":["https:\/\/autofans.com.ar\/index.php\/2024\/11\/27\/audi-y-shell-recharge-amplian-su-red-de-carga-en-argentina\/"]}]},{"@type":"ImageObject","inLanguage":"es","@id":"https:\/\/autofans.com.ar\/index.php\/2024\/11\/27\/audi-y-shell-recharge-amplian-su-red-de-carga-en-argentina\/#primaryimage","url":"https:\/\/autofans.com.ar\/wp-content\/uploads\/2024\/11\/audi-2.jpg","contentUrl":"https:\/\/autofans.com.ar\/wp-content\/uploads\/2024\/11\/audi-2.jpg","width":1000,"height":667,"caption":"Audi y Shell Recharge"},{"@type":"BreadcrumbList","@id":"https:\/\/autofans.com.ar\/index.php\/2024\/11\/27\/audi-y-shell-recharge-amplian-su-red-de-carga-en-argentina\/#breadcrumb","itemListElement":[{"@type":"ListItem","position":1,"name":"Inicio","item":"https:\/\/autofans.com.ar\/"},{"@type":"ListItem","position":2,"name":"Audi y Shell Recharge ampl\u00edan su red de carga en Argentina"}]},{"@type":"WebSite","@id":"https:\/\/autofans.com.ar\/#website","url":"https:\/\/autofans.com.ar\/","name":"","description":"El multimedio referente de la industria automotriz","potentialAction":[{"@type":"SearchAction","target":{"@type":"EntryPoint","urlTemplate":"https:\/\/autofans.com.ar\/?s={search_term_string}"},"query-input":{"@type":"PropertyValueSpecification","valueRequired":true,"valueName":"search_term_string"}}],"inLanguage":"es"},{"@type":"Person","@id":"https:\/\/autofans.com.ar\/#\/schema\/person\/4a8dda0b6df83ac3d6723e921274c2aa","name":"Alejandro Gabriel Rosito","image":{"@type":"ImageObject","inLanguage":"es","@id":"https:\/\/secure.gravatar.com\/avatar\/16c5dda1489adfc62618084dcbb91cffd879c374b13fe5dd8e44ed6733852c88?s=96&d=mm&r=g","url":"https:\/\/secure.gravatar.com\/avatar\/16c5dda1489adfc62618084dcbb91cffd879c374b13fe5dd8e44ed6733852c88?s=96&d=mm&r=g","contentUrl":"https:\/\/secure.gravatar.com\/avatar\/16c5dda1489adfc62618084dcbb91cffd879c374b13fe5dd8e44ed6733852c88?s=96&d=mm&r=g","caption":"Alejandro Gabriel Rosito"},"url":"https:\/\/autofans.com.ar\/index.php\/author\/gabrielr\/"}]}},"featured_image_urls":{"full":["https:\/\/autofans.com.ar\/wp-content\/uploads\/2024\/11\/audi-2.jpg",1000,667,false],"thumbnail":["https:\/\/autofans.com.ar\/wp-content\/uploads\/2024\/11\/audi-2-150x150.jpg",150,150,true],"medium":["https:\/\/autofans.com.ar\/wp-content\/uploads\/2024\/11\/audi-2-300x200.jpg",300,200,true],"medium_large":["https:\/\/autofans.com.ar\/wp-content\/uploads\/2024\/11\/audi-2-768x512.jpg",640,427,true],"large":["https:\/\/autofans.com.ar\/wp-content\/uploads\/2024\/11\/audi-2.jpg",640,427,false],"1536x1536":["https:\/\/autofans.com.ar\/wp-content\/uploads\/2024\/11\/audi-2.jpg",1000,667,false],"2048x2048":["https:\/\/autofans.com.ar\/wp-content\/uploads\/2024\/11\/audi-2.jpg",1000,667,false],"covernews-featured":["https:\/\/autofans.com.ar\/wp-content\/uploads\/2024\/11\/audi-2.jpg",1000,667,false],"covernews-medium":["https:\/\/autofans.com.ar\/wp-content\/uploads\/2024\/11\/audi-2-540x340.jpg",540,340,true]},"author_info":{"display_name":"Alejandro Gabriel Rosito","author_link":"https:\/\/autofans.com.ar\/index.php\/author\/gabrielr\/"},"category_info":"<a href=\"https:\/\/autofans.com.ar\/index.php\/category\/noticias\/hibridos-y-electricos\/\" rel=\"category tag\">HIBRIDOS, ELECTRICOS y otros<\/a> <a href=\"https:\/\/autofans.com.ar\/index.php\/category\/noticias\/\" rel=\"category tag\">NOTICIAS<\/a>","tag_info":"NOTICIAS","comment_count":0,"_links":{"self":[{"href":"https:\/\/autofans.com.ar\/index.php\/wp-json\/wp\/v2\/posts\/10013","targetHints":{"allow":["GET"]}}],"collection":[{"href":"https:\/\/autofans.com.ar\/index.php\/wp-json\/wp\/v2\/posts"}],"about":[{"href":"https:\/\/autofans.com.ar\/index.php\/wp-json\/wp\/v2\/types\/post"}],"author":[{"embeddable":true,"href":"https:\/\/autofans.com.ar\/index.php\/wp-json\/wp\/v2\/users\/2"}],"replies":[{"embeddable":true,"href":"https:\/\/autofans.com.ar\/index.php\/wp-json\/wp\/v2\/comments?post=10013"}],"version-history":[{"count":2,"href":"https:\/\/autofans.com.ar\/index.php\/wp-json\/wp\/v2\/posts\/10013\/revisions"}],"predecessor-version":[{"id":10020,"href":"https:\/\/autofans.com.ar\/index.php\/wp-json\/wp\/v2\/posts\/10013\/revisions\/10020"}],"wp:featuredmedia":[{"embeddable":true,"href":"https:\/\/autofans.com.ar\/index.php\/wp-json\/wp\/v2\/media\/10018"}],"wp:attachment":[{"href":"https:\/\/autofans.com.ar\/index.php\/wp-json\/wp\/v2\/media?parent=10013"}],"wp:term":[{"taxonomy":"category","embeddable":true,"href":"https:\/\/autofans.com.ar\/index.php\/wp-json\/wp\/v2\/categories?post=10013"},{"taxonomy":"post_tag","embeddable":true,"href":"https:\/\/autofans.com.ar\/index.php\/wp-json\/wp\/v2\/tags?post=10013"}],"curies":[{"name":"wp","href":"https:\/\/api.w.org\/{rel}","templated":true}]}}