{"id":10021,"date":"2024-11-27T19:33:18","date_gmt":"2024-11-27T22:33:18","guid":{"rendered":"https:\/\/autofans.com.ar\/?p=10021"},"modified":"2024-11-28T16:40:06","modified_gmt":"2024-11-28T19:40:06","slug":"125-anos-de-fiat-un-viaje-por-su-impacto-cultural-e-industrial-en-italia","status":"publish","type":"post","link":"https:\/\/autofans.com.ar\/index.php\/2024\/11\/27\/125-anos-de-fiat-un-viaje-por-su-impacto-cultural-e-industrial-en-italia\/","title":{"rendered":"125 a\u00f1os de FIAT, un viaje por su impacto cultural e industrial en Italia"},"content":{"rendered":"<p>En el marco de los 125 a\u00f1os de la marca italiana, el Museo Nazionale dell&#8217;Automobile (MAUTO) de Tur\u00edn presenta una exposici\u00f3n que recorre m\u00e1s de un siglo de historia de esta emblem\u00e1tica marca italiana. Desde ahora hasta el 4 de mayo de 2025, los visitantes podr\u00e1n explorar la muestra \u201c125 veces FIAT. Modernidad a trav\u00e9s de la lente de la imaginaci\u00f3n de FIAT\u201d, que destaca la influencia de la compa\u00f1\u00eda en el desarrollo cultural, industrial y econ\u00f3mico de Italia.<\/p>\n<p>&nbsp;<\/p>\n<h2>FIAT y su impacto en la modernizaci\u00f3n italiana<\/h2>\n<p>&nbsp;<\/p>\n<div id='gallery-1' class='gallery galleryid-10021 gallery-columns-2 gallery-size-full'><figure class='gallery-item'>\n\t\t\t<div class='gallery-icon landscape'>\n\t\t\t\t<a href='https:\/\/autofans.com.ar\/index.php\/2024\/11\/27\/125-anos-de-fiat-un-viaje-por-su-impacto-cultural-e-industrial-en-italia\/fiat-2-8\/'><img loading=\"lazy\" width=\"1000\" height=\"667\" src=\"https:\/\/autofans.com.ar\/wp-content\/uploads\/2024\/11\/fiat-2.jpg\" class=\"attachment-full size-full\" alt=\"FIAT\" srcset=\"https:\/\/autofans.com.ar\/wp-content\/uploads\/2024\/11\/fiat-2.jpg 1000w, https:\/\/autofans.com.ar\/wp-content\/uploads\/2024\/11\/fiat-2-300x200.jpg 300w, https:\/\/autofans.com.ar\/wp-content\/uploads\/2024\/11\/fiat-2-768x512.jpg 768w\" sizes=\"auto, (max-width: 1000px) 100vw, 1000px\" loading=\"lazy\" decoding=\"async\" \/><\/a>\n\t\t\t<\/div><\/figure><figure class='gallery-item'>\n\t\t\t<div class='gallery-icon landscape'>\n\t\t\t\t<a href='https:\/\/autofans.com.ar\/index.php\/2024\/11\/27\/125-anos-de-fiat-un-viaje-por-su-impacto-cultural-e-industrial-en-italia\/fiat-3-7\/'><img loading=\"lazy\" width=\"1000\" height=\"667\" src=\"https:\/\/autofans.com.ar\/wp-content\/uploads\/2024\/11\/fiat-3.jpg\" class=\"attachment-full size-full\" alt=\"FIAT\" srcset=\"https:\/\/autofans.com.ar\/wp-content\/uploads\/2024\/11\/fiat-3.jpg 1000w, https:\/\/autofans.com.ar\/wp-content\/uploads\/2024\/11\/fiat-3-300x200.jpg 300w, https:\/\/autofans.com.ar\/wp-content\/uploads\/2024\/11\/fiat-3-768x512.jpg 768w\" sizes=\"auto, (max-width: 1000px) 100vw, 1000px\" loading=\"lazy\" decoding=\"async\" \/><\/a>\n\t\t\t<\/div><\/figure>\n\t\t<\/div>\n\n<p>&nbsp;<\/p>\n<p>La exposici\u00f3n principal, organizada en colaboraci\u00f3n con el Centro Storico <a href=\"https:\/\/autofans.com.ar\/index.php\/2024\/07\/12\/fiat-celebra-125-anos-de-historia\/\" target=\"_blank\" rel=\"noopener\">FIAT<\/a> y el Heritage Hub, exhibe veh\u00edculos ic\u00f3nicos como el Fiat 508 Balilla (1932), el 500 A Topolino (1936), el Panda 30 (1982) y el Fiat 500e, s\u00edmbolo de la movilidad el\u00e9ctrica moderna. Adem\u00e1s, incluye obras de arte, documentos hist\u00f3ricos, materiales audiovisuales y una narrativa en ocho macrosecciones que reflejan el impacto de la marca italiana en la modernizaci\u00f3n.<\/p>\n<p>&nbsp;<\/p>\n<h2>Dise\u00f1o, innovaci\u00f3n y cultura en una muestra \u00fanica<\/h2>\n<p>En paralelo, el Heritage Hub presenta \u201cUNEXPECTED &amp; SURPRISING FIAT\u201d, una muestra temporal que revela el lado menos conocido de la marca. Con \u00e9nfasis en innovaci\u00f3n, eficiencia y diversi\u00f3n, se exhiben modelos \u00fanicos como el Fiat Scia (1993), el Fiat Vanzic (1995), y ediciones especiales como el 500 Barbie Edition. Este recorrido muestra c\u00f3mo la marca italiana ha liderado la movilidad urbana y sorprendido con dise\u00f1os atrevidos.<\/p>\n<p>&nbsp;<\/p>\n<div id='gallery-2' class='gallery galleryid-10021 gallery-columns-2 gallery-size-full'><figure class='gallery-item'>\n\t\t\t<div class='gallery-icon landscape'>\n\t\t\t\t<a href='https:\/\/autofans.com.ar\/index.php\/2024\/11\/27\/125-anos-de-fiat-un-viaje-por-su-impacto-cultural-e-industrial-en-italia\/fiat-4-7\/'><img loading=\"lazy\" width=\"1000\" height=\"667\" src=\"https:\/\/autofans.com.ar\/wp-content\/uploads\/2024\/11\/fiat-4.jpg\" class=\"attachment-full size-full\" alt=\"FIAT\" srcset=\"https:\/\/autofans.com.ar\/wp-content\/uploads\/2024\/11\/fiat-4.jpg 1000w, https:\/\/autofans.com.ar\/wp-content\/uploads\/2024\/11\/fiat-4-300x200.jpg 300w, https:\/\/autofans.com.ar\/wp-content\/uploads\/2024\/11\/fiat-4-768x512.jpg 768w\" sizes=\"auto, (max-width: 1000px) 100vw, 1000px\" loading=\"lazy\" decoding=\"async\" \/><\/a>\n\t\t\t<\/div><\/figure><figure class='gallery-item'>\n\t\t\t<div class='gallery-icon landscape'>\n\t\t\t\t<a href='https:\/\/autofans.com.ar\/index.php\/2024\/11\/27\/125-anos-de-fiat-un-viaje-por-su-impacto-cultural-e-industrial-en-italia\/fiat-1-6\/'><img loading=\"lazy\" width=\"1000\" height=\"667\" src=\"https:\/\/autofans.com.ar\/wp-content\/uploads\/2024\/11\/fiat-1.jpg\" class=\"attachment-full size-full\" alt=\"FIAT\" srcset=\"https:\/\/autofans.com.ar\/wp-content\/uploads\/2024\/11\/fiat-1.jpg 1000w, https:\/\/autofans.com.ar\/wp-content\/uploads\/2024\/11\/fiat-1-300x200.jpg 300w, https:\/\/autofans.com.ar\/wp-content\/uploads\/2024\/11\/fiat-1-768x512.jpg 768w\" sizes=\"auto, (max-width: 1000px) 100vw, 1000px\" loading=\"lazy\" decoding=\"async\" \/><\/a>\n\t\t\t<\/div><\/figure>\n\t\t<\/div>\n\n<p>&nbsp;<\/p>\n<p>Finalmente, el Centro Storico la automotriz complementa la celebraci\u00f3n con material in\u00e9dito, desarrollado junto al ISMEL, que profundiza en los aspectos culturales y laborales de la empresa.<\/p>\n<p>Esta triple muestra en Tur\u00edn invita a revivir los momentos m\u00e1s destacados de una marca que, desde 1899, ha sido sin\u00f3nimo de modernidad, creatividad y el mejor Made in Italy.<\/p>\n<p>&nbsp;<\/p>\n<p>&nbsp;<\/p>\n<p><i>Para enterarte de m\u00e1s novedades, no dejes de leer\u00a0<\/i><a href=\"https:\/\/autofans.thebrandsoup.com\/\"><i>nuestras notas<\/i><\/a><i>, de ver<\/i><b><i>\u00a0<\/i><\/b><a href=\"https:\/\/www.youtube.com\/channel\/UCgAC8UGHZYbT6P7PpmVnP7g\"><b><i>AUTOFANS TV<\/i><\/b><\/a><b><i>\u00a0<\/i><\/b><i>en nuestro\u00a0canal de Youtube. Adem\u00e1s seguinos en\u00a0<\/i><a href=\"https:\/\/www.instagram.com\/autofanstv\/\"><i>INSTAGRAM<\/i><\/a><i> y <\/i><a href=\"https:\/\/www.facebook.com\/autofansmas\/\"><i>FACEBOOK<\/i><\/a><i> para no perderte nada sobre las novedades del segmento automotor de Argentina y el mundo.<\/i><\/p>\n","protected":false},"excerpt":{"rendered":"<p>En el marco de los 125 a\u00f1os de la marca italiana, el Museo Nazionale dell&#8217;Automobile&#8230;<\/p>\n","protected":false},"author":2,"featured_media":10022,"comment_status":"closed","ping_status":"closed","sticky":false,"template":"","format":"standard","meta":{"footnotes":""},"categories":[292,16],"tags":[5434,5432,4407,5435,5433,5436],"class_list":["post-10021","post","type-post","status-publish","format-standard","has-post-thumbnail","hentry","category-empresas","category-noticias","tag-autos-iconicos-fiat","tag-exposicion-fiat-125-aniversario","tag-fiat-125-anos","tag-fiat-turin-2025","tag-historia-de-fiat","tag-museo-nazionale-dellautomobile"],"yoast_head":"<!-- This site is optimized with the Yoast SEO plugin v27.5 - https:\/\/yoast.com\/product\/yoast-seo-wordpress\/ -->\n<title>125 a\u00f1os de FIAT, un viaje por su impacto cultural e industrial en Italia -<\/title>\n<meta name=\"description\" content=\"En los 125 a\u00f1os de FIAT, el Museo Nazionale dell&#039;Automobile de Tur\u00edn presenta una exposici\u00f3n que recorre m\u00e1s de un siglo de historia...\" \/>\n<meta name=\"robots\" content=\"index, follow, max-snippet:-1, max-image-preview:large, max-video-preview:-1\" \/>\n<link rel=\"canonical\" href=\"https:\/\/autofans.com.ar\/index.php\/2024\/11\/27\/125-anos-de-fiat-un-viaje-por-su-impacto-cultural-e-industrial-en-italia\/\" \/>\n<meta property=\"og:locale\" content=\"es_ES\" \/>\n<meta property=\"og:type\" content=\"article\" \/>\n<meta property=\"og:title\" content=\"125 a\u00f1os de FIAT, un viaje por su impacto cultural e industrial en Italia -\" \/>\n<meta property=\"og:description\" content=\"En los 125 a\u00f1os de FIAT, el Museo Nazionale dell&#039;Automobile de Tur\u00edn presenta una exposici\u00f3n que recorre m\u00e1s de un siglo de historia...\" \/>\n<meta property=\"og:url\" content=\"https:\/\/autofans.com.ar\/index.php\/2024\/11\/27\/125-anos-de-fiat-un-viaje-por-su-impacto-cultural-e-industrial-en-italia\/\" \/>\n<meta property=\"article:published_time\" content=\"2024-11-27T22:33:18+00:00\" \/>\n<meta property=\"article:modified_time\" content=\"2024-11-28T19:40:06+00:00\" \/>\n<meta property=\"og:image\" content=\"https:\/\/autofans.com.ar\/wp-content\/uploads\/2024\/11\/fiat-5.jpg\" \/>\n\t<meta property=\"og:image:width\" content=\"1000\" \/>\n\t<meta property=\"og:image:height\" content=\"667\" \/>\n\t<meta property=\"og:image:type\" content=\"image\/jpeg\" \/>\n<meta name=\"author\" content=\"Alejandro Gabriel Rosito\" \/>\n<meta name=\"twitter:card\" content=\"summary_large_image\" \/>\n<meta name=\"twitter:label1\" content=\"Escrito por\" \/>\n\t<meta name=\"twitter:data1\" content=\"Alejandro Gabriel Rosito\" \/>\n\t<meta name=\"twitter:label2\" content=\"Tiempo de lectura\" \/>\n\t<meta name=\"twitter:data2\" content=\"2 minutos\" \/>\n<script type=\"application\/ld+json\" class=\"yoast-schema-graph\">{\"@context\":\"https:\\\/\\\/schema.org\",\"@graph\":[{\"@type\":\"Article\",\"@id\":\"https:\\\/\\\/autofans.com.ar\\\/index.php\\\/2024\\\/11\\\/27\\\/125-anos-de-fiat-un-viaje-por-su-impacto-cultural-e-industrial-en-italia\\\/#article\",\"isPartOf\":{\"@id\":\"https:\\\/\\\/autofans.com.ar\\\/index.php\\\/2024\\\/11\\\/27\\\/125-anos-de-fiat-un-viaje-por-su-impacto-cultural-e-industrial-en-italia\\\/\"},\"author\":{\"name\":\"Alejandro Gabriel Rosito\",\"@id\":\"https:\\\/\\\/autofans.com.ar\\\/#\\\/schema\\\/person\\\/4a8dda0b6df83ac3d6723e921274c2aa\"},\"headline\":\"125 a\u00f1os de FIAT, un viaje por su impacto cultural e industrial en Italia\",\"datePublished\":\"2024-11-27T22:33:18+00:00\",\"dateModified\":\"2024-11-28T19:40:06+00:00\",\"mainEntityOfPage\":{\"@id\":\"https:\\\/\\\/autofans.com.ar\\\/index.php\\\/2024\\\/11\\\/27\\\/125-anos-de-fiat-un-viaje-por-su-impacto-cultural-e-industrial-en-italia\\\/\"},\"wordCount\":381,\"image\":{\"@id\":\"https:\\\/\\\/autofans.com.ar\\\/index.php\\\/2024\\\/11\\\/27\\\/125-anos-de-fiat-un-viaje-por-su-impacto-cultural-e-industrial-en-italia\\\/#primaryimage\"},\"thumbnailUrl\":\"https:\\\/\\\/autofans.com.ar\\\/wp-content\\\/uploads\\\/2024\\\/11\\\/fiat-5.jpg\",\"keywords\":[\"autos ic\u00f3nicos FIAT\",\"exposici\u00f3n FIAT 125 aniversario\",\"Fiat 125 a\u00f1os\",\"FIAT Tur\u00edn 2025\",\"historia de FIAT\",\"Museo Nazionale dell'Automobile\"],\"articleSection\":[\"EMPRESAS\",\"NOTICIAS\"],\"inLanguage\":\"es\"},{\"@type\":\"WebPage\",\"@id\":\"https:\\\/\\\/autofans.com.ar\\\/index.php\\\/2024\\\/11\\\/27\\\/125-anos-de-fiat-un-viaje-por-su-impacto-cultural-e-industrial-en-italia\\\/\",\"url\":\"https:\\\/\\\/autofans.com.ar\\\/index.php\\\/2024\\\/11\\\/27\\\/125-anos-de-fiat-un-viaje-por-su-impacto-cultural-e-industrial-en-italia\\\/\",\"name\":\"125 a\u00f1os de FIAT, un viaje por su impacto cultural e industrial en Italia -\",\"isPartOf\":{\"@id\":\"https:\\\/\\\/autofans.com.ar\\\/#website\"},\"primaryImageOfPage\":{\"@id\":\"https:\\\/\\\/autofans.com.ar\\\/index.php\\\/2024\\\/11\\\/27\\\/125-anos-de-fiat-un-viaje-por-su-impacto-cultural-e-industrial-en-italia\\\/#primaryimage\"},\"image\":{\"@id\":\"https:\\\/\\\/autofans.com.ar\\\/index.php\\\/2024\\\/11\\\/27\\\/125-anos-de-fiat-un-viaje-por-su-impacto-cultural-e-industrial-en-italia\\\/#primaryimage\"},\"thumbnailUrl\":\"https:\\\/\\\/autofans.com.ar\\\/wp-content\\\/uploads\\\/2024\\\/11\\\/fiat-5.jpg\",\"datePublished\":\"2024-11-27T22:33:18+00:00\",\"dateModified\":\"2024-11-28T19:40:06+00:00\",\"author\":{\"@id\":\"https:\\\/\\\/autofans.com.ar\\\/#\\\/schema\\\/person\\\/4a8dda0b6df83ac3d6723e921274c2aa\"},\"description\":\"En los 125 a\u00f1os de FIAT, el Museo Nazionale dell'Automobile de Tur\u00edn presenta una exposici\u00f3n que recorre m\u00e1s de un siglo de historia...\",\"breadcrumb\":{\"@id\":\"https:\\\/\\\/autofans.com.ar\\\/index.php\\\/2024\\\/11\\\/27\\\/125-anos-de-fiat-un-viaje-por-su-impacto-cultural-e-industrial-en-italia\\\/#breadcrumb\"},\"inLanguage\":\"es\",\"potentialAction\":[{\"@type\":\"ReadAction\",\"target\":[\"https:\\\/\\\/autofans.com.ar\\\/index.php\\\/2024\\\/11\\\/27\\\/125-anos-de-fiat-un-viaje-por-su-impacto-cultural-e-industrial-en-italia\\\/\"]}]},{\"@type\":\"ImageObject\",\"inLanguage\":\"es\",\"@id\":\"https:\\\/\\\/autofans.com.ar\\\/index.php\\\/2024\\\/11\\\/27\\\/125-anos-de-fiat-un-viaje-por-su-impacto-cultural-e-industrial-en-italia\\\/#primaryimage\",\"url\":\"https:\\\/\\\/autofans.com.ar\\\/wp-content\\\/uploads\\\/2024\\\/11\\\/fiat-5.jpg\",\"contentUrl\":\"https:\\\/\\\/autofans.com.ar\\\/wp-content\\\/uploads\\\/2024\\\/11\\\/fiat-5.jpg\",\"width\":1000,\"height\":667,\"caption\":\"FIAT\"},{\"@type\":\"BreadcrumbList\",\"@id\":\"https:\\\/\\\/autofans.com.ar\\\/index.php\\\/2024\\\/11\\\/27\\\/125-anos-de-fiat-un-viaje-por-su-impacto-cultural-e-industrial-en-italia\\\/#breadcrumb\",\"itemListElement\":[{\"@type\":\"ListItem\",\"position\":1,\"name\":\"Inicio\",\"item\":\"https:\\\/\\\/autofans.com.ar\\\/\"},{\"@type\":\"ListItem\",\"position\":2,\"name\":\"125 a\u00f1os de FIAT, un viaje por su impacto cultural e industrial en Italia\"}]},{\"@type\":\"WebSite\",\"@id\":\"https:\\\/\\\/autofans.com.ar\\\/#website\",\"url\":\"https:\\\/\\\/autofans.com.ar\\\/\",\"name\":\"\",\"description\":\"El multimedio referente de la industria automotriz\",\"potentialAction\":[{\"@type\":\"SearchAction\",\"target\":{\"@type\":\"EntryPoint\",\"urlTemplate\":\"https:\\\/\\\/autofans.com.ar\\\/?s={search_term_string}\"},\"query-input\":{\"@type\":\"PropertyValueSpecification\",\"valueRequired\":true,\"valueName\":\"search_term_string\"}}],\"inLanguage\":\"es\"},{\"@type\":\"Person\",\"@id\":\"https:\\\/\\\/autofans.com.ar\\\/#\\\/schema\\\/person\\\/4a8dda0b6df83ac3d6723e921274c2aa\",\"name\":\"Alejandro Gabriel Rosito\",\"image\":{\"@type\":\"ImageObject\",\"inLanguage\":\"es\",\"@id\":\"https:\\\/\\\/secure.gravatar.com\\\/avatar\\\/16c5dda1489adfc62618084dcbb91cffd879c374b13fe5dd8e44ed6733852c88?s=96&d=mm&r=g\",\"url\":\"https:\\\/\\\/secure.gravatar.com\\\/avatar\\\/16c5dda1489adfc62618084dcbb91cffd879c374b13fe5dd8e44ed6733852c88?s=96&d=mm&r=g\",\"contentUrl\":\"https:\\\/\\\/secure.gravatar.com\\\/avatar\\\/16c5dda1489adfc62618084dcbb91cffd879c374b13fe5dd8e44ed6733852c88?s=96&d=mm&r=g\",\"caption\":\"Alejandro Gabriel Rosito\"},\"url\":\"https:\\\/\\\/autofans.com.ar\\\/index.php\\\/author\\\/gabrielr\\\/\"}]}<\/script>\n<!-- \/ Yoast SEO plugin. -->","yoast_head_json":{"title":"125 a\u00f1os de FIAT, un viaje por su impacto cultural e industrial en Italia -","description":"En los 125 a\u00f1os de FIAT, el Museo Nazionale dell'Automobile de Tur\u00edn presenta una exposici\u00f3n que recorre m\u00e1s de un siglo de historia...","robots":{"index":"index","follow":"follow","max-snippet":"max-snippet:-1","max-image-preview":"max-image-preview:large","max-video-preview":"max-video-preview:-1"},"canonical":"https:\/\/autofans.com.ar\/index.php\/2024\/11\/27\/125-anos-de-fiat-un-viaje-por-su-impacto-cultural-e-industrial-en-italia\/","og_locale":"es_ES","og_type":"article","og_title":"125 a\u00f1os de FIAT, un viaje por su impacto cultural e industrial en Italia -","og_description":"En los 125 a\u00f1os de FIAT, el Museo Nazionale dell'Automobile de Tur\u00edn presenta una exposici\u00f3n que recorre m\u00e1s de un siglo de historia...","og_url":"https:\/\/autofans.com.ar\/index.php\/2024\/11\/27\/125-anos-de-fiat-un-viaje-por-su-impacto-cultural-e-industrial-en-italia\/","article_published_time":"2024-11-27T22:33:18+00:00","article_modified_time":"2024-11-28T19:40:06+00:00","og_image":[{"width":1000,"height":667,"url":"https:\/\/autofans.com.ar\/wp-content\/uploads\/2024\/11\/fiat-5.jpg","type":"image\/jpeg"}],"author":"Alejandro Gabriel Rosito","twitter_card":"summary_large_image","twitter_misc":{"Escrito por":"Alejandro Gabriel Rosito","Tiempo de lectura":"2 minutos"},"schema":{"@context":"https:\/\/schema.org","@graph":[{"@type":"Article","@id":"https:\/\/autofans.com.ar\/index.php\/2024\/11\/27\/125-anos-de-fiat-un-viaje-por-su-impacto-cultural-e-industrial-en-italia\/#article","isPartOf":{"@id":"https:\/\/autofans.com.ar\/index.php\/2024\/11\/27\/125-anos-de-fiat-un-viaje-por-su-impacto-cultural-e-industrial-en-italia\/"},"author":{"name":"Alejandro Gabriel Rosito","@id":"https:\/\/autofans.com.ar\/#\/schema\/person\/4a8dda0b6df83ac3d6723e921274c2aa"},"headline":"125 a\u00f1os de FIAT, un viaje por su impacto cultural e industrial en Italia","datePublished":"2024-11-27T22:33:18+00:00","dateModified":"2024-11-28T19:40:06+00:00","mainEntityOfPage":{"@id":"https:\/\/autofans.com.ar\/index.php\/2024\/11\/27\/125-anos-de-fiat-un-viaje-por-su-impacto-cultural-e-industrial-en-italia\/"},"wordCount":381,"image":{"@id":"https:\/\/autofans.com.ar\/index.php\/2024\/11\/27\/125-anos-de-fiat-un-viaje-por-su-impacto-cultural-e-industrial-en-italia\/#primaryimage"},"thumbnailUrl":"https:\/\/autofans.com.ar\/wp-content\/uploads\/2024\/11\/fiat-5.jpg","keywords":["autos ic\u00f3nicos FIAT","exposici\u00f3n FIAT 125 aniversario","Fiat 125 a\u00f1os","FIAT Tur\u00edn 2025","historia de FIAT","Museo Nazionale dell'Automobile"],"articleSection":["EMPRESAS","NOTICIAS"],"inLanguage":"es"},{"@type":"WebPage","@id":"https:\/\/autofans.com.ar\/index.php\/2024\/11\/27\/125-anos-de-fiat-un-viaje-por-su-impacto-cultural-e-industrial-en-italia\/","url":"https:\/\/autofans.com.ar\/index.php\/2024\/11\/27\/125-anos-de-fiat-un-viaje-por-su-impacto-cultural-e-industrial-en-italia\/","name":"125 a\u00f1os de FIAT, un viaje por su impacto cultural e industrial en Italia -","isPartOf":{"@id":"https:\/\/autofans.com.ar\/#website"},"primaryImageOfPage":{"@id":"https:\/\/autofans.com.ar\/index.php\/2024\/11\/27\/125-anos-de-fiat-un-viaje-por-su-impacto-cultural-e-industrial-en-italia\/#primaryimage"},"image":{"@id":"https:\/\/autofans.com.ar\/index.php\/2024\/11\/27\/125-anos-de-fiat-un-viaje-por-su-impacto-cultural-e-industrial-en-italia\/#primaryimage"},"thumbnailUrl":"https:\/\/autofans.com.ar\/wp-content\/uploads\/2024\/11\/fiat-5.jpg","datePublished":"2024-11-27T22:33:18+00:00","dateModified":"2024-11-28T19:40:06+00:00","author":{"@id":"https:\/\/autofans.com.ar\/#\/schema\/person\/4a8dda0b6df83ac3d6723e921274c2aa"},"description":"En los 125 a\u00f1os de FIAT, el Museo Nazionale dell'Automobile de Tur\u00edn presenta una exposici\u00f3n que recorre m\u00e1s de un siglo de historia...","breadcrumb":{"@id":"https:\/\/autofans.com.ar\/index.php\/2024\/11\/27\/125-anos-de-fiat-un-viaje-por-su-impacto-cultural-e-industrial-en-italia\/#breadcrumb"},"inLanguage":"es","potentialAction":[{"@type":"ReadAction","target":["https:\/\/autofans.com.ar\/index.php\/2024\/11\/27\/125-anos-de-fiat-un-viaje-por-su-impacto-cultural-e-industrial-en-italia\/"]}]},{"@type":"ImageObject","inLanguage":"es","@id":"https:\/\/autofans.com.ar\/index.php\/2024\/11\/27\/125-anos-de-fiat-un-viaje-por-su-impacto-cultural-e-industrial-en-italia\/#primaryimage","url":"https:\/\/autofans.com.ar\/wp-content\/uploads\/2024\/11\/fiat-5.jpg","contentUrl":"https:\/\/autofans.com.ar\/wp-content\/uploads\/2024\/11\/fiat-5.jpg","width":1000,"height":667,"caption":"FIAT"},{"@type":"BreadcrumbList","@id":"https:\/\/autofans.com.ar\/index.php\/2024\/11\/27\/125-anos-de-fiat-un-viaje-por-su-impacto-cultural-e-industrial-en-italia\/#breadcrumb","itemListElement":[{"@type":"ListItem","position":1,"name":"Inicio","item":"https:\/\/autofans.com.ar\/"},{"@type":"ListItem","position":2,"name":"125 a\u00f1os de FIAT, un viaje por su impacto cultural e industrial en Italia"}]},{"@type":"WebSite","@id":"https:\/\/autofans.com.ar\/#website","url":"https:\/\/autofans.com.ar\/","name":"","description":"El multimedio referente de la industria automotriz","potentialAction":[{"@type":"SearchAction","target":{"@type":"EntryPoint","urlTemplate":"https:\/\/autofans.com.ar\/?s={search_term_string}"},"query-input":{"@type":"PropertyValueSpecification","valueRequired":true,"valueName":"search_term_string"}}],"inLanguage":"es"},{"@type":"Person","@id":"https:\/\/autofans.com.ar\/#\/schema\/person\/4a8dda0b6df83ac3d6723e921274c2aa","name":"Alejandro Gabriel Rosito","image":{"@type":"ImageObject","inLanguage":"es","@id":"https:\/\/secure.gravatar.com\/avatar\/16c5dda1489adfc62618084dcbb91cffd879c374b13fe5dd8e44ed6733852c88?s=96&d=mm&r=g","url":"https:\/\/secure.gravatar.com\/avatar\/16c5dda1489adfc62618084dcbb91cffd879c374b13fe5dd8e44ed6733852c88?s=96&d=mm&r=g","contentUrl":"https:\/\/secure.gravatar.com\/avatar\/16c5dda1489adfc62618084dcbb91cffd879c374b13fe5dd8e44ed6733852c88?s=96&d=mm&r=g","caption":"Alejandro Gabriel Rosito"},"url":"https:\/\/autofans.com.ar\/index.php\/author\/gabrielr\/"}]}},"featured_image_urls":{"full":["https:\/\/autofans.com.ar\/wp-content\/uploads\/2024\/11\/fiat-5.jpg",1000,667,false],"thumbnail":["https:\/\/autofans.com.ar\/wp-content\/uploads\/2024\/11\/fiat-5-150x150.jpg",150,150,true],"medium":["https:\/\/autofans.com.ar\/wp-content\/uploads\/2024\/11\/fiat-5-300x200.jpg",300,200,true],"medium_large":["https:\/\/autofans.com.ar\/wp-content\/uploads\/2024\/11\/fiat-5-768x512.jpg",640,427,true],"large":["https:\/\/autofans.com.ar\/wp-content\/uploads\/2024\/11\/fiat-5.jpg",640,427,false],"1536x1536":["https:\/\/autofans.com.ar\/wp-content\/uploads\/2024\/11\/fiat-5.jpg",1000,667,false],"2048x2048":["https:\/\/autofans.com.ar\/wp-content\/uploads\/2024\/11\/fiat-5.jpg",1000,667,false],"covernews-featured":["https:\/\/autofans.com.ar\/wp-content\/uploads\/2024\/11\/fiat-5.jpg",1000,667,false],"covernews-medium":["https:\/\/autofans.com.ar\/wp-content\/uploads\/2024\/11\/fiat-5-540x340.jpg",540,340,true]},"author_info":{"display_name":"Alejandro Gabriel Rosito","author_link":"https:\/\/autofans.com.ar\/index.php\/author\/gabrielr\/"},"category_info":"<a href=\"https:\/\/autofans.com.ar\/index.php\/category\/noticias\/empresas\/\" rel=\"category tag\">EMPRESAS<\/a> <a href=\"https:\/\/autofans.com.ar\/index.php\/category\/noticias\/\" rel=\"category tag\">NOTICIAS<\/a>","tag_info":"NOTICIAS","comment_count":0,"_links":{"self":[{"href":"https:\/\/autofans.com.ar\/index.php\/wp-json\/wp\/v2\/posts\/10021","targetHints":{"allow":["GET"]}}],"collection":[{"href":"https:\/\/autofans.com.ar\/index.php\/wp-json\/wp\/v2\/posts"}],"about":[{"href":"https:\/\/autofans.com.ar\/index.php\/wp-json\/wp\/v2\/types\/post"}],"author":[{"embeddable":true,"href":"https:\/\/autofans.com.ar\/index.php\/wp-json\/wp\/v2\/users\/2"}],"replies":[{"embeddable":true,"href":"https:\/\/autofans.com.ar\/index.php\/wp-json\/wp\/v2\/comments?post=10021"}],"version-history":[{"count":1,"href":"https:\/\/autofans.com.ar\/index.php\/wp-json\/wp\/v2\/posts\/10021\/revisions"}],"predecessor-version":[{"id":10027,"href":"https:\/\/autofans.com.ar\/index.php\/wp-json\/wp\/v2\/posts\/10021\/revisions\/10027"}],"wp:featuredmedia":[{"embeddable":true,"href":"https:\/\/autofans.com.ar\/index.php\/wp-json\/wp\/v2\/media\/10022"}],"wp:attachment":[{"href":"https:\/\/autofans.com.ar\/index.php\/wp-json\/wp\/v2\/media?parent=10021"}],"wp:term":[{"taxonomy":"category","embeddable":true,"href":"https:\/\/autofans.com.ar\/index.php\/wp-json\/wp\/v2\/categories?post=10021"},{"taxonomy":"post_tag","embeddable":true,"href":"https:\/\/autofans.com.ar\/index.php\/wp-json\/wp\/v2\/tags?post=10021"}],"curies":[{"name":"wp","href":"https:\/\/api.w.org\/{rel}","templated":true}]}}