{"id":10028,"date":"2024-11-28T17:11:08","date_gmt":"2024-11-28T20:11:08","guid":{"rendered":"https:\/\/autofans.com.ar\/?p=10028"},"modified":"2024-11-28T18:20:57","modified_gmt":"2024-11-28T21:20:57","slug":"ds-automobiles-anticipa-un-futuro-electrico-con-750-km-de-autonomia","status":"publish","type":"post","link":"https:\/\/autofans.com.ar\/index.php\/2024\/11\/28\/ds-automobiles-anticipa-un-futuro-electrico-con-750-km-de-autonomia\/","title":{"rendered":"DS Automobiles anticipa un futuro el\u00e9ctrico con 750 km de autonom\u00eda"},"content":{"rendered":"<p>El nuevo modelo 100% el\u00e9ctrico de DS promete revolucionar la movilidad con tecnolog\u00eda avanzada y dise\u00f1o inspirado en la F\u00f3rmula E.<\/p>\n<p>&nbsp;<\/p>\n<h2>Camuflaje y aerodin\u00e1mica as\u00ed se prueba el pr\u00f3ximo auto el\u00e9ctrico de DS<\/h2>\n<p>&nbsp;<\/p>\n<p><img fetchpriority=\"high\" decoding=\"async\" class=\"aligncenter wp-image-10029 size-full\" src=\"https:\/\/autofans.com.ar\/wp-content\/uploads\/2024\/11\/ds-752.jpg\" alt=\"DS Automobiles\" width=\"1000\" height=\"667\" srcset=\"https:\/\/autofans.com.ar\/wp-content\/uploads\/2024\/11\/ds-752.jpg 1000w, https:\/\/autofans.com.ar\/wp-content\/uploads\/2024\/11\/ds-752-300x200.jpg 300w, https:\/\/autofans.com.ar\/wp-content\/uploads\/2024\/11\/ds-752-768x512.jpg 768w\" sizes=\"(max-width: 1000px) 100vw, 1000px\" \/><\/p>\n<p>&nbsp;<\/p>\n<p>DS Automobiles avanza en el desarrollo de su pr\u00f3ximo modelo el\u00e9ctrico. M\u00e1s de cincuenta unidades de preproducci\u00f3n, cubiertas con un llamativo camuflaje negro y dorado, ya recorren las carreteras de Francia en la etapa final de pruebas. Este dise\u00f1o, inspirado en el DS E-TENSE FE25 del Campeonato Mundial de F\u00f3rmula E, da pistas sobre las l\u00edneas elegantes y aerodin\u00e1micas del futuro veh\u00edculo.<\/p>\n<p>&nbsp;<\/p>\n<h2>DS Automobiles revoluciona el futuro con su auto el\u00e9ctrico<\/h2>\n<p>El nuevo modelo ofrecer\u00e1 una autonom\u00eda de 750 km seg\u00fan el ciclo combinado WLTP, posicion\u00e1ndose como uno de los l\u00edderes en el segmento el\u00e9ctrico. Este rendimiento excepcional es el resultado de innovaciones en aerodin\u00e1mica y la implementaci\u00f3n de tecnolog\u00eda de \u00faltima generaci\u00f3n por parte de DS <a href=\"https:\/\/autofans.com.ar\/index.php\/2024\/04\/26\/ds-automobiles-revela-el-grand-gala-para-el-monaco-e-prix\/\" target=\"_blank\" rel=\"noopener\">Automobiles<\/a>.<\/p>\n<p>&nbsp;<\/p>\n<p><img decoding=\"async\" class=\"aligncenter wp-image-10031 size-full\" src=\"https:\/\/autofans.com.ar\/wp-content\/uploads\/2024\/11\/ds-750.jpg\" alt=\"DS Automobiles\" width=\"1000\" height=\"667\" srcset=\"https:\/\/autofans.com.ar\/wp-content\/uploads\/2024\/11\/ds-750.jpg 1000w, https:\/\/autofans.com.ar\/wp-content\/uploads\/2024\/11\/ds-750-300x200.jpg 300w, https:\/\/autofans.com.ar\/wp-content\/uploads\/2024\/11\/ds-750-768x512.jpg 768w\" sizes=\"(max-width: 1000px) 100vw, 1000px\" \/><\/p>\n<p>&nbsp;<\/p>\n<p>Aunque la presentaci\u00f3n oficial est\u00e1 pendiente, este avance refuerza el compromiso de la marca con la sostenibilidad y la movilidad el\u00e9ctrica, marcando un hito en el camino hacia el futuro de los autom\u00f3viles.<\/p>\n<p>&nbsp;<\/p>\n<p>&nbsp;<\/p>\n<p><i>Para enterarte de m\u00e1s novedades, no dejes de leer\u00a0<\/i><a href=\"https:\/\/autofans.thebrandsoup.com\/\"><i>nuestras notas<\/i><\/a><i>, de ver<\/i><b><i>\u00a0<\/i><\/b><a href=\"https:\/\/www.youtube.com\/channel\/UCgAC8UGHZYbT6P7PpmVnP7g\"><b><i>AUTOFANS TV<\/i><\/b><\/a><b><i>\u00a0<\/i><\/b><i>en nuestro\u00a0canal de Youtube. Adem\u00e1s seguinos en\u00a0<\/i><a href=\"https:\/\/www.instagram.com\/autofanstv\/\"><i>INSTAGRAM<\/i><\/a><i> y <\/i><a href=\"https:\/\/www.facebook.com\/autofansmas\/\"><i>FACEBOOK<\/i><\/a><i> para no perderte nada sobre las novedades del segmento automotor de Argentina y el mundo.<\/i><\/p>\n","protected":false},"excerpt":{"rendered":"<p>El nuevo modelo 100% el\u00e9ctrico de DS promete revolucionar la movilidad con tecnolog\u00eda avanzada y&#8230;<\/p>\n","protected":false},"author":2,"featured_media":10030,"comment_status":"closed","ping_status":"closed","sticky":false,"template":"","format":"standard","meta":{"footnotes":""},"categories":[341,16],"tags":[2549,5440,440,5439,545,5438,267,125,5437],"class_list":["post-10028","post","type-post","status-publish","format-standard","has-post-thumbnail","hentry","category-hibridos-y-electricos","category-noticias","tag-autonomia-electrica","tag-autos-de-lujo-electricos","tag-autos-electricos","tag-diseno-aerodinamico","tag-ds-automobiles","tag-ds-e-tense","tag-formula-e","tag-movilidad-sostenible","tag-tecnologia-ds"],"yoast_head":"<!-- This site is optimized with the Yoast SEO plugin v27.5 - https:\/\/yoast.com\/product\/yoast-seo-wordpress\/ -->\n<title>DS Automobiles anticipa un futuro el\u00e9ctrico con 750 km de autonom\u00eda -<\/title>\n<meta name=\"description\" content=\"El nuevo modelo 100% el\u00e9ctrico de DS Automobiles promete revolucionar la movilidad con tecnolog\u00eda avanzada y dise\u00f1o inspirado en la F\u00f3rmula E\" \/>\n<meta name=\"robots\" content=\"index, follow, max-snippet:-1, max-image-preview:large, max-video-preview:-1\" \/>\n<link rel=\"canonical\" href=\"https:\/\/autofans.com.ar\/index.php\/2024\/11\/28\/ds-automobiles-anticipa-un-futuro-electrico-con-750-km-de-autonomia\/\" \/>\n<meta property=\"og:locale\" content=\"es_ES\" \/>\n<meta property=\"og:type\" content=\"article\" \/>\n<meta property=\"og:title\" content=\"DS Automobiles anticipa un futuro el\u00e9ctrico con 750 km de autonom\u00eda -\" \/>\n<meta property=\"og:description\" content=\"El nuevo modelo 100% el\u00e9ctrico de DS Automobiles promete revolucionar la movilidad con tecnolog\u00eda avanzada y dise\u00f1o inspirado en la F\u00f3rmula E\" \/>\n<meta property=\"og:url\" content=\"https:\/\/autofans.com.ar\/index.php\/2024\/11\/28\/ds-automobiles-anticipa-un-futuro-electrico-con-750-km-de-autonomia\/\" \/>\n<meta property=\"article:published_time\" content=\"2024-11-28T20:11:08+00:00\" \/>\n<meta property=\"article:modified_time\" content=\"2024-11-28T21:20:57+00:00\" \/>\n<meta property=\"og:image\" content=\"https:\/\/autofans.com.ar\/wp-content\/uploads\/2024\/11\/ds-751.jpg\" \/>\n\t<meta property=\"og:image:width\" content=\"1000\" \/>\n\t<meta property=\"og:image:height\" content=\"667\" \/>\n\t<meta property=\"og:image:type\" content=\"image\/jpeg\" \/>\n<meta name=\"author\" content=\"Alejandro Gabriel Rosito\" \/>\n<meta name=\"twitter:card\" content=\"summary_large_image\" \/>\n<meta name=\"twitter:label1\" content=\"Escrito por\" \/>\n\t<meta name=\"twitter:data1\" content=\"Alejandro Gabriel Rosito\" \/>\n\t<meta name=\"twitter:label2\" content=\"Tiempo de lectura\" \/>\n\t<meta name=\"twitter:data2\" content=\"2 minutos\" \/>\n<script type=\"application\/ld+json\" class=\"yoast-schema-graph\">{\"@context\":\"https:\\\/\\\/schema.org\",\"@graph\":[{\"@type\":\"Article\",\"@id\":\"https:\\\/\\\/autofans.com.ar\\\/index.php\\\/2024\\\/11\\\/28\\\/ds-automobiles-anticipa-un-futuro-electrico-con-750-km-de-autonomia\\\/#article\",\"isPartOf\":{\"@id\":\"https:\\\/\\\/autofans.com.ar\\\/index.php\\\/2024\\\/11\\\/28\\\/ds-automobiles-anticipa-un-futuro-electrico-con-750-km-de-autonomia\\\/\"},\"author\":{\"name\":\"Alejandro Gabriel Rosito\",\"@id\":\"https:\\\/\\\/autofans.com.ar\\\/#\\\/schema\\\/person\\\/4a8dda0b6df83ac3d6723e921274c2aa\"},\"headline\":\"DS Automobiles anticipa un futuro el\u00e9ctrico con 750 km de autonom\u00eda\",\"datePublished\":\"2024-11-28T20:11:08+00:00\",\"dateModified\":\"2024-11-28T21:20:57+00:00\",\"mainEntityOfPage\":{\"@id\":\"https:\\\/\\\/autofans.com.ar\\\/index.php\\\/2024\\\/11\\\/28\\\/ds-automobiles-anticipa-un-futuro-electrico-con-750-km-de-autonomia\\\/\"},\"wordCount\":274,\"image\":{\"@id\":\"https:\\\/\\\/autofans.com.ar\\\/index.php\\\/2024\\\/11\\\/28\\\/ds-automobiles-anticipa-un-futuro-electrico-con-750-km-de-autonomia\\\/#primaryimage\"},\"thumbnailUrl\":\"https:\\\/\\\/autofans.com.ar\\\/wp-content\\\/uploads\\\/2024\\\/11\\\/ds-751.jpg\",\"keywords\":[\"autonom\u00eda el\u00e9ctrica\",\"autos de lujo el\u00e9ctricos\",\"autos el\u00e9ctricos\",\"dise\u00f1o aerodin\u00e1mico\",\"DS Automobiles\",\"DS E-TENSE\",\"F\u00f3rmula E\",\"Movilidad Sostenible\",\"tecnolog\u00eda DS\"],\"articleSection\":[\"HIBRIDOS, ELECTRICOS y otros\",\"NOTICIAS\"],\"inLanguage\":\"es\"},{\"@type\":\"WebPage\",\"@id\":\"https:\\\/\\\/autofans.com.ar\\\/index.php\\\/2024\\\/11\\\/28\\\/ds-automobiles-anticipa-un-futuro-electrico-con-750-km-de-autonomia\\\/\",\"url\":\"https:\\\/\\\/autofans.com.ar\\\/index.php\\\/2024\\\/11\\\/28\\\/ds-automobiles-anticipa-un-futuro-electrico-con-750-km-de-autonomia\\\/\",\"name\":\"DS Automobiles anticipa un futuro el\u00e9ctrico con 750 km de autonom\u00eda -\",\"isPartOf\":{\"@id\":\"https:\\\/\\\/autofans.com.ar\\\/#website\"},\"primaryImageOfPage\":{\"@id\":\"https:\\\/\\\/autofans.com.ar\\\/index.php\\\/2024\\\/11\\\/28\\\/ds-automobiles-anticipa-un-futuro-electrico-con-750-km-de-autonomia\\\/#primaryimage\"},\"image\":{\"@id\":\"https:\\\/\\\/autofans.com.ar\\\/index.php\\\/2024\\\/11\\\/28\\\/ds-automobiles-anticipa-un-futuro-electrico-con-750-km-de-autonomia\\\/#primaryimage\"},\"thumbnailUrl\":\"https:\\\/\\\/autofans.com.ar\\\/wp-content\\\/uploads\\\/2024\\\/11\\\/ds-751.jpg\",\"datePublished\":\"2024-11-28T20:11:08+00:00\",\"dateModified\":\"2024-11-28T21:20:57+00:00\",\"author\":{\"@id\":\"https:\\\/\\\/autofans.com.ar\\\/#\\\/schema\\\/person\\\/4a8dda0b6df83ac3d6723e921274c2aa\"},\"description\":\"El nuevo modelo 100% el\u00e9ctrico de DS Automobiles promete revolucionar la movilidad con tecnolog\u00eda avanzada y dise\u00f1o inspirado en la F\u00f3rmula E\",\"breadcrumb\":{\"@id\":\"https:\\\/\\\/autofans.com.ar\\\/index.php\\\/2024\\\/11\\\/28\\\/ds-automobiles-anticipa-un-futuro-electrico-con-750-km-de-autonomia\\\/#breadcrumb\"},\"inLanguage\":\"es\",\"potentialAction\":[{\"@type\":\"ReadAction\",\"target\":[\"https:\\\/\\\/autofans.com.ar\\\/index.php\\\/2024\\\/11\\\/28\\\/ds-automobiles-anticipa-un-futuro-electrico-con-750-km-de-autonomia\\\/\"]}]},{\"@type\":\"ImageObject\",\"inLanguage\":\"es\",\"@id\":\"https:\\\/\\\/autofans.com.ar\\\/index.php\\\/2024\\\/11\\\/28\\\/ds-automobiles-anticipa-un-futuro-electrico-con-750-km-de-autonomia\\\/#primaryimage\",\"url\":\"https:\\\/\\\/autofans.com.ar\\\/wp-content\\\/uploads\\\/2024\\\/11\\\/ds-751.jpg\",\"contentUrl\":\"https:\\\/\\\/autofans.com.ar\\\/wp-content\\\/uploads\\\/2024\\\/11\\\/ds-751.jpg\",\"width\":1000,\"height\":667,\"caption\":\"DS Automobiles\"},{\"@type\":\"BreadcrumbList\",\"@id\":\"https:\\\/\\\/autofans.com.ar\\\/index.php\\\/2024\\\/11\\\/28\\\/ds-automobiles-anticipa-un-futuro-electrico-con-750-km-de-autonomia\\\/#breadcrumb\",\"itemListElement\":[{\"@type\":\"ListItem\",\"position\":1,\"name\":\"Inicio\",\"item\":\"https:\\\/\\\/autofans.com.ar\\\/\"},{\"@type\":\"ListItem\",\"position\":2,\"name\":\"DS Automobiles anticipa un futuro el\u00e9ctrico con 750 km de autonom\u00eda\"}]},{\"@type\":\"WebSite\",\"@id\":\"https:\\\/\\\/autofans.com.ar\\\/#website\",\"url\":\"https:\\\/\\\/autofans.com.ar\\\/\",\"name\":\"\",\"description\":\"El multimedio referente de la industria automotriz\",\"potentialAction\":[{\"@type\":\"SearchAction\",\"target\":{\"@type\":\"EntryPoint\",\"urlTemplate\":\"https:\\\/\\\/autofans.com.ar\\\/?s={search_term_string}\"},\"query-input\":{\"@type\":\"PropertyValueSpecification\",\"valueRequired\":true,\"valueName\":\"search_term_string\"}}],\"inLanguage\":\"es\"},{\"@type\":\"Person\",\"@id\":\"https:\\\/\\\/autofans.com.ar\\\/#\\\/schema\\\/person\\\/4a8dda0b6df83ac3d6723e921274c2aa\",\"name\":\"Alejandro Gabriel Rosito\",\"image\":{\"@type\":\"ImageObject\",\"inLanguage\":\"es\",\"@id\":\"https:\\\/\\\/secure.gravatar.com\\\/avatar\\\/16c5dda1489adfc62618084dcbb91cffd879c374b13fe5dd8e44ed6733852c88?s=96&d=mm&r=g\",\"url\":\"https:\\\/\\\/secure.gravatar.com\\\/avatar\\\/16c5dda1489adfc62618084dcbb91cffd879c374b13fe5dd8e44ed6733852c88?s=96&d=mm&r=g\",\"contentUrl\":\"https:\\\/\\\/secure.gravatar.com\\\/avatar\\\/16c5dda1489adfc62618084dcbb91cffd879c374b13fe5dd8e44ed6733852c88?s=96&d=mm&r=g\",\"caption\":\"Alejandro Gabriel Rosito\"},\"url\":\"https:\\\/\\\/autofans.com.ar\\\/index.php\\\/author\\\/gabrielr\\\/\"}]}<\/script>\n<!-- \/ Yoast SEO plugin. -->","yoast_head_json":{"title":"DS Automobiles anticipa un futuro el\u00e9ctrico con 750 km de autonom\u00eda -","description":"El nuevo modelo 100% el\u00e9ctrico de DS Automobiles promete revolucionar la movilidad con tecnolog\u00eda avanzada y dise\u00f1o inspirado en la F\u00f3rmula E","robots":{"index":"index","follow":"follow","max-snippet":"max-snippet:-1","max-image-preview":"max-image-preview:large","max-video-preview":"max-video-preview:-1"},"canonical":"https:\/\/autofans.com.ar\/index.php\/2024\/11\/28\/ds-automobiles-anticipa-un-futuro-electrico-con-750-km-de-autonomia\/","og_locale":"es_ES","og_type":"article","og_title":"DS Automobiles anticipa un futuro el\u00e9ctrico con 750 km de autonom\u00eda -","og_description":"El nuevo modelo 100% el\u00e9ctrico de DS Automobiles promete revolucionar la movilidad con tecnolog\u00eda avanzada y dise\u00f1o inspirado en la F\u00f3rmula E","og_url":"https:\/\/autofans.com.ar\/index.php\/2024\/11\/28\/ds-automobiles-anticipa-un-futuro-electrico-con-750-km-de-autonomia\/","article_published_time":"2024-11-28T20:11:08+00:00","article_modified_time":"2024-11-28T21:20:57+00:00","og_image":[{"width":1000,"height":667,"url":"https:\/\/autofans.com.ar\/wp-content\/uploads\/2024\/11\/ds-751.jpg","type":"image\/jpeg"}],"author":"Alejandro Gabriel Rosito","twitter_card":"summary_large_image","twitter_misc":{"Escrito por":"Alejandro Gabriel Rosito","Tiempo de lectura":"2 minutos"},"schema":{"@context":"https:\/\/schema.org","@graph":[{"@type":"Article","@id":"https:\/\/autofans.com.ar\/index.php\/2024\/11\/28\/ds-automobiles-anticipa-un-futuro-electrico-con-750-km-de-autonomia\/#article","isPartOf":{"@id":"https:\/\/autofans.com.ar\/index.php\/2024\/11\/28\/ds-automobiles-anticipa-un-futuro-electrico-con-750-km-de-autonomia\/"},"author":{"name":"Alejandro Gabriel Rosito","@id":"https:\/\/autofans.com.ar\/#\/schema\/person\/4a8dda0b6df83ac3d6723e921274c2aa"},"headline":"DS Automobiles anticipa un futuro el\u00e9ctrico con 750 km de autonom\u00eda","datePublished":"2024-11-28T20:11:08+00:00","dateModified":"2024-11-28T21:20:57+00:00","mainEntityOfPage":{"@id":"https:\/\/autofans.com.ar\/index.php\/2024\/11\/28\/ds-automobiles-anticipa-un-futuro-electrico-con-750-km-de-autonomia\/"},"wordCount":274,"image":{"@id":"https:\/\/autofans.com.ar\/index.php\/2024\/11\/28\/ds-automobiles-anticipa-un-futuro-electrico-con-750-km-de-autonomia\/#primaryimage"},"thumbnailUrl":"https:\/\/autofans.com.ar\/wp-content\/uploads\/2024\/11\/ds-751.jpg","keywords":["autonom\u00eda el\u00e9ctrica","autos de lujo el\u00e9ctricos","autos el\u00e9ctricos","dise\u00f1o aerodin\u00e1mico","DS Automobiles","DS E-TENSE","F\u00f3rmula E","Movilidad Sostenible","tecnolog\u00eda DS"],"articleSection":["HIBRIDOS, ELECTRICOS y otros","NOTICIAS"],"inLanguage":"es"},{"@type":"WebPage","@id":"https:\/\/autofans.com.ar\/index.php\/2024\/11\/28\/ds-automobiles-anticipa-un-futuro-electrico-con-750-km-de-autonomia\/","url":"https:\/\/autofans.com.ar\/index.php\/2024\/11\/28\/ds-automobiles-anticipa-un-futuro-electrico-con-750-km-de-autonomia\/","name":"DS Automobiles anticipa un futuro el\u00e9ctrico con 750 km de autonom\u00eda -","isPartOf":{"@id":"https:\/\/autofans.com.ar\/#website"},"primaryImageOfPage":{"@id":"https:\/\/autofans.com.ar\/index.php\/2024\/11\/28\/ds-automobiles-anticipa-un-futuro-electrico-con-750-km-de-autonomia\/#primaryimage"},"image":{"@id":"https:\/\/autofans.com.ar\/index.php\/2024\/11\/28\/ds-automobiles-anticipa-un-futuro-electrico-con-750-km-de-autonomia\/#primaryimage"},"thumbnailUrl":"https:\/\/autofans.com.ar\/wp-content\/uploads\/2024\/11\/ds-751.jpg","datePublished":"2024-11-28T20:11:08+00:00","dateModified":"2024-11-28T21:20:57+00:00","author":{"@id":"https:\/\/autofans.com.ar\/#\/schema\/person\/4a8dda0b6df83ac3d6723e921274c2aa"},"description":"El nuevo modelo 100% el\u00e9ctrico de DS Automobiles promete revolucionar la movilidad con tecnolog\u00eda avanzada y dise\u00f1o inspirado en la F\u00f3rmula E","breadcrumb":{"@id":"https:\/\/autofans.com.ar\/index.php\/2024\/11\/28\/ds-automobiles-anticipa-un-futuro-electrico-con-750-km-de-autonomia\/#breadcrumb"},"inLanguage":"es","potentialAction":[{"@type":"ReadAction","target":["https:\/\/autofans.com.ar\/index.php\/2024\/11\/28\/ds-automobiles-anticipa-un-futuro-electrico-con-750-km-de-autonomia\/"]}]},{"@type":"ImageObject","inLanguage":"es","@id":"https:\/\/autofans.com.ar\/index.php\/2024\/11\/28\/ds-automobiles-anticipa-un-futuro-electrico-con-750-km-de-autonomia\/#primaryimage","url":"https:\/\/autofans.com.ar\/wp-content\/uploads\/2024\/11\/ds-751.jpg","contentUrl":"https:\/\/autofans.com.ar\/wp-content\/uploads\/2024\/11\/ds-751.jpg","width":1000,"height":667,"caption":"DS Automobiles"},{"@type":"BreadcrumbList","@id":"https:\/\/autofans.com.ar\/index.php\/2024\/11\/28\/ds-automobiles-anticipa-un-futuro-electrico-con-750-km-de-autonomia\/#breadcrumb","itemListElement":[{"@type":"ListItem","position":1,"name":"Inicio","item":"https:\/\/autofans.com.ar\/"},{"@type":"ListItem","position":2,"name":"DS Automobiles anticipa un futuro el\u00e9ctrico con 750 km de autonom\u00eda"}]},{"@type":"WebSite","@id":"https:\/\/autofans.com.ar\/#website","url":"https:\/\/autofans.com.ar\/","name":"","description":"El multimedio referente de la industria automotriz","potentialAction":[{"@type":"SearchAction","target":{"@type":"EntryPoint","urlTemplate":"https:\/\/autofans.com.ar\/?s={search_term_string}"},"query-input":{"@type":"PropertyValueSpecification","valueRequired":true,"valueName":"search_term_string"}}],"inLanguage":"es"},{"@type":"Person","@id":"https:\/\/autofans.com.ar\/#\/schema\/person\/4a8dda0b6df83ac3d6723e921274c2aa","name":"Alejandro Gabriel Rosito","image":{"@type":"ImageObject","inLanguage":"es","@id":"https:\/\/secure.gravatar.com\/avatar\/16c5dda1489adfc62618084dcbb91cffd879c374b13fe5dd8e44ed6733852c88?s=96&d=mm&r=g","url":"https:\/\/secure.gravatar.com\/avatar\/16c5dda1489adfc62618084dcbb91cffd879c374b13fe5dd8e44ed6733852c88?s=96&d=mm&r=g","contentUrl":"https:\/\/secure.gravatar.com\/avatar\/16c5dda1489adfc62618084dcbb91cffd879c374b13fe5dd8e44ed6733852c88?s=96&d=mm&r=g","caption":"Alejandro Gabriel Rosito"},"url":"https:\/\/autofans.com.ar\/index.php\/author\/gabrielr\/"}]}},"featured_image_urls":{"full":["https:\/\/autofans.com.ar\/wp-content\/uploads\/2024\/11\/ds-751.jpg",1000,667,false],"thumbnail":["https:\/\/autofans.com.ar\/wp-content\/uploads\/2024\/11\/ds-751-150x150.jpg",150,150,true],"medium":["https:\/\/autofans.com.ar\/wp-content\/uploads\/2024\/11\/ds-751-300x200.jpg",300,200,true],"medium_large":["https:\/\/autofans.com.ar\/wp-content\/uploads\/2024\/11\/ds-751-768x512.jpg",640,427,true],"large":["https:\/\/autofans.com.ar\/wp-content\/uploads\/2024\/11\/ds-751.jpg",640,427,false],"1536x1536":["https:\/\/autofans.com.ar\/wp-content\/uploads\/2024\/11\/ds-751.jpg",1000,667,false],"2048x2048":["https:\/\/autofans.com.ar\/wp-content\/uploads\/2024\/11\/ds-751.jpg",1000,667,false],"covernews-featured":["https:\/\/autofans.com.ar\/wp-content\/uploads\/2024\/11\/ds-751.jpg",1000,667,false],"covernews-medium":["https:\/\/autofans.com.ar\/wp-content\/uploads\/2024\/11\/ds-751-540x340.jpg",540,340,true]},"author_info":{"display_name":"Alejandro Gabriel Rosito","author_link":"https:\/\/autofans.com.ar\/index.php\/author\/gabrielr\/"},"category_info":"<a href=\"https:\/\/autofans.com.ar\/index.php\/category\/noticias\/hibridos-y-electricos\/\" rel=\"category tag\">HIBRIDOS, ELECTRICOS y otros<\/a> <a href=\"https:\/\/autofans.com.ar\/index.php\/category\/noticias\/\" rel=\"category tag\">NOTICIAS<\/a>","tag_info":"NOTICIAS","comment_count":0,"_links":{"self":[{"href":"https:\/\/autofans.com.ar\/index.php\/wp-json\/wp\/v2\/posts\/10028","targetHints":{"allow":["GET"]}}],"collection":[{"href":"https:\/\/autofans.com.ar\/index.php\/wp-json\/wp\/v2\/posts"}],"about":[{"href":"https:\/\/autofans.com.ar\/index.php\/wp-json\/wp\/v2\/types\/post"}],"author":[{"embeddable":true,"href":"https:\/\/autofans.com.ar\/index.php\/wp-json\/wp\/v2\/users\/2"}],"replies":[{"embeddable":true,"href":"https:\/\/autofans.com.ar\/index.php\/wp-json\/wp\/v2\/comments?post=10028"}],"version-history":[{"count":1,"href":"https:\/\/autofans.com.ar\/index.php\/wp-json\/wp\/v2\/posts\/10028\/revisions"}],"predecessor-version":[{"id":10032,"href":"https:\/\/autofans.com.ar\/index.php\/wp-json\/wp\/v2\/posts\/10028\/revisions\/10032"}],"wp:featuredmedia":[{"embeddable":true,"href":"https:\/\/autofans.com.ar\/index.php\/wp-json\/wp\/v2\/media\/10030"}],"wp:attachment":[{"href":"https:\/\/autofans.com.ar\/index.php\/wp-json\/wp\/v2\/media?parent=10028"}],"wp:term":[{"taxonomy":"category","embeddable":true,"href":"https:\/\/autofans.com.ar\/index.php\/wp-json\/wp\/v2\/categories?post=10028"},{"taxonomy":"post_tag","embeddable":true,"href":"https:\/\/autofans.com.ar\/index.php\/wp-json\/wp\/v2\/tags?post=10028"}],"curies":[{"name":"wp","href":"https:\/\/api.w.org\/{rel}","templated":true}]}}