{"id":10089,"date":"2024-12-02T20:03:26","date_gmt":"2024-12-02T23:03:26","guid":{"rendered":"https:\/\/autofans.com.ar\/?p=10089"},"modified":"2024-12-02T20:03:26","modified_gmt":"2024-12-02T23:03:26","slug":"electromovilidad-y-sostenibilidad-el-futuro-de-mercedes-benz-camiones-y-buses","status":"publish","type":"post","link":"https:\/\/autofans.com.ar\/index.php\/2024\/12\/02\/electromovilidad-y-sostenibilidad-el-futuro-de-mercedes-benz-camiones-y-buses\/","title":{"rendered":"Electromovilidad y sostenibilidad el futuro de Mercedes-Benz Camiones y Buses"},"content":{"rendered":"<p>Mercedes-Benz Camiones y Buses, con 10.300 m\u00b2 de superficie, el Centro Log\u00edstico de Z\u00e1rate se encuentra estrat\u00e9gicamente ubicado sobre la Ruta Nacional N\u00b0 9, optimizando la distribuci\u00f3n de autopartes y repuestos hacia los 45 puntos de atenci\u00f3n de la red nacional. Este espacio est\u00e1 dise\u00f1ado bajo estrictos est\u00e1ndares internacionales que priorizan la eficiencia energ\u00e9tica y la reducci\u00f3n del impacto ambiental.<\/p>\n<p>Entre las innovaciones, destacan el uso de bater\u00edas de litio para equipos operativos, reducci\u00f3n significativa del uso de papel mediante digitalizaci\u00f3n y embalajes reutilizables que refuerzan los principios de econom\u00eda circular.<\/p>\n<p>&nbsp;<\/p>\n<blockquote>\n<p style=\"text-align: center;\">Ra\u00fal Barcesat, CEO de Mercedes-Benz Camiones y Buses Argentina, afirm\u00f3: \u201cLlegamos a nuestro tercer aniversario de operaci\u00f3n como empresa independiente ejecutando el plan de inversiones que anunciamos en el pa\u00eds, liderando la participaci\u00f3n de mercado tanto en el negocio de los camiones como el de los buses, con un perfil exportador ya asentado y con mucho potencial por incrementarse, y con un fuerte foco en la atenci\u00f3n de nuestros clientes para entregar los veh\u00edculos que atienden a las principales industrias que motorizan la econom\u00eda de Argentina\u201d.<\/p>\n<\/blockquote>\n<p>&nbsp;<\/p>\n<h2>Futuro el\u00e9ctrico y ampliaci\u00f3n industrial<\/h2>\n<p>La compa\u00f1\u00eda tambi\u00e9n avanza en la electrificaci\u00f3n de su flota, marcando un hito con el lanzamiento del primer chasis de bus el\u00e9ctrico en Argentina. Adem\u00e1s, en 2026, el nuevo Centro Industrial continuar\u00e1 produciendo camiones Accelo y Atego, as\u00ed como los chasis de buses OH y OF, trasladando las operaciones actuales desde Virrey del Pino.<\/p>\n<p>&nbsp;<\/p>\n<div id='gallery-1' class='gallery galleryid-10089 gallery-columns-2 gallery-size-full'><figure class='gallery-item'>\n\t\t\t<div class='gallery-icon landscape'>\n\t\t\t\t<a href='https:\/\/autofans.com.ar\/index.php\/2024\/12\/02\/electromovilidad-y-sostenibilidad-el-futuro-de-mercedes-benz-camiones-y-buses\/mercedes-5-5\/'><img loading=\"lazy\" width=\"1000\" height=\"667\" src=\"https:\/\/autofans.com.ar\/wp-content\/uploads\/2024\/12\/mercedes-5.jpg\" class=\"attachment-full size-full\" alt=\"Mercedes-Benz\" srcset=\"https:\/\/autofans.com.ar\/wp-content\/uploads\/2024\/12\/mercedes-5.jpg 1000w, https:\/\/autofans.com.ar\/wp-content\/uploads\/2024\/12\/mercedes-5-300x200.jpg 300w, https:\/\/autofans.com.ar\/wp-content\/uploads\/2024\/12\/mercedes-5-768x512.jpg 768w\" sizes=\"auto, (max-width: 1000px) 100vw, 1000px\" loading=\"lazy\" decoding=\"async\" \/><\/a>\n\t\t\t<\/div><\/figure><figure class='gallery-item'>\n\t\t\t<div class='gallery-icon landscape'>\n\t\t\t\t<a href='https:\/\/autofans.com.ar\/index.php\/2024\/12\/02\/electromovilidad-y-sostenibilidad-el-futuro-de-mercedes-benz-camiones-y-buses\/mercedes-1-28\/'><img loading=\"lazy\" width=\"1000\" height=\"667\" src=\"https:\/\/autofans.com.ar\/wp-content\/uploads\/2024\/12\/mercedes-1.jpg\" class=\"attachment-full size-full\" alt=\"Mercedes-Benz\" srcset=\"https:\/\/autofans.com.ar\/wp-content\/uploads\/2024\/12\/mercedes-1.jpg 1000w, https:\/\/autofans.com.ar\/wp-content\/uploads\/2024\/12\/mercedes-1-300x200.jpg 300w, https:\/\/autofans.com.ar\/wp-content\/uploads\/2024\/12\/mercedes-1-768x512.jpg 768w\" sizes=\"auto, (max-width: 1000px) 100vw, 1000px\" loading=\"lazy\" decoding=\"async\" \/><\/a>\n\t\t\t<\/div><\/figure>\n\t\t<\/div>\n\n<p>&nbsp;<\/p>\n<p>El compromiso con la econom\u00eda circular se refleja en la ampliaci\u00f3n de la l\u00ednea REMAN, dedicada a la remanufactura de piezas, mientras que el servicio de \u00abpiezas urgentes\u00bb optimiza la postventa, garantizando entregas en el d\u00eda o en un plazo m\u00e1ximo de 48 horas.<\/p>\n<p>&nbsp;<\/p>\n<blockquote>\n<p style=\"text-align: center;\">Fernando Rivero, director de Desarrollo de Red Comercial de Ventas y Postventa, coment\u00f3: \u201cEste nuevo Centro Log\u00edstico es un hito en nuestra trayectoria y refleja nuestro compromiso con la sostenibilidad y la eficiencia. La inversi\u00f3n optimiza la distribuci\u00f3n de nuestros productos y reduce el impacto ambiental, reafirmando nuestra visi\u00f3n de un futuro donde movilidad y sostenibilidad benefician a todos nuestros clientes. Juntos, seguimos apoyando a quienes mueven al mundo\u201d.<span class=\"Apple-converted-space\">\u00a0<\/span><\/p>\n<\/blockquote>\n<p>&nbsp;<\/p>\n<h2>Mercedes-Benz &#8211; liderazgo en movilidad sustentable<\/h2>\n<p>&nbsp;<\/p>\n<div id='gallery-2' class='gallery galleryid-10089 gallery-columns-2 gallery-size-full'><figure class='gallery-item'>\n\t\t\t<div class='gallery-icon landscape'>\n\t\t\t\t<a href='https:\/\/autofans.com.ar\/index.php\/2024\/12\/02\/electromovilidad-y-sostenibilidad-el-futuro-de-mercedes-benz-camiones-y-buses\/mercedes-2-30\/'><img loading=\"lazy\" width=\"1000\" height=\"667\" src=\"https:\/\/autofans.com.ar\/wp-content\/uploads\/2024\/12\/mercedes-2.jpg\" class=\"attachment-full size-full\" alt=\"Mercedes-Benz\" srcset=\"https:\/\/autofans.com.ar\/wp-content\/uploads\/2024\/12\/mercedes-2.jpg 1000w, https:\/\/autofans.com.ar\/wp-content\/uploads\/2024\/12\/mercedes-2-300x200.jpg 300w, https:\/\/autofans.com.ar\/wp-content\/uploads\/2024\/12\/mercedes-2-768x512.jpg 768w\" sizes=\"auto, (max-width: 1000px) 100vw, 1000px\" loading=\"lazy\" decoding=\"async\" \/><\/a>\n\t\t\t<\/div><\/figure><figure class='gallery-item'>\n\t\t\t<div class='gallery-icon landscape'>\n\t\t\t\t<a href='https:\/\/autofans.com.ar\/index.php\/2024\/12\/02\/electromovilidad-y-sostenibilidad-el-futuro-de-mercedes-benz-camiones-y-buses\/mercedes-3-25\/'><img loading=\"lazy\" width=\"1000\" height=\"667\" src=\"https:\/\/autofans.com.ar\/wp-content\/uploads\/2024\/12\/mercedes-3.jpg\" class=\"attachment-full size-full\" alt=\"Mercedes-Benz\" srcset=\"https:\/\/autofans.com.ar\/wp-content\/uploads\/2024\/12\/mercedes-3.jpg 1000w, https:\/\/autofans.com.ar\/wp-content\/uploads\/2024\/12\/mercedes-3-300x200.jpg 300w, https:\/\/autofans.com.ar\/wp-content\/uploads\/2024\/12\/mercedes-3-768x512.jpg 768w\" sizes=\"auto, (max-width: 1000px) 100vw, 1000px\" loading=\"lazy\" decoding=\"async\" \/><\/a>\n\t\t\t<\/div><\/figure>\n\t\t<\/div>\n\n<p>&nbsp;<\/p>\n<p><a href=\"https:\/\/autofans.com.ar\/index.php\/2024\/10\/22\/mercedes-benz-camiones-y-buses-mejora-su-chat-online\/\" target=\"_blank\" rel=\"noopener\">Mercedes-Benz Camiones y Buses<\/a> se posiciona como un actor clave en la transformaci\u00f3n de la movilidad en Argentina. Su estrategia integral combina la expansi\u00f3n productiva, la sostenibilidad y el fortalecimiento de su red de servicios, reafirmando su compromiso con el desarrollo de la industria automotriz local.<\/p>\n<p>&nbsp;<\/p>\n<p>&nbsp;<\/p>\n<p><i>Para enterarte de m\u00e1s novedades, no dejes de leer\u00a0<\/i><a href=\"https:\/\/autofans.thebrandsoup.com\/\"><i>nuestras notas<\/i><\/a><i>, de ver<\/i><b><i>\u00a0<\/i><\/b><a href=\"https:\/\/www.youtube.com\/channel\/UCgAC8UGHZYbT6P7PpmVnP7g\"><b><i>AUTOFANS TV<\/i><\/b><\/a><b><i>\u00a0<\/i><\/b><i>en nuestro\u00a0canal de Youtube. Adem\u00e1s seguinos en\u00a0<\/i><a href=\"https:\/\/www.instagram.com\/autofanstv\/\"><i>INSTAGRAM<\/i><\/a><i> y <\/i><a href=\"https:\/\/www.facebook.com\/autofansmas\/\"><i>FACEBOOK<\/i><\/a><i> para no perderte nada sobre las novedades del segmento automotor de Argentina y el mundo.<\/i><\/p>\n","protected":false},"excerpt":{"rendered":"<p>Mercedes-Benz Camiones y Buses, con 10.300 m\u00b2 de superficie, el Centro Log\u00edstico de Z\u00e1rate se&#8230;<\/p>\n","protected":false},"author":2,"featured_media":10093,"comment_status":"closed","ping_status":"closed","sticky":false,"template":"","format":"standard","meta":{"footnotes":""},"categories":[292,16],"tags":[5465,5463,5464,542,2378,5241],"class_list":["post-10089","post","type-post","status-publish","format-standard","has-post-thumbnail","hentry","category-empresas","category-noticias","tag-camiones-accelo-atego","tag-centro-logistico-zarate","tag-daimler-truck-argentina","tag-electromovilidad","tag-mercedes-benz-camiones","tag-postventa-mercedes-benz"],"yoast_head":"<!-- This site is optimized with the Yoast SEO plugin v27.5 - https:\/\/yoast.com\/product\/yoast-seo-wordpress\/ -->\n<title>Electromovilidad y sostenibilidad el futuro de Mercedes-Benz Camiones y Buses -<\/title>\n<meta name=\"description\" content=\"Mercedes-Benz Con 10.300 m\u00b2 de superficie, el Centro Log\u00edstico de Z\u00e1rate se encuentra estrat\u00e9gicamente ubicado sobre la Ruta Nacional N\u00b0 9...\" \/>\n<meta name=\"robots\" content=\"index, follow, max-snippet:-1, max-image-preview:large, max-video-preview:-1\" \/>\n<link rel=\"canonical\" href=\"https:\/\/autofans.com.ar\/index.php\/2024\/12\/02\/electromovilidad-y-sostenibilidad-el-futuro-de-mercedes-benz-camiones-y-buses\/\" \/>\n<meta property=\"og:locale\" content=\"es_ES\" \/>\n<meta property=\"og:type\" content=\"article\" \/>\n<meta property=\"og:title\" content=\"Electromovilidad y sostenibilidad el futuro de Mercedes-Benz Camiones y Buses -\" \/>\n<meta property=\"og:description\" content=\"Mercedes-Benz Con 10.300 m\u00b2 de superficie, el Centro Log\u00edstico de Z\u00e1rate se encuentra estrat\u00e9gicamente ubicado sobre la Ruta Nacional N\u00b0 9...\" \/>\n<meta property=\"og:url\" content=\"https:\/\/autofans.com.ar\/index.php\/2024\/12\/02\/electromovilidad-y-sostenibilidad-el-futuro-de-mercedes-benz-camiones-y-buses\/\" \/>\n<meta property=\"article:published_time\" content=\"2024-12-02T23:03:26+00:00\" \/>\n<meta property=\"og:image\" content=\"https:\/\/autofans.com.ar\/wp-content\/uploads\/2024\/12\/mercedes-4.jpg\" \/>\n\t<meta property=\"og:image:width\" content=\"1000\" \/>\n\t<meta property=\"og:image:height\" content=\"667\" \/>\n\t<meta property=\"og:image:type\" content=\"image\/jpeg\" \/>\n<meta name=\"author\" content=\"Alejandro Gabriel Rosito\" \/>\n<meta name=\"twitter:card\" content=\"summary_large_image\" \/>\n<meta name=\"twitter:label1\" content=\"Escrito por\" \/>\n\t<meta name=\"twitter:data1\" content=\"Alejandro Gabriel Rosito\" \/>\n\t<meta name=\"twitter:label2\" content=\"Tiempo de lectura\" \/>\n\t<meta name=\"twitter:data2\" content=\"2 minutos\" \/>\n<script type=\"application\/ld+json\" class=\"yoast-schema-graph\">{\"@context\":\"https:\\\/\\\/schema.org\",\"@graph\":[{\"@type\":\"Article\",\"@id\":\"https:\\\/\\\/autofans.com.ar\\\/index.php\\\/2024\\\/12\\\/02\\\/electromovilidad-y-sostenibilidad-el-futuro-de-mercedes-benz-camiones-y-buses\\\/#article\",\"isPartOf\":{\"@id\":\"https:\\\/\\\/autofans.com.ar\\\/index.php\\\/2024\\\/12\\\/02\\\/electromovilidad-y-sostenibilidad-el-futuro-de-mercedes-benz-camiones-y-buses\\\/\"},\"author\":{\"name\":\"Alejandro Gabriel Rosito\",\"@id\":\"https:\\\/\\\/autofans.com.ar\\\/#\\\/schema\\\/person\\\/4a8dda0b6df83ac3d6723e921274c2aa\"},\"headline\":\"Electromovilidad y sostenibilidad el futuro de Mercedes-Benz Camiones y Buses\",\"datePublished\":\"2024-12-02T23:03:26+00:00\",\"mainEntityOfPage\":{\"@id\":\"https:\\\/\\\/autofans.com.ar\\\/index.php\\\/2024\\\/12\\\/02\\\/electromovilidad-y-sostenibilidad-el-futuro-de-mercedes-benz-camiones-y-buses\\\/\"},\"wordCount\":507,\"image\":{\"@id\":\"https:\\\/\\\/autofans.com.ar\\\/index.php\\\/2024\\\/12\\\/02\\\/electromovilidad-y-sostenibilidad-el-futuro-de-mercedes-benz-camiones-y-buses\\\/#primaryimage\"},\"thumbnailUrl\":\"https:\\\/\\\/autofans.com.ar\\\/wp-content\\\/uploads\\\/2024\\\/12\\\/mercedes-4.jpg\",\"keywords\":[\"camiones Accelo Atego\",\"Centro Log\u00edstico Z\u00e1rate\",\"Daimler Truck Argentina\",\"electromovilidad\",\"Mercedes-Benz Camiones\",\"postventa Mercedes-Benz\"],\"articleSection\":[\"EMPRESAS\",\"NOTICIAS\"],\"inLanguage\":\"es\"},{\"@type\":\"WebPage\",\"@id\":\"https:\\\/\\\/autofans.com.ar\\\/index.php\\\/2024\\\/12\\\/02\\\/electromovilidad-y-sostenibilidad-el-futuro-de-mercedes-benz-camiones-y-buses\\\/\",\"url\":\"https:\\\/\\\/autofans.com.ar\\\/index.php\\\/2024\\\/12\\\/02\\\/electromovilidad-y-sostenibilidad-el-futuro-de-mercedes-benz-camiones-y-buses\\\/\",\"name\":\"Electromovilidad y sostenibilidad el futuro de Mercedes-Benz Camiones y Buses -\",\"isPartOf\":{\"@id\":\"https:\\\/\\\/autofans.com.ar\\\/#website\"},\"primaryImageOfPage\":{\"@id\":\"https:\\\/\\\/autofans.com.ar\\\/index.php\\\/2024\\\/12\\\/02\\\/electromovilidad-y-sostenibilidad-el-futuro-de-mercedes-benz-camiones-y-buses\\\/#primaryimage\"},\"image\":{\"@id\":\"https:\\\/\\\/autofans.com.ar\\\/index.php\\\/2024\\\/12\\\/02\\\/electromovilidad-y-sostenibilidad-el-futuro-de-mercedes-benz-camiones-y-buses\\\/#primaryimage\"},\"thumbnailUrl\":\"https:\\\/\\\/autofans.com.ar\\\/wp-content\\\/uploads\\\/2024\\\/12\\\/mercedes-4.jpg\",\"datePublished\":\"2024-12-02T23:03:26+00:00\",\"author\":{\"@id\":\"https:\\\/\\\/autofans.com.ar\\\/#\\\/schema\\\/person\\\/4a8dda0b6df83ac3d6723e921274c2aa\"},\"description\":\"Mercedes-Benz Con 10.300 m\u00b2 de superficie, el Centro Log\u00edstico de Z\u00e1rate se encuentra estrat\u00e9gicamente ubicado sobre la Ruta Nacional N\u00b0 9...\",\"breadcrumb\":{\"@id\":\"https:\\\/\\\/autofans.com.ar\\\/index.php\\\/2024\\\/12\\\/02\\\/electromovilidad-y-sostenibilidad-el-futuro-de-mercedes-benz-camiones-y-buses\\\/#breadcrumb\"},\"inLanguage\":\"es\",\"potentialAction\":[{\"@type\":\"ReadAction\",\"target\":[\"https:\\\/\\\/autofans.com.ar\\\/index.php\\\/2024\\\/12\\\/02\\\/electromovilidad-y-sostenibilidad-el-futuro-de-mercedes-benz-camiones-y-buses\\\/\"]}]},{\"@type\":\"ImageObject\",\"inLanguage\":\"es\",\"@id\":\"https:\\\/\\\/autofans.com.ar\\\/index.php\\\/2024\\\/12\\\/02\\\/electromovilidad-y-sostenibilidad-el-futuro-de-mercedes-benz-camiones-y-buses\\\/#primaryimage\",\"url\":\"https:\\\/\\\/autofans.com.ar\\\/wp-content\\\/uploads\\\/2024\\\/12\\\/mercedes-4.jpg\",\"contentUrl\":\"https:\\\/\\\/autofans.com.ar\\\/wp-content\\\/uploads\\\/2024\\\/12\\\/mercedes-4.jpg\",\"width\":1000,\"height\":667,\"caption\":\"Mercedes-Benz\"},{\"@type\":\"BreadcrumbList\",\"@id\":\"https:\\\/\\\/autofans.com.ar\\\/index.php\\\/2024\\\/12\\\/02\\\/electromovilidad-y-sostenibilidad-el-futuro-de-mercedes-benz-camiones-y-buses\\\/#breadcrumb\",\"itemListElement\":[{\"@type\":\"ListItem\",\"position\":1,\"name\":\"Inicio\",\"item\":\"https:\\\/\\\/autofans.com.ar\\\/\"},{\"@type\":\"ListItem\",\"position\":2,\"name\":\"Electromovilidad y sostenibilidad el futuro de Mercedes-Benz Camiones y Buses\"}]},{\"@type\":\"WebSite\",\"@id\":\"https:\\\/\\\/autofans.com.ar\\\/#website\",\"url\":\"https:\\\/\\\/autofans.com.ar\\\/\",\"name\":\"\",\"description\":\"El multimedio referente de la industria automotriz\",\"potentialAction\":[{\"@type\":\"SearchAction\",\"target\":{\"@type\":\"EntryPoint\",\"urlTemplate\":\"https:\\\/\\\/autofans.com.ar\\\/?s={search_term_string}\"},\"query-input\":{\"@type\":\"PropertyValueSpecification\",\"valueRequired\":true,\"valueName\":\"search_term_string\"}}],\"inLanguage\":\"es\"},{\"@type\":\"Person\",\"@id\":\"https:\\\/\\\/autofans.com.ar\\\/#\\\/schema\\\/person\\\/4a8dda0b6df83ac3d6723e921274c2aa\",\"name\":\"Alejandro Gabriel Rosito\",\"image\":{\"@type\":\"ImageObject\",\"inLanguage\":\"es\",\"@id\":\"https:\\\/\\\/secure.gravatar.com\\\/avatar\\\/16c5dda1489adfc62618084dcbb91cffd879c374b13fe5dd8e44ed6733852c88?s=96&d=mm&r=g\",\"url\":\"https:\\\/\\\/secure.gravatar.com\\\/avatar\\\/16c5dda1489adfc62618084dcbb91cffd879c374b13fe5dd8e44ed6733852c88?s=96&d=mm&r=g\",\"contentUrl\":\"https:\\\/\\\/secure.gravatar.com\\\/avatar\\\/16c5dda1489adfc62618084dcbb91cffd879c374b13fe5dd8e44ed6733852c88?s=96&d=mm&r=g\",\"caption\":\"Alejandro Gabriel Rosito\"},\"url\":\"https:\\\/\\\/autofans.com.ar\\\/index.php\\\/author\\\/gabrielr\\\/\"}]}<\/script>\n<!-- \/ Yoast SEO plugin. -->","yoast_head_json":{"title":"Electromovilidad y sostenibilidad el futuro de Mercedes-Benz Camiones y Buses -","description":"Mercedes-Benz Con 10.300 m\u00b2 de superficie, el Centro Log\u00edstico de Z\u00e1rate se encuentra estrat\u00e9gicamente ubicado sobre la Ruta Nacional N\u00b0 9...","robots":{"index":"index","follow":"follow","max-snippet":"max-snippet:-1","max-image-preview":"max-image-preview:large","max-video-preview":"max-video-preview:-1"},"canonical":"https:\/\/autofans.com.ar\/index.php\/2024\/12\/02\/electromovilidad-y-sostenibilidad-el-futuro-de-mercedes-benz-camiones-y-buses\/","og_locale":"es_ES","og_type":"article","og_title":"Electromovilidad y sostenibilidad el futuro de Mercedes-Benz Camiones y Buses -","og_description":"Mercedes-Benz Con 10.300 m\u00b2 de superficie, el Centro Log\u00edstico de Z\u00e1rate se encuentra estrat\u00e9gicamente ubicado sobre la Ruta Nacional N\u00b0 9...","og_url":"https:\/\/autofans.com.ar\/index.php\/2024\/12\/02\/electromovilidad-y-sostenibilidad-el-futuro-de-mercedes-benz-camiones-y-buses\/","article_published_time":"2024-12-02T23:03:26+00:00","og_image":[{"width":1000,"height":667,"url":"https:\/\/autofans.com.ar\/wp-content\/uploads\/2024\/12\/mercedes-4.jpg","type":"image\/jpeg"}],"author":"Alejandro Gabriel Rosito","twitter_card":"summary_large_image","twitter_misc":{"Escrito por":"Alejandro Gabriel Rosito","Tiempo de lectura":"2 minutos"},"schema":{"@context":"https:\/\/schema.org","@graph":[{"@type":"Article","@id":"https:\/\/autofans.com.ar\/index.php\/2024\/12\/02\/electromovilidad-y-sostenibilidad-el-futuro-de-mercedes-benz-camiones-y-buses\/#article","isPartOf":{"@id":"https:\/\/autofans.com.ar\/index.php\/2024\/12\/02\/electromovilidad-y-sostenibilidad-el-futuro-de-mercedes-benz-camiones-y-buses\/"},"author":{"name":"Alejandro Gabriel Rosito","@id":"https:\/\/autofans.com.ar\/#\/schema\/person\/4a8dda0b6df83ac3d6723e921274c2aa"},"headline":"Electromovilidad y sostenibilidad el futuro de Mercedes-Benz Camiones y Buses","datePublished":"2024-12-02T23:03:26+00:00","mainEntityOfPage":{"@id":"https:\/\/autofans.com.ar\/index.php\/2024\/12\/02\/electromovilidad-y-sostenibilidad-el-futuro-de-mercedes-benz-camiones-y-buses\/"},"wordCount":507,"image":{"@id":"https:\/\/autofans.com.ar\/index.php\/2024\/12\/02\/electromovilidad-y-sostenibilidad-el-futuro-de-mercedes-benz-camiones-y-buses\/#primaryimage"},"thumbnailUrl":"https:\/\/autofans.com.ar\/wp-content\/uploads\/2024\/12\/mercedes-4.jpg","keywords":["camiones Accelo Atego","Centro Log\u00edstico Z\u00e1rate","Daimler Truck Argentina","electromovilidad","Mercedes-Benz Camiones","postventa Mercedes-Benz"],"articleSection":["EMPRESAS","NOTICIAS"],"inLanguage":"es"},{"@type":"WebPage","@id":"https:\/\/autofans.com.ar\/index.php\/2024\/12\/02\/electromovilidad-y-sostenibilidad-el-futuro-de-mercedes-benz-camiones-y-buses\/","url":"https:\/\/autofans.com.ar\/index.php\/2024\/12\/02\/electromovilidad-y-sostenibilidad-el-futuro-de-mercedes-benz-camiones-y-buses\/","name":"Electromovilidad y sostenibilidad el futuro de Mercedes-Benz Camiones y Buses -","isPartOf":{"@id":"https:\/\/autofans.com.ar\/#website"},"primaryImageOfPage":{"@id":"https:\/\/autofans.com.ar\/index.php\/2024\/12\/02\/electromovilidad-y-sostenibilidad-el-futuro-de-mercedes-benz-camiones-y-buses\/#primaryimage"},"image":{"@id":"https:\/\/autofans.com.ar\/index.php\/2024\/12\/02\/electromovilidad-y-sostenibilidad-el-futuro-de-mercedes-benz-camiones-y-buses\/#primaryimage"},"thumbnailUrl":"https:\/\/autofans.com.ar\/wp-content\/uploads\/2024\/12\/mercedes-4.jpg","datePublished":"2024-12-02T23:03:26+00:00","author":{"@id":"https:\/\/autofans.com.ar\/#\/schema\/person\/4a8dda0b6df83ac3d6723e921274c2aa"},"description":"Mercedes-Benz Con 10.300 m\u00b2 de superficie, el Centro Log\u00edstico de Z\u00e1rate se encuentra estrat\u00e9gicamente ubicado sobre la Ruta Nacional N\u00b0 9...","breadcrumb":{"@id":"https:\/\/autofans.com.ar\/index.php\/2024\/12\/02\/electromovilidad-y-sostenibilidad-el-futuro-de-mercedes-benz-camiones-y-buses\/#breadcrumb"},"inLanguage":"es","potentialAction":[{"@type":"ReadAction","target":["https:\/\/autofans.com.ar\/index.php\/2024\/12\/02\/electromovilidad-y-sostenibilidad-el-futuro-de-mercedes-benz-camiones-y-buses\/"]}]},{"@type":"ImageObject","inLanguage":"es","@id":"https:\/\/autofans.com.ar\/index.php\/2024\/12\/02\/electromovilidad-y-sostenibilidad-el-futuro-de-mercedes-benz-camiones-y-buses\/#primaryimage","url":"https:\/\/autofans.com.ar\/wp-content\/uploads\/2024\/12\/mercedes-4.jpg","contentUrl":"https:\/\/autofans.com.ar\/wp-content\/uploads\/2024\/12\/mercedes-4.jpg","width":1000,"height":667,"caption":"Mercedes-Benz"},{"@type":"BreadcrumbList","@id":"https:\/\/autofans.com.ar\/index.php\/2024\/12\/02\/electromovilidad-y-sostenibilidad-el-futuro-de-mercedes-benz-camiones-y-buses\/#breadcrumb","itemListElement":[{"@type":"ListItem","position":1,"name":"Inicio","item":"https:\/\/autofans.com.ar\/"},{"@type":"ListItem","position":2,"name":"Electromovilidad y sostenibilidad el futuro de Mercedes-Benz Camiones y Buses"}]},{"@type":"WebSite","@id":"https:\/\/autofans.com.ar\/#website","url":"https:\/\/autofans.com.ar\/","name":"","description":"El multimedio referente de la industria automotriz","potentialAction":[{"@type":"SearchAction","target":{"@type":"EntryPoint","urlTemplate":"https:\/\/autofans.com.ar\/?s={search_term_string}"},"query-input":{"@type":"PropertyValueSpecification","valueRequired":true,"valueName":"search_term_string"}}],"inLanguage":"es"},{"@type":"Person","@id":"https:\/\/autofans.com.ar\/#\/schema\/person\/4a8dda0b6df83ac3d6723e921274c2aa","name":"Alejandro Gabriel Rosito","image":{"@type":"ImageObject","inLanguage":"es","@id":"https:\/\/secure.gravatar.com\/avatar\/16c5dda1489adfc62618084dcbb91cffd879c374b13fe5dd8e44ed6733852c88?s=96&d=mm&r=g","url":"https:\/\/secure.gravatar.com\/avatar\/16c5dda1489adfc62618084dcbb91cffd879c374b13fe5dd8e44ed6733852c88?s=96&d=mm&r=g","contentUrl":"https:\/\/secure.gravatar.com\/avatar\/16c5dda1489adfc62618084dcbb91cffd879c374b13fe5dd8e44ed6733852c88?s=96&d=mm&r=g","caption":"Alejandro Gabriel Rosito"},"url":"https:\/\/autofans.com.ar\/index.php\/author\/gabrielr\/"}]}},"featured_image_urls":{"full":["https:\/\/autofans.com.ar\/wp-content\/uploads\/2024\/12\/mercedes-4.jpg",1000,667,false],"thumbnail":["https:\/\/autofans.com.ar\/wp-content\/uploads\/2024\/12\/mercedes-4-150x150.jpg",150,150,true],"medium":["https:\/\/autofans.com.ar\/wp-content\/uploads\/2024\/12\/mercedes-4-300x200.jpg",300,200,true],"medium_large":["https:\/\/autofans.com.ar\/wp-content\/uploads\/2024\/12\/mercedes-4-768x512.jpg",640,427,true],"large":["https:\/\/autofans.com.ar\/wp-content\/uploads\/2024\/12\/mercedes-4.jpg",640,427,false],"1536x1536":["https:\/\/autofans.com.ar\/wp-content\/uploads\/2024\/12\/mercedes-4.jpg",1000,667,false],"2048x2048":["https:\/\/autofans.com.ar\/wp-content\/uploads\/2024\/12\/mercedes-4.jpg",1000,667,false],"covernews-featured":["https:\/\/autofans.com.ar\/wp-content\/uploads\/2024\/12\/mercedes-4.jpg",1000,667,false],"covernews-medium":["https:\/\/autofans.com.ar\/wp-content\/uploads\/2024\/12\/mercedes-4-540x340.jpg",540,340,true]},"author_info":{"display_name":"Alejandro Gabriel Rosito","author_link":"https:\/\/autofans.com.ar\/index.php\/author\/gabrielr\/"},"category_info":"<a href=\"https:\/\/autofans.com.ar\/index.php\/category\/noticias\/empresas\/\" rel=\"category tag\">EMPRESAS<\/a> <a href=\"https:\/\/autofans.com.ar\/index.php\/category\/noticias\/\" rel=\"category tag\">NOTICIAS<\/a>","tag_info":"NOTICIAS","comment_count":0,"_links":{"self":[{"href":"https:\/\/autofans.com.ar\/index.php\/wp-json\/wp\/v2\/posts\/10089","targetHints":{"allow":["GET"]}}],"collection":[{"href":"https:\/\/autofans.com.ar\/index.php\/wp-json\/wp\/v2\/posts"}],"about":[{"href":"https:\/\/autofans.com.ar\/index.php\/wp-json\/wp\/v2\/types\/post"}],"author":[{"embeddable":true,"href":"https:\/\/autofans.com.ar\/index.php\/wp-json\/wp\/v2\/users\/2"}],"replies":[{"embeddable":true,"href":"https:\/\/autofans.com.ar\/index.php\/wp-json\/wp\/v2\/comments?post=10089"}],"version-history":[{"count":3,"href":"https:\/\/autofans.com.ar\/index.php\/wp-json\/wp\/v2\/posts\/10089\/revisions"}],"predecessor-version":[{"id":10097,"href":"https:\/\/autofans.com.ar\/index.php\/wp-json\/wp\/v2\/posts\/10089\/revisions\/10097"}],"wp:featuredmedia":[{"embeddable":true,"href":"https:\/\/autofans.com.ar\/index.php\/wp-json\/wp\/v2\/media\/10093"}],"wp:attachment":[{"href":"https:\/\/autofans.com.ar\/index.php\/wp-json\/wp\/v2\/media?parent=10089"}],"wp:term":[{"taxonomy":"category","embeddable":true,"href":"https:\/\/autofans.com.ar\/index.php\/wp-json\/wp\/v2\/categories?post=10089"},{"taxonomy":"post_tag","embeddable":true,"href":"https:\/\/autofans.com.ar\/index.php\/wp-json\/wp\/v2\/tags?post=10089"}],"curies":[{"name":"wp","href":"https:\/\/api.w.org\/{rel}","templated":true}]}}