{"id":10098,"date":"2024-12-03T17:28:45","date_gmt":"2024-12-03T20:28:45","guid":{"rendered":"https:\/\/autofans.com.ar\/?p=10098"},"modified":"2024-12-03T17:28:45","modified_gmt":"2024-12-03T20:28:45","slug":"stellantis-inicia-transicion-de-liderazgo-tras-la-renuncia-de-carlos-tavares","status":"publish","type":"post","link":"https:\/\/autofans.com.ar\/index.php\/2024\/12\/03\/stellantis-inicia-transicion-de-liderazgo-tras-la-renuncia-de-carlos-tavares\/","title":{"rendered":"Stellantis inicia transici\u00f3n de liderazgo tras la renuncia de Carlos Tavares"},"content":{"rendered":"<p>Stellantis N.V. anunci\u00f3 este 1\u00b0 de diciembre de 2024 que su Consejo de Administraci\u00f3n, presidido por John Elkann, acept\u00f3 la renuncia de Carlos Tavares como CEO de la compa\u00f1\u00eda, con efecto inmediato.<\/p>\n<p>&nbsp;<\/p>\n<blockquote>\n<p style=\"text-align: center;\">Henri de Castries, Senior Independent Director de Stellantis, coment\u00f3: \u00abEl \u00e9xito de Stellantis desde su creaci\u00f3n se ha basado en una alineaci\u00f3n perfecta entre los accionistas de referencia, el Consejo de Administraci\u00f3n y el CEO. Sin embargo, en las \u00faltimas semanas han surgido opiniones diferentes que han llevado al Consejo de Administraci\u00f3n y al CEO a tomar la decisi\u00f3n de hoy.\u00bb<\/p>\n<\/blockquote>\n<p>&nbsp;<\/p>\n<h2>John Elkann lidera el Comit\u00e9 Ejecutivo Interino<\/h2>\n<p>&nbsp;<\/p>\n<figure id=\"attachment_10106\" aria-describedby=\"caption-attachment-10106\" style=\"width: 1000px\" class=\"wp-caption aligncenter\"><img fetchpriority=\"high\" decoding=\"async\" class=\"wp-image-10106 size-full\" src=\"https:\/\/autofans.com.ar\/wp-content\/uploads\/2024\/12\/stellantis-4.jpg\" alt=\"Stellantis\" width=\"1000\" height=\"667\" srcset=\"https:\/\/autofans.com.ar\/wp-content\/uploads\/2024\/12\/stellantis-4.jpg 1000w, https:\/\/autofans.com.ar\/wp-content\/uploads\/2024\/12\/stellantis-4-300x200.jpg 300w, https:\/\/autofans.com.ar\/wp-content\/uploads\/2024\/12\/stellantis-4-768x512.jpg 768w\" sizes=\"(max-width: 1000px) 100vw, 1000px\" \/><figcaption id=\"caption-attachment-10106\" class=\"wp-caption-text\">John Elkann<\/figcaption><\/figure>\n<p>&nbsp;<\/p>\n<p>&nbsp;<\/p>\n<p>Para garantizar la continuidad operativa, se ha creado un Comit\u00e9 Ejecutivo Interino liderado por Elkann, mientras un Comit\u00e9 Especial trabaja en el proceso de selecci\u00f3n del nuevo Consejero Delegado permanente. Se espera que el nombramiento se concrete en el primer semestre de 2025.<\/p>\n<p>&nbsp;<\/p>\n<blockquote>\n<p style=\"text-align: center;\">El Presidente John Elkann ha declarado: \u201cNuestro agradecimiento a Carlos por sus a\u00f1os de dedicaci\u00f3n y por el papel que ha desempe\u00f1ado en la creaci\u00f3n de Stellantis, as\u00ed como en las anteriores reestructuraciones de PSA y Opel, que allanaron el camino para convertirnos en l\u00edderes globales en nuestro sector. Estoy deseando trabajar con nuestro nuevo Comit\u00e9 Ejecutivo Interino, apoyado por todos nuestros colegas de Stellantis, mientras completamos el proceso de nombramiento de nuestro nuevo CEO. Juntos vamos a garantizar el despliegue continuado de la estrategia de la empresa a largo plazo de Stellantis y de todos sus stakeholders.\u00bb<\/p>\n<\/blockquote>\n<p>&nbsp;<\/p>\n<h2>Stellantis reafirma objetivos financieros para 2024<\/h2>\n<p>&nbsp;<\/p>\n<p><img decoding=\"async\" class=\"aligncenter wp-image-10103 size-full\" src=\"https:\/\/autofans.com.ar\/wp-content\/uploads\/2024\/12\/stellantis-2.jpg\" alt=\"Stellantis\" width=\"1000\" height=\"667\" srcset=\"https:\/\/autofans.com.ar\/wp-content\/uploads\/2024\/12\/stellantis-2.jpg 1000w, https:\/\/autofans.com.ar\/wp-content\/uploads\/2024\/12\/stellantis-2-300x200.jpg 300w, https:\/\/autofans.com.ar\/wp-content\/uploads\/2024\/12\/stellantis-2-768x512.jpg 768w\" sizes=\"(max-width: 1000px) 100vw, 1000px\" \/><\/p>\n<p>&nbsp;<\/p>\n<p>A pesar de este cambio en la c\u00fapula directiva, Stellantis reafirm\u00f3 las proyecciones financieras para 2024, comunicadas previamente a los inversores el 31 de octubre. Este anuncio busca transmitir confianza en la estabilidad y el rumbo estrat\u00e9gico de la empresa durante esta etapa de transici\u00f3n.<\/p>\n<p>&nbsp;<\/p>\n<p>&nbsp;<\/p>\n<p><i>Para enterarte de m\u00e1s novedades, no dejes de leer\u00a0<\/i><a href=\"https:\/\/autofans.thebrandsoup.com\/\"><i>nuestras notas<\/i><\/a><i>, de ver<\/i><b><i>\u00a0<\/i><\/b><a href=\"https:\/\/www.youtube.com\/channel\/UCgAC8UGHZYbT6P7PpmVnP7g\"><b><i>AUTOFANS TV<\/i><\/b><\/a><b><i>\u00a0<\/i><\/b><i>en nuestro\u00a0canal de Youtube. Adem\u00e1s seguinos en\u00a0<\/i><a href=\"https:\/\/www.instagram.com\/autofanstv\/\"><i>INSTAGRAM<\/i><\/a><i> y <\/i><a href=\"https:\/\/www.facebook.com\/autofansmas\/\"><i>FACEBOOK<\/i><\/a><i> para no perderte nada sobre las novedades del segmento automotor de Argentina y el mundo.<\/i><\/p>\n","protected":false},"excerpt":{"rendered":"<p>Stellantis N.V. anunci\u00f3 este 1\u00b0 de diciembre de 2024 que su Consejo de Administraci\u00f3n, presidido&#8230;<\/p>\n","protected":false},"author":2,"featured_media":10102,"comment_status":"closed","ping_status":"closed","sticky":false,"template":"","format":"standard","meta":{"footnotes":""},"categories":[292,16],"tags":[5467,5470,5469,5468,5466],"class_list":["post-10098","post","type-post","status-publish","format-standard","has-post-thumbnail","hentry","category-empresas","category-noticias","tag-carlos-tavares-stellantis","tag-comite-ejecutivo-interino-stellantis","tag-john-elkann-liderazgo","tag-nuevo-ceo-stellantis-2025","tag-stellantis-renuncia-ceo"],"yoast_head":"<!-- This site is optimized with the Yoast SEO plugin v27.5 - https:\/\/yoast.com\/product\/yoast-seo-wordpress\/ -->\n<title>Stellantis inicia transici\u00f3n de liderazgo tras la renuncia de Carlos Tavares -<\/title>\n<meta name=\"description\" content=\"Stellantis N.V. anunci\u00f3 que su Consejo de Administraci\u00f3n, presidido por John Elkann, acept\u00f3 la renuncia de Carlos Tavares como CEO...\" \/>\n<meta name=\"robots\" content=\"index, follow, max-snippet:-1, max-image-preview:large, max-video-preview:-1\" \/>\n<link rel=\"canonical\" href=\"https:\/\/autofans.com.ar\/index.php\/2024\/12\/03\/stellantis-inicia-transicion-de-liderazgo-tras-la-renuncia-de-carlos-tavares\/\" \/>\n<meta property=\"og:locale\" content=\"es_ES\" \/>\n<meta property=\"og:type\" content=\"article\" \/>\n<meta property=\"og:title\" content=\"Stellantis inicia transici\u00f3n de liderazgo tras la renuncia de Carlos Tavares -\" \/>\n<meta property=\"og:description\" content=\"Stellantis N.V. anunci\u00f3 que su Consejo de Administraci\u00f3n, presidido por John Elkann, acept\u00f3 la renuncia de Carlos Tavares como CEO...\" \/>\n<meta property=\"og:url\" content=\"https:\/\/autofans.com.ar\/index.php\/2024\/12\/03\/stellantis-inicia-transicion-de-liderazgo-tras-la-renuncia-de-carlos-tavares\/\" \/>\n<meta property=\"article:published_time\" content=\"2024-12-03T20:28:45+00:00\" \/>\n<meta property=\"og:image\" content=\"https:\/\/autofans.com.ar\/wp-content\/uploads\/2024\/12\/stellantis-1.jpg\" \/>\n\t<meta property=\"og:image:width\" content=\"1000\" \/>\n\t<meta property=\"og:image:height\" content=\"667\" \/>\n\t<meta property=\"og:image:type\" content=\"image\/jpeg\" \/>\n<meta name=\"author\" content=\"Alejandro Gabriel Rosito\" \/>\n<meta name=\"twitter:card\" content=\"summary_large_image\" \/>\n<meta name=\"twitter:label1\" content=\"Escrito por\" \/>\n\t<meta name=\"twitter:data1\" content=\"Alejandro Gabriel Rosito\" \/>\n\t<meta name=\"twitter:label2\" content=\"Tiempo de lectura\" \/>\n\t<meta name=\"twitter:data2\" content=\"2 minutos\" \/>\n<script type=\"application\/ld+json\" class=\"yoast-schema-graph\">{\"@context\":\"https:\\\/\\\/schema.org\",\"@graph\":[{\"@type\":\"Article\",\"@id\":\"https:\\\/\\\/autofans.com.ar\\\/index.php\\\/2024\\\/12\\\/03\\\/stellantis-inicia-transicion-de-liderazgo-tras-la-renuncia-de-carlos-tavares\\\/#article\",\"isPartOf\":{\"@id\":\"https:\\\/\\\/autofans.com.ar\\\/index.php\\\/2024\\\/12\\\/03\\\/stellantis-inicia-transicion-de-liderazgo-tras-la-renuncia-de-carlos-tavares\\\/\"},\"author\":{\"name\":\"Alejandro Gabriel Rosito\",\"@id\":\"https:\\\/\\\/autofans.com.ar\\\/#\\\/schema\\\/person\\\/4a8dda0b6df83ac3d6723e921274c2aa\"},\"headline\":\"Stellantis inicia transici\u00f3n de liderazgo tras la renuncia de Carlos Tavares\",\"datePublished\":\"2024-12-03T20:28:45+00:00\",\"mainEntityOfPage\":{\"@id\":\"https:\\\/\\\/autofans.com.ar\\\/index.php\\\/2024\\\/12\\\/03\\\/stellantis-inicia-transicion-de-liderazgo-tras-la-renuncia-de-carlos-tavares\\\/\"},\"wordCount\":378,\"image\":{\"@id\":\"https:\\\/\\\/autofans.com.ar\\\/index.php\\\/2024\\\/12\\\/03\\\/stellantis-inicia-transicion-de-liderazgo-tras-la-renuncia-de-carlos-tavares\\\/#primaryimage\"},\"thumbnailUrl\":\"https:\\\/\\\/autofans.com.ar\\\/wp-content\\\/uploads\\\/2024\\\/12\\\/stellantis-1.jpg\",\"keywords\":[\"Carlos Tavares Stellantis\",\"Comit\u00e9 Ejecutivo Interino Stellantis\",\"John Elkann liderazgo\",\"nuevo CEO Stellantis 2025\",\"Stellantis renuncia CEO\"],\"articleSection\":[\"EMPRESAS\",\"NOTICIAS\"],\"inLanguage\":\"es\"},{\"@type\":\"WebPage\",\"@id\":\"https:\\\/\\\/autofans.com.ar\\\/index.php\\\/2024\\\/12\\\/03\\\/stellantis-inicia-transicion-de-liderazgo-tras-la-renuncia-de-carlos-tavares\\\/\",\"url\":\"https:\\\/\\\/autofans.com.ar\\\/index.php\\\/2024\\\/12\\\/03\\\/stellantis-inicia-transicion-de-liderazgo-tras-la-renuncia-de-carlos-tavares\\\/\",\"name\":\"Stellantis inicia transici\u00f3n de liderazgo tras la renuncia de Carlos Tavares -\",\"isPartOf\":{\"@id\":\"https:\\\/\\\/autofans.com.ar\\\/#website\"},\"primaryImageOfPage\":{\"@id\":\"https:\\\/\\\/autofans.com.ar\\\/index.php\\\/2024\\\/12\\\/03\\\/stellantis-inicia-transicion-de-liderazgo-tras-la-renuncia-de-carlos-tavares\\\/#primaryimage\"},\"image\":{\"@id\":\"https:\\\/\\\/autofans.com.ar\\\/index.php\\\/2024\\\/12\\\/03\\\/stellantis-inicia-transicion-de-liderazgo-tras-la-renuncia-de-carlos-tavares\\\/#primaryimage\"},\"thumbnailUrl\":\"https:\\\/\\\/autofans.com.ar\\\/wp-content\\\/uploads\\\/2024\\\/12\\\/stellantis-1.jpg\",\"datePublished\":\"2024-12-03T20:28:45+00:00\",\"author\":{\"@id\":\"https:\\\/\\\/autofans.com.ar\\\/#\\\/schema\\\/person\\\/4a8dda0b6df83ac3d6723e921274c2aa\"},\"description\":\"Stellantis N.V. anunci\u00f3 que su Consejo de Administraci\u00f3n, presidido por John Elkann, acept\u00f3 la renuncia de Carlos Tavares como CEO...\",\"breadcrumb\":{\"@id\":\"https:\\\/\\\/autofans.com.ar\\\/index.php\\\/2024\\\/12\\\/03\\\/stellantis-inicia-transicion-de-liderazgo-tras-la-renuncia-de-carlos-tavares\\\/#breadcrumb\"},\"inLanguage\":\"es\",\"potentialAction\":[{\"@type\":\"ReadAction\",\"target\":[\"https:\\\/\\\/autofans.com.ar\\\/index.php\\\/2024\\\/12\\\/03\\\/stellantis-inicia-transicion-de-liderazgo-tras-la-renuncia-de-carlos-tavares\\\/\"]}]},{\"@type\":\"ImageObject\",\"inLanguage\":\"es\",\"@id\":\"https:\\\/\\\/autofans.com.ar\\\/index.php\\\/2024\\\/12\\\/03\\\/stellantis-inicia-transicion-de-liderazgo-tras-la-renuncia-de-carlos-tavares\\\/#primaryimage\",\"url\":\"https:\\\/\\\/autofans.com.ar\\\/wp-content\\\/uploads\\\/2024\\\/12\\\/stellantis-1.jpg\",\"contentUrl\":\"https:\\\/\\\/autofans.com.ar\\\/wp-content\\\/uploads\\\/2024\\\/12\\\/stellantis-1.jpg\",\"width\":1000,\"height\":667,\"caption\":\"Stellantis\"},{\"@type\":\"BreadcrumbList\",\"@id\":\"https:\\\/\\\/autofans.com.ar\\\/index.php\\\/2024\\\/12\\\/03\\\/stellantis-inicia-transicion-de-liderazgo-tras-la-renuncia-de-carlos-tavares\\\/#breadcrumb\",\"itemListElement\":[{\"@type\":\"ListItem\",\"position\":1,\"name\":\"Inicio\",\"item\":\"https:\\\/\\\/autofans.com.ar\\\/\"},{\"@type\":\"ListItem\",\"position\":2,\"name\":\"Stellantis inicia transici\u00f3n de liderazgo tras la renuncia de Carlos Tavares\"}]},{\"@type\":\"WebSite\",\"@id\":\"https:\\\/\\\/autofans.com.ar\\\/#website\",\"url\":\"https:\\\/\\\/autofans.com.ar\\\/\",\"name\":\"\",\"description\":\"El multimedio referente de la industria automotriz\",\"potentialAction\":[{\"@type\":\"SearchAction\",\"target\":{\"@type\":\"EntryPoint\",\"urlTemplate\":\"https:\\\/\\\/autofans.com.ar\\\/?s={search_term_string}\"},\"query-input\":{\"@type\":\"PropertyValueSpecification\",\"valueRequired\":true,\"valueName\":\"search_term_string\"}}],\"inLanguage\":\"es\"},{\"@type\":\"Person\",\"@id\":\"https:\\\/\\\/autofans.com.ar\\\/#\\\/schema\\\/person\\\/4a8dda0b6df83ac3d6723e921274c2aa\",\"name\":\"Alejandro Gabriel Rosito\",\"image\":{\"@type\":\"ImageObject\",\"inLanguage\":\"es\",\"@id\":\"https:\\\/\\\/secure.gravatar.com\\\/avatar\\\/16c5dda1489adfc62618084dcbb91cffd879c374b13fe5dd8e44ed6733852c88?s=96&d=mm&r=g\",\"url\":\"https:\\\/\\\/secure.gravatar.com\\\/avatar\\\/16c5dda1489adfc62618084dcbb91cffd879c374b13fe5dd8e44ed6733852c88?s=96&d=mm&r=g\",\"contentUrl\":\"https:\\\/\\\/secure.gravatar.com\\\/avatar\\\/16c5dda1489adfc62618084dcbb91cffd879c374b13fe5dd8e44ed6733852c88?s=96&d=mm&r=g\",\"caption\":\"Alejandro Gabriel Rosito\"},\"url\":\"https:\\\/\\\/autofans.com.ar\\\/index.php\\\/author\\\/gabrielr\\\/\"}]}<\/script>\n<!-- \/ Yoast SEO plugin. -->","yoast_head_json":{"title":"Stellantis inicia transici\u00f3n de liderazgo tras la renuncia de Carlos Tavares -","description":"Stellantis N.V. anunci\u00f3 que su Consejo de Administraci\u00f3n, presidido por John Elkann, acept\u00f3 la renuncia de Carlos Tavares como CEO...","robots":{"index":"index","follow":"follow","max-snippet":"max-snippet:-1","max-image-preview":"max-image-preview:large","max-video-preview":"max-video-preview:-1"},"canonical":"https:\/\/autofans.com.ar\/index.php\/2024\/12\/03\/stellantis-inicia-transicion-de-liderazgo-tras-la-renuncia-de-carlos-tavares\/","og_locale":"es_ES","og_type":"article","og_title":"Stellantis inicia transici\u00f3n de liderazgo tras la renuncia de Carlos Tavares -","og_description":"Stellantis N.V. anunci\u00f3 que su Consejo de Administraci\u00f3n, presidido por John Elkann, acept\u00f3 la renuncia de Carlos Tavares como CEO...","og_url":"https:\/\/autofans.com.ar\/index.php\/2024\/12\/03\/stellantis-inicia-transicion-de-liderazgo-tras-la-renuncia-de-carlos-tavares\/","article_published_time":"2024-12-03T20:28:45+00:00","og_image":[{"width":1000,"height":667,"url":"https:\/\/autofans.com.ar\/wp-content\/uploads\/2024\/12\/stellantis-1.jpg","type":"image\/jpeg"}],"author":"Alejandro Gabriel Rosito","twitter_card":"summary_large_image","twitter_misc":{"Escrito por":"Alejandro Gabriel Rosito","Tiempo de lectura":"2 minutos"},"schema":{"@context":"https:\/\/schema.org","@graph":[{"@type":"Article","@id":"https:\/\/autofans.com.ar\/index.php\/2024\/12\/03\/stellantis-inicia-transicion-de-liderazgo-tras-la-renuncia-de-carlos-tavares\/#article","isPartOf":{"@id":"https:\/\/autofans.com.ar\/index.php\/2024\/12\/03\/stellantis-inicia-transicion-de-liderazgo-tras-la-renuncia-de-carlos-tavares\/"},"author":{"name":"Alejandro Gabriel Rosito","@id":"https:\/\/autofans.com.ar\/#\/schema\/person\/4a8dda0b6df83ac3d6723e921274c2aa"},"headline":"Stellantis inicia transici\u00f3n de liderazgo tras la renuncia de Carlos Tavares","datePublished":"2024-12-03T20:28:45+00:00","mainEntityOfPage":{"@id":"https:\/\/autofans.com.ar\/index.php\/2024\/12\/03\/stellantis-inicia-transicion-de-liderazgo-tras-la-renuncia-de-carlos-tavares\/"},"wordCount":378,"image":{"@id":"https:\/\/autofans.com.ar\/index.php\/2024\/12\/03\/stellantis-inicia-transicion-de-liderazgo-tras-la-renuncia-de-carlos-tavares\/#primaryimage"},"thumbnailUrl":"https:\/\/autofans.com.ar\/wp-content\/uploads\/2024\/12\/stellantis-1.jpg","keywords":["Carlos Tavares Stellantis","Comit\u00e9 Ejecutivo Interino Stellantis","John Elkann liderazgo","nuevo CEO Stellantis 2025","Stellantis renuncia CEO"],"articleSection":["EMPRESAS","NOTICIAS"],"inLanguage":"es"},{"@type":"WebPage","@id":"https:\/\/autofans.com.ar\/index.php\/2024\/12\/03\/stellantis-inicia-transicion-de-liderazgo-tras-la-renuncia-de-carlos-tavares\/","url":"https:\/\/autofans.com.ar\/index.php\/2024\/12\/03\/stellantis-inicia-transicion-de-liderazgo-tras-la-renuncia-de-carlos-tavares\/","name":"Stellantis inicia transici\u00f3n de liderazgo tras la renuncia de Carlos Tavares -","isPartOf":{"@id":"https:\/\/autofans.com.ar\/#website"},"primaryImageOfPage":{"@id":"https:\/\/autofans.com.ar\/index.php\/2024\/12\/03\/stellantis-inicia-transicion-de-liderazgo-tras-la-renuncia-de-carlos-tavares\/#primaryimage"},"image":{"@id":"https:\/\/autofans.com.ar\/index.php\/2024\/12\/03\/stellantis-inicia-transicion-de-liderazgo-tras-la-renuncia-de-carlos-tavares\/#primaryimage"},"thumbnailUrl":"https:\/\/autofans.com.ar\/wp-content\/uploads\/2024\/12\/stellantis-1.jpg","datePublished":"2024-12-03T20:28:45+00:00","author":{"@id":"https:\/\/autofans.com.ar\/#\/schema\/person\/4a8dda0b6df83ac3d6723e921274c2aa"},"description":"Stellantis N.V. anunci\u00f3 que su Consejo de Administraci\u00f3n, presidido por John Elkann, acept\u00f3 la renuncia de Carlos Tavares como CEO...","breadcrumb":{"@id":"https:\/\/autofans.com.ar\/index.php\/2024\/12\/03\/stellantis-inicia-transicion-de-liderazgo-tras-la-renuncia-de-carlos-tavares\/#breadcrumb"},"inLanguage":"es","potentialAction":[{"@type":"ReadAction","target":["https:\/\/autofans.com.ar\/index.php\/2024\/12\/03\/stellantis-inicia-transicion-de-liderazgo-tras-la-renuncia-de-carlos-tavares\/"]}]},{"@type":"ImageObject","inLanguage":"es","@id":"https:\/\/autofans.com.ar\/index.php\/2024\/12\/03\/stellantis-inicia-transicion-de-liderazgo-tras-la-renuncia-de-carlos-tavares\/#primaryimage","url":"https:\/\/autofans.com.ar\/wp-content\/uploads\/2024\/12\/stellantis-1.jpg","contentUrl":"https:\/\/autofans.com.ar\/wp-content\/uploads\/2024\/12\/stellantis-1.jpg","width":1000,"height":667,"caption":"Stellantis"},{"@type":"BreadcrumbList","@id":"https:\/\/autofans.com.ar\/index.php\/2024\/12\/03\/stellantis-inicia-transicion-de-liderazgo-tras-la-renuncia-de-carlos-tavares\/#breadcrumb","itemListElement":[{"@type":"ListItem","position":1,"name":"Inicio","item":"https:\/\/autofans.com.ar\/"},{"@type":"ListItem","position":2,"name":"Stellantis inicia transici\u00f3n de liderazgo tras la renuncia de Carlos Tavares"}]},{"@type":"WebSite","@id":"https:\/\/autofans.com.ar\/#website","url":"https:\/\/autofans.com.ar\/","name":"","description":"El multimedio referente de la industria automotriz","potentialAction":[{"@type":"SearchAction","target":{"@type":"EntryPoint","urlTemplate":"https:\/\/autofans.com.ar\/?s={search_term_string}"},"query-input":{"@type":"PropertyValueSpecification","valueRequired":true,"valueName":"search_term_string"}}],"inLanguage":"es"},{"@type":"Person","@id":"https:\/\/autofans.com.ar\/#\/schema\/person\/4a8dda0b6df83ac3d6723e921274c2aa","name":"Alejandro Gabriel Rosito","image":{"@type":"ImageObject","inLanguage":"es","@id":"https:\/\/secure.gravatar.com\/avatar\/16c5dda1489adfc62618084dcbb91cffd879c374b13fe5dd8e44ed6733852c88?s=96&d=mm&r=g","url":"https:\/\/secure.gravatar.com\/avatar\/16c5dda1489adfc62618084dcbb91cffd879c374b13fe5dd8e44ed6733852c88?s=96&d=mm&r=g","contentUrl":"https:\/\/secure.gravatar.com\/avatar\/16c5dda1489adfc62618084dcbb91cffd879c374b13fe5dd8e44ed6733852c88?s=96&d=mm&r=g","caption":"Alejandro Gabriel Rosito"},"url":"https:\/\/autofans.com.ar\/index.php\/author\/gabrielr\/"}]}},"featured_image_urls":{"full":["https:\/\/autofans.com.ar\/wp-content\/uploads\/2024\/12\/stellantis-1.jpg",1000,667,false],"thumbnail":["https:\/\/autofans.com.ar\/wp-content\/uploads\/2024\/12\/stellantis-1-150x150.jpg",150,150,true],"medium":["https:\/\/autofans.com.ar\/wp-content\/uploads\/2024\/12\/stellantis-1-300x200.jpg",300,200,true],"medium_large":["https:\/\/autofans.com.ar\/wp-content\/uploads\/2024\/12\/stellantis-1-768x512.jpg",640,427,true],"large":["https:\/\/autofans.com.ar\/wp-content\/uploads\/2024\/12\/stellantis-1.jpg",640,427,false],"1536x1536":["https:\/\/autofans.com.ar\/wp-content\/uploads\/2024\/12\/stellantis-1.jpg",1000,667,false],"2048x2048":["https:\/\/autofans.com.ar\/wp-content\/uploads\/2024\/12\/stellantis-1.jpg",1000,667,false],"covernews-featured":["https:\/\/autofans.com.ar\/wp-content\/uploads\/2024\/12\/stellantis-1.jpg",1000,667,false],"covernews-medium":["https:\/\/autofans.com.ar\/wp-content\/uploads\/2024\/12\/stellantis-1-540x340.jpg",540,340,true]},"author_info":{"display_name":"Alejandro Gabriel Rosito","author_link":"https:\/\/autofans.com.ar\/index.php\/author\/gabrielr\/"},"category_info":"<a href=\"https:\/\/autofans.com.ar\/index.php\/category\/noticias\/empresas\/\" rel=\"category tag\">EMPRESAS<\/a> <a href=\"https:\/\/autofans.com.ar\/index.php\/category\/noticias\/\" rel=\"category tag\">NOTICIAS<\/a>","tag_info":"NOTICIAS","comment_count":0,"_links":{"self":[{"href":"https:\/\/autofans.com.ar\/index.php\/wp-json\/wp\/v2\/posts\/10098","targetHints":{"allow":["GET"]}}],"collection":[{"href":"https:\/\/autofans.com.ar\/index.php\/wp-json\/wp\/v2\/posts"}],"about":[{"href":"https:\/\/autofans.com.ar\/index.php\/wp-json\/wp\/v2\/types\/post"}],"author":[{"embeddable":true,"href":"https:\/\/autofans.com.ar\/index.php\/wp-json\/wp\/v2\/users\/2"}],"replies":[{"embeddable":true,"href":"https:\/\/autofans.com.ar\/index.php\/wp-json\/wp\/v2\/comments?post=10098"}],"version-history":[{"count":5,"href":"https:\/\/autofans.com.ar\/index.php\/wp-json\/wp\/v2\/posts\/10098\/revisions"}],"predecessor-version":[{"id":10107,"href":"https:\/\/autofans.com.ar\/index.php\/wp-json\/wp\/v2\/posts\/10098\/revisions\/10107"}],"wp:featuredmedia":[{"embeddable":true,"href":"https:\/\/autofans.com.ar\/index.php\/wp-json\/wp\/v2\/media\/10102"}],"wp:attachment":[{"href":"https:\/\/autofans.com.ar\/index.php\/wp-json\/wp\/v2\/media?parent=10098"}],"wp:term":[{"taxonomy":"category","embeddable":true,"href":"https:\/\/autofans.com.ar\/index.php\/wp-json\/wp\/v2\/categories?post=10098"},{"taxonomy":"post_tag","embeddable":true,"href":"https:\/\/autofans.com.ar\/index.php\/wp-json\/wp\/v2\/tags?post=10098"}],"curies":[{"name":"wp","href":"https:\/\/api.w.org\/{rel}","templated":true}]}}