{"id":10108,"date":"2024-12-03T18:23:31","date_gmt":"2024-12-03T21:23:31","guid":{"rendered":"https:\/\/autofans.com.ar\/?p=10108"},"modified":"2024-12-03T18:23:31","modified_gmt":"2024-12-03T21:23:31","slug":"iveco-bus-mejora-el-transporte-en-el-norte-argentino","status":"publish","type":"post","link":"https:\/\/autofans.com.ar\/index.php\/2024\/12\/03\/iveco-bus-mejora-el-transporte-en-el-norte-argentino\/","title":{"rendered":"IVECO BUS mejora el transporte en el norte argentino"},"content":{"rendered":"<p>La Municipalidad de Roque S\u00e1enz Pe\u00f1a y la marca IVECO BUS, perteneciente al Iveco Group, unieron esfuerzos para modernizar el transporte de pasajeros en la provincia del Chaco. En un acto liderado por el intendente Bruno Cipolini, se oficializ\u00f3 la entrega de cinco veh\u00edculos BUS 10-190, marcando un hito como las primeras unidades de esta l\u00ednea en la regi\u00f3n.<\/p>\n<p>&nbsp;<\/p>\n<blockquote>\n<p style=\"text-align: center;\">\u201cEs un gran honor que nuestros veh\u00edculos sean elegidos como soluci\u00f3n para el transporte p\u00fablico ya que reafirma que estamos cumpliendo con los est\u00e1ndares de calidad que nos proponemos. Adem\u00e1s, nos permite reconocer que nuestros productos est\u00e1n alineados con las necesidades de las provincias\u201d, expres\u00f3 Fernando Quadrelli, Gerente Comercial de IVECO BUS.<\/p>\n<\/blockquote>\n<p>&nbsp;<\/p>\n<h2>Dise\u00f1o adaptado para diferentes necesidades<\/h2>\n<p>&nbsp;<\/p>\n<p><img fetchpriority=\"high\" decoding=\"async\" class=\"aligncenter wp-image-10112 size-full\" src=\"https:\/\/autofans.com.ar\/wp-content\/uploads\/2024\/12\/iveco-2.jpg\" alt=\"IVECO BUS\" width=\"1000\" height=\"667\" srcset=\"https:\/\/autofans.com.ar\/wp-content\/uploads\/2024\/12\/iveco-2.jpg 1000w, https:\/\/autofans.com.ar\/wp-content\/uploads\/2024\/12\/iveco-2-300x200.jpg 300w, https:\/\/autofans.com.ar\/wp-content\/uploads\/2024\/12\/iveco-2-768x512.jpg 768w\" sizes=\"(max-width: 1000px) 100vw, 1000px\" \/><\/p>\n<p>&nbsp;<\/p>\n<p>Los IVECO BUS 10-190 ofrecen flexibilidad en su configuraci\u00f3n, pudiendo transportar hasta 31 pasajeros sentados o una combinaci\u00f3n de 26 asientos y espacio para personas con movilidad reducida. Estos veh\u00edculos incorporan rampa autom\u00e1tica, espacio isqui\u00e1tico, aire acondicionado dual y calefacci\u00f3n, priorizando la comodidad de los usuarios. Con una capacidad de carga de 10 toneladas, est\u00e1n preparados para diversos usos, adapt\u00e1ndose a las demandas del municipio.<\/p>\n<p>&nbsp;<\/p>\n<blockquote>\n<p style=\"text-align: center;\">Bruno Cipolini, Intendente de Roque S\u00e1enz Pe\u00f1a expres\u00f3: <em>\u201cVenimos de un largo debate en relaci\u00f3n al sistema de transporte p\u00fablico en la ciudad y hemos entendido que era necesaria una reconfiguraci\u00f3n del sistema, confi\u00e1bamos desde el municipio en la posibilidad de ofrecer el servicio de transporte p\u00fablico y aqu\u00ed est\u00e1n hoy las primeras cinco unidades para dar inicio a la prestaci\u00f3n propia del transporte de pasajeros\u201d.\u00a0<\/em><\/p>\n<\/blockquote>\n<p>&nbsp;<\/p>\n<h2>Expansi\u00f3n de IVECO BUS en Argentina<\/h2>\n<p>&nbsp;<\/p>\n<p><img decoding=\"async\" class=\"aligncenter wp-image-10113 size-full\" src=\"https:\/\/autofans.com.ar\/wp-content\/uploads\/2024\/12\/iveco-1.jpg\" alt=\"IVECO BUS\" width=\"1000\" height=\"667\" srcset=\"https:\/\/autofans.com.ar\/wp-content\/uploads\/2024\/12\/iveco-1.jpg 1000w, https:\/\/autofans.com.ar\/wp-content\/uploads\/2024\/12\/iveco-1-300x200.jpg 300w, https:\/\/autofans.com.ar\/wp-content\/uploads\/2024\/12\/iveco-1-768x512.jpg 768w\" sizes=\"(max-width: 1000px) 100vw, 1000px\" \/><\/p>\n<p>&nbsp;<\/p>\n<p>Con esta entrega, la marca fortalece su presencia en el norte del pa\u00eds, reafirmando su compromiso con soluciones de transporte eficientes y accesibles. El modelo 10-190 est\u00e1 equipado con un motor FPT N45 de 4 cilindros, potencia de 190 cv, y cumple con los est\u00e1ndares de emisi\u00f3n EURO V. Estas caracter\u00edsticas garantizan un rendimiento \u00f3ptimo y amigable con el medio ambiente.<\/p>\n<p>&nbsp;<\/p>\n<h4>Ficha t\u00e9cnica del IVECO BUS 10-190<\/h4>\n<ul>\n<li><strong>Motor:<\/strong> FPT N45<\/li>\n<li><strong>Cilindros \/ Cilindrada:<\/strong> 4, 5 L<\/li>\n<li><strong>Emisiones:<\/strong> EURO V<\/li>\n<li><strong>Potencia:<\/strong> 190 cv (2.500 rpm)<\/li>\n<\/ul>\n<p>&nbsp;<\/p>\n<blockquote>\n<p style=\"text-align: center;\">Estamos expectantes por la posibilidad de seguir trabajando juntos ahora que las unidades ya han sido entregadas, y seguramente, a medida que el servicio prestado pueda seguir creciendo, seguiremos fortaleciendo la relaci\u00f3n con la marca y Overbus. Es un producto que claramente ha llenado las expectativas. Estamos agradecidos, contentos, y expectantes a la posibilidad de seguir trabajando juntos con nuevas unidades en el futuro\u201d, concluy\u00f3 Cipolini.<\/p>\n<\/blockquote>\n<p>&nbsp;<\/p>\n<p>&nbsp;<\/p>\n<p>&nbsp;<\/p>\n<p><i>Para enterarte de m\u00e1s novedades, no dejes de leer\u00a0<\/i><a href=\"https:\/\/autofans.thebrandsoup.com\/\"><i>nuestras notas<\/i><\/a><i>, de ver<\/i><b><i>\u00a0<\/i><\/b><a href=\"https:\/\/www.youtube.com\/channel\/UCgAC8UGHZYbT6P7PpmVnP7g\"><b><i>AUTOFANS TV<\/i><\/b><\/a><b><i>\u00a0<\/i><\/b><i>en nuestro\u00a0canal de Youtube. Adem\u00e1s seguinos en\u00a0<\/i><a href=\"https:\/\/www.instagram.com\/autofanstv\/\"><i>INSTAGRAM<\/i><\/a><i> y <\/i><a href=\"https:\/\/www.facebook.com\/autofansmas\/\"><i>FACEBOOK<\/i><\/a><i> para no perderte nada sobre las novedades del segmento automotor de Argentina y el mundo.<\/i><\/p>\n","protected":false},"excerpt":{"rendered":"<p>La Municipalidad de Roque S\u00e1enz Pe\u00f1a y la marca IVECO BUS, perteneciente al Iveco Group,&#8230;<\/p>\n","protected":false},"author":2,"featured_media":10111,"comment_status":"closed","ping_status":"closed","sticky":false,"template":"","format":"standard","meta":{"footnotes":""},"categories":[292,16],"tags":[5475,5471,2210,3237,1460,5472,5474,1390,5473],"class_list":["post-10108","post","type-post","status-publish","format-standard","has-post-thumbnail","hentry","category-empresas","category-noticias","tag-buses-10-190","tag-buses-argentinos","tag-innovacion-en-transporte","tag-iveco-bus","tag-movilidad-sustentable","tag-roque-saenz-pena","tag-transporte-accesible","tag-transporte-publico","tag-vehiculos-de-pasajeros"],"yoast_head":"<!-- This site is optimized with the Yoast SEO plugin v27.5 - https:\/\/yoast.com\/product\/yoast-seo-wordpress\/ -->\n<title>IVECO BUS mejora el transporte en el norte argentino -<\/title>\n<meta name=\"description\" content=\"La Muni. de Roque S\u00e1enz Pe\u00f1a y la marca IVECO BUS, unieron esfuerzos para modernizar el transporte de pasajeros en la provincia del Chaco\" \/>\n<meta name=\"robots\" content=\"index, follow, max-snippet:-1, max-image-preview:large, max-video-preview:-1\" \/>\n<link rel=\"canonical\" href=\"https:\/\/autofans.com.ar\/index.php\/2024\/12\/03\/iveco-bus-mejora-el-transporte-en-el-norte-argentino\/\" \/>\n<meta property=\"og:locale\" content=\"es_ES\" \/>\n<meta property=\"og:type\" content=\"article\" \/>\n<meta property=\"og:title\" content=\"IVECO BUS mejora el transporte en el norte argentino -\" \/>\n<meta property=\"og:description\" content=\"La Muni. de Roque S\u00e1enz Pe\u00f1a y la marca IVECO BUS, unieron esfuerzos para modernizar el transporte de pasajeros en la provincia del Chaco\" \/>\n<meta property=\"og:url\" content=\"https:\/\/autofans.com.ar\/index.php\/2024\/12\/03\/iveco-bus-mejora-el-transporte-en-el-norte-argentino\/\" \/>\n<meta property=\"article:published_time\" content=\"2024-12-03T21:23:31+00:00\" \/>\n<meta property=\"og:image\" content=\"https:\/\/autofans.com.ar\/wp-content\/uploads\/2024\/12\/iveco-3.jpg\" \/>\n\t<meta property=\"og:image:width\" content=\"1000\" \/>\n\t<meta property=\"og:image:height\" content=\"667\" \/>\n\t<meta property=\"og:image:type\" content=\"image\/jpeg\" \/>\n<meta name=\"author\" content=\"Alejandro Gabriel Rosito\" \/>\n<meta name=\"twitter:card\" content=\"summary_large_image\" \/>\n<meta name=\"twitter:label1\" content=\"Escrito por\" \/>\n\t<meta name=\"twitter:data1\" content=\"Alejandro Gabriel Rosito\" \/>\n\t<meta name=\"twitter:label2\" content=\"Tiempo de lectura\" \/>\n\t<meta name=\"twitter:data2\" content=\"2 minutos\" \/>\n<script type=\"application\/ld+json\" class=\"yoast-schema-graph\">{\"@context\":\"https:\\\/\\\/schema.org\",\"@graph\":[{\"@type\":\"Article\",\"@id\":\"https:\\\/\\\/autofans.com.ar\\\/index.php\\\/2024\\\/12\\\/03\\\/iveco-bus-mejora-el-transporte-en-el-norte-argentino\\\/#article\",\"isPartOf\":{\"@id\":\"https:\\\/\\\/autofans.com.ar\\\/index.php\\\/2024\\\/12\\\/03\\\/iveco-bus-mejora-el-transporte-en-el-norte-argentino\\\/\"},\"author\":{\"name\":\"Alejandro Gabriel Rosito\",\"@id\":\"https:\\\/\\\/autofans.com.ar\\\/#\\\/schema\\\/person\\\/4a8dda0b6df83ac3d6723e921274c2aa\"},\"headline\":\"IVECO BUS mejora el transporte en el norte argentino\",\"datePublished\":\"2024-12-03T21:23:31+00:00\",\"mainEntityOfPage\":{\"@id\":\"https:\\\/\\\/autofans.com.ar\\\/index.php\\\/2024\\\/12\\\/03\\\/iveco-bus-mejora-el-transporte-en-el-norte-argentino\\\/\"},\"wordCount\":494,\"image\":{\"@id\":\"https:\\\/\\\/autofans.com.ar\\\/index.php\\\/2024\\\/12\\\/03\\\/iveco-bus-mejora-el-transporte-en-el-norte-argentino\\\/#primaryimage\"},\"thumbnailUrl\":\"https:\\\/\\\/autofans.com.ar\\\/wp-content\\\/uploads\\\/2024\\\/12\\\/iveco-3.jpg\",\"keywords\":[\"buses 10-190\",\"buses argentinos\",\"innovaci\u00f3n en transporte\",\"IVECO BUS\",\"movilidad sustentable\",\"Roque S\u00e1enz Pe\u00f1a\",\"transporte accesible\",\"transporte p\u00fablico\",\"veh\u00edculos de pasajeros\"],\"articleSection\":[\"EMPRESAS\",\"NOTICIAS\"],\"inLanguage\":\"es\"},{\"@type\":\"WebPage\",\"@id\":\"https:\\\/\\\/autofans.com.ar\\\/index.php\\\/2024\\\/12\\\/03\\\/iveco-bus-mejora-el-transporte-en-el-norte-argentino\\\/\",\"url\":\"https:\\\/\\\/autofans.com.ar\\\/index.php\\\/2024\\\/12\\\/03\\\/iveco-bus-mejora-el-transporte-en-el-norte-argentino\\\/\",\"name\":\"IVECO BUS mejora el transporte en el norte argentino -\",\"isPartOf\":{\"@id\":\"https:\\\/\\\/autofans.com.ar\\\/#website\"},\"primaryImageOfPage\":{\"@id\":\"https:\\\/\\\/autofans.com.ar\\\/index.php\\\/2024\\\/12\\\/03\\\/iveco-bus-mejora-el-transporte-en-el-norte-argentino\\\/#primaryimage\"},\"image\":{\"@id\":\"https:\\\/\\\/autofans.com.ar\\\/index.php\\\/2024\\\/12\\\/03\\\/iveco-bus-mejora-el-transporte-en-el-norte-argentino\\\/#primaryimage\"},\"thumbnailUrl\":\"https:\\\/\\\/autofans.com.ar\\\/wp-content\\\/uploads\\\/2024\\\/12\\\/iveco-3.jpg\",\"datePublished\":\"2024-12-03T21:23:31+00:00\",\"author\":{\"@id\":\"https:\\\/\\\/autofans.com.ar\\\/#\\\/schema\\\/person\\\/4a8dda0b6df83ac3d6723e921274c2aa\"},\"description\":\"La Muni. de Roque S\u00e1enz Pe\u00f1a y la marca IVECO BUS, unieron esfuerzos para modernizar el transporte de pasajeros en la provincia del Chaco\",\"breadcrumb\":{\"@id\":\"https:\\\/\\\/autofans.com.ar\\\/index.php\\\/2024\\\/12\\\/03\\\/iveco-bus-mejora-el-transporte-en-el-norte-argentino\\\/#breadcrumb\"},\"inLanguage\":\"es\",\"potentialAction\":[{\"@type\":\"ReadAction\",\"target\":[\"https:\\\/\\\/autofans.com.ar\\\/index.php\\\/2024\\\/12\\\/03\\\/iveco-bus-mejora-el-transporte-en-el-norte-argentino\\\/\"]}]},{\"@type\":\"ImageObject\",\"inLanguage\":\"es\",\"@id\":\"https:\\\/\\\/autofans.com.ar\\\/index.php\\\/2024\\\/12\\\/03\\\/iveco-bus-mejora-el-transporte-en-el-norte-argentino\\\/#primaryimage\",\"url\":\"https:\\\/\\\/autofans.com.ar\\\/wp-content\\\/uploads\\\/2024\\\/12\\\/iveco-3.jpg\",\"contentUrl\":\"https:\\\/\\\/autofans.com.ar\\\/wp-content\\\/uploads\\\/2024\\\/12\\\/iveco-3.jpg\",\"width\":1000,\"height\":667,\"caption\":\"IVECO BUS\"},{\"@type\":\"BreadcrumbList\",\"@id\":\"https:\\\/\\\/autofans.com.ar\\\/index.php\\\/2024\\\/12\\\/03\\\/iveco-bus-mejora-el-transporte-en-el-norte-argentino\\\/#breadcrumb\",\"itemListElement\":[{\"@type\":\"ListItem\",\"position\":1,\"name\":\"Inicio\",\"item\":\"https:\\\/\\\/autofans.com.ar\\\/\"},{\"@type\":\"ListItem\",\"position\":2,\"name\":\"IVECO BUS mejora el transporte en el norte argentino\"}]},{\"@type\":\"WebSite\",\"@id\":\"https:\\\/\\\/autofans.com.ar\\\/#website\",\"url\":\"https:\\\/\\\/autofans.com.ar\\\/\",\"name\":\"\",\"description\":\"El multimedio referente de la industria automotriz\",\"potentialAction\":[{\"@type\":\"SearchAction\",\"target\":{\"@type\":\"EntryPoint\",\"urlTemplate\":\"https:\\\/\\\/autofans.com.ar\\\/?s={search_term_string}\"},\"query-input\":{\"@type\":\"PropertyValueSpecification\",\"valueRequired\":true,\"valueName\":\"search_term_string\"}}],\"inLanguage\":\"es\"},{\"@type\":\"Person\",\"@id\":\"https:\\\/\\\/autofans.com.ar\\\/#\\\/schema\\\/person\\\/4a8dda0b6df83ac3d6723e921274c2aa\",\"name\":\"Alejandro Gabriel Rosito\",\"image\":{\"@type\":\"ImageObject\",\"inLanguage\":\"es\",\"@id\":\"https:\\\/\\\/secure.gravatar.com\\\/avatar\\\/16c5dda1489adfc62618084dcbb91cffd879c374b13fe5dd8e44ed6733852c88?s=96&d=mm&r=g\",\"url\":\"https:\\\/\\\/secure.gravatar.com\\\/avatar\\\/16c5dda1489adfc62618084dcbb91cffd879c374b13fe5dd8e44ed6733852c88?s=96&d=mm&r=g\",\"contentUrl\":\"https:\\\/\\\/secure.gravatar.com\\\/avatar\\\/16c5dda1489adfc62618084dcbb91cffd879c374b13fe5dd8e44ed6733852c88?s=96&d=mm&r=g\",\"caption\":\"Alejandro Gabriel Rosito\"},\"url\":\"https:\\\/\\\/autofans.com.ar\\\/index.php\\\/author\\\/gabrielr\\\/\"}]}<\/script>\n<!-- \/ Yoast SEO plugin. -->","yoast_head_json":{"title":"IVECO BUS mejora el transporte en el norte argentino -","description":"La Muni. de Roque S\u00e1enz Pe\u00f1a y la marca IVECO BUS, unieron esfuerzos para modernizar el transporte de pasajeros en la provincia del Chaco","robots":{"index":"index","follow":"follow","max-snippet":"max-snippet:-1","max-image-preview":"max-image-preview:large","max-video-preview":"max-video-preview:-1"},"canonical":"https:\/\/autofans.com.ar\/index.php\/2024\/12\/03\/iveco-bus-mejora-el-transporte-en-el-norte-argentino\/","og_locale":"es_ES","og_type":"article","og_title":"IVECO BUS mejora el transporte en el norte argentino -","og_description":"La Muni. de Roque S\u00e1enz Pe\u00f1a y la marca IVECO BUS, unieron esfuerzos para modernizar el transporte de pasajeros en la provincia del Chaco","og_url":"https:\/\/autofans.com.ar\/index.php\/2024\/12\/03\/iveco-bus-mejora-el-transporte-en-el-norte-argentino\/","article_published_time":"2024-12-03T21:23:31+00:00","og_image":[{"width":1000,"height":667,"url":"https:\/\/autofans.com.ar\/wp-content\/uploads\/2024\/12\/iveco-3.jpg","type":"image\/jpeg"}],"author":"Alejandro Gabriel Rosito","twitter_card":"summary_large_image","twitter_misc":{"Escrito por":"Alejandro Gabriel Rosito","Tiempo de lectura":"2 minutos"},"schema":{"@context":"https:\/\/schema.org","@graph":[{"@type":"Article","@id":"https:\/\/autofans.com.ar\/index.php\/2024\/12\/03\/iveco-bus-mejora-el-transporte-en-el-norte-argentino\/#article","isPartOf":{"@id":"https:\/\/autofans.com.ar\/index.php\/2024\/12\/03\/iveco-bus-mejora-el-transporte-en-el-norte-argentino\/"},"author":{"name":"Alejandro Gabriel Rosito","@id":"https:\/\/autofans.com.ar\/#\/schema\/person\/4a8dda0b6df83ac3d6723e921274c2aa"},"headline":"IVECO BUS mejora el transporte en el norte argentino","datePublished":"2024-12-03T21:23:31+00:00","mainEntityOfPage":{"@id":"https:\/\/autofans.com.ar\/index.php\/2024\/12\/03\/iveco-bus-mejora-el-transporte-en-el-norte-argentino\/"},"wordCount":494,"image":{"@id":"https:\/\/autofans.com.ar\/index.php\/2024\/12\/03\/iveco-bus-mejora-el-transporte-en-el-norte-argentino\/#primaryimage"},"thumbnailUrl":"https:\/\/autofans.com.ar\/wp-content\/uploads\/2024\/12\/iveco-3.jpg","keywords":["buses 10-190","buses argentinos","innovaci\u00f3n en transporte","IVECO BUS","movilidad sustentable","Roque S\u00e1enz Pe\u00f1a","transporte accesible","transporte p\u00fablico","veh\u00edculos de pasajeros"],"articleSection":["EMPRESAS","NOTICIAS"],"inLanguage":"es"},{"@type":"WebPage","@id":"https:\/\/autofans.com.ar\/index.php\/2024\/12\/03\/iveco-bus-mejora-el-transporte-en-el-norte-argentino\/","url":"https:\/\/autofans.com.ar\/index.php\/2024\/12\/03\/iveco-bus-mejora-el-transporte-en-el-norte-argentino\/","name":"IVECO BUS mejora el transporte en el norte argentino -","isPartOf":{"@id":"https:\/\/autofans.com.ar\/#website"},"primaryImageOfPage":{"@id":"https:\/\/autofans.com.ar\/index.php\/2024\/12\/03\/iveco-bus-mejora-el-transporte-en-el-norte-argentino\/#primaryimage"},"image":{"@id":"https:\/\/autofans.com.ar\/index.php\/2024\/12\/03\/iveco-bus-mejora-el-transporte-en-el-norte-argentino\/#primaryimage"},"thumbnailUrl":"https:\/\/autofans.com.ar\/wp-content\/uploads\/2024\/12\/iveco-3.jpg","datePublished":"2024-12-03T21:23:31+00:00","author":{"@id":"https:\/\/autofans.com.ar\/#\/schema\/person\/4a8dda0b6df83ac3d6723e921274c2aa"},"description":"La Muni. de Roque S\u00e1enz Pe\u00f1a y la marca IVECO BUS, unieron esfuerzos para modernizar el transporte de pasajeros en la provincia del Chaco","breadcrumb":{"@id":"https:\/\/autofans.com.ar\/index.php\/2024\/12\/03\/iveco-bus-mejora-el-transporte-en-el-norte-argentino\/#breadcrumb"},"inLanguage":"es","potentialAction":[{"@type":"ReadAction","target":["https:\/\/autofans.com.ar\/index.php\/2024\/12\/03\/iveco-bus-mejora-el-transporte-en-el-norte-argentino\/"]}]},{"@type":"ImageObject","inLanguage":"es","@id":"https:\/\/autofans.com.ar\/index.php\/2024\/12\/03\/iveco-bus-mejora-el-transporte-en-el-norte-argentino\/#primaryimage","url":"https:\/\/autofans.com.ar\/wp-content\/uploads\/2024\/12\/iveco-3.jpg","contentUrl":"https:\/\/autofans.com.ar\/wp-content\/uploads\/2024\/12\/iveco-3.jpg","width":1000,"height":667,"caption":"IVECO BUS"},{"@type":"BreadcrumbList","@id":"https:\/\/autofans.com.ar\/index.php\/2024\/12\/03\/iveco-bus-mejora-el-transporte-en-el-norte-argentino\/#breadcrumb","itemListElement":[{"@type":"ListItem","position":1,"name":"Inicio","item":"https:\/\/autofans.com.ar\/"},{"@type":"ListItem","position":2,"name":"IVECO BUS mejora el transporte en el norte argentino"}]},{"@type":"WebSite","@id":"https:\/\/autofans.com.ar\/#website","url":"https:\/\/autofans.com.ar\/","name":"","description":"El multimedio referente de la industria automotriz","potentialAction":[{"@type":"SearchAction","target":{"@type":"EntryPoint","urlTemplate":"https:\/\/autofans.com.ar\/?s={search_term_string}"},"query-input":{"@type":"PropertyValueSpecification","valueRequired":true,"valueName":"search_term_string"}}],"inLanguage":"es"},{"@type":"Person","@id":"https:\/\/autofans.com.ar\/#\/schema\/person\/4a8dda0b6df83ac3d6723e921274c2aa","name":"Alejandro Gabriel Rosito","image":{"@type":"ImageObject","inLanguage":"es","@id":"https:\/\/secure.gravatar.com\/avatar\/16c5dda1489adfc62618084dcbb91cffd879c374b13fe5dd8e44ed6733852c88?s=96&d=mm&r=g","url":"https:\/\/secure.gravatar.com\/avatar\/16c5dda1489adfc62618084dcbb91cffd879c374b13fe5dd8e44ed6733852c88?s=96&d=mm&r=g","contentUrl":"https:\/\/secure.gravatar.com\/avatar\/16c5dda1489adfc62618084dcbb91cffd879c374b13fe5dd8e44ed6733852c88?s=96&d=mm&r=g","caption":"Alejandro Gabriel Rosito"},"url":"https:\/\/autofans.com.ar\/index.php\/author\/gabrielr\/"}]}},"featured_image_urls":{"full":["https:\/\/autofans.com.ar\/wp-content\/uploads\/2024\/12\/iveco-3.jpg",1000,667,false],"thumbnail":["https:\/\/autofans.com.ar\/wp-content\/uploads\/2024\/12\/iveco-3-150x150.jpg",150,150,true],"medium":["https:\/\/autofans.com.ar\/wp-content\/uploads\/2024\/12\/iveco-3-300x200.jpg",300,200,true],"medium_large":["https:\/\/autofans.com.ar\/wp-content\/uploads\/2024\/12\/iveco-3-768x512.jpg",640,427,true],"large":["https:\/\/autofans.com.ar\/wp-content\/uploads\/2024\/12\/iveco-3.jpg",640,427,false],"1536x1536":["https:\/\/autofans.com.ar\/wp-content\/uploads\/2024\/12\/iveco-3.jpg",1000,667,false],"2048x2048":["https:\/\/autofans.com.ar\/wp-content\/uploads\/2024\/12\/iveco-3.jpg",1000,667,false],"covernews-featured":["https:\/\/autofans.com.ar\/wp-content\/uploads\/2024\/12\/iveco-3.jpg",1000,667,false],"covernews-medium":["https:\/\/autofans.com.ar\/wp-content\/uploads\/2024\/12\/iveco-3-540x340.jpg",540,340,true]},"author_info":{"display_name":"Alejandro Gabriel Rosito","author_link":"https:\/\/autofans.com.ar\/index.php\/author\/gabrielr\/"},"category_info":"<a href=\"https:\/\/autofans.com.ar\/index.php\/category\/noticias\/empresas\/\" rel=\"category tag\">EMPRESAS<\/a> <a href=\"https:\/\/autofans.com.ar\/index.php\/category\/noticias\/\" rel=\"category tag\">NOTICIAS<\/a>","tag_info":"NOTICIAS","comment_count":0,"_links":{"self":[{"href":"https:\/\/autofans.com.ar\/index.php\/wp-json\/wp\/v2\/posts\/10108","targetHints":{"allow":["GET"]}}],"collection":[{"href":"https:\/\/autofans.com.ar\/index.php\/wp-json\/wp\/v2\/posts"}],"about":[{"href":"https:\/\/autofans.com.ar\/index.php\/wp-json\/wp\/v2\/types\/post"}],"author":[{"embeddable":true,"href":"https:\/\/autofans.com.ar\/index.php\/wp-json\/wp\/v2\/users\/2"}],"replies":[{"embeddable":true,"href":"https:\/\/autofans.com.ar\/index.php\/wp-json\/wp\/v2\/comments?post=10108"}],"version-history":[{"count":3,"href":"https:\/\/autofans.com.ar\/index.php\/wp-json\/wp\/v2\/posts\/10108\/revisions"}],"predecessor-version":[{"id":10114,"href":"https:\/\/autofans.com.ar\/index.php\/wp-json\/wp\/v2\/posts\/10108\/revisions\/10114"}],"wp:featuredmedia":[{"embeddable":true,"href":"https:\/\/autofans.com.ar\/index.php\/wp-json\/wp\/v2\/media\/10111"}],"wp:attachment":[{"href":"https:\/\/autofans.com.ar\/index.php\/wp-json\/wp\/v2\/media?parent=10108"}],"wp:term":[{"taxonomy":"category","embeddable":true,"href":"https:\/\/autofans.com.ar\/index.php\/wp-json\/wp\/v2\/categories?post=10108"},{"taxonomy":"post_tag","embeddable":true,"href":"https:\/\/autofans.com.ar\/index.php\/wp-json\/wp\/v2\/tags?post=10108"}],"curies":[{"name":"wp","href":"https:\/\/api.w.org\/{rel}","templated":true}]}}