{"id":10138,"date":"2024-12-05T21:15:56","date_gmt":"2024-12-06T00:15:56","guid":{"rendered":"https:\/\/autofans.com.ar\/?p=10138"},"modified":"2024-12-05T21:15:56","modified_gmt":"2024-12-06T00:15:56","slug":"diez-anos-de-ds-automobiles-en-formula-e","status":"publish","type":"post","link":"https:\/\/autofans.com.ar\/index.php\/2024\/12\/05\/diez-anos-de-ds-automobiles-en-formula-e\/","title":{"rendered":"Diez a\u00f1os de DS Automobiles en F\u00f3rmula E"},"content":{"rendered":"<p>Desde su ingreso en el Campeonato Mundial de F\u00f3rmula E ABB FIA en 2015, DS Automobiles ha demostrado un fuerte compromiso con la innovaci\u00f3n tecnol\u00f3gica y la sostenibilidad. Este s\u00e1bado 7 de diciembre, la marca comenzar\u00e1 su d\u00e9cima temporada en Sao Paulo, Brasil, reafirmando su liderazgo en el automovilismo el\u00e9ctrico.<\/p>\n<p>Con una trayectoria destacada, DS Automobiles ha participado en 121 carreras, logrando 16 victorias, 51 podios y 24 pole positions. Adem\u00e1s de conquistar cuatro t\u00edtulos de campe\u00f3n (dos de equipos y dos de pilotos). Estos logros posicionan a la marca como un referente en la F\u00f3rmula E y un acelerador clave del desarrollo tecnol\u00f3gico de sus veh\u00edculos el\u00e9ctricos de alta gama.<\/p>\n<p>&nbsp;<\/p>\n<h2>Compromiso con la electrificaci\u00f3n<\/h2>\n<p>&nbsp;<\/p>\n<p><img fetchpriority=\"high\" decoding=\"async\" class=\"aligncenter wp-image-10142 size-full\" src=\"https:\/\/autofans.com.ar\/wp-content\/uploads\/2024\/12\/ds-auto-2.jpg\" alt=\"F\u00f3rmula E\" width=\"1000\" height=\"667\" srcset=\"https:\/\/autofans.com.ar\/wp-content\/uploads\/2024\/12\/ds-auto-2.jpg 1000w, https:\/\/autofans.com.ar\/wp-content\/uploads\/2024\/12\/ds-auto-2-300x200.jpg 300w, https:\/\/autofans.com.ar\/wp-content\/uploads\/2024\/12\/ds-auto-2-768x512.jpg 768w\" sizes=\"(max-width: 1000px) 100vw, 1000px\" \/><\/p>\n<p>&nbsp;<\/p>\n<p>La experiencia adquirida en la F\u00f3rmula E ha permitido a DS Automobiles enriquecer su gama de veh\u00edculos el\u00e9ctricos e h\u00edbridos. Modelos como el DS 3 y DS 4 100% el\u00e9ctricos o el pr\u00f3ximo DS N\u00b08, con una autonom\u00eda de hasta 750 km, son ejemplos del avance hacia una movilidad sostenible y de alta performance.<\/p>\n<p>&nbsp;<\/p>\n<h2>Un nuevo cap\u00edtulo &#8211; DS E-TENSE FE25<\/h2>\n<p>&nbsp;<\/p>\n<p><img decoding=\"async\" class=\"aligncenter wp-image-10143 size-full\" src=\"https:\/\/autofans.com.ar\/wp-content\/uploads\/2024\/12\/ds-auto-1.jpg\" alt=\"F\u00f3rmula E\" width=\"1000\" height=\"667\" srcset=\"https:\/\/autofans.com.ar\/wp-content\/uploads\/2024\/12\/ds-auto-1.jpg 1000w, https:\/\/autofans.com.ar\/wp-content\/uploads\/2024\/12\/ds-auto-1-300x200.jpg 300w, https:\/\/autofans.com.ar\/wp-content\/uploads\/2024\/12\/ds-auto-1-768x512.jpg 768w\" sizes=\"(max-width: 1000px) 100vw, 1000px\" \/><\/p>\n<p>&nbsp;<\/p>\n<p>El equipo DS Performance, junto con su socio PENSKE AUTOSPORT, presenta esta temporada el DS E-TENSE FE25. Un monoplaza Gen3 Evo dise\u00f1ado para competir al m\u00e1s alto nivel. Bajo la conducci\u00f3n de Jean-Eric Vergne, \u00fanico bicampe\u00f3n de F\u00f3rmula E, y Maximilian G\u00fcnther, la meta es clara: conquistar m\u00e1s podios y consolidar el liderazgo de la marca.<\/p>\n<p>&nbsp;<\/p>\n<h2>F\u00f3rmula E &#8211; innovaci\u00f3n y proyecci\u00f3n global<\/h2>\n<p>Seg\u00fan Olivier Fran\u00e7ois, CEO de DS Automobiles, el campeonato no solo impulsa avances t\u00e9cnicos, sino que tambi\u00e9n fortalece la reputaci\u00f3n de la marca a nivel mundial. Cada triunfo en la pista se traduce en mejoras directas para los veh\u00edculos el\u00e9ctricos que los clientes disfrutan diariamente, aline\u00e1ndose con las necesidades de una industria automotriz en constante evoluci\u00f3n.<\/p>\n<p>&nbsp;<\/p>\n<p><center><iframe title=\"Full Watts to our 10th Season\" width=\"640\" height=\"360\" src=\"https:\/\/www.youtube.com\/embed\/2tc5Jj2TkFw?feature=oembed\" frameborder=\"0\" allow=\"accelerometer; autoplay; clipboard-write; encrypted-media; gyroscope; picture-in-picture; web-share\" referrerpolicy=\"strict-origin-when-cross-origin\" allowfullscreen><\/iframe><\/p>\n<p>&nbsp;<\/p>\n<p><\/center>&nbsp;<\/p>\n<p>La primera carrera de la temporada 11 ser\u00e1 este s\u00e1bado a las 14:00 hs en Sao Paulo. Con un legado de \u00e9xitos y un futuro prometedor, DS Automobiles contin\u00faa marcando el camino en la electrificaci\u00f3n y la movilidad sostenible.<\/p>\n<p>&nbsp;<\/p>\n<p>&nbsp;<\/p>\n<p>&nbsp;<\/p>\n<p><i>Para enterarte de m\u00e1s novedades, no dejes de leer\u00a0<\/i><a href=\"https:\/\/autofans.thebrandsoup.com\/\"><i>nuestras notas<\/i><\/a><i>, de ver<\/i><b><i>\u00a0<\/i><\/b><a href=\"https:\/\/www.youtube.com\/channel\/UCgAC8UGHZYbT6P7PpmVnP7g\"><b><i>AUTOFANS TV<\/i><\/b><\/a><b><i>\u00a0<\/i><\/b><i>en nuestro\u00a0canal de Youtube. Adem\u00e1s seguinos en\u00a0<\/i><a href=\"https:\/\/www.instagram.com\/autofanstv\/\"><i>INSTAGRAM<\/i><\/a><i> y <\/i><a href=\"https:\/\/www.facebook.com\/autofansmas\/\"><i>FACEBOOK<\/i><\/a><i> para no perderte nada sobre las novedades del segmento automotor de Argentina y el mundo.<\/i><\/p>\n","protected":false},"excerpt":{"rendered":"<p>Desde su ingreso en el Campeonato Mundial de F\u00f3rmula E ABB FIA en 2015, DS&#8230;<\/p>\n","protected":false},"author":2,"featured_media":10141,"comment_status":"closed","ping_status":"closed","sticky":false,"template":"","format":"standard","meta":{"footnotes":""},"categories":[127,16],"tags":[432,1545,440,545,5492,690,267,5491,880,5493,379],"class_list":["post-10138","post","type-post","status-publish","format-standard","has-post-thumbnail","hentry","category-deporte","category-noticias","tag-automoviles-de-lujo","tag-automovilismo-electrico","tag-autos-electricos","tag-ds-automobiles","tag-ds-e-tense-fe25","tag-ds-performance","tag-formula-e","tag-gen3-evo","tag-jean-eric-vergne","tag-maximilian-gunther","tag-movilidad-electrica"],"yoast_head":"<!-- This site is optimized with the Yoast SEO plugin v27.4 - https:\/\/yoast.com\/product\/yoast-seo-wordpress\/ -->\n<title>Diez a\u00f1os de DS Automobiles en F\u00f3rmula E -<\/title>\n<meta name=\"description\" content=\"Desde su ingreso en el Campeonato Mundial de F\u00f3rmula E ABB FIA en 2015, DS Automobiles ha demostrado un fuerte compromiso con la innovaci\u00f3n...\" \/>\n<meta name=\"robots\" content=\"index, follow, max-snippet:-1, max-image-preview:large, max-video-preview:-1\" \/>\n<link rel=\"canonical\" href=\"https:\/\/autofans.com.ar\/index.php\/2024\/12\/05\/diez-anos-de-ds-automobiles-en-formula-e\/\" \/>\n<meta property=\"og:locale\" content=\"es_ES\" \/>\n<meta property=\"og:type\" content=\"article\" \/>\n<meta property=\"og:title\" content=\"Diez a\u00f1os de DS Automobiles en F\u00f3rmula E -\" \/>\n<meta property=\"og:description\" content=\"Desde su ingreso en el Campeonato Mundial de F\u00f3rmula E ABB FIA en 2015, DS Automobiles ha demostrado un fuerte compromiso con la innovaci\u00f3n...\" \/>\n<meta property=\"og:url\" content=\"https:\/\/autofans.com.ar\/index.php\/2024\/12\/05\/diez-anos-de-ds-automobiles-en-formula-e\/\" \/>\n<meta property=\"article:published_time\" content=\"2024-12-06T00:15:56+00:00\" \/>\n<meta property=\"og:image\" content=\"https:\/\/autofans.com.ar\/wp-content\/uploads\/2024\/12\/ds-auto-3.jpg\" \/>\n\t<meta property=\"og:image:width\" content=\"1000\" \/>\n\t<meta property=\"og:image:height\" content=\"667\" \/>\n\t<meta property=\"og:image:type\" content=\"image\/jpeg\" \/>\n<meta name=\"author\" content=\"Alejandro Gabriel Rosito\" \/>\n<meta name=\"twitter:card\" content=\"summary_large_image\" \/>\n<meta name=\"twitter:label1\" content=\"Escrito por\" \/>\n\t<meta name=\"twitter:data1\" content=\"Alejandro Gabriel Rosito\" \/>\n\t<meta name=\"twitter:label2\" content=\"Tiempo de lectura\" \/>\n\t<meta name=\"twitter:data2\" content=\"3 minutos\" \/>\n<script type=\"application\/ld+json\" class=\"yoast-schema-graph\">{\"@context\":\"https:\\\/\\\/schema.org\",\"@graph\":[{\"@type\":\"Article\",\"@id\":\"https:\\\/\\\/autofans.com.ar\\\/index.php\\\/2024\\\/12\\\/05\\\/diez-anos-de-ds-automobiles-en-formula-e\\\/#article\",\"isPartOf\":{\"@id\":\"https:\\\/\\\/autofans.com.ar\\\/index.php\\\/2024\\\/12\\\/05\\\/diez-anos-de-ds-automobiles-en-formula-e\\\/\"},\"author\":{\"name\":\"Alejandro Gabriel Rosito\",\"@id\":\"https:\\\/\\\/autofans.com.ar\\\/#\\\/schema\\\/person\\\/4a8dda0b6df83ac3d6723e921274c2aa\"},\"headline\":\"Diez a\u00f1os de DS Automobiles en F\u00f3rmula E\",\"datePublished\":\"2024-12-06T00:15:56+00:00\",\"mainEntityOfPage\":{\"@id\":\"https:\\\/\\\/autofans.com.ar\\\/index.php\\\/2024\\\/12\\\/05\\\/diez-anos-de-ds-automobiles-en-formula-e\\\/\"},\"wordCount\":443,\"image\":{\"@id\":\"https:\\\/\\\/autofans.com.ar\\\/index.php\\\/2024\\\/12\\\/05\\\/diez-anos-de-ds-automobiles-en-formula-e\\\/#primaryimage\"},\"thumbnailUrl\":\"https:\\\/\\\/autofans.com.ar\\\/wp-content\\\/uploads\\\/2024\\\/12\\\/ds-auto-3.jpg\",\"keywords\":[\"autom\u00f3viles de lujo\",\"Automovilismo el\u00e9ctrico\",\"autos el\u00e9ctricos\",\"DS Automobiles\",\"DS E-TENSE FE25\",\"ds performance\",\"F\u00f3rmula E\",\"Gen3 Evo\",\"Jean-Eric Vergne\",\"Maximilian G\u00fcnther\",\"movilidad el\u00e9ctrica\"],\"articleSection\":[\"DEPORTE MOTOR\",\"NOTICIAS\"],\"inLanguage\":\"es\"},{\"@type\":\"WebPage\",\"@id\":\"https:\\\/\\\/autofans.com.ar\\\/index.php\\\/2024\\\/12\\\/05\\\/diez-anos-de-ds-automobiles-en-formula-e\\\/\",\"url\":\"https:\\\/\\\/autofans.com.ar\\\/index.php\\\/2024\\\/12\\\/05\\\/diez-anos-de-ds-automobiles-en-formula-e\\\/\",\"name\":\"Diez a\u00f1os de DS Automobiles en F\u00f3rmula E -\",\"isPartOf\":{\"@id\":\"https:\\\/\\\/autofans.com.ar\\\/#website\"},\"primaryImageOfPage\":{\"@id\":\"https:\\\/\\\/autofans.com.ar\\\/index.php\\\/2024\\\/12\\\/05\\\/diez-anos-de-ds-automobiles-en-formula-e\\\/#primaryimage\"},\"image\":{\"@id\":\"https:\\\/\\\/autofans.com.ar\\\/index.php\\\/2024\\\/12\\\/05\\\/diez-anos-de-ds-automobiles-en-formula-e\\\/#primaryimage\"},\"thumbnailUrl\":\"https:\\\/\\\/autofans.com.ar\\\/wp-content\\\/uploads\\\/2024\\\/12\\\/ds-auto-3.jpg\",\"datePublished\":\"2024-12-06T00:15:56+00:00\",\"author\":{\"@id\":\"https:\\\/\\\/autofans.com.ar\\\/#\\\/schema\\\/person\\\/4a8dda0b6df83ac3d6723e921274c2aa\"},\"description\":\"Desde su ingreso en el Campeonato Mundial de F\u00f3rmula E ABB FIA en 2015, DS Automobiles ha demostrado un fuerte compromiso con la innovaci\u00f3n...\",\"breadcrumb\":{\"@id\":\"https:\\\/\\\/autofans.com.ar\\\/index.php\\\/2024\\\/12\\\/05\\\/diez-anos-de-ds-automobiles-en-formula-e\\\/#breadcrumb\"},\"inLanguage\":\"es\",\"potentialAction\":[{\"@type\":\"ReadAction\",\"target\":[\"https:\\\/\\\/autofans.com.ar\\\/index.php\\\/2024\\\/12\\\/05\\\/diez-anos-de-ds-automobiles-en-formula-e\\\/\"]}]},{\"@type\":\"ImageObject\",\"inLanguage\":\"es\",\"@id\":\"https:\\\/\\\/autofans.com.ar\\\/index.php\\\/2024\\\/12\\\/05\\\/diez-anos-de-ds-automobiles-en-formula-e\\\/#primaryimage\",\"url\":\"https:\\\/\\\/autofans.com.ar\\\/wp-content\\\/uploads\\\/2024\\\/12\\\/ds-auto-3.jpg\",\"contentUrl\":\"https:\\\/\\\/autofans.com.ar\\\/wp-content\\\/uploads\\\/2024\\\/12\\\/ds-auto-3.jpg\",\"width\":1000,\"height\":667,\"caption\":\"F\u00f3rmula E\"},{\"@type\":\"BreadcrumbList\",\"@id\":\"https:\\\/\\\/autofans.com.ar\\\/index.php\\\/2024\\\/12\\\/05\\\/diez-anos-de-ds-automobiles-en-formula-e\\\/#breadcrumb\",\"itemListElement\":[{\"@type\":\"ListItem\",\"position\":1,\"name\":\"Inicio\",\"item\":\"https:\\\/\\\/autofans.com.ar\\\/\"},{\"@type\":\"ListItem\",\"position\":2,\"name\":\"Diez a\u00f1os de DS Automobiles en F\u00f3rmula E\"}]},{\"@type\":\"WebSite\",\"@id\":\"https:\\\/\\\/autofans.com.ar\\\/#website\",\"url\":\"https:\\\/\\\/autofans.com.ar\\\/\",\"name\":\"\",\"description\":\"El multimedio referente de la industria automotriz\",\"potentialAction\":[{\"@type\":\"SearchAction\",\"target\":{\"@type\":\"EntryPoint\",\"urlTemplate\":\"https:\\\/\\\/autofans.com.ar\\\/?s={search_term_string}\"},\"query-input\":{\"@type\":\"PropertyValueSpecification\",\"valueRequired\":true,\"valueName\":\"search_term_string\"}}],\"inLanguage\":\"es\"},{\"@type\":\"Person\",\"@id\":\"https:\\\/\\\/autofans.com.ar\\\/#\\\/schema\\\/person\\\/4a8dda0b6df83ac3d6723e921274c2aa\",\"name\":\"Alejandro Gabriel Rosito\",\"image\":{\"@type\":\"ImageObject\",\"inLanguage\":\"es\",\"@id\":\"https:\\\/\\\/secure.gravatar.com\\\/avatar\\\/16c5dda1489adfc62618084dcbb91cffd879c374b13fe5dd8e44ed6733852c88?s=96&d=mm&r=g\",\"url\":\"https:\\\/\\\/secure.gravatar.com\\\/avatar\\\/16c5dda1489adfc62618084dcbb91cffd879c374b13fe5dd8e44ed6733852c88?s=96&d=mm&r=g\",\"contentUrl\":\"https:\\\/\\\/secure.gravatar.com\\\/avatar\\\/16c5dda1489adfc62618084dcbb91cffd879c374b13fe5dd8e44ed6733852c88?s=96&d=mm&r=g\",\"caption\":\"Alejandro Gabriel Rosito\"},\"url\":\"https:\\\/\\\/autofans.com.ar\\\/index.php\\\/author\\\/gabrielr\\\/\"}]}<\/script>\n<!-- \/ Yoast SEO plugin. -->","yoast_head_json":{"title":"Diez a\u00f1os de DS Automobiles en F\u00f3rmula E -","description":"Desde su ingreso en el Campeonato Mundial de F\u00f3rmula E ABB FIA en 2015, DS Automobiles ha demostrado un fuerte compromiso con la innovaci\u00f3n...","robots":{"index":"index","follow":"follow","max-snippet":"max-snippet:-1","max-image-preview":"max-image-preview:large","max-video-preview":"max-video-preview:-1"},"canonical":"https:\/\/autofans.com.ar\/index.php\/2024\/12\/05\/diez-anos-de-ds-automobiles-en-formula-e\/","og_locale":"es_ES","og_type":"article","og_title":"Diez a\u00f1os de DS Automobiles en F\u00f3rmula E -","og_description":"Desde su ingreso en el Campeonato Mundial de F\u00f3rmula E ABB FIA en 2015, DS Automobiles ha demostrado un fuerte compromiso con la innovaci\u00f3n...","og_url":"https:\/\/autofans.com.ar\/index.php\/2024\/12\/05\/diez-anos-de-ds-automobiles-en-formula-e\/","article_published_time":"2024-12-06T00:15:56+00:00","og_image":[{"width":1000,"height":667,"url":"https:\/\/autofans.com.ar\/wp-content\/uploads\/2024\/12\/ds-auto-3.jpg","type":"image\/jpeg"}],"author":"Alejandro Gabriel Rosito","twitter_card":"summary_large_image","twitter_misc":{"Escrito por":"Alejandro Gabriel Rosito","Tiempo de lectura":"3 minutos"},"schema":{"@context":"https:\/\/schema.org","@graph":[{"@type":"Article","@id":"https:\/\/autofans.com.ar\/index.php\/2024\/12\/05\/diez-anos-de-ds-automobiles-en-formula-e\/#article","isPartOf":{"@id":"https:\/\/autofans.com.ar\/index.php\/2024\/12\/05\/diez-anos-de-ds-automobiles-en-formula-e\/"},"author":{"name":"Alejandro Gabriel Rosito","@id":"https:\/\/autofans.com.ar\/#\/schema\/person\/4a8dda0b6df83ac3d6723e921274c2aa"},"headline":"Diez a\u00f1os de DS Automobiles en F\u00f3rmula E","datePublished":"2024-12-06T00:15:56+00:00","mainEntityOfPage":{"@id":"https:\/\/autofans.com.ar\/index.php\/2024\/12\/05\/diez-anos-de-ds-automobiles-en-formula-e\/"},"wordCount":443,"image":{"@id":"https:\/\/autofans.com.ar\/index.php\/2024\/12\/05\/diez-anos-de-ds-automobiles-en-formula-e\/#primaryimage"},"thumbnailUrl":"https:\/\/autofans.com.ar\/wp-content\/uploads\/2024\/12\/ds-auto-3.jpg","keywords":["autom\u00f3viles de lujo","Automovilismo el\u00e9ctrico","autos el\u00e9ctricos","DS Automobiles","DS E-TENSE FE25","ds performance","F\u00f3rmula E","Gen3 Evo","Jean-Eric Vergne","Maximilian G\u00fcnther","movilidad el\u00e9ctrica"],"articleSection":["DEPORTE MOTOR","NOTICIAS"],"inLanguage":"es"},{"@type":"WebPage","@id":"https:\/\/autofans.com.ar\/index.php\/2024\/12\/05\/diez-anos-de-ds-automobiles-en-formula-e\/","url":"https:\/\/autofans.com.ar\/index.php\/2024\/12\/05\/diez-anos-de-ds-automobiles-en-formula-e\/","name":"Diez a\u00f1os de DS Automobiles en F\u00f3rmula E -","isPartOf":{"@id":"https:\/\/autofans.com.ar\/#website"},"primaryImageOfPage":{"@id":"https:\/\/autofans.com.ar\/index.php\/2024\/12\/05\/diez-anos-de-ds-automobiles-en-formula-e\/#primaryimage"},"image":{"@id":"https:\/\/autofans.com.ar\/index.php\/2024\/12\/05\/diez-anos-de-ds-automobiles-en-formula-e\/#primaryimage"},"thumbnailUrl":"https:\/\/autofans.com.ar\/wp-content\/uploads\/2024\/12\/ds-auto-3.jpg","datePublished":"2024-12-06T00:15:56+00:00","author":{"@id":"https:\/\/autofans.com.ar\/#\/schema\/person\/4a8dda0b6df83ac3d6723e921274c2aa"},"description":"Desde su ingreso en el Campeonato Mundial de F\u00f3rmula E ABB FIA en 2015, DS Automobiles ha demostrado un fuerte compromiso con la innovaci\u00f3n...","breadcrumb":{"@id":"https:\/\/autofans.com.ar\/index.php\/2024\/12\/05\/diez-anos-de-ds-automobiles-en-formula-e\/#breadcrumb"},"inLanguage":"es","potentialAction":[{"@type":"ReadAction","target":["https:\/\/autofans.com.ar\/index.php\/2024\/12\/05\/diez-anos-de-ds-automobiles-en-formula-e\/"]}]},{"@type":"ImageObject","inLanguage":"es","@id":"https:\/\/autofans.com.ar\/index.php\/2024\/12\/05\/diez-anos-de-ds-automobiles-en-formula-e\/#primaryimage","url":"https:\/\/autofans.com.ar\/wp-content\/uploads\/2024\/12\/ds-auto-3.jpg","contentUrl":"https:\/\/autofans.com.ar\/wp-content\/uploads\/2024\/12\/ds-auto-3.jpg","width":1000,"height":667,"caption":"F\u00f3rmula E"},{"@type":"BreadcrumbList","@id":"https:\/\/autofans.com.ar\/index.php\/2024\/12\/05\/diez-anos-de-ds-automobiles-en-formula-e\/#breadcrumb","itemListElement":[{"@type":"ListItem","position":1,"name":"Inicio","item":"https:\/\/autofans.com.ar\/"},{"@type":"ListItem","position":2,"name":"Diez a\u00f1os de DS Automobiles en F\u00f3rmula E"}]},{"@type":"WebSite","@id":"https:\/\/autofans.com.ar\/#website","url":"https:\/\/autofans.com.ar\/","name":"","description":"El multimedio referente de la industria automotriz","potentialAction":[{"@type":"SearchAction","target":{"@type":"EntryPoint","urlTemplate":"https:\/\/autofans.com.ar\/?s={search_term_string}"},"query-input":{"@type":"PropertyValueSpecification","valueRequired":true,"valueName":"search_term_string"}}],"inLanguage":"es"},{"@type":"Person","@id":"https:\/\/autofans.com.ar\/#\/schema\/person\/4a8dda0b6df83ac3d6723e921274c2aa","name":"Alejandro Gabriel Rosito","image":{"@type":"ImageObject","inLanguage":"es","@id":"https:\/\/secure.gravatar.com\/avatar\/16c5dda1489adfc62618084dcbb91cffd879c374b13fe5dd8e44ed6733852c88?s=96&d=mm&r=g","url":"https:\/\/secure.gravatar.com\/avatar\/16c5dda1489adfc62618084dcbb91cffd879c374b13fe5dd8e44ed6733852c88?s=96&d=mm&r=g","contentUrl":"https:\/\/secure.gravatar.com\/avatar\/16c5dda1489adfc62618084dcbb91cffd879c374b13fe5dd8e44ed6733852c88?s=96&d=mm&r=g","caption":"Alejandro Gabriel Rosito"},"url":"https:\/\/autofans.com.ar\/index.php\/author\/gabrielr\/"}]}},"featured_image_urls":{"full":["https:\/\/autofans.com.ar\/wp-content\/uploads\/2024\/12\/ds-auto-3.jpg",1000,667,false],"thumbnail":["https:\/\/autofans.com.ar\/wp-content\/uploads\/2024\/12\/ds-auto-3-150x150.jpg",150,150,true],"medium":["https:\/\/autofans.com.ar\/wp-content\/uploads\/2024\/12\/ds-auto-3-300x200.jpg",300,200,true],"medium_large":["https:\/\/autofans.com.ar\/wp-content\/uploads\/2024\/12\/ds-auto-3-768x512.jpg",640,427,true],"large":["https:\/\/autofans.com.ar\/wp-content\/uploads\/2024\/12\/ds-auto-3.jpg",640,427,false],"1536x1536":["https:\/\/autofans.com.ar\/wp-content\/uploads\/2024\/12\/ds-auto-3.jpg",1000,667,false],"2048x2048":["https:\/\/autofans.com.ar\/wp-content\/uploads\/2024\/12\/ds-auto-3.jpg",1000,667,false],"covernews-featured":["https:\/\/autofans.com.ar\/wp-content\/uploads\/2024\/12\/ds-auto-3.jpg",1000,667,false],"covernews-medium":["https:\/\/autofans.com.ar\/wp-content\/uploads\/2024\/12\/ds-auto-3-540x340.jpg",540,340,true]},"author_info":{"display_name":"Alejandro Gabriel Rosito","author_link":"https:\/\/autofans.com.ar\/index.php\/author\/gabrielr\/"},"category_info":"<a href=\"https:\/\/autofans.com.ar\/index.php\/category\/noticias\/deporte\/\" rel=\"category tag\">DEPORTE MOTOR<\/a> <a href=\"https:\/\/autofans.com.ar\/index.php\/category\/noticias\/\" rel=\"category tag\">NOTICIAS<\/a>","tag_info":"NOTICIAS","comment_count":0,"_links":{"self":[{"href":"https:\/\/autofans.com.ar\/index.php\/wp-json\/wp\/v2\/posts\/10138","targetHints":{"allow":["GET"]}}],"collection":[{"href":"https:\/\/autofans.com.ar\/index.php\/wp-json\/wp\/v2\/posts"}],"about":[{"href":"https:\/\/autofans.com.ar\/index.php\/wp-json\/wp\/v2\/types\/post"}],"author":[{"embeddable":true,"href":"https:\/\/autofans.com.ar\/index.php\/wp-json\/wp\/v2\/users\/2"}],"replies":[{"embeddable":true,"href":"https:\/\/autofans.com.ar\/index.php\/wp-json\/wp\/v2\/comments?post=10138"}],"version-history":[{"count":7,"href":"https:\/\/autofans.com.ar\/index.php\/wp-json\/wp\/v2\/posts\/10138\/revisions"}],"predecessor-version":[{"id":10148,"href":"https:\/\/autofans.com.ar\/index.php\/wp-json\/wp\/v2\/posts\/10138\/revisions\/10148"}],"wp:featuredmedia":[{"embeddable":true,"href":"https:\/\/autofans.com.ar\/index.php\/wp-json\/wp\/v2\/media\/10141"}],"wp:attachment":[{"href":"https:\/\/autofans.com.ar\/index.php\/wp-json\/wp\/v2\/media?parent=10138"}],"wp:term":[{"taxonomy":"category","embeddable":true,"href":"https:\/\/autofans.com.ar\/index.php\/wp-json\/wp\/v2\/categories?post=10138"},{"taxonomy":"post_tag","embeddable":true,"href":"https:\/\/autofans.com.ar\/index.php\/wp-json\/wp\/v2\/tags?post=10138"}],"curies":[{"name":"wp","href":"https:\/\/api.w.org\/{rel}","templated":true}]}}