{"id":10149,"date":"2024-12-06T17:46:59","date_gmt":"2024-12-06T20:46:59","guid":{"rendered":"https:\/\/autofans.com.ar\/?p=10149"},"modified":"2024-12-06T17:46:59","modified_gmt":"2024-12-06T20:46:59","slug":"el-primer-papamovil-electrico-ya-es-una-realidad","status":"publish","type":"post","link":"https:\/\/autofans.com.ar\/index.php\/2024\/12\/06\/el-primer-papamovil-electrico-ya-es-una-realidad\/","title":{"rendered":"El primer Papam\u00f3vil el\u00e9ctrico ya es una realidad"},"content":{"rendered":"<p>En una muestra de tradici\u00f3n e innovaci\u00f3n, Mercedes-Benz entreg\u00f3 el primer Papam\u00f3vil completamente el\u00e9ctrico al Papa Francisco, marcando un hito en la relaci\u00f3n entre la marca y el Vaticano, que lleva casi un siglo. Este veh\u00edculo, desarrollado especialmente para el Jubileo de 2025, combina un dise\u00f1o artesanal y tecnolog\u00eda de vanguardia para garantizar cero emisiones en los traslados del Sumo Pont\u00edfice.<\/p>\n<p>&nbsp;<\/p>\n<blockquote>\n<p style=\"text-align: center;\">Durante la entrega, Ola K\u00e4llenius, Presidente de la Junta Directiva de Mercedes-Benz Group AG, subray\u00f3 la estrategia global de sustentabilidad de Mercedes-Benz: \u00abCon el nuevo Papam\u00f3vil, Francisco es el primer Papa que viaja en un Mercedes-Benz totalmente el\u00e9ctrico cuando hace apariciones p\u00fablicas. Esto es un gran honor para nuestra empresa. Con este Papam\u00f3vil, reafirmamos el rumbo hacia la electromovilidad y a la descarbonizaci\u00f3n. Mercedes-Benz no s\u00f3lo representa lo especial y lo individual, tambi\u00e9n tiene como objetivo una flota de nuevos veh\u00edculos neutros en carbono para 2039\u00bb.<span class=\"Apple-converted-space\">\u00a0<\/span><\/p>\n<\/blockquote>\n<p>&nbsp;<\/p>\n<h2>As\u00ed se fabric\u00f3 el primer Papam\u00f3vil el\u00e9ctrico a mano<\/h2>\n<p>&nbsp;<\/p>\n<p><img fetchpriority=\"high\" decoding=\"async\" class=\"aligncenter wp-image-10153 size-full\" src=\"https:\/\/autofans.com.ar\/wp-content\/uploads\/2024\/12\/papa-movil-1.jpg\" alt=\"Papam\u00f3vil\" width=\"1000\" height=\"667\" srcset=\"https:\/\/autofans.com.ar\/wp-content\/uploads\/2024\/12\/papa-movil-1.jpg 1000w, https:\/\/autofans.com.ar\/wp-content\/uploads\/2024\/12\/papa-movil-1-300x200.jpg 300w, https:\/\/autofans.com.ar\/wp-content\/uploads\/2024\/12\/papa-movil-1-768x512.jpg 768w\" sizes=\"(max-width: 1000px) 100vw, 1000px\" \/><\/p>\n<p>&nbsp;<\/p>\n<p>Basado en la ic\u00f3nica Clase G, el nuevo Papam\u00f3vil fue fabricado a mano con un tren motriz el\u00e9ctrico adaptado por el equipo de Graz. La carrocer\u00eda y el interior, dise\u00f1ados en Sindelfingen, fueron trabajados con t\u00e9cnicas artesanales tradicionales. El proyecto, liderado desde Roma, incluy\u00f3 a especialistas en Dise\u00f1o, Investigaci\u00f3n y Producci\u00f3n, quienes colaboraron durante un a\u00f1o para cumplir con los exigentes est\u00e1ndares del Vaticano.<\/p>\n<p>&nbsp;<\/p>\n<blockquote>\n<p style=\"text-align: center;\">\u00abConstruimos el Mercedes perfecto para cada cliente. Estamos encantados de poder cumplir el deseo del Santo Padre de tener un Papam\u00f3vil el\u00e9ctrico y nos sentimos especialmente orgullosos de poder fabricarlo seg\u00fan sus requisitos. Este es un valioso s\u00edmbolo de cambio sustentable.\u00bb<\/p>\n<p style=\"text-align: center;\">Britta Seeger, Miembro de la Junta Directiva de Mercedes-Benz Group AG, responsable de Ventas y Marketing<\/p>\n<\/blockquote>\n<p>&nbsp;<\/p>\n<h2>El Papam\u00f3vil el\u00e9ctrico que marca una nueva era<\/h2>\n<p>&nbsp;<\/p>\n<p><img decoding=\"async\" class=\"aligncenter wp-image-10151 size-full\" src=\"https:\/\/autofans.com.ar\/wp-content\/uploads\/2024\/12\/papa-movil-3.jpg\" alt=\"Papam\u00f3vil\" width=\"1000\" height=\"667\" srcset=\"https:\/\/autofans.com.ar\/wp-content\/uploads\/2024\/12\/papa-movil-3.jpg 1000w, https:\/\/autofans.com.ar\/wp-content\/uploads\/2024\/12\/papa-movil-3-300x200.jpg 300w, https:\/\/autofans.com.ar\/wp-content\/uploads\/2024\/12\/papa-movil-3-768x512.jpg 768w\" sizes=\"(max-width: 1000px) 100vw, 1000px\" \/><\/p>\n<p>&nbsp;<\/p>\n<p>Este Papam\u00f3vil mantiene el cl\u00e1sico color blanco perla y refuerza una tradici\u00f3n que comenz\u00f3 en 1930, cuando Mercedes-Benz entreg\u00f3 al Papa P\u00edo XI un N\u00fcrburg 460 Pullman Saloon. Desde entonces, modelos ic\u00f3nicos como el Landaulet 300. La Clase G y la Clase M han acompa\u00f1ado a diferentes pont\u00edfices. Muchos de estos veh\u00edculos se conservan en el Vaticano y en el Museo de Mercedes-Benz en Stuttgart, evidenciando el legado de esta alianza.<\/p>\n<p>Con este nuevo modelo, el Papa Francisco destaca nuevamente como referente en la promoci\u00f3n de la sustentabilidad y el cuidado del medio ambiente.<\/p>\n<p>&nbsp;<\/p>\n<blockquote>\n<p style=\"text-align: center;\">\u00abLa Clase G es uno de los veh\u00edculos m\u00e1s emblem\u00e1ticos de Mercedes-Benz y estamos orgullosos de poder desarrollar veh\u00edculos para el Santo Padre siguiendo esta tradici\u00f3n. La primera Clase G totalmente el\u00e9ctrica combina sustentabilidad, dise\u00f1o elegante y m\u00e1xima funcionalidad. Es un gran honor para nosotros poder presentar este veh\u00edculo tan especial al Papa Francisco.\u00bb<\/p>\n<p style=\"text-align: center;\">Gorden Wagener, Jefe de Dise\u00f1o de Mercedes-Benz Group AG<\/p>\n<p style=\"text-align: center;\">\n<\/blockquote>\n<p>&nbsp;<\/p>\n<p><i>Para enterarte de m\u00e1s novedades, no dejes de leer\u00a0<\/i><a href=\"https:\/\/autofans.thebrandsoup.com\/\"><i>nuestras notas<\/i><\/a><i>, de ver<\/i><b><i>\u00a0<\/i><\/b><a href=\"https:\/\/www.youtube.com\/channel\/UCgAC8UGHZYbT6P7PpmVnP7g\"><b><i>AUTOFANS TV<\/i><\/b><\/a><b><i>\u00a0<\/i><\/b><i>en nuestro\u00a0canal de Youtube. Adem\u00e1s seguinos en\u00a0<\/i><a href=\"https:\/\/www.instagram.com\/autofanstv\/\"><i>INSTAGRAM<\/i><\/a><i> y <\/i><a href=\"https:\/\/www.facebook.com\/autofansmas\/\"><i>FACEBOOK<\/i><\/a><i> para no perderte nada sobre las novedades del segmento automotor de Argentina y el mundo.<\/i><\/p>\n","protected":false},"excerpt":{"rendered":"<p>En una muestra de tradici\u00f3n e innovaci\u00f3n, Mercedes-Benz entreg\u00f3 el primer Papam\u00f3vil completamente el\u00e9ctrico al&#8230;<\/p>\n","protected":false},"author":2,"featured_media":10152,"comment_status":"closed","ping_status":"closed","sticky":false,"template":"","format":"standard","meta":{"footnotes":""},"categories":[3,1],"tags":[5499,5498,5495,5497,5496,5494],"class_list":["post-10149","post","type-post","status-publish","format-standard","has-post-thumbnail","hentry","category-autos","category-lanzamientos","tag-historia-del-papamovil","tag-jubileo-2025","tag-mercedes-benz-clase-g-electrica","tag-mercedes-benz-y-el-vaticano","tag-papa-francisco-sustentabilidad","tag-papamovil-electrico"],"yoast_head":"<!-- This site is optimized with the Yoast SEO plugin v27.5 - https:\/\/yoast.com\/product\/yoast-seo-wordpress\/ -->\n<title>El primer Papam\u00f3vil el\u00e9ctrico ya es una realidad -<\/title>\n<meta name=\"description\" content=\"En una muestra de tradici\u00f3n e innovaci\u00f3n, Mercedes-Benz entreg\u00f3 el primer Papam\u00f3vil completamente el\u00e9ctrico al Papa Francisco...\" \/>\n<meta name=\"robots\" content=\"index, follow, max-snippet:-1, max-image-preview:large, max-video-preview:-1\" \/>\n<link rel=\"canonical\" href=\"https:\/\/autofans.com.ar\/index.php\/2024\/12\/06\/el-primer-papamovil-electrico-ya-es-una-realidad\/\" \/>\n<meta property=\"og:locale\" content=\"es_ES\" \/>\n<meta property=\"og:type\" content=\"article\" \/>\n<meta property=\"og:title\" content=\"El primer Papam\u00f3vil el\u00e9ctrico ya es una realidad -\" \/>\n<meta property=\"og:description\" content=\"En una muestra de tradici\u00f3n e innovaci\u00f3n, Mercedes-Benz entreg\u00f3 el primer Papam\u00f3vil completamente el\u00e9ctrico al Papa Francisco...\" \/>\n<meta property=\"og:url\" content=\"https:\/\/autofans.com.ar\/index.php\/2024\/12\/06\/el-primer-papamovil-electrico-ya-es-una-realidad\/\" \/>\n<meta property=\"article:published_time\" content=\"2024-12-06T20:46:59+00:00\" \/>\n<meta property=\"og:image\" content=\"https:\/\/autofans.com.ar\/wp-content\/uploads\/2024\/12\/papa-movil-2.jpg\" \/>\n\t<meta property=\"og:image:width\" content=\"1000\" \/>\n\t<meta property=\"og:image:height\" content=\"667\" \/>\n\t<meta property=\"og:image:type\" content=\"image\/jpeg\" \/>\n<meta name=\"author\" content=\"Alejandro Gabriel Rosito\" \/>\n<meta name=\"twitter:card\" content=\"summary_large_image\" \/>\n<meta name=\"twitter:label1\" content=\"Escrito por\" \/>\n\t<meta name=\"twitter:data1\" content=\"Alejandro Gabriel Rosito\" \/>\n\t<meta name=\"twitter:label2\" content=\"Tiempo de lectura\" \/>\n\t<meta name=\"twitter:data2\" content=\"2 minutos\" \/>\n<script type=\"application\/ld+json\" class=\"yoast-schema-graph\">{\"@context\":\"https:\\\/\\\/schema.org\",\"@graph\":[{\"@type\":\"Article\",\"@id\":\"https:\\\/\\\/autofans.com.ar\\\/index.php\\\/2024\\\/12\\\/06\\\/el-primer-papamovil-electrico-ya-es-una-realidad\\\/#article\",\"isPartOf\":{\"@id\":\"https:\\\/\\\/autofans.com.ar\\\/index.php\\\/2024\\\/12\\\/06\\\/el-primer-papamovil-electrico-ya-es-una-realidad\\\/\"},\"author\":{\"name\":\"Alejandro Gabriel Rosito\",\"@id\":\"https:\\\/\\\/autofans.com.ar\\\/#\\\/schema\\\/person\\\/4a8dda0b6df83ac3d6723e921274c2aa\"},\"headline\":\"El primer Papam\u00f3vil el\u00e9ctrico ya es una realidad\",\"datePublished\":\"2024-12-06T20:46:59+00:00\",\"mainEntityOfPage\":{\"@id\":\"https:\\\/\\\/autofans.com.ar\\\/index.php\\\/2024\\\/12\\\/06\\\/el-primer-papamovil-electrico-ya-es-una-realidad\\\/\"},\"wordCount\":557,\"image\":{\"@id\":\"https:\\\/\\\/autofans.com.ar\\\/index.php\\\/2024\\\/12\\\/06\\\/el-primer-papamovil-electrico-ya-es-una-realidad\\\/#primaryimage\"},\"thumbnailUrl\":\"https:\\\/\\\/autofans.com.ar\\\/wp-content\\\/uploads\\\/2024\\\/12\\\/papa-movil-2.jpg\",\"keywords\":[\"historia del Papam\u00f3vil\",\"Jubileo 2025\",\"Mercedes-Benz Clase G el\u00e9ctrica\",\"Mercedes-Benz y el Vaticano\",\"Papa Francisco sustentabilidad\",\"Papam\u00f3vil el\u00e9ctrico\"],\"articleSection\":[\"AUTOS y SUV\",\"LANZAMIENTOS\"],\"inLanguage\":\"es\"},{\"@type\":\"WebPage\",\"@id\":\"https:\\\/\\\/autofans.com.ar\\\/index.php\\\/2024\\\/12\\\/06\\\/el-primer-papamovil-electrico-ya-es-una-realidad\\\/\",\"url\":\"https:\\\/\\\/autofans.com.ar\\\/index.php\\\/2024\\\/12\\\/06\\\/el-primer-papamovil-electrico-ya-es-una-realidad\\\/\",\"name\":\"El primer Papam\u00f3vil el\u00e9ctrico ya es una realidad -\",\"isPartOf\":{\"@id\":\"https:\\\/\\\/autofans.com.ar\\\/#website\"},\"primaryImageOfPage\":{\"@id\":\"https:\\\/\\\/autofans.com.ar\\\/index.php\\\/2024\\\/12\\\/06\\\/el-primer-papamovil-electrico-ya-es-una-realidad\\\/#primaryimage\"},\"image\":{\"@id\":\"https:\\\/\\\/autofans.com.ar\\\/index.php\\\/2024\\\/12\\\/06\\\/el-primer-papamovil-electrico-ya-es-una-realidad\\\/#primaryimage\"},\"thumbnailUrl\":\"https:\\\/\\\/autofans.com.ar\\\/wp-content\\\/uploads\\\/2024\\\/12\\\/papa-movil-2.jpg\",\"datePublished\":\"2024-12-06T20:46:59+00:00\",\"author\":{\"@id\":\"https:\\\/\\\/autofans.com.ar\\\/#\\\/schema\\\/person\\\/4a8dda0b6df83ac3d6723e921274c2aa\"},\"description\":\"En una muestra de tradici\u00f3n e innovaci\u00f3n, Mercedes-Benz entreg\u00f3 el primer Papam\u00f3vil completamente el\u00e9ctrico al Papa Francisco...\",\"breadcrumb\":{\"@id\":\"https:\\\/\\\/autofans.com.ar\\\/index.php\\\/2024\\\/12\\\/06\\\/el-primer-papamovil-electrico-ya-es-una-realidad\\\/#breadcrumb\"},\"inLanguage\":\"es\",\"potentialAction\":[{\"@type\":\"ReadAction\",\"target\":[\"https:\\\/\\\/autofans.com.ar\\\/index.php\\\/2024\\\/12\\\/06\\\/el-primer-papamovil-electrico-ya-es-una-realidad\\\/\"]}]},{\"@type\":\"ImageObject\",\"inLanguage\":\"es\",\"@id\":\"https:\\\/\\\/autofans.com.ar\\\/index.php\\\/2024\\\/12\\\/06\\\/el-primer-papamovil-electrico-ya-es-una-realidad\\\/#primaryimage\",\"url\":\"https:\\\/\\\/autofans.com.ar\\\/wp-content\\\/uploads\\\/2024\\\/12\\\/papa-movil-2.jpg\",\"contentUrl\":\"https:\\\/\\\/autofans.com.ar\\\/wp-content\\\/uploads\\\/2024\\\/12\\\/papa-movil-2.jpg\",\"width\":1000,\"height\":667,\"caption\":\"Papam\u00f3vil\"},{\"@type\":\"BreadcrumbList\",\"@id\":\"https:\\\/\\\/autofans.com.ar\\\/index.php\\\/2024\\\/12\\\/06\\\/el-primer-papamovil-electrico-ya-es-una-realidad\\\/#breadcrumb\",\"itemListElement\":[{\"@type\":\"ListItem\",\"position\":1,\"name\":\"Inicio\",\"item\":\"https:\\\/\\\/autofans.com.ar\\\/\"},{\"@type\":\"ListItem\",\"position\":2,\"name\":\"El primer Papam\u00f3vil el\u00e9ctrico ya es una realidad\"}]},{\"@type\":\"WebSite\",\"@id\":\"https:\\\/\\\/autofans.com.ar\\\/#website\",\"url\":\"https:\\\/\\\/autofans.com.ar\\\/\",\"name\":\"\",\"description\":\"El multimedio referente de la industria automotriz\",\"potentialAction\":[{\"@type\":\"SearchAction\",\"target\":{\"@type\":\"EntryPoint\",\"urlTemplate\":\"https:\\\/\\\/autofans.com.ar\\\/?s={search_term_string}\"},\"query-input\":{\"@type\":\"PropertyValueSpecification\",\"valueRequired\":true,\"valueName\":\"search_term_string\"}}],\"inLanguage\":\"es\"},{\"@type\":\"Person\",\"@id\":\"https:\\\/\\\/autofans.com.ar\\\/#\\\/schema\\\/person\\\/4a8dda0b6df83ac3d6723e921274c2aa\",\"name\":\"Alejandro Gabriel Rosito\",\"image\":{\"@type\":\"ImageObject\",\"inLanguage\":\"es\",\"@id\":\"https:\\\/\\\/secure.gravatar.com\\\/avatar\\\/16c5dda1489adfc62618084dcbb91cffd879c374b13fe5dd8e44ed6733852c88?s=96&d=mm&r=g\",\"url\":\"https:\\\/\\\/secure.gravatar.com\\\/avatar\\\/16c5dda1489adfc62618084dcbb91cffd879c374b13fe5dd8e44ed6733852c88?s=96&d=mm&r=g\",\"contentUrl\":\"https:\\\/\\\/secure.gravatar.com\\\/avatar\\\/16c5dda1489adfc62618084dcbb91cffd879c374b13fe5dd8e44ed6733852c88?s=96&d=mm&r=g\",\"caption\":\"Alejandro Gabriel Rosito\"},\"url\":\"https:\\\/\\\/autofans.com.ar\\\/index.php\\\/author\\\/gabrielr\\\/\"}]}<\/script>\n<!-- \/ Yoast SEO plugin. -->","yoast_head_json":{"title":"El primer Papam\u00f3vil el\u00e9ctrico ya es una realidad -","description":"En una muestra de tradici\u00f3n e innovaci\u00f3n, Mercedes-Benz entreg\u00f3 el primer Papam\u00f3vil completamente el\u00e9ctrico al Papa Francisco...","robots":{"index":"index","follow":"follow","max-snippet":"max-snippet:-1","max-image-preview":"max-image-preview:large","max-video-preview":"max-video-preview:-1"},"canonical":"https:\/\/autofans.com.ar\/index.php\/2024\/12\/06\/el-primer-papamovil-electrico-ya-es-una-realidad\/","og_locale":"es_ES","og_type":"article","og_title":"El primer Papam\u00f3vil el\u00e9ctrico ya es una realidad -","og_description":"En una muestra de tradici\u00f3n e innovaci\u00f3n, Mercedes-Benz entreg\u00f3 el primer Papam\u00f3vil completamente el\u00e9ctrico al Papa Francisco...","og_url":"https:\/\/autofans.com.ar\/index.php\/2024\/12\/06\/el-primer-papamovil-electrico-ya-es-una-realidad\/","article_published_time":"2024-12-06T20:46:59+00:00","og_image":[{"width":1000,"height":667,"url":"https:\/\/autofans.com.ar\/wp-content\/uploads\/2024\/12\/papa-movil-2.jpg","type":"image\/jpeg"}],"author":"Alejandro Gabriel Rosito","twitter_card":"summary_large_image","twitter_misc":{"Escrito por":"Alejandro Gabriel Rosito","Tiempo de lectura":"2 minutos"},"schema":{"@context":"https:\/\/schema.org","@graph":[{"@type":"Article","@id":"https:\/\/autofans.com.ar\/index.php\/2024\/12\/06\/el-primer-papamovil-electrico-ya-es-una-realidad\/#article","isPartOf":{"@id":"https:\/\/autofans.com.ar\/index.php\/2024\/12\/06\/el-primer-papamovil-electrico-ya-es-una-realidad\/"},"author":{"name":"Alejandro Gabriel Rosito","@id":"https:\/\/autofans.com.ar\/#\/schema\/person\/4a8dda0b6df83ac3d6723e921274c2aa"},"headline":"El primer Papam\u00f3vil el\u00e9ctrico ya es una realidad","datePublished":"2024-12-06T20:46:59+00:00","mainEntityOfPage":{"@id":"https:\/\/autofans.com.ar\/index.php\/2024\/12\/06\/el-primer-papamovil-electrico-ya-es-una-realidad\/"},"wordCount":557,"image":{"@id":"https:\/\/autofans.com.ar\/index.php\/2024\/12\/06\/el-primer-papamovil-electrico-ya-es-una-realidad\/#primaryimage"},"thumbnailUrl":"https:\/\/autofans.com.ar\/wp-content\/uploads\/2024\/12\/papa-movil-2.jpg","keywords":["historia del Papam\u00f3vil","Jubileo 2025","Mercedes-Benz Clase G el\u00e9ctrica","Mercedes-Benz y el Vaticano","Papa Francisco sustentabilidad","Papam\u00f3vil el\u00e9ctrico"],"articleSection":["AUTOS y SUV","LANZAMIENTOS"],"inLanguage":"es"},{"@type":"WebPage","@id":"https:\/\/autofans.com.ar\/index.php\/2024\/12\/06\/el-primer-papamovil-electrico-ya-es-una-realidad\/","url":"https:\/\/autofans.com.ar\/index.php\/2024\/12\/06\/el-primer-papamovil-electrico-ya-es-una-realidad\/","name":"El primer Papam\u00f3vil el\u00e9ctrico ya es una realidad -","isPartOf":{"@id":"https:\/\/autofans.com.ar\/#website"},"primaryImageOfPage":{"@id":"https:\/\/autofans.com.ar\/index.php\/2024\/12\/06\/el-primer-papamovil-electrico-ya-es-una-realidad\/#primaryimage"},"image":{"@id":"https:\/\/autofans.com.ar\/index.php\/2024\/12\/06\/el-primer-papamovil-electrico-ya-es-una-realidad\/#primaryimage"},"thumbnailUrl":"https:\/\/autofans.com.ar\/wp-content\/uploads\/2024\/12\/papa-movil-2.jpg","datePublished":"2024-12-06T20:46:59+00:00","author":{"@id":"https:\/\/autofans.com.ar\/#\/schema\/person\/4a8dda0b6df83ac3d6723e921274c2aa"},"description":"En una muestra de tradici\u00f3n e innovaci\u00f3n, Mercedes-Benz entreg\u00f3 el primer Papam\u00f3vil completamente el\u00e9ctrico al Papa Francisco...","breadcrumb":{"@id":"https:\/\/autofans.com.ar\/index.php\/2024\/12\/06\/el-primer-papamovil-electrico-ya-es-una-realidad\/#breadcrumb"},"inLanguage":"es","potentialAction":[{"@type":"ReadAction","target":["https:\/\/autofans.com.ar\/index.php\/2024\/12\/06\/el-primer-papamovil-electrico-ya-es-una-realidad\/"]}]},{"@type":"ImageObject","inLanguage":"es","@id":"https:\/\/autofans.com.ar\/index.php\/2024\/12\/06\/el-primer-papamovil-electrico-ya-es-una-realidad\/#primaryimage","url":"https:\/\/autofans.com.ar\/wp-content\/uploads\/2024\/12\/papa-movil-2.jpg","contentUrl":"https:\/\/autofans.com.ar\/wp-content\/uploads\/2024\/12\/papa-movil-2.jpg","width":1000,"height":667,"caption":"Papam\u00f3vil"},{"@type":"BreadcrumbList","@id":"https:\/\/autofans.com.ar\/index.php\/2024\/12\/06\/el-primer-papamovil-electrico-ya-es-una-realidad\/#breadcrumb","itemListElement":[{"@type":"ListItem","position":1,"name":"Inicio","item":"https:\/\/autofans.com.ar\/"},{"@type":"ListItem","position":2,"name":"El primer Papam\u00f3vil el\u00e9ctrico ya es una realidad"}]},{"@type":"WebSite","@id":"https:\/\/autofans.com.ar\/#website","url":"https:\/\/autofans.com.ar\/","name":"","description":"El multimedio referente de la industria automotriz","potentialAction":[{"@type":"SearchAction","target":{"@type":"EntryPoint","urlTemplate":"https:\/\/autofans.com.ar\/?s={search_term_string}"},"query-input":{"@type":"PropertyValueSpecification","valueRequired":true,"valueName":"search_term_string"}}],"inLanguage":"es"},{"@type":"Person","@id":"https:\/\/autofans.com.ar\/#\/schema\/person\/4a8dda0b6df83ac3d6723e921274c2aa","name":"Alejandro Gabriel Rosito","image":{"@type":"ImageObject","inLanguage":"es","@id":"https:\/\/secure.gravatar.com\/avatar\/16c5dda1489adfc62618084dcbb91cffd879c374b13fe5dd8e44ed6733852c88?s=96&d=mm&r=g","url":"https:\/\/secure.gravatar.com\/avatar\/16c5dda1489adfc62618084dcbb91cffd879c374b13fe5dd8e44ed6733852c88?s=96&d=mm&r=g","contentUrl":"https:\/\/secure.gravatar.com\/avatar\/16c5dda1489adfc62618084dcbb91cffd879c374b13fe5dd8e44ed6733852c88?s=96&d=mm&r=g","caption":"Alejandro Gabriel Rosito"},"url":"https:\/\/autofans.com.ar\/index.php\/author\/gabrielr\/"}]}},"featured_image_urls":{"full":["https:\/\/autofans.com.ar\/wp-content\/uploads\/2024\/12\/papa-movil-2.jpg",1000,667,false],"thumbnail":["https:\/\/autofans.com.ar\/wp-content\/uploads\/2024\/12\/papa-movil-2-150x150.jpg",150,150,true],"medium":["https:\/\/autofans.com.ar\/wp-content\/uploads\/2024\/12\/papa-movil-2-300x200.jpg",300,200,true],"medium_large":["https:\/\/autofans.com.ar\/wp-content\/uploads\/2024\/12\/papa-movil-2-768x512.jpg",640,427,true],"large":["https:\/\/autofans.com.ar\/wp-content\/uploads\/2024\/12\/papa-movil-2.jpg",640,427,false],"1536x1536":["https:\/\/autofans.com.ar\/wp-content\/uploads\/2024\/12\/papa-movil-2.jpg",1000,667,false],"2048x2048":["https:\/\/autofans.com.ar\/wp-content\/uploads\/2024\/12\/papa-movil-2.jpg",1000,667,false],"covernews-featured":["https:\/\/autofans.com.ar\/wp-content\/uploads\/2024\/12\/papa-movil-2.jpg",1000,667,false],"covernews-medium":["https:\/\/autofans.com.ar\/wp-content\/uploads\/2024\/12\/papa-movil-2-540x340.jpg",540,340,true]},"author_info":{"display_name":"Alejandro Gabriel Rosito","author_link":"https:\/\/autofans.com.ar\/index.php\/author\/gabrielr\/"},"category_info":"<a href=\"https:\/\/autofans.com.ar\/index.php\/category\/noticias\/autos\/\" rel=\"category tag\">AUTOS y SUV<\/a> <a href=\"https:\/\/autofans.com.ar\/index.php\/category\/lanzamientos\/\" rel=\"category tag\">LANZAMIENTOS<\/a>","tag_info":"LANZAMIENTOS","comment_count":0,"_links":{"self":[{"href":"https:\/\/autofans.com.ar\/index.php\/wp-json\/wp\/v2\/posts\/10149","targetHints":{"allow":["GET"]}}],"collection":[{"href":"https:\/\/autofans.com.ar\/index.php\/wp-json\/wp\/v2\/posts"}],"about":[{"href":"https:\/\/autofans.com.ar\/index.php\/wp-json\/wp\/v2\/types\/post"}],"author":[{"embeddable":true,"href":"https:\/\/autofans.com.ar\/index.php\/wp-json\/wp\/v2\/users\/2"}],"replies":[{"embeddable":true,"href":"https:\/\/autofans.com.ar\/index.php\/wp-json\/wp\/v2\/comments?post=10149"}],"version-history":[{"count":2,"href":"https:\/\/autofans.com.ar\/index.php\/wp-json\/wp\/v2\/posts\/10149\/revisions"}],"predecessor-version":[{"id":10154,"href":"https:\/\/autofans.com.ar\/index.php\/wp-json\/wp\/v2\/posts\/10149\/revisions\/10154"}],"wp:featuredmedia":[{"embeddable":true,"href":"https:\/\/autofans.com.ar\/index.php\/wp-json\/wp\/v2\/media\/10152"}],"wp:attachment":[{"href":"https:\/\/autofans.com.ar\/index.php\/wp-json\/wp\/v2\/media?parent=10149"}],"wp:term":[{"taxonomy":"category","embeddable":true,"href":"https:\/\/autofans.com.ar\/index.php\/wp-json\/wp\/v2\/categories?post=10149"},{"taxonomy":"post_tag","embeddable":true,"href":"https:\/\/autofans.com.ar\/index.php\/wp-json\/wp\/v2\/tags?post=10149"}],"curies":[{"name":"wp","href":"https:\/\/api.w.org\/{rel}","templated":true}]}}