{"id":10155,"date":"2024-12-06T21:12:03","date_gmt":"2024-12-07T00:12:03","guid":{"rendered":"https:\/\/autofans.com.ar\/?p=10155"},"modified":"2024-12-06T21:12:03","modified_gmt":"2024-12-07T00:12:03","slug":"iveco-55-anos-transformando-el-transporte-en-argentina","status":"publish","type":"post","link":"https:\/\/autofans.com.ar\/index.php\/2024\/12\/06\/iveco-55-anos-transformando-el-transporte-en-argentina\/","title":{"rendered":"IVECO 55 a\u00f1os transformando el transporte en Argentina"},"content":{"rendered":"<p>Desde 1969, IVECO ha marcado un antes y un despu\u00e9s en la producci\u00f3n de camiones en Argentina. Este 2024, la marca conmemora 55 a\u00f1os de liderazgo y compromiso con la industria del transporte, destac\u00e1ndose por su innovaci\u00f3n, sostenibilidad y adaptaci\u00f3n a las necesidades del sector.<\/p>\n<p>&nbsp;<\/p>\n<blockquote>\n<p style=\"text-align: center;\">\u201cCelebrar este aniversario me llena de orgullo porque s\u00e9 que cada cami\u00f3n que fabricamos tiene una historia detr\u00e1s: la del esfuerzo de nuestros colaboradores, el trabajo desarrollado con proveedores que son verdaderos socios estrat\u00e9gicos y la dedicaci\u00f3n de todos los que formamos parte de este equipo\u201d, afirm\u00f3 Gabriel Gon, Plant Manager de IVECO en Argentina.<\/p>\n<\/blockquote>\n<p>&nbsp;<\/p>\n<h2>IVECO &#8211; un camino de evoluci\u00f3n constante<\/h2>\n<p>IVECO inici\u00f3 sus actividades en el pa\u00eds bajo el nombre Fiat Camiones, produciendo en la planta de Ferreyra, C\u00f3rdoba. Modelos ic\u00f3nicos como el 619N y el 619T dieron los primeros pasos de una tradici\u00f3n que combina calidad y tecnolog\u00eda. A lo largo de las d\u00e9cadas, se incorporaron avances como motores turbo, tracci\u00f3n 6&#215;4 y suspensiones neum\u00e1ticas.<\/p>\n<p>&nbsp;<\/p>\n<p><img fetchpriority=\"high\" decoding=\"async\" class=\"aligncenter wp-image-10160 size-full\" src=\"https:\/\/autofans.com.ar\/wp-content\/uploads\/2024\/12\/iveco-3-1.jpg\" alt=\"IVECO\" width=\"1000\" height=\"667\" srcset=\"https:\/\/autofans.com.ar\/wp-content\/uploads\/2024\/12\/iveco-3-1.jpg 1000w, https:\/\/autofans.com.ar\/wp-content\/uploads\/2024\/12\/iveco-3-1-300x200.jpg 300w, https:\/\/autofans.com.ar\/wp-content\/uploads\/2024\/12\/iveco-3-1-768x512.jpg 768w\" sizes=\"(max-width: 1000px) 100vw, 1000px\" \/><\/p>\n<p>&nbsp;<\/p>\n<p>En los a\u00f1os 90, IVECO trajo al mercado el semipesado EuroCargo y, en 2004, comenz\u00f3 la \u201cEra Stralis\u201d, con un r\u00e9cord hist\u00f3rico de producci\u00f3n en 2008. En 2010 lanz\u00f3 el IVECO Tector, posicion\u00e1ndose como aliado del transporte agroindustrial y urbano. La incorporaci\u00f3n de la tecnolog\u00eda EURO V en 2016 y la homologaci\u00f3n del primer cami\u00f3n a GNC en 2020 reafirmaron su liderazgo en innovaci\u00f3n.<\/p>\n<h3><\/h3>\n<blockquote>\n<p style=\"text-align: center;\">\u201cEsta l\u00ednea de tiempo refleja nuestra constante evoluci\u00f3n que combina tradici\u00f3n, innovaci\u00f3n y sustentabilidad. IVECO, adem\u00e1s de fabricar camiones durante 55 a\u00f1os en Argentina, tambi\u00e9n forj\u00f3 una s\u00f3lida relaci\u00f3n con la industria, los trabajadores y los transportistas argentinos. Haber crecido junto a esta f\u00e1brica y ver su transformaci\u00f3n constante me llena de orgullo, porque cada innovaci\u00f3n que desarrollamos aqu\u00ed en C\u00f3rdoba es el resultado del esfuerzo de muchas generaciones que, como yo, viven y sienten la marca desde adentro\u201d, expres\u00f3 Gon.<\/p>\n<\/blockquote>\n<p>&nbsp;<\/p>\n<h2>Hi-Way 55\u00b0 Aniversario &#8211; s\u00edmbolo de su visi\u00f3n de futuro<\/h2>\n<p>Para celebrar este aniversario, IVECO lanz\u00f3 la edici\u00f3n limitada del Hi-Way, con dise\u00f1o exclusivo y tecnolog\u00eda de punta, destacando su compromiso con la sustentabilidad. Adem\u00e1s, present\u00f3 innovaciones como la caja Traxon y el Control Room, que optimiza la gesti\u00f3n y conectividad de los veh\u00edculos.<\/p>\n<p>&nbsp;<\/p>\n<p><img decoding=\"async\" class=\"aligncenter wp-image-10161 size-full\" src=\"https:\/\/autofans.com.ar\/wp-content\/uploads\/2024\/12\/iveco-2-1.jpg\" alt=\"IVECO\" width=\"1000\" height=\"667\" srcset=\"https:\/\/autofans.com.ar\/wp-content\/uploads\/2024\/12\/iveco-2-1.jpg 1000w, https:\/\/autofans.com.ar\/wp-content\/uploads\/2024\/12\/iveco-2-1-300x200.jpg 300w, https:\/\/autofans.com.ar\/wp-content\/uploads\/2024\/12\/iveco-2-1-768x512.jpg 768w\" sizes=\"(max-width: 1000px) 100vw, 1000px\" \/><\/p>\n<p>&nbsp;<\/p>\n<p>En l\u00ednea con las tendencias globales, la marca refuerza su apuesta por las energ\u00edas alternativas, produciendo camiones a GNC y el\u00e9ctricos, como el S-eWay Rigid. Tambi\u00e9n inaugur\u00f3 el primer concesionario multienerg\u00e9tico en Buenos Aires, un hito que fortalece su cercan\u00eda con los clientes y su visi\u00f3n sustentable.<\/p>\n<h3><\/h3>\n<blockquote>\n<p style=\"text-align: center;\">\u201cEstos 55 a\u00f1os son una prueba de que la capacidad de adaptaci\u00f3n e innovaci\u00f3n son parte del ADN de la marca desde sus or\u00edgenes. M\u00e1s all\u00e1 de una celebraci\u00f3n, este aniversario nos impulsa a mirar hacia adelante con responsabilidad y ambici\u00f3n y, principalmente, continuar trabajando con foco en nuestros clientes. Argentina es clave en nuestra estrategia regional, y estamos decididos a continuar desarrollando soluciones en transporte superadoras, queremos liderar la transici\u00f3n hacia una movilidad cada vez m\u00e1s limpia y eficiente. Continuamos construyendo un futuro junto a nuestros clientes y colaboradores, respondiendo a los desaf\u00edos con la misma pasi\u00f3n que nos define desde el inicio\u201d, afirm\u00f3 Marcio Querichelli, presidente de IVECO en Am\u00e9rica Latina.<\/p>\n<\/blockquote>\n<p>&nbsp;<\/p>\n<h2>IVECO &#8211; motor de desarrollo regional<\/h2>\n<p>La planta de C\u00f3rdoba, con m\u00e1s de 110.000 unidades producidas, es un modelo de manufactura avanzada. Este logro es posible gracias a la dedicaci\u00f3n de colaboradores, concesionarios, proveedores y clientes que conf\u00edan en IVECO como su socio estrat\u00e9gico.<\/p>\n<p>Con 55 a\u00f1os de historia, IVECO sigue liderando la transformaci\u00f3n del transporte en Argentina, conectando tradici\u00f3n y futuro con innovaci\u00f3n y sostenibilidad.<\/p>\n<p>&nbsp;<\/p>\n<p>&nbsp;<\/p>\n<p>&nbsp;<\/p>\n<p><i>Para enterarte de m\u00e1s novedades, no dejes de leer\u00a0<\/i><a href=\"https:\/\/autofans.thebrandsoup.com\/\"><i>nuestras notas<\/i><\/a><i>, de ver<\/i><b><i>\u00a0<\/i><\/b><a href=\"https:\/\/www.youtube.com\/channel\/UCgAC8UGHZYbT6P7PpmVnP7g\"><b><i>AUTOFANS TV<\/i><\/b><\/a><b><i>\u00a0<\/i><\/b><i>en nuestro\u00a0canal de Youtube. Adem\u00e1s seguinos en\u00a0<\/i><a href=\"https:\/\/www.instagram.com\/autofanstv\/\"><i>INSTAGRAM<\/i><\/a><i> y <\/i><a href=\"https:\/\/www.facebook.com\/autofansmas\/\"><i>FACEBOOK<\/i><\/a><i> para no perderte nada sobre las novedades del segmento automotor de Argentina y el mundo.<\/i><\/p>\n","protected":false},"excerpt":{"rendered":"<p>Desde 1969, IVECO ha marcado un antes y un despu\u00e9s en la producci\u00f3n de camiones&#8230;<\/p>\n","protected":false},"author":2,"featured_media":10162,"comment_status":"closed","ping_status":"closed","sticky":false,"template":"","format":"standard","meta":{"footnotes":""},"categories":[16,10],"tags":[5501,1493,4706,5503,5502,5500,5504],"class_list":["post-10155","post","type-post","status-publish","format-standard","has-post-thumbnail","hentry","category-noticias","category-utilitarios-y-pesados-lanzamientos","tag-55-anos-iveco","tag-camiones-a-gnc","tag-camiones-sustentables","tag-hi-way-aniversario","tag-transporte-innovador","tag-veco-argentina","tag-vehiculos-electricos-argentina"],"yoast_head":"<!-- This site is optimized with the Yoast SEO plugin v27.5 - https:\/\/yoast.com\/product\/yoast-seo-wordpress\/ -->\n<title>IVECO 55 a\u00f1os transformando el transporte en Argentina -<\/title>\n<meta name=\"description\" content=\"IVECO ha marcado un antes y un despu\u00e9s en la producci\u00f3n de camiones en Argentina. Este 2024, la marca conmemora 55 a\u00f1os de liderazgo...\" \/>\n<meta name=\"robots\" content=\"index, follow, max-snippet:-1, max-image-preview:large, max-video-preview:-1\" \/>\n<link rel=\"canonical\" href=\"https:\/\/autofans.com.ar\/index.php\/2024\/12\/06\/iveco-55-anos-transformando-el-transporte-en-argentina\/\" \/>\n<meta property=\"og:locale\" content=\"es_ES\" \/>\n<meta property=\"og:type\" content=\"article\" \/>\n<meta property=\"og:title\" content=\"IVECO 55 a\u00f1os transformando el transporte en Argentina -\" \/>\n<meta property=\"og:description\" content=\"IVECO ha marcado un antes y un despu\u00e9s en la producci\u00f3n de camiones en Argentina. Este 2024, la marca conmemora 55 a\u00f1os de liderazgo...\" \/>\n<meta property=\"og:url\" content=\"https:\/\/autofans.com.ar\/index.php\/2024\/12\/06\/iveco-55-anos-transformando-el-transporte-en-argentina\/\" \/>\n<meta property=\"article:published_time\" content=\"2024-12-07T00:12:03+00:00\" \/>\n<meta property=\"og:image\" content=\"https:\/\/autofans.com.ar\/wp-content\/uploads\/2024\/12\/iveco-1-1.jpg\" \/>\n\t<meta property=\"og:image:width\" content=\"1000\" \/>\n\t<meta property=\"og:image:height\" content=\"667\" \/>\n\t<meta property=\"og:image:type\" content=\"image\/jpeg\" \/>\n<meta name=\"author\" content=\"Alejandro Gabriel Rosito\" \/>\n<meta name=\"twitter:card\" content=\"summary_large_image\" \/>\n<meta name=\"twitter:label1\" content=\"Escrito por\" \/>\n\t<meta name=\"twitter:data1\" content=\"Alejandro Gabriel Rosito\" \/>\n\t<meta name=\"twitter:label2\" content=\"Tiempo de lectura\" \/>\n\t<meta name=\"twitter:data2\" content=\"3 minutos\" \/>\n<script type=\"application\/ld+json\" class=\"yoast-schema-graph\">{\"@context\":\"https:\\\/\\\/schema.org\",\"@graph\":[{\"@type\":\"Article\",\"@id\":\"https:\\\/\\\/autofans.com.ar\\\/index.php\\\/2024\\\/12\\\/06\\\/iveco-55-anos-transformando-el-transporte-en-argentina\\\/#article\",\"isPartOf\":{\"@id\":\"https:\\\/\\\/autofans.com.ar\\\/index.php\\\/2024\\\/12\\\/06\\\/iveco-55-anos-transformando-el-transporte-en-argentina\\\/\"},\"author\":{\"name\":\"Alejandro Gabriel Rosito\",\"@id\":\"https:\\\/\\\/autofans.com.ar\\\/#\\\/schema\\\/person\\\/4a8dda0b6df83ac3d6723e921274c2aa\"},\"headline\":\"IVECO 55 a\u00f1os transformando el transporte en Argentina\",\"datePublished\":\"2024-12-07T00:12:03+00:00\",\"mainEntityOfPage\":{\"@id\":\"https:\\\/\\\/autofans.com.ar\\\/index.php\\\/2024\\\/12\\\/06\\\/iveco-55-anos-transformando-el-transporte-en-argentina\\\/\"},\"wordCount\":714,\"image\":{\"@id\":\"https:\\\/\\\/autofans.com.ar\\\/index.php\\\/2024\\\/12\\\/06\\\/iveco-55-anos-transformando-el-transporte-en-argentina\\\/#primaryimage\"},\"thumbnailUrl\":\"https:\\\/\\\/autofans.com.ar\\\/wp-content\\\/uploads\\\/2024\\\/12\\\/iveco-1-1.jpg\",\"keywords\":[\"55 a\u00f1os IVECO\",\"Camiones a GNC\",\"camiones sustentables\",\"Hi-Way Aniversario\",\"transporte innovador\",\"VECO Argentina\",\"veh\u00edculos el\u00e9ctricos Argentina\"],\"articleSection\":[\"NOTICIAS\",\"Pick Ups, Utilitarios y Pesados\"],\"inLanguage\":\"es\"},{\"@type\":\"WebPage\",\"@id\":\"https:\\\/\\\/autofans.com.ar\\\/index.php\\\/2024\\\/12\\\/06\\\/iveco-55-anos-transformando-el-transporte-en-argentina\\\/\",\"url\":\"https:\\\/\\\/autofans.com.ar\\\/index.php\\\/2024\\\/12\\\/06\\\/iveco-55-anos-transformando-el-transporte-en-argentina\\\/\",\"name\":\"IVECO 55 a\u00f1os transformando el transporte en Argentina -\",\"isPartOf\":{\"@id\":\"https:\\\/\\\/autofans.com.ar\\\/#website\"},\"primaryImageOfPage\":{\"@id\":\"https:\\\/\\\/autofans.com.ar\\\/index.php\\\/2024\\\/12\\\/06\\\/iveco-55-anos-transformando-el-transporte-en-argentina\\\/#primaryimage\"},\"image\":{\"@id\":\"https:\\\/\\\/autofans.com.ar\\\/index.php\\\/2024\\\/12\\\/06\\\/iveco-55-anos-transformando-el-transporte-en-argentina\\\/#primaryimage\"},\"thumbnailUrl\":\"https:\\\/\\\/autofans.com.ar\\\/wp-content\\\/uploads\\\/2024\\\/12\\\/iveco-1-1.jpg\",\"datePublished\":\"2024-12-07T00:12:03+00:00\",\"author\":{\"@id\":\"https:\\\/\\\/autofans.com.ar\\\/#\\\/schema\\\/person\\\/4a8dda0b6df83ac3d6723e921274c2aa\"},\"description\":\"IVECO ha marcado un antes y un despu\u00e9s en la producci\u00f3n de camiones en Argentina. Este 2024, la marca conmemora 55 a\u00f1os de liderazgo...\",\"breadcrumb\":{\"@id\":\"https:\\\/\\\/autofans.com.ar\\\/index.php\\\/2024\\\/12\\\/06\\\/iveco-55-anos-transformando-el-transporte-en-argentina\\\/#breadcrumb\"},\"inLanguage\":\"es\",\"potentialAction\":[{\"@type\":\"ReadAction\",\"target\":[\"https:\\\/\\\/autofans.com.ar\\\/index.php\\\/2024\\\/12\\\/06\\\/iveco-55-anos-transformando-el-transporte-en-argentina\\\/\"]}]},{\"@type\":\"ImageObject\",\"inLanguage\":\"es\",\"@id\":\"https:\\\/\\\/autofans.com.ar\\\/index.php\\\/2024\\\/12\\\/06\\\/iveco-55-anos-transformando-el-transporte-en-argentina\\\/#primaryimage\",\"url\":\"https:\\\/\\\/autofans.com.ar\\\/wp-content\\\/uploads\\\/2024\\\/12\\\/iveco-1-1.jpg\",\"contentUrl\":\"https:\\\/\\\/autofans.com.ar\\\/wp-content\\\/uploads\\\/2024\\\/12\\\/iveco-1-1.jpg\",\"width\":1000,\"height\":667,\"caption\":\"IVECO\"},{\"@type\":\"BreadcrumbList\",\"@id\":\"https:\\\/\\\/autofans.com.ar\\\/index.php\\\/2024\\\/12\\\/06\\\/iveco-55-anos-transformando-el-transporte-en-argentina\\\/#breadcrumb\",\"itemListElement\":[{\"@type\":\"ListItem\",\"position\":1,\"name\":\"Inicio\",\"item\":\"https:\\\/\\\/autofans.com.ar\\\/\"},{\"@type\":\"ListItem\",\"position\":2,\"name\":\"IVECO 55 a\u00f1os transformando el transporte en Argentina\"}]},{\"@type\":\"WebSite\",\"@id\":\"https:\\\/\\\/autofans.com.ar\\\/#website\",\"url\":\"https:\\\/\\\/autofans.com.ar\\\/\",\"name\":\"\",\"description\":\"El multimedio referente de la industria automotriz\",\"potentialAction\":[{\"@type\":\"SearchAction\",\"target\":{\"@type\":\"EntryPoint\",\"urlTemplate\":\"https:\\\/\\\/autofans.com.ar\\\/?s={search_term_string}\"},\"query-input\":{\"@type\":\"PropertyValueSpecification\",\"valueRequired\":true,\"valueName\":\"search_term_string\"}}],\"inLanguage\":\"es\"},{\"@type\":\"Person\",\"@id\":\"https:\\\/\\\/autofans.com.ar\\\/#\\\/schema\\\/person\\\/4a8dda0b6df83ac3d6723e921274c2aa\",\"name\":\"Alejandro Gabriel Rosito\",\"image\":{\"@type\":\"ImageObject\",\"inLanguage\":\"es\",\"@id\":\"https:\\\/\\\/secure.gravatar.com\\\/avatar\\\/16c5dda1489adfc62618084dcbb91cffd879c374b13fe5dd8e44ed6733852c88?s=96&d=mm&r=g\",\"url\":\"https:\\\/\\\/secure.gravatar.com\\\/avatar\\\/16c5dda1489adfc62618084dcbb91cffd879c374b13fe5dd8e44ed6733852c88?s=96&d=mm&r=g\",\"contentUrl\":\"https:\\\/\\\/secure.gravatar.com\\\/avatar\\\/16c5dda1489adfc62618084dcbb91cffd879c374b13fe5dd8e44ed6733852c88?s=96&d=mm&r=g\",\"caption\":\"Alejandro Gabriel Rosito\"},\"url\":\"https:\\\/\\\/autofans.com.ar\\\/index.php\\\/author\\\/gabrielr\\\/\"}]}<\/script>\n<!-- \/ Yoast SEO plugin. -->","yoast_head_json":{"title":"IVECO 55 a\u00f1os transformando el transporte en Argentina -","description":"IVECO ha marcado un antes y un despu\u00e9s en la producci\u00f3n de camiones en Argentina. Este 2024, la marca conmemora 55 a\u00f1os de liderazgo...","robots":{"index":"index","follow":"follow","max-snippet":"max-snippet:-1","max-image-preview":"max-image-preview:large","max-video-preview":"max-video-preview:-1"},"canonical":"https:\/\/autofans.com.ar\/index.php\/2024\/12\/06\/iveco-55-anos-transformando-el-transporte-en-argentina\/","og_locale":"es_ES","og_type":"article","og_title":"IVECO 55 a\u00f1os transformando el transporte en Argentina -","og_description":"IVECO ha marcado un antes y un despu\u00e9s en la producci\u00f3n de camiones en Argentina. Este 2024, la marca conmemora 55 a\u00f1os de liderazgo...","og_url":"https:\/\/autofans.com.ar\/index.php\/2024\/12\/06\/iveco-55-anos-transformando-el-transporte-en-argentina\/","article_published_time":"2024-12-07T00:12:03+00:00","og_image":[{"width":1000,"height":667,"url":"https:\/\/autofans.com.ar\/wp-content\/uploads\/2024\/12\/iveco-1-1.jpg","type":"image\/jpeg"}],"author":"Alejandro Gabriel Rosito","twitter_card":"summary_large_image","twitter_misc":{"Escrito por":"Alejandro Gabriel Rosito","Tiempo de lectura":"3 minutos"},"schema":{"@context":"https:\/\/schema.org","@graph":[{"@type":"Article","@id":"https:\/\/autofans.com.ar\/index.php\/2024\/12\/06\/iveco-55-anos-transformando-el-transporte-en-argentina\/#article","isPartOf":{"@id":"https:\/\/autofans.com.ar\/index.php\/2024\/12\/06\/iveco-55-anos-transformando-el-transporte-en-argentina\/"},"author":{"name":"Alejandro Gabriel Rosito","@id":"https:\/\/autofans.com.ar\/#\/schema\/person\/4a8dda0b6df83ac3d6723e921274c2aa"},"headline":"IVECO 55 a\u00f1os transformando el transporte en Argentina","datePublished":"2024-12-07T00:12:03+00:00","mainEntityOfPage":{"@id":"https:\/\/autofans.com.ar\/index.php\/2024\/12\/06\/iveco-55-anos-transformando-el-transporte-en-argentina\/"},"wordCount":714,"image":{"@id":"https:\/\/autofans.com.ar\/index.php\/2024\/12\/06\/iveco-55-anos-transformando-el-transporte-en-argentina\/#primaryimage"},"thumbnailUrl":"https:\/\/autofans.com.ar\/wp-content\/uploads\/2024\/12\/iveco-1-1.jpg","keywords":["55 a\u00f1os IVECO","Camiones a GNC","camiones sustentables","Hi-Way Aniversario","transporte innovador","VECO Argentina","veh\u00edculos el\u00e9ctricos Argentina"],"articleSection":["NOTICIAS","Pick Ups, Utilitarios y Pesados"],"inLanguage":"es"},{"@type":"WebPage","@id":"https:\/\/autofans.com.ar\/index.php\/2024\/12\/06\/iveco-55-anos-transformando-el-transporte-en-argentina\/","url":"https:\/\/autofans.com.ar\/index.php\/2024\/12\/06\/iveco-55-anos-transformando-el-transporte-en-argentina\/","name":"IVECO 55 a\u00f1os transformando el transporte en Argentina -","isPartOf":{"@id":"https:\/\/autofans.com.ar\/#website"},"primaryImageOfPage":{"@id":"https:\/\/autofans.com.ar\/index.php\/2024\/12\/06\/iveco-55-anos-transformando-el-transporte-en-argentina\/#primaryimage"},"image":{"@id":"https:\/\/autofans.com.ar\/index.php\/2024\/12\/06\/iveco-55-anos-transformando-el-transporte-en-argentina\/#primaryimage"},"thumbnailUrl":"https:\/\/autofans.com.ar\/wp-content\/uploads\/2024\/12\/iveco-1-1.jpg","datePublished":"2024-12-07T00:12:03+00:00","author":{"@id":"https:\/\/autofans.com.ar\/#\/schema\/person\/4a8dda0b6df83ac3d6723e921274c2aa"},"description":"IVECO ha marcado un antes y un despu\u00e9s en la producci\u00f3n de camiones en Argentina. Este 2024, la marca conmemora 55 a\u00f1os de liderazgo...","breadcrumb":{"@id":"https:\/\/autofans.com.ar\/index.php\/2024\/12\/06\/iveco-55-anos-transformando-el-transporte-en-argentina\/#breadcrumb"},"inLanguage":"es","potentialAction":[{"@type":"ReadAction","target":["https:\/\/autofans.com.ar\/index.php\/2024\/12\/06\/iveco-55-anos-transformando-el-transporte-en-argentina\/"]}]},{"@type":"ImageObject","inLanguage":"es","@id":"https:\/\/autofans.com.ar\/index.php\/2024\/12\/06\/iveco-55-anos-transformando-el-transporte-en-argentina\/#primaryimage","url":"https:\/\/autofans.com.ar\/wp-content\/uploads\/2024\/12\/iveco-1-1.jpg","contentUrl":"https:\/\/autofans.com.ar\/wp-content\/uploads\/2024\/12\/iveco-1-1.jpg","width":1000,"height":667,"caption":"IVECO"},{"@type":"BreadcrumbList","@id":"https:\/\/autofans.com.ar\/index.php\/2024\/12\/06\/iveco-55-anos-transformando-el-transporte-en-argentina\/#breadcrumb","itemListElement":[{"@type":"ListItem","position":1,"name":"Inicio","item":"https:\/\/autofans.com.ar\/"},{"@type":"ListItem","position":2,"name":"IVECO 55 a\u00f1os transformando el transporte en Argentina"}]},{"@type":"WebSite","@id":"https:\/\/autofans.com.ar\/#website","url":"https:\/\/autofans.com.ar\/","name":"","description":"El multimedio referente de la industria automotriz","potentialAction":[{"@type":"SearchAction","target":{"@type":"EntryPoint","urlTemplate":"https:\/\/autofans.com.ar\/?s={search_term_string}"},"query-input":{"@type":"PropertyValueSpecification","valueRequired":true,"valueName":"search_term_string"}}],"inLanguage":"es"},{"@type":"Person","@id":"https:\/\/autofans.com.ar\/#\/schema\/person\/4a8dda0b6df83ac3d6723e921274c2aa","name":"Alejandro Gabriel Rosito","image":{"@type":"ImageObject","inLanguage":"es","@id":"https:\/\/secure.gravatar.com\/avatar\/16c5dda1489adfc62618084dcbb91cffd879c374b13fe5dd8e44ed6733852c88?s=96&d=mm&r=g","url":"https:\/\/secure.gravatar.com\/avatar\/16c5dda1489adfc62618084dcbb91cffd879c374b13fe5dd8e44ed6733852c88?s=96&d=mm&r=g","contentUrl":"https:\/\/secure.gravatar.com\/avatar\/16c5dda1489adfc62618084dcbb91cffd879c374b13fe5dd8e44ed6733852c88?s=96&d=mm&r=g","caption":"Alejandro Gabriel Rosito"},"url":"https:\/\/autofans.com.ar\/index.php\/author\/gabrielr\/"}]}},"featured_image_urls":{"full":["https:\/\/autofans.com.ar\/wp-content\/uploads\/2024\/12\/iveco-1-1.jpg",1000,667,false],"thumbnail":["https:\/\/autofans.com.ar\/wp-content\/uploads\/2024\/12\/iveco-1-1-150x150.jpg",150,150,true],"medium":["https:\/\/autofans.com.ar\/wp-content\/uploads\/2024\/12\/iveco-1-1-300x200.jpg",300,200,true],"medium_large":["https:\/\/autofans.com.ar\/wp-content\/uploads\/2024\/12\/iveco-1-1-768x512.jpg",640,427,true],"large":["https:\/\/autofans.com.ar\/wp-content\/uploads\/2024\/12\/iveco-1-1.jpg",640,427,false],"1536x1536":["https:\/\/autofans.com.ar\/wp-content\/uploads\/2024\/12\/iveco-1-1.jpg",1000,667,false],"2048x2048":["https:\/\/autofans.com.ar\/wp-content\/uploads\/2024\/12\/iveco-1-1.jpg",1000,667,false],"covernews-featured":["https:\/\/autofans.com.ar\/wp-content\/uploads\/2024\/12\/iveco-1-1.jpg",1000,667,false],"covernews-medium":["https:\/\/autofans.com.ar\/wp-content\/uploads\/2024\/12\/iveco-1-1-540x340.jpg",540,340,true]},"author_info":{"display_name":"Alejandro Gabriel Rosito","author_link":"https:\/\/autofans.com.ar\/index.php\/author\/gabrielr\/"},"category_info":"<a href=\"https:\/\/autofans.com.ar\/index.php\/category\/noticias\/\" rel=\"category tag\">NOTICIAS<\/a> <a href=\"https:\/\/autofans.com.ar\/index.php\/category\/lanzamientos\/utilitarios-y-pesados-lanzamientos\/\" rel=\"category tag\">Pick Ups, Utilitarios y Pesados<\/a>","tag_info":"Pick Ups, Utilitarios y Pesados","comment_count":0,"_links":{"self":[{"href":"https:\/\/autofans.com.ar\/index.php\/wp-json\/wp\/v2\/posts\/10155","targetHints":{"allow":["GET"]}}],"collection":[{"href":"https:\/\/autofans.com.ar\/index.php\/wp-json\/wp\/v2\/posts"}],"about":[{"href":"https:\/\/autofans.com.ar\/index.php\/wp-json\/wp\/v2\/types\/post"}],"author":[{"embeddable":true,"href":"https:\/\/autofans.com.ar\/index.php\/wp-json\/wp\/v2\/users\/2"}],"replies":[{"embeddable":true,"href":"https:\/\/autofans.com.ar\/index.php\/wp-json\/wp\/v2\/comments?post=10155"}],"version-history":[{"count":5,"href":"https:\/\/autofans.com.ar\/index.php\/wp-json\/wp\/v2\/posts\/10155\/revisions"}],"predecessor-version":[{"id":10163,"href":"https:\/\/autofans.com.ar\/index.php\/wp-json\/wp\/v2\/posts\/10155\/revisions\/10163"}],"wp:featuredmedia":[{"embeddable":true,"href":"https:\/\/autofans.com.ar\/index.php\/wp-json\/wp\/v2\/media\/10162"}],"wp:attachment":[{"href":"https:\/\/autofans.com.ar\/index.php\/wp-json\/wp\/v2\/media?parent=10155"}],"wp:term":[{"taxonomy":"category","embeddable":true,"href":"https:\/\/autofans.com.ar\/index.php\/wp-json\/wp\/v2\/categories?post=10155"},{"taxonomy":"post_tag","embeddable":true,"href":"https:\/\/autofans.com.ar\/index.php\/wp-json\/wp\/v2\/tags?post=10155"}],"curies":[{"name":"wp","href":"https:\/\/api.w.org\/{rel}","templated":true}]}}