{"id":1019,"date":"2023-03-22T20:53:06","date_gmt":"2023-03-22T23:53:06","guid":{"rendered":"https:\/\/autofans.com.ar\/?p=1019"},"modified":"2023-03-22T21:26:48","modified_gmt":"2023-03-23T00:26:48","slug":"ford-argentina-presenta-la-linea-2023-de-su-vehiculo-transit","status":"publish","type":"post","link":"https:\/\/autofans.com.ar\/index.php\/2023\/03\/22\/ford-argentina-presenta-la-linea-2023-de-su-vehiculo-transit\/","title":{"rendered":"Ford Argentina presenta la l\u00ednea 2023 de su veh\u00edculo Transit"},"content":{"rendered":"<p>Ford Argentina ha presentado la l\u00ednea 2023 de su veh\u00edculo comercial Transit, con nuevas opciones de modelos y mejoras en sus caracter\u00edsticas diferenciadoras para potenciar sus capacidades. La nueva l\u00ednea incluye tres nuevos cat\u00e1logos: Transit Van Larga Techo Elevado, Transit Minib\u00fas 17+1 con transmisi\u00f3n manual y Transit Minib\u00fas 17+1 con transmisi\u00f3n autom\u00e1tica. En cuanto al motor todos equipados con el nuevo Panther 2.0L, m\u00e1s potente y eficiente que su predecesor, la motorizaci\u00f3n Puma de 2.2L. Adem\u00e1s, los nuevos modelos est\u00e1n equipados con una transmisi\u00f3n autom\u00e1tica de 10 velocidades de \u00faltima generaci\u00f3n.<\/p>\n<p>&nbsp;<\/p>\n<p><img fetchpriority=\"high\" decoding=\"async\" class=\"aligncenter wp-image-1024 size-full\" src=\"https:\/\/autofans.com.ar\/wp-content\/uploads\/2023\/03\/foto-5-1-jpg.webp\" alt=\"Transit\" width=\"1000\" height=\"667\" srcset=\"https:\/\/autofans.com.ar\/wp-content\/uploads\/2023\/03\/foto-5-1-jpg.webp 1000w, https:\/\/autofans.com.ar\/wp-content\/uploads\/2023\/03\/foto-5-1-300x200.webp 300w, https:\/\/autofans.com.ar\/wp-content\/uploads\/2023\/03\/foto-5-1-768x512.webp 768w\" sizes=\"(max-width: 1000px) 100vw, 1000px\" \/><\/p>\n<p>&nbsp;<\/p>\n<p>En cuanto a la tecnolog\u00eda, la nueva Transit cuenta con una pantalla multifunci\u00f3n LCD t\u00e1ctil de 8\u201d compatible con Android Auto y Apple Car Play Wireless. Cuenta con control por voz, conexi\u00f3n Bluetooth y puertos USB. Tambi\u00e9n se ha incorporado una c\u00e1mara de estacionamiento trasera para mejorar la maniobrabilidad y seguridad al retroceder. As\u00ed como el sistema auto start&amp;stop y 3 modos de conducci\u00f3n: Normal, Eco y Resbaladizo.\u00a0Con m\u00e1s de 50 a\u00f1os en el mercado global de veh\u00edculos comerciales, Transit es un \u00edcono de Ford que se adapta a todas las necesidades de los negocios de los clientes.<\/p>\n<p>&nbsp;<\/p>\n<div id='gallery-1' class='gallery galleryid-1019 gallery-columns-2 gallery-size-large'><figure class='gallery-item'>\n\t\t\t<div class='gallery-icon landscape'>\n\t\t\t\t<a href='https:\/\/autofans.com.ar\/index.php\/2023\/03\/22\/ford-argentina-presenta-la-linea-2023-de-su-vehiculo-transit\/foto-3-2\/'><img loading=\"lazy\" width=\"640\" height=\"427\" src=\"https:\/\/autofans.com.ar\/wp-content\/uploads\/2023\/03\/foto-3-1-jpg.webp\" class=\"attachment-large size-large\" alt=\"Transit\" srcset=\"https:\/\/autofans.com.ar\/wp-content\/uploads\/2023\/03\/foto-3-1-jpg.webp 1000w, https:\/\/autofans.com.ar\/wp-content\/uploads\/2023\/03\/foto-3-1-300x200.webp 300w, https:\/\/autofans.com.ar\/wp-content\/uploads\/2023\/03\/foto-3-1-768x512.webp 768w\" sizes=\"auto, (max-width: 640px) 100vw, 640px\" loading=\"lazy\" decoding=\"async\" \/><\/a>\n\t\t\t<\/div><\/figure><figure class='gallery-item'>\n\t\t\t<div class='gallery-icon landscape'>\n\t\t\t\t<a href='https:\/\/autofans.com.ar\/index.php\/2023\/03\/22\/ford-argentina-presenta-la-linea-2023-de-su-vehiculo-transit\/foto-4-3\/'><img loading=\"lazy\" width=\"640\" height=\"427\" src=\"https:\/\/autofans.com.ar\/wp-content\/uploads\/2023\/03\/foto-4-2-jpg.webp\" class=\"attachment-large size-large\" alt=\"Transit\" srcset=\"https:\/\/autofans.com.ar\/wp-content\/uploads\/2023\/03\/foto-4-2-jpg.webp 1000w, https:\/\/autofans.com.ar\/wp-content\/uploads\/2023\/03\/foto-4-2-300x200.webp 300w, https:\/\/autofans.com.ar\/wp-content\/uploads\/2023\/03\/foto-4-2-768x512.webp 768w\" sizes=\"auto, (max-width: 640px) 100vw, 640px\" loading=\"lazy\" decoding=\"async\" \/><\/a>\n\t\t\t<\/div><\/figure>\n\t\t<\/div>\n\n<p>Por \u00faltimo la nueva l\u00ednea de Transit de <a href=\"https:\/\/media.ford.com\/content\/fordmedia\/fsa\/ar\/es.html\" target=\"_blank\" rel=\"noopener\">Ford Argentina<\/a> se posiciona como una de las mejores opciones en el mercado de veh\u00edculos comerciales. Las nuevas opciones de modelos y la incorporaci\u00f3n de tecnolog\u00eda de \u00faltima generaci\u00f3n, hacen de la Transit una inversi\u00f3n inteligente para los profesionales y empresas que necesitan un veh\u00edculo confiable, espacioso y confortable para su trabajo diario.<\/p>\n<p>&nbsp;<\/p>\n<p><i>Para enterarte de m\u00e1s novedades, no dejes de leer\u00a0<\/i><a href=\"https:\/\/autofans.thebrandsoup.com\/\"><i>nuestras notas<\/i><\/a><i>, de ver<\/i><b><i>\u00a0<\/i><\/b><a href=\"https:\/\/www.youtube.com\/channel\/UCgAC8UGHZYbT6P7PpmVnP7g\"><b><i>AUTOFANS TV<\/i><\/b><\/a><b><i>\u00a0<\/i><\/b><i>en nuestro\u00a0canal de Youtube. Adem\u00e1s seguinos en\u00a0<\/i><a href=\"https:\/\/www.instagram.com\/autofanstv\/\"><i>INSTAGRAM<\/i><\/a><i> y <\/i><a href=\"https:\/\/www.facebook.com\/autofansmas\/\"><i>FACEBOOK<\/i><\/a><i> para no perderte nada sobre las novedades del segmento automotor de Argentina y el mundo.<\/i><\/p>\n","protected":false},"excerpt":{"rendered":"<p>Ford Argentina ha presentado la l\u00ednea 2023 de su veh\u00edculo comercial Transit, con nuevas opciones&#8230;<\/p>\n","protected":false},"author":2,"featured_media":1020,"comment_status":"closed","ping_status":"closed","sticky":false,"template":"","format":"standard","meta":{"footnotes":""},"categories":[1,10],"tags":[211,448,447,450,449,443,451,446,452,445,444],"class_list":["post-1019","post","type-post","status-publish","format-standard","has-post-thumbnail","hentry","category-lanzamientos","category-utilitarios-y-pesados-lanzamientos","tag-tecnologia","tag-comodidad","tag-conduccionsemiautonoma","tag-confiabilidad","tag-eficiencia","tag-fordtransit","tag-marketingdigital","tag-motorpanther","tag-seo","tag-transit2023","tag-vehiculos-comerciales"],"yoast_head":"<!-- This site is optimized with the Yoast SEO plugin v27.5 - https:\/\/yoast.com\/product\/yoast-seo-wordpress\/ -->\n<title>Ford Argentina presenta la l\u00ednea 2023 de su veh\u00edculo Transit -<\/title>\n<meta name=\"description\" content=\"Ford Argentina ha presentado la l\u00ednea 2023 de su veh\u00edculo comercial Transit, con nuevas opciones de modelos y mejoras en sus caracter\u00edsticas.\" \/>\n<meta name=\"robots\" content=\"index, follow, max-snippet:-1, max-image-preview:large, max-video-preview:-1\" \/>\n<link rel=\"canonical\" href=\"https:\/\/autofans.com.ar\/index.php\/2023\/03\/22\/ford-argentina-presenta-la-linea-2023-de-su-vehiculo-transit\/\" \/>\n<meta property=\"og:locale\" content=\"es_ES\" \/>\n<meta property=\"og:type\" content=\"article\" \/>\n<meta property=\"og:title\" content=\"Ford Argentina presenta la l\u00ednea 2023 de su veh\u00edculo Transit -\" \/>\n<meta property=\"og:description\" content=\"Ford Argentina ha presentado la l\u00ednea 2023 de su veh\u00edculo comercial Transit, con nuevas opciones de modelos y mejoras en sus caracter\u00edsticas.\" \/>\n<meta property=\"og:url\" content=\"https:\/\/autofans.com.ar\/index.php\/2023\/03\/22\/ford-argentina-presenta-la-linea-2023-de-su-vehiculo-transit\/\" \/>\n<meta property=\"article:published_time\" content=\"2023-03-22T23:53:06+00:00\" \/>\n<meta property=\"article:modified_time\" content=\"2023-03-23T00:26:48+00:00\" \/>\n<meta property=\"og:image\" content=\"https:\/\/autofans.com.ar\/wp-content\/uploads\/2023\/03\/foto-1-2.jpg\" \/>\n\t<meta property=\"og:image:width\" content=\"1000\" \/>\n\t<meta property=\"og:image:height\" content=\"667\" \/>\n\t<meta property=\"og:image:type\" content=\"image\/jpeg\" \/>\n<meta name=\"author\" content=\"Alejandro Gabriel Rosito\" \/>\n<meta name=\"twitter:card\" content=\"summary_large_image\" \/>\n<meta name=\"twitter:label1\" content=\"Escrito por\" \/>\n\t<meta name=\"twitter:data1\" content=\"Alejandro Gabriel Rosito\" \/>\n\t<meta name=\"twitter:label2\" content=\"Tiempo de lectura\" \/>\n\t<meta name=\"twitter:data2\" content=\"2 minutos\" \/>\n<script type=\"application\/ld+json\" class=\"yoast-schema-graph\">{\"@context\":\"https:\\\/\\\/schema.org\",\"@graph\":[{\"@type\":\"Article\",\"@id\":\"https:\\\/\\\/autofans.com.ar\\\/index.php\\\/2023\\\/03\\\/22\\\/ford-argentina-presenta-la-linea-2023-de-su-vehiculo-transit\\\/#article\",\"isPartOf\":{\"@id\":\"https:\\\/\\\/autofans.com.ar\\\/index.php\\\/2023\\\/03\\\/22\\\/ford-argentina-presenta-la-linea-2023-de-su-vehiculo-transit\\\/\"},\"author\":{\"name\":\"Alejandro Gabriel Rosito\",\"@id\":\"https:\\\/\\\/autofans.com.ar\\\/#\\\/schema\\\/person\\\/4a8dda0b6df83ac3d6723e921274c2aa\"},\"headline\":\"Ford Argentina presenta la l\u00ednea 2023 de su veh\u00edculo Transit\",\"datePublished\":\"2023-03-22T23:53:06+00:00\",\"dateModified\":\"2023-03-23T00:26:48+00:00\",\"mainEntityOfPage\":{\"@id\":\"https:\\\/\\\/autofans.com.ar\\\/index.php\\\/2023\\\/03\\\/22\\\/ford-argentina-presenta-la-linea-2023-de-su-vehiculo-transit\\\/\"},\"wordCount\":343,\"image\":{\"@id\":\"https:\\\/\\\/autofans.com.ar\\\/index.php\\\/2023\\\/03\\\/22\\\/ford-argentina-presenta-la-linea-2023-de-su-vehiculo-transit\\\/#primaryimage\"},\"thumbnailUrl\":\"https:\\\/\\\/autofans.com.ar\\\/wp-content\\\/uploads\\\/2023\\\/03\\\/foto-1-2.jpg\",\"keywords\":[\"#tecnolog\u00eda\",\"Comodidad\",\"Conducci\u00f3nSemiaut\u00f3noma\",\"Confiabilidad\",\"Eficiencia\",\"FordTransit\",\"MarketingDigital\",\"MotorPanther\",\"SEO\",\"Transit2023\",\"Veh\u00edculos Comerciales\"],\"articleSection\":[\"LANZAMIENTOS\",\"Pick Ups, Utilitarios y Pesados\"],\"inLanguage\":\"es\"},{\"@type\":\"WebPage\",\"@id\":\"https:\\\/\\\/autofans.com.ar\\\/index.php\\\/2023\\\/03\\\/22\\\/ford-argentina-presenta-la-linea-2023-de-su-vehiculo-transit\\\/\",\"url\":\"https:\\\/\\\/autofans.com.ar\\\/index.php\\\/2023\\\/03\\\/22\\\/ford-argentina-presenta-la-linea-2023-de-su-vehiculo-transit\\\/\",\"name\":\"Ford Argentina presenta la l\u00ednea 2023 de su veh\u00edculo Transit -\",\"isPartOf\":{\"@id\":\"https:\\\/\\\/autofans.com.ar\\\/#website\"},\"primaryImageOfPage\":{\"@id\":\"https:\\\/\\\/autofans.com.ar\\\/index.php\\\/2023\\\/03\\\/22\\\/ford-argentina-presenta-la-linea-2023-de-su-vehiculo-transit\\\/#primaryimage\"},\"image\":{\"@id\":\"https:\\\/\\\/autofans.com.ar\\\/index.php\\\/2023\\\/03\\\/22\\\/ford-argentina-presenta-la-linea-2023-de-su-vehiculo-transit\\\/#primaryimage\"},\"thumbnailUrl\":\"https:\\\/\\\/autofans.com.ar\\\/wp-content\\\/uploads\\\/2023\\\/03\\\/foto-1-2.jpg\",\"datePublished\":\"2023-03-22T23:53:06+00:00\",\"dateModified\":\"2023-03-23T00:26:48+00:00\",\"author\":{\"@id\":\"https:\\\/\\\/autofans.com.ar\\\/#\\\/schema\\\/person\\\/4a8dda0b6df83ac3d6723e921274c2aa\"},\"description\":\"Ford Argentina ha presentado la l\u00ednea 2023 de su veh\u00edculo comercial Transit, con nuevas opciones de modelos y mejoras en sus caracter\u00edsticas.\",\"breadcrumb\":{\"@id\":\"https:\\\/\\\/autofans.com.ar\\\/index.php\\\/2023\\\/03\\\/22\\\/ford-argentina-presenta-la-linea-2023-de-su-vehiculo-transit\\\/#breadcrumb\"},\"inLanguage\":\"es\",\"potentialAction\":[{\"@type\":\"ReadAction\",\"target\":[\"https:\\\/\\\/autofans.com.ar\\\/index.php\\\/2023\\\/03\\\/22\\\/ford-argentina-presenta-la-linea-2023-de-su-vehiculo-transit\\\/\"]}]},{\"@type\":\"ImageObject\",\"inLanguage\":\"es\",\"@id\":\"https:\\\/\\\/autofans.com.ar\\\/index.php\\\/2023\\\/03\\\/22\\\/ford-argentina-presenta-la-linea-2023-de-su-vehiculo-transit\\\/#primaryimage\",\"url\":\"https:\\\/\\\/autofans.com.ar\\\/wp-content\\\/uploads\\\/2023\\\/03\\\/foto-1-2.jpg\",\"contentUrl\":\"https:\\\/\\\/autofans.com.ar\\\/wp-content\\\/uploads\\\/2023\\\/03\\\/foto-1-2.jpg\",\"width\":1000,\"height\":667,\"caption\":\"Transit\"},{\"@type\":\"BreadcrumbList\",\"@id\":\"https:\\\/\\\/autofans.com.ar\\\/index.php\\\/2023\\\/03\\\/22\\\/ford-argentina-presenta-la-linea-2023-de-su-vehiculo-transit\\\/#breadcrumb\",\"itemListElement\":[{\"@type\":\"ListItem\",\"position\":1,\"name\":\"Inicio\",\"item\":\"https:\\\/\\\/autofans.com.ar\\\/\"},{\"@type\":\"ListItem\",\"position\":2,\"name\":\"Ford Argentina presenta la l\u00ednea 2023 de su veh\u00edculo Transit\"}]},{\"@type\":\"WebSite\",\"@id\":\"https:\\\/\\\/autofans.com.ar\\\/#website\",\"url\":\"https:\\\/\\\/autofans.com.ar\\\/\",\"name\":\"\",\"description\":\"El multimedio referente de la industria automotriz\",\"potentialAction\":[{\"@type\":\"SearchAction\",\"target\":{\"@type\":\"EntryPoint\",\"urlTemplate\":\"https:\\\/\\\/autofans.com.ar\\\/?s={search_term_string}\"},\"query-input\":{\"@type\":\"PropertyValueSpecification\",\"valueRequired\":true,\"valueName\":\"search_term_string\"}}],\"inLanguage\":\"es\"},{\"@type\":\"Person\",\"@id\":\"https:\\\/\\\/autofans.com.ar\\\/#\\\/schema\\\/person\\\/4a8dda0b6df83ac3d6723e921274c2aa\",\"name\":\"Alejandro Gabriel Rosito\",\"image\":{\"@type\":\"ImageObject\",\"inLanguage\":\"es\",\"@id\":\"https:\\\/\\\/secure.gravatar.com\\\/avatar\\\/16c5dda1489adfc62618084dcbb91cffd879c374b13fe5dd8e44ed6733852c88?s=96&d=mm&r=g\",\"url\":\"https:\\\/\\\/secure.gravatar.com\\\/avatar\\\/16c5dda1489adfc62618084dcbb91cffd879c374b13fe5dd8e44ed6733852c88?s=96&d=mm&r=g\",\"contentUrl\":\"https:\\\/\\\/secure.gravatar.com\\\/avatar\\\/16c5dda1489adfc62618084dcbb91cffd879c374b13fe5dd8e44ed6733852c88?s=96&d=mm&r=g\",\"caption\":\"Alejandro Gabriel Rosito\"},\"url\":\"https:\\\/\\\/autofans.com.ar\\\/index.php\\\/author\\\/gabrielr\\\/\"}]}<\/script>\n<!-- \/ Yoast SEO plugin. -->","yoast_head_json":{"title":"Ford Argentina presenta la l\u00ednea 2023 de su veh\u00edculo Transit -","description":"Ford Argentina ha presentado la l\u00ednea 2023 de su veh\u00edculo comercial Transit, con nuevas opciones de modelos y mejoras en sus caracter\u00edsticas.","robots":{"index":"index","follow":"follow","max-snippet":"max-snippet:-1","max-image-preview":"max-image-preview:large","max-video-preview":"max-video-preview:-1"},"canonical":"https:\/\/autofans.com.ar\/index.php\/2023\/03\/22\/ford-argentina-presenta-la-linea-2023-de-su-vehiculo-transit\/","og_locale":"es_ES","og_type":"article","og_title":"Ford Argentina presenta la l\u00ednea 2023 de su veh\u00edculo Transit -","og_description":"Ford Argentina ha presentado la l\u00ednea 2023 de su veh\u00edculo comercial Transit, con nuevas opciones de modelos y mejoras en sus caracter\u00edsticas.","og_url":"https:\/\/autofans.com.ar\/index.php\/2023\/03\/22\/ford-argentina-presenta-la-linea-2023-de-su-vehiculo-transit\/","article_published_time":"2023-03-22T23:53:06+00:00","article_modified_time":"2023-03-23T00:26:48+00:00","og_image":[{"width":1000,"height":667,"url":"https:\/\/autofans.com.ar\/wp-content\/uploads\/2023\/03\/foto-1-2.jpg","type":"image\/jpeg"}],"author":"Alejandro Gabriel Rosito","twitter_card":"summary_large_image","twitter_misc":{"Escrito por":"Alejandro Gabriel Rosito","Tiempo de lectura":"2 minutos"},"schema":{"@context":"https:\/\/schema.org","@graph":[{"@type":"Article","@id":"https:\/\/autofans.com.ar\/index.php\/2023\/03\/22\/ford-argentina-presenta-la-linea-2023-de-su-vehiculo-transit\/#article","isPartOf":{"@id":"https:\/\/autofans.com.ar\/index.php\/2023\/03\/22\/ford-argentina-presenta-la-linea-2023-de-su-vehiculo-transit\/"},"author":{"name":"Alejandro Gabriel Rosito","@id":"https:\/\/autofans.com.ar\/#\/schema\/person\/4a8dda0b6df83ac3d6723e921274c2aa"},"headline":"Ford Argentina presenta la l\u00ednea 2023 de su veh\u00edculo Transit","datePublished":"2023-03-22T23:53:06+00:00","dateModified":"2023-03-23T00:26:48+00:00","mainEntityOfPage":{"@id":"https:\/\/autofans.com.ar\/index.php\/2023\/03\/22\/ford-argentina-presenta-la-linea-2023-de-su-vehiculo-transit\/"},"wordCount":343,"image":{"@id":"https:\/\/autofans.com.ar\/index.php\/2023\/03\/22\/ford-argentina-presenta-la-linea-2023-de-su-vehiculo-transit\/#primaryimage"},"thumbnailUrl":"https:\/\/autofans.com.ar\/wp-content\/uploads\/2023\/03\/foto-1-2.jpg","keywords":["#tecnolog\u00eda","Comodidad","Conducci\u00f3nSemiaut\u00f3noma","Confiabilidad","Eficiencia","FordTransit","MarketingDigital","MotorPanther","SEO","Transit2023","Veh\u00edculos Comerciales"],"articleSection":["LANZAMIENTOS","Pick Ups, Utilitarios y Pesados"],"inLanguage":"es"},{"@type":"WebPage","@id":"https:\/\/autofans.com.ar\/index.php\/2023\/03\/22\/ford-argentina-presenta-la-linea-2023-de-su-vehiculo-transit\/","url":"https:\/\/autofans.com.ar\/index.php\/2023\/03\/22\/ford-argentina-presenta-la-linea-2023-de-su-vehiculo-transit\/","name":"Ford Argentina presenta la l\u00ednea 2023 de su veh\u00edculo Transit -","isPartOf":{"@id":"https:\/\/autofans.com.ar\/#website"},"primaryImageOfPage":{"@id":"https:\/\/autofans.com.ar\/index.php\/2023\/03\/22\/ford-argentina-presenta-la-linea-2023-de-su-vehiculo-transit\/#primaryimage"},"image":{"@id":"https:\/\/autofans.com.ar\/index.php\/2023\/03\/22\/ford-argentina-presenta-la-linea-2023-de-su-vehiculo-transit\/#primaryimage"},"thumbnailUrl":"https:\/\/autofans.com.ar\/wp-content\/uploads\/2023\/03\/foto-1-2.jpg","datePublished":"2023-03-22T23:53:06+00:00","dateModified":"2023-03-23T00:26:48+00:00","author":{"@id":"https:\/\/autofans.com.ar\/#\/schema\/person\/4a8dda0b6df83ac3d6723e921274c2aa"},"description":"Ford Argentina ha presentado la l\u00ednea 2023 de su veh\u00edculo comercial Transit, con nuevas opciones de modelos y mejoras en sus caracter\u00edsticas.","breadcrumb":{"@id":"https:\/\/autofans.com.ar\/index.php\/2023\/03\/22\/ford-argentina-presenta-la-linea-2023-de-su-vehiculo-transit\/#breadcrumb"},"inLanguage":"es","potentialAction":[{"@type":"ReadAction","target":["https:\/\/autofans.com.ar\/index.php\/2023\/03\/22\/ford-argentina-presenta-la-linea-2023-de-su-vehiculo-transit\/"]}]},{"@type":"ImageObject","inLanguage":"es","@id":"https:\/\/autofans.com.ar\/index.php\/2023\/03\/22\/ford-argentina-presenta-la-linea-2023-de-su-vehiculo-transit\/#primaryimage","url":"https:\/\/autofans.com.ar\/wp-content\/uploads\/2023\/03\/foto-1-2.jpg","contentUrl":"https:\/\/autofans.com.ar\/wp-content\/uploads\/2023\/03\/foto-1-2.jpg","width":1000,"height":667,"caption":"Transit"},{"@type":"BreadcrumbList","@id":"https:\/\/autofans.com.ar\/index.php\/2023\/03\/22\/ford-argentina-presenta-la-linea-2023-de-su-vehiculo-transit\/#breadcrumb","itemListElement":[{"@type":"ListItem","position":1,"name":"Inicio","item":"https:\/\/autofans.com.ar\/"},{"@type":"ListItem","position":2,"name":"Ford Argentina presenta la l\u00ednea 2023 de su veh\u00edculo Transit"}]},{"@type":"WebSite","@id":"https:\/\/autofans.com.ar\/#website","url":"https:\/\/autofans.com.ar\/","name":"","description":"El multimedio referente de la industria automotriz","potentialAction":[{"@type":"SearchAction","target":{"@type":"EntryPoint","urlTemplate":"https:\/\/autofans.com.ar\/?s={search_term_string}"},"query-input":{"@type":"PropertyValueSpecification","valueRequired":true,"valueName":"search_term_string"}}],"inLanguage":"es"},{"@type":"Person","@id":"https:\/\/autofans.com.ar\/#\/schema\/person\/4a8dda0b6df83ac3d6723e921274c2aa","name":"Alejandro Gabriel Rosito","image":{"@type":"ImageObject","inLanguage":"es","@id":"https:\/\/secure.gravatar.com\/avatar\/16c5dda1489adfc62618084dcbb91cffd879c374b13fe5dd8e44ed6733852c88?s=96&d=mm&r=g","url":"https:\/\/secure.gravatar.com\/avatar\/16c5dda1489adfc62618084dcbb91cffd879c374b13fe5dd8e44ed6733852c88?s=96&d=mm&r=g","contentUrl":"https:\/\/secure.gravatar.com\/avatar\/16c5dda1489adfc62618084dcbb91cffd879c374b13fe5dd8e44ed6733852c88?s=96&d=mm&r=g","caption":"Alejandro Gabriel Rosito"},"url":"https:\/\/autofans.com.ar\/index.php\/author\/gabrielr\/"}]}},"featured_image_urls":{"full":["https:\/\/autofans.com.ar\/wp-content\/uploads\/2023\/03\/foto-1-2.jpg",1000,667,false],"thumbnail":["https:\/\/autofans.com.ar\/wp-content\/uploads\/2023\/03\/foto-1-2-150x150.webp",150,150,true],"medium":["https:\/\/autofans.com.ar\/wp-content\/uploads\/2023\/03\/foto-1-2-300x200.webp",300,200,true],"medium_large":["https:\/\/autofans.com.ar\/wp-content\/uploads\/2023\/03\/foto-1-2-768x512.webp",640,427,true],"large":["https:\/\/autofans.com.ar\/wp-content\/uploads\/2023\/03\/foto-1-2.jpg",640,427,false],"1536x1536":["https:\/\/autofans.com.ar\/wp-content\/uploads\/2023\/03\/foto-1-2.jpg",1000,667,false],"2048x2048":["https:\/\/autofans.com.ar\/wp-content\/uploads\/2023\/03\/foto-1-2.jpg",1000,667,false],"covernews-featured":["https:\/\/autofans.com.ar\/wp-content\/uploads\/2023\/03\/foto-1-2.jpg",1000,667,false],"covernews-medium":["https:\/\/autofans.com.ar\/wp-content\/uploads\/2023\/03\/foto-1-2-540x340.webp",540,340,true]},"author_info":{"display_name":"Alejandro Gabriel Rosito","author_link":"https:\/\/autofans.com.ar\/index.php\/author\/gabrielr\/"},"category_info":"<a href=\"https:\/\/autofans.com.ar\/index.php\/category\/lanzamientos\/\" rel=\"category tag\">LANZAMIENTOS<\/a> <a href=\"https:\/\/autofans.com.ar\/index.php\/category\/lanzamientos\/utilitarios-y-pesados-lanzamientos\/\" rel=\"category tag\">Pick Ups, Utilitarios y Pesados<\/a>","tag_info":"Pick Ups, Utilitarios y Pesados","comment_count":0,"_links":{"self":[{"href":"https:\/\/autofans.com.ar\/index.php\/wp-json\/wp\/v2\/posts\/1019","targetHints":{"allow":["GET"]}}],"collection":[{"href":"https:\/\/autofans.com.ar\/index.php\/wp-json\/wp\/v2\/posts"}],"about":[{"href":"https:\/\/autofans.com.ar\/index.php\/wp-json\/wp\/v2\/types\/post"}],"author":[{"embeddable":true,"href":"https:\/\/autofans.com.ar\/index.php\/wp-json\/wp\/v2\/users\/2"}],"replies":[{"embeddable":true,"href":"https:\/\/autofans.com.ar\/index.php\/wp-json\/wp\/v2\/comments?post=1019"}],"version-history":[{"count":2,"href":"https:\/\/autofans.com.ar\/index.php\/wp-json\/wp\/v2\/posts\/1019\/revisions"}],"predecessor-version":[{"id":1028,"href":"https:\/\/autofans.com.ar\/index.php\/wp-json\/wp\/v2\/posts\/1019\/revisions\/1028"}],"wp:featuredmedia":[{"embeddable":true,"href":"https:\/\/autofans.com.ar\/index.php\/wp-json\/wp\/v2\/media\/1020"}],"wp:attachment":[{"href":"https:\/\/autofans.com.ar\/index.php\/wp-json\/wp\/v2\/media?parent=1019"}],"wp:term":[{"taxonomy":"category","embeddable":true,"href":"https:\/\/autofans.com.ar\/index.php\/wp-json\/wp\/v2\/categories?post=1019"},{"taxonomy":"post_tag","embeddable":true,"href":"https:\/\/autofans.com.ar\/index.php\/wp-json\/wp\/v2\/tags?post=1019"}],"curies":[{"name":"wp","href":"https:\/\/api.w.org\/{rel}","templated":true}]}}