{"id":10305,"date":"2024-12-17T17:31:06","date_gmt":"2024-12-17T20:31:06","guid":{"rendered":"https:\/\/autofans.com.ar\/?p=10305"},"modified":"2024-12-17T14:32:08","modified_gmt":"2024-12-17T17:32:08","slug":"nissan-argentina-vuelve-a-carilo-con-su-propuesta-de-playa-y-aventura-2025","status":"publish","type":"post","link":"https:\/\/autofans.com.ar\/index.php\/2024\/12\/17\/nissan-argentina-vuelve-a-carilo-con-su-propuesta-de-playa-y-aventura-2025\/","title":{"rendered":"Nissan Argentina vuelve a Caril\u00f3 con su propuesta de playa y aventura 2025"},"content":{"rendered":"<p>Nissan Argentina vuelve a Caril\u00f3 por cuarto a\u00f1o consecutivo con su propuesta de verano Nissan X-Perience Caril\u00f3 2025. Del 2 de enero al 16 de febrero, la marca estar\u00e1 presente todos los d\u00edas en su espacio ubicado en Benteveo, entre Acacia y Constancia, de 12 a 21 hs.<\/p>\n<p>La propuesta combina experiencias de manejo, servicios exclusivos y actividades pensadas para disfrutar del verano en la Costa Atl\u00e1ntica.<\/p>\n<p>&nbsp;<\/p>\n<p><img fetchpriority=\"high\" decoding=\"async\" class=\"aligncenter wp-image-10308 size-full\" src=\"https:\/\/autofans.com.ar\/wp-content\/uploads\/2024\/12\/nissan-4-2.jpg\" alt=\"Nissan\" width=\"1000\" height=\"667\" srcset=\"https:\/\/autofans.com.ar\/wp-content\/uploads\/2024\/12\/nissan-4-2.jpg 1000w, https:\/\/autofans.com.ar\/wp-content\/uploads\/2024\/12\/nissan-4-2-300x200.jpg 300w, https:\/\/autofans.com.ar\/wp-content\/uploads\/2024\/12\/nissan-4-2-768x512.jpg 768w\" sizes=\"(max-width: 1000px) 100vw, 1000px\" \/><\/p>\n<h4><\/h4>\n<blockquote>\n<p style=\"text-align: center;\">\u00abEstar presentes en el verano de Caril\u00f3 es una gran oportunidad para seguir conectando con nuestros clientes, y brindando un poco m\u00e1s de la hospitalidad japonesa que caracteriza a Nissan\u00bb afirm\u00f3 Angeles Zocchi, Directora de Marketing de Nissan Argentina.<\/p>\n<\/blockquote>\n<p>&nbsp;<\/p>\n<h2>Servicios y actividades de Nissan X-Perience Caril\u00f3 2025<\/h2>\n<p>&nbsp;<\/p>\n<div id='gallery-1' class='gallery galleryid-10305 gallery-columns-2 gallery-size-full'><figure class='gallery-item'>\n\t\t\t<div class='gallery-icon landscape'>\n\t\t\t\t<a href='https:\/\/autofans.com.ar\/index.php\/2024\/12\/17\/nissan-argentina-vuelve-a-carilo-con-su-propuesta-de-playa-y-aventura-2025\/nissan-2-41\/'><img loading=\"lazy\" width=\"1000\" height=\"667\" src=\"https:\/\/autofans.com.ar\/wp-content\/uploads\/2024\/12\/nissan-2-3.jpg\" class=\"attachment-full size-full\" alt=\"Nissan\" srcset=\"https:\/\/autofans.com.ar\/wp-content\/uploads\/2024\/12\/nissan-2-3.jpg 1000w, https:\/\/autofans.com.ar\/wp-content\/uploads\/2024\/12\/nissan-2-3-300x200.jpg 300w, https:\/\/autofans.com.ar\/wp-content\/uploads\/2024\/12\/nissan-2-3-768x512.jpg 768w\" sizes=\"auto, (max-width: 1000px) 100vw, 1000px\" loading=\"lazy\" decoding=\"async\" \/><\/a>\n\t\t\t<\/div><\/figure><figure class='gallery-item'>\n\t\t\t<div class='gallery-icon landscape'>\n\t\t\t\t<a href='https:\/\/autofans.com.ar\/index.php\/2024\/12\/17\/nissan-argentina-vuelve-a-carilo-con-su-propuesta-de-playa-y-aventura-2025\/nissan-1-42\/'><img loading=\"lazy\" width=\"1000\" height=\"667\" src=\"https:\/\/autofans.com.ar\/wp-content\/uploads\/2024\/12\/nissan-1-3.jpg\" class=\"attachment-full size-full\" alt=\"Nissan\" srcset=\"https:\/\/autofans.com.ar\/wp-content\/uploads\/2024\/12\/nissan-1-3.jpg 1000w, https:\/\/autofans.com.ar\/wp-content\/uploads\/2024\/12\/nissan-1-3-300x200.jpg 300w, https:\/\/autofans.com.ar\/wp-content\/uploads\/2024\/12\/nissan-1-3-768x512.jpg 768w\" sizes=\"auto, (max-width: 1000px) 100vw, 1000px\" loading=\"lazy\" decoding=\"async\" \/><\/a>\n\t\t\t<\/div><\/figure>\n\t\t<\/div>\n\n<p>&nbsp;<\/p>\n<ul>\n<li><strong>Test drives urbanos:<\/strong><br \/>\nTodos los d\u00edas, de 12 a 17 hs, los interesados podr\u00e1n probar la Nueva Nissan X-Trail en sus versiones Exclusive y e-POWER, recorriendo la ciudad para conocer de cerca la tecnolog\u00eda de estos veh\u00edculos.<\/li>\n<li><strong>Cl\u00ednicas de manejo multimarca:<\/strong><br \/>\nLos martes, de 18 a 20.30 hs, se llevar\u00e1n a cabo cl\u00ednicas de conducci\u00f3n en arena, pensadas para los amantes de las pickups. Expertos guiar\u00e1n a los participantes, quienes podr\u00e1n asistir con su propio veh\u00edculo 4&#215;4.<\/li>\n<li><strong>Traves\u00edas en los m\u00e9danos:<\/strong><br \/>\nDe mi\u00e9rcoles a lunes, de 18 a 20.30 hs, la protagonista ser\u00e1 la Nissan Frontier. Los visitantes podr\u00e1n disfrutar de una experiencia \u00fanica en los m\u00e9danos, viviendo al m\u00e1ximo la potencia y versatilidad de la pickup.<\/li>\n<li><strong>Servicios de playa exclusivos:<\/strong><br \/>\nPara los usuarios de veh\u00edculos 4&#215;4, Nissan ofrecer\u00e1 servicios gratuitos:<\/p>\n<ul>\n<li>Control de presi\u00f3n de neum\u00e1ticos.<\/li>\n<li>Aspirado de arena del interior.<\/li>\n<li>Recarga de agua para el limpiaparabrisas.<\/li>\n<li>Rescates 4&#215;4 dentro de un radio de 3 km de la playa 4&#215;4.<\/li>\n<\/ul>\n<\/li>\n<\/ul>\n<p>Los servicios estar\u00e1n disponibles de lunes a domingos, de 12 a 21 hs. Los interesados pueden solicitarlos por WhatsAppal +54 9 11 7604 7640.<\/p>\n<p>&nbsp;<\/p>\n<p>&nbsp;<\/p>\n<p><i>Para enterarte de m\u00e1s novedades, no dejes de leer\u00a0<\/i><a href=\"https:\/\/autofans.thebrandsoup.com\/\"><i>nuestras notas<\/i><\/a><i>, de ver<\/i><b><i>\u00a0<\/i><\/b><a href=\"https:\/\/www.youtube.com\/channel\/UCgAC8UGHZYbT6P7PpmVnP7g\"><b><i>AUTOFANS TV<\/i><\/b><\/a><b><i>\u00a0<\/i><\/b><i>en nuestro\u00a0canal de Youtube. Adem\u00e1s seguinos en\u00a0<\/i><a href=\"https:\/\/www.instagram.com\/autofanstv\/\"><i>INSTAGRAM<\/i><\/a><i> y <\/i><a href=\"https:\/\/www.facebook.com\/autofansmas\/\"><i>FACEBOOK<\/i><\/a><i> para no perderte nada sobre las novedades del segmento automotor de Argentina y el mundo.<\/i><\/p>\n","protected":false},"excerpt":{"rendered":"<p>Nissan Argentina vuelve a Caril\u00f3 por cuarto a\u00f1o consecutivo con su propuesta de verano Nissan&#8230;<\/p>\n","protected":false},"author":2,"featured_media":10309,"comment_status":"closed","ping_status":"closed","sticky":false,"template":"","format":"standard","meta":{"footnotes":""},"categories":[6,16],"tags":[5604,5600,5598,5597,5603,5602,5599,5601],"class_list":["post-10305","post","type-post","status-publish","format-standard","has-post-thumbnail","hentry","category-bizstyle","category-noticias","tag-actividades-nissan-argentina","tag-clinicas-de-manejo-nissan","tag-nissan-verano-carilo","tag-nissan-x-perience","tag-rescates-4x4-carilo","tag-servicios-playa-nissan","tag-test-drives-x-trail","tag-travesias-nissan-frontier"],"yoast_head":"<!-- This site is optimized with the Yoast SEO plugin v27.5 - https:\/\/yoast.com\/product\/yoast-seo-wordpress\/ -->\n<title>Nissan Argentina vuelve a Caril\u00f3 con su propuesta de playa y aventura 2025 -<\/title>\n<meta name=\"description\" content=\"Nissan vuelve a Caril\u00f3 por cuarto a\u00f1o consecutivo con su propuesta de verano Nissan X-Perience Caril\u00f3 2025. Del 2 de enero al 16 de febrero\" \/>\n<meta name=\"robots\" content=\"index, follow, max-snippet:-1, max-image-preview:large, max-video-preview:-1\" \/>\n<link rel=\"canonical\" href=\"https:\/\/autofans.com.ar\/index.php\/2024\/12\/17\/nissan-argentina-vuelve-a-carilo-con-su-propuesta-de-playa-y-aventura-2025\/\" \/>\n<meta property=\"og:locale\" content=\"es_ES\" \/>\n<meta property=\"og:type\" content=\"article\" \/>\n<meta property=\"og:title\" content=\"Nissan Argentina vuelve a Caril\u00f3 con su propuesta de playa y aventura 2025 -\" \/>\n<meta property=\"og:description\" content=\"Nissan vuelve a Caril\u00f3 por cuarto a\u00f1o consecutivo con su propuesta de verano Nissan X-Perience Caril\u00f3 2025. Del 2 de enero al 16 de febrero\" \/>\n<meta property=\"og:url\" content=\"https:\/\/autofans.com.ar\/index.php\/2024\/12\/17\/nissan-argentina-vuelve-a-carilo-con-su-propuesta-de-playa-y-aventura-2025\/\" \/>\n<meta property=\"article:published_time\" content=\"2024-12-17T20:31:06+00:00\" \/>\n<meta property=\"og:image\" content=\"https:\/\/autofans.com.ar\/wp-content\/uploads\/2024\/12\/nissan-3-1.jpg\" \/>\n\t<meta property=\"og:image:width\" content=\"1000\" \/>\n\t<meta property=\"og:image:height\" content=\"667\" \/>\n\t<meta property=\"og:image:type\" content=\"image\/jpeg\" \/>\n<meta name=\"author\" content=\"Alejandro Gabriel Rosito\" \/>\n<meta name=\"twitter:card\" content=\"summary_large_image\" \/>\n<meta name=\"twitter:label1\" content=\"Escrito por\" \/>\n\t<meta name=\"twitter:data1\" content=\"Alejandro Gabriel Rosito\" \/>\n\t<meta name=\"twitter:label2\" content=\"Tiempo de lectura\" \/>\n\t<meta name=\"twitter:data2\" content=\"2 minutos\" \/>\n<script type=\"application\/ld+json\" class=\"yoast-schema-graph\">{\"@context\":\"https:\\\/\\\/schema.org\",\"@graph\":[{\"@type\":\"Article\",\"@id\":\"https:\\\/\\\/autofans.com.ar\\\/index.php\\\/2024\\\/12\\\/17\\\/nissan-argentina-vuelve-a-carilo-con-su-propuesta-de-playa-y-aventura-2025\\\/#article\",\"isPartOf\":{\"@id\":\"https:\\\/\\\/autofans.com.ar\\\/index.php\\\/2024\\\/12\\\/17\\\/nissan-argentina-vuelve-a-carilo-con-su-propuesta-de-playa-y-aventura-2025\\\/\"},\"author\":{\"name\":\"Alejandro Gabriel Rosito\",\"@id\":\"https:\\\/\\\/autofans.com.ar\\\/#\\\/schema\\\/person\\\/4a8dda0b6df83ac3d6723e921274c2aa\"},\"headline\":\"Nissan Argentina vuelve a Caril\u00f3 con su propuesta de playa y aventura 2025\",\"datePublished\":\"2024-12-17T20:31:06+00:00\",\"mainEntityOfPage\":{\"@id\":\"https:\\\/\\\/autofans.com.ar\\\/index.php\\\/2024\\\/12\\\/17\\\/nissan-argentina-vuelve-a-carilo-con-su-propuesta-de-playa-y-aventura-2025\\\/\"},\"wordCount\":369,\"image\":{\"@id\":\"https:\\\/\\\/autofans.com.ar\\\/index.php\\\/2024\\\/12\\\/17\\\/nissan-argentina-vuelve-a-carilo-con-su-propuesta-de-playa-y-aventura-2025\\\/#primaryimage\"},\"thumbnailUrl\":\"https:\\\/\\\/autofans.com.ar\\\/wp-content\\\/uploads\\\/2024\\\/12\\\/nissan-3-1.jpg\",\"keywords\":[\"actividades Nissan Argentina.\",\"cl\u00ednicas de manejo Nissan\",\"Nissan verano Caril\u00f3\",\"Nissan X-Perience\",\"rescates 4x4 Caril\u00f3\",\"servicios playa Nissan\",\"test drives X-Trail\",\"traves\u00edas Nissan Frontier\"],\"articleSection\":[\"BIZSTYLE\",\"NOTICIAS\"],\"inLanguage\":\"es\"},{\"@type\":\"WebPage\",\"@id\":\"https:\\\/\\\/autofans.com.ar\\\/index.php\\\/2024\\\/12\\\/17\\\/nissan-argentina-vuelve-a-carilo-con-su-propuesta-de-playa-y-aventura-2025\\\/\",\"url\":\"https:\\\/\\\/autofans.com.ar\\\/index.php\\\/2024\\\/12\\\/17\\\/nissan-argentina-vuelve-a-carilo-con-su-propuesta-de-playa-y-aventura-2025\\\/\",\"name\":\"Nissan Argentina vuelve a Caril\u00f3 con su propuesta de playa y aventura 2025 -\",\"isPartOf\":{\"@id\":\"https:\\\/\\\/autofans.com.ar\\\/#website\"},\"primaryImageOfPage\":{\"@id\":\"https:\\\/\\\/autofans.com.ar\\\/index.php\\\/2024\\\/12\\\/17\\\/nissan-argentina-vuelve-a-carilo-con-su-propuesta-de-playa-y-aventura-2025\\\/#primaryimage\"},\"image\":{\"@id\":\"https:\\\/\\\/autofans.com.ar\\\/index.php\\\/2024\\\/12\\\/17\\\/nissan-argentina-vuelve-a-carilo-con-su-propuesta-de-playa-y-aventura-2025\\\/#primaryimage\"},\"thumbnailUrl\":\"https:\\\/\\\/autofans.com.ar\\\/wp-content\\\/uploads\\\/2024\\\/12\\\/nissan-3-1.jpg\",\"datePublished\":\"2024-12-17T20:31:06+00:00\",\"author\":{\"@id\":\"https:\\\/\\\/autofans.com.ar\\\/#\\\/schema\\\/person\\\/4a8dda0b6df83ac3d6723e921274c2aa\"},\"description\":\"Nissan vuelve a Caril\u00f3 por cuarto a\u00f1o consecutivo con su propuesta de verano Nissan X-Perience Caril\u00f3 2025. Del 2 de enero al 16 de febrero\",\"breadcrumb\":{\"@id\":\"https:\\\/\\\/autofans.com.ar\\\/index.php\\\/2024\\\/12\\\/17\\\/nissan-argentina-vuelve-a-carilo-con-su-propuesta-de-playa-y-aventura-2025\\\/#breadcrumb\"},\"inLanguage\":\"es\",\"potentialAction\":[{\"@type\":\"ReadAction\",\"target\":[\"https:\\\/\\\/autofans.com.ar\\\/index.php\\\/2024\\\/12\\\/17\\\/nissan-argentina-vuelve-a-carilo-con-su-propuesta-de-playa-y-aventura-2025\\\/\"]}]},{\"@type\":\"ImageObject\",\"inLanguage\":\"es\",\"@id\":\"https:\\\/\\\/autofans.com.ar\\\/index.php\\\/2024\\\/12\\\/17\\\/nissan-argentina-vuelve-a-carilo-con-su-propuesta-de-playa-y-aventura-2025\\\/#primaryimage\",\"url\":\"https:\\\/\\\/autofans.com.ar\\\/wp-content\\\/uploads\\\/2024\\\/12\\\/nissan-3-1.jpg\",\"contentUrl\":\"https:\\\/\\\/autofans.com.ar\\\/wp-content\\\/uploads\\\/2024\\\/12\\\/nissan-3-1.jpg\",\"width\":1000,\"height\":667,\"caption\":\"Nissan\"},{\"@type\":\"BreadcrumbList\",\"@id\":\"https:\\\/\\\/autofans.com.ar\\\/index.php\\\/2024\\\/12\\\/17\\\/nissan-argentina-vuelve-a-carilo-con-su-propuesta-de-playa-y-aventura-2025\\\/#breadcrumb\",\"itemListElement\":[{\"@type\":\"ListItem\",\"position\":1,\"name\":\"Inicio\",\"item\":\"https:\\\/\\\/autofans.com.ar\\\/\"},{\"@type\":\"ListItem\",\"position\":2,\"name\":\"Nissan Argentina vuelve a Caril\u00f3 con su propuesta de playa y aventura 2025\"}]},{\"@type\":\"WebSite\",\"@id\":\"https:\\\/\\\/autofans.com.ar\\\/#website\",\"url\":\"https:\\\/\\\/autofans.com.ar\\\/\",\"name\":\"\",\"description\":\"El multimedio referente de la industria automotriz\",\"potentialAction\":[{\"@type\":\"SearchAction\",\"target\":{\"@type\":\"EntryPoint\",\"urlTemplate\":\"https:\\\/\\\/autofans.com.ar\\\/?s={search_term_string}\"},\"query-input\":{\"@type\":\"PropertyValueSpecification\",\"valueRequired\":true,\"valueName\":\"search_term_string\"}}],\"inLanguage\":\"es\"},{\"@type\":\"Person\",\"@id\":\"https:\\\/\\\/autofans.com.ar\\\/#\\\/schema\\\/person\\\/4a8dda0b6df83ac3d6723e921274c2aa\",\"name\":\"Alejandro Gabriel Rosito\",\"image\":{\"@type\":\"ImageObject\",\"inLanguage\":\"es\",\"@id\":\"https:\\\/\\\/secure.gravatar.com\\\/avatar\\\/16c5dda1489adfc62618084dcbb91cffd879c374b13fe5dd8e44ed6733852c88?s=96&d=mm&r=g\",\"url\":\"https:\\\/\\\/secure.gravatar.com\\\/avatar\\\/16c5dda1489adfc62618084dcbb91cffd879c374b13fe5dd8e44ed6733852c88?s=96&d=mm&r=g\",\"contentUrl\":\"https:\\\/\\\/secure.gravatar.com\\\/avatar\\\/16c5dda1489adfc62618084dcbb91cffd879c374b13fe5dd8e44ed6733852c88?s=96&d=mm&r=g\",\"caption\":\"Alejandro Gabriel Rosito\"},\"url\":\"https:\\\/\\\/autofans.com.ar\\\/index.php\\\/author\\\/gabrielr\\\/\"}]}<\/script>\n<!-- \/ Yoast SEO plugin. -->","yoast_head_json":{"title":"Nissan Argentina vuelve a Caril\u00f3 con su propuesta de playa y aventura 2025 -","description":"Nissan vuelve a Caril\u00f3 por cuarto a\u00f1o consecutivo con su propuesta de verano Nissan X-Perience Caril\u00f3 2025. Del 2 de enero al 16 de febrero","robots":{"index":"index","follow":"follow","max-snippet":"max-snippet:-1","max-image-preview":"max-image-preview:large","max-video-preview":"max-video-preview:-1"},"canonical":"https:\/\/autofans.com.ar\/index.php\/2024\/12\/17\/nissan-argentina-vuelve-a-carilo-con-su-propuesta-de-playa-y-aventura-2025\/","og_locale":"es_ES","og_type":"article","og_title":"Nissan Argentina vuelve a Caril\u00f3 con su propuesta de playa y aventura 2025 -","og_description":"Nissan vuelve a Caril\u00f3 por cuarto a\u00f1o consecutivo con su propuesta de verano Nissan X-Perience Caril\u00f3 2025. Del 2 de enero al 16 de febrero","og_url":"https:\/\/autofans.com.ar\/index.php\/2024\/12\/17\/nissan-argentina-vuelve-a-carilo-con-su-propuesta-de-playa-y-aventura-2025\/","article_published_time":"2024-12-17T20:31:06+00:00","og_image":[{"width":1000,"height":667,"url":"https:\/\/autofans.com.ar\/wp-content\/uploads\/2024\/12\/nissan-3-1.jpg","type":"image\/jpeg"}],"author":"Alejandro Gabriel Rosito","twitter_card":"summary_large_image","twitter_misc":{"Escrito por":"Alejandro Gabriel Rosito","Tiempo de lectura":"2 minutos"},"schema":{"@context":"https:\/\/schema.org","@graph":[{"@type":"Article","@id":"https:\/\/autofans.com.ar\/index.php\/2024\/12\/17\/nissan-argentina-vuelve-a-carilo-con-su-propuesta-de-playa-y-aventura-2025\/#article","isPartOf":{"@id":"https:\/\/autofans.com.ar\/index.php\/2024\/12\/17\/nissan-argentina-vuelve-a-carilo-con-su-propuesta-de-playa-y-aventura-2025\/"},"author":{"name":"Alejandro Gabriel Rosito","@id":"https:\/\/autofans.com.ar\/#\/schema\/person\/4a8dda0b6df83ac3d6723e921274c2aa"},"headline":"Nissan Argentina vuelve a Caril\u00f3 con su propuesta de playa y aventura 2025","datePublished":"2024-12-17T20:31:06+00:00","mainEntityOfPage":{"@id":"https:\/\/autofans.com.ar\/index.php\/2024\/12\/17\/nissan-argentina-vuelve-a-carilo-con-su-propuesta-de-playa-y-aventura-2025\/"},"wordCount":369,"image":{"@id":"https:\/\/autofans.com.ar\/index.php\/2024\/12\/17\/nissan-argentina-vuelve-a-carilo-con-su-propuesta-de-playa-y-aventura-2025\/#primaryimage"},"thumbnailUrl":"https:\/\/autofans.com.ar\/wp-content\/uploads\/2024\/12\/nissan-3-1.jpg","keywords":["actividades Nissan Argentina.","cl\u00ednicas de manejo Nissan","Nissan verano Caril\u00f3","Nissan X-Perience","rescates 4x4 Caril\u00f3","servicios playa Nissan","test drives X-Trail","traves\u00edas Nissan Frontier"],"articleSection":["BIZSTYLE","NOTICIAS"],"inLanguage":"es"},{"@type":"WebPage","@id":"https:\/\/autofans.com.ar\/index.php\/2024\/12\/17\/nissan-argentina-vuelve-a-carilo-con-su-propuesta-de-playa-y-aventura-2025\/","url":"https:\/\/autofans.com.ar\/index.php\/2024\/12\/17\/nissan-argentina-vuelve-a-carilo-con-su-propuesta-de-playa-y-aventura-2025\/","name":"Nissan Argentina vuelve a Caril\u00f3 con su propuesta de playa y aventura 2025 -","isPartOf":{"@id":"https:\/\/autofans.com.ar\/#website"},"primaryImageOfPage":{"@id":"https:\/\/autofans.com.ar\/index.php\/2024\/12\/17\/nissan-argentina-vuelve-a-carilo-con-su-propuesta-de-playa-y-aventura-2025\/#primaryimage"},"image":{"@id":"https:\/\/autofans.com.ar\/index.php\/2024\/12\/17\/nissan-argentina-vuelve-a-carilo-con-su-propuesta-de-playa-y-aventura-2025\/#primaryimage"},"thumbnailUrl":"https:\/\/autofans.com.ar\/wp-content\/uploads\/2024\/12\/nissan-3-1.jpg","datePublished":"2024-12-17T20:31:06+00:00","author":{"@id":"https:\/\/autofans.com.ar\/#\/schema\/person\/4a8dda0b6df83ac3d6723e921274c2aa"},"description":"Nissan vuelve a Caril\u00f3 por cuarto a\u00f1o consecutivo con su propuesta de verano Nissan X-Perience Caril\u00f3 2025. Del 2 de enero al 16 de febrero","breadcrumb":{"@id":"https:\/\/autofans.com.ar\/index.php\/2024\/12\/17\/nissan-argentina-vuelve-a-carilo-con-su-propuesta-de-playa-y-aventura-2025\/#breadcrumb"},"inLanguage":"es","potentialAction":[{"@type":"ReadAction","target":["https:\/\/autofans.com.ar\/index.php\/2024\/12\/17\/nissan-argentina-vuelve-a-carilo-con-su-propuesta-de-playa-y-aventura-2025\/"]}]},{"@type":"ImageObject","inLanguage":"es","@id":"https:\/\/autofans.com.ar\/index.php\/2024\/12\/17\/nissan-argentina-vuelve-a-carilo-con-su-propuesta-de-playa-y-aventura-2025\/#primaryimage","url":"https:\/\/autofans.com.ar\/wp-content\/uploads\/2024\/12\/nissan-3-1.jpg","contentUrl":"https:\/\/autofans.com.ar\/wp-content\/uploads\/2024\/12\/nissan-3-1.jpg","width":1000,"height":667,"caption":"Nissan"},{"@type":"BreadcrumbList","@id":"https:\/\/autofans.com.ar\/index.php\/2024\/12\/17\/nissan-argentina-vuelve-a-carilo-con-su-propuesta-de-playa-y-aventura-2025\/#breadcrumb","itemListElement":[{"@type":"ListItem","position":1,"name":"Inicio","item":"https:\/\/autofans.com.ar\/"},{"@type":"ListItem","position":2,"name":"Nissan Argentina vuelve a Caril\u00f3 con su propuesta de playa y aventura 2025"}]},{"@type":"WebSite","@id":"https:\/\/autofans.com.ar\/#website","url":"https:\/\/autofans.com.ar\/","name":"","description":"El multimedio referente de la industria automotriz","potentialAction":[{"@type":"SearchAction","target":{"@type":"EntryPoint","urlTemplate":"https:\/\/autofans.com.ar\/?s={search_term_string}"},"query-input":{"@type":"PropertyValueSpecification","valueRequired":true,"valueName":"search_term_string"}}],"inLanguage":"es"},{"@type":"Person","@id":"https:\/\/autofans.com.ar\/#\/schema\/person\/4a8dda0b6df83ac3d6723e921274c2aa","name":"Alejandro Gabriel Rosito","image":{"@type":"ImageObject","inLanguage":"es","@id":"https:\/\/secure.gravatar.com\/avatar\/16c5dda1489adfc62618084dcbb91cffd879c374b13fe5dd8e44ed6733852c88?s=96&d=mm&r=g","url":"https:\/\/secure.gravatar.com\/avatar\/16c5dda1489adfc62618084dcbb91cffd879c374b13fe5dd8e44ed6733852c88?s=96&d=mm&r=g","contentUrl":"https:\/\/secure.gravatar.com\/avatar\/16c5dda1489adfc62618084dcbb91cffd879c374b13fe5dd8e44ed6733852c88?s=96&d=mm&r=g","caption":"Alejandro Gabriel Rosito"},"url":"https:\/\/autofans.com.ar\/index.php\/author\/gabrielr\/"}]}},"featured_image_urls":{"full":["https:\/\/autofans.com.ar\/wp-content\/uploads\/2024\/12\/nissan-3-1.jpg",1000,667,false],"thumbnail":["https:\/\/autofans.com.ar\/wp-content\/uploads\/2024\/12\/nissan-3-1-150x150.jpg",150,150,true],"medium":["https:\/\/autofans.com.ar\/wp-content\/uploads\/2024\/12\/nissan-3-1-300x200.jpg",300,200,true],"medium_large":["https:\/\/autofans.com.ar\/wp-content\/uploads\/2024\/12\/nissan-3-1-768x512.jpg",640,427,true],"large":["https:\/\/autofans.com.ar\/wp-content\/uploads\/2024\/12\/nissan-3-1.jpg",640,427,false],"1536x1536":["https:\/\/autofans.com.ar\/wp-content\/uploads\/2024\/12\/nissan-3-1.jpg",1000,667,false],"2048x2048":["https:\/\/autofans.com.ar\/wp-content\/uploads\/2024\/12\/nissan-3-1.jpg",1000,667,false],"covernews-featured":["https:\/\/autofans.com.ar\/wp-content\/uploads\/2024\/12\/nissan-3-1.jpg",1000,667,false],"covernews-medium":["https:\/\/autofans.com.ar\/wp-content\/uploads\/2024\/12\/nissan-3-1-540x340.jpg",540,340,true]},"author_info":{"display_name":"Alejandro Gabriel Rosito","author_link":"https:\/\/autofans.com.ar\/index.php\/author\/gabrielr\/"},"category_info":"<a href=\"https:\/\/autofans.com.ar\/index.php\/category\/noticias\/bizstyle\/\" rel=\"category tag\">BIZSTYLE<\/a> <a href=\"https:\/\/autofans.com.ar\/index.php\/category\/noticias\/\" rel=\"category tag\">NOTICIAS<\/a>","tag_info":"NOTICIAS","comment_count":0,"_links":{"self":[{"href":"https:\/\/autofans.com.ar\/index.php\/wp-json\/wp\/v2\/posts\/10305","targetHints":{"allow":["GET"]}}],"collection":[{"href":"https:\/\/autofans.com.ar\/index.php\/wp-json\/wp\/v2\/posts"}],"about":[{"href":"https:\/\/autofans.com.ar\/index.php\/wp-json\/wp\/v2\/types\/post"}],"author":[{"embeddable":true,"href":"https:\/\/autofans.com.ar\/index.php\/wp-json\/wp\/v2\/users\/2"}],"replies":[{"embeddable":true,"href":"https:\/\/autofans.com.ar\/index.php\/wp-json\/wp\/v2\/comments?post=10305"}],"version-history":[{"count":3,"href":"https:\/\/autofans.com.ar\/index.php\/wp-json\/wp\/v2\/posts\/10305\/revisions"}],"predecessor-version":[{"id":10312,"href":"https:\/\/autofans.com.ar\/index.php\/wp-json\/wp\/v2\/posts\/10305\/revisions\/10312"}],"wp:featuredmedia":[{"embeddable":true,"href":"https:\/\/autofans.com.ar\/index.php\/wp-json\/wp\/v2\/media\/10309"}],"wp:attachment":[{"href":"https:\/\/autofans.com.ar\/index.php\/wp-json\/wp\/v2\/media?parent=10305"}],"wp:term":[{"taxonomy":"category","embeddable":true,"href":"https:\/\/autofans.com.ar\/index.php\/wp-json\/wp\/v2\/categories?post=10305"},{"taxonomy":"post_tag","embeddable":true,"href":"https:\/\/autofans.com.ar\/index.php\/wp-json\/wp\/v2\/tags?post=10305"}],"curies":[{"name":"wp","href":"https:\/\/api.w.org\/{rel}","templated":true}]}}