{"id":10324,"date":"2024-12-18T18:08:39","date_gmt":"2024-12-18T21:08:39","guid":{"rendered":"https:\/\/autofans.com.ar\/?p=10324"},"modified":"2024-12-18T18:08:39","modified_gmt":"2024-12-18T21:08:39","slug":"el-club-mercedes-benz-argentina-juan-manuel-fangio-celebra-30-anos","status":"publish","type":"post","link":"https:\/\/autofans.com.ar\/index.php\/2024\/12\/18\/el-club-mercedes-benz-argentina-juan-manuel-fangio-celebra-30-anos\/","title":{"rendered":"El Club Mercedes-Benz Argentina Juan Manuel Fangio celebra 30 a\u00f1os"},"content":{"rendered":"<p>Este 2024 marca un hito para el Club Mercedes-Benz Argentina Juan Manuel Fangio, que celebra su 30\u00b0 aniversario. Fundado en noviembre de 1994, el Club naci\u00f3 gracias a un grupo de fan\u00e1ticos de la marca, incluido el legendario piloto Juan Manuel Fangio, quien fue clave en su creaci\u00f3n. A lo largo de tres d\u00e9cadas, se ha convertido en un referente para los amantes de los autos cl\u00e1sicos de Mercedes-Benz y un guardi\u00e1n del patrimonio hist\u00f3rico de la marca en Argentina.<\/p>\n<p>&nbsp;<\/p>\n<h2>Preservando la historia de Mercedes-Benz<\/h2>\n<p>Con m\u00e1s de 200 miembros, de los cuales 160 son activos, el Club organiza actividades durante todo el a\u00f1o. Entre las m\u00e1s destacadas se encuentran las exhibiciones de veh\u00edculos cl\u00e1sicos, competencias como las \u00abFlechas de Plata\u00bb y un rally de tres d\u00edas. Adem\u00e1s, sus encuentros sociales y cenas mensuales fortalecen el esp\u00edritu de camarader\u00eda entre los socios.<\/p>\n<p>La membres\u00eda al Club est\u00e1 reservada para propietarios de veh\u00edculos Mercedes-Benz con al menos 25 a\u00f1os de antig\u00fcedad. Este requisito garantiza la preservaci\u00f3n de modelos hist\u00f3ricos mientras se celebra su uso activo en actividades y eventos.<\/p>\n<p>El Club mantiene un v\u00ednculo directo con Mercedes-Benz Heritage, la divisi\u00f3n global de la marca encargada del Museo Mercedes-Benz, el Classic Center y la coordinaci\u00f3n de clubes de cl\u00e1sicos en otros pa\u00edses. Este lazo internacional fortalece el intercambio entre entusiastas de la marca alrededor del mundo.<\/p>\n<p>&nbsp;<\/p>\n<p><img fetchpriority=\"high\" decoding=\"async\" class=\"aligncenter wp-image-10326 size-full\" src=\"https:\/\/autofans.com.ar\/wp-content\/uploads\/2024\/12\/fangio-1-1.jpg\" alt=\"Club Mercedes-Benz\" width=\"1000\" height=\"667\" srcset=\"https:\/\/autofans.com.ar\/wp-content\/uploads\/2024\/12\/fangio-1-1.jpg 1000w, https:\/\/autofans.com.ar\/wp-content\/uploads\/2024\/12\/fangio-1-1-300x200.jpg 300w, https:\/\/autofans.com.ar\/wp-content\/uploads\/2024\/12\/fangio-1-1-768x512.jpg 768w\" sizes=\"(max-width: 1000px) 100vw, 1000px\" \/><\/p>\n<p>&nbsp;<\/p>\n<h2>Tres d\u00e9cadas de historia, camarader\u00eda y compromiso<\/h2>\n<p>Adem\u00e1s, el Club fomenta la inclusi\u00f3n, sumando cada vez m\u00e1s socias mujeres a sus filas, lo que enriquece la diversidad de su comunidad. Para aquellos interesados en unirse o conocer m\u00e1s, pueden visitar <a href=\"https:\/\/lnkd.in\/dFQS-RNb\" target=\"_blank\" rel=\"noopener\">su p\u00e1gina oficial<\/a> o contactarlos a trav\u00e9s del correo: <a rel=\"noopener\">clubmercedesbenzargentina@gmail.com<\/a>.<\/p>\n<p>En estos 30 a\u00f1os, el Club Juan Manuel Fangio no solo celebra la historia de la marca, sino que tambi\u00e9n honra el esp\u00edritu deportivo, la camarader\u00eda y el legado del qu\u00edntuple campe\u00f3n mundial.<\/p>\n<p>&nbsp;<\/p>\n<p>&nbsp;<\/p>\n<p>&nbsp;<\/p>\n<p><i>Para enterarte de m\u00e1s novedades, no dejes de leer\u00a0<\/i><a href=\"https:\/\/autofans.thebrandsoup.com\/\"><i>nuestras notas<\/i><\/a><i>, de ver<\/i><b><i>\u00a0<\/i><\/b><a href=\"https:\/\/www.youtube.com\/channel\/UCgAC8UGHZYbT6P7PpmVnP7g\"><b><i>AUTOFANS TV<\/i><\/b><\/a><b><i>\u00a0<\/i><\/b><i>en nuestro\u00a0canal de Youtube. Adem\u00e1s seguinos en\u00a0<\/i><a href=\"https:\/\/www.instagram.com\/autofanstv\/\"><i>INSTAGRAM<\/i><\/a><i> y <\/i><a href=\"https:\/\/www.facebook.com\/autofansmas\/\"><i>FACEBOOK<\/i><\/a><i> para no perderte nada sobre las novedades del segmento automotor de Argentina y el mundo.<\/i><\/p>\n","protected":false},"excerpt":{"rendered":"<p>Este 2024 marca un hito para el Club Mercedes-Benz Argentina Juan Manuel Fangio, que celebra&#8230;<\/p>\n","protected":false},"author":2,"featured_media":10325,"comment_status":"closed","ping_status":"closed","sticky":false,"template":"","format":"standard","meta":{"footnotes":""},"categories":[370,16],"tags":[5615,5617,5614,5618,320,5616],"class_list":["post-10324","post","type-post","status-publish","format-standard","has-post-thumbnail","hentry","category-historia","category-noticias","tag-autos-clasicos-mercedes-benz","tag-autos-historicos-argentina","tag-club-mercedes-benz-argentina","tag-clubes-de-autos-clasicos","tag-juan-manuel-fangio","tag-mercedes-benz-heritage"],"yoast_head":"<!-- This site is optimized with the Yoast SEO plugin v27.5 - https:\/\/yoast.com\/product\/yoast-seo-wordpress\/ -->\n<title>El Club Mercedes-Benz Argentina Juan Manuel Fangio celebra 30 a\u00f1os -<\/title>\n<meta name=\"description\" content=\"Este 2024 marca un hito para el Club Mercedes-Benz Argentina Juan Manuel Fangio, que celebra su 30\u00b0 aniversario. Fundado en noviembre de 1994\" \/>\n<meta name=\"robots\" content=\"index, follow, max-snippet:-1, max-image-preview:large, max-video-preview:-1\" \/>\n<link rel=\"canonical\" href=\"https:\/\/autofans.com.ar\/index.php\/2024\/12\/18\/el-club-mercedes-benz-argentina-juan-manuel-fangio-celebra-30-anos\/\" \/>\n<meta property=\"og:locale\" content=\"es_ES\" \/>\n<meta property=\"og:type\" content=\"article\" \/>\n<meta property=\"og:title\" content=\"El Club Mercedes-Benz Argentina Juan Manuel Fangio celebra 30 a\u00f1os -\" \/>\n<meta property=\"og:description\" content=\"Este 2024 marca un hito para el Club Mercedes-Benz Argentina Juan Manuel Fangio, que celebra su 30\u00b0 aniversario. Fundado en noviembre de 1994\" \/>\n<meta property=\"og:url\" content=\"https:\/\/autofans.com.ar\/index.php\/2024\/12\/18\/el-club-mercedes-benz-argentina-juan-manuel-fangio-celebra-30-anos\/\" \/>\n<meta property=\"article:published_time\" content=\"2024-12-18T21:08:39+00:00\" \/>\n<meta property=\"og:image\" content=\"https:\/\/autofans.com.ar\/wp-content\/uploads\/2024\/12\/fangio-2-1.jpg\" \/>\n\t<meta property=\"og:image:width\" content=\"1000\" \/>\n\t<meta property=\"og:image:height\" content=\"667\" \/>\n\t<meta property=\"og:image:type\" content=\"image\/jpeg\" \/>\n<meta name=\"author\" content=\"Alejandro Gabriel Rosito\" \/>\n<meta name=\"twitter:card\" content=\"summary_large_image\" \/>\n<meta name=\"twitter:label1\" content=\"Escrito por\" \/>\n\t<meta name=\"twitter:data1\" content=\"Alejandro Gabriel Rosito\" \/>\n\t<meta name=\"twitter:label2\" content=\"Tiempo de lectura\" \/>\n\t<meta name=\"twitter:data2\" content=\"2 minutos\" \/>\n<script type=\"application\/ld+json\" class=\"yoast-schema-graph\">{\"@context\":\"https:\\\/\\\/schema.org\",\"@graph\":[{\"@type\":\"Article\",\"@id\":\"https:\\\/\\\/autofans.com.ar\\\/index.php\\\/2024\\\/12\\\/18\\\/el-club-mercedes-benz-argentina-juan-manuel-fangio-celebra-30-anos\\\/#article\",\"isPartOf\":{\"@id\":\"https:\\\/\\\/autofans.com.ar\\\/index.php\\\/2024\\\/12\\\/18\\\/el-club-mercedes-benz-argentina-juan-manuel-fangio-celebra-30-anos\\\/\"},\"author\":{\"name\":\"Alejandro Gabriel Rosito\",\"@id\":\"https:\\\/\\\/autofans.com.ar\\\/#\\\/schema\\\/person\\\/4a8dda0b6df83ac3d6723e921274c2aa\"},\"headline\":\"El Club Mercedes-Benz Argentina Juan Manuel Fangio celebra 30 a\u00f1os\",\"datePublished\":\"2024-12-18T21:08:39+00:00\",\"mainEntityOfPage\":{\"@id\":\"https:\\\/\\\/autofans.com.ar\\\/index.php\\\/2024\\\/12\\\/18\\\/el-club-mercedes-benz-argentina-juan-manuel-fangio-celebra-30-anos\\\/\"},\"wordCount\":401,\"image\":{\"@id\":\"https:\\\/\\\/autofans.com.ar\\\/index.php\\\/2024\\\/12\\\/18\\\/el-club-mercedes-benz-argentina-juan-manuel-fangio-celebra-30-anos\\\/#primaryimage\"},\"thumbnailUrl\":\"https:\\\/\\\/autofans.com.ar\\\/wp-content\\\/uploads\\\/2024\\\/12\\\/fangio-2-1.jpg\",\"keywords\":[\"autos cl\u00e1sicos Mercedes-Benz\",\"autos hist\u00f3ricos Argentina\",\"Club Mercedes-Benz Argentina\",\"clubes de autos cl\u00e1sicos\",\"Juan Manuel Fangio\",\"Mercedes-Benz Heritage\"],\"articleSection\":[\"historia\",\"NOTICIAS\"],\"inLanguage\":\"es\"},{\"@type\":\"WebPage\",\"@id\":\"https:\\\/\\\/autofans.com.ar\\\/index.php\\\/2024\\\/12\\\/18\\\/el-club-mercedes-benz-argentina-juan-manuel-fangio-celebra-30-anos\\\/\",\"url\":\"https:\\\/\\\/autofans.com.ar\\\/index.php\\\/2024\\\/12\\\/18\\\/el-club-mercedes-benz-argentina-juan-manuel-fangio-celebra-30-anos\\\/\",\"name\":\"El Club Mercedes-Benz Argentina Juan Manuel Fangio celebra 30 a\u00f1os -\",\"isPartOf\":{\"@id\":\"https:\\\/\\\/autofans.com.ar\\\/#website\"},\"primaryImageOfPage\":{\"@id\":\"https:\\\/\\\/autofans.com.ar\\\/index.php\\\/2024\\\/12\\\/18\\\/el-club-mercedes-benz-argentina-juan-manuel-fangio-celebra-30-anos\\\/#primaryimage\"},\"image\":{\"@id\":\"https:\\\/\\\/autofans.com.ar\\\/index.php\\\/2024\\\/12\\\/18\\\/el-club-mercedes-benz-argentina-juan-manuel-fangio-celebra-30-anos\\\/#primaryimage\"},\"thumbnailUrl\":\"https:\\\/\\\/autofans.com.ar\\\/wp-content\\\/uploads\\\/2024\\\/12\\\/fangio-2-1.jpg\",\"datePublished\":\"2024-12-18T21:08:39+00:00\",\"author\":{\"@id\":\"https:\\\/\\\/autofans.com.ar\\\/#\\\/schema\\\/person\\\/4a8dda0b6df83ac3d6723e921274c2aa\"},\"description\":\"Este 2024 marca un hito para el Club Mercedes-Benz Argentina Juan Manuel Fangio, que celebra su 30\u00b0 aniversario. Fundado en noviembre de 1994\",\"breadcrumb\":{\"@id\":\"https:\\\/\\\/autofans.com.ar\\\/index.php\\\/2024\\\/12\\\/18\\\/el-club-mercedes-benz-argentina-juan-manuel-fangio-celebra-30-anos\\\/#breadcrumb\"},\"inLanguage\":\"es\",\"potentialAction\":[{\"@type\":\"ReadAction\",\"target\":[\"https:\\\/\\\/autofans.com.ar\\\/index.php\\\/2024\\\/12\\\/18\\\/el-club-mercedes-benz-argentina-juan-manuel-fangio-celebra-30-anos\\\/\"]}]},{\"@type\":\"ImageObject\",\"inLanguage\":\"es\",\"@id\":\"https:\\\/\\\/autofans.com.ar\\\/index.php\\\/2024\\\/12\\\/18\\\/el-club-mercedes-benz-argentina-juan-manuel-fangio-celebra-30-anos\\\/#primaryimage\",\"url\":\"https:\\\/\\\/autofans.com.ar\\\/wp-content\\\/uploads\\\/2024\\\/12\\\/fangio-2-1.jpg\",\"contentUrl\":\"https:\\\/\\\/autofans.com.ar\\\/wp-content\\\/uploads\\\/2024\\\/12\\\/fangio-2-1.jpg\",\"width\":1000,\"height\":667,\"caption\":\"Club Mercedes-Benz\"},{\"@type\":\"BreadcrumbList\",\"@id\":\"https:\\\/\\\/autofans.com.ar\\\/index.php\\\/2024\\\/12\\\/18\\\/el-club-mercedes-benz-argentina-juan-manuel-fangio-celebra-30-anos\\\/#breadcrumb\",\"itemListElement\":[{\"@type\":\"ListItem\",\"position\":1,\"name\":\"Inicio\",\"item\":\"https:\\\/\\\/autofans.com.ar\\\/\"},{\"@type\":\"ListItem\",\"position\":2,\"name\":\"El Club Mercedes-Benz Argentina Juan Manuel Fangio celebra 30 a\u00f1os\"}]},{\"@type\":\"WebSite\",\"@id\":\"https:\\\/\\\/autofans.com.ar\\\/#website\",\"url\":\"https:\\\/\\\/autofans.com.ar\\\/\",\"name\":\"\",\"description\":\"El multimedio referente de la industria automotriz\",\"potentialAction\":[{\"@type\":\"SearchAction\",\"target\":{\"@type\":\"EntryPoint\",\"urlTemplate\":\"https:\\\/\\\/autofans.com.ar\\\/?s={search_term_string}\"},\"query-input\":{\"@type\":\"PropertyValueSpecification\",\"valueRequired\":true,\"valueName\":\"search_term_string\"}}],\"inLanguage\":\"es\"},{\"@type\":\"Person\",\"@id\":\"https:\\\/\\\/autofans.com.ar\\\/#\\\/schema\\\/person\\\/4a8dda0b6df83ac3d6723e921274c2aa\",\"name\":\"Alejandro Gabriel Rosito\",\"image\":{\"@type\":\"ImageObject\",\"inLanguage\":\"es\",\"@id\":\"https:\\\/\\\/secure.gravatar.com\\\/avatar\\\/16c5dda1489adfc62618084dcbb91cffd879c374b13fe5dd8e44ed6733852c88?s=96&d=mm&r=g\",\"url\":\"https:\\\/\\\/secure.gravatar.com\\\/avatar\\\/16c5dda1489adfc62618084dcbb91cffd879c374b13fe5dd8e44ed6733852c88?s=96&d=mm&r=g\",\"contentUrl\":\"https:\\\/\\\/secure.gravatar.com\\\/avatar\\\/16c5dda1489adfc62618084dcbb91cffd879c374b13fe5dd8e44ed6733852c88?s=96&d=mm&r=g\",\"caption\":\"Alejandro Gabriel Rosito\"},\"url\":\"https:\\\/\\\/autofans.com.ar\\\/index.php\\\/author\\\/gabrielr\\\/\"}]}<\/script>\n<!-- \/ Yoast SEO plugin. -->","yoast_head_json":{"title":"El Club Mercedes-Benz Argentina Juan Manuel Fangio celebra 30 a\u00f1os -","description":"Este 2024 marca un hito para el Club Mercedes-Benz Argentina Juan Manuel Fangio, que celebra su 30\u00b0 aniversario. Fundado en noviembre de 1994","robots":{"index":"index","follow":"follow","max-snippet":"max-snippet:-1","max-image-preview":"max-image-preview:large","max-video-preview":"max-video-preview:-1"},"canonical":"https:\/\/autofans.com.ar\/index.php\/2024\/12\/18\/el-club-mercedes-benz-argentina-juan-manuel-fangio-celebra-30-anos\/","og_locale":"es_ES","og_type":"article","og_title":"El Club Mercedes-Benz Argentina Juan Manuel Fangio celebra 30 a\u00f1os -","og_description":"Este 2024 marca un hito para el Club Mercedes-Benz Argentina Juan Manuel Fangio, que celebra su 30\u00b0 aniversario. Fundado en noviembre de 1994","og_url":"https:\/\/autofans.com.ar\/index.php\/2024\/12\/18\/el-club-mercedes-benz-argentina-juan-manuel-fangio-celebra-30-anos\/","article_published_time":"2024-12-18T21:08:39+00:00","og_image":[{"width":1000,"height":667,"url":"https:\/\/autofans.com.ar\/wp-content\/uploads\/2024\/12\/fangio-2-1.jpg","type":"image\/jpeg"}],"author":"Alejandro Gabriel Rosito","twitter_card":"summary_large_image","twitter_misc":{"Escrito por":"Alejandro Gabriel Rosito","Tiempo de lectura":"2 minutos"},"schema":{"@context":"https:\/\/schema.org","@graph":[{"@type":"Article","@id":"https:\/\/autofans.com.ar\/index.php\/2024\/12\/18\/el-club-mercedes-benz-argentina-juan-manuel-fangio-celebra-30-anos\/#article","isPartOf":{"@id":"https:\/\/autofans.com.ar\/index.php\/2024\/12\/18\/el-club-mercedes-benz-argentina-juan-manuel-fangio-celebra-30-anos\/"},"author":{"name":"Alejandro Gabriel Rosito","@id":"https:\/\/autofans.com.ar\/#\/schema\/person\/4a8dda0b6df83ac3d6723e921274c2aa"},"headline":"El Club Mercedes-Benz Argentina Juan Manuel Fangio celebra 30 a\u00f1os","datePublished":"2024-12-18T21:08:39+00:00","mainEntityOfPage":{"@id":"https:\/\/autofans.com.ar\/index.php\/2024\/12\/18\/el-club-mercedes-benz-argentina-juan-manuel-fangio-celebra-30-anos\/"},"wordCount":401,"image":{"@id":"https:\/\/autofans.com.ar\/index.php\/2024\/12\/18\/el-club-mercedes-benz-argentina-juan-manuel-fangio-celebra-30-anos\/#primaryimage"},"thumbnailUrl":"https:\/\/autofans.com.ar\/wp-content\/uploads\/2024\/12\/fangio-2-1.jpg","keywords":["autos cl\u00e1sicos Mercedes-Benz","autos hist\u00f3ricos Argentina","Club Mercedes-Benz Argentina","clubes de autos cl\u00e1sicos","Juan Manuel Fangio","Mercedes-Benz Heritage"],"articleSection":["historia","NOTICIAS"],"inLanguage":"es"},{"@type":"WebPage","@id":"https:\/\/autofans.com.ar\/index.php\/2024\/12\/18\/el-club-mercedes-benz-argentina-juan-manuel-fangio-celebra-30-anos\/","url":"https:\/\/autofans.com.ar\/index.php\/2024\/12\/18\/el-club-mercedes-benz-argentina-juan-manuel-fangio-celebra-30-anos\/","name":"El Club Mercedes-Benz Argentina Juan Manuel Fangio celebra 30 a\u00f1os -","isPartOf":{"@id":"https:\/\/autofans.com.ar\/#website"},"primaryImageOfPage":{"@id":"https:\/\/autofans.com.ar\/index.php\/2024\/12\/18\/el-club-mercedes-benz-argentina-juan-manuel-fangio-celebra-30-anos\/#primaryimage"},"image":{"@id":"https:\/\/autofans.com.ar\/index.php\/2024\/12\/18\/el-club-mercedes-benz-argentina-juan-manuel-fangio-celebra-30-anos\/#primaryimage"},"thumbnailUrl":"https:\/\/autofans.com.ar\/wp-content\/uploads\/2024\/12\/fangio-2-1.jpg","datePublished":"2024-12-18T21:08:39+00:00","author":{"@id":"https:\/\/autofans.com.ar\/#\/schema\/person\/4a8dda0b6df83ac3d6723e921274c2aa"},"description":"Este 2024 marca un hito para el Club Mercedes-Benz Argentina Juan Manuel Fangio, que celebra su 30\u00b0 aniversario. Fundado en noviembre de 1994","breadcrumb":{"@id":"https:\/\/autofans.com.ar\/index.php\/2024\/12\/18\/el-club-mercedes-benz-argentina-juan-manuel-fangio-celebra-30-anos\/#breadcrumb"},"inLanguage":"es","potentialAction":[{"@type":"ReadAction","target":["https:\/\/autofans.com.ar\/index.php\/2024\/12\/18\/el-club-mercedes-benz-argentina-juan-manuel-fangio-celebra-30-anos\/"]}]},{"@type":"ImageObject","inLanguage":"es","@id":"https:\/\/autofans.com.ar\/index.php\/2024\/12\/18\/el-club-mercedes-benz-argentina-juan-manuel-fangio-celebra-30-anos\/#primaryimage","url":"https:\/\/autofans.com.ar\/wp-content\/uploads\/2024\/12\/fangio-2-1.jpg","contentUrl":"https:\/\/autofans.com.ar\/wp-content\/uploads\/2024\/12\/fangio-2-1.jpg","width":1000,"height":667,"caption":"Club Mercedes-Benz"},{"@type":"BreadcrumbList","@id":"https:\/\/autofans.com.ar\/index.php\/2024\/12\/18\/el-club-mercedes-benz-argentina-juan-manuel-fangio-celebra-30-anos\/#breadcrumb","itemListElement":[{"@type":"ListItem","position":1,"name":"Inicio","item":"https:\/\/autofans.com.ar\/"},{"@type":"ListItem","position":2,"name":"El Club Mercedes-Benz Argentina Juan Manuel Fangio celebra 30 a\u00f1os"}]},{"@type":"WebSite","@id":"https:\/\/autofans.com.ar\/#website","url":"https:\/\/autofans.com.ar\/","name":"","description":"El multimedio referente de la industria automotriz","potentialAction":[{"@type":"SearchAction","target":{"@type":"EntryPoint","urlTemplate":"https:\/\/autofans.com.ar\/?s={search_term_string}"},"query-input":{"@type":"PropertyValueSpecification","valueRequired":true,"valueName":"search_term_string"}}],"inLanguage":"es"},{"@type":"Person","@id":"https:\/\/autofans.com.ar\/#\/schema\/person\/4a8dda0b6df83ac3d6723e921274c2aa","name":"Alejandro Gabriel Rosito","image":{"@type":"ImageObject","inLanguage":"es","@id":"https:\/\/secure.gravatar.com\/avatar\/16c5dda1489adfc62618084dcbb91cffd879c374b13fe5dd8e44ed6733852c88?s=96&d=mm&r=g","url":"https:\/\/secure.gravatar.com\/avatar\/16c5dda1489adfc62618084dcbb91cffd879c374b13fe5dd8e44ed6733852c88?s=96&d=mm&r=g","contentUrl":"https:\/\/secure.gravatar.com\/avatar\/16c5dda1489adfc62618084dcbb91cffd879c374b13fe5dd8e44ed6733852c88?s=96&d=mm&r=g","caption":"Alejandro Gabriel Rosito"},"url":"https:\/\/autofans.com.ar\/index.php\/author\/gabrielr\/"}]}},"featured_image_urls":{"full":["https:\/\/autofans.com.ar\/wp-content\/uploads\/2024\/12\/fangio-2-1.jpg",1000,667,false],"thumbnail":["https:\/\/autofans.com.ar\/wp-content\/uploads\/2024\/12\/fangio-2-1-150x150.jpg",150,150,true],"medium":["https:\/\/autofans.com.ar\/wp-content\/uploads\/2024\/12\/fangio-2-1-300x200.jpg",300,200,true],"medium_large":["https:\/\/autofans.com.ar\/wp-content\/uploads\/2024\/12\/fangio-2-1-768x512.jpg",640,427,true],"large":["https:\/\/autofans.com.ar\/wp-content\/uploads\/2024\/12\/fangio-2-1.jpg",640,427,false],"1536x1536":["https:\/\/autofans.com.ar\/wp-content\/uploads\/2024\/12\/fangio-2-1.jpg",1000,667,false],"2048x2048":["https:\/\/autofans.com.ar\/wp-content\/uploads\/2024\/12\/fangio-2-1.jpg",1000,667,false],"covernews-featured":["https:\/\/autofans.com.ar\/wp-content\/uploads\/2024\/12\/fangio-2-1.jpg",1000,667,false],"covernews-medium":["https:\/\/autofans.com.ar\/wp-content\/uploads\/2024\/12\/fangio-2-1-540x340.jpg",540,340,true]},"author_info":{"display_name":"Alejandro Gabriel Rosito","author_link":"https:\/\/autofans.com.ar\/index.php\/author\/gabrielr\/"},"category_info":"<a href=\"https:\/\/autofans.com.ar\/index.php\/category\/noticias\/historia\/\" rel=\"category tag\">historia<\/a> <a href=\"https:\/\/autofans.com.ar\/index.php\/category\/noticias\/\" rel=\"category tag\">NOTICIAS<\/a>","tag_info":"NOTICIAS","comment_count":0,"_links":{"self":[{"href":"https:\/\/autofans.com.ar\/index.php\/wp-json\/wp\/v2\/posts\/10324","targetHints":{"allow":["GET"]}}],"collection":[{"href":"https:\/\/autofans.com.ar\/index.php\/wp-json\/wp\/v2\/posts"}],"about":[{"href":"https:\/\/autofans.com.ar\/index.php\/wp-json\/wp\/v2\/types\/post"}],"author":[{"embeddable":true,"href":"https:\/\/autofans.com.ar\/index.php\/wp-json\/wp\/v2\/users\/2"}],"replies":[{"embeddable":true,"href":"https:\/\/autofans.com.ar\/index.php\/wp-json\/wp\/v2\/comments?post=10324"}],"version-history":[{"count":1,"href":"https:\/\/autofans.com.ar\/index.php\/wp-json\/wp\/v2\/posts\/10324\/revisions"}],"predecessor-version":[{"id":10327,"href":"https:\/\/autofans.com.ar\/index.php\/wp-json\/wp\/v2\/posts\/10324\/revisions\/10327"}],"wp:featuredmedia":[{"embeddable":true,"href":"https:\/\/autofans.com.ar\/index.php\/wp-json\/wp\/v2\/media\/10325"}],"wp:attachment":[{"href":"https:\/\/autofans.com.ar\/index.php\/wp-json\/wp\/v2\/media?parent=10324"}],"wp:term":[{"taxonomy":"category","embeddable":true,"href":"https:\/\/autofans.com.ar\/index.php\/wp-json\/wp\/v2\/categories?post=10324"},{"taxonomy":"post_tag","embeddable":true,"href":"https:\/\/autofans.com.ar\/index.php\/wp-json\/wp\/v2\/tags?post=10324"}],"curies":[{"name":"wp","href":"https:\/\/api.w.org\/{rel}","templated":true}]}}