{"id":10337,"date":"2024-12-19T16:30:54","date_gmt":"2024-12-19T19:30:54","guid":{"rendered":"https:\/\/autofans.com.ar\/?p=10337"},"modified":"2024-12-19T16:30:54","modified_gmt":"2024-12-19T19:30:54","slug":"volkswagen-camiones-y-buses-fortalece-su-red-de-atencion-al-cliente","status":"publish","type":"post","link":"https:\/\/autofans.com.ar\/index.php\/2024\/12\/19\/volkswagen-camiones-y-buses-fortalece-su-red-de-atencion-al-cliente\/","title":{"rendered":"Volkswagen Camiones y Buses fortalece su red de atenci\u00f3n al cliente"},"content":{"rendered":"<p>Volkswagen Camiones y Buses complet\u00f3 el proceso de certificaci\u00f3n de sus asesores de servicio, reafirmando su compromiso con la calidad en la postventa. Durante 2024, 18 representantes de concesionarios de provincias como Santa Fe, Concordia y Santiago del Estero participaron de este programa integral, dise\u00f1ado para profesionalizar la atenci\u00f3n al cliente y mejorar los est\u00e1ndares de servicio.<\/p>\n<p>&nbsp;<\/p>\n<h2>Un programa de certificaci\u00f3n en tres etapas<\/h2>\n<p>El proceso se desarroll\u00f3 en tres etapas clave a lo largo del a\u00f1o:<\/p>\n<ul>\n<li><strong>Agosto:<\/strong> Estandarizaci\u00f3n de los \u201c7 pasos de atenci\u00f3n al cliente\u201d para garantizar una experiencia homog\u00e9nea en la red.<\/li>\n<li><strong>Octubre:<\/strong> Formaci\u00f3n en estrategias comerciales, incluyendo nuevos servicios y an\u00e1lisis de necesidades del cliente.<\/li>\n<li><strong>Diciembre:<\/strong> Evaluaci\u00f3n final liderada por una consultora externa de renombre, con experiencia previa en Audi y Volkswagen.<\/li>\n<\/ul>\n<p>La evaluaci\u00f3n se realiz\u00f3 el 5 y 6 de diciembre e incluy\u00f3 pruebas te\u00f3ricas, entrevistas grupales y simulaciones pr\u00e1cticas, asegurando un enfoque integral en habilidades t\u00e9cnicas y comerciales.<\/p>\n<p>&nbsp;<\/p>\n<p><img fetchpriority=\"high\" decoding=\"async\" class=\"aligncenter wp-image-10341 size-full\" src=\"https:\/\/autofans.com.ar\/wp-content\/uploads\/2024\/12\/vw-1-2.jpg\" alt=\"Volkswagen Camiones y Buses\" width=\"1000\" height=\"667\" srcset=\"https:\/\/autofans.com.ar\/wp-content\/uploads\/2024\/12\/vw-1-2.jpg 1000w, https:\/\/autofans.com.ar\/wp-content\/uploads\/2024\/12\/vw-1-2-300x200.jpg 300w, https:\/\/autofans.com.ar\/wp-content\/uploads\/2024\/12\/vw-1-2-768x512.jpg 768w\" sizes=\"(max-width: 1000px) 100vw, 1000px\" \/><\/p>\n<p>&nbsp;<\/p>\n<h2>Volkswagen Camiones y Buses hacia un futuro de formaci\u00f3n continua<\/h2>\n<p>Con la entrega de certificados, Volkswagen Camiones y Buses destac\u00f3 la motivaci\u00f3n de los participantes, quienes ahora cuentan con herramientas avanzadas para la atenci\u00f3n al cliente.<\/p>\n<p>En 2025, el plan de capacitaci\u00f3n continuar\u00e1:<\/p>\n<ul>\n<li><strong>Gerentes de Postventa:<\/strong> Una certificaci\u00f3n enfocada en indicadores, finanzas, calidad y gesti\u00f3n del cliente.<\/li>\n<li><strong>Jefes de Taller:<\/strong> Formaci\u00f3n t\u00e9cnica y comercial, dise\u00f1ada para esta figura estrat\u00e9gica.<\/li>\n<\/ul>\n<p>La iniciativa comenzar\u00e1 en abril con una reuni\u00f3n presencial en FADEEAC para due\u00f1os de concesionarios, donde se reforzar\u00e1 el valor de la postventa como motor de crecimiento comercial.<\/p>\n<p>Volkswagen Camiones y Buses apuesta a consolidar la excelencia en su red de concesionarios, garantizando calidad y profesionalismo en cada interacci\u00f3n con sus clientes.<\/p>\n<p>&nbsp;<\/p>\n<p>&nbsp;<\/p>\n<p>&nbsp;<\/p>\n<p><i>Para enterarte de m\u00e1s novedades, no dejes de leer\u00a0<\/i><a href=\"https:\/\/autofans.thebrandsoup.com\/\"><i>nuestras notas<\/i><\/a><i>, de ver<\/i><b><i>\u00a0<\/i><\/b><a href=\"https:\/\/www.youtube.com\/channel\/UCgAC8UGHZYbT6P7PpmVnP7g\"><b><i>AUTOFANS TV<\/i><\/b><\/a><b><i>\u00a0<\/i><\/b><i>en nuestro\u00a0canal de Youtube. Adem\u00e1s seguinos en\u00a0<\/i><a href=\"https:\/\/www.instagram.com\/autofanstv\/\"><i>INSTAGRAM<\/i><\/a><i> y <\/i><a href=\"https:\/\/www.facebook.com\/autofansmas\/\"><i>FACEBOOK<\/i><\/a><i> para no perderte nada sobre las novedades del segmento automotor de Argentina y el mundo.<\/i><\/p>\n","protected":false},"excerpt":{"rendered":"<p>Volkswagen Camiones y Buses complet\u00f3 el proceso de certificaci\u00f3n de sus asesores de servicio, reafirmando&#8230;<\/p>\n","protected":false},"author":2,"featured_media":10340,"comment_status":"closed","ping_status":"closed","sticky":false,"template":"","format":"standard","meta":{"footnotes":""},"categories":[292,16],"tags":[5627,5629,5625,5628,5626],"class_list":["post-10337","post","type-post","status-publish","format-standard","has-post-thumbnail","hentry","category-empresas","category-noticias","tag-capacitacion-concesionarios-volkswagen","tag-certificacion-asesores-de-servicio","tag-certificacion-asesores-volkswagen","tag-excelencia-en-atencion-al-cliente","tag-volkswagen-camiones-y-buses-postventa"],"yoast_head":"<!-- This site is optimized with the Yoast SEO plugin v27.5 - https:\/\/yoast.com\/product\/yoast-seo-wordpress\/ -->\n<title>Volkswagen Camiones y Buses fortalece su red de atenci\u00f3n al cliente -<\/title>\n<meta name=\"description\" content=\"Volkswagen Camiones y Buses complet\u00f3 el proceso de certificaci\u00f3n de sus asesores de servicio, reafirmando su compromiso con la calidad...\" \/>\n<meta name=\"robots\" content=\"index, follow, max-snippet:-1, max-image-preview:large, max-video-preview:-1\" \/>\n<link rel=\"canonical\" href=\"https:\/\/autofans.com.ar\/index.php\/2024\/12\/19\/volkswagen-camiones-y-buses-fortalece-su-red-de-atencion-al-cliente\/\" \/>\n<meta property=\"og:locale\" content=\"es_ES\" \/>\n<meta property=\"og:type\" content=\"article\" \/>\n<meta property=\"og:title\" content=\"Volkswagen Camiones y Buses fortalece su red de atenci\u00f3n al cliente -\" \/>\n<meta property=\"og:description\" content=\"Volkswagen Camiones y Buses complet\u00f3 el proceso de certificaci\u00f3n de sus asesores de servicio, reafirmando su compromiso con la calidad...\" \/>\n<meta property=\"og:url\" content=\"https:\/\/autofans.com.ar\/index.php\/2024\/12\/19\/volkswagen-camiones-y-buses-fortalece-su-red-de-atencion-al-cliente\/\" \/>\n<meta property=\"article:published_time\" content=\"2024-12-19T19:30:54+00:00\" \/>\n<meta property=\"og:image\" content=\"https:\/\/autofans.com.ar\/wp-content\/uploads\/2024\/12\/vw-2-2.jpg\" \/>\n\t<meta property=\"og:image:width\" content=\"1000\" \/>\n\t<meta property=\"og:image:height\" content=\"667\" \/>\n\t<meta property=\"og:image:type\" content=\"image\/jpeg\" \/>\n<meta name=\"author\" content=\"Alejandro Gabriel Rosito\" \/>\n<meta name=\"twitter:card\" content=\"summary_large_image\" \/>\n<meta name=\"twitter:label1\" content=\"Escrito por\" \/>\n\t<meta name=\"twitter:data1\" content=\"Alejandro Gabriel Rosito\" \/>\n\t<meta name=\"twitter:label2\" content=\"Tiempo de lectura\" \/>\n\t<meta name=\"twitter:data2\" content=\"2 minutos\" \/>\n<script type=\"application\/ld+json\" class=\"yoast-schema-graph\">{\"@context\":\"https:\\\/\\\/schema.org\",\"@graph\":[{\"@type\":\"Article\",\"@id\":\"https:\\\/\\\/autofans.com.ar\\\/index.php\\\/2024\\\/12\\\/19\\\/volkswagen-camiones-y-buses-fortalece-su-red-de-atencion-al-cliente\\\/#article\",\"isPartOf\":{\"@id\":\"https:\\\/\\\/autofans.com.ar\\\/index.php\\\/2024\\\/12\\\/19\\\/volkswagen-camiones-y-buses-fortalece-su-red-de-atencion-al-cliente\\\/\"},\"author\":{\"name\":\"Alejandro Gabriel Rosito\",\"@id\":\"https:\\\/\\\/autofans.com.ar\\\/#\\\/schema\\\/person\\\/4a8dda0b6df83ac3d6723e921274c2aa\"},\"headline\":\"Volkswagen Camiones y Buses fortalece su red de atenci\u00f3n al cliente\",\"datePublished\":\"2024-12-19T19:30:54+00:00\",\"mainEntityOfPage\":{\"@id\":\"https:\\\/\\\/autofans.com.ar\\\/index.php\\\/2024\\\/12\\\/19\\\/volkswagen-camiones-y-buses-fortalece-su-red-de-atencion-al-cliente\\\/\"},\"wordCount\":359,\"image\":{\"@id\":\"https:\\\/\\\/autofans.com.ar\\\/index.php\\\/2024\\\/12\\\/19\\\/volkswagen-camiones-y-buses-fortalece-su-red-de-atencion-al-cliente\\\/#primaryimage\"},\"thumbnailUrl\":\"https:\\\/\\\/autofans.com.ar\\\/wp-content\\\/uploads\\\/2024\\\/12\\\/vw-2-2.jpg\",\"keywords\":[\"capacitaci\u00f3n concesionarios Volkswagen\",\"certificaci\u00f3n asesores de servicio\",\"certificaci\u00f3n asesores Volkswagen\",\"excelencia en atenci\u00f3n al cliente\",\"Volkswagen Camiones y Buses postventa\"],\"articleSection\":[\"EMPRESAS\",\"NOTICIAS\"],\"inLanguage\":\"es\"},{\"@type\":\"WebPage\",\"@id\":\"https:\\\/\\\/autofans.com.ar\\\/index.php\\\/2024\\\/12\\\/19\\\/volkswagen-camiones-y-buses-fortalece-su-red-de-atencion-al-cliente\\\/\",\"url\":\"https:\\\/\\\/autofans.com.ar\\\/index.php\\\/2024\\\/12\\\/19\\\/volkswagen-camiones-y-buses-fortalece-su-red-de-atencion-al-cliente\\\/\",\"name\":\"Volkswagen Camiones y Buses fortalece su red de atenci\u00f3n al cliente -\",\"isPartOf\":{\"@id\":\"https:\\\/\\\/autofans.com.ar\\\/#website\"},\"primaryImageOfPage\":{\"@id\":\"https:\\\/\\\/autofans.com.ar\\\/index.php\\\/2024\\\/12\\\/19\\\/volkswagen-camiones-y-buses-fortalece-su-red-de-atencion-al-cliente\\\/#primaryimage\"},\"image\":{\"@id\":\"https:\\\/\\\/autofans.com.ar\\\/index.php\\\/2024\\\/12\\\/19\\\/volkswagen-camiones-y-buses-fortalece-su-red-de-atencion-al-cliente\\\/#primaryimage\"},\"thumbnailUrl\":\"https:\\\/\\\/autofans.com.ar\\\/wp-content\\\/uploads\\\/2024\\\/12\\\/vw-2-2.jpg\",\"datePublished\":\"2024-12-19T19:30:54+00:00\",\"author\":{\"@id\":\"https:\\\/\\\/autofans.com.ar\\\/#\\\/schema\\\/person\\\/4a8dda0b6df83ac3d6723e921274c2aa\"},\"description\":\"Volkswagen Camiones y Buses complet\u00f3 el proceso de certificaci\u00f3n de sus asesores de servicio, reafirmando su compromiso con la calidad...\",\"breadcrumb\":{\"@id\":\"https:\\\/\\\/autofans.com.ar\\\/index.php\\\/2024\\\/12\\\/19\\\/volkswagen-camiones-y-buses-fortalece-su-red-de-atencion-al-cliente\\\/#breadcrumb\"},\"inLanguage\":\"es\",\"potentialAction\":[{\"@type\":\"ReadAction\",\"target\":[\"https:\\\/\\\/autofans.com.ar\\\/index.php\\\/2024\\\/12\\\/19\\\/volkswagen-camiones-y-buses-fortalece-su-red-de-atencion-al-cliente\\\/\"]}]},{\"@type\":\"ImageObject\",\"inLanguage\":\"es\",\"@id\":\"https:\\\/\\\/autofans.com.ar\\\/index.php\\\/2024\\\/12\\\/19\\\/volkswagen-camiones-y-buses-fortalece-su-red-de-atencion-al-cliente\\\/#primaryimage\",\"url\":\"https:\\\/\\\/autofans.com.ar\\\/wp-content\\\/uploads\\\/2024\\\/12\\\/vw-2-2.jpg\",\"contentUrl\":\"https:\\\/\\\/autofans.com.ar\\\/wp-content\\\/uploads\\\/2024\\\/12\\\/vw-2-2.jpg\",\"width\":1000,\"height\":667,\"caption\":\"Volkswagen Camiones y Buses\"},{\"@type\":\"BreadcrumbList\",\"@id\":\"https:\\\/\\\/autofans.com.ar\\\/index.php\\\/2024\\\/12\\\/19\\\/volkswagen-camiones-y-buses-fortalece-su-red-de-atencion-al-cliente\\\/#breadcrumb\",\"itemListElement\":[{\"@type\":\"ListItem\",\"position\":1,\"name\":\"Inicio\",\"item\":\"https:\\\/\\\/autofans.com.ar\\\/\"},{\"@type\":\"ListItem\",\"position\":2,\"name\":\"Volkswagen Camiones y Buses fortalece su red de atenci\u00f3n al cliente\"}]},{\"@type\":\"WebSite\",\"@id\":\"https:\\\/\\\/autofans.com.ar\\\/#website\",\"url\":\"https:\\\/\\\/autofans.com.ar\\\/\",\"name\":\"\",\"description\":\"El multimedio referente de la industria automotriz\",\"potentialAction\":[{\"@type\":\"SearchAction\",\"target\":{\"@type\":\"EntryPoint\",\"urlTemplate\":\"https:\\\/\\\/autofans.com.ar\\\/?s={search_term_string}\"},\"query-input\":{\"@type\":\"PropertyValueSpecification\",\"valueRequired\":true,\"valueName\":\"search_term_string\"}}],\"inLanguage\":\"es\"},{\"@type\":\"Person\",\"@id\":\"https:\\\/\\\/autofans.com.ar\\\/#\\\/schema\\\/person\\\/4a8dda0b6df83ac3d6723e921274c2aa\",\"name\":\"Alejandro Gabriel Rosito\",\"image\":{\"@type\":\"ImageObject\",\"inLanguage\":\"es\",\"@id\":\"https:\\\/\\\/secure.gravatar.com\\\/avatar\\\/16c5dda1489adfc62618084dcbb91cffd879c374b13fe5dd8e44ed6733852c88?s=96&d=mm&r=g\",\"url\":\"https:\\\/\\\/secure.gravatar.com\\\/avatar\\\/16c5dda1489adfc62618084dcbb91cffd879c374b13fe5dd8e44ed6733852c88?s=96&d=mm&r=g\",\"contentUrl\":\"https:\\\/\\\/secure.gravatar.com\\\/avatar\\\/16c5dda1489adfc62618084dcbb91cffd879c374b13fe5dd8e44ed6733852c88?s=96&d=mm&r=g\",\"caption\":\"Alejandro Gabriel Rosito\"},\"url\":\"https:\\\/\\\/autofans.com.ar\\\/index.php\\\/author\\\/gabrielr\\\/\"}]}<\/script>\n<!-- \/ Yoast SEO plugin. -->","yoast_head_json":{"title":"Volkswagen Camiones y Buses fortalece su red de atenci\u00f3n al cliente -","description":"Volkswagen Camiones y Buses complet\u00f3 el proceso de certificaci\u00f3n de sus asesores de servicio, reafirmando su compromiso con la calidad...","robots":{"index":"index","follow":"follow","max-snippet":"max-snippet:-1","max-image-preview":"max-image-preview:large","max-video-preview":"max-video-preview:-1"},"canonical":"https:\/\/autofans.com.ar\/index.php\/2024\/12\/19\/volkswagen-camiones-y-buses-fortalece-su-red-de-atencion-al-cliente\/","og_locale":"es_ES","og_type":"article","og_title":"Volkswagen Camiones y Buses fortalece su red de atenci\u00f3n al cliente -","og_description":"Volkswagen Camiones y Buses complet\u00f3 el proceso de certificaci\u00f3n de sus asesores de servicio, reafirmando su compromiso con la calidad...","og_url":"https:\/\/autofans.com.ar\/index.php\/2024\/12\/19\/volkswagen-camiones-y-buses-fortalece-su-red-de-atencion-al-cliente\/","article_published_time":"2024-12-19T19:30:54+00:00","og_image":[{"width":1000,"height":667,"url":"https:\/\/autofans.com.ar\/wp-content\/uploads\/2024\/12\/vw-2-2.jpg","type":"image\/jpeg"}],"author":"Alejandro Gabriel Rosito","twitter_card":"summary_large_image","twitter_misc":{"Escrito por":"Alejandro Gabriel Rosito","Tiempo de lectura":"2 minutos"},"schema":{"@context":"https:\/\/schema.org","@graph":[{"@type":"Article","@id":"https:\/\/autofans.com.ar\/index.php\/2024\/12\/19\/volkswagen-camiones-y-buses-fortalece-su-red-de-atencion-al-cliente\/#article","isPartOf":{"@id":"https:\/\/autofans.com.ar\/index.php\/2024\/12\/19\/volkswagen-camiones-y-buses-fortalece-su-red-de-atencion-al-cliente\/"},"author":{"name":"Alejandro Gabriel Rosito","@id":"https:\/\/autofans.com.ar\/#\/schema\/person\/4a8dda0b6df83ac3d6723e921274c2aa"},"headline":"Volkswagen Camiones y Buses fortalece su red de atenci\u00f3n al cliente","datePublished":"2024-12-19T19:30:54+00:00","mainEntityOfPage":{"@id":"https:\/\/autofans.com.ar\/index.php\/2024\/12\/19\/volkswagen-camiones-y-buses-fortalece-su-red-de-atencion-al-cliente\/"},"wordCount":359,"image":{"@id":"https:\/\/autofans.com.ar\/index.php\/2024\/12\/19\/volkswagen-camiones-y-buses-fortalece-su-red-de-atencion-al-cliente\/#primaryimage"},"thumbnailUrl":"https:\/\/autofans.com.ar\/wp-content\/uploads\/2024\/12\/vw-2-2.jpg","keywords":["capacitaci\u00f3n concesionarios Volkswagen","certificaci\u00f3n asesores de servicio","certificaci\u00f3n asesores Volkswagen","excelencia en atenci\u00f3n al cliente","Volkswagen Camiones y Buses postventa"],"articleSection":["EMPRESAS","NOTICIAS"],"inLanguage":"es"},{"@type":"WebPage","@id":"https:\/\/autofans.com.ar\/index.php\/2024\/12\/19\/volkswagen-camiones-y-buses-fortalece-su-red-de-atencion-al-cliente\/","url":"https:\/\/autofans.com.ar\/index.php\/2024\/12\/19\/volkswagen-camiones-y-buses-fortalece-su-red-de-atencion-al-cliente\/","name":"Volkswagen Camiones y Buses fortalece su red de atenci\u00f3n al cliente -","isPartOf":{"@id":"https:\/\/autofans.com.ar\/#website"},"primaryImageOfPage":{"@id":"https:\/\/autofans.com.ar\/index.php\/2024\/12\/19\/volkswagen-camiones-y-buses-fortalece-su-red-de-atencion-al-cliente\/#primaryimage"},"image":{"@id":"https:\/\/autofans.com.ar\/index.php\/2024\/12\/19\/volkswagen-camiones-y-buses-fortalece-su-red-de-atencion-al-cliente\/#primaryimage"},"thumbnailUrl":"https:\/\/autofans.com.ar\/wp-content\/uploads\/2024\/12\/vw-2-2.jpg","datePublished":"2024-12-19T19:30:54+00:00","author":{"@id":"https:\/\/autofans.com.ar\/#\/schema\/person\/4a8dda0b6df83ac3d6723e921274c2aa"},"description":"Volkswagen Camiones y Buses complet\u00f3 el proceso de certificaci\u00f3n de sus asesores de servicio, reafirmando su compromiso con la calidad...","breadcrumb":{"@id":"https:\/\/autofans.com.ar\/index.php\/2024\/12\/19\/volkswagen-camiones-y-buses-fortalece-su-red-de-atencion-al-cliente\/#breadcrumb"},"inLanguage":"es","potentialAction":[{"@type":"ReadAction","target":["https:\/\/autofans.com.ar\/index.php\/2024\/12\/19\/volkswagen-camiones-y-buses-fortalece-su-red-de-atencion-al-cliente\/"]}]},{"@type":"ImageObject","inLanguage":"es","@id":"https:\/\/autofans.com.ar\/index.php\/2024\/12\/19\/volkswagen-camiones-y-buses-fortalece-su-red-de-atencion-al-cliente\/#primaryimage","url":"https:\/\/autofans.com.ar\/wp-content\/uploads\/2024\/12\/vw-2-2.jpg","contentUrl":"https:\/\/autofans.com.ar\/wp-content\/uploads\/2024\/12\/vw-2-2.jpg","width":1000,"height":667,"caption":"Volkswagen Camiones y Buses"},{"@type":"BreadcrumbList","@id":"https:\/\/autofans.com.ar\/index.php\/2024\/12\/19\/volkswagen-camiones-y-buses-fortalece-su-red-de-atencion-al-cliente\/#breadcrumb","itemListElement":[{"@type":"ListItem","position":1,"name":"Inicio","item":"https:\/\/autofans.com.ar\/"},{"@type":"ListItem","position":2,"name":"Volkswagen Camiones y Buses fortalece su red de atenci\u00f3n al cliente"}]},{"@type":"WebSite","@id":"https:\/\/autofans.com.ar\/#website","url":"https:\/\/autofans.com.ar\/","name":"","description":"El multimedio referente de la industria automotriz","potentialAction":[{"@type":"SearchAction","target":{"@type":"EntryPoint","urlTemplate":"https:\/\/autofans.com.ar\/?s={search_term_string}"},"query-input":{"@type":"PropertyValueSpecification","valueRequired":true,"valueName":"search_term_string"}}],"inLanguage":"es"},{"@type":"Person","@id":"https:\/\/autofans.com.ar\/#\/schema\/person\/4a8dda0b6df83ac3d6723e921274c2aa","name":"Alejandro Gabriel Rosito","image":{"@type":"ImageObject","inLanguage":"es","@id":"https:\/\/secure.gravatar.com\/avatar\/16c5dda1489adfc62618084dcbb91cffd879c374b13fe5dd8e44ed6733852c88?s=96&d=mm&r=g","url":"https:\/\/secure.gravatar.com\/avatar\/16c5dda1489adfc62618084dcbb91cffd879c374b13fe5dd8e44ed6733852c88?s=96&d=mm&r=g","contentUrl":"https:\/\/secure.gravatar.com\/avatar\/16c5dda1489adfc62618084dcbb91cffd879c374b13fe5dd8e44ed6733852c88?s=96&d=mm&r=g","caption":"Alejandro Gabriel Rosito"},"url":"https:\/\/autofans.com.ar\/index.php\/author\/gabrielr\/"}]}},"featured_image_urls":{"full":["https:\/\/autofans.com.ar\/wp-content\/uploads\/2024\/12\/vw-2-2.jpg",1000,667,false],"thumbnail":["https:\/\/autofans.com.ar\/wp-content\/uploads\/2024\/12\/vw-2-2-150x150.jpg",150,150,true],"medium":["https:\/\/autofans.com.ar\/wp-content\/uploads\/2024\/12\/vw-2-2-300x200.jpg",300,200,true],"medium_large":["https:\/\/autofans.com.ar\/wp-content\/uploads\/2024\/12\/vw-2-2-768x512.jpg",640,427,true],"large":["https:\/\/autofans.com.ar\/wp-content\/uploads\/2024\/12\/vw-2-2.jpg",640,427,false],"1536x1536":["https:\/\/autofans.com.ar\/wp-content\/uploads\/2024\/12\/vw-2-2.jpg",1000,667,false],"2048x2048":["https:\/\/autofans.com.ar\/wp-content\/uploads\/2024\/12\/vw-2-2.jpg",1000,667,false],"covernews-featured":["https:\/\/autofans.com.ar\/wp-content\/uploads\/2024\/12\/vw-2-2.jpg",1000,667,false],"covernews-medium":["https:\/\/autofans.com.ar\/wp-content\/uploads\/2024\/12\/vw-2-2-540x340.jpg",540,340,true]},"author_info":{"display_name":"Alejandro Gabriel Rosito","author_link":"https:\/\/autofans.com.ar\/index.php\/author\/gabrielr\/"},"category_info":"<a href=\"https:\/\/autofans.com.ar\/index.php\/category\/noticias\/empresas\/\" rel=\"category tag\">EMPRESAS<\/a> <a href=\"https:\/\/autofans.com.ar\/index.php\/category\/noticias\/\" rel=\"category tag\">NOTICIAS<\/a>","tag_info":"NOTICIAS","comment_count":0,"_links":{"self":[{"href":"https:\/\/autofans.com.ar\/index.php\/wp-json\/wp\/v2\/posts\/10337","targetHints":{"allow":["GET"]}}],"collection":[{"href":"https:\/\/autofans.com.ar\/index.php\/wp-json\/wp\/v2\/posts"}],"about":[{"href":"https:\/\/autofans.com.ar\/index.php\/wp-json\/wp\/v2\/types\/post"}],"author":[{"embeddable":true,"href":"https:\/\/autofans.com.ar\/index.php\/wp-json\/wp\/v2\/users\/2"}],"replies":[{"embeddable":true,"href":"https:\/\/autofans.com.ar\/index.php\/wp-json\/wp\/v2\/comments?post=10337"}],"version-history":[{"count":4,"href":"https:\/\/autofans.com.ar\/index.php\/wp-json\/wp\/v2\/posts\/10337\/revisions"}],"predecessor-version":[{"id":10343,"href":"https:\/\/autofans.com.ar\/index.php\/wp-json\/wp\/v2\/posts\/10337\/revisions\/10343"}],"wp:featuredmedia":[{"embeddable":true,"href":"https:\/\/autofans.com.ar\/index.php\/wp-json\/wp\/v2\/media\/10340"}],"wp:attachment":[{"href":"https:\/\/autofans.com.ar\/index.php\/wp-json\/wp\/v2\/media?parent=10337"}],"wp:term":[{"taxonomy":"category","embeddable":true,"href":"https:\/\/autofans.com.ar\/index.php\/wp-json\/wp\/v2\/categories?post=10337"},{"taxonomy":"post_tag","embeddable":true,"href":"https:\/\/autofans.com.ar\/index.php\/wp-json\/wp\/v2\/tags?post=10337"}],"curies":[{"name":"wp","href":"https:\/\/api.w.org\/{rel}","templated":true}]}}