{"id":10364,"date":"2024-12-20T14:46:15","date_gmt":"2024-12-20T17:46:15","guid":{"rendered":"https:\/\/autofans.com.ar\/?p=10364"},"modified":"2024-12-20T14:46:15","modified_gmt":"2024-12-20T17:46:15","slug":"todas-las-novedades-de-honda-para-el-2025","status":"publish","type":"post","link":"https:\/\/autofans.com.ar\/index.php\/2024\/12\/20\/todas-las-novedades-de-honda-para-el-2025\/","title":{"rendered":"Todas las novedades de Honda para el 2025"},"content":{"rendered":"<p data-pm-slice=\"1 1 []\">En 2024, Honda consolid\u00f3 su liderazgo en Argentina al destacar en sus tres divisiones de negocio: Motocicletas, Autom\u00f3viles y Productos de Fuerza y Marine. Con m\u00e1s de 100.000 unidades patentadas, la compa\u00f1\u00eda no solo se posicion\u00f3 como la marca que m\u00e1s vende en el pa\u00eds, sino que tambi\u00e9n alcanz\u00f3 hitos importantes en producci\u00f3n, exportaci\u00f3n y desarrollo tecnol\u00f3gico.<\/p>\n<p data-pm-slice=\"1 1 []\"><span style=\"color: #ffffff;\">.<\/span><\/p>\n<h2>Motocicletas &#8211; liderazgo indiscutido y nuevas incorporaciones<\/h2>\n<p>Honda lidera el mercado de motocicletas en Argentina por s\u00e9ptimo a\u00f1o consecutivo, con una participaci\u00f3n de mercado del 23% y m\u00e1s de 100.000 unidades patentadas. La Honda Wave, con m\u00e1s de 50.000 unidades vendidas, se consagr\u00f3 como el veh\u00edculo m\u00e1s vendido del pa\u00eds.<\/p>\n<p>&nbsp;<\/p>\n<div id='gallery-1' class='gallery galleryid-10364 gallery-columns-3 gallery-size-full'><figure class='gallery-item'>\n\t\t\t<div class='gallery-icon landscape'>\n\t\t\t\t<a href='https:\/\/autofans.com.ar\/index.php\/2024\/12\/20\/todas-las-novedades-de-honda-para-el-2025\/elite\/'><img loading=\"lazy\" width=\"1000\" height=\"667\" src=\"https:\/\/autofans.com.ar\/wp-content\/uploads\/2024\/12\/elite.jpg\" class=\"attachment-full size-full\" alt=\"elite\" aria-describedby=\"gallery-1-10375\" srcset=\"https:\/\/autofans.com.ar\/wp-content\/uploads\/2024\/12\/elite.jpg 1000w, https:\/\/autofans.com.ar\/wp-content\/uploads\/2024\/12\/elite-300x200.jpg 300w, https:\/\/autofans.com.ar\/wp-content\/uploads\/2024\/12\/elite-768x512.jpg 768w\" sizes=\"auto, (max-width: 1000px) 100vw, 1000px\" loading=\"lazy\" decoding=\"async\" \/><\/a>\n\t\t\t<\/div>\n\t\t\t\t<figcaption class='wp-caption-text gallery-caption' id='gallery-1-10375'>\n\t\t\t\tScooter Elite 125:\n\t\t\t\t<\/figcaption><\/figure><figure class='gallery-item'>\n\t\t\t<div class='gallery-icon landscape'>\n\t\t\t\t<a href='https:\/\/autofans.com.ar\/index.php\/2024\/12\/20\/todas-las-novedades-de-honda-para-el-2025\/honda-7-2\/'><img loading=\"lazy\" width=\"1000\" height=\"667\" src=\"https:\/\/autofans.com.ar\/wp-content\/uploads\/2024\/12\/honda-7.jpg\" class=\"attachment-full size-full\" alt=\"Honda\" aria-describedby=\"gallery-1-10368\" srcset=\"https:\/\/autofans.com.ar\/wp-content\/uploads\/2024\/12\/honda-7.jpg 1000w, https:\/\/autofans.com.ar\/wp-content\/uploads\/2024\/12\/honda-7-300x200.jpg 300w, https:\/\/autofans.com.ar\/wp-content\/uploads\/2024\/12\/honda-7-768x512.jpg 768w\" sizes=\"auto, (max-width: 1000px) 100vw, 1000px\" loading=\"lazy\" decoding=\"async\" \/><\/a>\n\t\t\t<\/div>\n\t\t\t\t<figcaption class='wp-caption-text gallery-caption' id='gallery-1-10368'>\n\t\t\t\tCRF1100L Africa Twin y Africa Twin Adventure Sports\n\t\t\t\t<\/figcaption><\/figure><figure class='gallery-item'>\n\t\t\t<div class='gallery-icon landscape'>\n\t\t\t\t<a href='https:\/\/autofans.com.ar\/index.php\/2024\/12\/20\/todas-las-novedades-de-honda-para-el-2025\/honda-8-2\/'><img loading=\"lazy\" width=\"1000\" height=\"667\" src=\"https:\/\/autofans.com.ar\/wp-content\/uploads\/2024\/12\/honda-8.jpg\" class=\"attachment-full size-full\" alt=\"Honda\" aria-describedby=\"gallery-1-10367\" srcset=\"https:\/\/autofans.com.ar\/wp-content\/uploads\/2024\/12\/honda-8.jpg 1000w, https:\/\/autofans.com.ar\/wp-content\/uploads\/2024\/12\/honda-8-300x200.jpg 300w, https:\/\/autofans.com.ar\/wp-content\/uploads\/2024\/12\/honda-8-768x512.jpg 768w\" sizes=\"auto, (max-width: 1000px) 100vw, 1000px\" loading=\"lazy\" decoding=\"async\" \/><\/a>\n\t\t\t<\/div>\n\t\t\t\t<figcaption class='wp-caption-text gallery-caption' id='gallery-1-10367'>\n\t\t\t\tCuatriciclos TRX 250 y TRX 420\n\t\t\t\t<\/figcaption><\/figure>\n\t\t<\/div>\n\n<p>&nbsp;<\/p>\n<p>En su planta de Campana, donde se fabrican 9 modelos exportados a 14 pa\u00edses, la compa\u00f1\u00eda super\u00f3 las 1.4 millones de unidades producidas y anunci\u00f3 una inversi\u00f3n de 15,4 millones de d\u00f3lares para expandir la exportaci\u00f3n de piezas locales. Entre las novedades de 2025 se destacan:<\/p>\n<ul data-spread=\"false\">\n<li><strong>Nuevo scooter Elite 125<\/strong>: mejoras en tecnolog\u00eda y prestaciones, motor de 123,9cc e inyecci\u00f3n electr\u00f3nica. &#8211; <a href=\"https:\/\/autofans.com.ar\/wp-content\/uploads\/2024\/12\/FT-Elite-MY2025.pdf\">Ficha T\u00e9cnica: Elite MY2025<\/a><\/li>\n<li><strong>CRF1100L Africa Twin y Africa Twin Adventure Sports<\/strong>: ajuste de torque, mejoras aerodin\u00e1micas y confort. &#8211; <a href=\"https:\/\/autofans.com.ar\/wp-content\/uploads\/2024\/12\/FT-CRF1100L-Africa-Twin.pdf\">Ficha T\u00e9cnica: CRF1100L Africa Twin<\/a><\/li>\n<li><strong>Cuatriciclos TRX 250 y TRX 420<\/strong>: dise\u00f1ados para tareas diarias y aventuras off-road. &#8211; <a href=\"https:\/\/autofans.com.ar\/wp-content\/uploads\/2024\/12\/FT-TRX250-TM.pdf\">Ficha T\u00e9cnica: TRX250 TM<\/a><\/li>\n<\/ul>\n<p>&nbsp;<\/p>\n<h2>Autom\u00f3viles &#8211; m\u00e1s opciones h\u00edbridas y tecnolog\u00eda de punta<\/h2>\n<p>&nbsp;<\/p>\n<div id='gallery-2' class='gallery galleryid-10364 gallery-columns-2 gallery-size-full'><figure class='gallery-item'>\n\t\t\t<div class='gallery-icon landscape'>\n\t\t\t\t<a href='https:\/\/autofans.com.ar\/index.php\/2024\/12\/20\/todas-las-novedades-de-honda-para-el-2025\/honda-3-14\/'><img loading=\"lazy\" width=\"1000\" height=\"667\" src=\"https:\/\/autofans.com.ar\/wp-content\/uploads\/2024\/12\/honda-3.jpg\" class=\"attachment-full size-full\" alt=\"Honda\" srcset=\"https:\/\/autofans.com.ar\/wp-content\/uploads\/2024\/12\/honda-3.jpg 1000w, https:\/\/autofans.com.ar\/wp-content\/uploads\/2024\/12\/honda-3-300x200.jpg 300w, https:\/\/autofans.com.ar\/wp-content\/uploads\/2024\/12\/honda-3-768x512.jpg 768w\" sizes=\"auto, (max-width: 1000px) 100vw, 1000px\" loading=\"lazy\" decoding=\"async\" \/><\/a>\n\t\t\t<\/div><\/figure><figure class='gallery-item'>\n\t\t\t<div class='gallery-icon landscape'>\n\t\t\t\t<a href='https:\/\/autofans.com.ar\/index.php\/2024\/12\/20\/todas-las-novedades-de-honda-para-el-2025\/honda-4-10\/'><img loading=\"lazy\" width=\"1000\" height=\"667\" src=\"https:\/\/autofans.com.ar\/wp-content\/uploads\/2024\/12\/honda-4.jpg\" class=\"attachment-full size-full\" alt=\"Honda\" srcset=\"https:\/\/autofans.com.ar\/wp-content\/uploads\/2024\/12\/honda-4.jpg 1000w, https:\/\/autofans.com.ar\/wp-content\/uploads\/2024\/12\/honda-4-300x200.jpg 300w, https:\/\/autofans.com.ar\/wp-content\/uploads\/2024\/12\/honda-4-768x512.jpg 768w\" sizes=\"auto, (max-width: 1000px) 100vw, 1000px\" loading=\"lazy\" decoding=\"async\" \/><\/a>\n\t\t\t<\/div><\/figure>\n\t\t<\/div>\n\n<p>&nbsp;<\/p>\n<p>En el segmento automotriz, Honda se destac\u00f3 como la marca importadora n\u00famero uno de 2024, con 2.300 unidades patentadas. Entre sus lanzamientos m\u00e1s destacados figuran:<\/p>\n<ul data-spread=\"false\">\n<li><strong>Civic Advanced Hybrid y CR-V Advanced Hybrid<\/strong>: equipados con tecnolog\u00eda h\u00edbrida e:HEV y Honda SENSING. &#8211; <a href=\"https:\/\/autofans.com.ar\/wp-content\/uploads\/2024\/12\/FT-Accord-Hybrid.pdf\">Ficha T\u00e9cnica: Accord Hybrid<\/a><\/li>\n<li><strong>New CR-V EXL AWD<\/strong>: motor 1.5 turbo, tracci\u00f3n total y equipamiento premium. &#8211; <a href=\"https:\/\/autofans.com.ar\/wp-content\/uploads\/2024\/12\/FICHA-TA\u0089CNICA-NEW-CR-V-2024.pdf\">Ficha T\u00e9cnica: EW CR-V 2024<\/a><\/li>\n<\/ul>\n<p>Para 2025, Honda planea ampliar su gama h\u00edbrida con el Accord e:HEV, equipado con un propulsor Atkinson 2.0 i-VTEC\u00ae y un motor el\u00e9ctrico de 184 CV, adem\u00e1s de un completo paquete de seguridad y confort.<\/p>\n<p>&nbsp;<\/p>\n<h2>Marine y Productos de Fuerza &#8211; innovaci\u00f3n y compromiso ambiental<\/h2>\n<p>&nbsp;<\/p>\n<div id='gallery-3' class='gallery galleryid-10364 gallery-columns-3 gallery-size-full'><figure class='gallery-item'>\n\t\t\t<div class='gallery-icon landscape'>\n\t\t\t\t<a href='https:\/\/autofans.com.ar\/index.php\/2024\/12\/20\/todas-las-novedades-de-honda-para-el-2025\/honda-1-14\/'><img loading=\"lazy\" width=\"1000\" height=\"667\" src=\"https:\/\/autofans.com.ar\/wp-content\/uploads\/2024\/12\/honda-1.jpg\" class=\"attachment-full size-full\" alt=\"Honda\" srcset=\"https:\/\/autofans.com.ar\/wp-content\/uploads\/2024\/12\/honda-1.jpg 1000w, https:\/\/autofans.com.ar\/wp-content\/uploads\/2024\/12\/honda-1-300x200.jpg 300w, https:\/\/autofans.com.ar\/wp-content\/uploads\/2024\/12\/honda-1-768x512.jpg 768w\" sizes=\"auto, (max-width: 1000px) 100vw, 1000px\" loading=\"lazy\" decoding=\"async\" \/><\/a>\n\t\t\t<\/div><\/figure><figure class='gallery-item'>\n\t\t\t<div class='gallery-icon landscape'>\n\t\t\t\t<a href='https:\/\/autofans.com.ar\/index.php\/2024\/12\/20\/todas-las-novedades-de-honda-para-el-2025\/honda-2-14\/'><img loading=\"lazy\" width=\"1000\" height=\"667\" src=\"https:\/\/autofans.com.ar\/wp-content\/uploads\/2024\/12\/honda-2.jpg\" class=\"attachment-full size-full\" alt=\"Honda\" srcset=\"https:\/\/autofans.com.ar\/wp-content\/uploads\/2024\/12\/honda-2.jpg 1000w, https:\/\/autofans.com.ar\/wp-content\/uploads\/2024\/12\/honda-2-300x200.jpg 300w, https:\/\/autofans.com.ar\/wp-content\/uploads\/2024\/12\/honda-2-768x512.jpg 768w\" sizes=\"auto, (max-width: 1000px) 100vw, 1000px\" loading=\"lazy\" decoding=\"async\" \/><\/a>\n\t\t\t<\/div><\/figure><figure class='gallery-item'>\n\t\t\t<div class='gallery-icon landscape'>\n\t\t\t\t<a href='https:\/\/autofans.com.ar\/index.php\/2024\/09\/09\/llega-a-argentina-el-nuevo-motor-v8-bf350-de-honda-marine\/honda-4-6\/'><img loading=\"lazy\" width=\"1000\" height=\"667\" src=\"https:\/\/autofans.com.ar\/wp-content\/uploads\/2024\/09\/honda-4.jpg\" class=\"attachment-full size-full\" alt=\"Honda Marine\" srcset=\"https:\/\/autofans.com.ar\/wp-content\/uploads\/2024\/09\/honda-4.jpg 1000w, https:\/\/autofans.com.ar\/wp-content\/uploads\/2024\/09\/honda-4-300x200.jpg 300w, https:\/\/autofans.com.ar\/wp-content\/uploads\/2024\/09\/honda-4-768x512.jpg 768w\" sizes=\"auto, (max-width: 1000px) 100vw, 1000px\" loading=\"lazy\" decoding=\"async\" \/><\/a>\n\t\t\t<\/div><\/figure>\n\t\t<\/div>\n\n<p>&nbsp;<\/p>\n<p>En el segmento Marine, Honda logr\u00f3 una participaci\u00f3n del 30% en motores fuera de borda de 4 tiempos, con 1.300 unidades vendidas. Entre las novedades se encuentran:<\/p>\n<ul data-spread=\"false\">\n<li><strong>Motores BF40, BF115, BF150 y BF200<\/strong>: ahora con tecnolog\u00eda Drive by Wire. &#8211;<\/li>\n<li><strong>BF350<\/strong>: primer motor V8 comercializado por Honda en Sudam\u00e9rica.<\/li>\n<\/ul>\n<p>En Productos de Fuerza, Honda lanzar\u00e1 herramientas el\u00e9ctricas como motoguada\u00f1as, corta cercos y sopladores con beneficios como cero emisiones, bajo mantenimiento y posibilidad de uso en espacios cerrados.<\/p>\n<p>Con 46 a\u00f1os en el mercado argentino, Honda reafirma su compromiso con el desarrollo local, ofreciendo innovaci\u00f3n y calidad en cada uno de sus productos. En 2025, la marca continuar\u00e1 sorprendiendo con nuevos lanzamientos que prometen satisfacer a los consumidores m\u00e1s exigentes.<\/p>\n<p>&nbsp;<\/p>\n<p>&nbsp;<\/p>\n<p>&nbsp;<\/p>\n<p><i>Para enterarte de m\u00e1s novedades, no dejes de leer\u00a0<\/i><a href=\"https:\/\/autofans.thebrandsoup.com\/\"><i>nuestras notas<\/i><\/a><i>, de ver<\/i><b><i>\u00a0<\/i><\/b><a href=\"https:\/\/www.youtube.com\/channel\/UCgAC8UGHZYbT6P7PpmVnP7g\"><b><i>AUTOFANS TV<\/i><\/b><\/a><b><i>\u00a0<\/i><\/b><i>en nuestro\u00a0canal de Youtube. Adem\u00e1s seguinos en\u00a0<\/i><a href=\"https:\/\/www.instagram.com\/autofanstv\/\"><i>INSTAGRAM<\/i><\/a><i> y <\/i><a href=\"https:\/\/www.facebook.com\/autofansmas\/\"><i>FACEBOOK<\/i><\/a><i> para no perderte nada sobre las novedades del segmento automotor de Argentina y el mundo.<\/i><\/p>\n","protected":false},"excerpt":{"rendered":"<p>En 2024, Honda consolid\u00f3 su liderazgo en Argentina al destacar en sus tres divisiones de&#8230;<\/p>\n","protected":false},"author":2,"featured_media":10370,"comment_status":"closed","ping_status":"closed","sticky":false,"template":"","format":"standard","meta":{"footnotes":""},"categories":[292,16],"tags":[2833,5644,5645,5643,140,3548,5641,5642,5646,5639,1693,5640],"class_list":["post-10364","post","type-post","status-publish","format-standard","has-post-thumbnail","hentry","category-empresas","category-noticias","tag-automoviles-honda","tag-cuatriciclos-honda","tag-herramientas-electricas-honda","tag-honda-accord-ehev","tag-honda-argentina","tag-honda-cr-v","tag-honda-marine","tag-honda-wave","tag-industria-nacional-honda","tag-liderazgo-honda","tag-motocicletas-honda","tag-productos-de-fuerza-honda"],"yoast_head":"<!-- This site is optimized with the Yoast SEO plugin v27.5 - https:\/\/yoast.com\/product\/yoast-seo-wordpress\/ -->\n<title>Todas las novedades de Honda para el 2025 -<\/title>\n<meta name=\"description\" content=\"Honda consolid\u00f3 su liderazgo al destacar en sus tres divisiones de negocio: Motocicletas, Autom\u00f3viles y Productos de Fuerza y Marine...\" \/>\n<meta name=\"robots\" content=\"index, follow, max-snippet:-1, max-image-preview:large, max-video-preview:-1\" \/>\n<link rel=\"canonical\" href=\"https:\/\/autofans.com.ar\/index.php\/2024\/12\/20\/todas-las-novedades-de-honda-para-el-2025\/\" \/>\n<meta property=\"og:locale\" content=\"es_ES\" \/>\n<meta property=\"og:type\" content=\"article\" \/>\n<meta property=\"og:title\" content=\"Todas las novedades de Honda para el 2025 -\" \/>\n<meta property=\"og:description\" content=\"Honda consolid\u00f3 su liderazgo al destacar en sus tres divisiones de negocio: Motocicletas, Autom\u00f3viles y Productos de Fuerza y Marine...\" \/>\n<meta property=\"og:url\" content=\"https:\/\/autofans.com.ar\/index.php\/2024\/12\/20\/todas-las-novedades-de-honda-para-el-2025\/\" \/>\n<meta property=\"article:published_time\" content=\"2024-12-20T17:46:15+00:00\" \/>\n<meta property=\"og:image\" content=\"https:\/\/autofans.com.ar\/wp-content\/uploads\/2024\/12\/honda-5.jpg\" \/>\n\t<meta property=\"og:image:width\" content=\"1000\" \/>\n\t<meta property=\"og:image:height\" content=\"667\" \/>\n\t<meta property=\"og:image:type\" content=\"image\/jpeg\" \/>\n<meta name=\"author\" content=\"Alejandro Gabriel Rosito\" \/>\n<meta name=\"twitter:card\" content=\"summary_large_image\" \/>\n<meta name=\"twitter:label1\" content=\"Escrito por\" \/>\n\t<meta name=\"twitter:data1\" content=\"Alejandro Gabriel Rosito\" \/>\n\t<meta name=\"twitter:label2\" content=\"Tiempo de lectura\" \/>\n\t<meta name=\"twitter:data2\" content=\"3 minutos\" \/>\n<script type=\"application\/ld+json\" class=\"yoast-schema-graph\">{\"@context\":\"https:\\\/\\\/schema.org\",\"@graph\":[{\"@type\":\"Article\",\"@id\":\"https:\\\/\\\/autofans.com.ar\\\/index.php\\\/2024\\\/12\\\/20\\\/todas-las-novedades-de-honda-para-el-2025\\\/#article\",\"isPartOf\":{\"@id\":\"https:\\\/\\\/autofans.com.ar\\\/index.php\\\/2024\\\/12\\\/20\\\/todas-las-novedades-de-honda-para-el-2025\\\/\"},\"author\":{\"name\":\"Alejandro Gabriel Rosito\",\"@id\":\"https:\\\/\\\/autofans.com.ar\\\/#\\\/schema\\\/person\\\/4a8dda0b6df83ac3d6723e921274c2aa\"},\"headline\":\"Todas las novedades de Honda para el 2025\",\"datePublished\":\"2024-12-20T17:46:15+00:00\",\"mainEntityOfPage\":{\"@id\":\"https:\\\/\\\/autofans.com.ar\\\/index.php\\\/2024\\\/12\\\/20\\\/todas-las-novedades-de-honda-para-el-2025\\\/\"},\"wordCount\":554,\"image\":{\"@id\":\"https:\\\/\\\/autofans.com.ar\\\/index.php\\\/2024\\\/12\\\/20\\\/todas-las-novedades-de-honda-para-el-2025\\\/#primaryimage\"},\"thumbnailUrl\":\"https:\\\/\\\/autofans.com.ar\\\/wp-content\\\/uploads\\\/2024\\\/12\\\/honda-5.jpg\",\"keywords\":[\"Autom\u00f3viles Honda\",\"cuatriciclos Honda\",\"herramientas el\u00e9ctricas Honda\",\"Honda Accord e:HEV\",\"Honda Argentina\",\"Honda CR-V\",\"Honda Marine\",\"Honda Wave\",\"industria nacional Honda\",\"liderazgo Honda\",\"Motocicletas Honda\",\"productos de fuerza Honda\"],\"articleSection\":[\"EMPRESAS\",\"NOTICIAS\"],\"inLanguage\":\"es\"},{\"@type\":\"WebPage\",\"@id\":\"https:\\\/\\\/autofans.com.ar\\\/index.php\\\/2024\\\/12\\\/20\\\/todas-las-novedades-de-honda-para-el-2025\\\/\",\"url\":\"https:\\\/\\\/autofans.com.ar\\\/index.php\\\/2024\\\/12\\\/20\\\/todas-las-novedades-de-honda-para-el-2025\\\/\",\"name\":\"Todas las novedades de Honda para el 2025 -\",\"isPartOf\":{\"@id\":\"https:\\\/\\\/autofans.com.ar\\\/#website\"},\"primaryImageOfPage\":{\"@id\":\"https:\\\/\\\/autofans.com.ar\\\/index.php\\\/2024\\\/12\\\/20\\\/todas-las-novedades-de-honda-para-el-2025\\\/#primaryimage\"},\"image\":{\"@id\":\"https:\\\/\\\/autofans.com.ar\\\/index.php\\\/2024\\\/12\\\/20\\\/todas-las-novedades-de-honda-para-el-2025\\\/#primaryimage\"},\"thumbnailUrl\":\"https:\\\/\\\/autofans.com.ar\\\/wp-content\\\/uploads\\\/2024\\\/12\\\/honda-5.jpg\",\"datePublished\":\"2024-12-20T17:46:15+00:00\",\"author\":{\"@id\":\"https:\\\/\\\/autofans.com.ar\\\/#\\\/schema\\\/person\\\/4a8dda0b6df83ac3d6723e921274c2aa\"},\"description\":\"Honda consolid\u00f3 su liderazgo al destacar en sus tres divisiones de negocio: Motocicletas, Autom\u00f3viles y Productos de Fuerza y Marine...\",\"breadcrumb\":{\"@id\":\"https:\\\/\\\/autofans.com.ar\\\/index.php\\\/2024\\\/12\\\/20\\\/todas-las-novedades-de-honda-para-el-2025\\\/#breadcrumb\"},\"inLanguage\":\"es\",\"potentialAction\":[{\"@type\":\"ReadAction\",\"target\":[\"https:\\\/\\\/autofans.com.ar\\\/index.php\\\/2024\\\/12\\\/20\\\/todas-las-novedades-de-honda-para-el-2025\\\/\"]}]},{\"@type\":\"ImageObject\",\"inLanguage\":\"es\",\"@id\":\"https:\\\/\\\/autofans.com.ar\\\/index.php\\\/2024\\\/12\\\/20\\\/todas-las-novedades-de-honda-para-el-2025\\\/#primaryimage\",\"url\":\"https:\\\/\\\/autofans.com.ar\\\/wp-content\\\/uploads\\\/2024\\\/12\\\/honda-5.jpg\",\"contentUrl\":\"https:\\\/\\\/autofans.com.ar\\\/wp-content\\\/uploads\\\/2024\\\/12\\\/honda-5.jpg\",\"width\":1000,\"height\":667,\"caption\":\"Honda\"},{\"@type\":\"BreadcrumbList\",\"@id\":\"https:\\\/\\\/autofans.com.ar\\\/index.php\\\/2024\\\/12\\\/20\\\/todas-las-novedades-de-honda-para-el-2025\\\/#breadcrumb\",\"itemListElement\":[{\"@type\":\"ListItem\",\"position\":1,\"name\":\"Inicio\",\"item\":\"https:\\\/\\\/autofans.com.ar\\\/\"},{\"@type\":\"ListItem\",\"position\":2,\"name\":\"Todas las novedades de Honda para el 2025\"}]},{\"@type\":\"WebSite\",\"@id\":\"https:\\\/\\\/autofans.com.ar\\\/#website\",\"url\":\"https:\\\/\\\/autofans.com.ar\\\/\",\"name\":\"\",\"description\":\"El multimedio referente de la industria automotriz\",\"potentialAction\":[{\"@type\":\"SearchAction\",\"target\":{\"@type\":\"EntryPoint\",\"urlTemplate\":\"https:\\\/\\\/autofans.com.ar\\\/?s={search_term_string}\"},\"query-input\":{\"@type\":\"PropertyValueSpecification\",\"valueRequired\":true,\"valueName\":\"search_term_string\"}}],\"inLanguage\":\"es\"},{\"@type\":\"Person\",\"@id\":\"https:\\\/\\\/autofans.com.ar\\\/#\\\/schema\\\/person\\\/4a8dda0b6df83ac3d6723e921274c2aa\",\"name\":\"Alejandro Gabriel Rosito\",\"image\":{\"@type\":\"ImageObject\",\"inLanguage\":\"es\",\"@id\":\"https:\\\/\\\/secure.gravatar.com\\\/avatar\\\/16c5dda1489adfc62618084dcbb91cffd879c374b13fe5dd8e44ed6733852c88?s=96&d=mm&r=g\",\"url\":\"https:\\\/\\\/secure.gravatar.com\\\/avatar\\\/16c5dda1489adfc62618084dcbb91cffd879c374b13fe5dd8e44ed6733852c88?s=96&d=mm&r=g\",\"contentUrl\":\"https:\\\/\\\/secure.gravatar.com\\\/avatar\\\/16c5dda1489adfc62618084dcbb91cffd879c374b13fe5dd8e44ed6733852c88?s=96&d=mm&r=g\",\"caption\":\"Alejandro Gabriel Rosito\"},\"url\":\"https:\\\/\\\/autofans.com.ar\\\/index.php\\\/author\\\/gabrielr\\\/\"}]}<\/script>\n<!-- \/ Yoast SEO plugin. -->","yoast_head_json":{"title":"Todas las novedades de Honda para el 2025 -","description":"Honda consolid\u00f3 su liderazgo al destacar en sus tres divisiones de negocio: Motocicletas, Autom\u00f3viles y Productos de Fuerza y Marine...","robots":{"index":"index","follow":"follow","max-snippet":"max-snippet:-1","max-image-preview":"max-image-preview:large","max-video-preview":"max-video-preview:-1"},"canonical":"https:\/\/autofans.com.ar\/index.php\/2024\/12\/20\/todas-las-novedades-de-honda-para-el-2025\/","og_locale":"es_ES","og_type":"article","og_title":"Todas las novedades de Honda para el 2025 -","og_description":"Honda consolid\u00f3 su liderazgo al destacar en sus tres divisiones de negocio: Motocicletas, Autom\u00f3viles y Productos de Fuerza y Marine...","og_url":"https:\/\/autofans.com.ar\/index.php\/2024\/12\/20\/todas-las-novedades-de-honda-para-el-2025\/","article_published_time":"2024-12-20T17:46:15+00:00","og_image":[{"width":1000,"height":667,"url":"https:\/\/autofans.com.ar\/wp-content\/uploads\/2024\/12\/honda-5.jpg","type":"image\/jpeg"}],"author":"Alejandro Gabriel Rosito","twitter_card":"summary_large_image","twitter_misc":{"Escrito por":"Alejandro Gabriel Rosito","Tiempo de lectura":"3 minutos"},"schema":{"@context":"https:\/\/schema.org","@graph":[{"@type":"Article","@id":"https:\/\/autofans.com.ar\/index.php\/2024\/12\/20\/todas-las-novedades-de-honda-para-el-2025\/#article","isPartOf":{"@id":"https:\/\/autofans.com.ar\/index.php\/2024\/12\/20\/todas-las-novedades-de-honda-para-el-2025\/"},"author":{"name":"Alejandro Gabriel Rosito","@id":"https:\/\/autofans.com.ar\/#\/schema\/person\/4a8dda0b6df83ac3d6723e921274c2aa"},"headline":"Todas las novedades de Honda para el 2025","datePublished":"2024-12-20T17:46:15+00:00","mainEntityOfPage":{"@id":"https:\/\/autofans.com.ar\/index.php\/2024\/12\/20\/todas-las-novedades-de-honda-para-el-2025\/"},"wordCount":554,"image":{"@id":"https:\/\/autofans.com.ar\/index.php\/2024\/12\/20\/todas-las-novedades-de-honda-para-el-2025\/#primaryimage"},"thumbnailUrl":"https:\/\/autofans.com.ar\/wp-content\/uploads\/2024\/12\/honda-5.jpg","keywords":["Autom\u00f3viles Honda","cuatriciclos Honda","herramientas el\u00e9ctricas Honda","Honda Accord e:HEV","Honda Argentina","Honda CR-V","Honda Marine","Honda Wave","industria nacional Honda","liderazgo Honda","Motocicletas Honda","productos de fuerza Honda"],"articleSection":["EMPRESAS","NOTICIAS"],"inLanguage":"es"},{"@type":"WebPage","@id":"https:\/\/autofans.com.ar\/index.php\/2024\/12\/20\/todas-las-novedades-de-honda-para-el-2025\/","url":"https:\/\/autofans.com.ar\/index.php\/2024\/12\/20\/todas-las-novedades-de-honda-para-el-2025\/","name":"Todas las novedades de Honda para el 2025 -","isPartOf":{"@id":"https:\/\/autofans.com.ar\/#website"},"primaryImageOfPage":{"@id":"https:\/\/autofans.com.ar\/index.php\/2024\/12\/20\/todas-las-novedades-de-honda-para-el-2025\/#primaryimage"},"image":{"@id":"https:\/\/autofans.com.ar\/index.php\/2024\/12\/20\/todas-las-novedades-de-honda-para-el-2025\/#primaryimage"},"thumbnailUrl":"https:\/\/autofans.com.ar\/wp-content\/uploads\/2024\/12\/honda-5.jpg","datePublished":"2024-12-20T17:46:15+00:00","author":{"@id":"https:\/\/autofans.com.ar\/#\/schema\/person\/4a8dda0b6df83ac3d6723e921274c2aa"},"description":"Honda consolid\u00f3 su liderazgo al destacar en sus tres divisiones de negocio: Motocicletas, Autom\u00f3viles y Productos de Fuerza y Marine...","breadcrumb":{"@id":"https:\/\/autofans.com.ar\/index.php\/2024\/12\/20\/todas-las-novedades-de-honda-para-el-2025\/#breadcrumb"},"inLanguage":"es","potentialAction":[{"@type":"ReadAction","target":["https:\/\/autofans.com.ar\/index.php\/2024\/12\/20\/todas-las-novedades-de-honda-para-el-2025\/"]}]},{"@type":"ImageObject","inLanguage":"es","@id":"https:\/\/autofans.com.ar\/index.php\/2024\/12\/20\/todas-las-novedades-de-honda-para-el-2025\/#primaryimage","url":"https:\/\/autofans.com.ar\/wp-content\/uploads\/2024\/12\/honda-5.jpg","contentUrl":"https:\/\/autofans.com.ar\/wp-content\/uploads\/2024\/12\/honda-5.jpg","width":1000,"height":667,"caption":"Honda"},{"@type":"BreadcrumbList","@id":"https:\/\/autofans.com.ar\/index.php\/2024\/12\/20\/todas-las-novedades-de-honda-para-el-2025\/#breadcrumb","itemListElement":[{"@type":"ListItem","position":1,"name":"Inicio","item":"https:\/\/autofans.com.ar\/"},{"@type":"ListItem","position":2,"name":"Todas las novedades de Honda para el 2025"}]},{"@type":"WebSite","@id":"https:\/\/autofans.com.ar\/#website","url":"https:\/\/autofans.com.ar\/","name":"","description":"El multimedio referente de la industria automotriz","potentialAction":[{"@type":"SearchAction","target":{"@type":"EntryPoint","urlTemplate":"https:\/\/autofans.com.ar\/?s={search_term_string}"},"query-input":{"@type":"PropertyValueSpecification","valueRequired":true,"valueName":"search_term_string"}}],"inLanguage":"es"},{"@type":"Person","@id":"https:\/\/autofans.com.ar\/#\/schema\/person\/4a8dda0b6df83ac3d6723e921274c2aa","name":"Alejandro Gabriel Rosito","image":{"@type":"ImageObject","inLanguage":"es","@id":"https:\/\/secure.gravatar.com\/avatar\/16c5dda1489adfc62618084dcbb91cffd879c374b13fe5dd8e44ed6733852c88?s=96&d=mm&r=g","url":"https:\/\/secure.gravatar.com\/avatar\/16c5dda1489adfc62618084dcbb91cffd879c374b13fe5dd8e44ed6733852c88?s=96&d=mm&r=g","contentUrl":"https:\/\/secure.gravatar.com\/avatar\/16c5dda1489adfc62618084dcbb91cffd879c374b13fe5dd8e44ed6733852c88?s=96&d=mm&r=g","caption":"Alejandro Gabriel Rosito"},"url":"https:\/\/autofans.com.ar\/index.php\/author\/gabrielr\/"}]}},"featured_image_urls":{"full":["https:\/\/autofans.com.ar\/wp-content\/uploads\/2024\/12\/honda-5.jpg",1000,667,false],"thumbnail":["https:\/\/autofans.com.ar\/wp-content\/uploads\/2024\/12\/honda-5-150x150.jpg",150,150,true],"medium":["https:\/\/autofans.com.ar\/wp-content\/uploads\/2024\/12\/honda-5-300x200.jpg",300,200,true],"medium_large":["https:\/\/autofans.com.ar\/wp-content\/uploads\/2024\/12\/honda-5-768x512.jpg",640,427,true],"large":["https:\/\/autofans.com.ar\/wp-content\/uploads\/2024\/12\/honda-5.jpg",640,427,false],"1536x1536":["https:\/\/autofans.com.ar\/wp-content\/uploads\/2024\/12\/honda-5.jpg",1000,667,false],"2048x2048":["https:\/\/autofans.com.ar\/wp-content\/uploads\/2024\/12\/honda-5.jpg",1000,667,false],"covernews-featured":["https:\/\/autofans.com.ar\/wp-content\/uploads\/2024\/12\/honda-5.jpg",1000,667,false],"covernews-medium":["https:\/\/autofans.com.ar\/wp-content\/uploads\/2024\/12\/honda-5-540x340.jpg",540,340,true]},"author_info":{"display_name":"Alejandro Gabriel Rosito","author_link":"https:\/\/autofans.com.ar\/index.php\/author\/gabrielr\/"},"category_info":"<a href=\"https:\/\/autofans.com.ar\/index.php\/category\/noticias\/empresas\/\" rel=\"category tag\">EMPRESAS<\/a> <a href=\"https:\/\/autofans.com.ar\/index.php\/category\/noticias\/\" rel=\"category tag\">NOTICIAS<\/a>","tag_info":"NOTICIAS","comment_count":0,"_links":{"self":[{"href":"https:\/\/autofans.com.ar\/index.php\/wp-json\/wp\/v2\/posts\/10364","targetHints":{"allow":["GET"]}}],"collection":[{"href":"https:\/\/autofans.com.ar\/index.php\/wp-json\/wp\/v2\/posts"}],"about":[{"href":"https:\/\/autofans.com.ar\/index.php\/wp-json\/wp\/v2\/types\/post"}],"author":[{"embeddable":true,"href":"https:\/\/autofans.com.ar\/index.php\/wp-json\/wp\/v2\/users\/2"}],"replies":[{"embeddable":true,"href":"https:\/\/autofans.com.ar\/index.php\/wp-json\/wp\/v2\/comments?post=10364"}],"version-history":[{"count":6,"href":"https:\/\/autofans.com.ar\/index.php\/wp-json\/wp\/v2\/posts\/10364\/revisions"}],"predecessor-version":[{"id":10389,"href":"https:\/\/autofans.com.ar\/index.php\/wp-json\/wp\/v2\/posts\/10364\/revisions\/10389"}],"wp:featuredmedia":[{"embeddable":true,"href":"https:\/\/autofans.com.ar\/index.php\/wp-json\/wp\/v2\/media\/10370"}],"wp:attachment":[{"href":"https:\/\/autofans.com.ar\/index.php\/wp-json\/wp\/v2\/media?parent=10364"}],"wp:term":[{"taxonomy":"category","embeddable":true,"href":"https:\/\/autofans.com.ar\/index.php\/wp-json\/wp\/v2\/categories?post=10364"},{"taxonomy":"post_tag","embeddable":true,"href":"https:\/\/autofans.com.ar\/index.php\/wp-json\/wp\/v2\/tags?post=10364"}],"curies":[{"name":"wp","href":"https:\/\/api.w.org\/{rel}","templated":true}]}}