{"id":104,"date":"2022-05-21T00:18:44","date_gmt":"2022-05-21T00:18:44","guid":{"rendered":"https:\/\/autofans.thebrandsoup.com\/?p=104"},"modified":"2023-02-16T00:26:40","modified_gmt":"2023-02-16T00:26:40","slug":"lanzamiento-del-renault-scenic-vision","status":"publish","type":"post","link":"https:\/\/autofans.com.ar\/index.php\/2022\/05\/21\/lanzamiento-del-renault-scenic-vision\/","title":{"rendered":"LANZAMIENTO DEL RENAULT SC\u00c9NIC VISION"},"content":{"rendered":"<p>A trav\u00e9s de su \u2018Raz\u00f3n de Ser\u2019, su estrategia ESG y el lanzamiento del plan estrat\u00e9gico Renaulution, Renault Group y sus marcas han iniciado una gran transformaci\u00f3n para pasar de la carrera por el volumen a la creaci\u00f3n de valor, tanto econ\u00f3mico y medioambiental como social, con objeto de alcanzar la neutralidad de carbono en Europa a partir de 2040 y en todo el mundo en 2050.<\/p>\n<p>Para contribuir a la consecuci\u00f3n de estos objetivos, Renault ha presentado su nuevo concept-car Sc\u00e9nic Vision en la cumbre ChangeNOW de Par\u00eds. Encarna el compromiso de Renault con el desarrollo sostenible y refleja el plan de la marca para descarbonizar todo su ciclo de vida.<\/p>\n<p>&nbsp;<\/p>\n<h2>\u00danico, singular, plural: un concept-car innovador<\/h2>\n<p>Renault escribe un nuevo cap\u00edtulo de su historia con un concept-car innovador, tanto precursor como visionario. Su aspecto exterior anticipa el veh\u00edculo familiar del futuro, 100 % el\u00e9ctrico, de la gama Renault. En el interior y en el sentido tecnol\u00f3gico, este autom\u00f3vil invita a viajar a otra \u00e9poca, a un futuro en que las tecnolog\u00edas e innovaciones estar\u00e1n al servicio de un mundo m\u00e1s sostenible y respetuoso con el medio ambiente y las personas.<\/p>\n<blockquote>\n<p style=\"text-align: left;\">\u00abTodos nuestros compromisos corporativos no son suficientes si no los aplicamos a nuestros veh\u00edculos. Por eso he pedido a los equipos de Renault que dise\u00f1en el primer concept-car que encarna plenamente nuestra nueva estrategia ESG y sus tres pilares: medio ambiente, seguridad e inclusi\u00f3n. Lo hemos llamado Sc\u00e9nic Vision. Sc\u00e9nic, como nuestro ic\u00f3nico \u00abveh\u00edculo para vivir\u00bb, y Vision porque corresponde a las nuevas expectativas de la gente\u00bb. declara\u00a0Luca de Meo, CEO de Renault Group y de la marca Renault.<\/p>\n<\/blockquote>\n<p>El concept-car Sc\u00e9nic Vision dibuja una nueva trayectoria de la movilidad, m\u00e1s sostenible, segura e inclusiva al mismo tiempo. De manera visionaria y exploratoria, materializa las perspectivas tecnol\u00f3gicas m\u00e1s avanzadas en materia de descarbonizaci\u00f3n y refleja los tres pilares de la estrategia de desarrollo sostenible de Renault Group: medio ambiente, seguridad e inclusi\u00f3n.<\/p>\n<ul>\n<li>El dise\u00f1o ecol\u00f3gico de Renault Sc\u00e9nic Vision y sus innovaciones en materia de econom\u00eda circular, incluyendo m\u00e1s del 70% de materiales reciclados (varios circuitos cerrados) y con un 95% de materiales reciclables, contribuyen de forma directa a preservar los recursos.<\/li>\n<li>Su motor h\u00edbrido, alimentado por electricidad e hidr\u00f3geno a la vez, pretende reducir el tiempo de parada destinado a la recarga energ\u00e9tica, disminuyendo tambi\u00e9n su huella de carbono, incluida la de la bater\u00eda. El concept-car registra cero emisiones en su fabricaci\u00f3n y en el escape, y reduce en un 75% su huella de carbono con respecto a un veh\u00edculo el\u00e9ctrico convencional.<\/li>\n<li>Las tecnolog\u00edas integradas ofrecen una seguridad reforzada para el conductor y los pasajeros, permitiendo reducir la cifra de accidentes hasta en un 70 %. Este concept-car refleja tambi\u00e9n la voluntad de los equipos de crear un autom\u00f3vil \u00fanico, adaptado a todos situando la accesibilidad en el centro de su concepci\u00f3n<\/li>\n<\/ul>\n<blockquote><p>\u00abEl concept-car Sc\u00e9nic Vision encarna la transformaci\u00f3n de Renaulution hacia una empresa m\u00e1s ecol\u00f3gica y tecnol\u00f3gica, centrada en los datos, la energ\u00eda y los servicios. Abarca los retos del clima, la conservaci\u00f3n de los recursos, la salud y seguridad de los usuarios y la accesibilidad. Abre un nuevo cap\u00edtulo en el desarrollo de nuestros veh\u00edculos, pensado desde el dise\u00f1o hasta el final de su vida \u00fatil, de forma ecosist\u00e9mica. Adem\u00e1s de ser un objeto de dise\u00f1o, es una serie de objetivos que el Grupo se ha fijado y que se ir\u00e1n introduciendo progresivamente en las pr\u00f3ximas generaciones de veh\u00edculos\u00bb, declara\u00a0Cl\u00e9a Martinet, Directora de Desarrollo Sostenible de Renault Group.<\/p><\/blockquote>\n<p>&nbsp;<\/p>\n<h2>Un dise\u00f1o que prepara el terreno para nuevas perspectivas<\/h2>\n<p>El concept-car Renault Sc\u00e9nic Vision, materializaci\u00f3n de Renaulution y reflejo de la Nouvelle Vague de la marca Renault, es fruto de un ejercicio minucioso de dise\u00f1o y decisiones est\u00e9ticas. Su dise\u00f1o anticipa perspectivas futuras para la gama de veh\u00edculos Renault. El exterior muestra las formas y el estilo de un nuevo modelo familiar, que se comercializar\u00e1 en 2024. Su dise\u00f1o interior es un estudio prospectivo de los futuros habit\u00e1culos de Renault. Su motor h\u00edbrido, alimentado por electricidad e hidr\u00f3geno al mismo tiempo, refleja la voluntad de Renault de encontrar respuestas a todos los usos y forma parte de una visi\u00f3n de futuro que va m\u00e1s all\u00e1 de 2030. Este dise\u00f1o prepara el terreno para nuevas perspectivas, la perspectiva de un mundo en que los veh\u00edculos y los humanos converjan hacia los mismos valores de una movilidad m\u00e1s sostenible.<\/p>\n<blockquote>\n<p style=\"text-align: left;\">\u00abSc\u00e9nic Vision representa un nuevo cap\u00edtulo en la historia de Renault Group y de la marca. El concepto adelanta el dise\u00f1o exterior del nuevo modelo Sc\u00e9nic 100% el\u00e9ctrico para 2024 y el nuevo lenguaje de dise\u00f1o de Renault. El dise\u00f1o interior es un estudio prospectivo de los futuros interiores de Renault. Sc\u00e9nic Vision ofrece una serie de tecnolog\u00edas e innovaciones para una movilidad m\u00e1s sostenible\u00bb, declara Gilles Vidal, Director de Dise\u00f1o de Renault.<\/p>\n<\/blockquote>\n<p>&nbsp;<\/p>\n<p><span style=\"color: #ff9900;\"><span style=\"color: #dbdbdb;\"><em>Para enterarte de m\u00e1s novedades, no dejes de ver<\/em><\/span><strong><em> <a style=\"color: #ff9900;\" href=\"https:\/\/www.youtube.com\/channel\/UCgAC8UGHZYbT6P7PpmVnP7g\" target=\"_blank\" rel=\"noopener\"><span style=\"color: #00ccff;\"><span style=\"color: #3366ff;\">AUTOFANS TV<\/span><\/span><\/a> <\/em><\/strong><span style=\"color: #dbdbdb;\"><em>en nuestro<\/em><\/span><em><span style=\"color: #dbdbdb;\"> canal de Youtube. Adem\u00e1s seguinos en<\/span> <span style=\"color: #3366ff;\"><a style=\"color: #3366ff;\" href=\"https:\/\/www.instagram.com\/autofanstv\/\" target=\"_blank\" rel=\"noopener\">INSTAGRAM<\/a> <\/span><span style=\"color: #dbdbdb;\">y <span style=\"color: #3366ff;\">FACEBOOK<\/span> para no perderte nada sobre las novedades del segmento automotor de Argentina y el mundo.<\/span><\/em><\/span><\/p>\n","protected":false},"excerpt":{"rendered":"<p>A trav\u00e9s de su \u2018Raz\u00f3n de Ser\u2019, su estrategia ESG y el lanzamiento del plan&#8230;<\/p>\n","protected":false},"author":1,"featured_media":106,"comment_status":"open","ping_status":"open","sticky":false,"template":"","format":"standard","meta":{"footnotes":""},"categories":[8,1],"tags":[],"class_list":["post-104","post","type-post","status-publish","format-standard","has-post-thumbnail","hentry","category-autos-y-suv","category-lanzamientos"],"yoast_head":"<!-- This site is optimized with the Yoast SEO plugin v27.5 - https:\/\/yoast.com\/product\/yoast-seo-wordpress\/ -->\n<title>LANZAMIENTO DEL RENAULT SC\u00c9NIC VISION -<\/title>\n<meta name=\"description\" content=\"Renault escribe un nuevo cap\u00edtulo de su historia con un concept-car innovador, tanto precursor como visionario...\" \/>\n<meta name=\"robots\" content=\"index, follow, max-snippet:-1, max-image-preview:large, max-video-preview:-1\" \/>\n<link rel=\"canonical\" href=\"https:\/\/autofans.com.ar\/index.php\/2022\/05\/21\/lanzamiento-del-renault-scenic-vision\/\" \/>\n<meta property=\"og:locale\" content=\"es_ES\" \/>\n<meta property=\"og:type\" content=\"article\" \/>\n<meta property=\"og:title\" content=\"LANZAMIENTO DEL RENAULT SC\u00c9NIC VISION -\" \/>\n<meta property=\"og:description\" content=\"Renault escribe un nuevo cap\u00edtulo de su historia con un concept-car innovador, tanto precursor como visionario...\" \/>\n<meta property=\"og:url\" content=\"https:\/\/autofans.com.ar\/index.php\/2022\/05\/21\/lanzamiento-del-renault-scenic-vision\/\" \/>\n<meta property=\"article:published_time\" content=\"2022-05-21T00:18:44+00:00\" \/>\n<meta property=\"article:modified_time\" content=\"2023-02-16T00:26:40+00:00\" \/>\n<meta property=\"og:image\" content=\"https:\/\/autofans.com.ar\/wp-content\/uploads\/2023\/02\/LANZAMIENTO-DEL-RENAULT-SCENIC-VISION-2.jpeg\" \/>\n\t<meta property=\"og:image:width\" content=\"600\" \/>\n\t<meta property=\"og:image:height\" content=\"400\" \/>\n\t<meta property=\"og:image:type\" content=\"image\/jpeg\" \/>\n<meta name=\"author\" content=\"AleCAF\" \/>\n<meta name=\"twitter:card\" content=\"summary_large_image\" \/>\n<meta name=\"twitter:label1\" content=\"Escrito por\" \/>\n\t<meta name=\"twitter:data1\" content=\"AleCAF\" \/>\n\t<meta name=\"twitter:label2\" content=\"Tiempo de lectura\" \/>\n\t<meta name=\"twitter:data2\" content=\"4 minutos\" \/>\n<script type=\"application\/ld+json\" class=\"yoast-schema-graph\">{\"@context\":\"https:\\\/\\\/schema.org\",\"@graph\":[{\"@type\":\"Article\",\"@id\":\"https:\\\/\\\/autofans.com.ar\\\/index.php\\\/2022\\\/05\\\/21\\\/lanzamiento-del-renault-scenic-vision\\\/#article\",\"isPartOf\":{\"@id\":\"https:\\\/\\\/autofans.com.ar\\\/index.php\\\/2022\\\/05\\\/21\\\/lanzamiento-del-renault-scenic-vision\\\/\"},\"author\":{\"name\":\"AleCAF\",\"@id\":\"https:\\\/\\\/autofans.com.ar\\\/#\\\/schema\\\/person\\\/4f260a29da3cfebb7f29121591a73481\"},\"headline\":\"LANZAMIENTO DEL RENAULT SC\u00c9NIC VISION\",\"datePublished\":\"2022-05-21T00:18:44+00:00\",\"dateModified\":\"2023-02-16T00:26:40+00:00\",\"mainEntityOfPage\":{\"@id\":\"https:\\\/\\\/autofans.com.ar\\\/index.php\\\/2022\\\/05\\\/21\\\/lanzamiento-del-renault-scenic-vision\\\/\"},\"wordCount\":931,\"commentCount\":0,\"image\":{\"@id\":\"https:\\\/\\\/autofans.com.ar\\\/index.php\\\/2022\\\/05\\\/21\\\/lanzamiento-del-renault-scenic-vision\\\/#primaryimage\"},\"thumbnailUrl\":\"https:\\\/\\\/autofans.com.ar\\\/wp-content\\\/uploads\\\/2023\\\/02\\\/LANZAMIENTO-DEL-RENAULT-SCENIC-VISION-2.jpeg\",\"articleSection\":[\"Autos y SUV\",\"LANZAMIENTOS\"],\"inLanguage\":\"es\"},{\"@type\":\"WebPage\",\"@id\":\"https:\\\/\\\/autofans.com.ar\\\/index.php\\\/2022\\\/05\\\/21\\\/lanzamiento-del-renault-scenic-vision\\\/\",\"url\":\"https:\\\/\\\/autofans.com.ar\\\/index.php\\\/2022\\\/05\\\/21\\\/lanzamiento-del-renault-scenic-vision\\\/\",\"name\":\"LANZAMIENTO DEL RENAULT SC\u00c9NIC VISION -\",\"isPartOf\":{\"@id\":\"https:\\\/\\\/autofans.com.ar\\\/#website\"},\"primaryImageOfPage\":{\"@id\":\"https:\\\/\\\/autofans.com.ar\\\/index.php\\\/2022\\\/05\\\/21\\\/lanzamiento-del-renault-scenic-vision\\\/#primaryimage\"},\"image\":{\"@id\":\"https:\\\/\\\/autofans.com.ar\\\/index.php\\\/2022\\\/05\\\/21\\\/lanzamiento-del-renault-scenic-vision\\\/#primaryimage\"},\"thumbnailUrl\":\"https:\\\/\\\/autofans.com.ar\\\/wp-content\\\/uploads\\\/2023\\\/02\\\/LANZAMIENTO-DEL-RENAULT-SCENIC-VISION-2.jpeg\",\"datePublished\":\"2022-05-21T00:18:44+00:00\",\"dateModified\":\"2023-02-16T00:26:40+00:00\",\"author\":{\"@id\":\"https:\\\/\\\/autofans.com.ar\\\/#\\\/schema\\\/person\\\/4f260a29da3cfebb7f29121591a73481\"},\"description\":\"Renault escribe un nuevo cap\u00edtulo de su historia con un concept-car innovador, tanto precursor como visionario...\",\"breadcrumb\":{\"@id\":\"https:\\\/\\\/autofans.com.ar\\\/index.php\\\/2022\\\/05\\\/21\\\/lanzamiento-del-renault-scenic-vision\\\/#breadcrumb\"},\"inLanguage\":\"es\",\"potentialAction\":[{\"@type\":\"ReadAction\",\"target\":[\"https:\\\/\\\/autofans.com.ar\\\/index.php\\\/2022\\\/05\\\/21\\\/lanzamiento-del-renault-scenic-vision\\\/\"]}]},{\"@type\":\"ImageObject\",\"inLanguage\":\"es\",\"@id\":\"https:\\\/\\\/autofans.com.ar\\\/index.php\\\/2022\\\/05\\\/21\\\/lanzamiento-del-renault-scenic-vision\\\/#primaryimage\",\"url\":\"https:\\\/\\\/autofans.com.ar\\\/wp-content\\\/uploads\\\/2023\\\/02\\\/LANZAMIENTO-DEL-RENAULT-SCENIC-VISION-2.jpeg\",\"contentUrl\":\"https:\\\/\\\/autofans.com.ar\\\/wp-content\\\/uploads\\\/2023\\\/02\\\/LANZAMIENTO-DEL-RENAULT-SCENIC-VISION-2.jpeg\",\"width\":600,\"height\":400,\"caption\":\"LANZAMIENTO DEL RENAULT SC\u00c9NIC VISION\"},{\"@type\":\"BreadcrumbList\",\"@id\":\"https:\\\/\\\/autofans.com.ar\\\/index.php\\\/2022\\\/05\\\/21\\\/lanzamiento-del-renault-scenic-vision\\\/#breadcrumb\",\"itemListElement\":[{\"@type\":\"ListItem\",\"position\":1,\"name\":\"Inicio\",\"item\":\"https:\\\/\\\/autofans.com.ar\\\/\"},{\"@type\":\"ListItem\",\"position\":2,\"name\":\"LANZAMIENTO DEL RENAULT SC\u00c9NIC VISION\"}]},{\"@type\":\"WebSite\",\"@id\":\"https:\\\/\\\/autofans.com.ar\\\/#website\",\"url\":\"https:\\\/\\\/autofans.com.ar\\\/\",\"name\":\"\",\"description\":\"El multimedio referente de la industria automotriz\",\"potentialAction\":[{\"@type\":\"SearchAction\",\"target\":{\"@type\":\"EntryPoint\",\"urlTemplate\":\"https:\\\/\\\/autofans.com.ar\\\/?s={search_term_string}\"},\"query-input\":{\"@type\":\"PropertyValueSpecification\",\"valueRequired\":true,\"valueName\":\"search_term_string\"}}],\"inLanguage\":\"es\"},{\"@type\":\"Person\",\"@id\":\"https:\\\/\\\/autofans.com.ar\\\/#\\\/schema\\\/person\\\/4f260a29da3cfebb7f29121591a73481\",\"name\":\"AleCAF\",\"image\":{\"@type\":\"ImageObject\",\"inLanguage\":\"es\",\"@id\":\"https:\\\/\\\/secure.gravatar.com\\\/avatar\\\/959b1ac26ee9dfc67318763f0a21a739fce256ee110a46fe86a2957f5568f27e?s=96&d=mm&r=g\",\"url\":\"https:\\\/\\\/secure.gravatar.com\\\/avatar\\\/959b1ac26ee9dfc67318763f0a21a739fce256ee110a46fe86a2957f5568f27e?s=96&d=mm&r=g\",\"contentUrl\":\"https:\\\/\\\/secure.gravatar.com\\\/avatar\\\/959b1ac26ee9dfc67318763f0a21a739fce256ee110a46fe86a2957f5568f27e?s=96&d=mm&r=g\",\"caption\":\"AleCAF\"},\"description\":\"Se trata del sitio web del multimedio Autofans, dedicado a informar las novedades y tendencias del segmento automotor nacional e internacional. El multimedio est\u00e1 conformado por Autofans web, Autofans TV (Programa), Youtube, Intagram y Facebook\",\"sameAs\":[\"https:\\\/\\\/autofans.com.ar\"],\"url\":\"https:\\\/\\\/autofans.com.ar\\\/index.php\\\/author\\\/alecampolieto\\\/\"}]}<\/script>\n<!-- \/ Yoast SEO plugin. -->","yoast_head_json":{"title":"LANZAMIENTO DEL RENAULT SC\u00c9NIC VISION -","description":"Renault escribe un nuevo cap\u00edtulo de su historia con un concept-car innovador, tanto precursor como visionario...","robots":{"index":"index","follow":"follow","max-snippet":"max-snippet:-1","max-image-preview":"max-image-preview:large","max-video-preview":"max-video-preview:-1"},"canonical":"https:\/\/autofans.com.ar\/index.php\/2022\/05\/21\/lanzamiento-del-renault-scenic-vision\/","og_locale":"es_ES","og_type":"article","og_title":"LANZAMIENTO DEL RENAULT SC\u00c9NIC VISION -","og_description":"Renault escribe un nuevo cap\u00edtulo de su historia con un concept-car innovador, tanto precursor como visionario...","og_url":"https:\/\/autofans.com.ar\/index.php\/2022\/05\/21\/lanzamiento-del-renault-scenic-vision\/","article_published_time":"2022-05-21T00:18:44+00:00","article_modified_time":"2023-02-16T00:26:40+00:00","og_image":[{"width":600,"height":400,"url":"https:\/\/autofans.com.ar\/wp-content\/uploads\/2023\/02\/LANZAMIENTO-DEL-RENAULT-SCENIC-VISION-2.jpeg","type":"image\/jpeg"}],"author":"AleCAF","twitter_card":"summary_large_image","twitter_misc":{"Escrito por":"AleCAF","Tiempo de lectura":"4 minutos"},"schema":{"@context":"https:\/\/schema.org","@graph":[{"@type":"Article","@id":"https:\/\/autofans.com.ar\/index.php\/2022\/05\/21\/lanzamiento-del-renault-scenic-vision\/#article","isPartOf":{"@id":"https:\/\/autofans.com.ar\/index.php\/2022\/05\/21\/lanzamiento-del-renault-scenic-vision\/"},"author":{"name":"AleCAF","@id":"https:\/\/autofans.com.ar\/#\/schema\/person\/4f260a29da3cfebb7f29121591a73481"},"headline":"LANZAMIENTO DEL RENAULT SC\u00c9NIC VISION","datePublished":"2022-05-21T00:18:44+00:00","dateModified":"2023-02-16T00:26:40+00:00","mainEntityOfPage":{"@id":"https:\/\/autofans.com.ar\/index.php\/2022\/05\/21\/lanzamiento-del-renault-scenic-vision\/"},"wordCount":931,"commentCount":0,"image":{"@id":"https:\/\/autofans.com.ar\/index.php\/2022\/05\/21\/lanzamiento-del-renault-scenic-vision\/#primaryimage"},"thumbnailUrl":"https:\/\/autofans.com.ar\/wp-content\/uploads\/2023\/02\/LANZAMIENTO-DEL-RENAULT-SCENIC-VISION-2.jpeg","articleSection":["Autos y SUV","LANZAMIENTOS"],"inLanguage":"es"},{"@type":"WebPage","@id":"https:\/\/autofans.com.ar\/index.php\/2022\/05\/21\/lanzamiento-del-renault-scenic-vision\/","url":"https:\/\/autofans.com.ar\/index.php\/2022\/05\/21\/lanzamiento-del-renault-scenic-vision\/","name":"LANZAMIENTO DEL RENAULT SC\u00c9NIC VISION -","isPartOf":{"@id":"https:\/\/autofans.com.ar\/#website"},"primaryImageOfPage":{"@id":"https:\/\/autofans.com.ar\/index.php\/2022\/05\/21\/lanzamiento-del-renault-scenic-vision\/#primaryimage"},"image":{"@id":"https:\/\/autofans.com.ar\/index.php\/2022\/05\/21\/lanzamiento-del-renault-scenic-vision\/#primaryimage"},"thumbnailUrl":"https:\/\/autofans.com.ar\/wp-content\/uploads\/2023\/02\/LANZAMIENTO-DEL-RENAULT-SCENIC-VISION-2.jpeg","datePublished":"2022-05-21T00:18:44+00:00","dateModified":"2023-02-16T00:26:40+00:00","author":{"@id":"https:\/\/autofans.com.ar\/#\/schema\/person\/4f260a29da3cfebb7f29121591a73481"},"description":"Renault escribe un nuevo cap\u00edtulo de su historia con un concept-car innovador, tanto precursor como visionario...","breadcrumb":{"@id":"https:\/\/autofans.com.ar\/index.php\/2022\/05\/21\/lanzamiento-del-renault-scenic-vision\/#breadcrumb"},"inLanguage":"es","potentialAction":[{"@type":"ReadAction","target":["https:\/\/autofans.com.ar\/index.php\/2022\/05\/21\/lanzamiento-del-renault-scenic-vision\/"]}]},{"@type":"ImageObject","inLanguage":"es","@id":"https:\/\/autofans.com.ar\/index.php\/2022\/05\/21\/lanzamiento-del-renault-scenic-vision\/#primaryimage","url":"https:\/\/autofans.com.ar\/wp-content\/uploads\/2023\/02\/LANZAMIENTO-DEL-RENAULT-SCENIC-VISION-2.jpeg","contentUrl":"https:\/\/autofans.com.ar\/wp-content\/uploads\/2023\/02\/LANZAMIENTO-DEL-RENAULT-SCENIC-VISION-2.jpeg","width":600,"height":400,"caption":"LANZAMIENTO DEL RENAULT SC\u00c9NIC VISION"},{"@type":"BreadcrumbList","@id":"https:\/\/autofans.com.ar\/index.php\/2022\/05\/21\/lanzamiento-del-renault-scenic-vision\/#breadcrumb","itemListElement":[{"@type":"ListItem","position":1,"name":"Inicio","item":"https:\/\/autofans.com.ar\/"},{"@type":"ListItem","position":2,"name":"LANZAMIENTO DEL RENAULT SC\u00c9NIC VISION"}]},{"@type":"WebSite","@id":"https:\/\/autofans.com.ar\/#website","url":"https:\/\/autofans.com.ar\/","name":"","description":"El multimedio referente de la industria automotriz","potentialAction":[{"@type":"SearchAction","target":{"@type":"EntryPoint","urlTemplate":"https:\/\/autofans.com.ar\/?s={search_term_string}"},"query-input":{"@type":"PropertyValueSpecification","valueRequired":true,"valueName":"search_term_string"}}],"inLanguage":"es"},{"@type":"Person","@id":"https:\/\/autofans.com.ar\/#\/schema\/person\/4f260a29da3cfebb7f29121591a73481","name":"AleCAF","image":{"@type":"ImageObject","inLanguage":"es","@id":"https:\/\/secure.gravatar.com\/avatar\/959b1ac26ee9dfc67318763f0a21a739fce256ee110a46fe86a2957f5568f27e?s=96&d=mm&r=g","url":"https:\/\/secure.gravatar.com\/avatar\/959b1ac26ee9dfc67318763f0a21a739fce256ee110a46fe86a2957f5568f27e?s=96&d=mm&r=g","contentUrl":"https:\/\/secure.gravatar.com\/avatar\/959b1ac26ee9dfc67318763f0a21a739fce256ee110a46fe86a2957f5568f27e?s=96&d=mm&r=g","caption":"AleCAF"},"description":"Se trata del sitio web del multimedio Autofans, dedicado a informar las novedades y tendencias del segmento automotor nacional e internacional. El multimedio est\u00e1 conformado por Autofans web, Autofans TV (Programa), Youtube, Intagram y Facebook","sameAs":["https:\/\/autofans.com.ar"],"url":"https:\/\/autofans.com.ar\/index.php\/author\/alecampolieto\/"}]}},"featured_image_urls":{"full":["https:\/\/autofans.com.ar\/wp-content\/uploads\/2023\/02\/LANZAMIENTO-DEL-RENAULT-SCENIC-VISION-2.jpeg",600,400,false],"thumbnail":["https:\/\/autofans.com.ar\/wp-content\/uploads\/2023\/02\/LANZAMIENTO-DEL-RENAULT-SCENIC-VISION-2-150x150.jpeg",150,150,true],"medium":["https:\/\/autofans.com.ar\/wp-content\/uploads\/2023\/02\/LANZAMIENTO-DEL-RENAULT-SCENIC-VISION-2-300x200.jpeg",300,200,true],"medium_large":["https:\/\/autofans.com.ar\/wp-content\/uploads\/2023\/02\/LANZAMIENTO-DEL-RENAULT-SCENIC-VISION-2.jpeg",600,400,false],"large":["https:\/\/autofans.com.ar\/wp-content\/uploads\/2023\/02\/LANZAMIENTO-DEL-RENAULT-SCENIC-VISION-2.jpeg",600,400,false],"1536x1536":["https:\/\/autofans.com.ar\/wp-content\/uploads\/2023\/02\/LANZAMIENTO-DEL-RENAULT-SCENIC-VISION-2.jpeg",600,400,false],"2048x2048":["https:\/\/autofans.com.ar\/wp-content\/uploads\/2023\/02\/LANZAMIENTO-DEL-RENAULT-SCENIC-VISION-2.jpeg",600,400,false],"covernews-featured":["https:\/\/autofans.com.ar\/wp-content\/uploads\/2023\/02\/LANZAMIENTO-DEL-RENAULT-SCENIC-VISION-2.jpeg",600,400,false],"covernews-medium":["https:\/\/autofans.com.ar\/wp-content\/uploads\/2023\/02\/LANZAMIENTO-DEL-RENAULT-SCENIC-VISION-2-540x340.jpeg",540,340,true]},"author_info":{"display_name":"AleCAF","author_link":"https:\/\/autofans.com.ar\/index.php\/author\/alecampolieto\/"},"category_info":"<a href=\"https:\/\/autofans.com.ar\/index.php\/category\/lanzamientos\/autos-y-suv\/\" rel=\"category tag\">Autos y SUV<\/a> <a href=\"https:\/\/autofans.com.ar\/index.php\/category\/lanzamientos\/\" rel=\"category tag\">LANZAMIENTOS<\/a>","tag_info":"LANZAMIENTOS","comment_count":0,"_links":{"self":[{"href":"https:\/\/autofans.com.ar\/index.php\/wp-json\/wp\/v2\/posts\/104","targetHints":{"allow":["GET"]}}],"collection":[{"href":"https:\/\/autofans.com.ar\/index.php\/wp-json\/wp\/v2\/posts"}],"about":[{"href":"https:\/\/autofans.com.ar\/index.php\/wp-json\/wp\/v2\/types\/post"}],"author":[{"embeddable":true,"href":"https:\/\/autofans.com.ar\/index.php\/wp-json\/wp\/v2\/users\/1"}],"replies":[{"embeddable":true,"href":"https:\/\/autofans.com.ar\/index.php\/wp-json\/wp\/v2\/comments?post=104"}],"version-history":[{"count":1,"href":"https:\/\/autofans.com.ar\/index.php\/wp-json\/wp\/v2\/posts\/104\/revisions"}],"predecessor-version":[{"id":107,"href":"https:\/\/autofans.com.ar\/index.php\/wp-json\/wp\/v2\/posts\/104\/revisions\/107"}],"wp:featuredmedia":[{"embeddable":true,"href":"https:\/\/autofans.com.ar\/index.php\/wp-json\/wp\/v2\/media\/106"}],"wp:attachment":[{"href":"https:\/\/autofans.com.ar\/index.php\/wp-json\/wp\/v2\/media?parent=104"}],"wp:term":[{"taxonomy":"category","embeddable":true,"href":"https:\/\/autofans.com.ar\/index.php\/wp-json\/wp\/v2\/categories?post=104"},{"taxonomy":"post_tag","embeddable":true,"href":"https:\/\/autofans.com.ar\/index.php\/wp-json\/wp\/v2\/tags?post=104"}],"curies":[{"name":"wp","href":"https:\/\/api.w.org\/{rel}","templated":true}]}}