{"id":10416,"date":"2024-12-26T13:07:55","date_gmt":"2024-12-26T16:07:55","guid":{"rendered":"https:\/\/autofans.com.ar\/?p=10416"},"modified":"2024-12-26T13:07:55","modified_gmt":"2024-12-26T16:07:55","slug":"sebastian-figueroa-regresa-a-scania-argentina-como-ceo","status":"publish","type":"post","link":"https:\/\/autofans.com.ar\/index.php\/2024\/12\/26\/sebastian-figueroa-regresa-a-scania-argentina-como-ceo\/","title":{"rendered":"Sebasti\u00e1n Figueroa regresa a Scania Argentina como CEO"},"content":{"rendered":"<p>Scania Argentina confirm\u00f3 que, a partir del 1\u00b0 de enero de 2025, Sebasti\u00e1n Figueroa asumir\u00e1 como CEO de la compa\u00f1\u00eda. Argentino y con casi tres d\u00e9cadas de trayectoria en Scania, Figueroa regresa al pa\u00eds con el objetivo de fortalecer el liderazgo de la marca en el mercado local y continuar su apuesta por la innovaci\u00f3n y la sustentabilidad.<\/p>\n<p>&nbsp;<\/p>\n<h2>Una trayectoria de liderazgo global<\/h2>\n<p>Figueroa comenz\u00f3 su carrera en Scania en 1995 en el departamento de Ventas de Scania Argentina. Desde entonces, ocup\u00f3 roles clave como director de la red de concesionarios del pa\u00eds y director de ventas y marketing para Argentina y Uruguay. Su experiencia internacional incluye liderar Scania Chile desde 2014 y, m\u00e1s recientemente, ser el director general de Scania Ib\u00e9rica, gestionando los mercados de Espa\u00f1a y Portugal.<\/p>\n<p>&nbsp;<\/p>\n<p><img fetchpriority=\"high\" decoding=\"async\" class=\"aligncenter wp-image-10418 size-full\" src=\"https:\/\/autofans.com.ar\/wp-content\/uploads\/2024\/12\/scania-2-1.jpg\" alt=\"Scania Argentina\" width=\"1000\" height=\"667\" srcset=\"https:\/\/autofans.com.ar\/wp-content\/uploads\/2024\/12\/scania-2-1.jpg 1000w, https:\/\/autofans.com.ar\/wp-content\/uploads\/2024\/12\/scania-2-1-300x200.jpg 300w, https:\/\/autofans.com.ar\/wp-content\/uploads\/2024\/12\/scania-2-1-768x512.jpg 768w\" sizes=\"(max-width: 1000px) 100vw, 1000px\" \/><\/p>\n<p>&nbsp;<\/p>\n<p>Con una licenciatura en comercializaci\u00f3n y un posgrado en finanzas, Figueroa aporta una s\u00f3lida formaci\u00f3n acad\u00e9mica y una visi\u00f3n estrat\u00e9gica que combina el conocimiento local con su experiencia global. Su designaci\u00f3n representa una oportunidad para continuar posicionando a Scania como un referente en transporte sustentable y desarrollo tecnol\u00f3gico en Argentina.<\/p>\n<p>&nbsp;<\/p>\n<blockquote>\n<p style=\"text-align: center;\">\u201cEs un honor para m\u00ed asumir esta nueva posici\u00f3n dentro de Scania, una empresa que ha sido parte de mi vida profesional durante tantos a\u00f1os. Estoy entusiasmado por liderar las operaciones en Argentina, mi pa\u00eds, junto a un equipo comprometido con ofrecer soluciones de transporte m\u00e1s sustentables, que responden a las necesidades de nuestros clientes en un mercado tan prometedor, impulsando la excelencia y la innovaci\u00f3n\u201d, coment\u00f3 Sebasti\u00e1n Figueroa.<\/p>\n<\/blockquote>\n<p>&nbsp;<\/p>\n<h2>Scania Argentina &#8211; nuevos desaf\u00edos en la regi\u00f3n<\/h2>\n<p>El liderazgo en Brasil tambi\u00e9n ser\u00e1 reforzado con Oscar Jaern, quien asumir\u00e1 la direcci\u00f3n de Scania Banco. Con m\u00e1s de 22 a\u00f1os en la compa\u00f1\u00eda, Jaern tendr\u00e1 la misi\u00f3n de potenciar las operaciones financieras de la marca en uno de los mercados m\u00e1s relevantes de la regi\u00f3n.<\/p>\n<p>&nbsp;<\/p>\n<p><img decoding=\"async\" class=\"aligncenter wp-image-10419 size-full\" src=\"https:\/\/autofans.com.ar\/wp-content\/uploads\/2024\/12\/scania-1-1.jpg\" alt=\"Scania Argentina\" width=\"1000\" height=\"667\" srcset=\"https:\/\/autofans.com.ar\/wp-content\/uploads\/2024\/12\/scania-1-1.jpg 1000w, https:\/\/autofans.com.ar\/wp-content\/uploads\/2024\/12\/scania-1-1-300x200.jpg 300w, https:\/\/autofans.com.ar\/wp-content\/uploads\/2024\/12\/scania-1-1-768x512.jpg 768w\" sizes=\"(max-width: 1000px) 100vw, 1000px\" \/><\/p>\n<p>&nbsp;<\/p>\n<p>Scania reafirma su enfoque en la innovaci\u00f3n y el desarrollo de talento, pilares fundamentales de su estrategia en todos los mercados donde opera. La incorporaci\u00f3n de Figueroa al frente de Scania Argentina refuerza el compromiso de la empresa con el crecimiento sostenible y la excelencia operativa.<\/p>\n<p>&nbsp;<\/p>\n<p>&nbsp;<\/p>\n<p>&nbsp;<\/p>\n<p><i>Para enterarte de m\u00e1s novedades, no dejes de leer\u00a0<\/i><a href=\"https:\/\/autofans.thebrandsoup.com\/\"><i>nuestras notas<\/i><\/a><i>, de ver<\/i><b><i>\u00a0<\/i><\/b><a href=\"https:\/\/www.youtube.com\/channel\/UCgAC8UGHZYbT6P7PpmVnP7g\"><b><i>AUTOFANS TV<\/i><\/b><\/a><b><i>\u00a0<\/i><\/b><i>en nuestro\u00a0canal de Youtube. Adem\u00e1s seguinos en\u00a0<\/i><a href=\"https:\/\/www.instagram.com\/autofanstv\/\"><i>INSTAGRAM<\/i><\/a><i> y <\/i><a href=\"https:\/\/www.facebook.com\/autofansmas\/\"><i>FACEBOOK<\/i><\/a><i> para no perderte nada sobre las novedades del segmento automotor de Argentina y el mundo.<\/i><\/p>\n","protected":false},"excerpt":{"rendered":"<p>Scania Argentina confirm\u00f3 que, a partir del 1\u00b0 de enero de 2025, Sebasti\u00e1n Figueroa asumir\u00e1&#8230;<\/p>\n","protected":false},"author":2,"featured_media":10417,"comment_status":"closed","ping_status":"closed","sticky":false,"template":"","format":"standard","meta":{"footnotes":""},"categories":[292,16],"tags":[5668,2210,5667,166,5670,5669,5666,584],"class_list":["post-10416","post","type-post","status-publish","format-standard","has-post-thumbnail","hentry","category-empresas","category-noticias","tag-desarrollo-de-talento","tag-innovacion-en-transporte","tag-liderazgo-en-scania","tag-scania-argentina","tag-scania-banco-brasil","tag-scania-iberica","tag-sebastian-figueroa-ceo","tag-transporte-sustentable"],"yoast_head":"<!-- This site is optimized with the Yoast SEO plugin v27.5 - https:\/\/yoast.com\/product\/yoast-seo-wordpress\/ -->\n<title>Sebasti\u00e1n Figueroa regresa a Scania Argentina como CEO -<\/title>\n<meta name=\"description\" content=\"Scania Argentina confirm\u00f3 que, a partir del 1\u00b0 de enero, Sebasti\u00e1n Figueroa asumir\u00e1 como CEO. Con casi tres d\u00e9cadas de trayectoria en Scania.\" \/>\n<meta name=\"robots\" content=\"index, follow, max-snippet:-1, max-image-preview:large, max-video-preview:-1\" \/>\n<link rel=\"canonical\" href=\"https:\/\/autofans.com.ar\/index.php\/2024\/12\/26\/sebastian-figueroa-regresa-a-scania-argentina-como-ceo\/\" \/>\n<meta property=\"og:locale\" content=\"es_ES\" \/>\n<meta property=\"og:type\" content=\"article\" \/>\n<meta property=\"og:title\" content=\"Sebasti\u00e1n Figueroa regresa a Scania Argentina como CEO -\" \/>\n<meta property=\"og:description\" content=\"Scania Argentina confirm\u00f3 que, a partir del 1\u00b0 de enero, Sebasti\u00e1n Figueroa asumir\u00e1 como CEO. Con casi tres d\u00e9cadas de trayectoria en Scania.\" \/>\n<meta property=\"og:url\" content=\"https:\/\/autofans.com.ar\/index.php\/2024\/12\/26\/sebastian-figueroa-regresa-a-scania-argentina-como-ceo\/\" \/>\n<meta property=\"article:published_time\" content=\"2024-12-26T16:07:55+00:00\" \/>\n<meta property=\"og:image\" content=\"https:\/\/autofans.com.ar\/wp-content\/uploads\/2024\/12\/scania-3-1.jpg\" \/>\n\t<meta property=\"og:image:width\" content=\"1000\" \/>\n\t<meta property=\"og:image:height\" content=\"667\" \/>\n\t<meta property=\"og:image:type\" content=\"image\/jpeg\" \/>\n<meta name=\"author\" content=\"Alejandro Gabriel Rosito\" \/>\n<meta name=\"twitter:card\" content=\"summary_large_image\" \/>\n<meta name=\"twitter:label1\" content=\"Escrito por\" \/>\n\t<meta name=\"twitter:data1\" content=\"Alejandro Gabriel Rosito\" \/>\n\t<meta name=\"twitter:label2\" content=\"Tiempo de lectura\" \/>\n\t<meta name=\"twitter:data2\" content=\"3 minutos\" \/>\n<script type=\"application\/ld+json\" class=\"yoast-schema-graph\">{\"@context\":\"https:\\\/\\\/schema.org\",\"@graph\":[{\"@type\":\"Article\",\"@id\":\"https:\\\/\\\/autofans.com.ar\\\/index.php\\\/2024\\\/12\\\/26\\\/sebastian-figueroa-regresa-a-scania-argentina-como-ceo\\\/#article\",\"isPartOf\":{\"@id\":\"https:\\\/\\\/autofans.com.ar\\\/index.php\\\/2024\\\/12\\\/26\\\/sebastian-figueroa-regresa-a-scania-argentina-como-ceo\\\/\"},\"author\":{\"name\":\"Alejandro Gabriel Rosito\",\"@id\":\"https:\\\/\\\/autofans.com.ar\\\/#\\\/schema\\\/person\\\/4a8dda0b6df83ac3d6723e921274c2aa\"},\"headline\":\"Sebasti\u00e1n Figueroa regresa a Scania Argentina como CEO\",\"datePublished\":\"2024-12-26T16:07:55+00:00\",\"mainEntityOfPage\":{\"@id\":\"https:\\\/\\\/autofans.com.ar\\\/index.php\\\/2024\\\/12\\\/26\\\/sebastian-figueroa-regresa-a-scania-argentina-como-ceo\\\/\"},\"wordCount\":441,\"image\":{\"@id\":\"https:\\\/\\\/autofans.com.ar\\\/index.php\\\/2024\\\/12\\\/26\\\/sebastian-figueroa-regresa-a-scania-argentina-como-ceo\\\/#primaryimage\"},\"thumbnailUrl\":\"https:\\\/\\\/autofans.com.ar\\\/wp-content\\\/uploads\\\/2024\\\/12\\\/scania-3-1.jpg\",\"keywords\":[\"desarrollo de talento\",\"innovaci\u00f3n en transporte\",\"liderazgo en Scania\",\"Scania Argentina\",\"Scania Banco Brasil.\",\"Scania Ib\u00e9rica\",\"Sebasti\u00e1n Figueroa CEO\",\"transporte sustentable\"],\"articleSection\":[\"EMPRESAS\",\"NOTICIAS\"],\"inLanguage\":\"es\"},{\"@type\":\"WebPage\",\"@id\":\"https:\\\/\\\/autofans.com.ar\\\/index.php\\\/2024\\\/12\\\/26\\\/sebastian-figueroa-regresa-a-scania-argentina-como-ceo\\\/\",\"url\":\"https:\\\/\\\/autofans.com.ar\\\/index.php\\\/2024\\\/12\\\/26\\\/sebastian-figueroa-regresa-a-scania-argentina-como-ceo\\\/\",\"name\":\"Sebasti\u00e1n Figueroa regresa a Scania Argentina como CEO -\",\"isPartOf\":{\"@id\":\"https:\\\/\\\/autofans.com.ar\\\/#website\"},\"primaryImageOfPage\":{\"@id\":\"https:\\\/\\\/autofans.com.ar\\\/index.php\\\/2024\\\/12\\\/26\\\/sebastian-figueroa-regresa-a-scania-argentina-como-ceo\\\/#primaryimage\"},\"image\":{\"@id\":\"https:\\\/\\\/autofans.com.ar\\\/index.php\\\/2024\\\/12\\\/26\\\/sebastian-figueroa-regresa-a-scania-argentina-como-ceo\\\/#primaryimage\"},\"thumbnailUrl\":\"https:\\\/\\\/autofans.com.ar\\\/wp-content\\\/uploads\\\/2024\\\/12\\\/scania-3-1.jpg\",\"datePublished\":\"2024-12-26T16:07:55+00:00\",\"author\":{\"@id\":\"https:\\\/\\\/autofans.com.ar\\\/#\\\/schema\\\/person\\\/4a8dda0b6df83ac3d6723e921274c2aa\"},\"description\":\"Scania Argentina confirm\u00f3 que, a partir del 1\u00b0 de enero, Sebasti\u00e1n Figueroa asumir\u00e1 como CEO. Con casi tres d\u00e9cadas de trayectoria en Scania.\",\"breadcrumb\":{\"@id\":\"https:\\\/\\\/autofans.com.ar\\\/index.php\\\/2024\\\/12\\\/26\\\/sebastian-figueroa-regresa-a-scania-argentina-como-ceo\\\/#breadcrumb\"},\"inLanguage\":\"es\",\"potentialAction\":[{\"@type\":\"ReadAction\",\"target\":[\"https:\\\/\\\/autofans.com.ar\\\/index.php\\\/2024\\\/12\\\/26\\\/sebastian-figueroa-regresa-a-scania-argentina-como-ceo\\\/\"]}]},{\"@type\":\"ImageObject\",\"inLanguage\":\"es\",\"@id\":\"https:\\\/\\\/autofans.com.ar\\\/index.php\\\/2024\\\/12\\\/26\\\/sebastian-figueroa-regresa-a-scania-argentina-como-ceo\\\/#primaryimage\",\"url\":\"https:\\\/\\\/autofans.com.ar\\\/wp-content\\\/uploads\\\/2024\\\/12\\\/scania-3-1.jpg\",\"contentUrl\":\"https:\\\/\\\/autofans.com.ar\\\/wp-content\\\/uploads\\\/2024\\\/12\\\/scania-3-1.jpg\",\"width\":1000,\"height\":667,\"caption\":\"Scania Argentina\"},{\"@type\":\"BreadcrumbList\",\"@id\":\"https:\\\/\\\/autofans.com.ar\\\/index.php\\\/2024\\\/12\\\/26\\\/sebastian-figueroa-regresa-a-scania-argentina-como-ceo\\\/#breadcrumb\",\"itemListElement\":[{\"@type\":\"ListItem\",\"position\":1,\"name\":\"Inicio\",\"item\":\"https:\\\/\\\/autofans.com.ar\\\/\"},{\"@type\":\"ListItem\",\"position\":2,\"name\":\"Sebasti\u00e1n Figueroa regresa a Scania Argentina como CEO\"}]},{\"@type\":\"WebSite\",\"@id\":\"https:\\\/\\\/autofans.com.ar\\\/#website\",\"url\":\"https:\\\/\\\/autofans.com.ar\\\/\",\"name\":\"\",\"description\":\"El multimedio referente de la industria automotriz\",\"potentialAction\":[{\"@type\":\"SearchAction\",\"target\":{\"@type\":\"EntryPoint\",\"urlTemplate\":\"https:\\\/\\\/autofans.com.ar\\\/?s={search_term_string}\"},\"query-input\":{\"@type\":\"PropertyValueSpecification\",\"valueRequired\":true,\"valueName\":\"search_term_string\"}}],\"inLanguage\":\"es\"},{\"@type\":\"Person\",\"@id\":\"https:\\\/\\\/autofans.com.ar\\\/#\\\/schema\\\/person\\\/4a8dda0b6df83ac3d6723e921274c2aa\",\"name\":\"Alejandro Gabriel Rosito\",\"image\":{\"@type\":\"ImageObject\",\"inLanguage\":\"es\",\"@id\":\"https:\\\/\\\/secure.gravatar.com\\\/avatar\\\/16c5dda1489adfc62618084dcbb91cffd879c374b13fe5dd8e44ed6733852c88?s=96&d=mm&r=g\",\"url\":\"https:\\\/\\\/secure.gravatar.com\\\/avatar\\\/16c5dda1489adfc62618084dcbb91cffd879c374b13fe5dd8e44ed6733852c88?s=96&d=mm&r=g\",\"contentUrl\":\"https:\\\/\\\/secure.gravatar.com\\\/avatar\\\/16c5dda1489adfc62618084dcbb91cffd879c374b13fe5dd8e44ed6733852c88?s=96&d=mm&r=g\",\"caption\":\"Alejandro Gabriel Rosito\"},\"url\":\"https:\\\/\\\/autofans.com.ar\\\/index.php\\\/author\\\/gabrielr\\\/\"}]}<\/script>\n<!-- \/ Yoast SEO plugin. -->","yoast_head_json":{"title":"Sebasti\u00e1n Figueroa regresa a Scania Argentina como CEO -","description":"Scania Argentina confirm\u00f3 que, a partir del 1\u00b0 de enero, Sebasti\u00e1n Figueroa asumir\u00e1 como CEO. Con casi tres d\u00e9cadas de trayectoria en Scania.","robots":{"index":"index","follow":"follow","max-snippet":"max-snippet:-1","max-image-preview":"max-image-preview:large","max-video-preview":"max-video-preview:-1"},"canonical":"https:\/\/autofans.com.ar\/index.php\/2024\/12\/26\/sebastian-figueroa-regresa-a-scania-argentina-como-ceo\/","og_locale":"es_ES","og_type":"article","og_title":"Sebasti\u00e1n Figueroa regresa a Scania Argentina como CEO -","og_description":"Scania Argentina confirm\u00f3 que, a partir del 1\u00b0 de enero, Sebasti\u00e1n Figueroa asumir\u00e1 como CEO. Con casi tres d\u00e9cadas de trayectoria en Scania.","og_url":"https:\/\/autofans.com.ar\/index.php\/2024\/12\/26\/sebastian-figueroa-regresa-a-scania-argentina-como-ceo\/","article_published_time":"2024-12-26T16:07:55+00:00","og_image":[{"width":1000,"height":667,"url":"https:\/\/autofans.com.ar\/wp-content\/uploads\/2024\/12\/scania-3-1.jpg","type":"image\/jpeg"}],"author":"Alejandro Gabriel Rosito","twitter_card":"summary_large_image","twitter_misc":{"Escrito por":"Alejandro Gabriel Rosito","Tiempo de lectura":"3 minutos"},"schema":{"@context":"https:\/\/schema.org","@graph":[{"@type":"Article","@id":"https:\/\/autofans.com.ar\/index.php\/2024\/12\/26\/sebastian-figueroa-regresa-a-scania-argentina-como-ceo\/#article","isPartOf":{"@id":"https:\/\/autofans.com.ar\/index.php\/2024\/12\/26\/sebastian-figueroa-regresa-a-scania-argentina-como-ceo\/"},"author":{"name":"Alejandro Gabriel Rosito","@id":"https:\/\/autofans.com.ar\/#\/schema\/person\/4a8dda0b6df83ac3d6723e921274c2aa"},"headline":"Sebasti\u00e1n Figueroa regresa a Scania Argentina como CEO","datePublished":"2024-12-26T16:07:55+00:00","mainEntityOfPage":{"@id":"https:\/\/autofans.com.ar\/index.php\/2024\/12\/26\/sebastian-figueroa-regresa-a-scania-argentina-como-ceo\/"},"wordCount":441,"image":{"@id":"https:\/\/autofans.com.ar\/index.php\/2024\/12\/26\/sebastian-figueroa-regresa-a-scania-argentina-como-ceo\/#primaryimage"},"thumbnailUrl":"https:\/\/autofans.com.ar\/wp-content\/uploads\/2024\/12\/scania-3-1.jpg","keywords":["desarrollo de talento","innovaci\u00f3n en transporte","liderazgo en Scania","Scania Argentina","Scania Banco Brasil.","Scania Ib\u00e9rica","Sebasti\u00e1n Figueroa CEO","transporte sustentable"],"articleSection":["EMPRESAS","NOTICIAS"],"inLanguage":"es"},{"@type":"WebPage","@id":"https:\/\/autofans.com.ar\/index.php\/2024\/12\/26\/sebastian-figueroa-regresa-a-scania-argentina-como-ceo\/","url":"https:\/\/autofans.com.ar\/index.php\/2024\/12\/26\/sebastian-figueroa-regresa-a-scania-argentina-como-ceo\/","name":"Sebasti\u00e1n Figueroa regresa a Scania Argentina como CEO -","isPartOf":{"@id":"https:\/\/autofans.com.ar\/#website"},"primaryImageOfPage":{"@id":"https:\/\/autofans.com.ar\/index.php\/2024\/12\/26\/sebastian-figueroa-regresa-a-scania-argentina-como-ceo\/#primaryimage"},"image":{"@id":"https:\/\/autofans.com.ar\/index.php\/2024\/12\/26\/sebastian-figueroa-regresa-a-scania-argentina-como-ceo\/#primaryimage"},"thumbnailUrl":"https:\/\/autofans.com.ar\/wp-content\/uploads\/2024\/12\/scania-3-1.jpg","datePublished":"2024-12-26T16:07:55+00:00","author":{"@id":"https:\/\/autofans.com.ar\/#\/schema\/person\/4a8dda0b6df83ac3d6723e921274c2aa"},"description":"Scania Argentina confirm\u00f3 que, a partir del 1\u00b0 de enero, Sebasti\u00e1n Figueroa asumir\u00e1 como CEO. Con casi tres d\u00e9cadas de trayectoria en Scania.","breadcrumb":{"@id":"https:\/\/autofans.com.ar\/index.php\/2024\/12\/26\/sebastian-figueroa-regresa-a-scania-argentina-como-ceo\/#breadcrumb"},"inLanguage":"es","potentialAction":[{"@type":"ReadAction","target":["https:\/\/autofans.com.ar\/index.php\/2024\/12\/26\/sebastian-figueroa-regresa-a-scania-argentina-como-ceo\/"]}]},{"@type":"ImageObject","inLanguage":"es","@id":"https:\/\/autofans.com.ar\/index.php\/2024\/12\/26\/sebastian-figueroa-regresa-a-scania-argentina-como-ceo\/#primaryimage","url":"https:\/\/autofans.com.ar\/wp-content\/uploads\/2024\/12\/scania-3-1.jpg","contentUrl":"https:\/\/autofans.com.ar\/wp-content\/uploads\/2024\/12\/scania-3-1.jpg","width":1000,"height":667,"caption":"Scania Argentina"},{"@type":"BreadcrumbList","@id":"https:\/\/autofans.com.ar\/index.php\/2024\/12\/26\/sebastian-figueroa-regresa-a-scania-argentina-como-ceo\/#breadcrumb","itemListElement":[{"@type":"ListItem","position":1,"name":"Inicio","item":"https:\/\/autofans.com.ar\/"},{"@type":"ListItem","position":2,"name":"Sebasti\u00e1n Figueroa regresa a Scania Argentina como CEO"}]},{"@type":"WebSite","@id":"https:\/\/autofans.com.ar\/#website","url":"https:\/\/autofans.com.ar\/","name":"","description":"El multimedio referente de la industria automotriz","potentialAction":[{"@type":"SearchAction","target":{"@type":"EntryPoint","urlTemplate":"https:\/\/autofans.com.ar\/?s={search_term_string}"},"query-input":{"@type":"PropertyValueSpecification","valueRequired":true,"valueName":"search_term_string"}}],"inLanguage":"es"},{"@type":"Person","@id":"https:\/\/autofans.com.ar\/#\/schema\/person\/4a8dda0b6df83ac3d6723e921274c2aa","name":"Alejandro Gabriel Rosito","image":{"@type":"ImageObject","inLanguage":"es","@id":"https:\/\/secure.gravatar.com\/avatar\/16c5dda1489adfc62618084dcbb91cffd879c374b13fe5dd8e44ed6733852c88?s=96&d=mm&r=g","url":"https:\/\/secure.gravatar.com\/avatar\/16c5dda1489adfc62618084dcbb91cffd879c374b13fe5dd8e44ed6733852c88?s=96&d=mm&r=g","contentUrl":"https:\/\/secure.gravatar.com\/avatar\/16c5dda1489adfc62618084dcbb91cffd879c374b13fe5dd8e44ed6733852c88?s=96&d=mm&r=g","caption":"Alejandro Gabriel Rosito"},"url":"https:\/\/autofans.com.ar\/index.php\/author\/gabrielr\/"}]}},"featured_image_urls":{"full":["https:\/\/autofans.com.ar\/wp-content\/uploads\/2024\/12\/scania-3-1.jpg",1000,667,false],"thumbnail":["https:\/\/autofans.com.ar\/wp-content\/uploads\/2024\/12\/scania-3-1-150x150.jpg",150,150,true],"medium":["https:\/\/autofans.com.ar\/wp-content\/uploads\/2024\/12\/scania-3-1-300x200.jpg",300,200,true],"medium_large":["https:\/\/autofans.com.ar\/wp-content\/uploads\/2024\/12\/scania-3-1-768x512.jpg",640,427,true],"large":["https:\/\/autofans.com.ar\/wp-content\/uploads\/2024\/12\/scania-3-1.jpg",640,427,false],"1536x1536":["https:\/\/autofans.com.ar\/wp-content\/uploads\/2024\/12\/scania-3-1.jpg",1000,667,false],"2048x2048":["https:\/\/autofans.com.ar\/wp-content\/uploads\/2024\/12\/scania-3-1.jpg",1000,667,false],"covernews-featured":["https:\/\/autofans.com.ar\/wp-content\/uploads\/2024\/12\/scania-3-1.jpg",1000,667,false],"covernews-medium":["https:\/\/autofans.com.ar\/wp-content\/uploads\/2024\/12\/scania-3-1-540x340.jpg",540,340,true]},"author_info":{"display_name":"Alejandro Gabriel Rosito","author_link":"https:\/\/autofans.com.ar\/index.php\/author\/gabrielr\/"},"category_info":"<a href=\"https:\/\/autofans.com.ar\/index.php\/category\/noticias\/empresas\/\" rel=\"category tag\">EMPRESAS<\/a> <a href=\"https:\/\/autofans.com.ar\/index.php\/category\/noticias\/\" rel=\"category tag\">NOTICIAS<\/a>","tag_info":"NOTICIAS","comment_count":0,"_links":{"self":[{"href":"https:\/\/autofans.com.ar\/index.php\/wp-json\/wp\/v2\/posts\/10416","targetHints":{"allow":["GET"]}}],"collection":[{"href":"https:\/\/autofans.com.ar\/index.php\/wp-json\/wp\/v2\/posts"}],"about":[{"href":"https:\/\/autofans.com.ar\/index.php\/wp-json\/wp\/v2\/types\/post"}],"author":[{"embeddable":true,"href":"https:\/\/autofans.com.ar\/index.php\/wp-json\/wp\/v2\/users\/2"}],"replies":[{"embeddable":true,"href":"https:\/\/autofans.com.ar\/index.php\/wp-json\/wp\/v2\/comments?post=10416"}],"version-history":[{"count":3,"href":"https:\/\/autofans.com.ar\/index.php\/wp-json\/wp\/v2\/posts\/10416\/revisions"}],"predecessor-version":[{"id":10422,"href":"https:\/\/autofans.com.ar\/index.php\/wp-json\/wp\/v2\/posts\/10416\/revisions\/10422"}],"wp:featuredmedia":[{"embeddable":true,"href":"https:\/\/autofans.com.ar\/index.php\/wp-json\/wp\/v2\/media\/10417"}],"wp:attachment":[{"href":"https:\/\/autofans.com.ar\/index.php\/wp-json\/wp\/v2\/media?parent=10416"}],"wp:term":[{"taxonomy":"category","embeddable":true,"href":"https:\/\/autofans.com.ar\/index.php\/wp-json\/wp\/v2\/categories?post=10416"},{"taxonomy":"post_tag","embeddable":true,"href":"https:\/\/autofans.com.ar\/index.php\/wp-json\/wp\/v2\/tags?post=10416"}],"curies":[{"name":"wp","href":"https:\/\/api.w.org\/{rel}","templated":true}]}}