{"id":10459,"date":"2024-12-27T14:01:15","date_gmt":"2024-12-27T17:01:15","guid":{"rendered":"https:\/\/autofans.com.ar\/?p=10459"},"modified":"2024-12-27T14:01:15","modified_gmt":"2024-12-27T17:01:15","slug":"nissan-en-argentina-compromiso-con-la-sostenibilidad-y-la-inclusion","status":"publish","type":"post","link":"https:\/\/autofans.com.ar\/index.php\/2024\/12\/27\/nissan-en-argentina-compromiso-con-la-sostenibilidad-y-la-inclusion\/","title":{"rendered":"Nissan en Argentina, compromiso con la sostenibilidad y la inclusi\u00f3n"},"content":{"rendered":"<p>En 2024, Nissan reforz\u00f3 su compromiso con la sostenibilidad, la educaci\u00f3n y la inclusi\u00f3n social a trav\u00e9s de m\u00faltiples iniciativas en Argentina. Con foco en el impacto positivo, la compa\u00f1\u00eda desarroll\u00f3 acciones que abarcaron desde la restauraci\u00f3n ambiental hasta la conectividad educativa.<\/p>\n<p>&nbsp;<\/p>\n<h2>Restauraci\u00f3n del Bosque de Araucaria Araucana<\/h2>\n<p>En el Parque Nacional Lan\u00edn, hogar del \u00fanico bosque de Araucaria Araucana del mundo, Nissan colabor\u00f3 con la plantaci\u00f3n de m\u00e1s de 3.700 \u00e1rboles nativos. La actividad, realizada junto a la Asociaci\u00f3n Amigos de la Patagonia, cont\u00f3 con el apoyo del Concesionario Oficial Nissan Aika Neuqu\u00e9n, que facilit\u00f3 unidades de la Nissan Frontier para trasladar voluntarios y materiales en condiciones de nieve.<\/p>\n<p>&nbsp;<\/p>\n<p><img fetchpriority=\"high\" decoding=\"async\" class=\"aligncenter wp-image-10460 size-full\" src=\"https:\/\/autofans.com.ar\/wp-content\/uploads\/2024\/12\/nissan-3-2.jpg\" alt=\"Nissan\" width=\"1000\" height=\"667\" srcset=\"https:\/\/autofans.com.ar\/wp-content\/uploads\/2024\/12\/nissan-3-2.jpg 1000w, https:\/\/autofans.com.ar\/wp-content\/uploads\/2024\/12\/nissan-3-2-300x200.jpg 300w, https:\/\/autofans.com.ar\/wp-content\/uploads\/2024\/12\/nissan-3-2-768x512.jpg 768w\" sizes=\"(max-width: 1000px) 100vw, 1000px\" \/><\/p>\n<p>&nbsp;<\/p>\n<h2>Voluntariado corporativo &#8211; impacto social y ambiental<\/h2>\n<p>A trav\u00e9s del programa \u00abNissan en Acci\u00f3n\u00bb, la compa\u00f1\u00eda impuls\u00f3 jornadas de voluntariado que beneficiaron a m\u00e1s de 1.000 personas. Entre las iniciativas destacadas se encuentran:<\/p>\n<ul>\n<li><strong>Recuperaci\u00f3n de alimentos<\/strong>: Colaboraci\u00f3n con los Bancos de Alimentos de Buenos Aires y C\u00f3rdoba, logrando manipular 3.000 kg de alimentos y repartir 9.000 unidades a comunidades necesitadas.<\/li>\n<li><strong>Limpieza de costas<\/strong>: En San Fernando, voluntarios recolectaron m\u00e1s de una tonelada de residuos junto a la ONG Planeta Vivo.<\/li>\n<li><strong>Reforestaci\u00f3n en C\u00f3rdoba<\/strong>: Plantaci\u00f3n y control de especies nativas en la Reserva San Mart\u00edn con la ONG Eco-House.<\/li>\n<\/ul>\n<p>Adem\u00e1s, Nissan cedi\u00f3 veh\u00edculos de comodato a estas organizaciones para facilitar sus actividades.<\/p>\n<p>&nbsp;<\/p>\n<p><img decoding=\"async\" class=\"aligncenter wp-image-10461 size-full\" src=\"https:\/\/autofans.com.ar\/wp-content\/uploads\/2024\/12\/nissan-2-4.jpg\" alt=\"Nissan\" width=\"1000\" height=\"667\" srcset=\"https:\/\/autofans.com.ar\/wp-content\/uploads\/2024\/12\/nissan-2-4.jpg 1000w, https:\/\/autofans.com.ar\/wp-content\/uploads\/2024\/12\/nissan-2-4-300x200.jpg 300w, https:\/\/autofans.com.ar\/wp-content\/uploads\/2024\/12\/nissan-2-4-768x512.jpg 768w\" sizes=\"(max-width: 1000px) 100vw, 1000px\" \/><\/p>\n<p>&nbsp;<\/p>\n<h2>Inclusi\u00f3n y educaci\u00f3n &#8211; conectividad y movilidad adaptada<\/h2>\n<p>En el marco de su programa \u00abGira Nissan por la Educaci\u00f3n\u00bb, la compa\u00f1\u00eda llev\u00f3 conectividad a dos nuevas escuelas rurales, alcanzando un total de seis establecimientos conectados. Junto a la Fundaci\u00f3n Aprendiendo Bajo la Cruz del Sur, tambi\u00e9n lanz\u00f3 un campus educativo online que benefici\u00f3 a 186 estudiantes y 56 docentes.<\/p>\n<p>Por otro lado, Nissan don\u00f3 15 bicicletas adaptadas a la Fundaci\u00f3n Jean Maggi, promoviendo la movilidad inclusiva para j\u00f3venes con discapacidades.<\/p>\n<p>En alianza con el Instituto Tecnol\u00f3gico de Buenos Aires (ITBA), Nissan don\u00f3 una Frontier y una X-Trail e-POWER, adem\u00e1s de brindar una charla t\u00e9cnica sobre diagn\u00f3stico automotriz y tecnolog\u00eda e-POWER, capacitando a 22 estudiantes.<\/p>\n<p>Las acciones de Nissan en 2024 reflejan un compromiso integral con el medio ambiente, la comunidad y el futuro sostenible.<\/p>\n<p>&nbsp;<\/p>\n<p>&nbsp;<\/p>\n<p>&nbsp;<\/p>\n<p><i>Para enterarte de m\u00e1s novedades, no dejes de leer\u00a0<\/i><a href=\"https:\/\/autofans.thebrandsoup.com\/\"><i>nuestras notas<\/i><\/a><i>, de ver<\/i><b><i>\u00a0<\/i><\/b><a href=\"https:\/\/www.youtube.com\/channel\/UCgAC8UGHZYbT6P7PpmVnP7g\"><b><i>AUTOFANS TV<\/i><\/b><\/a><b><i>\u00a0<\/i><\/b><i>en nuestro\u00a0canal de Youtube. Adem\u00e1s seguinos en\u00a0<\/i><a href=\"https:\/\/www.instagram.com\/autofanstv\/\"><i>INSTAGRAM<\/i><\/a><i> y <\/i><a href=\"https:\/\/www.facebook.com\/autofansmas\/\"><i>FACEBOOK<\/i><\/a><i> para no perderte nada sobre las novedades del segmento automotor de Argentina y el mundo.<\/i><\/p>\n","protected":false},"excerpt":{"rendered":"<p>En 2024, Nissan reforz\u00f3 su compromiso con la sostenibilidad, la educaci\u00f3n y la inclusi\u00f3n social&#8230;<\/p>\n","protected":false},"author":2,"featured_media":10462,"comment_status":"closed","ping_status":"closed","sticky":false,"template":"","format":"standard","meta":{"footnotes":""},"categories":[6,16],"tags":[216,4230,5679,5681,5680,46,897,5678],"class_list":["post-10459","post","type-post","status-publish","format-standard","has-post-thumbnail","hentry","category-bizstyle","category-noticias","tag-sostenibilidad","tag-araucaria-araucana","tag-educacion-inclusiva","tag-fundacion-jean-maggi","tag-itba","tag-nissan-argentina","tag-nissan-frontier","tag-voluntariado-corporativo"],"yoast_head":"<!-- This site is optimized with the Yoast SEO plugin v27.5 - https:\/\/yoast.com\/product\/yoast-seo-wordpress\/ -->\n<title>Nissan en Argentina, compromiso con la sostenibilidad y la inclusi\u00f3n -<\/title>\n<meta name=\"description\" content=\"Nissan reforz\u00f3 su compromiso con la sostenibilidad, la educaci\u00f3n y la inclusi\u00f3n social a trav\u00e9s de m\u00faltiples iniciativas en Argentina...\" \/>\n<meta name=\"robots\" content=\"index, follow, max-snippet:-1, max-image-preview:large, max-video-preview:-1\" \/>\n<link rel=\"canonical\" href=\"https:\/\/autofans.com.ar\/index.php\/2024\/12\/27\/nissan-en-argentina-compromiso-con-la-sostenibilidad-y-la-inclusion\/\" \/>\n<meta property=\"og:locale\" content=\"es_ES\" \/>\n<meta property=\"og:type\" content=\"article\" \/>\n<meta property=\"og:title\" content=\"Nissan en Argentina, compromiso con la sostenibilidad y la inclusi\u00f3n -\" \/>\n<meta property=\"og:description\" content=\"Nissan reforz\u00f3 su compromiso con la sostenibilidad, la educaci\u00f3n y la inclusi\u00f3n social a trav\u00e9s de m\u00faltiples iniciativas en Argentina...\" \/>\n<meta property=\"og:url\" content=\"https:\/\/autofans.com.ar\/index.php\/2024\/12\/27\/nissan-en-argentina-compromiso-con-la-sostenibilidad-y-la-inclusion\/\" \/>\n<meta property=\"article:published_time\" content=\"2024-12-27T17:01:15+00:00\" \/>\n<meta property=\"og:image\" content=\"https:\/\/autofans.com.ar\/wp-content\/uploads\/2024\/12\/nissan-1-4.jpg\" \/>\n\t<meta property=\"og:image:width\" content=\"1000\" \/>\n\t<meta property=\"og:image:height\" content=\"667\" \/>\n\t<meta property=\"og:image:type\" content=\"image\/jpeg\" \/>\n<meta name=\"author\" content=\"Alejandro Gabriel Rosito\" \/>\n<meta name=\"twitter:card\" content=\"summary_large_image\" \/>\n<meta name=\"twitter:label1\" content=\"Escrito por\" \/>\n\t<meta name=\"twitter:data1\" content=\"Alejandro Gabriel Rosito\" \/>\n\t<meta name=\"twitter:label2\" content=\"Tiempo de lectura\" \/>\n\t<meta name=\"twitter:data2\" content=\"3 minutos\" \/>\n<script type=\"application\/ld+json\" class=\"yoast-schema-graph\">{\"@context\":\"https:\\\/\\\/schema.org\",\"@graph\":[{\"@type\":\"Article\",\"@id\":\"https:\\\/\\\/autofans.com.ar\\\/index.php\\\/2024\\\/12\\\/27\\\/nissan-en-argentina-compromiso-con-la-sostenibilidad-y-la-inclusion\\\/#article\",\"isPartOf\":{\"@id\":\"https:\\\/\\\/autofans.com.ar\\\/index.php\\\/2024\\\/12\\\/27\\\/nissan-en-argentina-compromiso-con-la-sostenibilidad-y-la-inclusion\\\/\"},\"author\":{\"name\":\"Alejandro Gabriel Rosito\",\"@id\":\"https:\\\/\\\/autofans.com.ar\\\/#\\\/schema\\\/person\\\/4a8dda0b6df83ac3d6723e921274c2aa\"},\"headline\":\"Nissan en Argentina, compromiso con la sostenibilidad y la inclusi\u00f3n\",\"datePublished\":\"2024-12-27T17:01:15+00:00\",\"mainEntityOfPage\":{\"@id\":\"https:\\\/\\\/autofans.com.ar\\\/index.php\\\/2024\\\/12\\\/27\\\/nissan-en-argentina-compromiso-con-la-sostenibilidad-y-la-inclusion\\\/\"},\"wordCount\":446,\"image\":{\"@id\":\"https:\\\/\\\/autofans.com.ar\\\/index.php\\\/2024\\\/12\\\/27\\\/nissan-en-argentina-compromiso-con-la-sostenibilidad-y-la-inclusion\\\/#primaryimage\"},\"thumbnailUrl\":\"https:\\\/\\\/autofans.com.ar\\\/wp-content\\\/uploads\\\/2024\\\/12\\\/nissan-1-4.jpg\",\"keywords\":[\"#sostenibilidad\",\"Araucaria araucana\",\"educaci\u00f3n inclusiva\",\"Fundaci\u00f3n Jean Maggi\",\"ITBA\",\"Nissan Argentina\",\"Nissan Frontier\",\"voluntariado corporativo\"],\"articleSection\":[\"BIZSTYLE\",\"NOTICIAS\"],\"inLanguage\":\"es\"},{\"@type\":\"WebPage\",\"@id\":\"https:\\\/\\\/autofans.com.ar\\\/index.php\\\/2024\\\/12\\\/27\\\/nissan-en-argentina-compromiso-con-la-sostenibilidad-y-la-inclusion\\\/\",\"url\":\"https:\\\/\\\/autofans.com.ar\\\/index.php\\\/2024\\\/12\\\/27\\\/nissan-en-argentina-compromiso-con-la-sostenibilidad-y-la-inclusion\\\/\",\"name\":\"Nissan en Argentina, compromiso con la sostenibilidad y la inclusi\u00f3n -\",\"isPartOf\":{\"@id\":\"https:\\\/\\\/autofans.com.ar\\\/#website\"},\"primaryImageOfPage\":{\"@id\":\"https:\\\/\\\/autofans.com.ar\\\/index.php\\\/2024\\\/12\\\/27\\\/nissan-en-argentina-compromiso-con-la-sostenibilidad-y-la-inclusion\\\/#primaryimage\"},\"image\":{\"@id\":\"https:\\\/\\\/autofans.com.ar\\\/index.php\\\/2024\\\/12\\\/27\\\/nissan-en-argentina-compromiso-con-la-sostenibilidad-y-la-inclusion\\\/#primaryimage\"},\"thumbnailUrl\":\"https:\\\/\\\/autofans.com.ar\\\/wp-content\\\/uploads\\\/2024\\\/12\\\/nissan-1-4.jpg\",\"datePublished\":\"2024-12-27T17:01:15+00:00\",\"author\":{\"@id\":\"https:\\\/\\\/autofans.com.ar\\\/#\\\/schema\\\/person\\\/4a8dda0b6df83ac3d6723e921274c2aa\"},\"description\":\"Nissan reforz\u00f3 su compromiso con la sostenibilidad, la educaci\u00f3n y la inclusi\u00f3n social a trav\u00e9s de m\u00faltiples iniciativas en Argentina...\",\"breadcrumb\":{\"@id\":\"https:\\\/\\\/autofans.com.ar\\\/index.php\\\/2024\\\/12\\\/27\\\/nissan-en-argentina-compromiso-con-la-sostenibilidad-y-la-inclusion\\\/#breadcrumb\"},\"inLanguage\":\"es\",\"potentialAction\":[{\"@type\":\"ReadAction\",\"target\":[\"https:\\\/\\\/autofans.com.ar\\\/index.php\\\/2024\\\/12\\\/27\\\/nissan-en-argentina-compromiso-con-la-sostenibilidad-y-la-inclusion\\\/\"]}]},{\"@type\":\"ImageObject\",\"inLanguage\":\"es\",\"@id\":\"https:\\\/\\\/autofans.com.ar\\\/index.php\\\/2024\\\/12\\\/27\\\/nissan-en-argentina-compromiso-con-la-sostenibilidad-y-la-inclusion\\\/#primaryimage\",\"url\":\"https:\\\/\\\/autofans.com.ar\\\/wp-content\\\/uploads\\\/2024\\\/12\\\/nissan-1-4.jpg\",\"contentUrl\":\"https:\\\/\\\/autofans.com.ar\\\/wp-content\\\/uploads\\\/2024\\\/12\\\/nissan-1-4.jpg\",\"width\":1000,\"height\":667,\"caption\":\"Nissan\"},{\"@type\":\"BreadcrumbList\",\"@id\":\"https:\\\/\\\/autofans.com.ar\\\/index.php\\\/2024\\\/12\\\/27\\\/nissan-en-argentina-compromiso-con-la-sostenibilidad-y-la-inclusion\\\/#breadcrumb\",\"itemListElement\":[{\"@type\":\"ListItem\",\"position\":1,\"name\":\"Inicio\",\"item\":\"https:\\\/\\\/autofans.com.ar\\\/\"},{\"@type\":\"ListItem\",\"position\":2,\"name\":\"Nissan en Argentina, compromiso con la sostenibilidad y la inclusi\u00f3n\"}]},{\"@type\":\"WebSite\",\"@id\":\"https:\\\/\\\/autofans.com.ar\\\/#website\",\"url\":\"https:\\\/\\\/autofans.com.ar\\\/\",\"name\":\"\",\"description\":\"El multimedio referente de la industria automotriz\",\"potentialAction\":[{\"@type\":\"SearchAction\",\"target\":{\"@type\":\"EntryPoint\",\"urlTemplate\":\"https:\\\/\\\/autofans.com.ar\\\/?s={search_term_string}\"},\"query-input\":{\"@type\":\"PropertyValueSpecification\",\"valueRequired\":true,\"valueName\":\"search_term_string\"}}],\"inLanguage\":\"es\"},{\"@type\":\"Person\",\"@id\":\"https:\\\/\\\/autofans.com.ar\\\/#\\\/schema\\\/person\\\/4a8dda0b6df83ac3d6723e921274c2aa\",\"name\":\"Alejandro Gabriel Rosito\",\"image\":{\"@type\":\"ImageObject\",\"inLanguage\":\"es\",\"@id\":\"https:\\\/\\\/secure.gravatar.com\\\/avatar\\\/16c5dda1489adfc62618084dcbb91cffd879c374b13fe5dd8e44ed6733852c88?s=96&d=mm&r=g\",\"url\":\"https:\\\/\\\/secure.gravatar.com\\\/avatar\\\/16c5dda1489adfc62618084dcbb91cffd879c374b13fe5dd8e44ed6733852c88?s=96&d=mm&r=g\",\"contentUrl\":\"https:\\\/\\\/secure.gravatar.com\\\/avatar\\\/16c5dda1489adfc62618084dcbb91cffd879c374b13fe5dd8e44ed6733852c88?s=96&d=mm&r=g\",\"caption\":\"Alejandro Gabriel Rosito\"},\"url\":\"https:\\\/\\\/autofans.com.ar\\\/index.php\\\/author\\\/gabrielr\\\/\"}]}<\/script>\n<!-- \/ Yoast SEO plugin. -->","yoast_head_json":{"title":"Nissan en Argentina, compromiso con la sostenibilidad y la inclusi\u00f3n -","description":"Nissan reforz\u00f3 su compromiso con la sostenibilidad, la educaci\u00f3n y la inclusi\u00f3n social a trav\u00e9s de m\u00faltiples iniciativas en Argentina...","robots":{"index":"index","follow":"follow","max-snippet":"max-snippet:-1","max-image-preview":"max-image-preview:large","max-video-preview":"max-video-preview:-1"},"canonical":"https:\/\/autofans.com.ar\/index.php\/2024\/12\/27\/nissan-en-argentina-compromiso-con-la-sostenibilidad-y-la-inclusion\/","og_locale":"es_ES","og_type":"article","og_title":"Nissan en Argentina, compromiso con la sostenibilidad y la inclusi\u00f3n -","og_description":"Nissan reforz\u00f3 su compromiso con la sostenibilidad, la educaci\u00f3n y la inclusi\u00f3n social a trav\u00e9s de m\u00faltiples iniciativas en Argentina...","og_url":"https:\/\/autofans.com.ar\/index.php\/2024\/12\/27\/nissan-en-argentina-compromiso-con-la-sostenibilidad-y-la-inclusion\/","article_published_time":"2024-12-27T17:01:15+00:00","og_image":[{"width":1000,"height":667,"url":"https:\/\/autofans.com.ar\/wp-content\/uploads\/2024\/12\/nissan-1-4.jpg","type":"image\/jpeg"}],"author":"Alejandro Gabriel Rosito","twitter_card":"summary_large_image","twitter_misc":{"Escrito por":"Alejandro Gabriel Rosito","Tiempo de lectura":"3 minutos"},"schema":{"@context":"https:\/\/schema.org","@graph":[{"@type":"Article","@id":"https:\/\/autofans.com.ar\/index.php\/2024\/12\/27\/nissan-en-argentina-compromiso-con-la-sostenibilidad-y-la-inclusion\/#article","isPartOf":{"@id":"https:\/\/autofans.com.ar\/index.php\/2024\/12\/27\/nissan-en-argentina-compromiso-con-la-sostenibilidad-y-la-inclusion\/"},"author":{"name":"Alejandro Gabriel Rosito","@id":"https:\/\/autofans.com.ar\/#\/schema\/person\/4a8dda0b6df83ac3d6723e921274c2aa"},"headline":"Nissan en Argentina, compromiso con la sostenibilidad y la inclusi\u00f3n","datePublished":"2024-12-27T17:01:15+00:00","mainEntityOfPage":{"@id":"https:\/\/autofans.com.ar\/index.php\/2024\/12\/27\/nissan-en-argentina-compromiso-con-la-sostenibilidad-y-la-inclusion\/"},"wordCount":446,"image":{"@id":"https:\/\/autofans.com.ar\/index.php\/2024\/12\/27\/nissan-en-argentina-compromiso-con-la-sostenibilidad-y-la-inclusion\/#primaryimage"},"thumbnailUrl":"https:\/\/autofans.com.ar\/wp-content\/uploads\/2024\/12\/nissan-1-4.jpg","keywords":["#sostenibilidad","Araucaria araucana","educaci\u00f3n inclusiva","Fundaci\u00f3n Jean Maggi","ITBA","Nissan Argentina","Nissan Frontier","voluntariado corporativo"],"articleSection":["BIZSTYLE","NOTICIAS"],"inLanguage":"es"},{"@type":"WebPage","@id":"https:\/\/autofans.com.ar\/index.php\/2024\/12\/27\/nissan-en-argentina-compromiso-con-la-sostenibilidad-y-la-inclusion\/","url":"https:\/\/autofans.com.ar\/index.php\/2024\/12\/27\/nissan-en-argentina-compromiso-con-la-sostenibilidad-y-la-inclusion\/","name":"Nissan en Argentina, compromiso con la sostenibilidad y la inclusi\u00f3n -","isPartOf":{"@id":"https:\/\/autofans.com.ar\/#website"},"primaryImageOfPage":{"@id":"https:\/\/autofans.com.ar\/index.php\/2024\/12\/27\/nissan-en-argentina-compromiso-con-la-sostenibilidad-y-la-inclusion\/#primaryimage"},"image":{"@id":"https:\/\/autofans.com.ar\/index.php\/2024\/12\/27\/nissan-en-argentina-compromiso-con-la-sostenibilidad-y-la-inclusion\/#primaryimage"},"thumbnailUrl":"https:\/\/autofans.com.ar\/wp-content\/uploads\/2024\/12\/nissan-1-4.jpg","datePublished":"2024-12-27T17:01:15+00:00","author":{"@id":"https:\/\/autofans.com.ar\/#\/schema\/person\/4a8dda0b6df83ac3d6723e921274c2aa"},"description":"Nissan reforz\u00f3 su compromiso con la sostenibilidad, la educaci\u00f3n y la inclusi\u00f3n social a trav\u00e9s de m\u00faltiples iniciativas en Argentina...","breadcrumb":{"@id":"https:\/\/autofans.com.ar\/index.php\/2024\/12\/27\/nissan-en-argentina-compromiso-con-la-sostenibilidad-y-la-inclusion\/#breadcrumb"},"inLanguage":"es","potentialAction":[{"@type":"ReadAction","target":["https:\/\/autofans.com.ar\/index.php\/2024\/12\/27\/nissan-en-argentina-compromiso-con-la-sostenibilidad-y-la-inclusion\/"]}]},{"@type":"ImageObject","inLanguage":"es","@id":"https:\/\/autofans.com.ar\/index.php\/2024\/12\/27\/nissan-en-argentina-compromiso-con-la-sostenibilidad-y-la-inclusion\/#primaryimage","url":"https:\/\/autofans.com.ar\/wp-content\/uploads\/2024\/12\/nissan-1-4.jpg","contentUrl":"https:\/\/autofans.com.ar\/wp-content\/uploads\/2024\/12\/nissan-1-4.jpg","width":1000,"height":667,"caption":"Nissan"},{"@type":"BreadcrumbList","@id":"https:\/\/autofans.com.ar\/index.php\/2024\/12\/27\/nissan-en-argentina-compromiso-con-la-sostenibilidad-y-la-inclusion\/#breadcrumb","itemListElement":[{"@type":"ListItem","position":1,"name":"Inicio","item":"https:\/\/autofans.com.ar\/"},{"@type":"ListItem","position":2,"name":"Nissan en Argentina, compromiso con la sostenibilidad y la inclusi\u00f3n"}]},{"@type":"WebSite","@id":"https:\/\/autofans.com.ar\/#website","url":"https:\/\/autofans.com.ar\/","name":"","description":"El multimedio referente de la industria automotriz","potentialAction":[{"@type":"SearchAction","target":{"@type":"EntryPoint","urlTemplate":"https:\/\/autofans.com.ar\/?s={search_term_string}"},"query-input":{"@type":"PropertyValueSpecification","valueRequired":true,"valueName":"search_term_string"}}],"inLanguage":"es"},{"@type":"Person","@id":"https:\/\/autofans.com.ar\/#\/schema\/person\/4a8dda0b6df83ac3d6723e921274c2aa","name":"Alejandro Gabriel Rosito","image":{"@type":"ImageObject","inLanguage":"es","@id":"https:\/\/secure.gravatar.com\/avatar\/16c5dda1489adfc62618084dcbb91cffd879c374b13fe5dd8e44ed6733852c88?s=96&d=mm&r=g","url":"https:\/\/secure.gravatar.com\/avatar\/16c5dda1489adfc62618084dcbb91cffd879c374b13fe5dd8e44ed6733852c88?s=96&d=mm&r=g","contentUrl":"https:\/\/secure.gravatar.com\/avatar\/16c5dda1489adfc62618084dcbb91cffd879c374b13fe5dd8e44ed6733852c88?s=96&d=mm&r=g","caption":"Alejandro Gabriel Rosito"},"url":"https:\/\/autofans.com.ar\/index.php\/author\/gabrielr\/"}]}},"featured_image_urls":{"full":["https:\/\/autofans.com.ar\/wp-content\/uploads\/2024\/12\/nissan-1-4.jpg",1000,667,false],"thumbnail":["https:\/\/autofans.com.ar\/wp-content\/uploads\/2024\/12\/nissan-1-4-150x150.jpg",150,150,true],"medium":["https:\/\/autofans.com.ar\/wp-content\/uploads\/2024\/12\/nissan-1-4-300x200.jpg",300,200,true],"medium_large":["https:\/\/autofans.com.ar\/wp-content\/uploads\/2024\/12\/nissan-1-4-768x512.jpg",640,427,true],"large":["https:\/\/autofans.com.ar\/wp-content\/uploads\/2024\/12\/nissan-1-4.jpg",640,427,false],"1536x1536":["https:\/\/autofans.com.ar\/wp-content\/uploads\/2024\/12\/nissan-1-4.jpg",1000,667,false],"2048x2048":["https:\/\/autofans.com.ar\/wp-content\/uploads\/2024\/12\/nissan-1-4.jpg",1000,667,false],"covernews-featured":["https:\/\/autofans.com.ar\/wp-content\/uploads\/2024\/12\/nissan-1-4.jpg",1000,667,false],"covernews-medium":["https:\/\/autofans.com.ar\/wp-content\/uploads\/2024\/12\/nissan-1-4-540x340.jpg",540,340,true]},"author_info":{"display_name":"Alejandro Gabriel Rosito","author_link":"https:\/\/autofans.com.ar\/index.php\/author\/gabrielr\/"},"category_info":"<a href=\"https:\/\/autofans.com.ar\/index.php\/category\/noticias\/bizstyle\/\" rel=\"category tag\">BIZSTYLE<\/a> <a href=\"https:\/\/autofans.com.ar\/index.php\/category\/noticias\/\" rel=\"category tag\">NOTICIAS<\/a>","tag_info":"NOTICIAS","comment_count":0,"_links":{"self":[{"href":"https:\/\/autofans.com.ar\/index.php\/wp-json\/wp\/v2\/posts\/10459","targetHints":{"allow":["GET"]}}],"collection":[{"href":"https:\/\/autofans.com.ar\/index.php\/wp-json\/wp\/v2\/posts"}],"about":[{"href":"https:\/\/autofans.com.ar\/index.php\/wp-json\/wp\/v2\/types\/post"}],"author":[{"embeddable":true,"href":"https:\/\/autofans.com.ar\/index.php\/wp-json\/wp\/v2\/users\/2"}],"replies":[{"embeddable":true,"href":"https:\/\/autofans.com.ar\/index.php\/wp-json\/wp\/v2\/comments?post=10459"}],"version-history":[{"count":1,"href":"https:\/\/autofans.com.ar\/index.php\/wp-json\/wp\/v2\/posts\/10459\/revisions"}],"predecessor-version":[{"id":10463,"href":"https:\/\/autofans.com.ar\/index.php\/wp-json\/wp\/v2\/posts\/10459\/revisions\/10463"}],"wp:featuredmedia":[{"embeddable":true,"href":"https:\/\/autofans.com.ar\/index.php\/wp-json\/wp\/v2\/media\/10462"}],"wp:attachment":[{"href":"https:\/\/autofans.com.ar\/index.php\/wp-json\/wp\/v2\/media?parent=10459"}],"wp:term":[{"taxonomy":"category","embeddable":true,"href":"https:\/\/autofans.com.ar\/index.php\/wp-json\/wp\/v2\/categories?post=10459"},{"taxonomy":"post_tag","embeddable":true,"href":"https:\/\/autofans.com.ar\/index.php\/wp-json\/wp\/v2\/tags?post=10459"}],"curies":[{"name":"wp","href":"https:\/\/api.w.org\/{rel}","templated":true}]}}