{"id":10487,"date":"2024-12-30T22:16:37","date_gmt":"2024-12-31T01:16:37","guid":{"rendered":"https:\/\/autofans.com.ar\/?p=10487"},"modified":"2024-12-30T22:16:37","modified_gmt":"2024-12-31T01:16:37","slug":"kia-verano-2025-lanzamientos-y-experiencias-en-la-costa","status":"publish","type":"post","link":"https:\/\/autofans.com.ar\/index.php\/2024\/12\/30\/kia-verano-2025-lanzamientos-y-experiencias-en-la-costa\/","title":{"rendered":"Kia Verano 2025, lanzamientos y experiencias en la Costa"},"content":{"rendered":"<p>Kia Argentina vuelve a ser protagonista del verano 2025 en destinos clave de Argentina y Uruguay, presentando sus modelos m\u00e1s recientes y sumando experiencias exclusivas para sus usuarios. La automotriz coreana estar\u00e1 presente en Costa Esmeralda, Mendoza y Punta del Este, llevando innovaci\u00f3n y entretenimiento a los turistas.<\/p>\n<p>&nbsp;<\/p>\n<h2>Kia en Costa Esmeralda &#8211; all-new K3 como gran protagonista<\/h2>\n<p>En Costa Esmeralda, Kia exhibir\u00e1 el All-new K3, el esperado modelo que llegar\u00e1 en versiones Cross y Sed\u00e1n, ambas con cinco estrellas en seguridad otorgadas por Latin NCAP. Este lanzamiento marcar\u00e1 un hito en el segmento gracias a su tecnolog\u00eda, seguridad y equipamiento.<\/p>\n<p>&nbsp;<\/p>\n<p><img fetchpriority=\"high\" decoding=\"async\" class=\"aligncenter wp-image-10488 size-full\" src=\"https:\/\/autofans.com.ar\/wp-content\/uploads\/2024\/12\/kia-3.jpg\" alt=\"Kia\" width=\"1000\" height=\"667\" srcset=\"https:\/\/autofans.com.ar\/wp-content\/uploads\/2024\/12\/kia-3.jpg 1000w, https:\/\/autofans.com.ar\/wp-content\/uploads\/2024\/12\/kia-3-300x200.jpg 300w, https:\/\/autofans.com.ar\/wp-content\/uploads\/2024\/12\/kia-3-768x512.jpg 768w\" sizes=\"(max-width: 1000px) 100vw, 1000px\" \/><\/p>\n<p>&nbsp;<\/p>\n<p>El parador Punta Norte ser\u00e1 el epicentro de las actividades. All\u00ed, los visitantes podr\u00e1n apreciar el All-new K3 (versi\u00f3n Cross) junto al Kia Seltos, mientras que en otros puntos del barrio se exhibir\u00e1n el All-new K3 Sed\u00e1n, la Sportage y el redise\u00f1o de la Carnival. Adem\u00e1s, Kia ser\u00e1 sponsor de torneos deportivos, wellness y actividades recreativas abiertas a turistas y residentes.<\/p>\n<h3><\/h3>\n<blockquote>\n<p style=\"text-align: center;\">\u201cDurante el pr\u00f3ximo verano, las familias que elijan descansar en Costa Esmeralda, en Mendoza o en Punta del Este van a poder disfrutar de una temporada en la que el movimiento y el relax se equilibran para recargar energ\u00edas. Adem\u00e1s, pueden acercarse y descubrir el All-new K3, un modelo dise\u00f1ado para quienes valoran la seguridad, el dise\u00f1o y la innovaci\u00f3n\u201d coment\u00f3 Diana Anzola, supervisora de Marketing en Kia Argentina. \u201cNos motiva ser anfitriones y recibir a la comunidad Kia como si fuera nuestra casa\u201d, agreg\u00f3 la ejecutiva.<span class=\"Apple-converted-space\">\u00a0<\/span><\/p>\n<\/blockquote>\n<p>&nbsp;<\/p>\n<h2>Experiencias exclusivas &#8211; Mendoza y Punta del Este<\/h2>\n<p>&nbsp;<\/p>\n<p><img decoding=\"async\" class=\"aligncenter wp-image-10489 size-full\" src=\"https:\/\/autofans.com.ar\/wp-content\/uploads\/2024\/12\/kia-2.jpg\" alt=\"Kia\" width=\"1000\" height=\"667\" srcset=\"https:\/\/autofans.com.ar\/wp-content\/uploads\/2024\/12\/kia-2.jpg 1000w, https:\/\/autofans.com.ar\/wp-content\/uploads\/2024\/12\/kia-2-300x200.jpg 300w, https:\/\/autofans.com.ar\/wp-content\/uploads\/2024\/12\/kia-2-768x512.jpg 768w\" sizes=\"(max-width: 1000px) 100vw, 1000px\" \/><\/p>\n<p>&nbsp;<\/p>\n<p>Adem\u00e1s de su presencia en la Costa Atl\u00e1ntica, Kia estar\u00e1 en la provincia de Mendoza como parte de \u201cLas noches de Luna Llena\u201d, un evento mensual en la bodega ANAIA que combina gastronom\u00eda, naturaleza y dise\u00f1o automotor.<\/p>\n<p>En Punta del Este, Kia se unir\u00e1 al restaurante Legua, en La Barra. All\u00ed, el renovado Seltos ser\u00e1 exhibido como parte de una experiencia gourmet exclusiva que incluir\u00e1 beneficios para los clientes de la marca.<\/p>\n<p>Con actividades y exhibiciones en destinos tur\u00edsticos emblem\u00e1ticos, Kia Argentina refuerza su compromiso de acercar experiencias \u00fanicas, innovaci\u00f3n y dise\u00f1o a sus usuarios, haciendo del verano 2025 una temporada inolvidable.<\/p>\n<p>&nbsp;<\/p>\n<p>&nbsp;<\/p>\n<p>&nbsp;<\/p>\n<p><i>Para enterarte de m\u00e1s novedades, no dejes de leer\u00a0<\/i><a href=\"https:\/\/autofans.thebrandsoup.com\/\"><i>nuestras notas<\/i><\/a><i>, de ver<\/i><b><i>\u00a0<\/i><\/b><a href=\"https:\/\/www.youtube.com\/channel\/UCgAC8UGHZYbT6P7PpmVnP7g\"><b><i>AUTOFANS TV<\/i><\/b><\/a><b><i>\u00a0<\/i><\/b><i>en nuestro\u00a0canal de Youtube. Adem\u00e1s seguinos en\u00a0<\/i><a href=\"https:\/\/www.instagram.com\/autofanstv\/\"><i>INSTAGRAM<\/i><\/a><i> y <\/i><a href=\"https:\/\/www.facebook.com\/autofansmas\/\"><i>FACEBOOK<\/i><\/a><i> para no perderte nada sobre las novedades del segmento automotor de Argentina y el mundo.<\/i><\/p>\n","protected":false},"excerpt":{"rendered":"<p>Kia Argentina vuelve a ser protagonista del verano 2025 en destinos clave de Argentina y&#8230;<\/p>\n","protected":false},"author":2,"featured_media":10490,"comment_status":"closed","ping_status":"closed","sticky":false,"template":"","format":"standard","meta":{"footnotes":""},"categories":[6,16],"tags":[5702,5706,3291,5708,1715,5704,5705,1185,1799,5707,5703],"class_list":["post-10487","post","type-post","status-publish","format-standard","has-post-thumbnail","hentry","category-bizstyle","category-noticias","tag-all-new-k3","tag-carnival-rediseno","tag-costa-esmeralda","tag-experiencias-kia","tag-kia-argentina","tag-kia-seltos","tag-kia-sportage","tag-mendoza","tag-punta-del-este","tag-turismo-y-autos","tag-verano-2025"],"yoast_head":"<!-- This site is optimized with the Yoast SEO plugin v27.5 - https:\/\/yoast.com\/product\/yoast-seo-wordpress\/ -->\n<title>Kia Verano 2025, lanzamientos y experiencias en la Costa -<\/title>\n<meta name=\"description\" content=\"Kia Argentina vuelve a ser protagonista del verano 2025 en destinos clave de Argentina y Uruguay, presentando sus modelos m\u00e1s recientes...\" \/>\n<meta name=\"robots\" content=\"index, follow, max-snippet:-1, max-image-preview:large, max-video-preview:-1\" \/>\n<link rel=\"canonical\" href=\"https:\/\/autofans.com.ar\/index.php\/2024\/12\/30\/kia-verano-2025-lanzamientos-y-experiencias-en-la-costa\/\" \/>\n<meta property=\"og:locale\" content=\"es_ES\" \/>\n<meta property=\"og:type\" content=\"article\" \/>\n<meta property=\"og:title\" content=\"Kia Verano 2025, lanzamientos y experiencias en la Costa -\" \/>\n<meta property=\"og:description\" content=\"Kia Argentina vuelve a ser protagonista del verano 2025 en destinos clave de Argentina y Uruguay, presentando sus modelos m\u00e1s recientes...\" \/>\n<meta property=\"og:url\" content=\"https:\/\/autofans.com.ar\/index.php\/2024\/12\/30\/kia-verano-2025-lanzamientos-y-experiencias-en-la-costa\/\" \/>\n<meta property=\"article:published_time\" content=\"2024-12-31T01:16:37+00:00\" \/>\n<meta property=\"og:image\" content=\"https:\/\/autofans.com.ar\/wp-content\/uploads\/2024\/12\/kia-1.jpg\" \/>\n\t<meta property=\"og:image:width\" content=\"1000\" \/>\n\t<meta property=\"og:image:height\" content=\"667\" \/>\n\t<meta property=\"og:image:type\" content=\"image\/jpeg\" \/>\n<meta name=\"author\" content=\"Alejandro Gabriel Rosito\" \/>\n<meta name=\"twitter:card\" content=\"summary_large_image\" \/>\n<meta name=\"twitter:label1\" content=\"Escrito por\" \/>\n\t<meta name=\"twitter:data1\" content=\"Alejandro Gabriel Rosito\" \/>\n\t<meta name=\"twitter:label2\" content=\"Tiempo de lectura\" \/>\n\t<meta name=\"twitter:data2\" content=\"3 minutos\" \/>\n<script type=\"application\/ld+json\" class=\"yoast-schema-graph\">{\"@context\":\"https:\\\/\\\/schema.org\",\"@graph\":[{\"@type\":\"Article\",\"@id\":\"https:\\\/\\\/autofans.com.ar\\\/index.php\\\/2024\\\/12\\\/30\\\/kia-verano-2025-lanzamientos-y-experiencias-en-la-costa\\\/#article\",\"isPartOf\":{\"@id\":\"https:\\\/\\\/autofans.com.ar\\\/index.php\\\/2024\\\/12\\\/30\\\/kia-verano-2025-lanzamientos-y-experiencias-en-la-costa\\\/\"},\"author\":{\"name\":\"Alejandro Gabriel Rosito\",\"@id\":\"https:\\\/\\\/autofans.com.ar\\\/#\\\/schema\\\/person\\\/4a8dda0b6df83ac3d6723e921274c2aa\"},\"headline\":\"Kia Verano 2025, lanzamientos y experiencias en la Costa\",\"datePublished\":\"2024-12-31T01:16:37+00:00\",\"mainEntityOfPage\":{\"@id\":\"https:\\\/\\\/autofans.com.ar\\\/index.php\\\/2024\\\/12\\\/30\\\/kia-verano-2025-lanzamientos-y-experiencias-en-la-costa\\\/\"},\"wordCount\":441,\"image\":{\"@id\":\"https:\\\/\\\/autofans.com.ar\\\/index.php\\\/2024\\\/12\\\/30\\\/kia-verano-2025-lanzamientos-y-experiencias-en-la-costa\\\/#primaryimage\"},\"thumbnailUrl\":\"https:\\\/\\\/autofans.com.ar\\\/wp-content\\\/uploads\\\/2024\\\/12\\\/kia-1.jpg\",\"keywords\":[\"all-new k3\",\"carnival redise\u00f1o\",\"Costa Esmeralda\",\"experiencias kia\",\"Kia Argentina\",\"kia seltos\",\"kia sportage\",\"Mendoza\",\"Punta del Este\",\"turismo y autos\",\"verano 2025\"],\"articleSection\":[\"BIZSTYLE\",\"NOTICIAS\"],\"inLanguage\":\"es\"},{\"@type\":\"WebPage\",\"@id\":\"https:\\\/\\\/autofans.com.ar\\\/index.php\\\/2024\\\/12\\\/30\\\/kia-verano-2025-lanzamientos-y-experiencias-en-la-costa\\\/\",\"url\":\"https:\\\/\\\/autofans.com.ar\\\/index.php\\\/2024\\\/12\\\/30\\\/kia-verano-2025-lanzamientos-y-experiencias-en-la-costa\\\/\",\"name\":\"Kia Verano 2025, lanzamientos y experiencias en la Costa -\",\"isPartOf\":{\"@id\":\"https:\\\/\\\/autofans.com.ar\\\/#website\"},\"primaryImageOfPage\":{\"@id\":\"https:\\\/\\\/autofans.com.ar\\\/index.php\\\/2024\\\/12\\\/30\\\/kia-verano-2025-lanzamientos-y-experiencias-en-la-costa\\\/#primaryimage\"},\"image\":{\"@id\":\"https:\\\/\\\/autofans.com.ar\\\/index.php\\\/2024\\\/12\\\/30\\\/kia-verano-2025-lanzamientos-y-experiencias-en-la-costa\\\/#primaryimage\"},\"thumbnailUrl\":\"https:\\\/\\\/autofans.com.ar\\\/wp-content\\\/uploads\\\/2024\\\/12\\\/kia-1.jpg\",\"datePublished\":\"2024-12-31T01:16:37+00:00\",\"author\":{\"@id\":\"https:\\\/\\\/autofans.com.ar\\\/#\\\/schema\\\/person\\\/4a8dda0b6df83ac3d6723e921274c2aa\"},\"description\":\"Kia Argentina vuelve a ser protagonista del verano 2025 en destinos clave de Argentina y Uruguay, presentando sus modelos m\u00e1s recientes...\",\"breadcrumb\":{\"@id\":\"https:\\\/\\\/autofans.com.ar\\\/index.php\\\/2024\\\/12\\\/30\\\/kia-verano-2025-lanzamientos-y-experiencias-en-la-costa\\\/#breadcrumb\"},\"inLanguage\":\"es\",\"potentialAction\":[{\"@type\":\"ReadAction\",\"target\":[\"https:\\\/\\\/autofans.com.ar\\\/index.php\\\/2024\\\/12\\\/30\\\/kia-verano-2025-lanzamientos-y-experiencias-en-la-costa\\\/\"]}]},{\"@type\":\"ImageObject\",\"inLanguage\":\"es\",\"@id\":\"https:\\\/\\\/autofans.com.ar\\\/index.php\\\/2024\\\/12\\\/30\\\/kia-verano-2025-lanzamientos-y-experiencias-en-la-costa\\\/#primaryimage\",\"url\":\"https:\\\/\\\/autofans.com.ar\\\/wp-content\\\/uploads\\\/2024\\\/12\\\/kia-1.jpg\",\"contentUrl\":\"https:\\\/\\\/autofans.com.ar\\\/wp-content\\\/uploads\\\/2024\\\/12\\\/kia-1.jpg\",\"width\":1000,\"height\":667,\"caption\":\"Kia\"},{\"@type\":\"BreadcrumbList\",\"@id\":\"https:\\\/\\\/autofans.com.ar\\\/index.php\\\/2024\\\/12\\\/30\\\/kia-verano-2025-lanzamientos-y-experiencias-en-la-costa\\\/#breadcrumb\",\"itemListElement\":[{\"@type\":\"ListItem\",\"position\":1,\"name\":\"Inicio\",\"item\":\"https:\\\/\\\/autofans.com.ar\\\/\"},{\"@type\":\"ListItem\",\"position\":2,\"name\":\"Kia Verano 2025, lanzamientos y experiencias en la Costa\"}]},{\"@type\":\"WebSite\",\"@id\":\"https:\\\/\\\/autofans.com.ar\\\/#website\",\"url\":\"https:\\\/\\\/autofans.com.ar\\\/\",\"name\":\"\",\"description\":\"El multimedio referente de la industria automotriz\",\"potentialAction\":[{\"@type\":\"SearchAction\",\"target\":{\"@type\":\"EntryPoint\",\"urlTemplate\":\"https:\\\/\\\/autofans.com.ar\\\/?s={search_term_string}\"},\"query-input\":{\"@type\":\"PropertyValueSpecification\",\"valueRequired\":true,\"valueName\":\"search_term_string\"}}],\"inLanguage\":\"es\"},{\"@type\":\"Person\",\"@id\":\"https:\\\/\\\/autofans.com.ar\\\/#\\\/schema\\\/person\\\/4a8dda0b6df83ac3d6723e921274c2aa\",\"name\":\"Alejandro Gabriel Rosito\",\"image\":{\"@type\":\"ImageObject\",\"inLanguage\":\"es\",\"@id\":\"https:\\\/\\\/secure.gravatar.com\\\/avatar\\\/16c5dda1489adfc62618084dcbb91cffd879c374b13fe5dd8e44ed6733852c88?s=96&d=mm&r=g\",\"url\":\"https:\\\/\\\/secure.gravatar.com\\\/avatar\\\/16c5dda1489adfc62618084dcbb91cffd879c374b13fe5dd8e44ed6733852c88?s=96&d=mm&r=g\",\"contentUrl\":\"https:\\\/\\\/secure.gravatar.com\\\/avatar\\\/16c5dda1489adfc62618084dcbb91cffd879c374b13fe5dd8e44ed6733852c88?s=96&d=mm&r=g\",\"caption\":\"Alejandro Gabriel Rosito\"},\"url\":\"https:\\\/\\\/autofans.com.ar\\\/index.php\\\/author\\\/gabrielr\\\/\"}]}<\/script>\n<!-- \/ Yoast SEO plugin. -->","yoast_head_json":{"title":"Kia Verano 2025, lanzamientos y experiencias en la Costa -","description":"Kia Argentina vuelve a ser protagonista del verano 2025 en destinos clave de Argentina y Uruguay, presentando sus modelos m\u00e1s recientes...","robots":{"index":"index","follow":"follow","max-snippet":"max-snippet:-1","max-image-preview":"max-image-preview:large","max-video-preview":"max-video-preview:-1"},"canonical":"https:\/\/autofans.com.ar\/index.php\/2024\/12\/30\/kia-verano-2025-lanzamientos-y-experiencias-en-la-costa\/","og_locale":"es_ES","og_type":"article","og_title":"Kia Verano 2025, lanzamientos y experiencias en la Costa -","og_description":"Kia Argentina vuelve a ser protagonista del verano 2025 en destinos clave de Argentina y Uruguay, presentando sus modelos m\u00e1s recientes...","og_url":"https:\/\/autofans.com.ar\/index.php\/2024\/12\/30\/kia-verano-2025-lanzamientos-y-experiencias-en-la-costa\/","article_published_time":"2024-12-31T01:16:37+00:00","og_image":[{"width":1000,"height":667,"url":"https:\/\/autofans.com.ar\/wp-content\/uploads\/2024\/12\/kia-1.jpg","type":"image\/jpeg"}],"author":"Alejandro Gabriel Rosito","twitter_card":"summary_large_image","twitter_misc":{"Escrito por":"Alejandro Gabriel Rosito","Tiempo de lectura":"3 minutos"},"schema":{"@context":"https:\/\/schema.org","@graph":[{"@type":"Article","@id":"https:\/\/autofans.com.ar\/index.php\/2024\/12\/30\/kia-verano-2025-lanzamientos-y-experiencias-en-la-costa\/#article","isPartOf":{"@id":"https:\/\/autofans.com.ar\/index.php\/2024\/12\/30\/kia-verano-2025-lanzamientos-y-experiencias-en-la-costa\/"},"author":{"name":"Alejandro Gabriel Rosito","@id":"https:\/\/autofans.com.ar\/#\/schema\/person\/4a8dda0b6df83ac3d6723e921274c2aa"},"headline":"Kia Verano 2025, lanzamientos y experiencias en la Costa","datePublished":"2024-12-31T01:16:37+00:00","mainEntityOfPage":{"@id":"https:\/\/autofans.com.ar\/index.php\/2024\/12\/30\/kia-verano-2025-lanzamientos-y-experiencias-en-la-costa\/"},"wordCount":441,"image":{"@id":"https:\/\/autofans.com.ar\/index.php\/2024\/12\/30\/kia-verano-2025-lanzamientos-y-experiencias-en-la-costa\/#primaryimage"},"thumbnailUrl":"https:\/\/autofans.com.ar\/wp-content\/uploads\/2024\/12\/kia-1.jpg","keywords":["all-new k3","carnival redise\u00f1o","Costa Esmeralda","experiencias kia","Kia Argentina","kia seltos","kia sportage","Mendoza","Punta del Este","turismo y autos","verano 2025"],"articleSection":["BIZSTYLE","NOTICIAS"],"inLanguage":"es"},{"@type":"WebPage","@id":"https:\/\/autofans.com.ar\/index.php\/2024\/12\/30\/kia-verano-2025-lanzamientos-y-experiencias-en-la-costa\/","url":"https:\/\/autofans.com.ar\/index.php\/2024\/12\/30\/kia-verano-2025-lanzamientos-y-experiencias-en-la-costa\/","name":"Kia Verano 2025, lanzamientos y experiencias en la Costa -","isPartOf":{"@id":"https:\/\/autofans.com.ar\/#website"},"primaryImageOfPage":{"@id":"https:\/\/autofans.com.ar\/index.php\/2024\/12\/30\/kia-verano-2025-lanzamientos-y-experiencias-en-la-costa\/#primaryimage"},"image":{"@id":"https:\/\/autofans.com.ar\/index.php\/2024\/12\/30\/kia-verano-2025-lanzamientos-y-experiencias-en-la-costa\/#primaryimage"},"thumbnailUrl":"https:\/\/autofans.com.ar\/wp-content\/uploads\/2024\/12\/kia-1.jpg","datePublished":"2024-12-31T01:16:37+00:00","author":{"@id":"https:\/\/autofans.com.ar\/#\/schema\/person\/4a8dda0b6df83ac3d6723e921274c2aa"},"description":"Kia Argentina vuelve a ser protagonista del verano 2025 en destinos clave de Argentina y Uruguay, presentando sus modelos m\u00e1s recientes...","breadcrumb":{"@id":"https:\/\/autofans.com.ar\/index.php\/2024\/12\/30\/kia-verano-2025-lanzamientos-y-experiencias-en-la-costa\/#breadcrumb"},"inLanguage":"es","potentialAction":[{"@type":"ReadAction","target":["https:\/\/autofans.com.ar\/index.php\/2024\/12\/30\/kia-verano-2025-lanzamientos-y-experiencias-en-la-costa\/"]}]},{"@type":"ImageObject","inLanguage":"es","@id":"https:\/\/autofans.com.ar\/index.php\/2024\/12\/30\/kia-verano-2025-lanzamientos-y-experiencias-en-la-costa\/#primaryimage","url":"https:\/\/autofans.com.ar\/wp-content\/uploads\/2024\/12\/kia-1.jpg","contentUrl":"https:\/\/autofans.com.ar\/wp-content\/uploads\/2024\/12\/kia-1.jpg","width":1000,"height":667,"caption":"Kia"},{"@type":"BreadcrumbList","@id":"https:\/\/autofans.com.ar\/index.php\/2024\/12\/30\/kia-verano-2025-lanzamientos-y-experiencias-en-la-costa\/#breadcrumb","itemListElement":[{"@type":"ListItem","position":1,"name":"Inicio","item":"https:\/\/autofans.com.ar\/"},{"@type":"ListItem","position":2,"name":"Kia Verano 2025, lanzamientos y experiencias en la Costa"}]},{"@type":"WebSite","@id":"https:\/\/autofans.com.ar\/#website","url":"https:\/\/autofans.com.ar\/","name":"","description":"El multimedio referente de la industria automotriz","potentialAction":[{"@type":"SearchAction","target":{"@type":"EntryPoint","urlTemplate":"https:\/\/autofans.com.ar\/?s={search_term_string}"},"query-input":{"@type":"PropertyValueSpecification","valueRequired":true,"valueName":"search_term_string"}}],"inLanguage":"es"},{"@type":"Person","@id":"https:\/\/autofans.com.ar\/#\/schema\/person\/4a8dda0b6df83ac3d6723e921274c2aa","name":"Alejandro Gabriel Rosito","image":{"@type":"ImageObject","inLanguage":"es","@id":"https:\/\/secure.gravatar.com\/avatar\/16c5dda1489adfc62618084dcbb91cffd879c374b13fe5dd8e44ed6733852c88?s=96&d=mm&r=g","url":"https:\/\/secure.gravatar.com\/avatar\/16c5dda1489adfc62618084dcbb91cffd879c374b13fe5dd8e44ed6733852c88?s=96&d=mm&r=g","contentUrl":"https:\/\/secure.gravatar.com\/avatar\/16c5dda1489adfc62618084dcbb91cffd879c374b13fe5dd8e44ed6733852c88?s=96&d=mm&r=g","caption":"Alejandro Gabriel Rosito"},"url":"https:\/\/autofans.com.ar\/index.php\/author\/gabrielr\/"}]}},"featured_image_urls":{"full":["https:\/\/autofans.com.ar\/wp-content\/uploads\/2024\/12\/kia-1.jpg",1000,667,false],"thumbnail":["https:\/\/autofans.com.ar\/wp-content\/uploads\/2024\/12\/kia-1-150x150.jpg",150,150,true],"medium":["https:\/\/autofans.com.ar\/wp-content\/uploads\/2024\/12\/kia-1-300x200.jpg",300,200,true],"medium_large":["https:\/\/autofans.com.ar\/wp-content\/uploads\/2024\/12\/kia-1-768x512.jpg",640,427,true],"large":["https:\/\/autofans.com.ar\/wp-content\/uploads\/2024\/12\/kia-1.jpg",640,427,false],"1536x1536":["https:\/\/autofans.com.ar\/wp-content\/uploads\/2024\/12\/kia-1.jpg",1000,667,false],"2048x2048":["https:\/\/autofans.com.ar\/wp-content\/uploads\/2024\/12\/kia-1.jpg",1000,667,false],"covernews-featured":["https:\/\/autofans.com.ar\/wp-content\/uploads\/2024\/12\/kia-1.jpg",1000,667,false],"covernews-medium":["https:\/\/autofans.com.ar\/wp-content\/uploads\/2024\/12\/kia-1-540x340.jpg",540,340,true]},"author_info":{"display_name":"Alejandro Gabriel Rosito","author_link":"https:\/\/autofans.com.ar\/index.php\/author\/gabrielr\/"},"category_info":"<a href=\"https:\/\/autofans.com.ar\/index.php\/category\/noticias\/bizstyle\/\" rel=\"category tag\">BIZSTYLE<\/a> <a href=\"https:\/\/autofans.com.ar\/index.php\/category\/noticias\/\" rel=\"category tag\">NOTICIAS<\/a>","tag_info":"NOTICIAS","comment_count":0,"_links":{"self":[{"href":"https:\/\/autofans.com.ar\/index.php\/wp-json\/wp\/v2\/posts\/10487","targetHints":{"allow":["GET"]}}],"collection":[{"href":"https:\/\/autofans.com.ar\/index.php\/wp-json\/wp\/v2\/posts"}],"about":[{"href":"https:\/\/autofans.com.ar\/index.php\/wp-json\/wp\/v2\/types\/post"}],"author":[{"embeddable":true,"href":"https:\/\/autofans.com.ar\/index.php\/wp-json\/wp\/v2\/users\/2"}],"replies":[{"embeddable":true,"href":"https:\/\/autofans.com.ar\/index.php\/wp-json\/wp\/v2\/comments?post=10487"}],"version-history":[{"count":4,"href":"https:\/\/autofans.com.ar\/index.php\/wp-json\/wp\/v2\/posts\/10487\/revisions"}],"predecessor-version":[{"id":10494,"href":"https:\/\/autofans.com.ar\/index.php\/wp-json\/wp\/v2\/posts\/10487\/revisions\/10494"}],"wp:featuredmedia":[{"embeddable":true,"href":"https:\/\/autofans.com.ar\/index.php\/wp-json\/wp\/v2\/media\/10490"}],"wp:attachment":[{"href":"https:\/\/autofans.com.ar\/index.php\/wp-json\/wp\/v2\/media?parent=10487"}],"wp:term":[{"taxonomy":"category","embeddable":true,"href":"https:\/\/autofans.com.ar\/index.php\/wp-json\/wp\/v2\/categories?post=10487"},{"taxonomy":"post_tag","embeddable":true,"href":"https:\/\/autofans.com.ar\/index.php\/wp-json\/wp\/v2\/tags?post=10487"}],"curies":[{"name":"wp","href":"https:\/\/api.w.org\/{rel}","templated":true}]}}