{"id":10512,"date":"2025-01-02T20:48:58","date_gmt":"2025-01-02T23:48:58","guid":{"rendered":"https:\/\/autofans.com.ar\/?p=10512"},"modified":"2025-01-02T20:48:58","modified_gmt":"2025-01-02T23:48:58","slug":"stellantis-presenta-su-verano-automotriz-en-la-costa-atlantica","status":"publish","type":"post","link":"https:\/\/autofans.com.ar\/index.php\/2025\/01\/02\/stellantis-presenta-su-verano-automotriz-en-la-costa-atlantica\/","title":{"rendered":"Stellantis Presenta su Verano Automotriz en la Costa Atl\u00e1ntica"},"content":{"rendered":"<p>El Summer Car Show 2025, organizado por el Grupo Stellantis, regresa este verano con una propuesta innovadora para los amantes de los autos. Desde el 28 de diciembre hasta el 21 de febrero, este parque tem\u00e1tico automotriz estar\u00e1 ubicado en la Ruta 11, KM 407 (entre Caril\u00f3 y Villa Gesell), abierto de 14 a 22 hs. Adem\u00e1s, Stellantis suma un espacio en Mar del Plata, en el Shopping Aldrey, disponible de 19 a 00 hs hasta el 16 de febrero.<\/p>\n<p>&nbsp;<\/p>\n<h2>Stellantis y lo mejor del Summer Car Show<\/h2>\n<p>Exhibici\u00f3n de modelos y lanzamientos<\/p>\n<p>Cada una de las marcas del grupo (Citro\u00ebn, DS Automobiles, Fiat, Jeep, Peugeot y RAM) presenta sus modelos m\u00e1s destacados:<\/p>\n<ul>\n<li><strong>Citro\u00ebn<\/strong>: C3 Aircross 7 plazas, Citro\u00ebn Ami y los lanzamientos exclusivos de enero, Basalt y C3 You.<\/li>\n<li><strong>DS Automobiles<\/strong>: DS 7 e-Tense y una gama premium.<\/li>\n<li><strong>Fiat<\/strong>: Fastback Abarth, Strada Ultra y m\u00e1s.<\/li>\n<li><strong>Jeep<\/strong>: Wrangler Rubicon, cl\u00e1sicos Willys y Commander Blackhawk.<\/li>\n<li><strong>Peugeot<\/strong>: Avant premiere del E2008 el\u00e9ctrico y el 408 GT.<\/li>\n<li><strong>RAM<\/strong>: Toda la l\u00ednea Rampage.<\/li>\n<\/ul>\n<p>&nbsp;<\/p>\n<p><img fetchpriority=\"high\" decoding=\"async\" class=\"aligncenter wp-image-10516 size-full\" src=\"https:\/\/autofans.com.ar\/wp-content\/uploads\/2025\/01\/summer-1.jpg\" alt=\"Stellantis\" width=\"1000\" height=\"667\" srcset=\"https:\/\/autofans.com.ar\/wp-content\/uploads\/2025\/01\/summer-1.jpg 1000w, https:\/\/autofans.com.ar\/wp-content\/uploads\/2025\/01\/summer-1-300x200.jpg 300w, https:\/\/autofans.com.ar\/wp-content\/uploads\/2025\/01\/summer-1-768x512.jpg 768w\" sizes=\"(max-width: 1000px) 100vw, 1000px\" \/><\/p>\n<p>&nbsp;<\/p>\n<p>De 14 a 20 hs, los visitantes podr\u00e1n probar veh\u00edculos urbanos y Off Road. Turnos disponibles en los sitios oficiales de cada marca.<\/p>\n<p>Charlas de especialistas, talleres pr\u00e1cticos como <em>Women by Stellantis<\/em> (13 y 14 de enero), y actividades para aprender sobre mantenimiento vehicular.<\/p>\n<p>M\u00fasica en vivo, un espacio gastron\u00f3mico y atracciones para toda la familia completan esta experiencia \u00fanica.<\/p>\n<p>En el Shopping Aldrey, Stellantis ofrece beneficios exclusivos en planes de ahorro, posventa y accesorios Mopar con descuentos del 30%. Adem\u00e1s, es posible suscribirse digitalmente a planes FlexCare y explorar opciones de mantenimiento.<\/p>\n<ul>\n<li>Jeep: <u><a id=\"m_-7917864555479542845OWA122c0478-989c-f3fd-6ecb-bbce19c337ab\" href=\"https:\/\/jeep.summercarshow.com.ar\/\" target=\"_blank\" rel=\"noreferrer noopener\" data-saferedirecturl=\"https:\/\/www.google.com\/url?q=https:\/\/jeep.summercarshow.com.ar\/&amp;source=gmail&amp;ust=1735924353467000&amp;usg=AOvVaw0QoqGMw41a168cv0504Fgn\">jeep.summercarshow.com.ar<\/a><\/u><\/li>\n<li>DS Automobiles: <u><a id=\"m_-7917864555479542845OWA76a83740-236e-c41c-da20-a1a3d348dcbc\" href=\"https:\/\/ds.summercarshow.com.ar\/\" target=\"_blank\" rel=\"noreferrer noopener\" data-saferedirecturl=\"https:\/\/www.google.com\/url?q=https:\/\/ds.summercarshow.com.ar\/&amp;source=gmail&amp;ust=1735924353467000&amp;usg=AOvVaw2lEWxr-fNX0RdWqjA4D-Tt\">ds.summercarshow.com.ar<\/a><\/u><\/li>\n<li>Fiat: <u><a id=\"m_-7917864555479542845OWA7f52eba6-3c3d-af77-f4ac-9e4a7e7025a2\" href=\"https:\/\/fiat.summercarshow.com.ar\/\" target=\"_blank\" rel=\"noreferrer noopener\" data-saferedirecturl=\"https:\/\/www.google.com\/url?q=https:\/\/fiat.summercarshow.com.ar\/&amp;source=gmail&amp;ust=1735924353467000&amp;usg=AOvVaw0cZ5P-qVh-ui0dhiEJzeDA\">fiat.summercarshow.com.ar<\/a><\/u><\/li>\n<li>RAM: <u><a id=\"m_-7917864555479542845OWAcdbbdebc-5c11-6075-a066-294a5cbb8e89\" href=\"https:\/\/ram.summercarshow.com.ar\/\" target=\"_blank\" rel=\"noreferrer noopener\" data-saferedirecturl=\"https:\/\/www.google.com\/url?q=https:\/\/ram.summercarshow.com.ar\/&amp;source=gmail&amp;ust=1735924353467000&amp;usg=AOvVaw2glXzKldRYJHjOgNYeOoF0\">ram.summercarshow.com.ar<\/a><\/u><\/li>\n<li>Citro\u00ebn: <u><a id=\"m_-7917864555479542845OWA61c11cc8-29e7-8f17-500c-c22c4fcef519\" href=\"https:\/\/citroen.summercarshow.com.ar\/\" target=\"_blank\" rel=\"noreferrer noopener\" data-saferedirecturl=\"https:\/\/www.google.com\/url?q=https:\/\/citroen.summercarshow.com.ar\/&amp;source=gmail&amp;ust=1735924353467000&amp;usg=AOvVaw0zujNPx-7Ub5faYWKV_CdN\">citroen.summercarshow.com.ar<\/a><\/u><\/li>\n<li>Peugeot: <u><a id=\"m_-7917864555479542845OWA051ca0ad-521a-3f2b-6fcb-f4fabb4d6cbe\" href=\"https:\/\/peugeot.summercarshow.com.ar\/\" target=\"_blank\" rel=\"noreferrer noopener\" data-saferedirecturl=\"https:\/\/www.google.com\/url?q=https:\/\/peugeot.summercarshow.com.ar\/&amp;source=gmail&amp;ust=1735924353467000&amp;usg=AOvVaw0PbVow9YtXqZZxXNCOkC-q\">peugeot.summercarshow.com.ar<\/a><\/u><\/li>\n<\/ul>\n<p>En el SUMMER CAR SHOW podr\u00e1n disfrutar de manera gratuita todos los interesados diferentes charlas de especialistas vinculadas a modelos espec\u00edficos de marcas que ofrecen productos off road como RAM, Jeep y Fiat. Adem\u00e1s, habr\u00e1 charlas de plan de ahorro a cargo de @Planerodeley y charlas de tecnolog\u00eda a cargo de especialistas en la materia.<\/p>\n<p>&nbsp;<\/p>\n<h2>Stellantis Summer Plan en Mar del Plata<\/h2>\n<p>El <strong>Summer Car Show<\/strong> ofrece shows de m\u00fasica en vivo al aire libre al caer la tarde. La entrada es libre y gratuita, pero est\u00e1 sujeta a la capacidad del parque. Consult\u00e1 artistas, d\u00edas y horarios en el sitio oficial: <a href=\"https:\/\/summercarshow.com.ar\/\" target=\"_new\" rel=\"noopener\">summercarshow.com.ar<\/a>.<\/p>\n<p>El predio del Summer Car Show tambi\u00e9n cuenta con un espacio gastron\u00f3mico que estar\u00e1 abierto todos los d\u00edas de 14 a 22 h. Una parada ideal para reponer energ\u00edas y disfrutar de la mejor comida mientras recorr\u00e9s las atracciones.<\/p>\n<p>Stellantis organiza el workshop gratuito \u00abWomen by Stellantis\u00bb, dise\u00f1ado por mujeres y para mujeres. Este taller te\u00f3rico-pr\u00e1ctico se realizar\u00e1 el 13 de enero en Caril\u00f3 y el 14 de enero en Mar del Plata, ambos a las 18 h.<\/p>\n<p>Entre los temas que se abordar\u00e1n se encuentran:<\/p>\n<ul>\n<li>Optimizaci\u00f3n del consumo de combustible.<\/li>\n<li>Correcta posici\u00f3n de manejo.<\/li>\n<li>Seguridad dentro del habit\u00e1culo.<\/li>\n<li>Mantenimiento de neum\u00e1ticos y fluidos.<\/li>\n<li>Cambio de neum\u00e1ticos.<\/li>\n<\/ul>\n<p>Con una duraci\u00f3n aproximada de dos horas, esta actividad busca brindar herramientas \u00fatiles para el cuidado del veh\u00edculo.<\/p>\n<p>&nbsp;<\/p>\n<p><img decoding=\"async\" class=\"aligncenter wp-image-10514 size-full\" src=\"https:\/\/autofans.com.ar\/wp-content\/uploads\/2025\/01\/summer-3.jpg\" alt=\"Stellantis\" width=\"1000\" height=\"667\" srcset=\"https:\/\/autofans.com.ar\/wp-content\/uploads\/2025\/01\/summer-3.jpg 1000w, https:\/\/autofans.com.ar\/wp-content\/uploads\/2025\/01\/summer-3-300x200.jpg 300w, https:\/\/autofans.com.ar\/wp-content\/uploads\/2025\/01\/summer-3-768x512.jpg 768w\" sizes=\"(max-width: 1000px) 100vw, 1000px\" \/><\/p>\n<p>&nbsp;<\/p>\n<p>En el Paseo Aldrey Shopping de Mar del Plata (Calle Sarmiento 2685), Stellantis presenta su espacio interactivo, abierto de 19 a 24 h, del 28\/12 al 16\/02. All\u00ed, los visitantes podr\u00e1n:<\/p>\n<ul>\n<li>Conocer los planes de ahorro de Citro\u00ebn, DS Automobiles, Fiat, Jeep, Peugeot y RAM.<\/li>\n<li>Suscribirse digitalmente para adquirir un 0KM.<\/li>\n<li>Disfrutar de descuentos de hasta un 30% en servicios de posventa y mantenimiento.<\/li>\n<li>Comprar indumentaria y accesorios oficiales en la Boutique Mopar, tanto presencialmente como online.<\/li>\n<\/ul>\n<p>Adem\u00e1s, habr\u00e1 atracciones y juegos para toda la familia, haciendo de este espacio una experiencia para todas las edades.<\/p>\n<p>Para m\u00e1s informaci\u00f3n sobre el Summer Car Show y el Stellantis Summer Plan, ingres\u00e1 a <a href=\"https:\/\/summercarshow.com.ar\/\" target=\"_blank\" rel=\"noopener\">summercarshow.com.ar<\/a>.<\/p>\n<p>&nbsp;<\/p>\n<p>&nbsp;<\/p>\n<p><i>Para enterarte de m\u00e1s novedades, no dejes de leer\u00a0<\/i><a href=\"https:\/\/autofans.thebrandsoup.com\/\"><i>nuestras notas<\/i><\/a><i>, de ver<\/i><b><i>\u00a0<\/i><\/b><a href=\"https:\/\/www.youtube.com\/channel\/UCgAC8UGHZYbT6P7PpmVnP7g\"><b><i>AUTOFANS TV<\/i><\/b><\/a><b><i>\u00a0<\/i><\/b><i>en nuestro\u00a0canal de Youtube. Adem\u00e1s seguinos en\u00a0<\/i><a href=\"https:\/\/www.instagram.com\/autofanstv\/\"><i>INSTAGRAM<\/i><\/a><i> y <\/i><a href=\"https:\/\/www.facebook.com\/autofansmas\/\"><i>FACEBOOK<\/i><\/a><i> para no perderte nada sobre las novedades del segmento automotor de Argentina y el mundo.<\/i><\/p>\n","protected":false},"excerpt":{"rendered":"<p>El Summer Car Show 2025, organizado por el Grupo Stellantis, regresa este verano con una&#8230;<\/p>\n","protected":false},"author":2,"featured_media":10515,"comment_status":"closed","ping_status":"closed","sticky":false,"template":"","format":"standard","meta":{"footnotes":""},"categories":[6,16],"tags":[5728,5723,5727,3406,5724,5725,5722,5726],"class_list":["post-10512","post","type-post","status-publish","format-standard","has-post-thumbnail","hentry","category-bizstyle","category-noticias","tag-autos-0-km-argentina","tag-autos-en-la-costa-atlantica","tag-eventos-de-verano-2025","tag-grupo-stellantis","tag-stellantis-en-carilo","tag-stellantis-en-mar-del-plata","tag-summer-car-show-2025","tag-test-drive-stellantis"],"yoast_head":"<!-- This site is optimized with the Yoast SEO plugin v27.5 - https:\/\/yoast.com\/product\/yoast-seo-wordpress\/ -->\n<title>Stellantis Presenta su Verano Automotriz en la Costa Atl\u00e1ntica -<\/title>\n<meta name=\"description\" content=\"El Summer Car Show 2025, organizado por el Grupo Stellantis, regresa este verano con una propuesta innovadora para los amantes de los autos...\" \/>\n<meta name=\"robots\" content=\"index, follow, max-snippet:-1, max-image-preview:large, max-video-preview:-1\" \/>\n<link rel=\"canonical\" href=\"https:\/\/autofans.com.ar\/index.php\/2025\/01\/02\/stellantis-presenta-su-verano-automotriz-en-la-costa-atlantica\/\" \/>\n<meta property=\"og:locale\" content=\"es_ES\" \/>\n<meta property=\"og:type\" content=\"article\" \/>\n<meta property=\"og:title\" content=\"Stellantis Presenta su Verano Automotriz en la Costa Atl\u00e1ntica -\" \/>\n<meta property=\"og:description\" content=\"El Summer Car Show 2025, organizado por el Grupo Stellantis, regresa este verano con una propuesta innovadora para los amantes de los autos...\" \/>\n<meta property=\"og:url\" content=\"https:\/\/autofans.com.ar\/index.php\/2025\/01\/02\/stellantis-presenta-su-verano-automotriz-en-la-costa-atlantica\/\" \/>\n<meta property=\"article:published_time\" content=\"2025-01-02T23:48:58+00:00\" \/>\n<meta property=\"og:image\" content=\"https:\/\/autofans.com.ar\/wp-content\/uploads\/2025\/01\/summer-2.jpg\" \/>\n\t<meta property=\"og:image:width\" content=\"1000\" \/>\n\t<meta property=\"og:image:height\" content=\"667\" \/>\n\t<meta property=\"og:image:type\" content=\"image\/jpeg\" \/>\n<meta name=\"author\" content=\"Alejandro Gabriel Rosito\" \/>\n<meta name=\"twitter:card\" content=\"summary_large_image\" \/>\n<meta name=\"twitter:label1\" content=\"Escrito por\" \/>\n\t<meta name=\"twitter:data1\" content=\"Alejandro Gabriel Rosito\" \/>\n\t<meta name=\"twitter:label2\" content=\"Tiempo de lectura\" \/>\n\t<meta name=\"twitter:data2\" content=\"4 minutos\" \/>\n<script type=\"application\/ld+json\" class=\"yoast-schema-graph\">{\"@context\":\"https:\\\/\\\/schema.org\",\"@graph\":[{\"@type\":\"Article\",\"@id\":\"https:\\\/\\\/autofans.com.ar\\\/index.php\\\/2025\\\/01\\\/02\\\/stellantis-presenta-su-verano-automotriz-en-la-costa-atlantica\\\/#article\",\"isPartOf\":{\"@id\":\"https:\\\/\\\/autofans.com.ar\\\/index.php\\\/2025\\\/01\\\/02\\\/stellantis-presenta-su-verano-automotriz-en-la-costa-atlantica\\\/\"},\"author\":{\"name\":\"Alejandro Gabriel Rosito\",\"@id\":\"https:\\\/\\\/autofans.com.ar\\\/#\\\/schema\\\/person\\\/4a8dda0b6df83ac3d6723e921274c2aa\"},\"headline\":\"Stellantis Presenta su Verano Automotriz en la Costa Atl\u00e1ntica\",\"datePublished\":\"2025-01-02T23:48:58+00:00\",\"mainEntityOfPage\":{\"@id\":\"https:\\\/\\\/autofans.com.ar\\\/index.php\\\/2025\\\/01\\\/02\\\/stellantis-presenta-su-verano-automotriz-en-la-costa-atlantica\\\/\"},\"wordCount\":714,\"image\":{\"@id\":\"https:\\\/\\\/autofans.com.ar\\\/index.php\\\/2025\\\/01\\\/02\\\/stellantis-presenta-su-verano-automotriz-en-la-costa-atlantica\\\/#primaryimage\"},\"thumbnailUrl\":\"https:\\\/\\\/autofans.com.ar\\\/wp-content\\\/uploads\\\/2025\\\/01\\\/summer-2.jpg\",\"keywords\":[\"autos 0 km Argentina\",\"autos en la costa atl\u00e1ntica\",\"eventos de verano 2025\",\"Grupo Stellantis\",\"Stellantis en Caril\u00f3\",\"Stellantis en Mar del Plata\",\"summer car show 2025\",\"test drive Stellantis\"],\"articleSection\":[\"BIZSTYLE\",\"NOTICIAS\"],\"inLanguage\":\"es\"},{\"@type\":\"WebPage\",\"@id\":\"https:\\\/\\\/autofans.com.ar\\\/index.php\\\/2025\\\/01\\\/02\\\/stellantis-presenta-su-verano-automotriz-en-la-costa-atlantica\\\/\",\"url\":\"https:\\\/\\\/autofans.com.ar\\\/index.php\\\/2025\\\/01\\\/02\\\/stellantis-presenta-su-verano-automotriz-en-la-costa-atlantica\\\/\",\"name\":\"Stellantis Presenta su Verano Automotriz en la Costa Atl\u00e1ntica -\",\"isPartOf\":{\"@id\":\"https:\\\/\\\/autofans.com.ar\\\/#website\"},\"primaryImageOfPage\":{\"@id\":\"https:\\\/\\\/autofans.com.ar\\\/index.php\\\/2025\\\/01\\\/02\\\/stellantis-presenta-su-verano-automotriz-en-la-costa-atlantica\\\/#primaryimage\"},\"image\":{\"@id\":\"https:\\\/\\\/autofans.com.ar\\\/index.php\\\/2025\\\/01\\\/02\\\/stellantis-presenta-su-verano-automotriz-en-la-costa-atlantica\\\/#primaryimage\"},\"thumbnailUrl\":\"https:\\\/\\\/autofans.com.ar\\\/wp-content\\\/uploads\\\/2025\\\/01\\\/summer-2.jpg\",\"datePublished\":\"2025-01-02T23:48:58+00:00\",\"author\":{\"@id\":\"https:\\\/\\\/autofans.com.ar\\\/#\\\/schema\\\/person\\\/4a8dda0b6df83ac3d6723e921274c2aa\"},\"description\":\"El Summer Car Show 2025, organizado por el Grupo Stellantis, regresa este verano con una propuesta innovadora para los amantes de los autos...\",\"breadcrumb\":{\"@id\":\"https:\\\/\\\/autofans.com.ar\\\/index.php\\\/2025\\\/01\\\/02\\\/stellantis-presenta-su-verano-automotriz-en-la-costa-atlantica\\\/#breadcrumb\"},\"inLanguage\":\"es\",\"potentialAction\":[{\"@type\":\"ReadAction\",\"target\":[\"https:\\\/\\\/autofans.com.ar\\\/index.php\\\/2025\\\/01\\\/02\\\/stellantis-presenta-su-verano-automotriz-en-la-costa-atlantica\\\/\"]}]},{\"@type\":\"ImageObject\",\"inLanguage\":\"es\",\"@id\":\"https:\\\/\\\/autofans.com.ar\\\/index.php\\\/2025\\\/01\\\/02\\\/stellantis-presenta-su-verano-automotriz-en-la-costa-atlantica\\\/#primaryimage\",\"url\":\"https:\\\/\\\/autofans.com.ar\\\/wp-content\\\/uploads\\\/2025\\\/01\\\/summer-2.jpg\",\"contentUrl\":\"https:\\\/\\\/autofans.com.ar\\\/wp-content\\\/uploads\\\/2025\\\/01\\\/summer-2.jpg\",\"width\":1000,\"height\":667,\"caption\":\"Stellantis\"},{\"@type\":\"BreadcrumbList\",\"@id\":\"https:\\\/\\\/autofans.com.ar\\\/index.php\\\/2025\\\/01\\\/02\\\/stellantis-presenta-su-verano-automotriz-en-la-costa-atlantica\\\/#breadcrumb\",\"itemListElement\":[{\"@type\":\"ListItem\",\"position\":1,\"name\":\"Inicio\",\"item\":\"https:\\\/\\\/autofans.com.ar\\\/\"},{\"@type\":\"ListItem\",\"position\":2,\"name\":\"Stellantis Presenta su Verano Automotriz en la Costa Atl\u00e1ntica\"}]},{\"@type\":\"WebSite\",\"@id\":\"https:\\\/\\\/autofans.com.ar\\\/#website\",\"url\":\"https:\\\/\\\/autofans.com.ar\\\/\",\"name\":\"\",\"description\":\"El multimedio referente de la industria automotriz\",\"potentialAction\":[{\"@type\":\"SearchAction\",\"target\":{\"@type\":\"EntryPoint\",\"urlTemplate\":\"https:\\\/\\\/autofans.com.ar\\\/?s={search_term_string}\"},\"query-input\":{\"@type\":\"PropertyValueSpecification\",\"valueRequired\":true,\"valueName\":\"search_term_string\"}}],\"inLanguage\":\"es\"},{\"@type\":\"Person\",\"@id\":\"https:\\\/\\\/autofans.com.ar\\\/#\\\/schema\\\/person\\\/4a8dda0b6df83ac3d6723e921274c2aa\",\"name\":\"Alejandro Gabriel Rosito\",\"image\":{\"@type\":\"ImageObject\",\"inLanguage\":\"es\",\"@id\":\"https:\\\/\\\/secure.gravatar.com\\\/avatar\\\/16c5dda1489adfc62618084dcbb91cffd879c374b13fe5dd8e44ed6733852c88?s=96&d=mm&r=g\",\"url\":\"https:\\\/\\\/secure.gravatar.com\\\/avatar\\\/16c5dda1489adfc62618084dcbb91cffd879c374b13fe5dd8e44ed6733852c88?s=96&d=mm&r=g\",\"contentUrl\":\"https:\\\/\\\/secure.gravatar.com\\\/avatar\\\/16c5dda1489adfc62618084dcbb91cffd879c374b13fe5dd8e44ed6733852c88?s=96&d=mm&r=g\",\"caption\":\"Alejandro Gabriel Rosito\"},\"url\":\"https:\\\/\\\/autofans.com.ar\\\/index.php\\\/author\\\/gabrielr\\\/\"}]}<\/script>\n<!-- \/ Yoast SEO plugin. -->","yoast_head_json":{"title":"Stellantis Presenta su Verano Automotriz en la Costa Atl\u00e1ntica -","description":"El Summer Car Show 2025, organizado por el Grupo Stellantis, regresa este verano con una propuesta innovadora para los amantes de los autos...","robots":{"index":"index","follow":"follow","max-snippet":"max-snippet:-1","max-image-preview":"max-image-preview:large","max-video-preview":"max-video-preview:-1"},"canonical":"https:\/\/autofans.com.ar\/index.php\/2025\/01\/02\/stellantis-presenta-su-verano-automotriz-en-la-costa-atlantica\/","og_locale":"es_ES","og_type":"article","og_title":"Stellantis Presenta su Verano Automotriz en la Costa Atl\u00e1ntica -","og_description":"El Summer Car Show 2025, organizado por el Grupo Stellantis, regresa este verano con una propuesta innovadora para los amantes de los autos...","og_url":"https:\/\/autofans.com.ar\/index.php\/2025\/01\/02\/stellantis-presenta-su-verano-automotriz-en-la-costa-atlantica\/","article_published_time":"2025-01-02T23:48:58+00:00","og_image":[{"width":1000,"height":667,"url":"https:\/\/autofans.com.ar\/wp-content\/uploads\/2025\/01\/summer-2.jpg","type":"image\/jpeg"}],"author":"Alejandro Gabriel Rosito","twitter_card":"summary_large_image","twitter_misc":{"Escrito por":"Alejandro Gabriel Rosito","Tiempo de lectura":"4 minutos"},"schema":{"@context":"https:\/\/schema.org","@graph":[{"@type":"Article","@id":"https:\/\/autofans.com.ar\/index.php\/2025\/01\/02\/stellantis-presenta-su-verano-automotriz-en-la-costa-atlantica\/#article","isPartOf":{"@id":"https:\/\/autofans.com.ar\/index.php\/2025\/01\/02\/stellantis-presenta-su-verano-automotriz-en-la-costa-atlantica\/"},"author":{"name":"Alejandro Gabriel Rosito","@id":"https:\/\/autofans.com.ar\/#\/schema\/person\/4a8dda0b6df83ac3d6723e921274c2aa"},"headline":"Stellantis Presenta su Verano Automotriz en la Costa Atl\u00e1ntica","datePublished":"2025-01-02T23:48:58+00:00","mainEntityOfPage":{"@id":"https:\/\/autofans.com.ar\/index.php\/2025\/01\/02\/stellantis-presenta-su-verano-automotriz-en-la-costa-atlantica\/"},"wordCount":714,"image":{"@id":"https:\/\/autofans.com.ar\/index.php\/2025\/01\/02\/stellantis-presenta-su-verano-automotriz-en-la-costa-atlantica\/#primaryimage"},"thumbnailUrl":"https:\/\/autofans.com.ar\/wp-content\/uploads\/2025\/01\/summer-2.jpg","keywords":["autos 0 km Argentina","autos en la costa atl\u00e1ntica","eventos de verano 2025","Grupo Stellantis","Stellantis en Caril\u00f3","Stellantis en Mar del Plata","summer car show 2025","test drive Stellantis"],"articleSection":["BIZSTYLE","NOTICIAS"],"inLanguage":"es"},{"@type":"WebPage","@id":"https:\/\/autofans.com.ar\/index.php\/2025\/01\/02\/stellantis-presenta-su-verano-automotriz-en-la-costa-atlantica\/","url":"https:\/\/autofans.com.ar\/index.php\/2025\/01\/02\/stellantis-presenta-su-verano-automotriz-en-la-costa-atlantica\/","name":"Stellantis Presenta su Verano Automotriz en la Costa Atl\u00e1ntica -","isPartOf":{"@id":"https:\/\/autofans.com.ar\/#website"},"primaryImageOfPage":{"@id":"https:\/\/autofans.com.ar\/index.php\/2025\/01\/02\/stellantis-presenta-su-verano-automotriz-en-la-costa-atlantica\/#primaryimage"},"image":{"@id":"https:\/\/autofans.com.ar\/index.php\/2025\/01\/02\/stellantis-presenta-su-verano-automotriz-en-la-costa-atlantica\/#primaryimage"},"thumbnailUrl":"https:\/\/autofans.com.ar\/wp-content\/uploads\/2025\/01\/summer-2.jpg","datePublished":"2025-01-02T23:48:58+00:00","author":{"@id":"https:\/\/autofans.com.ar\/#\/schema\/person\/4a8dda0b6df83ac3d6723e921274c2aa"},"description":"El Summer Car Show 2025, organizado por el Grupo Stellantis, regresa este verano con una propuesta innovadora para los amantes de los autos...","breadcrumb":{"@id":"https:\/\/autofans.com.ar\/index.php\/2025\/01\/02\/stellantis-presenta-su-verano-automotriz-en-la-costa-atlantica\/#breadcrumb"},"inLanguage":"es","potentialAction":[{"@type":"ReadAction","target":["https:\/\/autofans.com.ar\/index.php\/2025\/01\/02\/stellantis-presenta-su-verano-automotriz-en-la-costa-atlantica\/"]}]},{"@type":"ImageObject","inLanguage":"es","@id":"https:\/\/autofans.com.ar\/index.php\/2025\/01\/02\/stellantis-presenta-su-verano-automotriz-en-la-costa-atlantica\/#primaryimage","url":"https:\/\/autofans.com.ar\/wp-content\/uploads\/2025\/01\/summer-2.jpg","contentUrl":"https:\/\/autofans.com.ar\/wp-content\/uploads\/2025\/01\/summer-2.jpg","width":1000,"height":667,"caption":"Stellantis"},{"@type":"BreadcrumbList","@id":"https:\/\/autofans.com.ar\/index.php\/2025\/01\/02\/stellantis-presenta-su-verano-automotriz-en-la-costa-atlantica\/#breadcrumb","itemListElement":[{"@type":"ListItem","position":1,"name":"Inicio","item":"https:\/\/autofans.com.ar\/"},{"@type":"ListItem","position":2,"name":"Stellantis Presenta su Verano Automotriz en la Costa Atl\u00e1ntica"}]},{"@type":"WebSite","@id":"https:\/\/autofans.com.ar\/#website","url":"https:\/\/autofans.com.ar\/","name":"","description":"El multimedio referente de la industria automotriz","potentialAction":[{"@type":"SearchAction","target":{"@type":"EntryPoint","urlTemplate":"https:\/\/autofans.com.ar\/?s={search_term_string}"},"query-input":{"@type":"PropertyValueSpecification","valueRequired":true,"valueName":"search_term_string"}}],"inLanguage":"es"},{"@type":"Person","@id":"https:\/\/autofans.com.ar\/#\/schema\/person\/4a8dda0b6df83ac3d6723e921274c2aa","name":"Alejandro Gabriel Rosito","image":{"@type":"ImageObject","inLanguage":"es","@id":"https:\/\/secure.gravatar.com\/avatar\/16c5dda1489adfc62618084dcbb91cffd879c374b13fe5dd8e44ed6733852c88?s=96&d=mm&r=g","url":"https:\/\/secure.gravatar.com\/avatar\/16c5dda1489adfc62618084dcbb91cffd879c374b13fe5dd8e44ed6733852c88?s=96&d=mm&r=g","contentUrl":"https:\/\/secure.gravatar.com\/avatar\/16c5dda1489adfc62618084dcbb91cffd879c374b13fe5dd8e44ed6733852c88?s=96&d=mm&r=g","caption":"Alejandro Gabriel Rosito"},"url":"https:\/\/autofans.com.ar\/index.php\/author\/gabrielr\/"}]}},"featured_image_urls":{"full":["https:\/\/autofans.com.ar\/wp-content\/uploads\/2025\/01\/summer-2.jpg",1000,667,false],"thumbnail":["https:\/\/autofans.com.ar\/wp-content\/uploads\/2025\/01\/summer-2-150x150.jpg",150,150,true],"medium":["https:\/\/autofans.com.ar\/wp-content\/uploads\/2025\/01\/summer-2-300x200.jpg",300,200,true],"medium_large":["https:\/\/autofans.com.ar\/wp-content\/uploads\/2025\/01\/summer-2-768x512.jpg",640,427,true],"large":["https:\/\/autofans.com.ar\/wp-content\/uploads\/2025\/01\/summer-2.jpg",640,427,false],"1536x1536":["https:\/\/autofans.com.ar\/wp-content\/uploads\/2025\/01\/summer-2.jpg",1000,667,false],"2048x2048":["https:\/\/autofans.com.ar\/wp-content\/uploads\/2025\/01\/summer-2.jpg",1000,667,false],"covernews-featured":["https:\/\/autofans.com.ar\/wp-content\/uploads\/2025\/01\/summer-2.jpg",1000,667,false],"covernews-medium":["https:\/\/autofans.com.ar\/wp-content\/uploads\/2025\/01\/summer-2-540x340.jpg",540,340,true]},"author_info":{"display_name":"Alejandro Gabriel Rosito","author_link":"https:\/\/autofans.com.ar\/index.php\/author\/gabrielr\/"},"category_info":"<a href=\"https:\/\/autofans.com.ar\/index.php\/category\/noticias\/bizstyle\/\" rel=\"category tag\">BIZSTYLE<\/a> <a href=\"https:\/\/autofans.com.ar\/index.php\/category\/noticias\/\" rel=\"category tag\">NOTICIAS<\/a>","tag_info":"NOTICIAS","comment_count":0,"_links":{"self":[{"href":"https:\/\/autofans.com.ar\/index.php\/wp-json\/wp\/v2\/posts\/10512","targetHints":{"allow":["GET"]}}],"collection":[{"href":"https:\/\/autofans.com.ar\/index.php\/wp-json\/wp\/v2\/posts"}],"about":[{"href":"https:\/\/autofans.com.ar\/index.php\/wp-json\/wp\/v2\/types\/post"}],"author":[{"embeddable":true,"href":"https:\/\/autofans.com.ar\/index.php\/wp-json\/wp\/v2\/users\/2"}],"replies":[{"embeddable":true,"href":"https:\/\/autofans.com.ar\/index.php\/wp-json\/wp\/v2\/comments?post=10512"}],"version-history":[{"count":4,"href":"https:\/\/autofans.com.ar\/index.php\/wp-json\/wp\/v2\/posts\/10512\/revisions"}],"predecessor-version":[{"id":10519,"href":"https:\/\/autofans.com.ar\/index.php\/wp-json\/wp\/v2\/posts\/10512\/revisions\/10519"}],"wp:featuredmedia":[{"embeddable":true,"href":"https:\/\/autofans.com.ar\/index.php\/wp-json\/wp\/v2\/media\/10515"}],"wp:attachment":[{"href":"https:\/\/autofans.com.ar\/index.php\/wp-json\/wp\/v2\/media?parent=10512"}],"wp:term":[{"taxonomy":"category","embeddable":true,"href":"https:\/\/autofans.com.ar\/index.php\/wp-json\/wp\/v2\/categories?post=10512"},{"taxonomy":"post_tag","embeddable":true,"href":"https:\/\/autofans.com.ar\/index.php\/wp-json\/wp\/v2\/tags?post=10512"}],"curies":[{"name":"wp","href":"https:\/\/api.w.org\/{rel}","templated":true}]}}