{"id":10520,"date":"2025-01-03T15:42:51","date_gmt":"2025-01-03T18:42:51","guid":{"rendered":"https:\/\/autofans.com.ar\/?p=10520"},"modified":"2025-01-03T15:42:51","modified_gmt":"2025-01-03T18:42:51","slug":"nueva-volkswagen-amarok-trendline-mt-4x4","status":"publish","type":"post","link":"https:\/\/autofans.com.ar\/index.php\/2025\/01\/03\/nueva-volkswagen-amarok-trendline-mt-4x4\/","title":{"rendered":"Nueva Volkswagen Amarok Trendline MT 4&#215;4"},"content":{"rendered":"<p data-pm-slice=\"1 1 []\">Volkswagen Argentina lanza al mercado la nueva Amarok Trendline MT 4&#215;4, ampliando su portafolio a 11 versiones disponibles. Este modelo redefine el concepto de entrada de gama en el segmento de pick-ups B, combinando equipamiento, robustez y seguridad para satisfacer las demandas m\u00e1s exigentes de los usuarios.<\/p>\n<h2>Volkswagen Amarok &#8211; motor, tracci\u00f3n y capacidad todoterreno<\/h2>\n<p>&nbsp;<\/p>\n<p><img fetchpriority=\"high\" decoding=\"async\" class=\"aligncenter wp-image-10527 size-full\" src=\"https:\/\/autofans.com.ar\/wp-content\/uploads\/2025\/01\/amarok-1.jpg\" alt=\"Volkswagen Amarok\" width=\"1000\" height=\"667\" srcset=\"https:\/\/autofans.com.ar\/wp-content\/uploads\/2025\/01\/amarok-1.jpg 1000w, https:\/\/autofans.com.ar\/wp-content\/uploads\/2025\/01\/amarok-1-300x200.jpg 300w, https:\/\/autofans.com.ar\/wp-content\/uploads\/2025\/01\/amarok-1-768x512.jpg 768w\" sizes=\"(max-width: 1000px) 100vw, 1000px\" \/><\/p>\n<p>&nbsp;<\/p>\n<p>La Amarok Trendline MT 4&#215;4 est\u00e1 equipada con un motor 2.0 TDI Biturbo de 180 CV y 400 Nm de torque, disponible desde las 1.500 rpm. Este motor se combina con una transmisi\u00f3n manual de 6 marchas y tracci\u00f3n 4&#215;4 con reductora y bloqueo mec\u00e1nico y electr\u00f3nico de diferencial. Esta configuraci\u00f3n garantiza un rendimiento \u00f3ptimo tanto en ciudad como en caminos desafiantes.<\/p>\n<p>&nbsp;<\/p>\n<h2>Dise\u00f1o exterior e interior &#8211; estilo y funcionalidad<\/h2>\n<p>En el exterior, esta nueva versi\u00f3n incluye faros delanteros VW LED con DRL, overfenders al color de la carrocer\u00eda, lona mar\u00edtima de serie. Las llantas de aleaci\u00f3n Milford de 19\u201d, sensores de estacionamiento trasero e iluminaci\u00f3n en la caja de carga. El interior destaca por su volante multifunci\u00f3n revestido en cuero con costura Flint Grey, sistema multimedia Composition Touch de 9\u201d con App Connect, control de velocidad crucero y puertos USB tipo A y C. Adem\u00e1s, suma asientos con tapizado de cuero sint\u00e9tico, apoyabrazos central y un revestimiento completo en goma para facilitar la limpieza.<\/p>\n<p>&nbsp;<\/p>\n<div id='gallery-1' class='gallery galleryid-10520 gallery-columns-2 gallery-size-full'><figure class='gallery-item'>\n\t\t\t<div class='gallery-icon landscape'>\n\t\t\t\t<a href='https:\/\/autofans.com.ar\/index.php\/2025\/01\/03\/nueva-volkswagen-amarok-trendline-mt-4x4\/amarok-4-4\/'><img loading=\"lazy\" width=\"1000\" height=\"667\" src=\"https:\/\/autofans.com.ar\/wp-content\/uploads\/2025\/01\/amarok-4.jpg\" class=\"attachment-full size-full\" alt=\"Volkswagen Amarok\" srcset=\"https:\/\/autofans.com.ar\/wp-content\/uploads\/2025\/01\/amarok-4.jpg 1000w, https:\/\/autofans.com.ar\/wp-content\/uploads\/2025\/01\/amarok-4-300x200.jpg 300w, https:\/\/autofans.com.ar\/wp-content\/uploads\/2025\/01\/amarok-4-768x512.jpg 768w\" sizes=\"auto, (max-width: 1000px) 100vw, 1000px\" loading=\"lazy\" decoding=\"async\" \/><\/a>\n\t\t\t<\/div><\/figure><figure class='gallery-item'>\n\t\t\t<div class='gallery-icon landscape'>\n\t\t\t\t<a href='https:\/\/autofans.com.ar\/index.php\/2025\/01\/03\/nueva-volkswagen-amarok-trendline-mt-4x4\/amarok-2-4\/'><img loading=\"lazy\" width=\"1000\" height=\"667\" src=\"https:\/\/autofans.com.ar\/wp-content\/uploads\/2025\/01\/amarok-2.jpg\" class=\"attachment-full size-full\" alt=\"Volkswagen Amarok\" srcset=\"https:\/\/autofans.com.ar\/wp-content\/uploads\/2025\/01\/amarok-2.jpg 1000w, https:\/\/autofans.com.ar\/wp-content\/uploads\/2025\/01\/amarok-2-300x200.jpg 300w, https:\/\/autofans.com.ar\/wp-content\/uploads\/2025\/01\/amarok-2-768x512.jpg 768w\" sizes=\"auto, (max-width: 1000px) 100vw, 1000px\" loading=\"lazy\" decoding=\"async\" \/><\/a>\n\t\t\t<\/div><\/figure>\n\t\t<\/div>\n\n<p>&nbsp;<\/p>\n<p>La seguridad es un pilar fundamental en esta versi\u00f3n. Incorpora refuerzos laterales en las puertas, airbags frontales, laterales y de cortina (delanteros y traseros), y un sistema de alerta visual y ac\u00fastica para cinturones de seguridad en todas las plazas. Disponible en cinco colores \u2014Plata Pirita, Azul Atl\u00e1ntico, Negro Profundo, Gris Indy y Blanco Puro\u2014, la Amarok Trendline MT 4&#215;4 es fabricada en el Centro Industrial de Volkswagen en General Pacheco, desde donde se exporta a toda Latinoam\u00e9rica.<\/p>\n<p>&nbsp;<\/p>\n<blockquote>\n<p style=\"text-align: center;\">Mart\u00edn Massimino, Director Comercial del Grupo Volkswagen Argentina, sostuvo: \u201cCon la llegada de la Amarok \u201cTrendline\u201d MT 4&#215;4, completamos nuestra oferta en el pa\u00eds, reafirmando nuestro compromiso de ofrecer a nuestros clientes veh\u00edculos que combinan robustez, equipamiento de primer nivel y versatilidad. Esta nueva versi\u00f3n es una muestra de c\u00f3mo Volkswagen sigue elevando el est\u00e1ndar en el segmento de pick-ups, ofreciendo una opci\u00f3n que se adapta tanto al trabajo como a las aventuras del d\u00eda a d\u00eda\u201d.<\/p>\n<\/blockquote>\n<p>&nbsp;<\/p>\n<h2>Postventa y beneficios exclusivos<\/h2>\n<p>Todas las versiones cuentan con una garant\u00eda de 6 a\u00f1os o 150.000 km. Adem\u00e1s, el primer servicio est\u00e1 bonificado para las versiones 2.0 litros, mientras que la mano de obra del segundo y tercer servicio tambi\u00e9n est\u00e1 incluida. Las versiones V6 tienen bonificados los tres primeros servicios.<\/p>\n<p>&nbsp;<\/p>\n<p><img decoding=\"async\" class=\"aligncenter wp-image-10523 size-full\" src=\"https:\/\/autofans.com.ar\/wp-content\/uploads\/2025\/01\/amarok-5.jpg\" alt=\"Volkswagen Amarok\" width=\"1000\" height=\"667\" srcset=\"https:\/\/autofans.com.ar\/wp-content\/uploads\/2025\/01\/amarok-5.jpg 1000w, https:\/\/autofans.com.ar\/wp-content\/uploads\/2025\/01\/amarok-5-300x200.jpg 300w, https:\/\/autofans.com.ar\/wp-content\/uploads\/2025\/01\/amarok-5-768x512.jpg 768w\" sizes=\"(max-width: 1000px) 100vw, 1000px\" \/><\/p>\n<p>&nbsp;<\/p>\n<p>Volkswagen Financial Services ofrece financiaci\u00f3n exclusiva con tasas de inter\u00e9s preferenciales. Entre las opciones, se destaca una tasa fija del 0% a 12 meses para financiar hasta $18.000.000, o Tasa 0% + UVAs a 30 meses con un tope de $30.000.000.<\/p>\n<p>La Amarok Trendline MT 4&#215;4 ya est\u00e1 disponible en todos los concesionarios Volkswagen del pa\u00eds, con un precio sugerido de $46.520.000.<\/p>\n<p>Conoc\u00e9 m\u00e1s sobre este modelo en <a href=\"https:\/\/www.volkswagen.com.ar\/es.html\" target=\"_blank\" rel=\"noopener\">www.volkswagen.com.ar<\/a>.<\/p>\n<p>&nbsp;<\/p>\n<p>&nbsp;<\/p>\n<p>&nbsp;<\/p>\n<p><i>Para enterarte de m\u00e1s novedades, no dejes de leer\u00a0<\/i><a href=\"https:\/\/autofans.thebrandsoup.com\/\"><i>nuestras notas<\/i><\/a><i>, de ver<\/i><b><i>\u00a0<\/i><\/b><a href=\"https:\/\/www.youtube.com\/channel\/UCgAC8UGHZYbT6P7PpmVnP7g\"><b><i>AUTOFANS TV<\/i><\/b><\/a><b><i>\u00a0<\/i><\/b><i>en nuestro\u00a0canal de Youtube. Adem\u00e1s seguinos en\u00a0<\/i><a href=\"https:\/\/www.instagram.com\/autofanstv\/\"><i>INSTAGRAM<\/i><\/a><i> y <\/i><a href=\"https:\/\/www.facebook.com\/autofansmas\/\"><i>FACEBOOK<\/i><\/a><i> para no perderte nada sobre las novedades del segmento automotor de Argentina y el mundo.<\/i><\/p>\n<p>&nbsp;<\/p>\n","protected":false},"excerpt":{"rendered":"<p>Volkswagen Argentina lanza al mercado la nueva Amarok Trendline MT 4&#215;4, ampliando su portafolio a&#8230;<\/p>\n","protected":false},"author":2,"featured_media":10525,"comment_status":"closed","ping_status":"closed","sticky":false,"template":"","format":"standard","meta":{"footnotes":""},"categories":[1,5],"tags":[5733,5732,5730,4598,5729,4366,5731,4274],"class_list":["post-10520","post","type-post","status-publish","format-standard","has-post-thumbnail","hentry","category-lanzamientos","category-otros","tag-amarok-colores","tag-amarok-equipamiento","tag-amarok-mt-4x4","tag-amarok-precio","tag-amarok-trendline","tag-nueva-amarok","tag-pick-ups-volkswagen","tag-volkswagen-amarok"],"yoast_head":"<!-- This site is optimized with the Yoast SEO plugin v27.5 - https:\/\/yoast.com\/product\/yoast-seo-wordpress\/ -->\n<title>Nueva Volkswagen Amarok Trendline MT 4x4 -<\/title>\n<meta name=\"description\" content=\"Volkswagen Argentina lanza al mercado la nueva Amarok Trendline MT 4x4, ampliando su portafolio a 11 versiones disponibles...\" \/>\n<meta name=\"robots\" content=\"index, follow, max-snippet:-1, max-image-preview:large, max-video-preview:-1\" \/>\n<link rel=\"canonical\" href=\"https:\/\/autofans.com.ar\/index.php\/2025\/01\/03\/nueva-volkswagen-amarok-trendline-mt-4x4\/\" \/>\n<meta property=\"og:locale\" content=\"es_ES\" \/>\n<meta property=\"og:type\" content=\"article\" \/>\n<meta property=\"og:title\" content=\"Nueva Volkswagen Amarok Trendline MT 4x4 -\" \/>\n<meta property=\"og:description\" content=\"Volkswagen Argentina lanza al mercado la nueva Amarok Trendline MT 4x4, ampliando su portafolio a 11 versiones disponibles...\" \/>\n<meta property=\"og:url\" content=\"https:\/\/autofans.com.ar\/index.php\/2025\/01\/03\/nueva-volkswagen-amarok-trendline-mt-4x4\/\" \/>\n<meta property=\"article:published_time\" content=\"2025-01-03T18:42:51+00:00\" \/>\n<meta property=\"og:image\" content=\"https:\/\/autofans.com.ar\/wp-content\/uploads\/2025\/01\/amarok-3.jpg\" \/>\n\t<meta property=\"og:image:width\" content=\"1000\" \/>\n\t<meta property=\"og:image:height\" content=\"667\" \/>\n\t<meta property=\"og:image:type\" content=\"image\/jpeg\" \/>\n<meta name=\"author\" content=\"Alejandro Gabriel Rosito\" \/>\n<meta name=\"twitter:card\" content=\"summary_large_image\" \/>\n<meta name=\"twitter:label1\" content=\"Escrito por\" \/>\n\t<meta name=\"twitter:data1\" content=\"Alejandro Gabriel Rosito\" \/>\n\t<meta name=\"twitter:label2\" content=\"Tiempo de lectura\" \/>\n\t<meta name=\"twitter:data2\" content=\"3 minutos\" \/>\n<script type=\"application\/ld+json\" class=\"yoast-schema-graph\">{\"@context\":\"https:\\\/\\\/schema.org\",\"@graph\":[{\"@type\":\"Article\",\"@id\":\"https:\\\/\\\/autofans.com.ar\\\/index.php\\\/2025\\\/01\\\/03\\\/nueva-volkswagen-amarok-trendline-mt-4x4\\\/#article\",\"isPartOf\":{\"@id\":\"https:\\\/\\\/autofans.com.ar\\\/index.php\\\/2025\\\/01\\\/03\\\/nueva-volkswagen-amarok-trendline-mt-4x4\\\/\"},\"author\":{\"name\":\"Alejandro Gabriel Rosito\",\"@id\":\"https:\\\/\\\/autofans.com.ar\\\/#\\\/schema\\\/person\\\/4a8dda0b6df83ac3d6723e921274c2aa\"},\"headline\":\"Nueva Volkswagen Amarok Trendline MT 4&#215;4\",\"datePublished\":\"2025-01-03T18:42:51+00:00\",\"mainEntityOfPage\":{\"@id\":\"https:\\\/\\\/autofans.com.ar\\\/index.php\\\/2025\\\/01\\\/03\\\/nueva-volkswagen-amarok-trendline-mt-4x4\\\/\"},\"wordCount\":583,\"image\":{\"@id\":\"https:\\\/\\\/autofans.com.ar\\\/index.php\\\/2025\\\/01\\\/03\\\/nueva-volkswagen-amarok-trendline-mt-4x4\\\/#primaryimage\"},\"thumbnailUrl\":\"https:\\\/\\\/autofans.com.ar\\\/wp-content\\\/uploads\\\/2025\\\/01\\\/amarok-3.jpg\",\"keywords\":[\"Amarok colores\",\"Amarok equipamiento\",\"Amarok MT 4x4\",\"Amarok precio\",\"Amarok Trendline\",\"nueva Amarok\",\"pick-ups Volkswagen\",\"Volkswagen Amarok\"],\"articleSection\":[\"LANZAMIENTOS\",\"PICK UPs, UTILITARIOS Y OTROS\"],\"inLanguage\":\"es\"},{\"@type\":\"WebPage\",\"@id\":\"https:\\\/\\\/autofans.com.ar\\\/index.php\\\/2025\\\/01\\\/03\\\/nueva-volkswagen-amarok-trendline-mt-4x4\\\/\",\"url\":\"https:\\\/\\\/autofans.com.ar\\\/index.php\\\/2025\\\/01\\\/03\\\/nueva-volkswagen-amarok-trendline-mt-4x4\\\/\",\"name\":\"Nueva Volkswagen Amarok Trendline MT 4x4 -\",\"isPartOf\":{\"@id\":\"https:\\\/\\\/autofans.com.ar\\\/#website\"},\"primaryImageOfPage\":{\"@id\":\"https:\\\/\\\/autofans.com.ar\\\/index.php\\\/2025\\\/01\\\/03\\\/nueva-volkswagen-amarok-trendline-mt-4x4\\\/#primaryimage\"},\"image\":{\"@id\":\"https:\\\/\\\/autofans.com.ar\\\/index.php\\\/2025\\\/01\\\/03\\\/nueva-volkswagen-amarok-trendline-mt-4x4\\\/#primaryimage\"},\"thumbnailUrl\":\"https:\\\/\\\/autofans.com.ar\\\/wp-content\\\/uploads\\\/2025\\\/01\\\/amarok-3.jpg\",\"datePublished\":\"2025-01-03T18:42:51+00:00\",\"author\":{\"@id\":\"https:\\\/\\\/autofans.com.ar\\\/#\\\/schema\\\/person\\\/4a8dda0b6df83ac3d6723e921274c2aa\"},\"description\":\"Volkswagen Argentina lanza al mercado la nueva Amarok Trendline MT 4x4, ampliando su portafolio a 11 versiones disponibles...\",\"breadcrumb\":{\"@id\":\"https:\\\/\\\/autofans.com.ar\\\/index.php\\\/2025\\\/01\\\/03\\\/nueva-volkswagen-amarok-trendline-mt-4x4\\\/#breadcrumb\"},\"inLanguage\":\"es\",\"potentialAction\":[{\"@type\":\"ReadAction\",\"target\":[\"https:\\\/\\\/autofans.com.ar\\\/index.php\\\/2025\\\/01\\\/03\\\/nueva-volkswagen-amarok-trendline-mt-4x4\\\/\"]}]},{\"@type\":\"ImageObject\",\"inLanguage\":\"es\",\"@id\":\"https:\\\/\\\/autofans.com.ar\\\/index.php\\\/2025\\\/01\\\/03\\\/nueva-volkswagen-amarok-trendline-mt-4x4\\\/#primaryimage\",\"url\":\"https:\\\/\\\/autofans.com.ar\\\/wp-content\\\/uploads\\\/2025\\\/01\\\/amarok-3.jpg\",\"contentUrl\":\"https:\\\/\\\/autofans.com.ar\\\/wp-content\\\/uploads\\\/2025\\\/01\\\/amarok-3.jpg\",\"width\":1000,\"height\":667,\"caption\":\"Volkswagen Amarok\"},{\"@type\":\"BreadcrumbList\",\"@id\":\"https:\\\/\\\/autofans.com.ar\\\/index.php\\\/2025\\\/01\\\/03\\\/nueva-volkswagen-amarok-trendline-mt-4x4\\\/#breadcrumb\",\"itemListElement\":[{\"@type\":\"ListItem\",\"position\":1,\"name\":\"Inicio\",\"item\":\"https:\\\/\\\/autofans.com.ar\\\/\"},{\"@type\":\"ListItem\",\"position\":2,\"name\":\"Nueva Volkswagen Amarok Trendline MT 4&#215;4\"}]},{\"@type\":\"WebSite\",\"@id\":\"https:\\\/\\\/autofans.com.ar\\\/#website\",\"url\":\"https:\\\/\\\/autofans.com.ar\\\/\",\"name\":\"\",\"description\":\"El multimedio referente de la industria automotriz\",\"potentialAction\":[{\"@type\":\"SearchAction\",\"target\":{\"@type\":\"EntryPoint\",\"urlTemplate\":\"https:\\\/\\\/autofans.com.ar\\\/?s={search_term_string}\"},\"query-input\":{\"@type\":\"PropertyValueSpecification\",\"valueRequired\":true,\"valueName\":\"search_term_string\"}}],\"inLanguage\":\"es\"},{\"@type\":\"Person\",\"@id\":\"https:\\\/\\\/autofans.com.ar\\\/#\\\/schema\\\/person\\\/4a8dda0b6df83ac3d6723e921274c2aa\",\"name\":\"Alejandro Gabriel Rosito\",\"image\":{\"@type\":\"ImageObject\",\"inLanguage\":\"es\",\"@id\":\"https:\\\/\\\/secure.gravatar.com\\\/avatar\\\/16c5dda1489adfc62618084dcbb91cffd879c374b13fe5dd8e44ed6733852c88?s=96&d=mm&r=g\",\"url\":\"https:\\\/\\\/secure.gravatar.com\\\/avatar\\\/16c5dda1489adfc62618084dcbb91cffd879c374b13fe5dd8e44ed6733852c88?s=96&d=mm&r=g\",\"contentUrl\":\"https:\\\/\\\/secure.gravatar.com\\\/avatar\\\/16c5dda1489adfc62618084dcbb91cffd879c374b13fe5dd8e44ed6733852c88?s=96&d=mm&r=g\",\"caption\":\"Alejandro Gabriel Rosito\"},\"url\":\"https:\\\/\\\/autofans.com.ar\\\/index.php\\\/author\\\/gabrielr\\\/\"}]}<\/script>\n<!-- \/ Yoast SEO plugin. -->","yoast_head_json":{"title":"Nueva Volkswagen Amarok Trendline MT 4x4 -","description":"Volkswagen Argentina lanza al mercado la nueva Amarok Trendline MT 4x4, ampliando su portafolio a 11 versiones disponibles...","robots":{"index":"index","follow":"follow","max-snippet":"max-snippet:-1","max-image-preview":"max-image-preview:large","max-video-preview":"max-video-preview:-1"},"canonical":"https:\/\/autofans.com.ar\/index.php\/2025\/01\/03\/nueva-volkswagen-amarok-trendline-mt-4x4\/","og_locale":"es_ES","og_type":"article","og_title":"Nueva Volkswagen Amarok Trendline MT 4x4 -","og_description":"Volkswagen Argentina lanza al mercado la nueva Amarok Trendline MT 4x4, ampliando su portafolio a 11 versiones disponibles...","og_url":"https:\/\/autofans.com.ar\/index.php\/2025\/01\/03\/nueva-volkswagen-amarok-trendline-mt-4x4\/","article_published_time":"2025-01-03T18:42:51+00:00","og_image":[{"width":1000,"height":667,"url":"https:\/\/autofans.com.ar\/wp-content\/uploads\/2025\/01\/amarok-3.jpg","type":"image\/jpeg"}],"author":"Alejandro Gabriel Rosito","twitter_card":"summary_large_image","twitter_misc":{"Escrito por":"Alejandro Gabriel Rosito","Tiempo de lectura":"3 minutos"},"schema":{"@context":"https:\/\/schema.org","@graph":[{"@type":"Article","@id":"https:\/\/autofans.com.ar\/index.php\/2025\/01\/03\/nueva-volkswagen-amarok-trendline-mt-4x4\/#article","isPartOf":{"@id":"https:\/\/autofans.com.ar\/index.php\/2025\/01\/03\/nueva-volkswagen-amarok-trendline-mt-4x4\/"},"author":{"name":"Alejandro Gabriel Rosito","@id":"https:\/\/autofans.com.ar\/#\/schema\/person\/4a8dda0b6df83ac3d6723e921274c2aa"},"headline":"Nueva Volkswagen Amarok Trendline MT 4&#215;4","datePublished":"2025-01-03T18:42:51+00:00","mainEntityOfPage":{"@id":"https:\/\/autofans.com.ar\/index.php\/2025\/01\/03\/nueva-volkswagen-amarok-trendline-mt-4x4\/"},"wordCount":583,"image":{"@id":"https:\/\/autofans.com.ar\/index.php\/2025\/01\/03\/nueva-volkswagen-amarok-trendline-mt-4x4\/#primaryimage"},"thumbnailUrl":"https:\/\/autofans.com.ar\/wp-content\/uploads\/2025\/01\/amarok-3.jpg","keywords":["Amarok colores","Amarok equipamiento","Amarok MT 4x4","Amarok precio","Amarok Trendline","nueva Amarok","pick-ups Volkswagen","Volkswagen Amarok"],"articleSection":["LANZAMIENTOS","PICK UPs, UTILITARIOS Y OTROS"],"inLanguage":"es"},{"@type":"WebPage","@id":"https:\/\/autofans.com.ar\/index.php\/2025\/01\/03\/nueva-volkswagen-amarok-trendline-mt-4x4\/","url":"https:\/\/autofans.com.ar\/index.php\/2025\/01\/03\/nueva-volkswagen-amarok-trendline-mt-4x4\/","name":"Nueva Volkswagen Amarok Trendline MT 4x4 -","isPartOf":{"@id":"https:\/\/autofans.com.ar\/#website"},"primaryImageOfPage":{"@id":"https:\/\/autofans.com.ar\/index.php\/2025\/01\/03\/nueva-volkswagen-amarok-trendline-mt-4x4\/#primaryimage"},"image":{"@id":"https:\/\/autofans.com.ar\/index.php\/2025\/01\/03\/nueva-volkswagen-amarok-trendline-mt-4x4\/#primaryimage"},"thumbnailUrl":"https:\/\/autofans.com.ar\/wp-content\/uploads\/2025\/01\/amarok-3.jpg","datePublished":"2025-01-03T18:42:51+00:00","author":{"@id":"https:\/\/autofans.com.ar\/#\/schema\/person\/4a8dda0b6df83ac3d6723e921274c2aa"},"description":"Volkswagen Argentina lanza al mercado la nueva Amarok Trendline MT 4x4, ampliando su portafolio a 11 versiones disponibles...","breadcrumb":{"@id":"https:\/\/autofans.com.ar\/index.php\/2025\/01\/03\/nueva-volkswagen-amarok-trendline-mt-4x4\/#breadcrumb"},"inLanguage":"es","potentialAction":[{"@type":"ReadAction","target":["https:\/\/autofans.com.ar\/index.php\/2025\/01\/03\/nueva-volkswagen-amarok-trendline-mt-4x4\/"]}]},{"@type":"ImageObject","inLanguage":"es","@id":"https:\/\/autofans.com.ar\/index.php\/2025\/01\/03\/nueva-volkswagen-amarok-trendline-mt-4x4\/#primaryimage","url":"https:\/\/autofans.com.ar\/wp-content\/uploads\/2025\/01\/amarok-3.jpg","contentUrl":"https:\/\/autofans.com.ar\/wp-content\/uploads\/2025\/01\/amarok-3.jpg","width":1000,"height":667,"caption":"Volkswagen Amarok"},{"@type":"BreadcrumbList","@id":"https:\/\/autofans.com.ar\/index.php\/2025\/01\/03\/nueva-volkswagen-amarok-trendline-mt-4x4\/#breadcrumb","itemListElement":[{"@type":"ListItem","position":1,"name":"Inicio","item":"https:\/\/autofans.com.ar\/"},{"@type":"ListItem","position":2,"name":"Nueva Volkswagen Amarok Trendline MT 4&#215;4"}]},{"@type":"WebSite","@id":"https:\/\/autofans.com.ar\/#website","url":"https:\/\/autofans.com.ar\/","name":"","description":"El multimedio referente de la industria automotriz","potentialAction":[{"@type":"SearchAction","target":{"@type":"EntryPoint","urlTemplate":"https:\/\/autofans.com.ar\/?s={search_term_string}"},"query-input":{"@type":"PropertyValueSpecification","valueRequired":true,"valueName":"search_term_string"}}],"inLanguage":"es"},{"@type":"Person","@id":"https:\/\/autofans.com.ar\/#\/schema\/person\/4a8dda0b6df83ac3d6723e921274c2aa","name":"Alejandro Gabriel Rosito","image":{"@type":"ImageObject","inLanguage":"es","@id":"https:\/\/secure.gravatar.com\/avatar\/16c5dda1489adfc62618084dcbb91cffd879c374b13fe5dd8e44ed6733852c88?s=96&d=mm&r=g","url":"https:\/\/secure.gravatar.com\/avatar\/16c5dda1489adfc62618084dcbb91cffd879c374b13fe5dd8e44ed6733852c88?s=96&d=mm&r=g","contentUrl":"https:\/\/secure.gravatar.com\/avatar\/16c5dda1489adfc62618084dcbb91cffd879c374b13fe5dd8e44ed6733852c88?s=96&d=mm&r=g","caption":"Alejandro Gabriel Rosito"},"url":"https:\/\/autofans.com.ar\/index.php\/author\/gabrielr\/"}]}},"featured_image_urls":{"full":["https:\/\/autofans.com.ar\/wp-content\/uploads\/2025\/01\/amarok-3.jpg",1000,667,false],"thumbnail":["https:\/\/autofans.com.ar\/wp-content\/uploads\/2025\/01\/amarok-3-150x150.jpg",150,150,true],"medium":["https:\/\/autofans.com.ar\/wp-content\/uploads\/2025\/01\/amarok-3-300x200.jpg",300,200,true],"medium_large":["https:\/\/autofans.com.ar\/wp-content\/uploads\/2025\/01\/amarok-3-768x512.jpg",640,427,true],"large":["https:\/\/autofans.com.ar\/wp-content\/uploads\/2025\/01\/amarok-3.jpg",640,427,false],"1536x1536":["https:\/\/autofans.com.ar\/wp-content\/uploads\/2025\/01\/amarok-3.jpg",1000,667,false],"2048x2048":["https:\/\/autofans.com.ar\/wp-content\/uploads\/2025\/01\/amarok-3.jpg",1000,667,false],"covernews-featured":["https:\/\/autofans.com.ar\/wp-content\/uploads\/2025\/01\/amarok-3.jpg",1000,667,false],"covernews-medium":["https:\/\/autofans.com.ar\/wp-content\/uploads\/2025\/01\/amarok-3-540x340.jpg",540,340,true]},"author_info":{"display_name":"Alejandro Gabriel Rosito","author_link":"https:\/\/autofans.com.ar\/index.php\/author\/gabrielr\/"},"category_info":"<a href=\"https:\/\/autofans.com.ar\/index.php\/category\/lanzamientos\/\" rel=\"category tag\">LANZAMIENTOS<\/a> <a href=\"https:\/\/autofans.com.ar\/index.php\/category\/noticias\/otros\/\" rel=\"category tag\">PICK UPs, UTILITARIOS Y OTROS<\/a>","tag_info":"PICK UPs, UTILITARIOS Y OTROS","comment_count":0,"_links":{"self":[{"href":"https:\/\/autofans.com.ar\/index.php\/wp-json\/wp\/v2\/posts\/10520","targetHints":{"allow":["GET"]}}],"collection":[{"href":"https:\/\/autofans.com.ar\/index.php\/wp-json\/wp\/v2\/posts"}],"about":[{"href":"https:\/\/autofans.com.ar\/index.php\/wp-json\/wp\/v2\/types\/post"}],"author":[{"embeddable":true,"href":"https:\/\/autofans.com.ar\/index.php\/wp-json\/wp\/v2\/users\/2"}],"replies":[{"embeddable":true,"href":"https:\/\/autofans.com.ar\/index.php\/wp-json\/wp\/v2\/comments?post=10520"}],"version-history":[{"count":5,"href":"https:\/\/autofans.com.ar\/index.php\/wp-json\/wp\/v2\/posts\/10520\/revisions"}],"predecessor-version":[{"id":10530,"href":"https:\/\/autofans.com.ar\/index.php\/wp-json\/wp\/v2\/posts\/10520\/revisions\/10530"}],"wp:featuredmedia":[{"embeddable":true,"href":"https:\/\/autofans.com.ar\/index.php\/wp-json\/wp\/v2\/media\/10525"}],"wp:attachment":[{"href":"https:\/\/autofans.com.ar\/index.php\/wp-json\/wp\/v2\/media?parent=10520"}],"wp:term":[{"taxonomy":"category","embeddable":true,"href":"https:\/\/autofans.com.ar\/index.php\/wp-json\/wp\/v2\/categories?post=10520"},{"taxonomy":"post_tag","embeddable":true,"href":"https:\/\/autofans.com.ar\/index.php\/wp-json\/wp\/v2\/tags?post=10520"}],"curies":[{"name":"wp","href":"https:\/\/api.w.org\/{rel}","templated":true}]}}