{"id":10531,"date":"2025-01-03T20:28:40","date_gmt":"2025-01-03T23:28:40","guid":{"rendered":"https:\/\/autofans.com.ar\/?p=10531"},"modified":"2025-01-03T20:28:40","modified_gmt":"2025-01-03T23:28:40","slug":"vivi-la-experiencia-chevrolet-en-carilo-y-pinamar","status":"publish","type":"post","link":"https:\/\/autofans.com.ar\/index.php\/2025\/01\/03\/vivi-la-experiencia-chevrolet-en-carilo-y-pinamar\/","title":{"rendered":"Viv\u00ed la experiencia Chevrolet en Caril\u00f3 y Pinamar"},"content":{"rendered":"<p>Desde el 2 de enero hasta el 4 de marzo, Chevrolet se hace presente en Caril\u00f3 y Pinamar con un stand interactivo, test drives exclusivos y actividades dise\u00f1adas para los amantes de los autos. La marca invita a conocer su l\u00ednea de veh\u00edculos m\u00e1s destacada, incluyendo pickups, SUVs y su innovador modelo 100% el\u00e9ctrico.<\/p>\n<p>&nbsp;<\/p>\n<h2>Stand Chevrolet en Caril\u00f3<\/h2>\n<p>&nbsp;<\/p>\n<p><img fetchpriority=\"high\" decoding=\"async\" class=\"aligncenter wp-image-10534 size-full\" src=\"https:\/\/autofans.com.ar\/wp-content\/uploads\/2025\/01\/chevrolet-1.jpg\" alt=\"Chevrolet\" width=\"1000\" height=\"667\" srcset=\"https:\/\/autofans.com.ar\/wp-content\/uploads\/2025\/01\/chevrolet-1.jpg 1000w, https:\/\/autofans.com.ar\/wp-content\/uploads\/2025\/01\/chevrolet-1-300x200.jpg 300w, https:\/\/autofans.com.ar\/wp-content\/uploads\/2025\/01\/chevrolet-1-768x512.jpg 768w\" sizes=\"(max-width: 1000px) 100vw, 1000px\" \/><\/p>\n<p>&nbsp;<\/p>\n<p>En pleno coraz\u00f3n del centro comercial de Caril\u00f3, en Avellano 255, entre Benteveo y Boyero, Chevrolet exhibir\u00e1 su gama completa de veh\u00edculos. Podr\u00e1s descubrir modelos como la Silverado, S10, la nueva Montana RS de dise\u00f1o deportivo y el SUV el\u00e9ctrico Blazer RS EV, que llegar\u00e1 al mercado argentino este a\u00f1o.<br \/>\nEl stand estar\u00e1 abierto todos los d\u00edas de 18:00 a 24:00 hs, ofreciendo una experiencia cercana y asesoramiento personalizado.<\/p>\n<p>&nbsp;<\/p>\n<blockquote>\n<p style=\"text-align: center;\">Patricio Verdura, Gerente de Marketing de GM Argentina, coment\u00f3: \u00abLa temporada de verano siempre es una oportunidad especial para acercarnos a nuestros clientes y compartir con ellos nuestras novedades. En esta edici\u00f3n, no solo tenemos una amplia gama de veh\u00edculos para exhibir, sino que tambi\u00e9n nos complace ofrecerles una experiencia de manejo off road, as\u00ed como tambi\u00e9n una revisi\u00f3n t\u00e9cnica gratuita de sus veh\u00edculos y otras activaciones que muestran la tecnolog\u00eda y el compromiso de Chevrolet con la innovaci\u00f3n.\u00bb<\/p>\n<\/blockquote>\n<p>&nbsp;<\/p>\n<h2>Traves\u00edas en Pinamar<\/h2>\n<p>Desde Pinamar Norte, Chevrolet organiza traves\u00edas exclusivas donde los visitantes podr\u00e1n manejar modelos como la Silverado, S10 y Trailblazer. Estas actividades se realizar\u00e1n desde el 10 de enero hasta el 1 de marzo. En turnos programados los jueves, viernes y s\u00e1bados a las 11:00, 16:00 y 18:00 hs, partiendo desde Av. Del Libertador y Florentino Ameghino.<\/p>\n<p>&nbsp;<\/p>\n<p><img decoding=\"async\" class=\"aligncenter wp-image-10532 size-full\" src=\"https:\/\/autofans.com.ar\/wp-content\/uploads\/2025\/01\/chevrolet-3.jpg\" alt=\"Chevrolet\" width=\"1000\" height=\"667\" srcset=\"https:\/\/autofans.com.ar\/wp-content\/uploads\/2025\/01\/chevrolet-3.jpg 1000w, https:\/\/autofans.com.ar\/wp-content\/uploads\/2025\/01\/chevrolet-3-300x200.jpg 300w, https:\/\/autofans.com.ar\/wp-content\/uploads\/2025\/01\/chevrolet-3-768x512.jpg 768w\" sizes=\"(max-width: 1000px) 100vw, 1000px\" \/><\/p>\n<p>&nbsp;<\/p>\n<p>&nbsp;<\/p>\n<p>En Pinamar, los clientes Chevrolet podr\u00e1n realizar chequeos gratuitos de sus veh\u00edculos en el stand ubicado en Bunge y Jason. Disponible del 6 de enero al 4 de marzo, de 9:00 a 19:00 hs.<\/p>\n<p>Este verano, Chevrolet combina innovaci\u00f3n, experiencias interactivas y atenci\u00f3n exclusiva para sus clientes y seguidores en dos de los destinos m\u00e1s visitados de la costa argentina.<\/p>\n<p>&nbsp;<\/p>\n<p>&nbsp;<\/p>\n<p>&nbsp;<\/p>\n<p><i>Para enterarte de m\u00e1s novedades, no dejes de leer\u00a0<\/i><a href=\"https:\/\/autofans.thebrandsoup.com\/\"><i>nuestras notas<\/i><\/a><i>, de ver<\/i><b><i>\u00a0<\/i><\/b><a href=\"https:\/\/www.youtube.com\/channel\/UCgAC8UGHZYbT6P7PpmVnP7g\"><b><i>AUTOFANS TV<\/i><\/b><\/a><b><i>\u00a0<\/i><\/b><i>en nuestro\u00a0canal de Youtube. Adem\u00e1s seguinos en\u00a0<\/i><a href=\"https:\/\/www.instagram.com\/autofanstv\/\"><i>INSTAGRAM<\/i><\/a><i> y <\/i><a href=\"https:\/\/www.facebook.com\/autofansmas\/\"><i>FACEBOOK<\/i><\/a><i> para no perderte nada sobre las novedades del segmento automotor de Argentina y el mundo.<\/i><\/p>\n","protected":false},"excerpt":{"rendered":"<p>Desde el 2 de enero hasta el 4 de marzo, Chevrolet se hace presente en&#8230;<\/p>\n","protected":false},"author":2,"featured_media":10533,"comment_status":"closed","ping_status":"closed","sticky":false,"template":"","format":"standard","meta":{"footnotes":""},"categories":[6,16],"tags":[5738,273,3258,5735,5734,5737,3261,5736,5739],"class_list":["post-10531","post","type-post","status-publish","format-standard","has-post-thumbnail","hentry","category-bizstyle","category-noticias","tag-blazer-rs-ev","tag-chevrolet-argentina","tag-chevrolet-carilo","tag-chevrolet-pinamar","tag-chevrolet-verano-2025","tag-montana-rs","tag-silverado","tag-test-drives-chevrolet","tag-travesias-chevrolet"],"yoast_head":"<!-- This site is optimized with the Yoast SEO plugin v27.5 - https:\/\/yoast.com\/product\/yoast-seo-wordpress\/ -->\n<title>Viv\u00ed la experiencia Chevrolet en Caril\u00f3 y Pinamar -<\/title>\n<meta name=\"description\" content=\"Desde el 2 de enero hasta el 4 de marzo, Chevrolet se hace presente en Caril\u00f3 y Pinamar con un stand interactivo, test drives exclusivos...\" \/>\n<meta name=\"robots\" content=\"index, follow, max-snippet:-1, max-image-preview:large, max-video-preview:-1\" \/>\n<link rel=\"canonical\" href=\"https:\/\/autofans.com.ar\/index.php\/2025\/01\/03\/vivi-la-experiencia-chevrolet-en-carilo-y-pinamar\/\" \/>\n<meta property=\"og:locale\" content=\"es_ES\" \/>\n<meta property=\"og:type\" content=\"article\" \/>\n<meta property=\"og:title\" content=\"Viv\u00ed la experiencia Chevrolet en Caril\u00f3 y Pinamar -\" \/>\n<meta property=\"og:description\" content=\"Desde el 2 de enero hasta el 4 de marzo, Chevrolet se hace presente en Caril\u00f3 y Pinamar con un stand interactivo, test drives exclusivos...\" \/>\n<meta property=\"og:url\" content=\"https:\/\/autofans.com.ar\/index.php\/2025\/01\/03\/vivi-la-experiencia-chevrolet-en-carilo-y-pinamar\/\" \/>\n<meta property=\"article:published_time\" content=\"2025-01-03T23:28:40+00:00\" \/>\n<meta property=\"og:image\" content=\"https:\/\/autofans.com.ar\/wp-content\/uploads\/2025\/01\/chevrolet-2.jpg\" \/>\n\t<meta property=\"og:image:width\" content=\"1000\" \/>\n\t<meta property=\"og:image:height\" content=\"667\" \/>\n\t<meta property=\"og:image:type\" content=\"image\/jpeg\" \/>\n<meta name=\"author\" content=\"Alejandro Gabriel Rosito\" \/>\n<meta name=\"twitter:card\" content=\"summary_large_image\" \/>\n<meta name=\"twitter:label1\" content=\"Escrito por\" \/>\n\t<meta name=\"twitter:data1\" content=\"Alejandro Gabriel Rosito\" \/>\n\t<meta name=\"twitter:label2\" content=\"Tiempo de lectura\" \/>\n\t<meta name=\"twitter:data2\" content=\"2 minutos\" \/>\n<script type=\"application\/ld+json\" class=\"yoast-schema-graph\">{\"@context\":\"https:\\\/\\\/schema.org\",\"@graph\":[{\"@type\":\"Article\",\"@id\":\"https:\\\/\\\/autofans.com.ar\\\/index.php\\\/2025\\\/01\\\/03\\\/vivi-la-experiencia-chevrolet-en-carilo-y-pinamar\\\/#article\",\"isPartOf\":{\"@id\":\"https:\\\/\\\/autofans.com.ar\\\/index.php\\\/2025\\\/01\\\/03\\\/vivi-la-experiencia-chevrolet-en-carilo-y-pinamar\\\/\"},\"author\":{\"name\":\"Alejandro Gabriel Rosito\",\"@id\":\"https:\\\/\\\/autofans.com.ar\\\/#\\\/schema\\\/person\\\/4a8dda0b6df83ac3d6723e921274c2aa\"},\"headline\":\"Viv\u00ed la experiencia Chevrolet en Caril\u00f3 y Pinamar\",\"datePublished\":\"2025-01-03T23:28:40+00:00\",\"mainEntityOfPage\":{\"@id\":\"https:\\\/\\\/autofans.com.ar\\\/index.php\\\/2025\\\/01\\\/03\\\/vivi-la-experiencia-chevrolet-en-carilo-y-pinamar\\\/\"},\"wordCount\":403,\"image\":{\"@id\":\"https:\\\/\\\/autofans.com.ar\\\/index.php\\\/2025\\\/01\\\/03\\\/vivi-la-experiencia-chevrolet-en-carilo-y-pinamar\\\/#primaryimage\"},\"thumbnailUrl\":\"https:\\\/\\\/autofans.com.ar\\\/wp-content\\\/uploads\\\/2025\\\/01\\\/chevrolet-2.jpg\",\"keywords\":[\"Blazer RS EV\",\"Chevrolet argentina\",\"Chevrolet Caril\u00f3\",\"Chevrolet Pinamar\",\"Chevrolet verano 2025\",\"Montana RS\",\"Silverado\",\"test drives Chevrolet\",\"traves\u00edas Chevrolet.\"],\"articleSection\":[\"BIZSTYLE\",\"NOTICIAS\"],\"inLanguage\":\"es\"},{\"@type\":\"WebPage\",\"@id\":\"https:\\\/\\\/autofans.com.ar\\\/index.php\\\/2025\\\/01\\\/03\\\/vivi-la-experiencia-chevrolet-en-carilo-y-pinamar\\\/\",\"url\":\"https:\\\/\\\/autofans.com.ar\\\/index.php\\\/2025\\\/01\\\/03\\\/vivi-la-experiencia-chevrolet-en-carilo-y-pinamar\\\/\",\"name\":\"Viv\u00ed la experiencia Chevrolet en Caril\u00f3 y Pinamar -\",\"isPartOf\":{\"@id\":\"https:\\\/\\\/autofans.com.ar\\\/#website\"},\"primaryImageOfPage\":{\"@id\":\"https:\\\/\\\/autofans.com.ar\\\/index.php\\\/2025\\\/01\\\/03\\\/vivi-la-experiencia-chevrolet-en-carilo-y-pinamar\\\/#primaryimage\"},\"image\":{\"@id\":\"https:\\\/\\\/autofans.com.ar\\\/index.php\\\/2025\\\/01\\\/03\\\/vivi-la-experiencia-chevrolet-en-carilo-y-pinamar\\\/#primaryimage\"},\"thumbnailUrl\":\"https:\\\/\\\/autofans.com.ar\\\/wp-content\\\/uploads\\\/2025\\\/01\\\/chevrolet-2.jpg\",\"datePublished\":\"2025-01-03T23:28:40+00:00\",\"author\":{\"@id\":\"https:\\\/\\\/autofans.com.ar\\\/#\\\/schema\\\/person\\\/4a8dda0b6df83ac3d6723e921274c2aa\"},\"description\":\"Desde el 2 de enero hasta el 4 de marzo, Chevrolet se hace presente en Caril\u00f3 y Pinamar con un stand interactivo, test drives exclusivos...\",\"breadcrumb\":{\"@id\":\"https:\\\/\\\/autofans.com.ar\\\/index.php\\\/2025\\\/01\\\/03\\\/vivi-la-experiencia-chevrolet-en-carilo-y-pinamar\\\/#breadcrumb\"},\"inLanguage\":\"es\",\"potentialAction\":[{\"@type\":\"ReadAction\",\"target\":[\"https:\\\/\\\/autofans.com.ar\\\/index.php\\\/2025\\\/01\\\/03\\\/vivi-la-experiencia-chevrolet-en-carilo-y-pinamar\\\/\"]}]},{\"@type\":\"ImageObject\",\"inLanguage\":\"es\",\"@id\":\"https:\\\/\\\/autofans.com.ar\\\/index.php\\\/2025\\\/01\\\/03\\\/vivi-la-experiencia-chevrolet-en-carilo-y-pinamar\\\/#primaryimage\",\"url\":\"https:\\\/\\\/autofans.com.ar\\\/wp-content\\\/uploads\\\/2025\\\/01\\\/chevrolet-2.jpg\",\"contentUrl\":\"https:\\\/\\\/autofans.com.ar\\\/wp-content\\\/uploads\\\/2025\\\/01\\\/chevrolet-2.jpg\",\"width\":1000,\"height\":667,\"caption\":\"Chevrolet\"},{\"@type\":\"BreadcrumbList\",\"@id\":\"https:\\\/\\\/autofans.com.ar\\\/index.php\\\/2025\\\/01\\\/03\\\/vivi-la-experiencia-chevrolet-en-carilo-y-pinamar\\\/#breadcrumb\",\"itemListElement\":[{\"@type\":\"ListItem\",\"position\":1,\"name\":\"Inicio\",\"item\":\"https:\\\/\\\/autofans.com.ar\\\/\"},{\"@type\":\"ListItem\",\"position\":2,\"name\":\"Viv\u00ed la experiencia Chevrolet en Caril\u00f3 y Pinamar\"}]},{\"@type\":\"WebSite\",\"@id\":\"https:\\\/\\\/autofans.com.ar\\\/#website\",\"url\":\"https:\\\/\\\/autofans.com.ar\\\/\",\"name\":\"\",\"description\":\"El multimedio referente de la industria automotriz\",\"potentialAction\":[{\"@type\":\"SearchAction\",\"target\":{\"@type\":\"EntryPoint\",\"urlTemplate\":\"https:\\\/\\\/autofans.com.ar\\\/?s={search_term_string}\"},\"query-input\":{\"@type\":\"PropertyValueSpecification\",\"valueRequired\":true,\"valueName\":\"search_term_string\"}}],\"inLanguage\":\"es\"},{\"@type\":\"Person\",\"@id\":\"https:\\\/\\\/autofans.com.ar\\\/#\\\/schema\\\/person\\\/4a8dda0b6df83ac3d6723e921274c2aa\",\"name\":\"Alejandro Gabriel Rosito\",\"image\":{\"@type\":\"ImageObject\",\"inLanguage\":\"es\",\"@id\":\"https:\\\/\\\/secure.gravatar.com\\\/avatar\\\/16c5dda1489adfc62618084dcbb91cffd879c374b13fe5dd8e44ed6733852c88?s=96&d=mm&r=g\",\"url\":\"https:\\\/\\\/secure.gravatar.com\\\/avatar\\\/16c5dda1489adfc62618084dcbb91cffd879c374b13fe5dd8e44ed6733852c88?s=96&d=mm&r=g\",\"contentUrl\":\"https:\\\/\\\/secure.gravatar.com\\\/avatar\\\/16c5dda1489adfc62618084dcbb91cffd879c374b13fe5dd8e44ed6733852c88?s=96&d=mm&r=g\",\"caption\":\"Alejandro Gabriel Rosito\"},\"url\":\"https:\\\/\\\/autofans.com.ar\\\/index.php\\\/author\\\/gabrielr\\\/\"}]}<\/script>\n<!-- \/ Yoast SEO plugin. -->","yoast_head_json":{"title":"Viv\u00ed la experiencia Chevrolet en Caril\u00f3 y Pinamar -","description":"Desde el 2 de enero hasta el 4 de marzo, Chevrolet se hace presente en Caril\u00f3 y Pinamar con un stand interactivo, test drives exclusivos...","robots":{"index":"index","follow":"follow","max-snippet":"max-snippet:-1","max-image-preview":"max-image-preview:large","max-video-preview":"max-video-preview:-1"},"canonical":"https:\/\/autofans.com.ar\/index.php\/2025\/01\/03\/vivi-la-experiencia-chevrolet-en-carilo-y-pinamar\/","og_locale":"es_ES","og_type":"article","og_title":"Viv\u00ed la experiencia Chevrolet en Caril\u00f3 y Pinamar -","og_description":"Desde el 2 de enero hasta el 4 de marzo, Chevrolet se hace presente en Caril\u00f3 y Pinamar con un stand interactivo, test drives exclusivos...","og_url":"https:\/\/autofans.com.ar\/index.php\/2025\/01\/03\/vivi-la-experiencia-chevrolet-en-carilo-y-pinamar\/","article_published_time":"2025-01-03T23:28:40+00:00","og_image":[{"width":1000,"height":667,"url":"https:\/\/autofans.com.ar\/wp-content\/uploads\/2025\/01\/chevrolet-2.jpg","type":"image\/jpeg"}],"author":"Alejandro Gabriel Rosito","twitter_card":"summary_large_image","twitter_misc":{"Escrito por":"Alejandro Gabriel Rosito","Tiempo de lectura":"2 minutos"},"schema":{"@context":"https:\/\/schema.org","@graph":[{"@type":"Article","@id":"https:\/\/autofans.com.ar\/index.php\/2025\/01\/03\/vivi-la-experiencia-chevrolet-en-carilo-y-pinamar\/#article","isPartOf":{"@id":"https:\/\/autofans.com.ar\/index.php\/2025\/01\/03\/vivi-la-experiencia-chevrolet-en-carilo-y-pinamar\/"},"author":{"name":"Alejandro Gabriel Rosito","@id":"https:\/\/autofans.com.ar\/#\/schema\/person\/4a8dda0b6df83ac3d6723e921274c2aa"},"headline":"Viv\u00ed la experiencia Chevrolet en Caril\u00f3 y Pinamar","datePublished":"2025-01-03T23:28:40+00:00","mainEntityOfPage":{"@id":"https:\/\/autofans.com.ar\/index.php\/2025\/01\/03\/vivi-la-experiencia-chevrolet-en-carilo-y-pinamar\/"},"wordCount":403,"image":{"@id":"https:\/\/autofans.com.ar\/index.php\/2025\/01\/03\/vivi-la-experiencia-chevrolet-en-carilo-y-pinamar\/#primaryimage"},"thumbnailUrl":"https:\/\/autofans.com.ar\/wp-content\/uploads\/2025\/01\/chevrolet-2.jpg","keywords":["Blazer RS EV","Chevrolet argentina","Chevrolet Caril\u00f3","Chevrolet Pinamar","Chevrolet verano 2025","Montana RS","Silverado","test drives Chevrolet","traves\u00edas Chevrolet."],"articleSection":["BIZSTYLE","NOTICIAS"],"inLanguage":"es"},{"@type":"WebPage","@id":"https:\/\/autofans.com.ar\/index.php\/2025\/01\/03\/vivi-la-experiencia-chevrolet-en-carilo-y-pinamar\/","url":"https:\/\/autofans.com.ar\/index.php\/2025\/01\/03\/vivi-la-experiencia-chevrolet-en-carilo-y-pinamar\/","name":"Viv\u00ed la experiencia Chevrolet en Caril\u00f3 y Pinamar -","isPartOf":{"@id":"https:\/\/autofans.com.ar\/#website"},"primaryImageOfPage":{"@id":"https:\/\/autofans.com.ar\/index.php\/2025\/01\/03\/vivi-la-experiencia-chevrolet-en-carilo-y-pinamar\/#primaryimage"},"image":{"@id":"https:\/\/autofans.com.ar\/index.php\/2025\/01\/03\/vivi-la-experiencia-chevrolet-en-carilo-y-pinamar\/#primaryimage"},"thumbnailUrl":"https:\/\/autofans.com.ar\/wp-content\/uploads\/2025\/01\/chevrolet-2.jpg","datePublished":"2025-01-03T23:28:40+00:00","author":{"@id":"https:\/\/autofans.com.ar\/#\/schema\/person\/4a8dda0b6df83ac3d6723e921274c2aa"},"description":"Desde el 2 de enero hasta el 4 de marzo, Chevrolet se hace presente en Caril\u00f3 y Pinamar con un stand interactivo, test drives exclusivos...","breadcrumb":{"@id":"https:\/\/autofans.com.ar\/index.php\/2025\/01\/03\/vivi-la-experiencia-chevrolet-en-carilo-y-pinamar\/#breadcrumb"},"inLanguage":"es","potentialAction":[{"@type":"ReadAction","target":["https:\/\/autofans.com.ar\/index.php\/2025\/01\/03\/vivi-la-experiencia-chevrolet-en-carilo-y-pinamar\/"]}]},{"@type":"ImageObject","inLanguage":"es","@id":"https:\/\/autofans.com.ar\/index.php\/2025\/01\/03\/vivi-la-experiencia-chevrolet-en-carilo-y-pinamar\/#primaryimage","url":"https:\/\/autofans.com.ar\/wp-content\/uploads\/2025\/01\/chevrolet-2.jpg","contentUrl":"https:\/\/autofans.com.ar\/wp-content\/uploads\/2025\/01\/chevrolet-2.jpg","width":1000,"height":667,"caption":"Chevrolet"},{"@type":"BreadcrumbList","@id":"https:\/\/autofans.com.ar\/index.php\/2025\/01\/03\/vivi-la-experiencia-chevrolet-en-carilo-y-pinamar\/#breadcrumb","itemListElement":[{"@type":"ListItem","position":1,"name":"Inicio","item":"https:\/\/autofans.com.ar\/"},{"@type":"ListItem","position":2,"name":"Viv\u00ed la experiencia Chevrolet en Caril\u00f3 y Pinamar"}]},{"@type":"WebSite","@id":"https:\/\/autofans.com.ar\/#website","url":"https:\/\/autofans.com.ar\/","name":"","description":"El multimedio referente de la industria automotriz","potentialAction":[{"@type":"SearchAction","target":{"@type":"EntryPoint","urlTemplate":"https:\/\/autofans.com.ar\/?s={search_term_string}"},"query-input":{"@type":"PropertyValueSpecification","valueRequired":true,"valueName":"search_term_string"}}],"inLanguage":"es"},{"@type":"Person","@id":"https:\/\/autofans.com.ar\/#\/schema\/person\/4a8dda0b6df83ac3d6723e921274c2aa","name":"Alejandro Gabriel Rosito","image":{"@type":"ImageObject","inLanguage":"es","@id":"https:\/\/secure.gravatar.com\/avatar\/16c5dda1489adfc62618084dcbb91cffd879c374b13fe5dd8e44ed6733852c88?s=96&d=mm&r=g","url":"https:\/\/secure.gravatar.com\/avatar\/16c5dda1489adfc62618084dcbb91cffd879c374b13fe5dd8e44ed6733852c88?s=96&d=mm&r=g","contentUrl":"https:\/\/secure.gravatar.com\/avatar\/16c5dda1489adfc62618084dcbb91cffd879c374b13fe5dd8e44ed6733852c88?s=96&d=mm&r=g","caption":"Alejandro Gabriel Rosito"},"url":"https:\/\/autofans.com.ar\/index.php\/author\/gabrielr\/"}]}},"featured_image_urls":{"full":["https:\/\/autofans.com.ar\/wp-content\/uploads\/2025\/01\/chevrolet-2.jpg",1000,667,false],"thumbnail":["https:\/\/autofans.com.ar\/wp-content\/uploads\/2025\/01\/chevrolet-2-150x150.jpg",150,150,true],"medium":["https:\/\/autofans.com.ar\/wp-content\/uploads\/2025\/01\/chevrolet-2-300x200.jpg",300,200,true],"medium_large":["https:\/\/autofans.com.ar\/wp-content\/uploads\/2025\/01\/chevrolet-2-768x512.jpg",640,427,true],"large":["https:\/\/autofans.com.ar\/wp-content\/uploads\/2025\/01\/chevrolet-2.jpg",640,427,false],"1536x1536":["https:\/\/autofans.com.ar\/wp-content\/uploads\/2025\/01\/chevrolet-2.jpg",1000,667,false],"2048x2048":["https:\/\/autofans.com.ar\/wp-content\/uploads\/2025\/01\/chevrolet-2.jpg",1000,667,false],"covernews-featured":["https:\/\/autofans.com.ar\/wp-content\/uploads\/2025\/01\/chevrolet-2.jpg",1000,667,false],"covernews-medium":["https:\/\/autofans.com.ar\/wp-content\/uploads\/2025\/01\/chevrolet-2-540x340.jpg",540,340,true]},"author_info":{"display_name":"Alejandro Gabriel Rosito","author_link":"https:\/\/autofans.com.ar\/index.php\/author\/gabrielr\/"},"category_info":"<a href=\"https:\/\/autofans.com.ar\/index.php\/category\/noticias\/bizstyle\/\" rel=\"category tag\">BIZSTYLE<\/a> <a href=\"https:\/\/autofans.com.ar\/index.php\/category\/noticias\/\" rel=\"category tag\">NOTICIAS<\/a>","tag_info":"NOTICIAS","comment_count":0,"_links":{"self":[{"href":"https:\/\/autofans.com.ar\/index.php\/wp-json\/wp\/v2\/posts\/10531","targetHints":{"allow":["GET"]}}],"collection":[{"href":"https:\/\/autofans.com.ar\/index.php\/wp-json\/wp\/v2\/posts"}],"about":[{"href":"https:\/\/autofans.com.ar\/index.php\/wp-json\/wp\/v2\/types\/post"}],"author":[{"embeddable":true,"href":"https:\/\/autofans.com.ar\/index.php\/wp-json\/wp\/v2\/users\/2"}],"replies":[{"embeddable":true,"href":"https:\/\/autofans.com.ar\/index.php\/wp-json\/wp\/v2\/comments?post=10531"}],"version-history":[{"count":3,"href":"https:\/\/autofans.com.ar\/index.php\/wp-json\/wp\/v2\/posts\/10531\/revisions"}],"predecessor-version":[{"id":10537,"href":"https:\/\/autofans.com.ar\/index.php\/wp-json\/wp\/v2\/posts\/10531\/revisions\/10537"}],"wp:featuredmedia":[{"embeddable":true,"href":"https:\/\/autofans.com.ar\/index.php\/wp-json\/wp\/v2\/media\/10533"}],"wp:attachment":[{"href":"https:\/\/autofans.com.ar\/index.php\/wp-json\/wp\/v2\/media?parent=10531"}],"wp:term":[{"taxonomy":"category","embeddable":true,"href":"https:\/\/autofans.com.ar\/index.php\/wp-json\/wp\/v2\/categories?post=10531"},{"taxonomy":"post_tag","embeddable":true,"href":"https:\/\/autofans.com.ar\/index.php\/wp-json\/wp\/v2\/tags?post=10531"}],"curies":[{"name":"wp","href":"https:\/\/api.w.org\/{rel}","templated":true}]}}