{"id":1058,"date":"2023-03-27T12:52:33","date_gmt":"2023-03-27T15:52:33","guid":{"rendered":"https:\/\/autofans.com.ar\/?p=1058"},"modified":"2023-03-27T12:52:33","modified_gmt":"2023-03-27T15:52:33","slug":"toyota-debuta-en-el-tcr-south-america-con-el-corolla-grs-tcr","status":"publish","type":"post","link":"https:\/\/autofans.com.ar\/index.php\/2023\/03\/27\/toyota-debuta-en-el-tcr-south-america-con-el-corolla-grs-tcr\/","title":{"rendered":"Toyota debuta en el TCR South America con el Corolla GRS TCR."},"content":{"rendered":"<p>Toyota Gazoo Racing Argentina debuta con su primer veh\u00edculo de competici\u00f3n, el Corolla GRS TCR fabricado \u00edntegramente en Argentina. En la primera fecha del campeonato sudamericano de TCR que se celebrar\u00e1 este domingo en el Aut\u00f3dromo Oscar Cabal\u00e9n, C\u00f3rdoba.<\/p>\n<p>&nbsp;<\/p>\n<div id='gallery-1' class='gallery galleryid-1058 gallery-columns-2 gallery-size-large'><figure class='gallery-item'>\n\t\t\t<div class='gallery-icon landscape'>\n\t\t\t\t<a href='https:\/\/autofans.com.ar\/index.php\/2023\/03\/27\/toyota-debuta-en-el-tcr-south-america-con-el-corolla-grs-tcr\/foto-5-5\/'><img loading=\"lazy\" width=\"640\" height=\"427\" src=\"https:\/\/autofans.com.ar\/wp-content\/uploads\/2023\/03\/foto-5-4-jpg.webp\" class=\"attachment-large size-large\" alt=\"Corolla GRS\" srcset=\"https:\/\/autofans.com.ar\/wp-content\/uploads\/2023\/03\/foto-5-4-jpg.webp 1000w, https:\/\/autofans.com.ar\/wp-content\/uploads\/2023\/03\/foto-5-4-300x200.webp 300w, https:\/\/autofans.com.ar\/wp-content\/uploads\/2023\/03\/foto-5-4-768x512.webp 768w\" sizes=\"auto, (max-width: 640px) 100vw, 640px\" loading=\"lazy\" decoding=\"async\" \/><\/a>\n\t\t\t<\/div><\/figure><figure class='gallery-item'>\n\t\t\t<div class='gallery-icon landscape'>\n\t\t\t\t<a href='https:\/\/autofans.com.ar\/index.php\/2023\/03\/27\/toyota-debuta-en-el-tcr-south-america-con-el-corolla-grs-tcr\/foto-3-5\/'><img loading=\"lazy\" width=\"640\" height=\"427\" src=\"https:\/\/autofans.com.ar\/wp-content\/uploads\/2023\/03\/foto-3-4-jpg.webp\" class=\"attachment-large size-large\" alt=\"Corolla GRS\" srcset=\"https:\/\/autofans.com.ar\/wp-content\/uploads\/2023\/03\/foto-3-4-jpg.webp 1000w, https:\/\/autofans.com.ar\/wp-content\/uploads\/2023\/03\/foto-3-4-300x200.webp 300w, https:\/\/autofans.com.ar\/wp-content\/uploads\/2023\/03\/foto-3-4-768x512.webp 768w\" sizes=\"auto, (max-width: 640px) 100vw, 640px\" loading=\"lazy\" decoding=\"async\" \/><\/a>\n\t\t\t<\/div><\/figure>\n\t\t<\/div>\n\n<p><a href=\"https:\/\/www.toyota.com.ar\/modelos\/corolla-gr-sport\" target=\"_blank\" rel=\"noopener\">El Corolla GRS<\/a> TCR fue dise\u00f1ado y desarrollado en conjunto por los ingenieros de TGRA en Z\u00e1rate y el equipo oficial de competici\u00f3n que representa a la marca en las categor\u00edas TC2000 y Top Race, en C\u00f3rdoba. El plan de producci\u00f3n es de 10 unidades, que competir\u00e1n para equipos privados en TCR South America y TCR Brasil.<\/p>\n<p>&nbsp;<\/p>\n<div id='gallery-2' class='gallery galleryid-1058 gallery-columns-2 gallery-size-large'><figure class='gallery-item'>\n\t\t\t<div class='gallery-icon landscape'>\n\t\t\t\t<a href='https:\/\/autofans.com.ar\/index.php\/2023\/03\/27\/toyota-debuta-en-el-tcr-south-america-con-el-corolla-grs-tcr\/foto-6-4\/'><img loading=\"lazy\" width=\"640\" height=\"427\" src=\"https:\/\/autofans.com.ar\/wp-content\/uploads\/2023\/03\/foto-6-3-jpg.webp\" class=\"attachment-large size-large\" alt=\"Corolla GRS\" srcset=\"https:\/\/autofans.com.ar\/wp-content\/uploads\/2023\/03\/foto-6-3-jpg.webp 1000w, https:\/\/autofans.com.ar\/wp-content\/uploads\/2023\/03\/foto-6-3-300x200.webp 300w, https:\/\/autofans.com.ar\/wp-content\/uploads\/2023\/03\/foto-6-3-768x512.webp 768w\" sizes=\"auto, (max-width: 640px) 100vw, 640px\" loading=\"lazy\" decoding=\"async\" \/><\/a>\n\t\t\t<\/div><\/figure><figure class='gallery-item'>\n\t\t\t<div class='gallery-icon landscape'>\n\t\t\t\t<a href='https:\/\/autofans.com.ar\/index.php\/2023\/03\/27\/toyota-debuta-en-el-tcr-south-america-con-el-corolla-grs-tcr\/foto-8-3\/'><img loading=\"lazy\" width=\"640\" height=\"427\" src=\"https:\/\/autofans.com.ar\/wp-content\/uploads\/2023\/03\/foto-8-2-jpg.webp\" class=\"attachment-large size-large\" alt=\"Corolla GRS\" srcset=\"https:\/\/autofans.com.ar\/wp-content\/uploads\/2023\/03\/foto-8-2-jpg.webp 1000w, https:\/\/autofans.com.ar\/wp-content\/uploads\/2023\/03\/foto-8-2-300x200.webp 300w, https:\/\/autofans.com.ar\/wp-content\/uploads\/2023\/03\/foto-8-2-768x512.webp 768w\" sizes=\"auto, (max-width: 640px) 100vw, 640px\" loading=\"lazy\" decoding=\"async\" \/><\/a>\n\t\t\t<\/div><\/figure>\n\t\t<\/div>\n\n<p>El Corolla GRS TCR mantiene el ADN de calidad, durabilidad y confiabilidad de <a href=\"https:\/\/www.toyota.com.ar\" target=\"_blank\" rel=\"noopener\">Toyota,<\/a> y empuja los l\u00edmites m\u00e1s all\u00e1 para desempe\u00f1arse en condiciones extremas. TGRA prestar\u00e1 los servicios de provisi\u00f3n de repuestos, soporte t\u00e9cnico e ingenier\u00eda aplicada a los equipos. El Corolla GRS TCR es un hito para Toyota en la regi\u00f3n, siguiendo el concepto de que \u201clos caminos construyen a los autos\u201d. Es un claro ejemplo del compromiso de la marca con el automovilismo y la consolidaci\u00f3n de Toyota Gazoo Racing en la regi\u00f3n como referente en el desarrollo de veh\u00edculos para el deporte motor.<\/p>\n<p>&nbsp;<\/p>\n<p><i>Para enterarte de m\u00e1s novedades, no dejes de leer\u00a0<\/i><a href=\"https:\/\/autofans.thebrandsoup.com\/\"><i>nuestras notas<\/i><\/a><i>, de ver<\/i><b><i>\u00a0<\/i><\/b><a href=\"https:\/\/www.youtube.com\/channel\/UCgAC8UGHZYbT6P7PpmVnP7g\"><b><i>AUTOFANS TV<\/i><\/b><\/a><b><i>\u00a0<\/i><\/b><i>en nuestro\u00a0canal de Youtube. Adem\u00e1s seguinos en\u00a0<\/i><a href=\"https:\/\/www.instagram.com\/autofanstv\/\"><i>INSTAGRAM<\/i><\/a><i> y <\/i><a href=\"https:\/\/www.facebook.com\/autofansmas\/\"><i>FACEBOOK<\/i><\/a><i> para no perderte nada sobre las novedades del segmento automotor de Argentina y el mundo.<\/i><\/p>\n","protected":false},"excerpt":{"rendered":"<p>Toyota Gazoo Racing Argentina debuta con su primer veh\u00edculo de competici\u00f3n, el Corolla GRS TCR&#8230;<\/p>\n","protected":false},"author":2,"featured_media":1065,"comment_status":"closed","ping_status":"closed","sticky":false,"template":"","format":"standard","meta":{"footnotes":""},"categories":[127,16],"tags":[478,143,475,474,477,476,479],"class_list":["post-1058","post","type-post","status-publish","format-standard","has-post-thumbnail","hentry","category-deporte","category-noticias","tag-autodromo-oscar-cabalen","tag-competicion","tag-corolla-grs-tcr","tag-oyota","tag-tcr-south-america","tag-toyota-gazoo-racing-argentina","tag-vehiculos-de-competicion"],"yoast_head":"<!-- This site is optimized with the Yoast SEO plugin v27.5 - https:\/\/yoast.com\/product\/yoast-seo-wordpress\/ -->\n<title>Toyota debuta en el TCR South America con el Corolla GRS TCR. -<\/title>\n<meta name=\"description\" content=\"Toyota Gazoo Racing Argentina debuta con su primer veh\u00edculo de competici\u00f3n, el Corolla GRS TCR fabricado \u00edntegramente en Argentina...\" \/>\n<meta name=\"robots\" content=\"index, follow, max-snippet:-1, max-image-preview:large, max-video-preview:-1\" \/>\n<link rel=\"canonical\" href=\"https:\/\/autofans.com.ar\/index.php\/2023\/03\/27\/toyota-debuta-en-el-tcr-south-america-con-el-corolla-grs-tcr\/\" \/>\n<meta property=\"og:locale\" content=\"es_ES\" \/>\n<meta property=\"og:type\" content=\"article\" \/>\n<meta property=\"og:title\" content=\"Toyota debuta en el TCR South America con el Corolla GRS TCR. -\" \/>\n<meta property=\"og:description\" content=\"Toyota Gazoo Racing Argentina debuta con su primer veh\u00edculo de competici\u00f3n, el Corolla GRS TCR fabricado \u00edntegramente en Argentina...\" \/>\n<meta property=\"og:url\" content=\"https:\/\/autofans.com.ar\/index.php\/2023\/03\/27\/toyota-debuta-en-el-tcr-south-america-con-el-corolla-grs-tcr\/\" \/>\n<meta property=\"article:published_time\" content=\"2023-03-27T15:52:33+00:00\" \/>\n<meta property=\"og:image\" content=\"https:\/\/autofans.com.ar\/wp-content\/uploads\/2023\/03\/foto-1-5-jpg.webp\" \/>\n\t<meta property=\"og:image:width\" content=\"1000\" \/>\n\t<meta property=\"og:image:height\" content=\"667\" \/>\n\t<meta property=\"og:image:type\" content=\"image\/jpeg\" \/>\n<meta name=\"author\" content=\"Alejandro Gabriel Rosito\" \/>\n<meta name=\"twitter:card\" content=\"summary_large_image\" \/>\n<meta name=\"twitter:label1\" content=\"Escrito por\" \/>\n\t<meta name=\"twitter:data1\" content=\"Alejandro Gabriel Rosito\" \/>\n\t<meta name=\"twitter:label2\" content=\"Tiempo de lectura\" \/>\n\t<meta name=\"twitter:data2\" content=\"2 minutos\" \/>\n<script type=\"application\/ld+json\" class=\"yoast-schema-graph\">{\"@context\":\"https:\\\/\\\/schema.org\",\"@graph\":[{\"@type\":\"Article\",\"@id\":\"https:\\\/\\\/autofans.com.ar\\\/index.php\\\/2023\\\/03\\\/27\\\/toyota-debuta-en-el-tcr-south-america-con-el-corolla-grs-tcr\\\/#article\",\"isPartOf\":{\"@id\":\"https:\\\/\\\/autofans.com.ar\\\/index.php\\\/2023\\\/03\\\/27\\\/toyota-debuta-en-el-tcr-south-america-con-el-corolla-grs-tcr\\\/\"},\"author\":{\"name\":\"Alejandro Gabriel Rosito\",\"@id\":\"https:\\\/\\\/autofans.com.ar\\\/#\\\/schema\\\/person\\\/4a8dda0b6df83ac3d6723e921274c2aa\"},\"headline\":\"Toyota debuta en el TCR South America con el Corolla GRS TCR.\",\"datePublished\":\"2023-03-27T15:52:33+00:00\",\"mainEntityOfPage\":{\"@id\":\"https:\\\/\\\/autofans.com.ar\\\/index.php\\\/2023\\\/03\\\/27\\\/toyota-debuta-en-el-tcr-south-america-con-el-corolla-grs-tcr\\\/\"},\"wordCount\":282,\"image\":{\"@id\":\"https:\\\/\\\/autofans.com.ar\\\/index.php\\\/2023\\\/03\\\/27\\\/toyota-debuta-en-el-tcr-south-america-con-el-corolla-grs-tcr\\\/#primaryimage\"},\"thumbnailUrl\":\"https:\\\/\\\/autofans.com.ar\\\/wp-content\\\/uploads\\\/2023\\\/03\\\/foto-1-5-jpg.webp\",\"keywords\":[\"Aut\u00f3dromo Oscar Cabal\u00e9n\",\"Competici\u00f3n\",\"Corolla GRS TCR\",\"oyota\",\"TCR South America\",\"Toyota Gazoo Racing Argentina\",\"veh\u00edculos de competici\u00f3n\"],\"articleSection\":[\"DEPORTE MOTOR\",\"NOTICIAS\"],\"inLanguage\":\"es\"},{\"@type\":\"WebPage\",\"@id\":\"https:\\\/\\\/autofans.com.ar\\\/index.php\\\/2023\\\/03\\\/27\\\/toyota-debuta-en-el-tcr-south-america-con-el-corolla-grs-tcr\\\/\",\"url\":\"https:\\\/\\\/autofans.com.ar\\\/index.php\\\/2023\\\/03\\\/27\\\/toyota-debuta-en-el-tcr-south-america-con-el-corolla-grs-tcr\\\/\",\"name\":\"Toyota debuta en el TCR South America con el Corolla GRS TCR. -\",\"isPartOf\":{\"@id\":\"https:\\\/\\\/autofans.com.ar\\\/#website\"},\"primaryImageOfPage\":{\"@id\":\"https:\\\/\\\/autofans.com.ar\\\/index.php\\\/2023\\\/03\\\/27\\\/toyota-debuta-en-el-tcr-south-america-con-el-corolla-grs-tcr\\\/#primaryimage\"},\"image\":{\"@id\":\"https:\\\/\\\/autofans.com.ar\\\/index.php\\\/2023\\\/03\\\/27\\\/toyota-debuta-en-el-tcr-south-america-con-el-corolla-grs-tcr\\\/#primaryimage\"},\"thumbnailUrl\":\"https:\\\/\\\/autofans.com.ar\\\/wp-content\\\/uploads\\\/2023\\\/03\\\/foto-1-5-jpg.webp\",\"datePublished\":\"2023-03-27T15:52:33+00:00\",\"author\":{\"@id\":\"https:\\\/\\\/autofans.com.ar\\\/#\\\/schema\\\/person\\\/4a8dda0b6df83ac3d6723e921274c2aa\"},\"description\":\"Toyota Gazoo Racing Argentina debuta con su primer veh\u00edculo de competici\u00f3n, el Corolla GRS TCR fabricado \u00edntegramente en Argentina...\",\"breadcrumb\":{\"@id\":\"https:\\\/\\\/autofans.com.ar\\\/index.php\\\/2023\\\/03\\\/27\\\/toyota-debuta-en-el-tcr-south-america-con-el-corolla-grs-tcr\\\/#breadcrumb\"},\"inLanguage\":\"es\",\"potentialAction\":[{\"@type\":\"ReadAction\",\"target\":[\"https:\\\/\\\/autofans.com.ar\\\/index.php\\\/2023\\\/03\\\/27\\\/toyota-debuta-en-el-tcr-south-america-con-el-corolla-grs-tcr\\\/\"]}]},{\"@type\":\"ImageObject\",\"inLanguage\":\"es\",\"@id\":\"https:\\\/\\\/autofans.com.ar\\\/index.php\\\/2023\\\/03\\\/27\\\/toyota-debuta-en-el-tcr-south-america-con-el-corolla-grs-tcr\\\/#primaryimage\",\"url\":\"https:\\\/\\\/autofans.com.ar\\\/wp-content\\\/uploads\\\/2023\\\/03\\\/foto-1-5-jpg.webp\",\"contentUrl\":\"https:\\\/\\\/autofans.com.ar\\\/wp-content\\\/uploads\\\/2023\\\/03\\\/foto-1-5-jpg.webp\",\"width\":1000,\"height\":667,\"caption\":\"Corolla GRS\"},{\"@type\":\"BreadcrumbList\",\"@id\":\"https:\\\/\\\/autofans.com.ar\\\/index.php\\\/2023\\\/03\\\/27\\\/toyota-debuta-en-el-tcr-south-america-con-el-corolla-grs-tcr\\\/#breadcrumb\",\"itemListElement\":[{\"@type\":\"ListItem\",\"position\":1,\"name\":\"Inicio\",\"item\":\"https:\\\/\\\/autofans.com.ar\\\/\"},{\"@type\":\"ListItem\",\"position\":2,\"name\":\"Toyota debuta en el TCR South America con el Corolla GRS TCR.\"}]},{\"@type\":\"WebSite\",\"@id\":\"https:\\\/\\\/autofans.com.ar\\\/#website\",\"url\":\"https:\\\/\\\/autofans.com.ar\\\/\",\"name\":\"\",\"description\":\"El multimedio referente de la industria automotriz\",\"potentialAction\":[{\"@type\":\"SearchAction\",\"target\":{\"@type\":\"EntryPoint\",\"urlTemplate\":\"https:\\\/\\\/autofans.com.ar\\\/?s={search_term_string}\"},\"query-input\":{\"@type\":\"PropertyValueSpecification\",\"valueRequired\":true,\"valueName\":\"search_term_string\"}}],\"inLanguage\":\"es\"},{\"@type\":\"Person\",\"@id\":\"https:\\\/\\\/autofans.com.ar\\\/#\\\/schema\\\/person\\\/4a8dda0b6df83ac3d6723e921274c2aa\",\"name\":\"Alejandro Gabriel Rosito\",\"image\":{\"@type\":\"ImageObject\",\"inLanguage\":\"es\",\"@id\":\"https:\\\/\\\/secure.gravatar.com\\\/avatar\\\/16c5dda1489adfc62618084dcbb91cffd879c374b13fe5dd8e44ed6733852c88?s=96&d=mm&r=g\",\"url\":\"https:\\\/\\\/secure.gravatar.com\\\/avatar\\\/16c5dda1489adfc62618084dcbb91cffd879c374b13fe5dd8e44ed6733852c88?s=96&d=mm&r=g\",\"contentUrl\":\"https:\\\/\\\/secure.gravatar.com\\\/avatar\\\/16c5dda1489adfc62618084dcbb91cffd879c374b13fe5dd8e44ed6733852c88?s=96&d=mm&r=g\",\"caption\":\"Alejandro Gabriel Rosito\"},\"url\":\"https:\\\/\\\/autofans.com.ar\\\/index.php\\\/author\\\/gabrielr\\\/\"}]}<\/script>\n<!-- \/ Yoast SEO plugin. -->","yoast_head_json":{"title":"Toyota debuta en el TCR South America con el Corolla GRS TCR. -","description":"Toyota Gazoo Racing Argentina debuta con su primer veh\u00edculo de competici\u00f3n, el Corolla GRS TCR fabricado \u00edntegramente en Argentina...","robots":{"index":"index","follow":"follow","max-snippet":"max-snippet:-1","max-image-preview":"max-image-preview:large","max-video-preview":"max-video-preview:-1"},"canonical":"https:\/\/autofans.com.ar\/index.php\/2023\/03\/27\/toyota-debuta-en-el-tcr-south-america-con-el-corolla-grs-tcr\/","og_locale":"es_ES","og_type":"article","og_title":"Toyota debuta en el TCR South America con el Corolla GRS TCR. -","og_description":"Toyota Gazoo Racing Argentina debuta con su primer veh\u00edculo de competici\u00f3n, el Corolla GRS TCR fabricado \u00edntegramente en Argentina...","og_url":"https:\/\/autofans.com.ar\/index.php\/2023\/03\/27\/toyota-debuta-en-el-tcr-south-america-con-el-corolla-grs-tcr\/","article_published_time":"2023-03-27T15:52:33+00:00","og_image":[{"width":1000,"height":667,"url":"https:\/\/autofans.com.ar\/wp-content\/uploads\/2023\/03\/foto-1-5-jpg.webp","type":"image\/jpeg"}],"author":"Alejandro Gabriel Rosito","twitter_card":"summary_large_image","twitter_misc":{"Escrito por":"Alejandro Gabriel Rosito","Tiempo de lectura":"2 minutos"},"schema":{"@context":"https:\/\/schema.org","@graph":[{"@type":"Article","@id":"https:\/\/autofans.com.ar\/index.php\/2023\/03\/27\/toyota-debuta-en-el-tcr-south-america-con-el-corolla-grs-tcr\/#article","isPartOf":{"@id":"https:\/\/autofans.com.ar\/index.php\/2023\/03\/27\/toyota-debuta-en-el-tcr-south-america-con-el-corolla-grs-tcr\/"},"author":{"name":"Alejandro Gabriel Rosito","@id":"https:\/\/autofans.com.ar\/#\/schema\/person\/4a8dda0b6df83ac3d6723e921274c2aa"},"headline":"Toyota debuta en el TCR South America con el Corolla GRS TCR.","datePublished":"2023-03-27T15:52:33+00:00","mainEntityOfPage":{"@id":"https:\/\/autofans.com.ar\/index.php\/2023\/03\/27\/toyota-debuta-en-el-tcr-south-america-con-el-corolla-grs-tcr\/"},"wordCount":282,"image":{"@id":"https:\/\/autofans.com.ar\/index.php\/2023\/03\/27\/toyota-debuta-en-el-tcr-south-america-con-el-corolla-grs-tcr\/#primaryimage"},"thumbnailUrl":"https:\/\/autofans.com.ar\/wp-content\/uploads\/2023\/03\/foto-1-5-jpg.webp","keywords":["Aut\u00f3dromo Oscar Cabal\u00e9n","Competici\u00f3n","Corolla GRS TCR","oyota","TCR South America","Toyota Gazoo Racing Argentina","veh\u00edculos de competici\u00f3n"],"articleSection":["DEPORTE MOTOR","NOTICIAS"],"inLanguage":"es"},{"@type":"WebPage","@id":"https:\/\/autofans.com.ar\/index.php\/2023\/03\/27\/toyota-debuta-en-el-tcr-south-america-con-el-corolla-grs-tcr\/","url":"https:\/\/autofans.com.ar\/index.php\/2023\/03\/27\/toyota-debuta-en-el-tcr-south-america-con-el-corolla-grs-tcr\/","name":"Toyota debuta en el TCR South America con el Corolla GRS TCR. -","isPartOf":{"@id":"https:\/\/autofans.com.ar\/#website"},"primaryImageOfPage":{"@id":"https:\/\/autofans.com.ar\/index.php\/2023\/03\/27\/toyota-debuta-en-el-tcr-south-america-con-el-corolla-grs-tcr\/#primaryimage"},"image":{"@id":"https:\/\/autofans.com.ar\/index.php\/2023\/03\/27\/toyota-debuta-en-el-tcr-south-america-con-el-corolla-grs-tcr\/#primaryimage"},"thumbnailUrl":"https:\/\/autofans.com.ar\/wp-content\/uploads\/2023\/03\/foto-1-5-jpg.webp","datePublished":"2023-03-27T15:52:33+00:00","author":{"@id":"https:\/\/autofans.com.ar\/#\/schema\/person\/4a8dda0b6df83ac3d6723e921274c2aa"},"description":"Toyota Gazoo Racing Argentina debuta con su primer veh\u00edculo de competici\u00f3n, el Corolla GRS TCR fabricado \u00edntegramente en Argentina...","breadcrumb":{"@id":"https:\/\/autofans.com.ar\/index.php\/2023\/03\/27\/toyota-debuta-en-el-tcr-south-america-con-el-corolla-grs-tcr\/#breadcrumb"},"inLanguage":"es","potentialAction":[{"@type":"ReadAction","target":["https:\/\/autofans.com.ar\/index.php\/2023\/03\/27\/toyota-debuta-en-el-tcr-south-america-con-el-corolla-grs-tcr\/"]}]},{"@type":"ImageObject","inLanguage":"es","@id":"https:\/\/autofans.com.ar\/index.php\/2023\/03\/27\/toyota-debuta-en-el-tcr-south-america-con-el-corolla-grs-tcr\/#primaryimage","url":"https:\/\/autofans.com.ar\/wp-content\/uploads\/2023\/03\/foto-1-5-jpg.webp","contentUrl":"https:\/\/autofans.com.ar\/wp-content\/uploads\/2023\/03\/foto-1-5-jpg.webp","width":1000,"height":667,"caption":"Corolla GRS"},{"@type":"BreadcrumbList","@id":"https:\/\/autofans.com.ar\/index.php\/2023\/03\/27\/toyota-debuta-en-el-tcr-south-america-con-el-corolla-grs-tcr\/#breadcrumb","itemListElement":[{"@type":"ListItem","position":1,"name":"Inicio","item":"https:\/\/autofans.com.ar\/"},{"@type":"ListItem","position":2,"name":"Toyota debuta en el TCR South America con el Corolla GRS TCR."}]},{"@type":"WebSite","@id":"https:\/\/autofans.com.ar\/#website","url":"https:\/\/autofans.com.ar\/","name":"","description":"El multimedio referente de la industria automotriz","potentialAction":[{"@type":"SearchAction","target":{"@type":"EntryPoint","urlTemplate":"https:\/\/autofans.com.ar\/?s={search_term_string}"},"query-input":{"@type":"PropertyValueSpecification","valueRequired":true,"valueName":"search_term_string"}}],"inLanguage":"es"},{"@type":"Person","@id":"https:\/\/autofans.com.ar\/#\/schema\/person\/4a8dda0b6df83ac3d6723e921274c2aa","name":"Alejandro Gabriel Rosito","image":{"@type":"ImageObject","inLanguage":"es","@id":"https:\/\/secure.gravatar.com\/avatar\/16c5dda1489adfc62618084dcbb91cffd879c374b13fe5dd8e44ed6733852c88?s=96&d=mm&r=g","url":"https:\/\/secure.gravatar.com\/avatar\/16c5dda1489adfc62618084dcbb91cffd879c374b13fe5dd8e44ed6733852c88?s=96&d=mm&r=g","contentUrl":"https:\/\/secure.gravatar.com\/avatar\/16c5dda1489adfc62618084dcbb91cffd879c374b13fe5dd8e44ed6733852c88?s=96&d=mm&r=g","caption":"Alejandro Gabriel Rosito"},"url":"https:\/\/autofans.com.ar\/index.php\/author\/gabrielr\/"}]}},"featured_image_urls":{"full":["https:\/\/autofans.com.ar\/wp-content\/uploads\/2023\/03\/foto-1-5-jpg.webp",1000,667,false],"thumbnail":["https:\/\/autofans.com.ar\/wp-content\/uploads\/2023\/03\/foto-1-5-150x150.webp",150,150,true],"medium":["https:\/\/autofans.com.ar\/wp-content\/uploads\/2023\/03\/foto-1-5-300x200.webp",300,200,true],"medium_large":["https:\/\/autofans.com.ar\/wp-content\/uploads\/2023\/03\/foto-1-5-768x512.webp",640,427,true],"large":["https:\/\/autofans.com.ar\/wp-content\/uploads\/2023\/03\/foto-1-5-jpg.webp",640,427,false],"1536x1536":["https:\/\/autofans.com.ar\/wp-content\/uploads\/2023\/03\/foto-1-5-jpg.webp",1000,667,false],"2048x2048":["https:\/\/autofans.com.ar\/wp-content\/uploads\/2023\/03\/foto-1-5-jpg.webp",1000,667,false],"covernews-featured":["https:\/\/autofans.com.ar\/wp-content\/uploads\/2023\/03\/foto-1-5-jpg.webp",1000,667,false],"covernews-medium":["https:\/\/autofans.com.ar\/wp-content\/uploads\/2023\/03\/foto-1-5-540x340.webp",540,340,true]},"author_info":{"display_name":"Alejandro Gabriel Rosito","author_link":"https:\/\/autofans.com.ar\/index.php\/author\/gabrielr\/"},"category_info":"<a href=\"https:\/\/autofans.com.ar\/index.php\/category\/noticias\/deporte\/\" rel=\"category tag\">DEPORTE MOTOR<\/a> <a href=\"https:\/\/autofans.com.ar\/index.php\/category\/noticias\/\" rel=\"category tag\">NOTICIAS<\/a>","tag_info":"NOTICIAS","comment_count":0,"_links":{"self":[{"href":"https:\/\/autofans.com.ar\/index.php\/wp-json\/wp\/v2\/posts\/1058","targetHints":{"allow":["GET"]}}],"collection":[{"href":"https:\/\/autofans.com.ar\/index.php\/wp-json\/wp\/v2\/posts"}],"about":[{"href":"https:\/\/autofans.com.ar\/index.php\/wp-json\/wp\/v2\/types\/post"}],"author":[{"embeddable":true,"href":"https:\/\/autofans.com.ar\/index.php\/wp-json\/wp\/v2\/users\/2"}],"replies":[{"embeddable":true,"href":"https:\/\/autofans.com.ar\/index.php\/wp-json\/wp\/v2\/comments?post=1058"}],"version-history":[{"count":3,"href":"https:\/\/autofans.com.ar\/index.php\/wp-json\/wp\/v2\/posts\/1058\/revisions"}],"predecessor-version":[{"id":1068,"href":"https:\/\/autofans.com.ar\/index.php\/wp-json\/wp\/v2\/posts\/1058\/revisions\/1068"}],"wp:featuredmedia":[{"embeddable":true,"href":"https:\/\/autofans.com.ar\/index.php\/wp-json\/wp\/v2\/media\/1065"}],"wp:attachment":[{"href":"https:\/\/autofans.com.ar\/index.php\/wp-json\/wp\/v2\/media?parent=1058"}],"wp:term":[{"taxonomy":"category","embeddable":true,"href":"https:\/\/autofans.com.ar\/index.php\/wp-json\/wp\/v2\/categories?post=1058"},{"taxonomy":"post_tag","embeddable":true,"href":"https:\/\/autofans.com.ar\/index.php\/wp-json\/wp\/v2\/tags?post=1058"}],"curies":[{"name":"wp","href":"https:\/\/api.w.org\/{rel}","templated":true}]}}