{"id":10583,"date":"2025-01-08T17:02:55","date_gmt":"2025-01-08T20:02:55","guid":{"rendered":"https:\/\/autofans.com.ar\/?p=10583"},"modified":"2025-01-08T17:02:55","modified_gmt":"2025-01-08T20:02:55","slug":"nissan-busca-destacarse-en-las-alturas-del-e-prix-de-ciudad-de-mexico","status":"publish","type":"post","link":"https:\/\/autofans.com.ar\/index.php\/2025\/01\/08\/nissan-busca-destacarse-en-las-alturas-del-e-prix-de-ciudad-de-mexico\/","title":{"rendered":"Nissan busca destacarse en las alturas del E-Prix de Ciudad de M\u00e9xico"},"content":{"rendered":"<p>El equipo Nissan de F\u00f3rmula E se alista para enfrentar el emocionante E-Prix de Ciudad de M\u00e9xico, segunda etapa del Campeonato Mundial ABB FIA de F\u00f3rmula E 2024\/25. Luego de un comienzo prometedor en S\u00e3o Paulo, donde Oliver Rowland y Norman Nato destacaron por su velocidad, la escuder\u00eda busca consolidar su rendimiento en territorio mexicano.<\/p>\n<p>&nbsp;<\/p>\n<blockquote>\n<p style=\"text-align: center;\">Tommaso Volpe, director general y jefe de equipo del Nissan Formula E Team: \u00abEl equipo tiene muchas ganas y est\u00e1 listo para recuperarse despu\u00e9s de Brasil. M\u00e9xico es un gran mercado para Nissan, ya que cuatro de los 10 coches m\u00e1s vendidos son modelos de la marca. La marca ha sido el principal fabricante de coches del pa\u00eds durante 16 a\u00f1os, \u00a1as\u00ed que estamos entusiasmados por salir all\u00ed! La nueva tracci\u00f3n a las cuatro ruedas ser\u00e1 muy interesante en este circuito, y confiamos en poder hacer un buen fin de semana despu\u00e9s del rendimiento y el gran ritmo que demostramos en los entrenamientos de pretemporada y, especialmente, en S\u00e3o Paulo. Estamos orgullosos de ser el equipo favorito entre los aficionados mexicanos a la F\u00f3rmula E y estamos listos para dar lo mejor de nosotros, ofrecer un gran espect\u00e1culo y traer de vuelta a casa algunos buenos puntos.\u00bb<\/p>\n<\/blockquote>\n<p>&nbsp;<\/p>\n<h2>Velocidad y adrenalina en el Aut\u00f3dromo Hermanos Rodr\u00edguez<\/h2>\n<p>&nbsp;<\/p>\n<p><img fetchpriority=\"high\" decoding=\"async\" class=\"aligncenter wp-image-10587 size-full\" src=\"https:\/\/autofans.com.ar\/wp-content\/uploads\/2025\/01\/nissan-3.jpg\" alt=\"Nissan\" width=\"1000\" height=\"667\" srcset=\"https:\/\/autofans.com.ar\/wp-content\/uploads\/2025\/01\/nissan-3.jpg 1000w, https:\/\/autofans.com.ar\/wp-content\/uploads\/2025\/01\/nissan-3-300x200.jpg 300w, https:\/\/autofans.com.ar\/wp-content\/uploads\/2025\/01\/nissan-3-768x512.jpg 768w\" sizes=\"(max-width: 1000px) 100vw, 1000px\" \/><\/p>\n<p>&nbsp;<\/p>\n<p>El Aut\u00f3dromo Hermanos Rodr\u00edguez, con su altitud de 2.250 metros sobre el nivel del mar, representa un desaf\u00edo \u00fanico para pilotos y equipos. Este circuito, que debut\u00f3 en la segunda temporada de la F\u00f3rmula E, combina complejas curvas y rectas veloces, especialmente en la ic\u00f3nica secci\u00f3n del estadio, donde los fan\u00e1ticos vibran con cada maniobra.<\/p>\n<p>&nbsp;<\/p>\n<blockquote>\n<p style=\"text-align: center;\">Oliver Rowland, piloto del equipo Nissan de F\u00f3rmula E: \u00abEstoy impaciente por salir a la pista en Ciudad de M\u00e9xico tras parate, es un circuito que conozco bien y conf\u00edo en que podamos rendir aqu\u00ed. Nos mostramos muy prometedores en S\u00e3o Paulo, y ahora nos centraremos en no cometer errores y convertir nuestro potencial en puntos fuertes. Nuestro objetivo ser\u00e1 encontrar la puesta a punto adecuada en los entrenamientos, que nos permita clasificarnos bien y empezar la carrera desde delante. La gesti\u00f3n de la energ\u00eda suele ser un reto en este circuito, pero hemos dado pasos significativos en este aspecto durante la temporada baja, as\u00ed que me siento bien de cara al fin de semana\u00bb.<\/p>\n<p style=\"text-align: center;\">Norman Nato, piloto del equipo Nissan de F\u00f3rmula E: \u00abMe encanta correr en M\u00e9xico, as\u00ed que tengo muchas ganas de que llegue este fin de semana. La gente es incre\u00edble y el equipo Nissan de F\u00f3rmula E es la escuder\u00eda m\u00e1s popular entre los aficionados mexicanos, as\u00ed que siempre es una experiencia especial y nos hace tener a\u00fan m\u00e1s ganas de hacer una gran carrera. Desde Brasil, ha sido importante recargarnos mental y f\u00edsicamente, pero tambi\u00e9n hemos hecho un trabajo muy minucioso en la f\u00e1brica para asegurarnos de empezar 2025 con el pie derecho. Estamos listos y esta vez intentaremos convertir el rendimiento en un buen resultado\u00bb.<\/p>\n<\/blockquote>\n<p>&nbsp;<\/p>\n<h2>Nissan brilla en M\u00e9xico y en la F\u00f3rmula E<\/h2>\n<p>&nbsp;<\/p>\n<div id='gallery-1' class='gallery galleryid-10583 gallery-columns-2 gallery-size-full'><figure class='gallery-item'>\n\t\t\t<div class='gallery-icon landscape'>\n\t\t\t\t<a href='https:\/\/autofans.com.ar\/index.php\/2025\/01\/08\/nissan-busca-destacarse-en-las-alturas-del-e-prix-de-ciudad-de-mexico\/nissan-1-44\/'><img loading=\"lazy\" width=\"1000\" height=\"667\" src=\"https:\/\/autofans.com.ar\/wp-content\/uploads\/2025\/01\/nissan-1.jpg\" class=\"attachment-full size-full\" alt=\"Nissan\" srcset=\"https:\/\/autofans.com.ar\/wp-content\/uploads\/2025\/01\/nissan-1.jpg 1000w, https:\/\/autofans.com.ar\/wp-content\/uploads\/2025\/01\/nissan-1-300x200.jpg 300w, https:\/\/autofans.com.ar\/wp-content\/uploads\/2025\/01\/nissan-1-768x512.jpg 768w\" sizes=\"auto, (max-width: 1000px) 100vw, 1000px\" loading=\"lazy\" decoding=\"async\" \/><\/a>\n\t\t\t<\/div><\/figure><figure class='gallery-item'>\n\t\t\t<div class='gallery-icon landscape'>\n\t\t\t\t<a href='https:\/\/autofans.com.ar\/index.php\/2025\/01\/08\/nissan-busca-destacarse-en-las-alturas-del-e-prix-de-ciudad-de-mexico\/nissan-2-43\/'><img loading=\"lazy\" width=\"1000\" height=\"667\" src=\"https:\/\/autofans.com.ar\/wp-content\/uploads\/2025\/01\/nissan-2.jpg\" class=\"attachment-full size-full\" alt=\"Nissan\" srcset=\"https:\/\/autofans.com.ar\/wp-content\/uploads\/2025\/01\/nissan-2.jpg 1000w, https:\/\/autofans.com.ar\/wp-content\/uploads\/2025\/01\/nissan-2-300x200.jpg 300w, https:\/\/autofans.com.ar\/wp-content\/uploads\/2025\/01\/nissan-2-768x512.jpg 768w\" sizes=\"auto, (max-width: 1000px) 100vw, 1000px\" loading=\"lazy\" decoding=\"async\" \/><\/a>\n\t\t\t<\/div><\/figure>\n\t\t<\/div>\n\n<p>&nbsp;<\/p>\n<p>M\u00e9xico ocupa un lugar especial para Nissan, no solo por su fuerte presencia en el automovilismo, sino tambi\u00e9n por su historia industrial en el pa\u00eds. Desde la apertura de su primera planta fuera de Jap\u00f3n en 1966, Nissan ha producido m\u00e1s de 14 millones de veh\u00edculos y 15 millones de motores en M\u00e9xico, consolid\u00e1ndose como l\u00edder del mercado con una participaci\u00f3n del 17,7% en 2023.<\/p>\n<p>&nbsp;<\/p>\n<blockquote>\n<p style=\"text-align: center;\">S\u00e9rgio Sette C\u00e2mara, piloto reserva y de simulador del equipo Nissan de F\u00f3rmula E: \u00abM\u00e9xico es siempre una de las carreras m\u00e1s esperadas de la temporada, el ambiente en la ciudad es muy acogedor y la multitud crea un ruido incre\u00edble. La pista en s\u00ed es una perspectiva emocionante, con un mont\u00f3n de curvas largas y r\u00e1pidas, incluyendo la famosa Peraltada al final de la vuelta. Con los nuevos GEN3 Evo de tracci\u00f3n a las cuatro ruedas, va a ser impresionante ver a los pilotos salir de la \u00faltima curva a toda velocidad hacia la recta de boxes. La altitud tambi\u00e9n supondr\u00e1 un reto. Ser\u00e1 diferente a otras series porque la F\u00f3rmula E no se basa en la entrada de aire, pero el equipo tendr\u00e1 que asegurarse de conseguir la configuraci\u00f3n correcta para hacer frente a la reducci\u00f3n de la resistencia aerodin\u00e1mica y la carga aerodin\u00e1mica. El circuito suele ofrecer grandes carreras y entretenimiento para los aficionados, tanto en el circuito como en casa, as\u00ed que estoy deseando que llegue el momento\u00bb.<\/p>\n<\/blockquote>\n<p>&nbsp;<\/p>\n<p>El E-Prix de Ciudad de M\u00e9xico promete ser un espect\u00e1culo inolvidable. La actividad comenzar\u00e1 el viernes con pr\u00e1cticas libres, mientras que la clasificaci\u00f3n y la carrera principal se disputar\u00e1n el s\u00e1bado. Con la pasi\u00f3n de los fan\u00e1ticos y el legado de Nissan en M\u00e9xico, este evento se perfila como uno de los momentos destacados de la temporada.<\/p>\n<p>&nbsp;<\/p>\n<p>&nbsp;<\/p>\n<p>&nbsp;<\/p>\n<p><i>Para enterarte de m\u00e1s novedades, no dejes de leer\u00a0<\/i><a href=\"https:\/\/autofans.thebrandsoup.com\/\"><i>nuestras notas<\/i><\/a><i>, de ver<\/i><b><i>\u00a0<\/i><\/b><a href=\"https:\/\/www.youtube.com\/channel\/UCgAC8UGHZYbT6P7PpmVnP7g\"><b><i>AUTOFANS TV<\/i><\/b><\/a><b><i>\u00a0<\/i><\/b><i>en nuestro\u00a0canal de Youtube. Adem\u00e1s seguinos en\u00a0<\/i><a href=\"https:\/\/www.instagram.com\/autofanstv\/\"><i>INSTAGRAM<\/i><\/a><i> y <\/i><a href=\"https:\/\/www.facebook.com\/autofansmas\/\"><i>FACEBOOK<\/i><\/a><i> para no perderte nada sobre las novedades del segmento automotor de Argentina y el mundo.<\/i><\/p>\n","protected":false},"excerpt":{"rendered":"<p>El equipo Nissan de F\u00f3rmula E se alista para enfrentar el emocionante E-Prix de Ciudad&#8230;<\/p>\n","protected":false},"author":2,"featured_media":10586,"comment_status":"closed","ping_status":"closed","sticky":false,"template":"","format":"standard","meta":{"footnotes":""},"categories":[127,16],"tags":[5762,1545,5761,267,5760],"class_list":["post-10583","post","type-post","status-publish","format-standard","has-post-thumbnail","hentry","category-deporte","category-noticias","tag-autodromo-hermanos-rodriguez","tag-automovilismo-electrico","tag-e-prix-ciudad-de-mexico-2024","tag-formula-e","tag-nissan-en-mexico"],"yoast_head":"<!-- This site is optimized with the Yoast SEO plugin v27.5 - https:\/\/yoast.com\/product\/yoast-seo-wordpress\/ -->\n<title>Nissan busca destacarse en las alturas del E-Prix de Ciudad de M\u00e9xico -<\/title>\n<meta name=\"description\" content=\"El equipo Nissan de F\u00f3rmula E se alista para enfrentar el emocionante E-Prix de Ciudad de M\u00e9xico, segunda etapa del Campeonato Mundial ABB FIA\" \/>\n<meta name=\"robots\" content=\"index, follow, max-snippet:-1, max-image-preview:large, max-video-preview:-1\" \/>\n<link rel=\"canonical\" href=\"https:\/\/autofans.com.ar\/index.php\/2025\/01\/08\/nissan-busca-destacarse-en-las-alturas-del-e-prix-de-ciudad-de-mexico\/\" \/>\n<meta property=\"og:locale\" content=\"es_ES\" \/>\n<meta property=\"og:type\" content=\"article\" \/>\n<meta property=\"og:title\" content=\"Nissan busca destacarse en las alturas del E-Prix de Ciudad de M\u00e9xico -\" \/>\n<meta property=\"og:description\" content=\"El equipo Nissan de F\u00f3rmula E se alista para enfrentar el emocionante E-Prix de Ciudad de M\u00e9xico, segunda etapa del Campeonato Mundial ABB FIA\" \/>\n<meta property=\"og:url\" content=\"https:\/\/autofans.com.ar\/index.php\/2025\/01\/08\/nissan-busca-destacarse-en-las-alturas-del-e-prix-de-ciudad-de-mexico\/\" \/>\n<meta property=\"article:published_time\" content=\"2025-01-08T20:02:55+00:00\" \/>\n<meta property=\"og:image\" content=\"https:\/\/autofans.com.ar\/wp-content\/uploads\/2025\/01\/nissan-4.jpg\" \/>\n\t<meta property=\"og:image:width\" content=\"1000\" \/>\n\t<meta property=\"og:image:height\" content=\"667\" \/>\n\t<meta property=\"og:image:type\" content=\"image\/jpeg\" \/>\n<meta name=\"author\" content=\"Alejandro Gabriel Rosito\" \/>\n<meta name=\"twitter:card\" content=\"summary_large_image\" \/>\n<meta name=\"twitter:label1\" content=\"Escrito por\" \/>\n\t<meta name=\"twitter:data1\" content=\"Alejandro Gabriel Rosito\" \/>\n\t<meta name=\"twitter:label2\" content=\"Tiempo de lectura\" \/>\n\t<meta name=\"twitter:data2\" content=\"2 minutos\" \/>\n<script type=\"application\/ld+json\" class=\"yoast-schema-graph\">{\"@context\":\"https:\\\/\\\/schema.org\",\"@graph\":[{\"@type\":\"Article\",\"@id\":\"https:\\\/\\\/autofans.com.ar\\\/index.php\\\/2025\\\/01\\\/08\\\/nissan-busca-destacarse-en-las-alturas-del-e-prix-de-ciudad-de-mexico\\\/#article\",\"isPartOf\":{\"@id\":\"https:\\\/\\\/autofans.com.ar\\\/index.php\\\/2025\\\/01\\\/08\\\/nissan-busca-destacarse-en-las-alturas-del-e-prix-de-ciudad-de-mexico\\\/\"},\"author\":{\"name\":\"Alejandro Gabriel Rosito\",\"@id\":\"https:\\\/\\\/autofans.com.ar\\\/#\\\/schema\\\/person\\\/4a8dda0b6df83ac3d6723e921274c2aa\"},\"headline\":\"Nissan busca destacarse en las alturas del E-Prix de Ciudad de M\u00e9xico\",\"datePublished\":\"2025-01-08T20:02:55+00:00\",\"mainEntityOfPage\":{\"@id\":\"https:\\\/\\\/autofans.com.ar\\\/index.php\\\/2025\\\/01\\\/08\\\/nissan-busca-destacarse-en-las-alturas-del-e-prix-de-ciudad-de-mexico\\\/\"},\"wordCount\":931,\"image\":{\"@id\":\"https:\\\/\\\/autofans.com.ar\\\/index.php\\\/2025\\\/01\\\/08\\\/nissan-busca-destacarse-en-las-alturas-del-e-prix-de-ciudad-de-mexico\\\/#primaryimage\"},\"thumbnailUrl\":\"https:\\\/\\\/autofans.com.ar\\\/wp-content\\\/uploads\\\/2025\\\/01\\\/nissan-4.jpg\",\"keywords\":[\"Aut\u00f3dromo Hermanos Rodr\u00edguez\",\"Automovilismo el\u00e9ctrico\",\"E-Prix Ciudad de M\u00e9xico 2024\",\"F\u00f3rmula E\",\"Nissan en M\u00e9xico\"],\"articleSection\":[\"DEPORTE MOTOR\",\"NOTICIAS\"],\"inLanguage\":\"es\"},{\"@type\":\"WebPage\",\"@id\":\"https:\\\/\\\/autofans.com.ar\\\/index.php\\\/2025\\\/01\\\/08\\\/nissan-busca-destacarse-en-las-alturas-del-e-prix-de-ciudad-de-mexico\\\/\",\"url\":\"https:\\\/\\\/autofans.com.ar\\\/index.php\\\/2025\\\/01\\\/08\\\/nissan-busca-destacarse-en-las-alturas-del-e-prix-de-ciudad-de-mexico\\\/\",\"name\":\"Nissan busca destacarse en las alturas del E-Prix de Ciudad de M\u00e9xico -\",\"isPartOf\":{\"@id\":\"https:\\\/\\\/autofans.com.ar\\\/#website\"},\"primaryImageOfPage\":{\"@id\":\"https:\\\/\\\/autofans.com.ar\\\/index.php\\\/2025\\\/01\\\/08\\\/nissan-busca-destacarse-en-las-alturas-del-e-prix-de-ciudad-de-mexico\\\/#primaryimage\"},\"image\":{\"@id\":\"https:\\\/\\\/autofans.com.ar\\\/index.php\\\/2025\\\/01\\\/08\\\/nissan-busca-destacarse-en-las-alturas-del-e-prix-de-ciudad-de-mexico\\\/#primaryimage\"},\"thumbnailUrl\":\"https:\\\/\\\/autofans.com.ar\\\/wp-content\\\/uploads\\\/2025\\\/01\\\/nissan-4.jpg\",\"datePublished\":\"2025-01-08T20:02:55+00:00\",\"author\":{\"@id\":\"https:\\\/\\\/autofans.com.ar\\\/#\\\/schema\\\/person\\\/4a8dda0b6df83ac3d6723e921274c2aa\"},\"description\":\"El equipo Nissan de F\u00f3rmula E se alista para enfrentar el emocionante E-Prix de Ciudad de M\u00e9xico, segunda etapa del Campeonato Mundial ABB FIA\",\"breadcrumb\":{\"@id\":\"https:\\\/\\\/autofans.com.ar\\\/index.php\\\/2025\\\/01\\\/08\\\/nissan-busca-destacarse-en-las-alturas-del-e-prix-de-ciudad-de-mexico\\\/#breadcrumb\"},\"inLanguage\":\"es\",\"potentialAction\":[{\"@type\":\"ReadAction\",\"target\":[\"https:\\\/\\\/autofans.com.ar\\\/index.php\\\/2025\\\/01\\\/08\\\/nissan-busca-destacarse-en-las-alturas-del-e-prix-de-ciudad-de-mexico\\\/\"]}]},{\"@type\":\"ImageObject\",\"inLanguage\":\"es\",\"@id\":\"https:\\\/\\\/autofans.com.ar\\\/index.php\\\/2025\\\/01\\\/08\\\/nissan-busca-destacarse-en-las-alturas-del-e-prix-de-ciudad-de-mexico\\\/#primaryimage\",\"url\":\"https:\\\/\\\/autofans.com.ar\\\/wp-content\\\/uploads\\\/2025\\\/01\\\/nissan-4.jpg\",\"contentUrl\":\"https:\\\/\\\/autofans.com.ar\\\/wp-content\\\/uploads\\\/2025\\\/01\\\/nissan-4.jpg\",\"width\":1000,\"height\":667,\"caption\":\"Nissan\"},{\"@type\":\"BreadcrumbList\",\"@id\":\"https:\\\/\\\/autofans.com.ar\\\/index.php\\\/2025\\\/01\\\/08\\\/nissan-busca-destacarse-en-las-alturas-del-e-prix-de-ciudad-de-mexico\\\/#breadcrumb\",\"itemListElement\":[{\"@type\":\"ListItem\",\"position\":1,\"name\":\"Inicio\",\"item\":\"https:\\\/\\\/autofans.com.ar\\\/\"},{\"@type\":\"ListItem\",\"position\":2,\"name\":\"Nissan busca destacarse en las alturas del E-Prix de Ciudad de M\u00e9xico\"}]},{\"@type\":\"WebSite\",\"@id\":\"https:\\\/\\\/autofans.com.ar\\\/#website\",\"url\":\"https:\\\/\\\/autofans.com.ar\\\/\",\"name\":\"\",\"description\":\"El multimedio referente de la industria automotriz\",\"potentialAction\":[{\"@type\":\"SearchAction\",\"target\":{\"@type\":\"EntryPoint\",\"urlTemplate\":\"https:\\\/\\\/autofans.com.ar\\\/?s={search_term_string}\"},\"query-input\":{\"@type\":\"PropertyValueSpecification\",\"valueRequired\":true,\"valueName\":\"search_term_string\"}}],\"inLanguage\":\"es\"},{\"@type\":\"Person\",\"@id\":\"https:\\\/\\\/autofans.com.ar\\\/#\\\/schema\\\/person\\\/4a8dda0b6df83ac3d6723e921274c2aa\",\"name\":\"Alejandro Gabriel Rosito\",\"image\":{\"@type\":\"ImageObject\",\"inLanguage\":\"es\",\"@id\":\"https:\\\/\\\/secure.gravatar.com\\\/avatar\\\/16c5dda1489adfc62618084dcbb91cffd879c374b13fe5dd8e44ed6733852c88?s=96&d=mm&r=g\",\"url\":\"https:\\\/\\\/secure.gravatar.com\\\/avatar\\\/16c5dda1489adfc62618084dcbb91cffd879c374b13fe5dd8e44ed6733852c88?s=96&d=mm&r=g\",\"contentUrl\":\"https:\\\/\\\/secure.gravatar.com\\\/avatar\\\/16c5dda1489adfc62618084dcbb91cffd879c374b13fe5dd8e44ed6733852c88?s=96&d=mm&r=g\",\"caption\":\"Alejandro Gabriel Rosito\"},\"url\":\"https:\\\/\\\/autofans.com.ar\\\/index.php\\\/author\\\/gabrielr\\\/\"}]}<\/script>\n<!-- \/ Yoast SEO plugin. -->","yoast_head_json":{"title":"Nissan busca destacarse en las alturas del E-Prix de Ciudad de M\u00e9xico -","description":"El equipo Nissan de F\u00f3rmula E se alista para enfrentar el emocionante E-Prix de Ciudad de M\u00e9xico, segunda etapa del Campeonato Mundial ABB FIA","robots":{"index":"index","follow":"follow","max-snippet":"max-snippet:-1","max-image-preview":"max-image-preview:large","max-video-preview":"max-video-preview:-1"},"canonical":"https:\/\/autofans.com.ar\/index.php\/2025\/01\/08\/nissan-busca-destacarse-en-las-alturas-del-e-prix-de-ciudad-de-mexico\/","og_locale":"es_ES","og_type":"article","og_title":"Nissan busca destacarse en las alturas del E-Prix de Ciudad de M\u00e9xico -","og_description":"El equipo Nissan de F\u00f3rmula E se alista para enfrentar el emocionante E-Prix de Ciudad de M\u00e9xico, segunda etapa del Campeonato Mundial ABB FIA","og_url":"https:\/\/autofans.com.ar\/index.php\/2025\/01\/08\/nissan-busca-destacarse-en-las-alturas-del-e-prix-de-ciudad-de-mexico\/","article_published_time":"2025-01-08T20:02:55+00:00","og_image":[{"width":1000,"height":667,"url":"https:\/\/autofans.com.ar\/wp-content\/uploads\/2025\/01\/nissan-4.jpg","type":"image\/jpeg"}],"author":"Alejandro Gabriel Rosito","twitter_card":"summary_large_image","twitter_misc":{"Escrito por":"Alejandro Gabriel Rosito","Tiempo de lectura":"2 minutos"},"schema":{"@context":"https:\/\/schema.org","@graph":[{"@type":"Article","@id":"https:\/\/autofans.com.ar\/index.php\/2025\/01\/08\/nissan-busca-destacarse-en-las-alturas-del-e-prix-de-ciudad-de-mexico\/#article","isPartOf":{"@id":"https:\/\/autofans.com.ar\/index.php\/2025\/01\/08\/nissan-busca-destacarse-en-las-alturas-del-e-prix-de-ciudad-de-mexico\/"},"author":{"name":"Alejandro Gabriel Rosito","@id":"https:\/\/autofans.com.ar\/#\/schema\/person\/4a8dda0b6df83ac3d6723e921274c2aa"},"headline":"Nissan busca destacarse en las alturas del E-Prix de Ciudad de M\u00e9xico","datePublished":"2025-01-08T20:02:55+00:00","mainEntityOfPage":{"@id":"https:\/\/autofans.com.ar\/index.php\/2025\/01\/08\/nissan-busca-destacarse-en-las-alturas-del-e-prix-de-ciudad-de-mexico\/"},"wordCount":931,"image":{"@id":"https:\/\/autofans.com.ar\/index.php\/2025\/01\/08\/nissan-busca-destacarse-en-las-alturas-del-e-prix-de-ciudad-de-mexico\/#primaryimage"},"thumbnailUrl":"https:\/\/autofans.com.ar\/wp-content\/uploads\/2025\/01\/nissan-4.jpg","keywords":["Aut\u00f3dromo Hermanos Rodr\u00edguez","Automovilismo el\u00e9ctrico","E-Prix Ciudad de M\u00e9xico 2024","F\u00f3rmula E","Nissan en M\u00e9xico"],"articleSection":["DEPORTE MOTOR","NOTICIAS"],"inLanguage":"es"},{"@type":"WebPage","@id":"https:\/\/autofans.com.ar\/index.php\/2025\/01\/08\/nissan-busca-destacarse-en-las-alturas-del-e-prix-de-ciudad-de-mexico\/","url":"https:\/\/autofans.com.ar\/index.php\/2025\/01\/08\/nissan-busca-destacarse-en-las-alturas-del-e-prix-de-ciudad-de-mexico\/","name":"Nissan busca destacarse en las alturas del E-Prix de Ciudad de M\u00e9xico -","isPartOf":{"@id":"https:\/\/autofans.com.ar\/#website"},"primaryImageOfPage":{"@id":"https:\/\/autofans.com.ar\/index.php\/2025\/01\/08\/nissan-busca-destacarse-en-las-alturas-del-e-prix-de-ciudad-de-mexico\/#primaryimage"},"image":{"@id":"https:\/\/autofans.com.ar\/index.php\/2025\/01\/08\/nissan-busca-destacarse-en-las-alturas-del-e-prix-de-ciudad-de-mexico\/#primaryimage"},"thumbnailUrl":"https:\/\/autofans.com.ar\/wp-content\/uploads\/2025\/01\/nissan-4.jpg","datePublished":"2025-01-08T20:02:55+00:00","author":{"@id":"https:\/\/autofans.com.ar\/#\/schema\/person\/4a8dda0b6df83ac3d6723e921274c2aa"},"description":"El equipo Nissan de F\u00f3rmula E se alista para enfrentar el emocionante E-Prix de Ciudad de M\u00e9xico, segunda etapa del Campeonato Mundial ABB FIA","breadcrumb":{"@id":"https:\/\/autofans.com.ar\/index.php\/2025\/01\/08\/nissan-busca-destacarse-en-las-alturas-del-e-prix-de-ciudad-de-mexico\/#breadcrumb"},"inLanguage":"es","potentialAction":[{"@type":"ReadAction","target":["https:\/\/autofans.com.ar\/index.php\/2025\/01\/08\/nissan-busca-destacarse-en-las-alturas-del-e-prix-de-ciudad-de-mexico\/"]}]},{"@type":"ImageObject","inLanguage":"es","@id":"https:\/\/autofans.com.ar\/index.php\/2025\/01\/08\/nissan-busca-destacarse-en-las-alturas-del-e-prix-de-ciudad-de-mexico\/#primaryimage","url":"https:\/\/autofans.com.ar\/wp-content\/uploads\/2025\/01\/nissan-4.jpg","contentUrl":"https:\/\/autofans.com.ar\/wp-content\/uploads\/2025\/01\/nissan-4.jpg","width":1000,"height":667,"caption":"Nissan"},{"@type":"BreadcrumbList","@id":"https:\/\/autofans.com.ar\/index.php\/2025\/01\/08\/nissan-busca-destacarse-en-las-alturas-del-e-prix-de-ciudad-de-mexico\/#breadcrumb","itemListElement":[{"@type":"ListItem","position":1,"name":"Inicio","item":"https:\/\/autofans.com.ar\/"},{"@type":"ListItem","position":2,"name":"Nissan busca destacarse en las alturas del E-Prix de Ciudad de M\u00e9xico"}]},{"@type":"WebSite","@id":"https:\/\/autofans.com.ar\/#website","url":"https:\/\/autofans.com.ar\/","name":"","description":"El multimedio referente de la industria automotriz","potentialAction":[{"@type":"SearchAction","target":{"@type":"EntryPoint","urlTemplate":"https:\/\/autofans.com.ar\/?s={search_term_string}"},"query-input":{"@type":"PropertyValueSpecification","valueRequired":true,"valueName":"search_term_string"}}],"inLanguage":"es"},{"@type":"Person","@id":"https:\/\/autofans.com.ar\/#\/schema\/person\/4a8dda0b6df83ac3d6723e921274c2aa","name":"Alejandro Gabriel Rosito","image":{"@type":"ImageObject","inLanguage":"es","@id":"https:\/\/secure.gravatar.com\/avatar\/16c5dda1489adfc62618084dcbb91cffd879c374b13fe5dd8e44ed6733852c88?s=96&d=mm&r=g","url":"https:\/\/secure.gravatar.com\/avatar\/16c5dda1489adfc62618084dcbb91cffd879c374b13fe5dd8e44ed6733852c88?s=96&d=mm&r=g","contentUrl":"https:\/\/secure.gravatar.com\/avatar\/16c5dda1489adfc62618084dcbb91cffd879c374b13fe5dd8e44ed6733852c88?s=96&d=mm&r=g","caption":"Alejandro Gabriel Rosito"},"url":"https:\/\/autofans.com.ar\/index.php\/author\/gabrielr\/"}]}},"featured_image_urls":{"full":["https:\/\/autofans.com.ar\/wp-content\/uploads\/2025\/01\/nissan-4.jpg",1000,667,false],"thumbnail":["https:\/\/autofans.com.ar\/wp-content\/uploads\/2025\/01\/nissan-4-150x150.jpg",150,150,true],"medium":["https:\/\/autofans.com.ar\/wp-content\/uploads\/2025\/01\/nissan-4-300x200.jpg",300,200,true],"medium_large":["https:\/\/autofans.com.ar\/wp-content\/uploads\/2025\/01\/nissan-4-768x512.jpg",640,427,true],"large":["https:\/\/autofans.com.ar\/wp-content\/uploads\/2025\/01\/nissan-4.jpg",640,427,false],"1536x1536":["https:\/\/autofans.com.ar\/wp-content\/uploads\/2025\/01\/nissan-4.jpg",1000,667,false],"2048x2048":["https:\/\/autofans.com.ar\/wp-content\/uploads\/2025\/01\/nissan-4.jpg",1000,667,false],"covernews-featured":["https:\/\/autofans.com.ar\/wp-content\/uploads\/2025\/01\/nissan-4.jpg",1000,667,false],"covernews-medium":["https:\/\/autofans.com.ar\/wp-content\/uploads\/2025\/01\/nissan-4-540x340.jpg",540,340,true]},"author_info":{"display_name":"Alejandro Gabriel Rosito","author_link":"https:\/\/autofans.com.ar\/index.php\/author\/gabrielr\/"},"category_info":"<a href=\"https:\/\/autofans.com.ar\/index.php\/category\/noticias\/deporte\/\" rel=\"category tag\">DEPORTE MOTOR<\/a> <a href=\"https:\/\/autofans.com.ar\/index.php\/category\/noticias\/\" rel=\"category tag\">NOTICIAS<\/a>","tag_info":"NOTICIAS","comment_count":0,"_links":{"self":[{"href":"https:\/\/autofans.com.ar\/index.php\/wp-json\/wp\/v2\/posts\/10583","targetHints":{"allow":["GET"]}}],"collection":[{"href":"https:\/\/autofans.com.ar\/index.php\/wp-json\/wp\/v2\/posts"}],"about":[{"href":"https:\/\/autofans.com.ar\/index.php\/wp-json\/wp\/v2\/types\/post"}],"author":[{"embeddable":true,"href":"https:\/\/autofans.com.ar\/index.php\/wp-json\/wp\/v2\/users\/2"}],"replies":[{"embeddable":true,"href":"https:\/\/autofans.com.ar\/index.php\/wp-json\/wp\/v2\/comments?post=10583"}],"version-history":[{"count":3,"href":"https:\/\/autofans.com.ar\/index.php\/wp-json\/wp\/v2\/posts\/10583\/revisions"}],"predecessor-version":[{"id":10590,"href":"https:\/\/autofans.com.ar\/index.php\/wp-json\/wp\/v2\/posts\/10583\/revisions\/10590"}],"wp:featuredmedia":[{"embeddable":true,"href":"https:\/\/autofans.com.ar\/index.php\/wp-json\/wp\/v2\/media\/10586"}],"wp:attachment":[{"href":"https:\/\/autofans.com.ar\/index.php\/wp-json\/wp\/v2\/media?parent=10583"}],"wp:term":[{"taxonomy":"category","embeddable":true,"href":"https:\/\/autofans.com.ar\/index.php\/wp-json\/wp\/v2\/categories?post=10583"},{"taxonomy":"post_tag","embeddable":true,"href":"https:\/\/autofans.com.ar\/index.php\/wp-json\/wp\/v2\/tags?post=10583"}],"curies":[{"name":"wp","href":"https:\/\/api.w.org\/{rel}","templated":true}]}}