{"id":10602,"date":"2025-01-09T16:37:24","date_gmt":"2025-01-09T19:37:24","guid":{"rendered":"https:\/\/autofans.com.ar\/?p=10602"},"modified":"2025-01-09T16:40:16","modified_gmt":"2025-01-09T19:40:16","slug":"renault-arkana-elegancia-y-la-potencia-en-este-suv-coupe","status":"publish","type":"post","link":"https:\/\/autofans.com.ar\/index.php\/2025\/01\/09\/renault-arkana-elegancia-y-la-potencia-en-este-suv-coupe\/","title":{"rendered":"Renault Arkana, elegancia y la potencia en este SUV coup\u00e9"},"content":{"rendered":"<p>Renault marca un hito en el mercado argentino con el lanzamiento del Arkana E-Tech Hybrid, su primer veh\u00edculo h\u00edbrido en el pa\u00eds. Este SUV coup\u00e9 llega exclusivamente en la versi\u00f3n Esprit Alpine, combinando eficiencia, dise\u00f1o deportivo y tecnolog\u00eda avanzada. A partir de marzo, estar\u00e1 disponible en cuatro colores bitono: Azul Zanz\u00edbar, Blanco Universal, Gris Met\u00e1lico y Rojo Fuego, todos con techo negro.<\/p>\n<p>Con m\u00e1s de 300.000 unidades vendidas en 50 pa\u00edses, el Arkana E-Tech Hybrid es parte de la estrategia global de Renault para liderar la electrificaci\u00f3n, siendo un paso clave en la \u00abRenaulution\u00bb, su proceso de transformaci\u00f3n global.<\/p>\n<p>&nbsp;<\/p>\n<h2>Motor y tecnolog\u00eda de avanzada<\/h2>\n<p>El Arkana E-Tech Hybrid incorpora un motor 1.3L Turbo mild-hybrid, que entrega 140 CV y un torque de 260 Nm, acompa\u00f1ado de una transmisi\u00f3n autom\u00e1tica EDC de 7 velocidades. Gracias al sistema de hibridaci\u00f3n ligera, el veh\u00edculo reduce emisiones y optimiza el consumo de combustible, ofreciendo una conducci\u00f3n m\u00e1s limpia y eficiente.<\/p>\n<p>&nbsp;<\/p>\n<p><img fetchpriority=\"high\" decoding=\"async\" class=\"aligncenter wp-image-10604 size-full\" src=\"https:\/\/autofans.com.ar\/wp-content\/uploads\/2025\/01\/arkana-6.jpg\" alt=\"Renault Arkana\" width=\"1000\" height=\"667\" srcset=\"https:\/\/autofans.com.ar\/wp-content\/uploads\/2025\/01\/arkana-6.jpg 1000w, https:\/\/autofans.com.ar\/wp-content\/uploads\/2025\/01\/arkana-6-300x200.jpg 300w, https:\/\/autofans.com.ar\/wp-content\/uploads\/2025\/01\/arkana-6-768x512.jpg 768w\" sizes=\"(max-width: 1000px) 100vw, 1000px\" \/><\/p>\n<p>&nbsp;<\/p>\n<p>Adem\u00e1s, incluye tecnolog\u00edas innovadoras como el \u00abModo Velero\u00bb, que apaga el motor t\u00e9rmico durante desaceleraciones entre 30 y 140 km\/h, reduciendo el impacto ambiental sin comprometer el desempe\u00f1o.<\/p>\n<p>&nbsp;<\/p>\n<h2>Dise\u00f1o inspirado en la deportividad de Alpine<\/h2>\n<p><a href=\"https:\/\/autofans.com.ar\/wp-content\/uploads\/2025\/01\/ficha-tecnico.pdf\" target=\"_blank\" rel=\"noopener\">Ficha T\u00e9cnica: Renault Arkana<\/a><\/p>\n<p>&nbsp;<\/p>\n<div id='gallery-1' class='gallery galleryid-10602 gallery-columns-2 gallery-size-full'><figure class='gallery-item'>\n\t\t\t<div class='gallery-icon landscape'>\n\t\t\t\t<a href='https:\/\/autofans.com.ar\/index.php\/2025\/01\/09\/renault-arkana-elegancia-y-la-potencia-en-este-suv-coupe\/arkana-3\/'><img loading=\"lazy\" width=\"1000\" height=\"667\" src=\"https:\/\/autofans.com.ar\/wp-content\/uploads\/2025\/01\/arkana-3.jpg\" class=\"attachment-full size-full\" alt=\"Renault Arkana\" srcset=\"https:\/\/autofans.com.ar\/wp-content\/uploads\/2025\/01\/arkana-3.jpg 1000w, https:\/\/autofans.com.ar\/wp-content\/uploads\/2025\/01\/arkana-3-300x200.jpg 300w, https:\/\/autofans.com.ar\/wp-content\/uploads\/2025\/01\/arkana-3-768x512.jpg 768w\" sizes=\"auto, (max-width: 1000px) 100vw, 1000px\" loading=\"lazy\" decoding=\"async\" \/><\/a>\n\t\t\t<\/div><\/figure><figure class='gallery-item'>\n\t\t\t<div class='gallery-icon landscape'>\n\t\t\t\t<a href='https:\/\/autofans.com.ar\/index.php\/2025\/01\/09\/renault-arkana-elegancia-y-la-potencia-en-este-suv-coupe\/arkana-4\/'><img loading=\"lazy\" width=\"1000\" height=\"667\" src=\"https:\/\/autofans.com.ar\/wp-content\/uploads\/2025\/01\/arkana-4.jpg\" class=\"attachment-full size-full\" alt=\"Renault Arkana\" srcset=\"https:\/\/autofans.com.ar\/wp-content\/uploads\/2025\/01\/arkana-4.jpg 1000w, https:\/\/autofans.com.ar\/wp-content\/uploads\/2025\/01\/arkana-4-300x200.jpg 300w, https:\/\/autofans.com.ar\/wp-content\/uploads\/2025\/01\/arkana-4-768x512.jpg 768w\" sizes=\"auto, (max-width: 1000px) 100vw, 1000px\" loading=\"lazy\" decoding=\"async\" \/><\/a>\n\t\t\t<\/div><\/figure>\n\t\t<\/div>\n\n<p>&nbsp;<\/p>\n<p>El dise\u00f1o del Arkana E-Tech Hybrid refleja su esp\u00edritu deportivo con detalles exclusivos de la versi\u00f3n Esprit Alpine, como llantas de 18\u201d, tapicer\u00eda en cuero ecol\u00f3gico y alc\u00e1ntara, y acabados en materiales reciclados. Por dentro, ofrece conectividad avanzada con el sistema multimedia Easy Link de 9,3&#8243;, un cuadro de instrumentos digital de 10,2\u201d y un sistema de audio premium BOSE.<\/p>\n<p>El modelo incorpora tecnolog\u00eda de seguridad de \u00faltima generaci\u00f3n, incluyendo:<\/p>\n<ul>\n<li><strong>Control crucero adaptativo con Stop&amp;Go<\/strong><\/li>\n<li><strong>Frenado aut\u00f3nomo de emergencia (AEBS)<\/strong><\/li>\n<li><strong>C\u00e1mara 360\u00b0 y sensores perimetrales<\/strong><\/li>\n<li><strong>Asistencia de mantenimiento y alerta de salida de carril<\/strong><\/li>\n<\/ul>\n<p>En cuanto a confort, el Arkana cuenta con climatizador autom\u00e1tico, cargador inal\u00e1mbrico, volante calefaccionado y asientos delanteros el\u00e9ctricos con memoria.<\/p>\n<p>&nbsp;<\/p>\n<h2>Renault Summer Experience 2025<\/h2>\n<p>&nbsp;<\/p>\n<p><img decoding=\"async\" class=\"aligncenter wp-image-10609 size-full\" src=\"https:\/\/autofans.com.ar\/wp-content\/uploads\/2025\/01\/arkana-1.jpg\" alt=\"Renault Arkana\" width=\"1000\" height=\"667\" srcset=\"https:\/\/autofans.com.ar\/wp-content\/uploads\/2025\/01\/arkana-1.jpg 1000w, https:\/\/autofans.com.ar\/wp-content\/uploads\/2025\/01\/arkana-1-300x200.jpg 300w, https:\/\/autofans.com.ar\/wp-content\/uploads\/2025\/01\/arkana-1-768x512.jpg 768w\" sizes=\"(max-width: 1000px) 100vw, 1000px\" \/><\/p>\n<p>&nbsp;<\/p>\n<p>Los interesados podr\u00e1n conocer el Arkana E-Tech Hybrid en los stands de Renault en Caril\u00f3 y Pinamar durante todo el verano. All\u00ed podr\u00e1n agendar pruebas de manejo y experimentar de cerca las prestaciones del modelo.<\/p>\n<p>Con el Arkana E-Tech Hybrid, Renault reafirma su compromiso con la sostenibilidad, la innovaci\u00f3n y las necesidades de sus clientes, consolid\u00e1ndose como l\u00edder en movilidad sustentable.<\/p>\n<p>&nbsp;<\/p>\n<p>&nbsp;<\/p>\n<p>&nbsp;<\/p>\n<p><i>Para enterarte de m\u00e1s novedades, no dejes de leer\u00a0<\/i><a href=\"https:\/\/autofans.thebrandsoup.com\/\"><i>nuestras notas<\/i><\/a><i>, de ver<\/i><b><i>\u00a0<\/i><\/b><a href=\"https:\/\/www.youtube.com\/channel\/UCgAC8UGHZYbT6P7PpmVnP7g\"><b><i>AUTOFANS TV<\/i><\/b><\/a><b><i>\u00a0<\/i><\/b><i>en nuestro\u00a0canal de Youtube. Adem\u00e1s seguinos en\u00a0<\/i><a href=\"https:\/\/www.instagram.com\/autofanstv\/\"><i>INSTAGRAM<\/i><\/a><i> y <\/i><a href=\"https:\/\/www.facebook.com\/autofansmas\/\"><i>FACEBOOK<\/i><\/a><i> para no perderte nada sobre las novedades del segmento automotor de Argentina y el mundo.<\/i><\/p>\n","protected":false},"excerpt":{"rendered":"<p>Renault marca un hito en el mercado argentino con el lanzamiento del Arkana E-Tech Hybrid,&#8230;<\/p>\n","protected":false},"author":2,"featured_media":10605,"comment_status":"closed","ping_status":"closed","sticky":false,"template":"","format":"standard","meta":{"footnotes":""},"categories":[8,1],"tags":[5772,5769,5770,3476,5771],"class_list":["post-10602","post","type-post","status-publish","format-standard","has-post-thumbnail","hentry","category-autos-y-suv","category-lanzamientos","tag-esprit-alpine","tag-renault-arkana-e-tech-hybrid","tag-renault-hibrido-argentina","tag-renault-summer-experience","tag-suv-coupe-hibrido"],"yoast_head":"<!-- This site is optimized with the Yoast SEO plugin v27.5 - https:\/\/yoast.com\/product\/yoast-seo-wordpress\/ -->\n<title>Renault Arkana, elegancia y la potencia en este SUV coup\u00e9 -<\/title>\n<meta name=\"description\" content=\"Renault marca un hito en el mercado argentino con el lanzamiento del Arkana E-Tech Hybrid, su primer veh\u00edculo h\u00edbrido en el pa\u00eds...\" \/>\n<meta name=\"robots\" content=\"index, follow, max-snippet:-1, max-image-preview:large, max-video-preview:-1\" \/>\n<link rel=\"canonical\" href=\"https:\/\/autofans.com.ar\/index.php\/2025\/01\/09\/renault-arkana-elegancia-y-la-potencia-en-este-suv-coupe\/\" \/>\n<meta property=\"og:locale\" content=\"es_ES\" \/>\n<meta property=\"og:type\" content=\"article\" \/>\n<meta property=\"og:title\" content=\"Renault Arkana, elegancia y la potencia en este SUV coup\u00e9 -\" \/>\n<meta property=\"og:description\" content=\"Renault marca un hito en el mercado argentino con el lanzamiento del Arkana E-Tech Hybrid, su primer veh\u00edculo h\u00edbrido en el pa\u00eds...\" \/>\n<meta property=\"og:url\" content=\"https:\/\/autofans.com.ar\/index.php\/2025\/01\/09\/renault-arkana-elegancia-y-la-potencia-en-este-suv-coupe\/\" \/>\n<meta property=\"article:published_time\" content=\"2025-01-09T19:37:24+00:00\" \/>\n<meta property=\"article:modified_time\" content=\"2025-01-09T19:40:16+00:00\" \/>\n<meta property=\"og:image\" content=\"https:\/\/autofans.com.ar\/wp-content\/uploads\/2025\/01\/arkana-5.jpg\" \/>\n\t<meta property=\"og:image:width\" content=\"1000\" \/>\n\t<meta property=\"og:image:height\" content=\"667\" \/>\n\t<meta property=\"og:image:type\" content=\"image\/jpeg\" \/>\n<meta name=\"author\" content=\"Alejandro Gabriel Rosito\" \/>\n<meta name=\"twitter:card\" content=\"summary_large_image\" \/>\n<meta name=\"twitter:label1\" content=\"Escrito por\" \/>\n\t<meta name=\"twitter:data1\" content=\"Alejandro Gabriel Rosito\" \/>\n\t<meta name=\"twitter:label2\" content=\"Tiempo de lectura\" \/>\n\t<meta name=\"twitter:data2\" content=\"3 minutos\" \/>\n<script type=\"application\/ld+json\" class=\"yoast-schema-graph\">{\"@context\":\"https:\\\/\\\/schema.org\",\"@graph\":[{\"@type\":\"Article\",\"@id\":\"https:\\\/\\\/autofans.com.ar\\\/index.php\\\/2025\\\/01\\\/09\\\/renault-arkana-elegancia-y-la-potencia-en-este-suv-coupe\\\/#article\",\"isPartOf\":{\"@id\":\"https:\\\/\\\/autofans.com.ar\\\/index.php\\\/2025\\\/01\\\/09\\\/renault-arkana-elegancia-y-la-potencia-en-este-suv-coupe\\\/\"},\"author\":{\"name\":\"Alejandro Gabriel Rosito\",\"@id\":\"https:\\\/\\\/autofans.com.ar\\\/#\\\/schema\\\/person\\\/4a8dda0b6df83ac3d6723e921274c2aa\"},\"headline\":\"Renault Arkana, elegancia y la potencia en este SUV coup\u00e9\",\"datePublished\":\"2025-01-09T19:37:24+00:00\",\"dateModified\":\"2025-01-09T19:40:16+00:00\",\"mainEntityOfPage\":{\"@id\":\"https:\\\/\\\/autofans.com.ar\\\/index.php\\\/2025\\\/01\\\/09\\\/renault-arkana-elegancia-y-la-potencia-en-este-suv-coupe\\\/\"},\"wordCount\":479,\"image\":{\"@id\":\"https:\\\/\\\/autofans.com.ar\\\/index.php\\\/2025\\\/01\\\/09\\\/renault-arkana-elegancia-y-la-potencia-en-este-suv-coupe\\\/#primaryimage\"},\"thumbnailUrl\":\"https:\\\/\\\/autofans.com.ar\\\/wp-content\\\/uploads\\\/2025\\\/01\\\/arkana-5.jpg\",\"keywords\":[\"Esprit Alpine\",\"Renault Arkana E-Tech Hybrid\",\"Renault h\u00edbrido Argentina\",\"Renault Summer Experience\",\"SUV coup\u00e9 h\u00edbrido\"],\"articleSection\":[\"Autos y SUV\",\"LANZAMIENTOS\"],\"inLanguage\":\"es\"},{\"@type\":\"WebPage\",\"@id\":\"https:\\\/\\\/autofans.com.ar\\\/index.php\\\/2025\\\/01\\\/09\\\/renault-arkana-elegancia-y-la-potencia-en-este-suv-coupe\\\/\",\"url\":\"https:\\\/\\\/autofans.com.ar\\\/index.php\\\/2025\\\/01\\\/09\\\/renault-arkana-elegancia-y-la-potencia-en-este-suv-coupe\\\/\",\"name\":\"Renault Arkana, elegancia y la potencia en este SUV coup\u00e9 -\",\"isPartOf\":{\"@id\":\"https:\\\/\\\/autofans.com.ar\\\/#website\"},\"primaryImageOfPage\":{\"@id\":\"https:\\\/\\\/autofans.com.ar\\\/index.php\\\/2025\\\/01\\\/09\\\/renault-arkana-elegancia-y-la-potencia-en-este-suv-coupe\\\/#primaryimage\"},\"image\":{\"@id\":\"https:\\\/\\\/autofans.com.ar\\\/index.php\\\/2025\\\/01\\\/09\\\/renault-arkana-elegancia-y-la-potencia-en-este-suv-coupe\\\/#primaryimage\"},\"thumbnailUrl\":\"https:\\\/\\\/autofans.com.ar\\\/wp-content\\\/uploads\\\/2025\\\/01\\\/arkana-5.jpg\",\"datePublished\":\"2025-01-09T19:37:24+00:00\",\"dateModified\":\"2025-01-09T19:40:16+00:00\",\"author\":{\"@id\":\"https:\\\/\\\/autofans.com.ar\\\/#\\\/schema\\\/person\\\/4a8dda0b6df83ac3d6723e921274c2aa\"},\"description\":\"Renault marca un hito en el mercado argentino con el lanzamiento del Arkana E-Tech Hybrid, su primer veh\u00edculo h\u00edbrido en el pa\u00eds...\",\"breadcrumb\":{\"@id\":\"https:\\\/\\\/autofans.com.ar\\\/index.php\\\/2025\\\/01\\\/09\\\/renault-arkana-elegancia-y-la-potencia-en-este-suv-coupe\\\/#breadcrumb\"},\"inLanguage\":\"es\",\"potentialAction\":[{\"@type\":\"ReadAction\",\"target\":[\"https:\\\/\\\/autofans.com.ar\\\/index.php\\\/2025\\\/01\\\/09\\\/renault-arkana-elegancia-y-la-potencia-en-este-suv-coupe\\\/\"]}]},{\"@type\":\"ImageObject\",\"inLanguage\":\"es\",\"@id\":\"https:\\\/\\\/autofans.com.ar\\\/index.php\\\/2025\\\/01\\\/09\\\/renault-arkana-elegancia-y-la-potencia-en-este-suv-coupe\\\/#primaryimage\",\"url\":\"https:\\\/\\\/autofans.com.ar\\\/wp-content\\\/uploads\\\/2025\\\/01\\\/arkana-5.jpg\",\"contentUrl\":\"https:\\\/\\\/autofans.com.ar\\\/wp-content\\\/uploads\\\/2025\\\/01\\\/arkana-5.jpg\",\"width\":1000,\"height\":667,\"caption\":\"Renault Arkana\"},{\"@type\":\"BreadcrumbList\",\"@id\":\"https:\\\/\\\/autofans.com.ar\\\/index.php\\\/2025\\\/01\\\/09\\\/renault-arkana-elegancia-y-la-potencia-en-este-suv-coupe\\\/#breadcrumb\",\"itemListElement\":[{\"@type\":\"ListItem\",\"position\":1,\"name\":\"Inicio\",\"item\":\"https:\\\/\\\/autofans.com.ar\\\/\"},{\"@type\":\"ListItem\",\"position\":2,\"name\":\"Renault Arkana, elegancia y la potencia en este SUV coup\u00e9\"}]},{\"@type\":\"WebSite\",\"@id\":\"https:\\\/\\\/autofans.com.ar\\\/#website\",\"url\":\"https:\\\/\\\/autofans.com.ar\\\/\",\"name\":\"\",\"description\":\"El multimedio referente de la industria automotriz\",\"potentialAction\":[{\"@type\":\"SearchAction\",\"target\":{\"@type\":\"EntryPoint\",\"urlTemplate\":\"https:\\\/\\\/autofans.com.ar\\\/?s={search_term_string}\"},\"query-input\":{\"@type\":\"PropertyValueSpecification\",\"valueRequired\":true,\"valueName\":\"search_term_string\"}}],\"inLanguage\":\"es\"},{\"@type\":\"Person\",\"@id\":\"https:\\\/\\\/autofans.com.ar\\\/#\\\/schema\\\/person\\\/4a8dda0b6df83ac3d6723e921274c2aa\",\"name\":\"Alejandro Gabriel Rosito\",\"image\":{\"@type\":\"ImageObject\",\"inLanguage\":\"es\",\"@id\":\"https:\\\/\\\/secure.gravatar.com\\\/avatar\\\/16c5dda1489adfc62618084dcbb91cffd879c374b13fe5dd8e44ed6733852c88?s=96&d=mm&r=g\",\"url\":\"https:\\\/\\\/secure.gravatar.com\\\/avatar\\\/16c5dda1489adfc62618084dcbb91cffd879c374b13fe5dd8e44ed6733852c88?s=96&d=mm&r=g\",\"contentUrl\":\"https:\\\/\\\/secure.gravatar.com\\\/avatar\\\/16c5dda1489adfc62618084dcbb91cffd879c374b13fe5dd8e44ed6733852c88?s=96&d=mm&r=g\",\"caption\":\"Alejandro Gabriel Rosito\"},\"url\":\"https:\\\/\\\/autofans.com.ar\\\/index.php\\\/author\\\/gabrielr\\\/\"}]}<\/script>\n<!-- \/ Yoast SEO plugin. -->","yoast_head_json":{"title":"Renault Arkana, elegancia y la potencia en este SUV coup\u00e9 -","description":"Renault marca un hito en el mercado argentino con el lanzamiento del Arkana E-Tech Hybrid, su primer veh\u00edculo h\u00edbrido en el pa\u00eds...","robots":{"index":"index","follow":"follow","max-snippet":"max-snippet:-1","max-image-preview":"max-image-preview:large","max-video-preview":"max-video-preview:-1"},"canonical":"https:\/\/autofans.com.ar\/index.php\/2025\/01\/09\/renault-arkana-elegancia-y-la-potencia-en-este-suv-coupe\/","og_locale":"es_ES","og_type":"article","og_title":"Renault Arkana, elegancia y la potencia en este SUV coup\u00e9 -","og_description":"Renault marca un hito en el mercado argentino con el lanzamiento del Arkana E-Tech Hybrid, su primer veh\u00edculo h\u00edbrido en el pa\u00eds...","og_url":"https:\/\/autofans.com.ar\/index.php\/2025\/01\/09\/renault-arkana-elegancia-y-la-potencia-en-este-suv-coupe\/","article_published_time":"2025-01-09T19:37:24+00:00","article_modified_time":"2025-01-09T19:40:16+00:00","og_image":[{"width":1000,"height":667,"url":"https:\/\/autofans.com.ar\/wp-content\/uploads\/2025\/01\/arkana-5.jpg","type":"image\/jpeg"}],"author":"Alejandro Gabriel Rosito","twitter_card":"summary_large_image","twitter_misc":{"Escrito por":"Alejandro Gabriel Rosito","Tiempo de lectura":"3 minutos"},"schema":{"@context":"https:\/\/schema.org","@graph":[{"@type":"Article","@id":"https:\/\/autofans.com.ar\/index.php\/2025\/01\/09\/renault-arkana-elegancia-y-la-potencia-en-este-suv-coupe\/#article","isPartOf":{"@id":"https:\/\/autofans.com.ar\/index.php\/2025\/01\/09\/renault-arkana-elegancia-y-la-potencia-en-este-suv-coupe\/"},"author":{"name":"Alejandro Gabriel Rosito","@id":"https:\/\/autofans.com.ar\/#\/schema\/person\/4a8dda0b6df83ac3d6723e921274c2aa"},"headline":"Renault Arkana, elegancia y la potencia en este SUV coup\u00e9","datePublished":"2025-01-09T19:37:24+00:00","dateModified":"2025-01-09T19:40:16+00:00","mainEntityOfPage":{"@id":"https:\/\/autofans.com.ar\/index.php\/2025\/01\/09\/renault-arkana-elegancia-y-la-potencia-en-este-suv-coupe\/"},"wordCount":479,"image":{"@id":"https:\/\/autofans.com.ar\/index.php\/2025\/01\/09\/renault-arkana-elegancia-y-la-potencia-en-este-suv-coupe\/#primaryimage"},"thumbnailUrl":"https:\/\/autofans.com.ar\/wp-content\/uploads\/2025\/01\/arkana-5.jpg","keywords":["Esprit Alpine","Renault Arkana E-Tech Hybrid","Renault h\u00edbrido Argentina","Renault Summer Experience","SUV coup\u00e9 h\u00edbrido"],"articleSection":["Autos y SUV","LANZAMIENTOS"],"inLanguage":"es"},{"@type":"WebPage","@id":"https:\/\/autofans.com.ar\/index.php\/2025\/01\/09\/renault-arkana-elegancia-y-la-potencia-en-este-suv-coupe\/","url":"https:\/\/autofans.com.ar\/index.php\/2025\/01\/09\/renault-arkana-elegancia-y-la-potencia-en-este-suv-coupe\/","name":"Renault Arkana, elegancia y la potencia en este SUV coup\u00e9 -","isPartOf":{"@id":"https:\/\/autofans.com.ar\/#website"},"primaryImageOfPage":{"@id":"https:\/\/autofans.com.ar\/index.php\/2025\/01\/09\/renault-arkana-elegancia-y-la-potencia-en-este-suv-coupe\/#primaryimage"},"image":{"@id":"https:\/\/autofans.com.ar\/index.php\/2025\/01\/09\/renault-arkana-elegancia-y-la-potencia-en-este-suv-coupe\/#primaryimage"},"thumbnailUrl":"https:\/\/autofans.com.ar\/wp-content\/uploads\/2025\/01\/arkana-5.jpg","datePublished":"2025-01-09T19:37:24+00:00","dateModified":"2025-01-09T19:40:16+00:00","author":{"@id":"https:\/\/autofans.com.ar\/#\/schema\/person\/4a8dda0b6df83ac3d6723e921274c2aa"},"description":"Renault marca un hito en el mercado argentino con el lanzamiento del Arkana E-Tech Hybrid, su primer veh\u00edculo h\u00edbrido en el pa\u00eds...","breadcrumb":{"@id":"https:\/\/autofans.com.ar\/index.php\/2025\/01\/09\/renault-arkana-elegancia-y-la-potencia-en-este-suv-coupe\/#breadcrumb"},"inLanguage":"es","potentialAction":[{"@type":"ReadAction","target":["https:\/\/autofans.com.ar\/index.php\/2025\/01\/09\/renault-arkana-elegancia-y-la-potencia-en-este-suv-coupe\/"]}]},{"@type":"ImageObject","inLanguage":"es","@id":"https:\/\/autofans.com.ar\/index.php\/2025\/01\/09\/renault-arkana-elegancia-y-la-potencia-en-este-suv-coupe\/#primaryimage","url":"https:\/\/autofans.com.ar\/wp-content\/uploads\/2025\/01\/arkana-5.jpg","contentUrl":"https:\/\/autofans.com.ar\/wp-content\/uploads\/2025\/01\/arkana-5.jpg","width":1000,"height":667,"caption":"Renault Arkana"},{"@type":"BreadcrumbList","@id":"https:\/\/autofans.com.ar\/index.php\/2025\/01\/09\/renault-arkana-elegancia-y-la-potencia-en-este-suv-coupe\/#breadcrumb","itemListElement":[{"@type":"ListItem","position":1,"name":"Inicio","item":"https:\/\/autofans.com.ar\/"},{"@type":"ListItem","position":2,"name":"Renault Arkana, elegancia y la potencia en este SUV coup\u00e9"}]},{"@type":"WebSite","@id":"https:\/\/autofans.com.ar\/#website","url":"https:\/\/autofans.com.ar\/","name":"","description":"El multimedio referente de la industria automotriz","potentialAction":[{"@type":"SearchAction","target":{"@type":"EntryPoint","urlTemplate":"https:\/\/autofans.com.ar\/?s={search_term_string}"},"query-input":{"@type":"PropertyValueSpecification","valueRequired":true,"valueName":"search_term_string"}}],"inLanguage":"es"},{"@type":"Person","@id":"https:\/\/autofans.com.ar\/#\/schema\/person\/4a8dda0b6df83ac3d6723e921274c2aa","name":"Alejandro Gabriel Rosito","image":{"@type":"ImageObject","inLanguage":"es","@id":"https:\/\/secure.gravatar.com\/avatar\/16c5dda1489adfc62618084dcbb91cffd879c374b13fe5dd8e44ed6733852c88?s=96&d=mm&r=g","url":"https:\/\/secure.gravatar.com\/avatar\/16c5dda1489adfc62618084dcbb91cffd879c374b13fe5dd8e44ed6733852c88?s=96&d=mm&r=g","contentUrl":"https:\/\/secure.gravatar.com\/avatar\/16c5dda1489adfc62618084dcbb91cffd879c374b13fe5dd8e44ed6733852c88?s=96&d=mm&r=g","caption":"Alejandro Gabriel Rosito"},"url":"https:\/\/autofans.com.ar\/index.php\/author\/gabrielr\/"}]}},"featured_image_urls":{"full":["https:\/\/autofans.com.ar\/wp-content\/uploads\/2025\/01\/arkana-5.jpg",1000,667,false],"thumbnail":["https:\/\/autofans.com.ar\/wp-content\/uploads\/2025\/01\/arkana-5-150x150.jpg",150,150,true],"medium":["https:\/\/autofans.com.ar\/wp-content\/uploads\/2025\/01\/arkana-5-300x200.jpg",300,200,true],"medium_large":["https:\/\/autofans.com.ar\/wp-content\/uploads\/2025\/01\/arkana-5-768x512.jpg",640,427,true],"large":["https:\/\/autofans.com.ar\/wp-content\/uploads\/2025\/01\/arkana-5.jpg",640,427,false],"1536x1536":["https:\/\/autofans.com.ar\/wp-content\/uploads\/2025\/01\/arkana-5.jpg",1000,667,false],"2048x2048":["https:\/\/autofans.com.ar\/wp-content\/uploads\/2025\/01\/arkana-5.jpg",1000,667,false],"covernews-featured":["https:\/\/autofans.com.ar\/wp-content\/uploads\/2025\/01\/arkana-5.jpg",1000,667,false],"covernews-medium":["https:\/\/autofans.com.ar\/wp-content\/uploads\/2025\/01\/arkana-5-540x340.jpg",540,340,true]},"author_info":{"display_name":"Alejandro Gabriel Rosito","author_link":"https:\/\/autofans.com.ar\/index.php\/author\/gabrielr\/"},"category_info":"<a href=\"https:\/\/autofans.com.ar\/index.php\/category\/lanzamientos\/autos-y-suv\/\" rel=\"category tag\">Autos y SUV<\/a> <a href=\"https:\/\/autofans.com.ar\/index.php\/category\/lanzamientos\/\" rel=\"category tag\">LANZAMIENTOS<\/a>","tag_info":"LANZAMIENTOS","comment_count":0,"_links":{"self":[{"href":"https:\/\/autofans.com.ar\/index.php\/wp-json\/wp\/v2\/posts\/10602","targetHints":{"allow":["GET"]}}],"collection":[{"href":"https:\/\/autofans.com.ar\/index.php\/wp-json\/wp\/v2\/posts"}],"about":[{"href":"https:\/\/autofans.com.ar\/index.php\/wp-json\/wp\/v2\/types\/post"}],"author":[{"embeddable":true,"href":"https:\/\/autofans.com.ar\/index.php\/wp-json\/wp\/v2\/users\/2"}],"replies":[{"embeddable":true,"href":"https:\/\/autofans.com.ar\/index.php\/wp-json\/wp\/v2\/comments?post=10602"}],"version-history":[{"count":5,"href":"https:\/\/autofans.com.ar\/index.php\/wp-json\/wp\/v2\/posts\/10602\/revisions"}],"predecessor-version":[{"id":10614,"href":"https:\/\/autofans.com.ar\/index.php\/wp-json\/wp\/v2\/posts\/10602\/revisions\/10614"}],"wp:featuredmedia":[{"embeddable":true,"href":"https:\/\/autofans.com.ar\/index.php\/wp-json\/wp\/v2\/media\/10605"}],"wp:attachment":[{"href":"https:\/\/autofans.com.ar\/index.php\/wp-json\/wp\/v2\/media?parent=10602"}],"wp:term":[{"taxonomy":"category","embeddable":true,"href":"https:\/\/autofans.com.ar\/index.php\/wp-json\/wp\/v2\/categories?post=10602"},{"taxonomy":"post_tag","embeddable":true,"href":"https:\/\/autofans.com.ar\/index.php\/wp-json\/wp\/v2\/tags?post=10602"}],"curies":[{"name":"wp","href":"https:\/\/api.w.org\/{rel}","templated":true}]}}