{"id":10623,"date":"2025-01-10T13:58:32","date_gmt":"2025-01-10T16:58:32","guid":{"rendered":"https:\/\/autofans.com.ar\/?p=10623"},"modified":"2025-01-10T13:58:57","modified_gmt":"2025-01-10T16:58:57","slug":"el-futuro-del-manejo-segun-bmw-asi-es-el-nuevo-panoramic-idrive","status":"publish","type":"post","link":"https:\/\/autofans.com.ar\/index.php\/2025\/01\/10\/el-futuro-del-manejo-segun-bmw-asi-es-el-nuevo-panoramic-idrive\/","title":{"rendered":"El futuro del manejo seg\u00fan BMW, as\u00ed es el nuevo Panoramic iDrive"},"content":{"rendered":"<p data-pm-slice=\"1 1 []\">BMW ha dado un paso m\u00e1s hacia el futuro con el lanzamiento del Panoramic iDrive, una tecnolog\u00eda revolucionaria que estar\u00e1 disponible en sus veh\u00edculos a partir de 2025. Este sistema redefine la interacci\u00f3n entre el conductor, el veh\u00edculo y su entorno, marcando un hito en la industria automotriz.<\/p>\n<p data-pm-slice=\"1 1 []\"><span style=\"color: #ffffff;\">.<\/span><\/p>\n<h2 data-pm-slice=\"1 1 []\">Tecnolog\u00eda inmersiva para el futuro del manejo<\/h2>\n<p>El Panoramic iDrive destaca por su pantalla ultrapanor\u00e1mica curva, que se extiende por todo el tablero del veh\u00edculo, brindando una experiencia visual completamente inmersiva. Dise\u00f1ada con la \u00faltima tecnolog\u00eda OLED, esta pantalla no solo ofrece im\u00e1genes n\u00edtidas y vibrantes, sino que tambi\u00e9n se adapta de manera intuitiva a las preferencias del conductor, permitiendo una personalizaci\u00f3n sin precedentes.<\/p>\n<p>&nbsp;<\/p>\n<div id='gallery-1' class='gallery galleryid-10623 gallery-columns-2 gallery-size-full'><figure class='gallery-item'>\n\t\t\t<div class='gallery-icon landscape'>\n\t\t\t\t<a href='https:\/\/autofans.com.ar\/index.php\/2025\/01\/10\/el-futuro-del-manejo-segun-bmw-asi-es-el-nuevo-panoramic-idrive\/bmw-5-11\/'><img loading=\"lazy\" width=\"1000\" height=\"667\" src=\"https:\/\/autofans.com.ar\/wp-content\/uploads\/2025\/01\/bmw-5.jpg\" class=\"attachment-full size-full\" alt=\"Panoramic iDrive\" srcset=\"https:\/\/autofans.com.ar\/wp-content\/uploads\/2025\/01\/bmw-5.jpg 1000w, https:\/\/autofans.com.ar\/wp-content\/uploads\/2025\/01\/bmw-5-300x200.jpg 300w, https:\/\/autofans.com.ar\/wp-content\/uploads\/2025\/01\/bmw-5-768x512.jpg 768w\" sizes=\"auto, (max-width: 1000px) 100vw, 1000px\" loading=\"lazy\" decoding=\"async\" \/><\/a>\n\t\t\t<\/div><\/figure><figure class='gallery-item'>\n\t\t\t<div class='gallery-icon landscape'>\n\t\t\t\t<a href='https:\/\/autofans.com.ar\/index.php\/2025\/01\/10\/el-futuro-del-manejo-segun-bmw-asi-es-el-nuevo-panoramic-idrive\/bmw-3-16\/'><img loading=\"lazy\" width=\"1000\" height=\"667\" src=\"https:\/\/autofans.com.ar\/wp-content\/uploads\/2025\/01\/bmw-3.jpg\" class=\"attachment-full size-full\" alt=\"Panoramic iDrive\" srcset=\"https:\/\/autofans.com.ar\/wp-content\/uploads\/2025\/01\/bmw-3.jpg 1000w, https:\/\/autofans.com.ar\/wp-content\/uploads\/2025\/01\/bmw-3-300x200.jpg 300w, https:\/\/autofans.com.ar\/wp-content\/uploads\/2025\/01\/bmw-3-768x512.jpg 768w\" sizes=\"auto, (max-width: 1000px) 100vw, 1000px\" loading=\"lazy\" decoding=\"async\" \/><\/a>\n\t\t\t<\/div><\/figure>\n\t\t<\/div>\n\n<p>&nbsp;<\/p>\n<p>Adem\u00e1s, el sistema incorpora inteligencia artificial avanzada para optimizar cada aspecto del manejo. Gracias a sus capacidades de aprendizaje autom\u00e1tico, el Panoramic iDrive puede anticipar las necesidades del conductor, ajustar configuraciones de manera autom\u00e1tica y ofrecer recomendaciones en tiempo real basadas en h\u00e1bitos de conducci\u00f3n.<\/p>\n<p>&nbsp;<\/p>\n<h2>BMW Panoramic iDrive: Innovaci\u00f3n que redefine la conectividad<\/h2>\n<p>La seguridad tambi\u00e9n es una prioridad en esta innovaci\u00f3n. El Panoramic iDrive integra funciones avanzadas de asistencia al conductor, como alertas de colisi\u00f3n, reconocimiento de se\u00f1ales de tr\u00e1nsito y control de crucero adaptativo, todo gestionado desde una interfaz centralizada y f\u00e1cil de usar.<\/p>\n<p>&nbsp;<\/p>\n<div id='gallery-2' class='gallery galleryid-10623 gallery-columns-2 gallery-size-full'><figure class='gallery-item'>\n\t\t\t<div class='gallery-icon landscape'>\n\t\t\t\t<a href='https:\/\/autofans.com.ar\/index.php\/2025\/01\/10\/el-futuro-del-manejo-segun-bmw-asi-es-el-nuevo-panoramic-idrive\/bmw-1-16\/'><img loading=\"lazy\" width=\"1000\" height=\"667\" src=\"https:\/\/autofans.com.ar\/wp-content\/uploads\/2025\/01\/bmw-1.jpg\" class=\"attachment-full size-full\" alt=\"Panoramic iDrive\" srcset=\"https:\/\/autofans.com.ar\/wp-content\/uploads\/2025\/01\/bmw-1.jpg 1000w, https:\/\/autofans.com.ar\/wp-content\/uploads\/2025\/01\/bmw-1-300x200.jpg 300w, https:\/\/autofans.com.ar\/wp-content\/uploads\/2025\/01\/bmw-1-768x512.jpg 768w\" sizes=\"auto, (max-width: 1000px) 100vw, 1000px\" loading=\"lazy\" decoding=\"async\" \/><\/a>\n\t\t\t<\/div><\/figure><figure class='gallery-item'>\n\t\t\t<div class='gallery-icon landscape'>\n\t\t\t\t<a href='https:\/\/autofans.com.ar\/index.php\/2025\/01\/10\/el-futuro-del-manejo-segun-bmw-asi-es-el-nuevo-panoramic-idrive\/bmw-4-14\/'><img loading=\"lazy\" width=\"1000\" height=\"667\" src=\"https:\/\/autofans.com.ar\/wp-content\/uploads\/2025\/01\/bmw-4.jpg\" class=\"attachment-full size-full\" alt=\"Panoramic iDrive\" srcset=\"https:\/\/autofans.com.ar\/wp-content\/uploads\/2025\/01\/bmw-4.jpg 1000w, https:\/\/autofans.com.ar\/wp-content\/uploads\/2025\/01\/bmw-4-300x200.jpg 300w, https:\/\/autofans.com.ar\/wp-content\/uploads\/2025\/01\/bmw-4-768x512.jpg 768w\" sizes=\"auto, (max-width: 1000px) 100vw, 1000px\" loading=\"lazy\" decoding=\"async\" \/><\/a>\n\t\t\t<\/div><\/figure>\n\t\t<\/div>\n\n<p>&nbsp;<\/p>\n<p>BMW ha dise\u00f1ado esta tecnolog\u00eda pensando en una transici\u00f3n fluida hacia los veh\u00edculos del futuro, donde la conectividad y la sostenibilidad juegan un rol crucial. El Panoramic iDrive no solo promete elevar la experiencia de manejo, sino tambi\u00e9n establecer un nuevo est\u00e1ndar en el dise\u00f1o de interiores de autom\u00f3viles.<\/p>\n<p>Con esta innovaci\u00f3n, BMW contin\u00faa liderando la transformaci\u00f3n digital en la industria automotriz, ofreciendo a sus usuarios una combinaci\u00f3n perfecta de dise\u00f1o, tecnolog\u00eda y funcionalidad.<\/p>\n<p>&nbsp;<\/p>\n<p>&nbsp;<\/p>\n<p>&nbsp;<\/p>\n<p><i>Para enterarte de m\u00e1s novedades, no dejes de leer\u00a0<\/i><a href=\"https:\/\/autofans.thebrandsoup.com\/\"><i>nuestras notas<\/i><\/a><i>, de ver<\/i><b><i>\u00a0<\/i><\/b><a href=\"https:\/\/www.youtube.com\/channel\/UCgAC8UGHZYbT6P7PpmVnP7g\"><b><i>AUTOFANS TV<\/i><\/b><\/a><b><i>\u00a0<\/i><\/b><i>en nuestro\u00a0canal de Youtube. Adem\u00e1s seguinos en\u00a0<\/i><a href=\"https:\/\/www.instagram.com\/autofanstv\/\"><i>INSTAGRAM<\/i><\/a><i> y <\/i><a href=\"https:\/\/www.facebook.com\/autofansmas\/\"><i>FACEBOOK<\/i><\/a><i> para no perderte nada sobre las novedades del segmento automotor de Argentina y el mundo.<\/i><\/p>\n","protected":false},"excerpt":{"rendered":"<p>BMW ha dado un paso m\u00e1s hacia el futuro con el lanzamiento del Panoramic iDrive,&#8230;<\/p>\n","protected":false},"author":2,"featured_media":10628,"comment_status":"closed","ping_status":"closed","sticky":false,"template":"","format":"standard","meta":{"footnotes":""},"categories":[218,16],"tags":[5777,5776,5778,5779,719],"class_list":["post-10623","post","type-post","status-publish","format-standard","has-post-thumbnail","hentry","category-autotecno","category-noticias","tag-autos-inteligentes-2025","tag-bmw-panoramic-idrive","tag-experiencia-de-manejo-bmw","tag-innovaciones-bmw","tag-tecnologia-automotriz"],"yoast_head":"<!-- This site is optimized with the Yoast SEO plugin v27.5 - https:\/\/yoast.com\/product\/yoast-seo-wordpress\/ -->\n<title>El futuro del manejo seg\u00fan BMW, as\u00ed es el nuevo Panoramic iDrive -<\/title>\n<meta name=\"description\" content=\"BMW ha dado un paso m\u00e1s hacia el futuro con el lanzamiento del Panoramic iDrive, una tecnolog\u00eda revolucionaria que estar\u00e1 disponible...\" \/>\n<meta name=\"robots\" content=\"index, follow, max-snippet:-1, max-image-preview:large, max-video-preview:-1\" \/>\n<link rel=\"canonical\" href=\"https:\/\/autofans.com.ar\/index.php\/2025\/01\/10\/el-futuro-del-manejo-segun-bmw-asi-es-el-nuevo-panoramic-idrive\/\" \/>\n<meta property=\"og:locale\" content=\"es_ES\" \/>\n<meta property=\"og:type\" content=\"article\" \/>\n<meta property=\"og:title\" content=\"El futuro del manejo seg\u00fan BMW, as\u00ed es el nuevo Panoramic iDrive -\" \/>\n<meta property=\"og:description\" content=\"BMW ha dado un paso m\u00e1s hacia el futuro con el lanzamiento del Panoramic iDrive, una tecnolog\u00eda revolucionaria que estar\u00e1 disponible...\" \/>\n<meta property=\"og:url\" content=\"https:\/\/autofans.com.ar\/index.php\/2025\/01\/10\/el-futuro-del-manejo-segun-bmw-asi-es-el-nuevo-panoramic-idrive\/\" \/>\n<meta property=\"article:published_time\" content=\"2025-01-10T16:58:32+00:00\" \/>\n<meta property=\"article:modified_time\" content=\"2025-01-10T16:58:57+00:00\" \/>\n<meta property=\"og:image\" content=\"https:\/\/autofans.com.ar\/wp-content\/uploads\/2025\/01\/bmw-2.jpg\" \/>\n\t<meta property=\"og:image:width\" content=\"1000\" \/>\n\t<meta property=\"og:image:height\" content=\"667\" \/>\n\t<meta property=\"og:image:type\" content=\"image\/jpeg\" \/>\n<meta name=\"author\" content=\"Alejandro Gabriel Rosito\" \/>\n<meta name=\"twitter:card\" content=\"summary_large_image\" \/>\n<meta name=\"twitter:label1\" content=\"Escrito por\" \/>\n\t<meta name=\"twitter:data1\" content=\"Alejandro Gabriel Rosito\" \/>\n\t<meta name=\"twitter:label2\" content=\"Tiempo de lectura\" \/>\n\t<meta name=\"twitter:data2\" content=\"2 minutos\" \/>\n<script type=\"application\/ld+json\" class=\"yoast-schema-graph\">{\"@context\":\"https:\\\/\\\/schema.org\",\"@graph\":[{\"@type\":\"Article\",\"@id\":\"https:\\\/\\\/autofans.com.ar\\\/index.php\\\/2025\\\/01\\\/10\\\/el-futuro-del-manejo-segun-bmw-asi-es-el-nuevo-panoramic-idrive\\\/#article\",\"isPartOf\":{\"@id\":\"https:\\\/\\\/autofans.com.ar\\\/index.php\\\/2025\\\/01\\\/10\\\/el-futuro-del-manejo-segun-bmw-asi-es-el-nuevo-panoramic-idrive\\\/\"},\"author\":{\"name\":\"Alejandro Gabriel Rosito\",\"@id\":\"https:\\\/\\\/autofans.com.ar\\\/#\\\/schema\\\/person\\\/4a8dda0b6df83ac3d6723e921274c2aa\"},\"headline\":\"El futuro del manejo seg\u00fan BMW, as\u00ed es el nuevo Panoramic iDrive\",\"datePublished\":\"2025-01-10T16:58:32+00:00\",\"dateModified\":\"2025-01-10T16:58:57+00:00\",\"mainEntityOfPage\":{\"@id\":\"https:\\\/\\\/autofans.com.ar\\\/index.php\\\/2025\\\/01\\\/10\\\/el-futuro-del-manejo-segun-bmw-asi-es-el-nuevo-panoramic-idrive\\\/\"},\"wordCount\":395,\"image\":{\"@id\":\"https:\\\/\\\/autofans.com.ar\\\/index.php\\\/2025\\\/01\\\/10\\\/el-futuro-del-manejo-segun-bmw-asi-es-el-nuevo-panoramic-idrive\\\/#primaryimage\"},\"thumbnailUrl\":\"https:\\\/\\\/autofans.com.ar\\\/wp-content\\\/uploads\\\/2025\\\/01\\\/bmw-2.jpg\",\"keywords\":[\"autos inteligentes 2025\",\"BMW Panoramic iDrive\",\"experiencia de manejo BMW\",\"innovaciones BMW\",\"Tecnolog\u00eda automotriz\"],\"articleSection\":[\"AUTOTECNO\",\"NOTICIAS\"],\"inLanguage\":\"es\"},{\"@type\":\"WebPage\",\"@id\":\"https:\\\/\\\/autofans.com.ar\\\/index.php\\\/2025\\\/01\\\/10\\\/el-futuro-del-manejo-segun-bmw-asi-es-el-nuevo-panoramic-idrive\\\/\",\"url\":\"https:\\\/\\\/autofans.com.ar\\\/index.php\\\/2025\\\/01\\\/10\\\/el-futuro-del-manejo-segun-bmw-asi-es-el-nuevo-panoramic-idrive\\\/\",\"name\":\"El futuro del manejo seg\u00fan BMW, as\u00ed es el nuevo Panoramic iDrive -\",\"isPartOf\":{\"@id\":\"https:\\\/\\\/autofans.com.ar\\\/#website\"},\"primaryImageOfPage\":{\"@id\":\"https:\\\/\\\/autofans.com.ar\\\/index.php\\\/2025\\\/01\\\/10\\\/el-futuro-del-manejo-segun-bmw-asi-es-el-nuevo-panoramic-idrive\\\/#primaryimage\"},\"image\":{\"@id\":\"https:\\\/\\\/autofans.com.ar\\\/index.php\\\/2025\\\/01\\\/10\\\/el-futuro-del-manejo-segun-bmw-asi-es-el-nuevo-panoramic-idrive\\\/#primaryimage\"},\"thumbnailUrl\":\"https:\\\/\\\/autofans.com.ar\\\/wp-content\\\/uploads\\\/2025\\\/01\\\/bmw-2.jpg\",\"datePublished\":\"2025-01-10T16:58:32+00:00\",\"dateModified\":\"2025-01-10T16:58:57+00:00\",\"author\":{\"@id\":\"https:\\\/\\\/autofans.com.ar\\\/#\\\/schema\\\/person\\\/4a8dda0b6df83ac3d6723e921274c2aa\"},\"description\":\"BMW ha dado un paso m\u00e1s hacia el futuro con el lanzamiento del Panoramic iDrive, una tecnolog\u00eda revolucionaria que estar\u00e1 disponible...\",\"breadcrumb\":{\"@id\":\"https:\\\/\\\/autofans.com.ar\\\/index.php\\\/2025\\\/01\\\/10\\\/el-futuro-del-manejo-segun-bmw-asi-es-el-nuevo-panoramic-idrive\\\/#breadcrumb\"},\"inLanguage\":\"es\",\"potentialAction\":[{\"@type\":\"ReadAction\",\"target\":[\"https:\\\/\\\/autofans.com.ar\\\/index.php\\\/2025\\\/01\\\/10\\\/el-futuro-del-manejo-segun-bmw-asi-es-el-nuevo-panoramic-idrive\\\/\"]}]},{\"@type\":\"ImageObject\",\"inLanguage\":\"es\",\"@id\":\"https:\\\/\\\/autofans.com.ar\\\/index.php\\\/2025\\\/01\\\/10\\\/el-futuro-del-manejo-segun-bmw-asi-es-el-nuevo-panoramic-idrive\\\/#primaryimage\",\"url\":\"https:\\\/\\\/autofans.com.ar\\\/wp-content\\\/uploads\\\/2025\\\/01\\\/bmw-2.jpg\",\"contentUrl\":\"https:\\\/\\\/autofans.com.ar\\\/wp-content\\\/uploads\\\/2025\\\/01\\\/bmw-2.jpg\",\"width\":1000,\"height\":667,\"caption\":\"Panoramic iDrive\"},{\"@type\":\"BreadcrumbList\",\"@id\":\"https:\\\/\\\/autofans.com.ar\\\/index.php\\\/2025\\\/01\\\/10\\\/el-futuro-del-manejo-segun-bmw-asi-es-el-nuevo-panoramic-idrive\\\/#breadcrumb\",\"itemListElement\":[{\"@type\":\"ListItem\",\"position\":1,\"name\":\"Inicio\",\"item\":\"https:\\\/\\\/autofans.com.ar\\\/\"},{\"@type\":\"ListItem\",\"position\":2,\"name\":\"El futuro del manejo seg\u00fan BMW, as\u00ed es el nuevo Panoramic iDrive\"}]},{\"@type\":\"WebSite\",\"@id\":\"https:\\\/\\\/autofans.com.ar\\\/#website\",\"url\":\"https:\\\/\\\/autofans.com.ar\\\/\",\"name\":\"\",\"description\":\"El multimedio referente de la industria automotriz\",\"potentialAction\":[{\"@type\":\"SearchAction\",\"target\":{\"@type\":\"EntryPoint\",\"urlTemplate\":\"https:\\\/\\\/autofans.com.ar\\\/?s={search_term_string}\"},\"query-input\":{\"@type\":\"PropertyValueSpecification\",\"valueRequired\":true,\"valueName\":\"search_term_string\"}}],\"inLanguage\":\"es\"},{\"@type\":\"Person\",\"@id\":\"https:\\\/\\\/autofans.com.ar\\\/#\\\/schema\\\/person\\\/4a8dda0b6df83ac3d6723e921274c2aa\",\"name\":\"Alejandro Gabriel Rosito\",\"image\":{\"@type\":\"ImageObject\",\"inLanguage\":\"es\",\"@id\":\"https:\\\/\\\/secure.gravatar.com\\\/avatar\\\/16c5dda1489adfc62618084dcbb91cffd879c374b13fe5dd8e44ed6733852c88?s=96&d=mm&r=g\",\"url\":\"https:\\\/\\\/secure.gravatar.com\\\/avatar\\\/16c5dda1489adfc62618084dcbb91cffd879c374b13fe5dd8e44ed6733852c88?s=96&d=mm&r=g\",\"contentUrl\":\"https:\\\/\\\/secure.gravatar.com\\\/avatar\\\/16c5dda1489adfc62618084dcbb91cffd879c374b13fe5dd8e44ed6733852c88?s=96&d=mm&r=g\",\"caption\":\"Alejandro Gabriel Rosito\"},\"url\":\"https:\\\/\\\/autofans.com.ar\\\/index.php\\\/author\\\/gabrielr\\\/\"}]}<\/script>\n<!-- \/ Yoast SEO plugin. -->","yoast_head_json":{"title":"El futuro del manejo seg\u00fan BMW, as\u00ed es el nuevo Panoramic iDrive -","description":"BMW ha dado un paso m\u00e1s hacia el futuro con el lanzamiento del Panoramic iDrive, una tecnolog\u00eda revolucionaria que estar\u00e1 disponible...","robots":{"index":"index","follow":"follow","max-snippet":"max-snippet:-1","max-image-preview":"max-image-preview:large","max-video-preview":"max-video-preview:-1"},"canonical":"https:\/\/autofans.com.ar\/index.php\/2025\/01\/10\/el-futuro-del-manejo-segun-bmw-asi-es-el-nuevo-panoramic-idrive\/","og_locale":"es_ES","og_type":"article","og_title":"El futuro del manejo seg\u00fan BMW, as\u00ed es el nuevo Panoramic iDrive -","og_description":"BMW ha dado un paso m\u00e1s hacia el futuro con el lanzamiento del Panoramic iDrive, una tecnolog\u00eda revolucionaria que estar\u00e1 disponible...","og_url":"https:\/\/autofans.com.ar\/index.php\/2025\/01\/10\/el-futuro-del-manejo-segun-bmw-asi-es-el-nuevo-panoramic-idrive\/","article_published_time":"2025-01-10T16:58:32+00:00","article_modified_time":"2025-01-10T16:58:57+00:00","og_image":[{"width":1000,"height":667,"url":"https:\/\/autofans.com.ar\/wp-content\/uploads\/2025\/01\/bmw-2.jpg","type":"image\/jpeg"}],"author":"Alejandro Gabriel Rosito","twitter_card":"summary_large_image","twitter_misc":{"Escrito por":"Alejandro Gabriel Rosito","Tiempo de lectura":"2 minutos"},"schema":{"@context":"https:\/\/schema.org","@graph":[{"@type":"Article","@id":"https:\/\/autofans.com.ar\/index.php\/2025\/01\/10\/el-futuro-del-manejo-segun-bmw-asi-es-el-nuevo-panoramic-idrive\/#article","isPartOf":{"@id":"https:\/\/autofans.com.ar\/index.php\/2025\/01\/10\/el-futuro-del-manejo-segun-bmw-asi-es-el-nuevo-panoramic-idrive\/"},"author":{"name":"Alejandro Gabriel Rosito","@id":"https:\/\/autofans.com.ar\/#\/schema\/person\/4a8dda0b6df83ac3d6723e921274c2aa"},"headline":"El futuro del manejo seg\u00fan BMW, as\u00ed es el nuevo Panoramic iDrive","datePublished":"2025-01-10T16:58:32+00:00","dateModified":"2025-01-10T16:58:57+00:00","mainEntityOfPage":{"@id":"https:\/\/autofans.com.ar\/index.php\/2025\/01\/10\/el-futuro-del-manejo-segun-bmw-asi-es-el-nuevo-panoramic-idrive\/"},"wordCount":395,"image":{"@id":"https:\/\/autofans.com.ar\/index.php\/2025\/01\/10\/el-futuro-del-manejo-segun-bmw-asi-es-el-nuevo-panoramic-idrive\/#primaryimage"},"thumbnailUrl":"https:\/\/autofans.com.ar\/wp-content\/uploads\/2025\/01\/bmw-2.jpg","keywords":["autos inteligentes 2025","BMW Panoramic iDrive","experiencia de manejo BMW","innovaciones BMW","Tecnolog\u00eda automotriz"],"articleSection":["AUTOTECNO","NOTICIAS"],"inLanguage":"es"},{"@type":"WebPage","@id":"https:\/\/autofans.com.ar\/index.php\/2025\/01\/10\/el-futuro-del-manejo-segun-bmw-asi-es-el-nuevo-panoramic-idrive\/","url":"https:\/\/autofans.com.ar\/index.php\/2025\/01\/10\/el-futuro-del-manejo-segun-bmw-asi-es-el-nuevo-panoramic-idrive\/","name":"El futuro del manejo seg\u00fan BMW, as\u00ed es el nuevo Panoramic iDrive -","isPartOf":{"@id":"https:\/\/autofans.com.ar\/#website"},"primaryImageOfPage":{"@id":"https:\/\/autofans.com.ar\/index.php\/2025\/01\/10\/el-futuro-del-manejo-segun-bmw-asi-es-el-nuevo-panoramic-idrive\/#primaryimage"},"image":{"@id":"https:\/\/autofans.com.ar\/index.php\/2025\/01\/10\/el-futuro-del-manejo-segun-bmw-asi-es-el-nuevo-panoramic-idrive\/#primaryimage"},"thumbnailUrl":"https:\/\/autofans.com.ar\/wp-content\/uploads\/2025\/01\/bmw-2.jpg","datePublished":"2025-01-10T16:58:32+00:00","dateModified":"2025-01-10T16:58:57+00:00","author":{"@id":"https:\/\/autofans.com.ar\/#\/schema\/person\/4a8dda0b6df83ac3d6723e921274c2aa"},"description":"BMW ha dado un paso m\u00e1s hacia el futuro con el lanzamiento del Panoramic iDrive, una tecnolog\u00eda revolucionaria que estar\u00e1 disponible...","breadcrumb":{"@id":"https:\/\/autofans.com.ar\/index.php\/2025\/01\/10\/el-futuro-del-manejo-segun-bmw-asi-es-el-nuevo-panoramic-idrive\/#breadcrumb"},"inLanguage":"es","potentialAction":[{"@type":"ReadAction","target":["https:\/\/autofans.com.ar\/index.php\/2025\/01\/10\/el-futuro-del-manejo-segun-bmw-asi-es-el-nuevo-panoramic-idrive\/"]}]},{"@type":"ImageObject","inLanguage":"es","@id":"https:\/\/autofans.com.ar\/index.php\/2025\/01\/10\/el-futuro-del-manejo-segun-bmw-asi-es-el-nuevo-panoramic-idrive\/#primaryimage","url":"https:\/\/autofans.com.ar\/wp-content\/uploads\/2025\/01\/bmw-2.jpg","contentUrl":"https:\/\/autofans.com.ar\/wp-content\/uploads\/2025\/01\/bmw-2.jpg","width":1000,"height":667,"caption":"Panoramic iDrive"},{"@type":"BreadcrumbList","@id":"https:\/\/autofans.com.ar\/index.php\/2025\/01\/10\/el-futuro-del-manejo-segun-bmw-asi-es-el-nuevo-panoramic-idrive\/#breadcrumb","itemListElement":[{"@type":"ListItem","position":1,"name":"Inicio","item":"https:\/\/autofans.com.ar\/"},{"@type":"ListItem","position":2,"name":"El futuro del manejo seg\u00fan BMW, as\u00ed es el nuevo Panoramic iDrive"}]},{"@type":"WebSite","@id":"https:\/\/autofans.com.ar\/#website","url":"https:\/\/autofans.com.ar\/","name":"","description":"El multimedio referente de la industria automotriz","potentialAction":[{"@type":"SearchAction","target":{"@type":"EntryPoint","urlTemplate":"https:\/\/autofans.com.ar\/?s={search_term_string}"},"query-input":{"@type":"PropertyValueSpecification","valueRequired":true,"valueName":"search_term_string"}}],"inLanguage":"es"},{"@type":"Person","@id":"https:\/\/autofans.com.ar\/#\/schema\/person\/4a8dda0b6df83ac3d6723e921274c2aa","name":"Alejandro Gabriel Rosito","image":{"@type":"ImageObject","inLanguage":"es","@id":"https:\/\/secure.gravatar.com\/avatar\/16c5dda1489adfc62618084dcbb91cffd879c374b13fe5dd8e44ed6733852c88?s=96&d=mm&r=g","url":"https:\/\/secure.gravatar.com\/avatar\/16c5dda1489adfc62618084dcbb91cffd879c374b13fe5dd8e44ed6733852c88?s=96&d=mm&r=g","contentUrl":"https:\/\/secure.gravatar.com\/avatar\/16c5dda1489adfc62618084dcbb91cffd879c374b13fe5dd8e44ed6733852c88?s=96&d=mm&r=g","caption":"Alejandro Gabriel Rosito"},"url":"https:\/\/autofans.com.ar\/index.php\/author\/gabrielr\/"}]}},"featured_image_urls":{"full":["https:\/\/autofans.com.ar\/wp-content\/uploads\/2025\/01\/bmw-2.jpg",1000,667,false],"thumbnail":["https:\/\/autofans.com.ar\/wp-content\/uploads\/2025\/01\/bmw-2-150x150.jpg",150,150,true],"medium":["https:\/\/autofans.com.ar\/wp-content\/uploads\/2025\/01\/bmw-2-300x200.jpg",300,200,true],"medium_large":["https:\/\/autofans.com.ar\/wp-content\/uploads\/2025\/01\/bmw-2-768x512.jpg",640,427,true],"large":["https:\/\/autofans.com.ar\/wp-content\/uploads\/2025\/01\/bmw-2.jpg",640,427,false],"1536x1536":["https:\/\/autofans.com.ar\/wp-content\/uploads\/2025\/01\/bmw-2.jpg",1000,667,false],"2048x2048":["https:\/\/autofans.com.ar\/wp-content\/uploads\/2025\/01\/bmw-2.jpg",1000,667,false],"covernews-featured":["https:\/\/autofans.com.ar\/wp-content\/uploads\/2025\/01\/bmw-2.jpg",1000,667,false],"covernews-medium":["https:\/\/autofans.com.ar\/wp-content\/uploads\/2025\/01\/bmw-2-540x340.jpg",540,340,true]},"author_info":{"display_name":"Alejandro Gabriel Rosito","author_link":"https:\/\/autofans.com.ar\/index.php\/author\/gabrielr\/"},"category_info":"<a href=\"https:\/\/autofans.com.ar\/index.php\/category\/noticias\/autotecno\/\" rel=\"category tag\">AUTOTECNO<\/a> <a href=\"https:\/\/autofans.com.ar\/index.php\/category\/noticias\/\" rel=\"category tag\">NOTICIAS<\/a>","tag_info":"NOTICIAS","comment_count":0,"_links":{"self":[{"href":"https:\/\/autofans.com.ar\/index.php\/wp-json\/wp\/v2\/posts\/10623","targetHints":{"allow":["GET"]}}],"collection":[{"href":"https:\/\/autofans.com.ar\/index.php\/wp-json\/wp\/v2\/posts"}],"about":[{"href":"https:\/\/autofans.com.ar\/index.php\/wp-json\/wp\/v2\/types\/post"}],"author":[{"embeddable":true,"href":"https:\/\/autofans.com.ar\/index.php\/wp-json\/wp\/v2\/users\/2"}],"replies":[{"embeddable":true,"href":"https:\/\/autofans.com.ar\/index.php\/wp-json\/wp\/v2\/comments?post=10623"}],"version-history":[{"count":6,"href":"https:\/\/autofans.com.ar\/index.php\/wp-json\/wp\/v2\/posts\/10623\/revisions"}],"predecessor-version":[{"id":10646,"href":"https:\/\/autofans.com.ar\/index.php\/wp-json\/wp\/v2\/posts\/10623\/revisions\/10646"}],"wp:featuredmedia":[{"embeddable":true,"href":"https:\/\/autofans.com.ar\/index.php\/wp-json\/wp\/v2\/media\/10628"}],"wp:attachment":[{"href":"https:\/\/autofans.com.ar\/index.php\/wp-json\/wp\/v2\/media?parent=10623"}],"wp:term":[{"taxonomy":"category","embeddable":true,"href":"https:\/\/autofans.com.ar\/index.php\/wp-json\/wp\/v2\/categories?post=10623"},{"taxonomy":"post_tag","embeddable":true,"href":"https:\/\/autofans.com.ar\/index.php\/wp-json\/wp\/v2\/tags?post=10623"}],"curies":[{"name":"wp","href":"https:\/\/api.w.org\/{rel}","templated":true}]}}