{"id":10669,"date":"2025-01-14T14:44:43","date_gmt":"2025-01-14T17:44:43","guid":{"rendered":"https:\/\/autofans.com.ar\/?p=10669"},"modified":"2025-01-14T17:18:08","modified_gmt":"2025-01-14T20:18:08","slug":"chevrolet-despliega-lo-nuevo-en-la-costa-argentina","status":"publish","type":"post","link":"https:\/\/autofans.com.ar\/index.php\/2025\/01\/14\/chevrolet-despliega-lo-nuevo-en-la-costa-argentina\/","title":{"rendered":"Chevrolet despliega lo nuevo en la costa Argentina"},"content":{"rendered":"<p>Con el inicio de 2025, Chevrolet aterriza en Caril\u00f3 con su stand en pleno centro comercial (Avellano 255 entre Benteveo y Boyero), mostrando lo mejor de su portafolio. Este espacio se convierte en un im\u00e1n para los fan\u00e1ticos de los veh\u00edculos, quienes pueden descubrir las \u00faltimas novedades de la marca, incluyendo la flamante Chevrolet Montana RS, la Nueva S10 High Country, la ic\u00f3nica Silverado y su apuesta el\u00e9ctrica, la Blazer EV.<\/p>\n<div><span style=\"color: #ffffff;\">.<\/span><\/div>\n<h2>Chevrolet Montana RS &#8211; deportividad y estilo<\/h2>\n<p><a href=\"https:\/\/autofans.com.ar\/wp-content\/uploads\/2025\/01\/Montana-MY25-Argentina.pdf\">Ficha T\u00e9cnica: Montana MY25<\/a><\/p>\n<div id='gallery-1' class='gallery galleryid-10669 gallery-columns-2 gallery-size-full'><figure class='gallery-item'>\n\t\t\t<div class='gallery-icon landscape'>\n\t\t\t\t<a href='https:\/\/autofans.com.ar\/index.php\/2025\/01\/14\/chevrolet-despliega-lo-nuevo-en-la-costa-argentina\/montana-2-2\/'><img loading=\"lazy\" width=\"1000\" height=\"667\" src=\"https:\/\/autofans.com.ar\/wp-content\/uploads\/2025\/01\/montana-2.jpg\" class=\"attachment-full size-full\" alt=\"Chevrolet\" aria-describedby=\"gallery-1-10680\" srcset=\"https:\/\/autofans.com.ar\/wp-content\/uploads\/2025\/01\/montana-2.jpg 1000w, https:\/\/autofans.com.ar\/wp-content\/uploads\/2025\/01\/montana-2-300x200.jpg 300w, https:\/\/autofans.com.ar\/wp-content\/uploads\/2025\/01\/montana-2-768x512.jpg 768w\" sizes=\"auto, (max-width: 1000px) 100vw, 1000px\" loading=\"lazy\" decoding=\"async\" \/><\/a>\n\t\t\t<\/div>\n\t\t\t\t<figcaption class='wp-caption-text gallery-caption' id='gallery-1-10680'>\n\t\t\t\tChevrolet Montana\n\t\t\t\t<\/figcaption><\/figure><figure class='gallery-item'>\n\t\t\t<div class='gallery-icon landscape'>\n\t\t\t\t<a href='https:\/\/autofans.com.ar\/index.php\/2025\/01\/14\/chevrolet-despliega-lo-nuevo-en-la-costa-argentina\/montana-3\/'><img loading=\"lazy\" width=\"1000\" height=\"667\" src=\"https:\/\/autofans.com.ar\/wp-content\/uploads\/2025\/01\/montana-3.jpg\" class=\"attachment-full size-full\" alt=\"Chevrolet\" aria-describedby=\"gallery-1-10679\" srcset=\"https:\/\/autofans.com.ar\/wp-content\/uploads\/2025\/01\/montana-3.jpg 1000w, https:\/\/autofans.com.ar\/wp-content\/uploads\/2025\/01\/montana-3-300x200.jpg 300w, https:\/\/autofans.com.ar\/wp-content\/uploads\/2025\/01\/montana-3-768x512.jpg 768w\" sizes=\"auto, (max-width: 1000px) 100vw, 1000px\" loading=\"lazy\" decoding=\"async\" \/><\/a>\n\t\t\t<\/div>\n\t\t\t\t<figcaption class='wp-caption-text gallery-caption' id='gallery-1-10679'>\n\t\t\t\tChevrolet Montana\n\t\t\t\t<\/figcaption><\/figure>\n\t\t<\/div>\n\n<p>&nbsp;<\/p>\n<p>La nueva Montana RS llega para redefinir el segmento de las pickups compactas. Con su dise\u00f1o deportivo y una est\u00e9tica diferenciada, esta versi\u00f3n combina la comodidad de un SUV con la versatilidad de una pickup, en l\u00ednea con el concepto \u00abSmart Utility Pickup\u00bb (SUP).<\/p>\n<h4>Caracter\u00edsticas destacadas:<\/h4>\n<ul data-spread=\"false\">\n<li><strong>Est\u00e9tica exterior:<\/strong> Parrilla frontal High Gloss en negro brillante, emblema \u201cBlack Bowtie\u201d, faros LED divididos, llantas de 17 pulgadas con acabado mecanizado y detalles en negro mate.<\/li>\n<li><strong>Interior deportivo:<\/strong> Asientos tapizados en cuero negro con costuras rojas, volante de base recta y detalles en negro brillante.<\/li>\n<li><strong>Equipamiento de serie:<\/strong> Wi-Fi nativo, sistema OnStar, pantalla multimedia MyLink de 8 pulgadas, seis airbags, advertencia de punto ciego y m\u00e1s.<\/li>\n<li><strong>Mec\u00e1nica eficiente:<\/strong> Motor turbo naftero 1.2 L de 132 CV con transmisi\u00f3n autom\u00e1tica de 6 velocidades, que asegura un equilibrio ideal entre potencia y consumo.<\/li>\n<\/ul>\n<p>Con un precio competitivo desde $30.344.900 para la versi\u00f3n RS, la Montana se consolida como una opci\u00f3n vers\u00e1til y sofisticada para la familia y el trabajo.<\/p>\n<div><\/div>\n<div>\n<blockquote>\n<p style=\"text-align: center;\">\u201cCon la reciente llegada de la legendaria Silverado y la renovada S10, y la Montana, que hoy estamos presentando en su versi\u00f3n deportiva RS, tenemos uno de los portafolios m\u00e1s completos de pickups, todas con motores eficientes, con alto nivel de tecnolog\u00eda y confort, adem\u00e1s de la conectividad sin igual que ofrece OnStar\u201d, remarc\u00f3 Patricio Verdura, Gerente de Marketing de Chevrolet Argentina.<\/p>\n<\/blockquote>\n<p>&nbsp;<\/p>\n<\/div>\n<h2>Nueva Chevrolet S10 &#8211; la todoterreno definitiva<\/h2>\n<p><a href=\"https:\/\/autofans.com.ar\/wp-content\/uploads\/2025\/01\/COMUNICADO-S10-VERANO-2025.docx\" target=\"_blank\" rel=\"noopener\">Ficha T\u00e9cnica: S10<\/a><\/p>\n<div id='gallery-2' class='gallery galleryid-10669 gallery-columns-2 gallery-size-full'><figure class='gallery-item'>\n\t\t\t<div class='gallery-icon landscape'>\n\t\t\t\t<a href='https:\/\/autofans.com.ar\/index.php\/2025\/01\/14\/chevrolet-despliega-lo-nuevo-en-la-costa-argentina\/s10-3\/'><img loading=\"lazy\" width=\"1000\" height=\"667\" src=\"https:\/\/autofans.com.ar\/wp-content\/uploads\/2025\/01\/s10-3.jpg\" class=\"attachment-full size-full\" alt=\"Chevrolet\" aria-describedby=\"gallery-2-10676\" srcset=\"https:\/\/autofans.com.ar\/wp-content\/uploads\/2025\/01\/s10-3.jpg 1000w, https:\/\/autofans.com.ar\/wp-content\/uploads\/2025\/01\/s10-3-300x200.jpg 300w, https:\/\/autofans.com.ar\/wp-content\/uploads\/2025\/01\/s10-3-768x512.jpg 768w\" sizes=\"auto, (max-width: 1000px) 100vw, 1000px\" loading=\"lazy\" decoding=\"async\" \/><\/a>\n\t\t\t<\/div>\n\t\t\t\t<figcaption class='wp-caption-text gallery-caption' id='gallery-2-10676'>\n\t\t\t\tChevrolet S10\n\t\t\t\t<\/figcaption><\/figure><figure class='gallery-item'>\n\t\t\t<div class='gallery-icon landscape'>\n\t\t\t\t<a href='https:\/\/autofans.com.ar\/index.php\/2025\/01\/14\/chevrolet-despliega-lo-nuevo-en-la-costa-argentina\/s10-2\/'><img loading=\"lazy\" width=\"1000\" height=\"667\" src=\"https:\/\/autofans.com.ar\/wp-content\/uploads\/2025\/01\/s10-2.jpg\" class=\"attachment-full size-full\" alt=\"Chevrolet\" aria-describedby=\"gallery-2-10677\" srcset=\"https:\/\/autofans.com.ar\/wp-content\/uploads\/2025\/01\/s10-2.jpg 1000w, https:\/\/autofans.com.ar\/wp-content\/uploads\/2025\/01\/s10-2-300x200.jpg 300w, https:\/\/autofans.com.ar\/wp-content\/uploads\/2025\/01\/s10-2-768x512.jpg 768w\" sizes=\"auto, (max-width: 1000px) 100vw, 1000px\" loading=\"lazy\" decoding=\"async\" \/><\/a>\n\t\t\t<\/div>\n\t\t\t\t<figcaption class='wp-caption-text gallery-caption' id='gallery-2-10677'>\n\t\t\t\tChevrolet S10\n\t\t\t\t<\/figcaption><\/figure>\n\t\t<\/div>\n\n<p>&nbsp;<\/p>\n<p>La Chevrolet S10 High Country se destaca en Caril\u00f3 por su capacidad todoterreno y un dise\u00f1o moderno que refuerza la identidad global de la marca. Dise\u00f1ada para conquistar los terrenos m\u00e1s desafiantes, esta pickup es ideal tanto para los m\u00e9danos como para el uso urbano.<\/p>\n<h4>Detalles clave:<\/h4>\n<ul data-spread=\"false\">\n<li><strong>Dise\u00f1o robusto:<\/strong> L\u00edneas modernas y agresivas con detalles premium.<\/li>\n<li><strong>Rendimiento todoterreno:<\/strong> Sistema de tracci\u00f3n 4&#215;4 y un motor di\u00e9sel turbo de alto desempe\u00f1o.<\/li>\n<li><strong>Tecnolog\u00eda de avanzada:<\/strong> Asistencias a la conducci\u00f3n, conectividad Wi-Fi y sistema multimedia MyLink.<\/li>\n<\/ul>\n<div><\/div>\n<div>\n<blockquote>\n<p style=\"text-align: center;\">\u201cEn el segmento de SUVs tambi\u00e9n estamos renovando uno de los modelos m\u00e1s confortables y robustos del mercado: el anticipo de Nueva Trailblazer, trae una est\u00e9tica renovada y el mejor equipamiento de confort y seguridad, adem\u00e1s de la nueva configuraci\u00f3n mec\u00e1nica acoplada a la nueva transmisi\u00f3n de 8 velocidades que brinda una experiencia de manejo m\u00e1s placentera\u201d, finaliz\u00f3 Verdura.<\/p>\n<\/blockquote>\n<\/div>\n<div><\/div>\n<h2>Blazer EV &#8211; el futuro el\u00e9ctrico<\/h2>\n<p>Chevrolet tambi\u00e9n anticipa su incursi\u00f3n en la movilidad sustentable con la presentaci\u00f3n de la Blazer EV, un SUV 100% el\u00e9ctrico que llegar\u00e1 pr\u00f3ximamente al mercado argentino. Este modelo promete ser un emblema de innovaci\u00f3n, combinando cero emisiones con el estilo y la tecnolog\u00eda que caracterizan a la marca.<\/p>\n<p>&nbsp;<\/p>\n<div id='gallery-3' class='gallery galleryid-10669 gallery-columns-2 gallery-size-full'><figure class='gallery-item'>\n\t\t\t<div class='gallery-icon landscape'>\n\t\t\t\t<a href='https:\/\/autofans.com.ar\/index.php\/2025\/01\/14\/chevrolet-despliega-lo-nuevo-en-la-costa-argentina\/blazer-1\/'><img loading=\"lazy\" width=\"1000\" height=\"667\" src=\"https:\/\/autofans.com.ar\/wp-content\/uploads\/2025\/01\/blazer-1.jpg\" class=\"attachment-full size-full\" alt=\"Chevrolet\" aria-describedby=\"gallery-3-10671\" srcset=\"https:\/\/autofans.com.ar\/wp-content\/uploads\/2025\/01\/blazer-1.jpg 1000w, https:\/\/autofans.com.ar\/wp-content\/uploads\/2025\/01\/blazer-1-300x200.jpg 300w, https:\/\/autofans.com.ar\/wp-content\/uploads\/2025\/01\/blazer-1-768x512.jpg 768w\" sizes=\"auto, (max-width: 1000px) 100vw, 1000px\" loading=\"lazy\" decoding=\"async\" \/><\/a>\n\t\t\t<\/div>\n\t\t\t\t<figcaption class='wp-caption-text gallery-caption' id='gallery-3-10671'>\n\t\t\t\tChevrolet Blazer EV\n\t\t\t\t<\/figcaption><\/figure><figure class='gallery-item'>\n\t\t\t<div class='gallery-icon landscape'>\n\t\t\t\t<a href='https:\/\/autofans.com.ar\/index.php\/2025\/01\/14\/chevrolet-despliega-lo-nuevo-en-la-costa-argentina\/blazer-2\/'><img loading=\"lazy\" width=\"1000\" height=\"667\" src=\"https:\/\/autofans.com.ar\/wp-content\/uploads\/2025\/01\/blazer-2.jpg\" class=\"attachment-full size-full\" alt=\"Chevrolet\" aria-describedby=\"gallery-3-10672\" srcset=\"https:\/\/autofans.com.ar\/wp-content\/uploads\/2025\/01\/blazer-2.jpg 1000w, https:\/\/autofans.com.ar\/wp-content\/uploads\/2025\/01\/blazer-2-300x200.jpg 300w, https:\/\/autofans.com.ar\/wp-content\/uploads\/2025\/01\/blazer-2-768x512.jpg 768w\" sizes=\"auto, (max-width: 1000px) 100vw, 1000px\" loading=\"lazy\" decoding=\"async\" \/><\/a>\n\t\t\t<\/div>\n\t\t\t\t<figcaption class='wp-caption-text gallery-caption' id='gallery-3-10672'>\n\t\t\t\tChevrolet Blazer EV\n\t\t\t\t<\/figcaption><\/figure>\n\t\t<\/div>\n\n<p>&nbsp;<\/p>\n<p>El stand de Chevrolet en Caril\u00f3 no solo es un espacio de exhibici\u00f3n, sino tambi\u00e9n un punto de encuentro para los amantes de los veh\u00edculos. Con actividades interactivas, asesoramiento especializado y exhibici\u00f3n de accesorios originales, la marca refuerza su compromiso con la calidad y la innovaci\u00f3n en cada detalle.<\/p>\n<p>&nbsp;<\/p>\n<p>&nbsp;<\/p>\n<p>&nbsp;<\/p>\n<p><i>Para enterarte de m\u00e1s novedades, no dejes de leer\u00a0<\/i><a href=\"https:\/\/autofans.thebrandsoup.com\/\"><i>nuestras notas<\/i><\/a><i>, de ver<\/i><b><i>\u00a0<\/i><\/b><a href=\"https:\/\/www.youtube.com\/channel\/UCgAC8UGHZYbT6P7PpmVnP7g\"><b><i>AUTOFANS TV<\/i><\/b><\/a><b><i>\u00a0<\/i><\/b><i>en nuestro\u00a0canal de Youtube. Adem\u00e1s seguinos en\u00a0<\/i><a href=\"https:\/\/www.instagram.com\/autofanstv\/\"><i>INSTAGRAM<\/i><\/a><i> y <\/i><a href=\"https:\/\/www.facebook.com\/autofansmas\/\"><i>FACEBOOK<\/i><\/a><i> para no perderte nada sobre las novedades del segmento automotor de Argentina y el mundo.<\/i><\/p>\n","protected":false},"excerpt":{"rendered":"<p>Con el inicio de 2025, Chevrolet aterriza en Caril\u00f3 con su stand en pleno centro&#8230;<\/p>\n","protected":false},"author":2,"featured_media":10682,"comment_status":"closed","ping_status":"closed","sticky":false,"template":"","format":"standard","meta":{"footnotes":""},"categories":[6,16],"tags":[5803,5806,5804,5230,5799,5800,5805,5801,5802,5807],"class_list":["post-10669","post","type-post","status-publish","format-standard","has-post-thumbnail","hentry","category-bizstyle","category-noticias","tag-autos-electricos-chevrolet","tag-blazer-ev-argentina","tag-chevrolet-argentina-2025","tag-chevrolet-blazer-ev","tag-chevrolet-en-carilo","tag-chevrolet-montana-rs","tag-montana-precio-argentina","tag-nueva-chevrolet-s10","tag-pickups-chevrolet","tag-silverado-high-country"],"yoast_head":"<!-- This site is optimized with the Yoast SEO plugin v27.5 - https:\/\/yoast.com\/product\/yoast-seo-wordpress\/ -->\n<title>Chevrolet despliega lo nuevo en la costa Argentina -<\/title>\n<meta name=\"description\" content=\"Con el inicio de 2025, Chevrolet aterriza en Caril\u00f3 con su stand en pleno centro comercial (Avellano 255 entre Benteveo y Boyero)...\" \/>\n<meta name=\"robots\" content=\"index, follow, max-snippet:-1, max-image-preview:large, max-video-preview:-1\" \/>\n<link rel=\"canonical\" href=\"https:\/\/autofans.com.ar\/index.php\/2025\/01\/14\/chevrolet-despliega-lo-nuevo-en-la-costa-argentina\/\" \/>\n<meta property=\"og:locale\" content=\"es_ES\" \/>\n<meta property=\"og:type\" content=\"article\" \/>\n<meta property=\"og:title\" content=\"Chevrolet despliega lo nuevo en la costa Argentina -\" \/>\n<meta property=\"og:description\" content=\"Con el inicio de 2025, Chevrolet aterriza en Caril\u00f3 con su stand en pleno centro comercial (Avellano 255 entre Benteveo y Boyero)...\" \/>\n<meta property=\"og:url\" content=\"https:\/\/autofans.com.ar\/index.php\/2025\/01\/14\/chevrolet-despliega-lo-nuevo-en-la-costa-argentina\/\" \/>\n<meta property=\"article:published_time\" content=\"2025-01-14T17:44:43+00:00\" \/>\n<meta property=\"article:modified_time\" content=\"2025-01-14T20:18:08+00:00\" \/>\n<meta property=\"og:image\" content=\"https:\/\/autofans.com.ar\/wp-content\/uploads\/2025\/01\/chevro-3.jpg\" \/>\n\t<meta property=\"og:image:width\" content=\"1000\" \/>\n\t<meta property=\"og:image:height\" content=\"667\" \/>\n\t<meta property=\"og:image:type\" content=\"image\/jpeg\" \/>\n<meta name=\"author\" content=\"Alejandro Gabriel Rosito\" \/>\n<meta name=\"twitter:card\" content=\"summary_large_image\" \/>\n<meta name=\"twitter:label1\" content=\"Escrito por\" \/>\n\t<meta name=\"twitter:data1\" content=\"Alejandro Gabriel Rosito\" \/>\n\t<meta name=\"twitter:label2\" content=\"Tiempo de lectura\" \/>\n\t<meta name=\"twitter:data2\" content=\"3 minutos\" \/>\n<script type=\"application\/ld+json\" class=\"yoast-schema-graph\">{\"@context\":\"https:\\\/\\\/schema.org\",\"@graph\":[{\"@type\":\"Article\",\"@id\":\"https:\\\/\\\/autofans.com.ar\\\/index.php\\\/2025\\\/01\\\/14\\\/chevrolet-despliega-lo-nuevo-en-la-costa-argentina\\\/#article\",\"isPartOf\":{\"@id\":\"https:\\\/\\\/autofans.com.ar\\\/index.php\\\/2025\\\/01\\\/14\\\/chevrolet-despliega-lo-nuevo-en-la-costa-argentina\\\/\"},\"author\":{\"name\":\"Alejandro Gabriel Rosito\",\"@id\":\"https:\\\/\\\/autofans.com.ar\\\/#\\\/schema\\\/person\\\/4a8dda0b6df83ac3d6723e921274c2aa\"},\"headline\":\"Chevrolet despliega lo nuevo en la costa Argentina\",\"datePublished\":\"2025-01-14T17:44:43+00:00\",\"dateModified\":\"2025-01-14T20:18:08+00:00\",\"mainEntityOfPage\":{\"@id\":\"https:\\\/\\\/autofans.com.ar\\\/index.php\\\/2025\\\/01\\\/14\\\/chevrolet-despliega-lo-nuevo-en-la-costa-argentina\\\/\"},\"wordCount\":683,\"image\":{\"@id\":\"https:\\\/\\\/autofans.com.ar\\\/index.php\\\/2025\\\/01\\\/14\\\/chevrolet-despliega-lo-nuevo-en-la-costa-argentina\\\/#primaryimage\"},\"thumbnailUrl\":\"https:\\\/\\\/autofans.com.ar\\\/wp-content\\\/uploads\\\/2025\\\/01\\\/chevro-3.jpg\",\"keywords\":[\"autos el\u00e9ctricos Chevrolet\",\"Blazer EV Argentina\",\"Chevrolet Argentina 2025\",\"Chevrolet Blazer EV\",\"Chevrolet en Caril\u00f3\",\"Chevrolet Montana RS\",\"Montana precio Argentina\",\"Nueva Chevrolet S10\",\"pickups Chevrolet\",\"Silverado High Country\"],\"articleSection\":[\"BIZSTYLE\",\"NOTICIAS\"],\"inLanguage\":\"es\"},{\"@type\":\"WebPage\",\"@id\":\"https:\\\/\\\/autofans.com.ar\\\/index.php\\\/2025\\\/01\\\/14\\\/chevrolet-despliega-lo-nuevo-en-la-costa-argentina\\\/\",\"url\":\"https:\\\/\\\/autofans.com.ar\\\/index.php\\\/2025\\\/01\\\/14\\\/chevrolet-despliega-lo-nuevo-en-la-costa-argentina\\\/\",\"name\":\"Chevrolet despliega lo nuevo en la costa Argentina -\",\"isPartOf\":{\"@id\":\"https:\\\/\\\/autofans.com.ar\\\/#website\"},\"primaryImageOfPage\":{\"@id\":\"https:\\\/\\\/autofans.com.ar\\\/index.php\\\/2025\\\/01\\\/14\\\/chevrolet-despliega-lo-nuevo-en-la-costa-argentina\\\/#primaryimage\"},\"image\":{\"@id\":\"https:\\\/\\\/autofans.com.ar\\\/index.php\\\/2025\\\/01\\\/14\\\/chevrolet-despliega-lo-nuevo-en-la-costa-argentina\\\/#primaryimage\"},\"thumbnailUrl\":\"https:\\\/\\\/autofans.com.ar\\\/wp-content\\\/uploads\\\/2025\\\/01\\\/chevro-3.jpg\",\"datePublished\":\"2025-01-14T17:44:43+00:00\",\"dateModified\":\"2025-01-14T20:18:08+00:00\",\"author\":{\"@id\":\"https:\\\/\\\/autofans.com.ar\\\/#\\\/schema\\\/person\\\/4a8dda0b6df83ac3d6723e921274c2aa\"},\"description\":\"Con el inicio de 2025, Chevrolet aterriza en Caril\u00f3 con su stand en pleno centro comercial (Avellano 255 entre Benteveo y Boyero)...\",\"breadcrumb\":{\"@id\":\"https:\\\/\\\/autofans.com.ar\\\/index.php\\\/2025\\\/01\\\/14\\\/chevrolet-despliega-lo-nuevo-en-la-costa-argentina\\\/#breadcrumb\"},\"inLanguage\":\"es\",\"potentialAction\":[{\"@type\":\"ReadAction\",\"target\":[\"https:\\\/\\\/autofans.com.ar\\\/index.php\\\/2025\\\/01\\\/14\\\/chevrolet-despliega-lo-nuevo-en-la-costa-argentina\\\/\"]}]},{\"@type\":\"ImageObject\",\"inLanguage\":\"es\",\"@id\":\"https:\\\/\\\/autofans.com.ar\\\/index.php\\\/2025\\\/01\\\/14\\\/chevrolet-despliega-lo-nuevo-en-la-costa-argentina\\\/#primaryimage\",\"url\":\"https:\\\/\\\/autofans.com.ar\\\/wp-content\\\/uploads\\\/2025\\\/01\\\/chevro-3.jpg\",\"contentUrl\":\"https:\\\/\\\/autofans.com.ar\\\/wp-content\\\/uploads\\\/2025\\\/01\\\/chevro-3.jpg\",\"width\":1000,\"height\":667},{\"@type\":\"BreadcrumbList\",\"@id\":\"https:\\\/\\\/autofans.com.ar\\\/index.php\\\/2025\\\/01\\\/14\\\/chevrolet-despliega-lo-nuevo-en-la-costa-argentina\\\/#breadcrumb\",\"itemListElement\":[{\"@type\":\"ListItem\",\"position\":1,\"name\":\"Inicio\",\"item\":\"https:\\\/\\\/autofans.com.ar\\\/\"},{\"@type\":\"ListItem\",\"position\":2,\"name\":\"Chevrolet despliega lo nuevo en la costa Argentina\"}]},{\"@type\":\"WebSite\",\"@id\":\"https:\\\/\\\/autofans.com.ar\\\/#website\",\"url\":\"https:\\\/\\\/autofans.com.ar\\\/\",\"name\":\"\",\"description\":\"El multimedio referente de la industria automotriz\",\"potentialAction\":[{\"@type\":\"SearchAction\",\"target\":{\"@type\":\"EntryPoint\",\"urlTemplate\":\"https:\\\/\\\/autofans.com.ar\\\/?s={search_term_string}\"},\"query-input\":{\"@type\":\"PropertyValueSpecification\",\"valueRequired\":true,\"valueName\":\"search_term_string\"}}],\"inLanguage\":\"es\"},{\"@type\":\"Person\",\"@id\":\"https:\\\/\\\/autofans.com.ar\\\/#\\\/schema\\\/person\\\/4a8dda0b6df83ac3d6723e921274c2aa\",\"name\":\"Alejandro Gabriel Rosito\",\"image\":{\"@type\":\"ImageObject\",\"inLanguage\":\"es\",\"@id\":\"https:\\\/\\\/secure.gravatar.com\\\/avatar\\\/16c5dda1489adfc62618084dcbb91cffd879c374b13fe5dd8e44ed6733852c88?s=96&d=mm&r=g\",\"url\":\"https:\\\/\\\/secure.gravatar.com\\\/avatar\\\/16c5dda1489adfc62618084dcbb91cffd879c374b13fe5dd8e44ed6733852c88?s=96&d=mm&r=g\",\"contentUrl\":\"https:\\\/\\\/secure.gravatar.com\\\/avatar\\\/16c5dda1489adfc62618084dcbb91cffd879c374b13fe5dd8e44ed6733852c88?s=96&d=mm&r=g\",\"caption\":\"Alejandro Gabriel Rosito\"},\"url\":\"https:\\\/\\\/autofans.com.ar\\\/index.php\\\/author\\\/gabrielr\\\/\"}]}<\/script>\n<!-- \/ Yoast SEO plugin. -->","yoast_head_json":{"title":"Chevrolet despliega lo nuevo en la costa Argentina -","description":"Con el inicio de 2025, Chevrolet aterriza en Caril\u00f3 con su stand en pleno centro comercial (Avellano 255 entre Benteveo y Boyero)...","robots":{"index":"index","follow":"follow","max-snippet":"max-snippet:-1","max-image-preview":"max-image-preview:large","max-video-preview":"max-video-preview:-1"},"canonical":"https:\/\/autofans.com.ar\/index.php\/2025\/01\/14\/chevrolet-despliega-lo-nuevo-en-la-costa-argentina\/","og_locale":"es_ES","og_type":"article","og_title":"Chevrolet despliega lo nuevo en la costa Argentina -","og_description":"Con el inicio de 2025, Chevrolet aterriza en Caril\u00f3 con su stand en pleno centro comercial (Avellano 255 entre Benteveo y Boyero)...","og_url":"https:\/\/autofans.com.ar\/index.php\/2025\/01\/14\/chevrolet-despliega-lo-nuevo-en-la-costa-argentina\/","article_published_time":"2025-01-14T17:44:43+00:00","article_modified_time":"2025-01-14T20:18:08+00:00","og_image":[{"width":1000,"height":667,"url":"https:\/\/autofans.com.ar\/wp-content\/uploads\/2025\/01\/chevro-3.jpg","type":"image\/jpeg"}],"author":"Alejandro Gabriel Rosito","twitter_card":"summary_large_image","twitter_misc":{"Escrito por":"Alejandro Gabriel Rosito","Tiempo de lectura":"3 minutos"},"schema":{"@context":"https:\/\/schema.org","@graph":[{"@type":"Article","@id":"https:\/\/autofans.com.ar\/index.php\/2025\/01\/14\/chevrolet-despliega-lo-nuevo-en-la-costa-argentina\/#article","isPartOf":{"@id":"https:\/\/autofans.com.ar\/index.php\/2025\/01\/14\/chevrolet-despliega-lo-nuevo-en-la-costa-argentina\/"},"author":{"name":"Alejandro Gabriel Rosito","@id":"https:\/\/autofans.com.ar\/#\/schema\/person\/4a8dda0b6df83ac3d6723e921274c2aa"},"headline":"Chevrolet despliega lo nuevo en la costa Argentina","datePublished":"2025-01-14T17:44:43+00:00","dateModified":"2025-01-14T20:18:08+00:00","mainEntityOfPage":{"@id":"https:\/\/autofans.com.ar\/index.php\/2025\/01\/14\/chevrolet-despliega-lo-nuevo-en-la-costa-argentina\/"},"wordCount":683,"image":{"@id":"https:\/\/autofans.com.ar\/index.php\/2025\/01\/14\/chevrolet-despliega-lo-nuevo-en-la-costa-argentina\/#primaryimage"},"thumbnailUrl":"https:\/\/autofans.com.ar\/wp-content\/uploads\/2025\/01\/chevro-3.jpg","keywords":["autos el\u00e9ctricos Chevrolet","Blazer EV Argentina","Chevrolet Argentina 2025","Chevrolet Blazer EV","Chevrolet en Caril\u00f3","Chevrolet Montana RS","Montana precio Argentina","Nueva Chevrolet S10","pickups Chevrolet","Silverado High Country"],"articleSection":["BIZSTYLE","NOTICIAS"],"inLanguage":"es"},{"@type":"WebPage","@id":"https:\/\/autofans.com.ar\/index.php\/2025\/01\/14\/chevrolet-despliega-lo-nuevo-en-la-costa-argentina\/","url":"https:\/\/autofans.com.ar\/index.php\/2025\/01\/14\/chevrolet-despliega-lo-nuevo-en-la-costa-argentina\/","name":"Chevrolet despliega lo nuevo en la costa Argentina -","isPartOf":{"@id":"https:\/\/autofans.com.ar\/#website"},"primaryImageOfPage":{"@id":"https:\/\/autofans.com.ar\/index.php\/2025\/01\/14\/chevrolet-despliega-lo-nuevo-en-la-costa-argentina\/#primaryimage"},"image":{"@id":"https:\/\/autofans.com.ar\/index.php\/2025\/01\/14\/chevrolet-despliega-lo-nuevo-en-la-costa-argentina\/#primaryimage"},"thumbnailUrl":"https:\/\/autofans.com.ar\/wp-content\/uploads\/2025\/01\/chevro-3.jpg","datePublished":"2025-01-14T17:44:43+00:00","dateModified":"2025-01-14T20:18:08+00:00","author":{"@id":"https:\/\/autofans.com.ar\/#\/schema\/person\/4a8dda0b6df83ac3d6723e921274c2aa"},"description":"Con el inicio de 2025, Chevrolet aterriza en Caril\u00f3 con su stand en pleno centro comercial (Avellano 255 entre Benteveo y Boyero)...","breadcrumb":{"@id":"https:\/\/autofans.com.ar\/index.php\/2025\/01\/14\/chevrolet-despliega-lo-nuevo-en-la-costa-argentina\/#breadcrumb"},"inLanguage":"es","potentialAction":[{"@type":"ReadAction","target":["https:\/\/autofans.com.ar\/index.php\/2025\/01\/14\/chevrolet-despliega-lo-nuevo-en-la-costa-argentina\/"]}]},{"@type":"ImageObject","inLanguage":"es","@id":"https:\/\/autofans.com.ar\/index.php\/2025\/01\/14\/chevrolet-despliega-lo-nuevo-en-la-costa-argentina\/#primaryimage","url":"https:\/\/autofans.com.ar\/wp-content\/uploads\/2025\/01\/chevro-3.jpg","contentUrl":"https:\/\/autofans.com.ar\/wp-content\/uploads\/2025\/01\/chevro-3.jpg","width":1000,"height":667},{"@type":"BreadcrumbList","@id":"https:\/\/autofans.com.ar\/index.php\/2025\/01\/14\/chevrolet-despliega-lo-nuevo-en-la-costa-argentina\/#breadcrumb","itemListElement":[{"@type":"ListItem","position":1,"name":"Inicio","item":"https:\/\/autofans.com.ar\/"},{"@type":"ListItem","position":2,"name":"Chevrolet despliega lo nuevo en la costa Argentina"}]},{"@type":"WebSite","@id":"https:\/\/autofans.com.ar\/#website","url":"https:\/\/autofans.com.ar\/","name":"","description":"El multimedio referente de la industria automotriz","potentialAction":[{"@type":"SearchAction","target":{"@type":"EntryPoint","urlTemplate":"https:\/\/autofans.com.ar\/?s={search_term_string}"},"query-input":{"@type":"PropertyValueSpecification","valueRequired":true,"valueName":"search_term_string"}}],"inLanguage":"es"},{"@type":"Person","@id":"https:\/\/autofans.com.ar\/#\/schema\/person\/4a8dda0b6df83ac3d6723e921274c2aa","name":"Alejandro Gabriel Rosito","image":{"@type":"ImageObject","inLanguage":"es","@id":"https:\/\/secure.gravatar.com\/avatar\/16c5dda1489adfc62618084dcbb91cffd879c374b13fe5dd8e44ed6733852c88?s=96&d=mm&r=g","url":"https:\/\/secure.gravatar.com\/avatar\/16c5dda1489adfc62618084dcbb91cffd879c374b13fe5dd8e44ed6733852c88?s=96&d=mm&r=g","contentUrl":"https:\/\/secure.gravatar.com\/avatar\/16c5dda1489adfc62618084dcbb91cffd879c374b13fe5dd8e44ed6733852c88?s=96&d=mm&r=g","caption":"Alejandro Gabriel Rosito"},"url":"https:\/\/autofans.com.ar\/index.php\/author\/gabrielr\/"}]}},"featured_image_urls":{"full":["https:\/\/autofans.com.ar\/wp-content\/uploads\/2025\/01\/chevro-3.jpg",1000,667,false],"thumbnail":["https:\/\/autofans.com.ar\/wp-content\/uploads\/2025\/01\/chevro-3-150x150.jpg",150,150,true],"medium":["https:\/\/autofans.com.ar\/wp-content\/uploads\/2025\/01\/chevro-3-300x200.jpg",300,200,true],"medium_large":["https:\/\/autofans.com.ar\/wp-content\/uploads\/2025\/01\/chevro-3-768x512.jpg",640,427,true],"large":["https:\/\/autofans.com.ar\/wp-content\/uploads\/2025\/01\/chevro-3.jpg",640,427,false],"1536x1536":["https:\/\/autofans.com.ar\/wp-content\/uploads\/2025\/01\/chevro-3.jpg",1000,667,false],"2048x2048":["https:\/\/autofans.com.ar\/wp-content\/uploads\/2025\/01\/chevro-3.jpg",1000,667,false],"covernews-featured":["https:\/\/autofans.com.ar\/wp-content\/uploads\/2025\/01\/chevro-3.jpg",1000,667,false],"covernews-medium":["https:\/\/autofans.com.ar\/wp-content\/uploads\/2025\/01\/chevro-3-540x340.jpg",540,340,true]},"author_info":{"display_name":"Alejandro Gabriel Rosito","author_link":"https:\/\/autofans.com.ar\/index.php\/author\/gabrielr\/"},"category_info":"<a href=\"https:\/\/autofans.com.ar\/index.php\/category\/noticias\/bizstyle\/\" rel=\"category tag\">BIZSTYLE<\/a> <a href=\"https:\/\/autofans.com.ar\/index.php\/category\/noticias\/\" rel=\"category tag\">NOTICIAS<\/a>","tag_info":"NOTICIAS","comment_count":0,"_links":{"self":[{"href":"https:\/\/autofans.com.ar\/index.php\/wp-json\/wp\/v2\/posts\/10669","targetHints":{"allow":["GET"]}}],"collection":[{"href":"https:\/\/autofans.com.ar\/index.php\/wp-json\/wp\/v2\/posts"}],"about":[{"href":"https:\/\/autofans.com.ar\/index.php\/wp-json\/wp\/v2\/types\/post"}],"author":[{"embeddable":true,"href":"https:\/\/autofans.com.ar\/index.php\/wp-json\/wp\/v2\/users\/2"}],"replies":[{"embeddable":true,"href":"https:\/\/autofans.com.ar\/index.php\/wp-json\/wp\/v2\/comments?post=10669"}],"version-history":[{"count":8,"href":"https:\/\/autofans.com.ar\/index.php\/wp-json\/wp\/v2\/posts\/10669\/revisions"}],"predecessor-version":[{"id":10693,"href":"https:\/\/autofans.com.ar\/index.php\/wp-json\/wp\/v2\/posts\/10669\/revisions\/10693"}],"wp:featuredmedia":[{"embeddable":true,"href":"https:\/\/autofans.com.ar\/index.php\/wp-json\/wp\/v2\/media\/10682"}],"wp:attachment":[{"href":"https:\/\/autofans.com.ar\/index.php\/wp-json\/wp\/v2\/media?parent=10669"}],"wp:term":[{"taxonomy":"category","embeddable":true,"href":"https:\/\/autofans.com.ar\/index.php\/wp-json\/wp\/v2\/categories?post=10669"},{"taxonomy":"post_tag","embeddable":true,"href":"https:\/\/autofans.com.ar\/index.php\/wp-json\/wp\/v2\/tags?post=10669"}],"curies":[{"name":"wp","href":"https:\/\/api.w.org\/{rel}","templated":true}]}}