{"id":10694,"date":"2025-01-14T20:20:40","date_gmt":"2025-01-14T23:20:40","guid":{"rendered":"https:\/\/autofans.com.ar\/?p=10694"},"modified":"2025-01-14T20:20:40","modified_gmt":"2025-01-14T23:20:40","slug":"nuevo-citroen-c3-you","status":"publish","type":"post","link":"https:\/\/autofans.com.ar\/index.php\/2025\/01\/14\/nuevo-citroen-c3-you\/","title":{"rendered":"Nuevo Citro\u00ebn C3 YOU!"},"content":{"rendered":"<p>Citro\u00ebn, parte del grupo Stellantis, ampl\u00eda la familia C-Cubo en Argentina con el lanzamiento del Nuevo Citro\u00ebn C3 YOU!, una versi\u00f3n renovada de su exitoso hatch con actitud SUV. Fabricado en Sudam\u00e9rica, este modelo combina potencia, dise\u00f1o exclusivo y accesibilidad, posicion\u00e1ndose como una opci\u00f3n ideal para quienes buscan tecnolog\u00eda y estilo en un veh\u00edculo compacto.<\/p>\n<p>&nbsp;<\/p>\n<h2>Nuevo C3 YOU! con motor Turbo T20<\/h2>\n<p><a href=\"https:\/\/autofans.com.ar\/wp-content\/uploads\/2025\/01\/2501_ft_c3_you-678119a1c348d.pdf\" target=\"_blank\" rel=\"noopener\">Ficha T\u00e9cnica: Citro\u00ebn C3 YOU!<\/a><\/p>\n<div id='gallery-1' class='gallery galleryid-10694 gallery-columns-2 gallery-size-full'><figure class='gallery-item'>\n\t\t\t<div class='gallery-icon landscape'>\n\t\t\t\t<a href='https:\/\/autofans.com.ar\/index.php\/2025\/01\/14\/nuevo-citroen-c3-you\/c3-6\/'><img loading=\"lazy\" width=\"1000\" height=\"667\" src=\"https:\/\/autofans.com.ar\/wp-content\/uploads\/2025\/01\/c3-6.jpg\" class=\"attachment-full size-full\" alt=\"C3 YOU!\" srcset=\"https:\/\/autofans.com.ar\/wp-content\/uploads\/2025\/01\/c3-6.jpg 1000w, https:\/\/autofans.com.ar\/wp-content\/uploads\/2025\/01\/c3-6-300x200.jpg 300w, https:\/\/autofans.com.ar\/wp-content\/uploads\/2025\/01\/c3-6-768x512.jpg 768w\" sizes=\"auto, (max-width: 1000px) 100vw, 1000px\" loading=\"lazy\" decoding=\"async\" \/><\/a>\n\t\t\t<\/div><\/figure><figure class='gallery-item'>\n\t\t\t<div class='gallery-icon landscape'>\n\t\t\t\t<a href='https:\/\/autofans.com.ar\/index.php\/2025\/01\/14\/nuevo-citroen-c3-you\/c3-1\/'><img loading=\"lazy\" width=\"1000\" height=\"667\" src=\"https:\/\/autofans.com.ar\/wp-content\/uploads\/2025\/01\/c3-1.jpg\" class=\"attachment-full size-full\" alt=\"C3 YOU!\" srcset=\"https:\/\/autofans.com.ar\/wp-content\/uploads\/2025\/01\/c3-1.jpg 1000w, https:\/\/autofans.com.ar\/wp-content\/uploads\/2025\/01\/c3-1-300x200.jpg 300w, https:\/\/autofans.com.ar\/wp-content\/uploads\/2025\/01\/c3-1-768x512.jpg 768w\" sizes=\"auto, (max-width: 1000px) 100vw, 1000px\" loading=\"lazy\" decoding=\"async\" \/><\/a>\n\t\t\t<\/div><\/figure>\n\t\t<\/div>\n\n<p>&nbsp;<\/p>\n<p>El C3 YOU! estrena el motor Turbo T200, galardonado por su rendimiento y eficiencia, que entrega 120 CV y 200 Nm de torque. Este motopropulsor, desarrollado en el Centro Tecnol\u00f3gico Stellantis en Sudam\u00e9rica, se acopla a una caja autom\u00e1tica CVT de 7 velocidades con tres modos de conducci\u00f3n: Drive, Sport y Manual. Adem\u00e1s, incorpora ajustes espec\u00edficos en la suspensi\u00f3n, direcci\u00f3n y frenos, garantizando una experiencia de manejo \u00e1gil y din\u00e1mica.<\/p>\n<p>&nbsp;<\/p>\n<h2>Dise\u00f1o con personalidad \u00fanica<\/h2>\n<p>&nbsp;<\/p>\n<div id='gallery-2' class='gallery galleryid-10694 gallery-columns-2 gallery-size-full'><figure class='gallery-item'>\n\t\t\t<div class='gallery-icon landscape'>\n\t\t\t\t<a href='https:\/\/autofans.com.ar\/index.php\/2025\/01\/14\/nuevo-citroen-c3-you\/c3-5\/'><img loading=\"lazy\" width=\"1000\" height=\"667\" src=\"https:\/\/autofans.com.ar\/wp-content\/uploads\/2025\/01\/c3-5.jpg\" class=\"attachment-full size-full\" alt=\"C3 YOU!\" srcset=\"https:\/\/autofans.com.ar\/wp-content\/uploads\/2025\/01\/c3-5.jpg 1000w, https:\/\/autofans.com.ar\/wp-content\/uploads\/2025\/01\/c3-5-300x200.jpg 300w, https:\/\/autofans.com.ar\/wp-content\/uploads\/2025\/01\/c3-5-768x512.jpg 768w\" sizes=\"auto, (max-width: 1000px) 100vw, 1000px\" loading=\"lazy\" decoding=\"async\" \/><\/a>\n\t\t\t<\/div><\/figure><figure class='gallery-item'>\n\t\t\t<div class='gallery-icon landscape'>\n\t\t\t\t<a href='https:\/\/autofans.com.ar\/index.php\/2025\/01\/14\/nuevo-citroen-c3-you\/c3-2\/'><img loading=\"lazy\" width=\"1000\" height=\"667\" src=\"https:\/\/autofans.com.ar\/wp-content\/uploads\/2025\/01\/c3-2.jpg\" class=\"attachment-full size-full\" alt=\"C3 YOU!\" srcset=\"https:\/\/autofans.com.ar\/wp-content\/uploads\/2025\/01\/c3-2.jpg 1000w, https:\/\/autofans.com.ar\/wp-content\/uploads\/2025\/01\/c3-2-300x200.jpg 300w, https:\/\/autofans.com.ar\/wp-content\/uploads\/2025\/01\/c3-2-768x512.jpg 768w\" sizes=\"auto, (max-width: 1000px) 100vw, 1000px\" loading=\"lazy\" decoding=\"async\" \/><\/a>\n\t\t\t<\/div><\/figure>\n\t\t<\/div>\n\n<p>&nbsp;<\/p>\n<p>Esta versi\u00f3n incluye detalles exclusivos que resaltan su car\u00e1cter distintivo:<\/p>\n<ul>\n<li>Tapizados de cuero con detalles en azul esmeralda.<\/li>\n<li>Alfombras bordadas con el logo YOU!<\/li>\n<li>Molduras personalizadas en faros rompenieblas y z\u00f3calos.<\/li>\n<li>Carrocer\u00eda bitono con techo negro de serie y opciones en Gris Artense, Gris Grafito y Blanco Banquise.<\/li>\n<\/ul>\n<p>Las llantas de color negro brillante y las insignias YOU! y Turbo 200 completan el dise\u00f1o exterior, destacando el motor turbo como uno de sus principales atractivos.<\/p>\n<p>&nbsp;<\/p>\n<h2>Precio competitivo<\/h2>\n<p>&nbsp;<\/p>\n<p><img fetchpriority=\"high\" decoding=\"async\" class=\"aligncenter wp-image-10699 size-full\" src=\"https:\/\/autofans.com.ar\/wp-content\/uploads\/2025\/01\/c3-4.jpg\" alt=\"C3 YOU!\" width=\"1000\" height=\"667\" srcset=\"https:\/\/autofans.com.ar\/wp-content\/uploads\/2025\/01\/c3-4.jpg 1000w, https:\/\/autofans.com.ar\/wp-content\/uploads\/2025\/01\/c3-4-300x200.jpg 300w, https:\/\/autofans.com.ar\/wp-content\/uploads\/2025\/01\/c3-4-768x512.jpg 768w\" sizes=\"(max-width: 1000px) 100vw, 1000px\" \/><\/p>\n<p>&nbsp;<\/p>\n<p>Con un precio de $24.740.000, el Nuevo Citro\u00ebn C3 YOU! se presenta como el veh\u00edculo con motorizaci\u00f3n turbo m\u00e1s accesible dentro del segmento de los hatch compactos.<\/p>\n<p>Disponible en concesionarios de todo el pa\u00eds, este modelo combina tecnolog\u00eda, rendimiento y estilo, consolid\u00e1ndose como una alternativa innovadora para el p\u00fablico argentino.<\/p>\n<p>&nbsp;<\/p>\n<p>&nbsp;<\/p>\n<p><i>Para enterarte de m\u00e1s novedades, no dejes de leer\u00a0<\/i><a href=\"https:\/\/autofans.thebrandsoup.com\/\"><i>nuestras notas<\/i><\/a><i>, de ver<\/i><b><i>\u00a0<\/i><\/b><a href=\"https:\/\/www.youtube.com\/channel\/UCgAC8UGHZYbT6P7PpmVnP7g\"><b><i>AUTOFANS TV<\/i><\/b><\/a><b><i>\u00a0<\/i><\/b><i>en nuestro\u00a0canal de Youtube. Adem\u00e1s seguinos en\u00a0<\/i><a href=\"https:\/\/www.instagram.com\/autofanstv\/\"><i>INSTAGRAM<\/i><\/a><i> y <\/i><a href=\"https:\/\/www.facebook.com\/autofansmas\/\"><i>FACEBOOK<\/i><\/a><i> para no perderte nada sobre las novedades del segmento automotor de Argentina y el mundo.<\/i><\/p>\n","protected":false},"excerpt":{"rendered":"<p>Citro\u00ebn, parte del grupo Stellantis, ampl\u00eda la familia C-Cubo en Argentina con el lanzamiento del&#8230;<\/p>\n","protected":false},"author":2,"featured_media":10700,"comment_status":"closed","ping_status":"closed","sticky":false,"template":"","format":"standard","meta":{"footnotes":""},"categories":[8,1],"tags":[5808,5813,5811,5812,5810,5809],"class_list":["post-10694","post","type-post","status-publish","format-standard","has-post-thumbnail","hentry","category-autos-y-suv","category-lanzamientos","tag-citroen-c3-you","tag-citroen-c3-you-precio","tag-citroen-hatch-compacto","tag-diseno-bitono-citroen","tag-motor-turbo-t200","tag-nuevo-citroen-c3-you-argentina"],"yoast_head":"<!-- This site is optimized with the Yoast SEO plugin v27.5 - https:\/\/yoast.com\/product\/yoast-seo-wordpress\/ -->\n<title>Nuevo Citro\u00ebn C3 YOU! -<\/title>\n<meta name=\"description\" content=\"Citro\u00ebn, parte del grupo Stellantis, ampl\u00eda la familia C-Cubo en Argentina con el lanzamiento del Citro\u00ebn C3 YOU!. Fabricado en Sudam\u00e9rica...\" \/>\n<meta name=\"robots\" content=\"index, follow, max-snippet:-1, max-image-preview:large, max-video-preview:-1\" \/>\n<link rel=\"canonical\" href=\"https:\/\/autofans.com.ar\/index.php\/2025\/01\/14\/nuevo-citroen-c3-you\/\" \/>\n<meta property=\"og:locale\" content=\"es_ES\" \/>\n<meta property=\"og:type\" content=\"article\" \/>\n<meta property=\"og:title\" content=\"Nuevo Citro\u00ebn C3 YOU! -\" \/>\n<meta property=\"og:description\" content=\"Citro\u00ebn, parte del grupo Stellantis, ampl\u00eda la familia C-Cubo en Argentina con el lanzamiento del Citro\u00ebn C3 YOU!. Fabricado en Sudam\u00e9rica...\" \/>\n<meta property=\"og:url\" content=\"https:\/\/autofans.com.ar\/index.php\/2025\/01\/14\/nuevo-citroen-c3-you\/\" \/>\n<meta property=\"article:published_time\" content=\"2025-01-14T23:20:40+00:00\" \/>\n<meta property=\"og:image\" content=\"https:\/\/autofans.com.ar\/wp-content\/uploads\/2025\/01\/c3-3.jpg\" \/>\n\t<meta property=\"og:image:width\" content=\"1000\" \/>\n\t<meta property=\"og:image:height\" content=\"667\" \/>\n\t<meta property=\"og:image:type\" content=\"image\/jpeg\" \/>\n<meta name=\"author\" content=\"Alejandro Gabriel Rosito\" \/>\n<meta name=\"twitter:card\" content=\"summary_large_image\" \/>\n<meta name=\"twitter:label1\" content=\"Escrito por\" \/>\n\t<meta name=\"twitter:data1\" content=\"Alejandro Gabriel Rosito\" \/>\n\t<meta name=\"twitter:label2\" content=\"Tiempo de lectura\" \/>\n\t<meta name=\"twitter:data2\" content=\"2 minutos\" \/>\n<script type=\"application\/ld+json\" class=\"yoast-schema-graph\">{\"@context\":\"https:\\\/\\\/schema.org\",\"@graph\":[{\"@type\":\"Article\",\"@id\":\"https:\\\/\\\/autofans.com.ar\\\/index.php\\\/2025\\\/01\\\/14\\\/nuevo-citroen-c3-you\\\/#article\",\"isPartOf\":{\"@id\":\"https:\\\/\\\/autofans.com.ar\\\/index.php\\\/2025\\\/01\\\/14\\\/nuevo-citroen-c3-you\\\/\"},\"author\":{\"name\":\"Alejandro Gabriel Rosito\",\"@id\":\"https:\\\/\\\/autofans.com.ar\\\/#\\\/schema\\\/person\\\/4a8dda0b6df83ac3d6723e921274c2aa\"},\"headline\":\"Nuevo Citro\u00ebn C3 YOU!\",\"datePublished\":\"2025-01-14T23:20:40+00:00\",\"mainEntityOfPage\":{\"@id\":\"https:\\\/\\\/autofans.com.ar\\\/index.php\\\/2025\\\/01\\\/14\\\/nuevo-citroen-c3-you\\\/\"},\"wordCount\":366,\"image\":{\"@id\":\"https:\\\/\\\/autofans.com.ar\\\/index.php\\\/2025\\\/01\\\/14\\\/nuevo-citroen-c3-you\\\/#primaryimage\"},\"thumbnailUrl\":\"https:\\\/\\\/autofans.com.ar\\\/wp-content\\\/uploads\\\/2025\\\/01\\\/c3-3.jpg\",\"keywords\":[\"Citro\u00ebn C3 YOU!\",\"Citro\u00ebn C3 YOU! precio\",\"Citro\u00ebn hatch compacto\",\"dise\u00f1o bitono Citro\u00ebn\",\"motor Turbo T200\",\"nuevo Citro\u00ebn C3 YOU! Argentina\"],\"articleSection\":[\"Autos y SUV\",\"LANZAMIENTOS\"],\"inLanguage\":\"es\"},{\"@type\":\"WebPage\",\"@id\":\"https:\\\/\\\/autofans.com.ar\\\/index.php\\\/2025\\\/01\\\/14\\\/nuevo-citroen-c3-you\\\/\",\"url\":\"https:\\\/\\\/autofans.com.ar\\\/index.php\\\/2025\\\/01\\\/14\\\/nuevo-citroen-c3-you\\\/\",\"name\":\"Nuevo Citro\u00ebn C3 YOU! -\",\"isPartOf\":{\"@id\":\"https:\\\/\\\/autofans.com.ar\\\/#website\"},\"primaryImageOfPage\":{\"@id\":\"https:\\\/\\\/autofans.com.ar\\\/index.php\\\/2025\\\/01\\\/14\\\/nuevo-citroen-c3-you\\\/#primaryimage\"},\"image\":{\"@id\":\"https:\\\/\\\/autofans.com.ar\\\/index.php\\\/2025\\\/01\\\/14\\\/nuevo-citroen-c3-you\\\/#primaryimage\"},\"thumbnailUrl\":\"https:\\\/\\\/autofans.com.ar\\\/wp-content\\\/uploads\\\/2025\\\/01\\\/c3-3.jpg\",\"datePublished\":\"2025-01-14T23:20:40+00:00\",\"author\":{\"@id\":\"https:\\\/\\\/autofans.com.ar\\\/#\\\/schema\\\/person\\\/4a8dda0b6df83ac3d6723e921274c2aa\"},\"description\":\"Citro\u00ebn, parte del grupo Stellantis, ampl\u00eda la familia C-Cubo en Argentina con el lanzamiento del Citro\u00ebn C3 YOU!. Fabricado en Sudam\u00e9rica...\",\"breadcrumb\":{\"@id\":\"https:\\\/\\\/autofans.com.ar\\\/index.php\\\/2025\\\/01\\\/14\\\/nuevo-citroen-c3-you\\\/#breadcrumb\"},\"inLanguage\":\"es\",\"potentialAction\":[{\"@type\":\"ReadAction\",\"target\":[\"https:\\\/\\\/autofans.com.ar\\\/index.php\\\/2025\\\/01\\\/14\\\/nuevo-citroen-c3-you\\\/\"]}]},{\"@type\":\"ImageObject\",\"inLanguage\":\"es\",\"@id\":\"https:\\\/\\\/autofans.com.ar\\\/index.php\\\/2025\\\/01\\\/14\\\/nuevo-citroen-c3-you\\\/#primaryimage\",\"url\":\"https:\\\/\\\/autofans.com.ar\\\/wp-content\\\/uploads\\\/2025\\\/01\\\/c3-3.jpg\",\"contentUrl\":\"https:\\\/\\\/autofans.com.ar\\\/wp-content\\\/uploads\\\/2025\\\/01\\\/c3-3.jpg\",\"width\":1000,\"height\":667,\"caption\":\"C3 YOU!\"},{\"@type\":\"BreadcrumbList\",\"@id\":\"https:\\\/\\\/autofans.com.ar\\\/index.php\\\/2025\\\/01\\\/14\\\/nuevo-citroen-c3-you\\\/#breadcrumb\",\"itemListElement\":[{\"@type\":\"ListItem\",\"position\":1,\"name\":\"Inicio\",\"item\":\"https:\\\/\\\/autofans.com.ar\\\/\"},{\"@type\":\"ListItem\",\"position\":2,\"name\":\"Nuevo Citro\u00ebn C3 YOU!\"}]},{\"@type\":\"WebSite\",\"@id\":\"https:\\\/\\\/autofans.com.ar\\\/#website\",\"url\":\"https:\\\/\\\/autofans.com.ar\\\/\",\"name\":\"\",\"description\":\"El multimedio referente de la industria automotriz\",\"potentialAction\":[{\"@type\":\"SearchAction\",\"target\":{\"@type\":\"EntryPoint\",\"urlTemplate\":\"https:\\\/\\\/autofans.com.ar\\\/?s={search_term_string}\"},\"query-input\":{\"@type\":\"PropertyValueSpecification\",\"valueRequired\":true,\"valueName\":\"search_term_string\"}}],\"inLanguage\":\"es\"},{\"@type\":\"Person\",\"@id\":\"https:\\\/\\\/autofans.com.ar\\\/#\\\/schema\\\/person\\\/4a8dda0b6df83ac3d6723e921274c2aa\",\"name\":\"Alejandro Gabriel Rosito\",\"image\":{\"@type\":\"ImageObject\",\"inLanguage\":\"es\",\"@id\":\"https:\\\/\\\/secure.gravatar.com\\\/avatar\\\/16c5dda1489adfc62618084dcbb91cffd879c374b13fe5dd8e44ed6733852c88?s=96&d=mm&r=g\",\"url\":\"https:\\\/\\\/secure.gravatar.com\\\/avatar\\\/16c5dda1489adfc62618084dcbb91cffd879c374b13fe5dd8e44ed6733852c88?s=96&d=mm&r=g\",\"contentUrl\":\"https:\\\/\\\/secure.gravatar.com\\\/avatar\\\/16c5dda1489adfc62618084dcbb91cffd879c374b13fe5dd8e44ed6733852c88?s=96&d=mm&r=g\",\"caption\":\"Alejandro Gabriel Rosito\"},\"url\":\"https:\\\/\\\/autofans.com.ar\\\/index.php\\\/author\\\/gabrielr\\\/\"}]}<\/script>\n<!-- \/ Yoast SEO plugin. -->","yoast_head_json":{"title":"Nuevo Citro\u00ebn C3 YOU! -","description":"Citro\u00ebn, parte del grupo Stellantis, ampl\u00eda la familia C-Cubo en Argentina con el lanzamiento del Citro\u00ebn C3 YOU!. Fabricado en Sudam\u00e9rica...","robots":{"index":"index","follow":"follow","max-snippet":"max-snippet:-1","max-image-preview":"max-image-preview:large","max-video-preview":"max-video-preview:-1"},"canonical":"https:\/\/autofans.com.ar\/index.php\/2025\/01\/14\/nuevo-citroen-c3-you\/","og_locale":"es_ES","og_type":"article","og_title":"Nuevo Citro\u00ebn C3 YOU! -","og_description":"Citro\u00ebn, parte del grupo Stellantis, ampl\u00eda la familia C-Cubo en Argentina con el lanzamiento del Citro\u00ebn C3 YOU!. Fabricado en Sudam\u00e9rica...","og_url":"https:\/\/autofans.com.ar\/index.php\/2025\/01\/14\/nuevo-citroen-c3-you\/","article_published_time":"2025-01-14T23:20:40+00:00","og_image":[{"width":1000,"height":667,"url":"https:\/\/autofans.com.ar\/wp-content\/uploads\/2025\/01\/c3-3.jpg","type":"image\/jpeg"}],"author":"Alejandro Gabriel Rosito","twitter_card":"summary_large_image","twitter_misc":{"Escrito por":"Alejandro Gabriel Rosito","Tiempo de lectura":"2 minutos"},"schema":{"@context":"https:\/\/schema.org","@graph":[{"@type":"Article","@id":"https:\/\/autofans.com.ar\/index.php\/2025\/01\/14\/nuevo-citroen-c3-you\/#article","isPartOf":{"@id":"https:\/\/autofans.com.ar\/index.php\/2025\/01\/14\/nuevo-citroen-c3-you\/"},"author":{"name":"Alejandro Gabriel Rosito","@id":"https:\/\/autofans.com.ar\/#\/schema\/person\/4a8dda0b6df83ac3d6723e921274c2aa"},"headline":"Nuevo Citro\u00ebn C3 YOU!","datePublished":"2025-01-14T23:20:40+00:00","mainEntityOfPage":{"@id":"https:\/\/autofans.com.ar\/index.php\/2025\/01\/14\/nuevo-citroen-c3-you\/"},"wordCount":366,"image":{"@id":"https:\/\/autofans.com.ar\/index.php\/2025\/01\/14\/nuevo-citroen-c3-you\/#primaryimage"},"thumbnailUrl":"https:\/\/autofans.com.ar\/wp-content\/uploads\/2025\/01\/c3-3.jpg","keywords":["Citro\u00ebn C3 YOU!","Citro\u00ebn C3 YOU! precio","Citro\u00ebn hatch compacto","dise\u00f1o bitono Citro\u00ebn","motor Turbo T200","nuevo Citro\u00ebn C3 YOU! Argentina"],"articleSection":["Autos y SUV","LANZAMIENTOS"],"inLanguage":"es"},{"@type":"WebPage","@id":"https:\/\/autofans.com.ar\/index.php\/2025\/01\/14\/nuevo-citroen-c3-you\/","url":"https:\/\/autofans.com.ar\/index.php\/2025\/01\/14\/nuevo-citroen-c3-you\/","name":"Nuevo Citro\u00ebn C3 YOU! -","isPartOf":{"@id":"https:\/\/autofans.com.ar\/#website"},"primaryImageOfPage":{"@id":"https:\/\/autofans.com.ar\/index.php\/2025\/01\/14\/nuevo-citroen-c3-you\/#primaryimage"},"image":{"@id":"https:\/\/autofans.com.ar\/index.php\/2025\/01\/14\/nuevo-citroen-c3-you\/#primaryimage"},"thumbnailUrl":"https:\/\/autofans.com.ar\/wp-content\/uploads\/2025\/01\/c3-3.jpg","datePublished":"2025-01-14T23:20:40+00:00","author":{"@id":"https:\/\/autofans.com.ar\/#\/schema\/person\/4a8dda0b6df83ac3d6723e921274c2aa"},"description":"Citro\u00ebn, parte del grupo Stellantis, ampl\u00eda la familia C-Cubo en Argentina con el lanzamiento del Citro\u00ebn C3 YOU!. Fabricado en Sudam\u00e9rica...","breadcrumb":{"@id":"https:\/\/autofans.com.ar\/index.php\/2025\/01\/14\/nuevo-citroen-c3-you\/#breadcrumb"},"inLanguage":"es","potentialAction":[{"@type":"ReadAction","target":["https:\/\/autofans.com.ar\/index.php\/2025\/01\/14\/nuevo-citroen-c3-you\/"]}]},{"@type":"ImageObject","inLanguage":"es","@id":"https:\/\/autofans.com.ar\/index.php\/2025\/01\/14\/nuevo-citroen-c3-you\/#primaryimage","url":"https:\/\/autofans.com.ar\/wp-content\/uploads\/2025\/01\/c3-3.jpg","contentUrl":"https:\/\/autofans.com.ar\/wp-content\/uploads\/2025\/01\/c3-3.jpg","width":1000,"height":667,"caption":"C3 YOU!"},{"@type":"BreadcrumbList","@id":"https:\/\/autofans.com.ar\/index.php\/2025\/01\/14\/nuevo-citroen-c3-you\/#breadcrumb","itemListElement":[{"@type":"ListItem","position":1,"name":"Inicio","item":"https:\/\/autofans.com.ar\/"},{"@type":"ListItem","position":2,"name":"Nuevo Citro\u00ebn C3 YOU!"}]},{"@type":"WebSite","@id":"https:\/\/autofans.com.ar\/#website","url":"https:\/\/autofans.com.ar\/","name":"","description":"El multimedio referente de la industria automotriz","potentialAction":[{"@type":"SearchAction","target":{"@type":"EntryPoint","urlTemplate":"https:\/\/autofans.com.ar\/?s={search_term_string}"},"query-input":{"@type":"PropertyValueSpecification","valueRequired":true,"valueName":"search_term_string"}}],"inLanguage":"es"},{"@type":"Person","@id":"https:\/\/autofans.com.ar\/#\/schema\/person\/4a8dda0b6df83ac3d6723e921274c2aa","name":"Alejandro Gabriel Rosito","image":{"@type":"ImageObject","inLanguage":"es","@id":"https:\/\/secure.gravatar.com\/avatar\/16c5dda1489adfc62618084dcbb91cffd879c374b13fe5dd8e44ed6733852c88?s=96&d=mm&r=g","url":"https:\/\/secure.gravatar.com\/avatar\/16c5dda1489adfc62618084dcbb91cffd879c374b13fe5dd8e44ed6733852c88?s=96&d=mm&r=g","contentUrl":"https:\/\/secure.gravatar.com\/avatar\/16c5dda1489adfc62618084dcbb91cffd879c374b13fe5dd8e44ed6733852c88?s=96&d=mm&r=g","caption":"Alejandro Gabriel Rosito"},"url":"https:\/\/autofans.com.ar\/index.php\/author\/gabrielr\/"}]}},"featured_image_urls":{"full":["https:\/\/autofans.com.ar\/wp-content\/uploads\/2025\/01\/c3-3.jpg",1000,667,false],"thumbnail":["https:\/\/autofans.com.ar\/wp-content\/uploads\/2025\/01\/c3-3-150x150.jpg",150,150,true],"medium":["https:\/\/autofans.com.ar\/wp-content\/uploads\/2025\/01\/c3-3-300x200.jpg",300,200,true],"medium_large":["https:\/\/autofans.com.ar\/wp-content\/uploads\/2025\/01\/c3-3-768x512.jpg",640,427,true],"large":["https:\/\/autofans.com.ar\/wp-content\/uploads\/2025\/01\/c3-3.jpg",640,427,false],"1536x1536":["https:\/\/autofans.com.ar\/wp-content\/uploads\/2025\/01\/c3-3.jpg",1000,667,false],"2048x2048":["https:\/\/autofans.com.ar\/wp-content\/uploads\/2025\/01\/c3-3.jpg",1000,667,false],"covernews-featured":["https:\/\/autofans.com.ar\/wp-content\/uploads\/2025\/01\/c3-3.jpg",1000,667,false],"covernews-medium":["https:\/\/autofans.com.ar\/wp-content\/uploads\/2025\/01\/c3-3-540x340.jpg",540,340,true]},"author_info":{"display_name":"Alejandro Gabriel Rosito","author_link":"https:\/\/autofans.com.ar\/index.php\/author\/gabrielr\/"},"category_info":"<a href=\"https:\/\/autofans.com.ar\/index.php\/category\/lanzamientos\/autos-y-suv\/\" rel=\"category tag\">Autos y SUV<\/a> <a href=\"https:\/\/autofans.com.ar\/index.php\/category\/lanzamientos\/\" rel=\"category tag\">LANZAMIENTOS<\/a>","tag_info":"LANZAMIENTOS","comment_count":0,"_links":{"self":[{"href":"https:\/\/autofans.com.ar\/index.php\/wp-json\/wp\/v2\/posts\/10694","targetHints":{"allow":["GET"]}}],"collection":[{"href":"https:\/\/autofans.com.ar\/index.php\/wp-json\/wp\/v2\/posts"}],"about":[{"href":"https:\/\/autofans.com.ar\/index.php\/wp-json\/wp\/v2\/types\/post"}],"author":[{"embeddable":true,"href":"https:\/\/autofans.com.ar\/index.php\/wp-json\/wp\/v2\/users\/2"}],"replies":[{"embeddable":true,"href":"https:\/\/autofans.com.ar\/index.php\/wp-json\/wp\/v2\/comments?post=10694"}],"version-history":[{"count":3,"href":"https:\/\/autofans.com.ar\/index.php\/wp-json\/wp\/v2\/posts\/10694\/revisions"}],"predecessor-version":[{"id":10705,"href":"https:\/\/autofans.com.ar\/index.php\/wp-json\/wp\/v2\/posts\/10694\/revisions\/10705"}],"wp:featuredmedia":[{"embeddable":true,"href":"https:\/\/autofans.com.ar\/index.php\/wp-json\/wp\/v2\/media\/10700"}],"wp:attachment":[{"href":"https:\/\/autofans.com.ar\/index.php\/wp-json\/wp\/v2\/media?parent=10694"}],"wp:term":[{"taxonomy":"category","embeddable":true,"href":"https:\/\/autofans.com.ar\/index.php\/wp-json\/wp\/v2\/categories?post=10694"},{"taxonomy":"post_tag","embeddable":true,"href":"https:\/\/autofans.com.ar\/index.php\/wp-json\/wp\/v2\/tags?post=10694"}],"curies":[{"name":"wp","href":"https:\/\/api.w.org\/{rel}","templated":true}]}}