{"id":10777,"date":"2025-01-20T17:59:42","date_gmt":"2025-01-20T20:59:42","guid":{"rendered":"https:\/\/autofans.com.ar\/?p=10777"},"modified":"2025-01-20T17:59:42","modified_gmt":"2025-01-20T20:59:42","slug":"100-millas-del-este-brillo-en-punta-del-este","status":"publish","type":"post","link":"https:\/\/autofans.com.ar\/index.php\/2025\/01\/20\/100-millas-del-este-brillo-en-punta-del-este\/","title":{"rendered":"100 Millas del Este brill\u00f3 en Punta del Este"},"content":{"rendered":"<p>Punta del Este fue escenario de una celebraci\u00f3n sin precedentes con la segunda edici\u00f3n de 100 Millas del Este, uno de los encuentros m\u00e1s destacados de autom\u00f3viles deportivos y cl\u00e1sicos en la regi\u00f3n. M\u00e1s de 40 veh\u00edculos de colecci\u00f3n recorrieron las calles m\u00e1s ic\u00f3nicas de la ciudad, deslumbrando a locales y turistas con su estilo y potencia.<\/p>\n<p>&nbsp;<\/p>\n<h2>SLS Hotel recibi\u00f3 a 100 Millas del Este con un c\u00f3ctel al atardecer<\/h2>\n<p>&nbsp;<\/p>\n<div id='gallery-1' class='gallery galleryid-10777 gallery-columns-2 gallery-size-full'><figure class='gallery-item'>\n\t\t\t<div class='gallery-icon landscape'>\n\t\t\t\t<a href='https:\/\/autofans.com.ar\/index.php\/2025\/01\/20\/100-millas-del-este-brillo-en-punta-del-este\/mil-millas-3\/'><img loading=\"lazy\" width=\"1000\" height=\"667\" src=\"https:\/\/autofans.com.ar\/wp-content\/uploads\/2025\/01\/mil-millas-3.jpg\" class=\"attachment-full size-full\" alt=\"100 Millas\" srcset=\"https:\/\/autofans.com.ar\/wp-content\/uploads\/2025\/01\/mil-millas-3.jpg 1000w, https:\/\/autofans.com.ar\/wp-content\/uploads\/2025\/01\/mil-millas-3-300x200.jpg 300w, https:\/\/autofans.com.ar\/wp-content\/uploads\/2025\/01\/mil-millas-3-768x512.jpg 768w\" sizes=\"auto, (max-width: 1000px) 100vw, 1000px\" loading=\"lazy\" decoding=\"async\" \/><\/a>\n\t\t\t<\/div><\/figure><figure class='gallery-item'>\n\t\t\t<div class='gallery-icon landscape'>\n\t\t\t\t<a href='https:\/\/autofans.com.ar\/index.php\/2025\/01\/20\/100-millas-del-este-brillo-en-punta-del-este\/mil-millas-4\/'><img loading=\"lazy\" width=\"1000\" height=\"667\" src=\"https:\/\/autofans.com.ar\/wp-content\/uploads\/2025\/01\/mil-millas-4.jpg\" class=\"attachment-full size-full\" alt=\"100 Millas\" srcset=\"https:\/\/autofans.com.ar\/wp-content\/uploads\/2025\/01\/mil-millas-4.jpg 1000w, https:\/\/autofans.com.ar\/wp-content\/uploads\/2025\/01\/mil-millas-4-300x200.jpg 300w, https:\/\/autofans.com.ar\/wp-content\/uploads\/2025\/01\/mil-millas-4-768x512.jpg 768w\" sizes=\"auto, (max-width: 1000px) 100vw, 1000px\" loading=\"lazy\" decoding=\"async\" \/><\/a>\n\t\t\t<\/div><\/figure>\n\t\t<\/div>\n\n<p>&nbsp;<\/p>\n<p>El evento inici\u00f3 en la exclusiva boutique Eve, especializada en joyas y relojes de lujo, ubicada en la calle 20. Desde all\u00ed, los participantes atravesaron Rinc\u00f3n del Indio y San Rafael, culminando su trayecto en SLS Hotel &amp; Residences, en Playa Brava. Este complejo de lujo en desarrollo fue el epicentro del cierre, donde se celebr\u00f3 un c\u00f3ctel al atardecer con vistas privilegiadas.<\/p>\n<p>&nbsp;<\/p>\n<h2>Autos, alta relojer\u00eda y el futuro del lujo en Punta del Este<\/h2>\n<p>Adem\u00e1s de disfrutar de las joyas mec\u00e1nicas, los asistentes tuvieron acceso a la exhibici\u00f3n de los \u00faltimos modelos de Hublot, la ic\u00f3nica marca de alta relojer\u00eda conocida por fusionar tradici\u00f3n e innovaci\u00f3n. Este encuentro no solo fue un deleite para los amantes del automovilismo, sino tambi\u00e9n una vitrina de lujo que uni\u00f3 marcas internacionales y locales.<\/p>\n<p>&nbsp;<\/p>\n<div id='gallery-2' class='gallery galleryid-10777 gallery-columns-2 gallery-size-full'><figure class='gallery-item'>\n\t\t\t<div class='gallery-icon landscape'>\n\t\t\t\t<a href='https:\/\/autofans.com.ar\/index.php\/2025\/01\/20\/100-millas-del-este-brillo-en-punta-del-este\/mil-millas-2\/'><img loading=\"lazy\" width=\"1000\" height=\"667\" src=\"https:\/\/autofans.com.ar\/wp-content\/uploads\/2025\/01\/mil-millas-2.jpg\" class=\"attachment-full size-full\" alt=\"100 Millas\" srcset=\"https:\/\/autofans.com.ar\/wp-content\/uploads\/2025\/01\/mil-millas-2.jpg 1000w, https:\/\/autofans.com.ar\/wp-content\/uploads\/2025\/01\/mil-millas-2-300x200.jpg 300w, https:\/\/autofans.com.ar\/wp-content\/uploads\/2025\/01\/mil-millas-2-768x512.jpg 768w\" sizes=\"auto, (max-width: 1000px) 100vw, 1000px\" loading=\"lazy\" decoding=\"async\" \/><\/a>\n\t\t\t<\/div><\/figure><figure class='gallery-item'>\n\t\t\t<div class='gallery-icon landscape'>\n\t\t\t\t<a href='https:\/\/autofans.com.ar\/index.php\/2025\/01\/20\/100-millas-del-este-brillo-en-punta-del-este\/mil-millas-5\/'><img loading=\"lazy\" width=\"1000\" height=\"667\" src=\"https:\/\/autofans.com.ar\/wp-content\/uploads\/2025\/01\/mil-millas-5.jpg\" class=\"attachment-full size-full\" alt=\"100 Millas\" srcset=\"https:\/\/autofans.com.ar\/wp-content\/uploads\/2025\/01\/mil-millas-5.jpg 1000w, https:\/\/autofans.com.ar\/wp-content\/uploads\/2025\/01\/mil-millas-5-300x200.jpg 300w, https:\/\/autofans.com.ar\/wp-content\/uploads\/2025\/01\/mil-millas-5-768x512.jpg 768w\" sizes=\"auto, (max-width: 1000px) 100vw, 1000px\" loading=\"lazy\" decoding=\"async\" \/><\/a>\n\t\t\t<\/div><\/figure>\n\t\t<\/div>\n\n<p>&nbsp;<\/p>\n<p>El evento tambi\u00e9n sirvi\u00f3 como plataforma para presentar SLS Punta del Este Hotel &amp; Residences, un proyecto de GNV Group que busca redefinir el concepto de vida de lujo en la costa este\u00f1a. Este desarrollo, respaldado por la prestigiosa cadena hotelera Accor, contar\u00e1 con dos torres de 24 pisos, 314 residencias y 80 habitaciones de hotel. Su construcci\u00f3n est\u00e1 prevista para el segundo semestre de 2025, con una duraci\u00f3n estimada de 36 meses. Con un dise\u00f1o que prioriza el bienestar y los servicios de alta gama, este proyecto promete posicionarse como un nuevo \u00edcono de exclusividad en la regi\u00f3n.<\/p>\n<p>&nbsp;<\/p>\n<p>&nbsp;<\/p>\n<p><i>Para enterarte de m\u00e1s novedades, no dejes de leer\u00a0<\/i><a href=\"https:\/\/autofans.thebrandsoup.com\/\"><i>nuestras notas<\/i><\/a><i>, de ver<\/i><b><i>\u00a0<\/i><\/b><a href=\"https:\/\/www.youtube.com\/channel\/UCgAC8UGHZYbT6P7PpmVnP7g\"><b><i>AUTOFANS TV<\/i><\/b><\/a><b><i>\u00a0<\/i><\/b><i>en nuestro\u00a0canal de Youtube. Adem\u00e1s seguinos en\u00a0<\/i><a href=\"https:\/\/www.instagram.com\/autofanstv\/\"><i>INSTAGRAM<\/i><\/a><i> y <\/i><a href=\"https:\/\/www.facebook.com\/autofansmas\/\"><i>FACEBOOK<\/i><\/a><i> para no perderte nada sobre las novedades del segmento automotor de Argentina y el mundo.<\/i><\/p>\n","protected":false},"excerpt":{"rendered":"<p>Punta del Este fue escenario de una celebraci\u00f3n sin precedentes con la segunda edici\u00f3n de&#8230;<\/p>\n","protected":false},"author":2,"featured_media":10782,"comment_status":"closed","ping_status":"closed","sticky":false,"template":"","format":"standard","meta":{"footnotes":""},"categories":[6,16],"tags":[5863,3908,5864,5866,5867,5871,5869,5868,5870,5865],"class_list":["post-10777","post","type-post","status-publish","format-standard","has-post-thumbnail","hentry","category-bizstyle","category-noticias","tag-100-millas-del-este","tag-automoviles-clasicos","tag-autos-deportivos-de-lujo","tag-gnv-group","tag-hublot","tag-lifestyle-en-la-costa","tag-lujo-en-uruguay","tag-punta-del-este-eventos","tag-sls-hotel","tag-sls-punta-del-este"],"yoast_head":"<!-- This site is optimized with the Yoast SEO plugin v27.5 - https:\/\/yoast.com\/product\/yoast-seo-wordpress\/ -->\n<title>100 Millas del Este brill\u00f3 en Punta del Este -<\/title>\n<meta name=\"description\" content=\"Punta del Este fue escenario de una celebraci\u00f3n sin precedentes con la segunda edici\u00f3n de 100 Millas del Este m\u00e1s de 40 veh\u00edculos\" \/>\n<meta name=\"robots\" content=\"index, follow, max-snippet:-1, max-image-preview:large, max-video-preview:-1\" \/>\n<link rel=\"canonical\" href=\"https:\/\/autofans.com.ar\/index.php\/2025\/01\/20\/100-millas-del-este-brillo-en-punta-del-este\/\" \/>\n<meta property=\"og:locale\" content=\"es_ES\" \/>\n<meta property=\"og:type\" content=\"article\" \/>\n<meta property=\"og:title\" content=\"100 Millas del Este brill\u00f3 en Punta del Este -\" \/>\n<meta property=\"og:description\" content=\"Punta del Este fue escenario de una celebraci\u00f3n sin precedentes con la segunda edici\u00f3n de 100 Millas del Este m\u00e1s de 40 veh\u00edculos\" \/>\n<meta property=\"og:url\" content=\"https:\/\/autofans.com.ar\/index.php\/2025\/01\/20\/100-millas-del-este-brillo-en-punta-del-este\/\" \/>\n<meta property=\"article:published_time\" content=\"2025-01-20T20:59:42+00:00\" \/>\n<meta property=\"og:image\" content=\"https:\/\/autofans.com.ar\/wp-content\/uploads\/2025\/01\/mil-millas-1.jpg\" \/>\n\t<meta property=\"og:image:width\" content=\"1000\" \/>\n\t<meta property=\"og:image:height\" content=\"667\" \/>\n\t<meta property=\"og:image:type\" content=\"image\/jpeg\" \/>\n<meta name=\"author\" content=\"Alejandro Gabriel Rosito\" \/>\n<meta name=\"twitter:card\" content=\"summary_large_image\" \/>\n<meta name=\"twitter:label1\" content=\"Escrito por\" \/>\n\t<meta name=\"twitter:data1\" content=\"Alejandro Gabriel Rosito\" \/>\n\t<meta name=\"twitter:label2\" content=\"Tiempo de lectura\" \/>\n\t<meta name=\"twitter:data2\" content=\"2 minutos\" \/>\n<script type=\"application\/ld+json\" class=\"yoast-schema-graph\">{\"@context\":\"https:\\\/\\\/schema.org\",\"@graph\":[{\"@type\":\"Article\",\"@id\":\"https:\\\/\\\/autofans.com.ar\\\/index.php\\\/2025\\\/01\\\/20\\\/100-millas-del-este-brillo-en-punta-del-este\\\/#article\",\"isPartOf\":{\"@id\":\"https:\\\/\\\/autofans.com.ar\\\/index.php\\\/2025\\\/01\\\/20\\\/100-millas-del-este-brillo-en-punta-del-este\\\/\"},\"author\":{\"name\":\"Alejandro Gabriel Rosito\",\"@id\":\"https:\\\/\\\/autofans.com.ar\\\/#\\\/schema\\\/person\\\/4a8dda0b6df83ac3d6723e921274c2aa\"},\"headline\":\"100 Millas del Este brill\u00f3 en Punta del Este\",\"datePublished\":\"2025-01-20T20:59:42+00:00\",\"mainEntityOfPage\":{\"@id\":\"https:\\\/\\\/autofans.com.ar\\\/index.php\\\/2025\\\/01\\\/20\\\/100-millas-del-este-brillo-en-punta-del-este\\\/\"},\"wordCount\":389,\"image\":{\"@id\":\"https:\\\/\\\/autofans.com.ar\\\/index.php\\\/2025\\\/01\\\/20\\\/100-millas-del-este-brillo-en-punta-del-este\\\/#primaryimage\"},\"thumbnailUrl\":\"https:\\\/\\\/autofans.com.ar\\\/wp-content\\\/uploads\\\/2025\\\/01\\\/mil-millas-1.jpg\",\"keywords\":[\"100 Millas del Este\",\"Autom\u00f3viles cl\u00e1sicos\",\"autos deportivos de lujo\",\"GNV Group\",\"Hublot\",\"lifestyle en la costa.\",\"lujo en Uruguay\",\"Punta del Este eventos\",\"SLS Hotel\",\"SLS Punta del Este\"],\"articleSection\":[\"BIZSTYLE\",\"NOTICIAS\"],\"inLanguage\":\"es\"},{\"@type\":\"WebPage\",\"@id\":\"https:\\\/\\\/autofans.com.ar\\\/index.php\\\/2025\\\/01\\\/20\\\/100-millas-del-este-brillo-en-punta-del-este\\\/\",\"url\":\"https:\\\/\\\/autofans.com.ar\\\/index.php\\\/2025\\\/01\\\/20\\\/100-millas-del-este-brillo-en-punta-del-este\\\/\",\"name\":\"100 Millas del Este brill\u00f3 en Punta del Este -\",\"isPartOf\":{\"@id\":\"https:\\\/\\\/autofans.com.ar\\\/#website\"},\"primaryImageOfPage\":{\"@id\":\"https:\\\/\\\/autofans.com.ar\\\/index.php\\\/2025\\\/01\\\/20\\\/100-millas-del-este-brillo-en-punta-del-este\\\/#primaryimage\"},\"image\":{\"@id\":\"https:\\\/\\\/autofans.com.ar\\\/index.php\\\/2025\\\/01\\\/20\\\/100-millas-del-este-brillo-en-punta-del-este\\\/#primaryimage\"},\"thumbnailUrl\":\"https:\\\/\\\/autofans.com.ar\\\/wp-content\\\/uploads\\\/2025\\\/01\\\/mil-millas-1.jpg\",\"datePublished\":\"2025-01-20T20:59:42+00:00\",\"author\":{\"@id\":\"https:\\\/\\\/autofans.com.ar\\\/#\\\/schema\\\/person\\\/4a8dda0b6df83ac3d6723e921274c2aa\"},\"description\":\"Punta del Este fue escenario de una celebraci\u00f3n sin precedentes con la segunda edici\u00f3n de 100 Millas del Este m\u00e1s de 40 veh\u00edculos\",\"breadcrumb\":{\"@id\":\"https:\\\/\\\/autofans.com.ar\\\/index.php\\\/2025\\\/01\\\/20\\\/100-millas-del-este-brillo-en-punta-del-este\\\/#breadcrumb\"},\"inLanguage\":\"es\",\"potentialAction\":[{\"@type\":\"ReadAction\",\"target\":[\"https:\\\/\\\/autofans.com.ar\\\/index.php\\\/2025\\\/01\\\/20\\\/100-millas-del-este-brillo-en-punta-del-este\\\/\"]}]},{\"@type\":\"ImageObject\",\"inLanguage\":\"es\",\"@id\":\"https:\\\/\\\/autofans.com.ar\\\/index.php\\\/2025\\\/01\\\/20\\\/100-millas-del-este-brillo-en-punta-del-este\\\/#primaryimage\",\"url\":\"https:\\\/\\\/autofans.com.ar\\\/wp-content\\\/uploads\\\/2025\\\/01\\\/mil-millas-1.jpg\",\"contentUrl\":\"https:\\\/\\\/autofans.com.ar\\\/wp-content\\\/uploads\\\/2025\\\/01\\\/mil-millas-1.jpg\",\"width\":1000,\"height\":667,\"caption\":\"100 Millas\"},{\"@type\":\"BreadcrumbList\",\"@id\":\"https:\\\/\\\/autofans.com.ar\\\/index.php\\\/2025\\\/01\\\/20\\\/100-millas-del-este-brillo-en-punta-del-este\\\/#breadcrumb\",\"itemListElement\":[{\"@type\":\"ListItem\",\"position\":1,\"name\":\"Inicio\",\"item\":\"https:\\\/\\\/autofans.com.ar\\\/\"},{\"@type\":\"ListItem\",\"position\":2,\"name\":\"100 Millas del Este brill\u00f3 en Punta del Este\"}]},{\"@type\":\"WebSite\",\"@id\":\"https:\\\/\\\/autofans.com.ar\\\/#website\",\"url\":\"https:\\\/\\\/autofans.com.ar\\\/\",\"name\":\"\",\"description\":\"El multimedio referente de la industria automotriz\",\"potentialAction\":[{\"@type\":\"SearchAction\",\"target\":{\"@type\":\"EntryPoint\",\"urlTemplate\":\"https:\\\/\\\/autofans.com.ar\\\/?s={search_term_string}\"},\"query-input\":{\"@type\":\"PropertyValueSpecification\",\"valueRequired\":true,\"valueName\":\"search_term_string\"}}],\"inLanguage\":\"es\"},{\"@type\":\"Person\",\"@id\":\"https:\\\/\\\/autofans.com.ar\\\/#\\\/schema\\\/person\\\/4a8dda0b6df83ac3d6723e921274c2aa\",\"name\":\"Alejandro Gabriel Rosito\",\"image\":{\"@type\":\"ImageObject\",\"inLanguage\":\"es\",\"@id\":\"https:\\\/\\\/secure.gravatar.com\\\/avatar\\\/16c5dda1489adfc62618084dcbb91cffd879c374b13fe5dd8e44ed6733852c88?s=96&d=mm&r=g\",\"url\":\"https:\\\/\\\/secure.gravatar.com\\\/avatar\\\/16c5dda1489adfc62618084dcbb91cffd879c374b13fe5dd8e44ed6733852c88?s=96&d=mm&r=g\",\"contentUrl\":\"https:\\\/\\\/secure.gravatar.com\\\/avatar\\\/16c5dda1489adfc62618084dcbb91cffd879c374b13fe5dd8e44ed6733852c88?s=96&d=mm&r=g\",\"caption\":\"Alejandro Gabriel Rosito\"},\"url\":\"https:\\\/\\\/autofans.com.ar\\\/index.php\\\/author\\\/gabrielr\\\/\"}]}<\/script>\n<!-- \/ Yoast SEO plugin. -->","yoast_head_json":{"title":"100 Millas del Este brill\u00f3 en Punta del Este -","description":"Punta del Este fue escenario de una celebraci\u00f3n sin precedentes con la segunda edici\u00f3n de 100 Millas del Este m\u00e1s de 40 veh\u00edculos","robots":{"index":"index","follow":"follow","max-snippet":"max-snippet:-1","max-image-preview":"max-image-preview:large","max-video-preview":"max-video-preview:-1"},"canonical":"https:\/\/autofans.com.ar\/index.php\/2025\/01\/20\/100-millas-del-este-brillo-en-punta-del-este\/","og_locale":"es_ES","og_type":"article","og_title":"100 Millas del Este brill\u00f3 en Punta del Este -","og_description":"Punta del Este fue escenario de una celebraci\u00f3n sin precedentes con la segunda edici\u00f3n de 100 Millas del Este m\u00e1s de 40 veh\u00edculos","og_url":"https:\/\/autofans.com.ar\/index.php\/2025\/01\/20\/100-millas-del-este-brillo-en-punta-del-este\/","article_published_time":"2025-01-20T20:59:42+00:00","og_image":[{"width":1000,"height":667,"url":"https:\/\/autofans.com.ar\/wp-content\/uploads\/2025\/01\/mil-millas-1.jpg","type":"image\/jpeg"}],"author":"Alejandro Gabriel Rosito","twitter_card":"summary_large_image","twitter_misc":{"Escrito por":"Alejandro Gabriel Rosito","Tiempo de lectura":"2 minutos"},"schema":{"@context":"https:\/\/schema.org","@graph":[{"@type":"Article","@id":"https:\/\/autofans.com.ar\/index.php\/2025\/01\/20\/100-millas-del-este-brillo-en-punta-del-este\/#article","isPartOf":{"@id":"https:\/\/autofans.com.ar\/index.php\/2025\/01\/20\/100-millas-del-este-brillo-en-punta-del-este\/"},"author":{"name":"Alejandro Gabriel Rosito","@id":"https:\/\/autofans.com.ar\/#\/schema\/person\/4a8dda0b6df83ac3d6723e921274c2aa"},"headline":"100 Millas del Este brill\u00f3 en Punta del Este","datePublished":"2025-01-20T20:59:42+00:00","mainEntityOfPage":{"@id":"https:\/\/autofans.com.ar\/index.php\/2025\/01\/20\/100-millas-del-este-brillo-en-punta-del-este\/"},"wordCount":389,"image":{"@id":"https:\/\/autofans.com.ar\/index.php\/2025\/01\/20\/100-millas-del-este-brillo-en-punta-del-este\/#primaryimage"},"thumbnailUrl":"https:\/\/autofans.com.ar\/wp-content\/uploads\/2025\/01\/mil-millas-1.jpg","keywords":["100 Millas del Este","Autom\u00f3viles cl\u00e1sicos","autos deportivos de lujo","GNV Group","Hublot","lifestyle en la costa.","lujo en Uruguay","Punta del Este eventos","SLS Hotel","SLS Punta del Este"],"articleSection":["BIZSTYLE","NOTICIAS"],"inLanguage":"es"},{"@type":"WebPage","@id":"https:\/\/autofans.com.ar\/index.php\/2025\/01\/20\/100-millas-del-este-brillo-en-punta-del-este\/","url":"https:\/\/autofans.com.ar\/index.php\/2025\/01\/20\/100-millas-del-este-brillo-en-punta-del-este\/","name":"100 Millas del Este brill\u00f3 en Punta del Este -","isPartOf":{"@id":"https:\/\/autofans.com.ar\/#website"},"primaryImageOfPage":{"@id":"https:\/\/autofans.com.ar\/index.php\/2025\/01\/20\/100-millas-del-este-brillo-en-punta-del-este\/#primaryimage"},"image":{"@id":"https:\/\/autofans.com.ar\/index.php\/2025\/01\/20\/100-millas-del-este-brillo-en-punta-del-este\/#primaryimage"},"thumbnailUrl":"https:\/\/autofans.com.ar\/wp-content\/uploads\/2025\/01\/mil-millas-1.jpg","datePublished":"2025-01-20T20:59:42+00:00","author":{"@id":"https:\/\/autofans.com.ar\/#\/schema\/person\/4a8dda0b6df83ac3d6723e921274c2aa"},"description":"Punta del Este fue escenario de una celebraci\u00f3n sin precedentes con la segunda edici\u00f3n de 100 Millas del Este m\u00e1s de 40 veh\u00edculos","breadcrumb":{"@id":"https:\/\/autofans.com.ar\/index.php\/2025\/01\/20\/100-millas-del-este-brillo-en-punta-del-este\/#breadcrumb"},"inLanguage":"es","potentialAction":[{"@type":"ReadAction","target":["https:\/\/autofans.com.ar\/index.php\/2025\/01\/20\/100-millas-del-este-brillo-en-punta-del-este\/"]}]},{"@type":"ImageObject","inLanguage":"es","@id":"https:\/\/autofans.com.ar\/index.php\/2025\/01\/20\/100-millas-del-este-brillo-en-punta-del-este\/#primaryimage","url":"https:\/\/autofans.com.ar\/wp-content\/uploads\/2025\/01\/mil-millas-1.jpg","contentUrl":"https:\/\/autofans.com.ar\/wp-content\/uploads\/2025\/01\/mil-millas-1.jpg","width":1000,"height":667,"caption":"100 Millas"},{"@type":"BreadcrumbList","@id":"https:\/\/autofans.com.ar\/index.php\/2025\/01\/20\/100-millas-del-este-brillo-en-punta-del-este\/#breadcrumb","itemListElement":[{"@type":"ListItem","position":1,"name":"Inicio","item":"https:\/\/autofans.com.ar\/"},{"@type":"ListItem","position":2,"name":"100 Millas del Este brill\u00f3 en Punta del Este"}]},{"@type":"WebSite","@id":"https:\/\/autofans.com.ar\/#website","url":"https:\/\/autofans.com.ar\/","name":"","description":"El multimedio referente de la industria automotriz","potentialAction":[{"@type":"SearchAction","target":{"@type":"EntryPoint","urlTemplate":"https:\/\/autofans.com.ar\/?s={search_term_string}"},"query-input":{"@type":"PropertyValueSpecification","valueRequired":true,"valueName":"search_term_string"}}],"inLanguage":"es"},{"@type":"Person","@id":"https:\/\/autofans.com.ar\/#\/schema\/person\/4a8dda0b6df83ac3d6723e921274c2aa","name":"Alejandro Gabriel Rosito","image":{"@type":"ImageObject","inLanguage":"es","@id":"https:\/\/secure.gravatar.com\/avatar\/16c5dda1489adfc62618084dcbb91cffd879c374b13fe5dd8e44ed6733852c88?s=96&d=mm&r=g","url":"https:\/\/secure.gravatar.com\/avatar\/16c5dda1489adfc62618084dcbb91cffd879c374b13fe5dd8e44ed6733852c88?s=96&d=mm&r=g","contentUrl":"https:\/\/secure.gravatar.com\/avatar\/16c5dda1489adfc62618084dcbb91cffd879c374b13fe5dd8e44ed6733852c88?s=96&d=mm&r=g","caption":"Alejandro Gabriel Rosito"},"url":"https:\/\/autofans.com.ar\/index.php\/author\/gabrielr\/"}]}},"featured_image_urls":{"full":["https:\/\/autofans.com.ar\/wp-content\/uploads\/2025\/01\/mil-millas-1.jpg",1000,667,false],"thumbnail":["https:\/\/autofans.com.ar\/wp-content\/uploads\/2025\/01\/mil-millas-1-150x150.jpg",150,150,true],"medium":["https:\/\/autofans.com.ar\/wp-content\/uploads\/2025\/01\/mil-millas-1-300x200.jpg",300,200,true],"medium_large":["https:\/\/autofans.com.ar\/wp-content\/uploads\/2025\/01\/mil-millas-1-768x512.jpg",640,427,true],"large":["https:\/\/autofans.com.ar\/wp-content\/uploads\/2025\/01\/mil-millas-1.jpg",640,427,false],"1536x1536":["https:\/\/autofans.com.ar\/wp-content\/uploads\/2025\/01\/mil-millas-1.jpg",1000,667,false],"2048x2048":["https:\/\/autofans.com.ar\/wp-content\/uploads\/2025\/01\/mil-millas-1.jpg",1000,667,false],"covernews-featured":["https:\/\/autofans.com.ar\/wp-content\/uploads\/2025\/01\/mil-millas-1.jpg",1000,667,false],"covernews-medium":["https:\/\/autofans.com.ar\/wp-content\/uploads\/2025\/01\/mil-millas-1-540x340.jpg",540,340,true]},"author_info":{"display_name":"Alejandro Gabriel Rosito","author_link":"https:\/\/autofans.com.ar\/index.php\/author\/gabrielr\/"},"category_info":"<a href=\"https:\/\/autofans.com.ar\/index.php\/category\/noticias\/bizstyle\/\" rel=\"category tag\">BIZSTYLE<\/a> <a href=\"https:\/\/autofans.com.ar\/index.php\/category\/noticias\/\" rel=\"category tag\">NOTICIAS<\/a>","tag_info":"NOTICIAS","comment_count":0,"_links":{"self":[{"href":"https:\/\/autofans.com.ar\/index.php\/wp-json\/wp\/v2\/posts\/10777","targetHints":{"allow":["GET"]}}],"collection":[{"href":"https:\/\/autofans.com.ar\/index.php\/wp-json\/wp\/v2\/posts"}],"about":[{"href":"https:\/\/autofans.com.ar\/index.php\/wp-json\/wp\/v2\/types\/post"}],"author":[{"embeddable":true,"href":"https:\/\/autofans.com.ar\/index.php\/wp-json\/wp\/v2\/users\/2"}],"replies":[{"embeddable":true,"href":"https:\/\/autofans.com.ar\/index.php\/wp-json\/wp\/v2\/comments?post=10777"}],"version-history":[{"count":1,"href":"https:\/\/autofans.com.ar\/index.php\/wp-json\/wp\/v2\/posts\/10777\/revisions"}],"predecessor-version":[{"id":10783,"href":"https:\/\/autofans.com.ar\/index.php\/wp-json\/wp\/v2\/posts\/10777\/revisions\/10783"}],"wp:featuredmedia":[{"embeddable":true,"href":"https:\/\/autofans.com.ar\/index.php\/wp-json\/wp\/v2\/media\/10782"}],"wp:attachment":[{"href":"https:\/\/autofans.com.ar\/index.php\/wp-json\/wp\/v2\/media?parent=10777"}],"wp:term":[{"taxonomy":"category","embeddable":true,"href":"https:\/\/autofans.com.ar\/index.php\/wp-json\/wp\/v2\/categories?post=10777"},{"taxonomy":"post_tag","embeddable":true,"href":"https:\/\/autofans.com.ar\/index.php\/wp-json\/wp\/v2\/tags?post=10777"}],"curies":[{"name":"wp","href":"https:\/\/api.w.org\/{rel}","templated":true}]}}