{"id":108,"date":"2023-01-09T00:27:02","date_gmt":"2023-01-09T00:27:02","guid":{"rendered":"https:\/\/autofans.thebrandsoup.com\/?p=108"},"modified":"2023-03-02T18:06:10","modified_gmt":"2023-03-02T18:06:10","slug":"citroen-presento-su-stand-en-carilo","status":"publish","type":"post","link":"https:\/\/autofans.com.ar\/index.php\/2023\/01\/09\/citroen-presento-su-stand-en-carilo\/","title":{"rendered":"CITRO\u00cbN presento su stand en Caril\u00f3"},"content":{"rendered":"<h4><em>El espacio esta ubicado en Avellano, entre Boyero y Benteveo y muestra toda su gama de productos.<\/em><\/h4>\n<p>&nbsp;<\/p>\n<p>Todos aquellos que est\u00e9n presentes en la Costa Atl\u00e1ntica este verano ya pueden conocer en exclusiva el Nuevo CITRO\u00cbN C5 AIRCROSS, as\u00ed como tambi\u00e9n deleitarse con el Nuevo CITRO\u00cbN C3 recientemente lanzado en nuestro pa\u00eds. Ambas novedades est\u00e1n acompa\u00f1adas por el exitoso CITRO\u00cbN C4 CACTUS, que fue el m\u00e1s vendido del segmento B-SUV. Esta gama de productos est\u00e1 presente en el stand de la marca en Caril\u00f3, abierto todos los d\u00edas de 18 a 23h, hasta el pr\u00f3ximo 12 de febrero.<\/p>\n<p>CITRO\u00cbN invita a todos los veraneantes a descubrir su exitosa gama de productos en su stand de Caril\u00f3 ubicado en Avellano, entre Boyero y Benteveo, todos los d\u00edas entre las 18 horas y las 23 horas hasta el pr\u00f3ximo 12 de febrero. Asimismo, los que visiten el Off Road Park, ubicado en la Ruta 11, kil\u00f3metro 407 (Villa Gesell), podr\u00e1n disfrutar del Nuevo C3, el veh\u00edculo m\u00e1s accesible del mercado argentino y que ser\u00e1 un gran hito para la marca en 2023. El horario para visitar ese predio es de 10.00 a 13.00hs y de 16:00 a 20.00hs todos los d\u00edas, excepto jueves y viernes que por la ma\u00f1ana permanece cerrado. Aclaraci\u00f3n: En caso de lluvia el predio permanecer\u00e1 cerrado.<\/p>\n<p>Quienes se acerquen al stand de Citro\u00ebn en Caril\u00f3 podr\u00e1n conocer en exclusiva el Nuevo CITRO\u00cbN C5 AIRCROSS, el renovado buque insignia de la marca en el mundo. Un SUV del Segmento C que expresa perfectamente el ADN de Citro\u00ebn en cuanto a confort, dise\u00f1o, tecnolog\u00eda y seguridad.<\/p>\n<p>Este Nuevo CITRO\u00cbN C5 Aircross se lanzar\u00e1 el pr\u00f3ximo lunes 9 de enero en el stand de la marca con destacados cambios respecto a su predecesor, entre los que se destaca en el frente un nuevo lenguaje formal en el que las l\u00edneas redondeadas cambian por otras m\u00e1s estructuradas. Asimismo, la parte delantera adopta un nuevo aspecto, m\u00e1s vertical y moderno, que refuerza el car\u00e1cter de un veh\u00edculo imponente y seguro. Nueva firma luminosa tridimensional en la parte trasera y nuevas llantas de 18\u2019\u2019 diamantadas. En el interior, el nuevo dise\u00f1o de la pantalla t\u00e1ctil de 10\u2019\u2019 y de la consola central, los nuevos asientos Citro\u00ebn Advanced Comfort\u00ae y un espacio y modularidad sin rival que convierten cada desplazamiento en una experiencia serena y positiva, entre tantas otras renovaciones.<\/p>\n<p>A su vez, los visitantes tambi\u00e9n podr\u00e1n deleitarse con el \u00faltimo lanzamiento de la marca en el pa\u00eds: el Nuevo CITRO\u00cbN C3. Este hatch moderno, pensado para responder a las necesidades de la regi\u00f3n y con el precio m\u00e1s accesible del mercado argentino, ofrece un dise\u00f1o \u00fanico con mucha fuerza y personalidad. Este nuevo exponente de la marca francesa, lanzado recientemente en 2022, es el primero de una familia de tres veh\u00edculos, desarrollados en Am\u00e9rica del Sur, y que ser\u00e1 acompa\u00f1ado en la regi\u00f3n por otros dos exponentes a lo largo de 2023 y 2024. El Nuevo C3 se adapta al terreno buscando en los SUV la inspiraci\u00f3n por su despeje del suelo, su elevado capot y la alta posici\u00f3n de manejo. Adem\u00e1s del confort propio de CITRO\u00cbN y uno de los mejores espacios interiores del mercado, su dise\u00f1o facilita la vida diaria, con \u00e9nfasis en la integraci\u00f3n de tel\u00e9fonos inteligentes conectados a una pantalla t\u00e1ctil de 10\u00bb, la m\u00e1s grande del segmento.<\/p>\n<p>Junto a estas novedades de la marca, quienes visiten este espacio en Caril\u00f3 tendr\u00e1n como anfitri\u00f3n tambi\u00e9n al CITRO\u00cbN C4 CACTUS. Este SUV, que es el m\u00e1s elegido entre los argentinos dentro de su segmento, ofrece entre sus versiones diferentes motorizaciones, equipamientos, colores, ayudas a la conducci\u00f3n, tecnolog\u00edas y seguridad para todos los gustos y necesidades de los clientes de la marca.<\/p>\n<p>\u201cEstamos muy contentos con los resultados de CITRO\u00cbN en el 2022, con las ventas del C4 CACTUS a la cabeza. Este modelo fue el m\u00e1s elegido entre los argentinos que optaron por la compra de un SUV compacto, segmento que no para de crecer en nuestro mercado. Si miramos hacia adelante, el futuro de CITRO\u00cbN en el pa\u00eds tambi\u00e9n se construye a trav\u00e9s de los tres nuevos modelos que forman parte del proyecto C-CUBO, que iniciamos en 2022 con el esperado Nuevo C3 y que sin dudas ser\u00e1 un hito para la marca. Asimismo, los invitamos a visitar nuestro stand para conocer en exclusiva el Nuevo C5 Aircross que estamos lanzando comercialmente y present\u00e1ndolo en nuestro stand de verano en Caril\u00f3. Los esperamos a todos\u201d, Federico Frascaroli, Brand Citro\u00ebn Argentina.<\/p>\n<p>Por \u00faltimo, junto a CITRO\u00cbN en Caril\u00f3 estar\u00e1n presentes dos marcas que lo acompa\u00f1an como cada a\u00f1o: TOTAL ENERGIES ARGENTINA y STELLANTIS INSURANCE.<\/p>\n<p>Como todos los a\u00f1os, los veraneantes reciben consejos sobre el cuidado y mantenimiento preventivo del auto de la mano de TotalEnergies, socio comercial de CITRO\u00cbN desde hace m\u00e1s de 50 a\u00f1os. La marca recomienda el uso de los lubricantes Quartz a toda su red de concesionarios y clientes en todo el mundo, con productos adaptados a los motores CITRO\u00cbN para hacerlos m\u00e1s eficientes en su consumo, y m\u00e1s respetuosos con el medioambiente.<\/p>\n<p>STELLANTIS INSURANCE constituye una unidad de negocios dentro del grupo en Argentina, la cual pone al alcance de todos los clientes CITRO\u00cbN diferentes opciones en coberturas de seguros. Cuenta con alianzas clave con las aseguradoras l\u00edderes del mercado local, ofreciendo descuentos exclusivos para la cobertura que el cliente seleccione. Asimismo, dentro de su oferta podemos encontrar Protecci\u00f3n Plus, que protege los objetos personales ante un robo, as\u00ed como tambi\u00e9n la rotura o robo de llaves o neum\u00e1ticos a trav\u00e9s de su servicio de asistencia. Adicionalmente, ofrece la cobertura de Accidentes Personales, para muerte o lesiones graves ante un siniestro vial, otorgando a la familia de la v\u00edctima una tranquilidad frente a un evento imprevisto.<\/p>\n<p>&nbsp;<\/p>\n<p><span style=\"color: #ff9900;\"><span style=\"color: #dbdbdb;\"><em>Para enterarte de m\u00e1s novedades, no dejes de ver<\/em><\/span><strong><em> <a style=\"color: #ff9900;\" href=\"https:\/\/www.youtube.com\/channel\/UCgAC8UGHZYbT6P7PpmVnP7g\" target=\"_blank\" rel=\"noopener\"><span style=\"color: #00ccff;\"><span style=\"color: #3366ff;\">AUTOFANS TV<\/span><\/span><\/a> <\/em><\/strong><span style=\"color: #dbdbdb;\"><em>en nuestro<\/em><\/span><em><span style=\"color: #dbdbdb;\"> canal de Youtube. Adem\u00e1s seguinos en<\/span> <span style=\"color: #3366ff;\"><a style=\"color: #3366ff;\" href=\"https:\/\/www.instagram.com\/autofanstv\/\" target=\"_blank\" rel=\"noopener\">INSTAGRAM<\/a> <\/span><span style=\"color: #dbdbdb;\">y <span style=\"color: #3366ff;\">FACEBOOK<\/span> para no perderte nada sobre las novedades del segmento automotor de Argentina y el mundo.<\/span><\/em><\/span><\/p>\n","protected":false},"excerpt":{"rendered":"<p>El espacio esta ubicado en Avellano, entre Boyero y Benteveo y muestra toda su gama&#8230;<\/p>\n","protected":false},"author":1,"featured_media":109,"comment_status":"closed","ping_status":"open","sticky":false,"template":"","format":"standard","meta":{"footnotes":""},"categories":[6,16],"tags":[38,36,39,43,41,37,45,40,44,42],"class_list":["post-108","post","type-post","status-publish","format-standard","has-post-thumbnail","hentry","category-bizstyle","category-noticias","tag-argentina","tag-citroen","tag-citroen-c4","tag-persencia-de-marca","tag-stand-en-carilo","tag-stellantis","tag-stellantis-insurance","tag-suv","tag-total-energies-argentina","tag-verano-2023"],"yoast_head":"<!-- This site is optimized with the Yoast SEO plugin v27.5 - https:\/\/yoast.com\/product\/yoast-seo-wordpress\/ -->\n<title>CITRO\u00cbN presento su stand en Caril\u00f3 -<\/title>\n<meta name=\"description\" content=\"Todos aquellos que est\u00e9n presentes en la Costa Atl\u00e1ntica este verano ya pueden conocer en exclusiva el Nuevo CITRO\u00cbN C5 AIRCROSS...\" \/>\n<meta name=\"robots\" content=\"index, follow, max-snippet:-1, max-image-preview:large, max-video-preview:-1\" \/>\n<link rel=\"canonical\" href=\"https:\/\/autofans.com.ar\/index.php\/2023\/01\/09\/citroen-presento-su-stand-en-carilo\/\" \/>\n<meta property=\"og:locale\" content=\"es_ES\" \/>\n<meta property=\"og:type\" content=\"article\" \/>\n<meta property=\"og:title\" content=\"CITRO\u00cbN presento su stand en Caril\u00f3 -\" \/>\n<meta property=\"og:description\" content=\"Todos aquellos que est\u00e9n presentes en la Costa Atl\u00e1ntica este verano ya pueden conocer en exclusiva el Nuevo CITRO\u00cbN C5 AIRCROSS...\" \/>\n<meta property=\"og:url\" content=\"https:\/\/autofans.com.ar\/index.php\/2023\/01\/09\/citroen-presento-su-stand-en-carilo\/\" \/>\n<meta property=\"article:published_time\" content=\"2023-01-09T00:27:02+00:00\" \/>\n<meta property=\"article:modified_time\" content=\"2023-03-02T18:06:10+00:00\" \/>\n<meta property=\"og:image\" content=\"https:\/\/autofans.com.ar\/wp-content\/uploads\/2023\/02\/CITROEN-presento-su-stand-en-Carilo.jpeg\" \/>\n\t<meta property=\"og:image:width\" content=\"600\" \/>\n\t<meta property=\"og:image:height\" content=\"400\" \/>\n\t<meta property=\"og:image:type\" content=\"image\/jpeg\" \/>\n<meta name=\"author\" content=\"AleCAF\" \/>\n<meta name=\"twitter:card\" content=\"summary_large_image\" \/>\n<meta name=\"twitter:label1\" content=\"Escrito por\" \/>\n\t<meta name=\"twitter:data1\" content=\"AleCAF\" \/>\n\t<meta name=\"twitter:label2\" content=\"Tiempo de lectura\" \/>\n\t<meta name=\"twitter:data2\" content=\"5 minutos\" \/>\n<script type=\"application\/ld+json\" class=\"yoast-schema-graph\">{\"@context\":\"https:\\\/\\\/schema.org\",\"@graph\":[{\"@type\":\"Article\",\"@id\":\"https:\\\/\\\/autofans.com.ar\\\/index.php\\\/2023\\\/01\\\/09\\\/citroen-presento-su-stand-en-carilo\\\/#article\",\"isPartOf\":{\"@id\":\"https:\\\/\\\/autofans.com.ar\\\/index.php\\\/2023\\\/01\\\/09\\\/citroen-presento-su-stand-en-carilo\\\/\"},\"author\":{\"name\":\"AleCAF\",\"@id\":\"https:\\\/\\\/autofans.com.ar\\\/#\\\/schema\\\/person\\\/4f260a29da3cfebb7f29121591a73481\"},\"headline\":\"CITRO\u00cbN presento su stand en Caril\u00f3\",\"datePublished\":\"2023-01-09T00:27:02+00:00\",\"dateModified\":\"2023-03-02T18:06:10+00:00\",\"mainEntityOfPage\":{\"@id\":\"https:\\\/\\\/autofans.com.ar\\\/index.php\\\/2023\\\/01\\\/09\\\/citroen-presento-su-stand-en-carilo\\\/\"},\"wordCount\":1078,\"image\":{\"@id\":\"https:\\\/\\\/autofans.com.ar\\\/index.php\\\/2023\\\/01\\\/09\\\/citroen-presento-su-stand-en-carilo\\\/#primaryimage\"},\"thumbnailUrl\":\"https:\\\/\\\/autofans.com.ar\\\/wp-content\\\/uploads\\\/2023\\\/02\\\/CITROEN-presento-su-stand-en-Carilo.jpeg\",\"keywords\":[\"Argentina\",\"Citroen\",\"Citroen C4\",\"Persencia de marca\",\"Stand en carilo\",\"Stellantis\",\"Stellantis Insurance\",\"SUV\",\"Total Energies Argentina\",\"Verano 2023\"],\"articleSection\":[\"BIZSTYLE\",\"NOTICIAS\"],\"inLanguage\":\"es\"},{\"@type\":\"WebPage\",\"@id\":\"https:\\\/\\\/autofans.com.ar\\\/index.php\\\/2023\\\/01\\\/09\\\/citroen-presento-su-stand-en-carilo\\\/\",\"url\":\"https:\\\/\\\/autofans.com.ar\\\/index.php\\\/2023\\\/01\\\/09\\\/citroen-presento-su-stand-en-carilo\\\/\",\"name\":\"CITRO\u00cbN presento su stand en Caril\u00f3 -\",\"isPartOf\":{\"@id\":\"https:\\\/\\\/autofans.com.ar\\\/#website\"},\"primaryImageOfPage\":{\"@id\":\"https:\\\/\\\/autofans.com.ar\\\/index.php\\\/2023\\\/01\\\/09\\\/citroen-presento-su-stand-en-carilo\\\/#primaryimage\"},\"image\":{\"@id\":\"https:\\\/\\\/autofans.com.ar\\\/index.php\\\/2023\\\/01\\\/09\\\/citroen-presento-su-stand-en-carilo\\\/#primaryimage\"},\"thumbnailUrl\":\"https:\\\/\\\/autofans.com.ar\\\/wp-content\\\/uploads\\\/2023\\\/02\\\/CITROEN-presento-su-stand-en-Carilo.jpeg\",\"datePublished\":\"2023-01-09T00:27:02+00:00\",\"dateModified\":\"2023-03-02T18:06:10+00:00\",\"author\":{\"@id\":\"https:\\\/\\\/autofans.com.ar\\\/#\\\/schema\\\/person\\\/4f260a29da3cfebb7f29121591a73481\"},\"description\":\"Todos aquellos que est\u00e9n presentes en la Costa Atl\u00e1ntica este verano ya pueden conocer en exclusiva el Nuevo CITRO\u00cbN C5 AIRCROSS...\",\"breadcrumb\":{\"@id\":\"https:\\\/\\\/autofans.com.ar\\\/index.php\\\/2023\\\/01\\\/09\\\/citroen-presento-su-stand-en-carilo\\\/#breadcrumb\"},\"inLanguage\":\"es\",\"potentialAction\":[{\"@type\":\"ReadAction\",\"target\":[\"https:\\\/\\\/autofans.com.ar\\\/index.php\\\/2023\\\/01\\\/09\\\/citroen-presento-su-stand-en-carilo\\\/\"]}]},{\"@type\":\"ImageObject\",\"inLanguage\":\"es\",\"@id\":\"https:\\\/\\\/autofans.com.ar\\\/index.php\\\/2023\\\/01\\\/09\\\/citroen-presento-su-stand-en-carilo\\\/#primaryimage\",\"url\":\"https:\\\/\\\/autofans.com.ar\\\/wp-content\\\/uploads\\\/2023\\\/02\\\/CITROEN-presento-su-stand-en-Carilo.jpeg\",\"contentUrl\":\"https:\\\/\\\/autofans.com.ar\\\/wp-content\\\/uploads\\\/2023\\\/02\\\/CITROEN-presento-su-stand-en-Carilo.jpeg\",\"width\":600,\"height\":400},{\"@type\":\"BreadcrumbList\",\"@id\":\"https:\\\/\\\/autofans.com.ar\\\/index.php\\\/2023\\\/01\\\/09\\\/citroen-presento-su-stand-en-carilo\\\/#breadcrumb\",\"itemListElement\":[{\"@type\":\"ListItem\",\"position\":1,\"name\":\"Inicio\",\"item\":\"https:\\\/\\\/autofans.com.ar\\\/\"},{\"@type\":\"ListItem\",\"position\":2,\"name\":\"CITRO\u00cbN presento su stand en Caril\u00f3\"}]},{\"@type\":\"WebSite\",\"@id\":\"https:\\\/\\\/autofans.com.ar\\\/#website\",\"url\":\"https:\\\/\\\/autofans.com.ar\\\/\",\"name\":\"\",\"description\":\"El multimedio referente de la industria automotriz\",\"potentialAction\":[{\"@type\":\"SearchAction\",\"target\":{\"@type\":\"EntryPoint\",\"urlTemplate\":\"https:\\\/\\\/autofans.com.ar\\\/?s={search_term_string}\"},\"query-input\":{\"@type\":\"PropertyValueSpecification\",\"valueRequired\":true,\"valueName\":\"search_term_string\"}}],\"inLanguage\":\"es\"},{\"@type\":\"Person\",\"@id\":\"https:\\\/\\\/autofans.com.ar\\\/#\\\/schema\\\/person\\\/4f260a29da3cfebb7f29121591a73481\",\"name\":\"AleCAF\",\"image\":{\"@type\":\"ImageObject\",\"inLanguage\":\"es\",\"@id\":\"https:\\\/\\\/secure.gravatar.com\\\/avatar\\\/959b1ac26ee9dfc67318763f0a21a739fce256ee110a46fe86a2957f5568f27e?s=96&d=mm&r=g\",\"url\":\"https:\\\/\\\/secure.gravatar.com\\\/avatar\\\/959b1ac26ee9dfc67318763f0a21a739fce256ee110a46fe86a2957f5568f27e?s=96&d=mm&r=g\",\"contentUrl\":\"https:\\\/\\\/secure.gravatar.com\\\/avatar\\\/959b1ac26ee9dfc67318763f0a21a739fce256ee110a46fe86a2957f5568f27e?s=96&d=mm&r=g\",\"caption\":\"AleCAF\"},\"description\":\"Se trata del sitio web del multimedio Autofans, dedicado a informar las novedades y tendencias del segmento automotor nacional e internacional. El multimedio est\u00e1 conformado por Autofans web, Autofans TV (Programa), Youtube, Intagram y Facebook\",\"sameAs\":[\"https:\\\/\\\/autofans.com.ar\"],\"url\":\"https:\\\/\\\/autofans.com.ar\\\/index.php\\\/author\\\/alecampolieto\\\/\"}]}<\/script>\n<!-- \/ Yoast SEO plugin. -->","yoast_head_json":{"title":"CITRO\u00cbN presento su stand en Caril\u00f3 -","description":"Todos aquellos que est\u00e9n presentes en la Costa Atl\u00e1ntica este verano ya pueden conocer en exclusiva el Nuevo CITRO\u00cbN C5 AIRCROSS...","robots":{"index":"index","follow":"follow","max-snippet":"max-snippet:-1","max-image-preview":"max-image-preview:large","max-video-preview":"max-video-preview:-1"},"canonical":"https:\/\/autofans.com.ar\/index.php\/2023\/01\/09\/citroen-presento-su-stand-en-carilo\/","og_locale":"es_ES","og_type":"article","og_title":"CITRO\u00cbN presento su stand en Caril\u00f3 -","og_description":"Todos aquellos que est\u00e9n presentes en la Costa Atl\u00e1ntica este verano ya pueden conocer en exclusiva el Nuevo CITRO\u00cbN C5 AIRCROSS...","og_url":"https:\/\/autofans.com.ar\/index.php\/2023\/01\/09\/citroen-presento-su-stand-en-carilo\/","article_published_time":"2023-01-09T00:27:02+00:00","article_modified_time":"2023-03-02T18:06:10+00:00","og_image":[{"width":600,"height":400,"url":"https:\/\/autofans.com.ar\/wp-content\/uploads\/2023\/02\/CITROEN-presento-su-stand-en-Carilo.jpeg","type":"image\/jpeg"}],"author":"AleCAF","twitter_card":"summary_large_image","twitter_misc":{"Escrito por":"AleCAF","Tiempo de lectura":"5 minutos"},"schema":{"@context":"https:\/\/schema.org","@graph":[{"@type":"Article","@id":"https:\/\/autofans.com.ar\/index.php\/2023\/01\/09\/citroen-presento-su-stand-en-carilo\/#article","isPartOf":{"@id":"https:\/\/autofans.com.ar\/index.php\/2023\/01\/09\/citroen-presento-su-stand-en-carilo\/"},"author":{"name":"AleCAF","@id":"https:\/\/autofans.com.ar\/#\/schema\/person\/4f260a29da3cfebb7f29121591a73481"},"headline":"CITRO\u00cbN presento su stand en Caril\u00f3","datePublished":"2023-01-09T00:27:02+00:00","dateModified":"2023-03-02T18:06:10+00:00","mainEntityOfPage":{"@id":"https:\/\/autofans.com.ar\/index.php\/2023\/01\/09\/citroen-presento-su-stand-en-carilo\/"},"wordCount":1078,"image":{"@id":"https:\/\/autofans.com.ar\/index.php\/2023\/01\/09\/citroen-presento-su-stand-en-carilo\/#primaryimage"},"thumbnailUrl":"https:\/\/autofans.com.ar\/wp-content\/uploads\/2023\/02\/CITROEN-presento-su-stand-en-Carilo.jpeg","keywords":["Argentina","Citroen","Citroen C4","Persencia de marca","Stand en carilo","Stellantis","Stellantis Insurance","SUV","Total Energies Argentina","Verano 2023"],"articleSection":["BIZSTYLE","NOTICIAS"],"inLanguage":"es"},{"@type":"WebPage","@id":"https:\/\/autofans.com.ar\/index.php\/2023\/01\/09\/citroen-presento-su-stand-en-carilo\/","url":"https:\/\/autofans.com.ar\/index.php\/2023\/01\/09\/citroen-presento-su-stand-en-carilo\/","name":"CITRO\u00cbN presento su stand en Caril\u00f3 -","isPartOf":{"@id":"https:\/\/autofans.com.ar\/#website"},"primaryImageOfPage":{"@id":"https:\/\/autofans.com.ar\/index.php\/2023\/01\/09\/citroen-presento-su-stand-en-carilo\/#primaryimage"},"image":{"@id":"https:\/\/autofans.com.ar\/index.php\/2023\/01\/09\/citroen-presento-su-stand-en-carilo\/#primaryimage"},"thumbnailUrl":"https:\/\/autofans.com.ar\/wp-content\/uploads\/2023\/02\/CITROEN-presento-su-stand-en-Carilo.jpeg","datePublished":"2023-01-09T00:27:02+00:00","dateModified":"2023-03-02T18:06:10+00:00","author":{"@id":"https:\/\/autofans.com.ar\/#\/schema\/person\/4f260a29da3cfebb7f29121591a73481"},"description":"Todos aquellos que est\u00e9n presentes en la Costa Atl\u00e1ntica este verano ya pueden conocer en exclusiva el Nuevo CITRO\u00cbN C5 AIRCROSS...","breadcrumb":{"@id":"https:\/\/autofans.com.ar\/index.php\/2023\/01\/09\/citroen-presento-su-stand-en-carilo\/#breadcrumb"},"inLanguage":"es","potentialAction":[{"@type":"ReadAction","target":["https:\/\/autofans.com.ar\/index.php\/2023\/01\/09\/citroen-presento-su-stand-en-carilo\/"]}]},{"@type":"ImageObject","inLanguage":"es","@id":"https:\/\/autofans.com.ar\/index.php\/2023\/01\/09\/citroen-presento-su-stand-en-carilo\/#primaryimage","url":"https:\/\/autofans.com.ar\/wp-content\/uploads\/2023\/02\/CITROEN-presento-su-stand-en-Carilo.jpeg","contentUrl":"https:\/\/autofans.com.ar\/wp-content\/uploads\/2023\/02\/CITROEN-presento-su-stand-en-Carilo.jpeg","width":600,"height":400},{"@type":"BreadcrumbList","@id":"https:\/\/autofans.com.ar\/index.php\/2023\/01\/09\/citroen-presento-su-stand-en-carilo\/#breadcrumb","itemListElement":[{"@type":"ListItem","position":1,"name":"Inicio","item":"https:\/\/autofans.com.ar\/"},{"@type":"ListItem","position":2,"name":"CITRO\u00cbN presento su stand en Caril\u00f3"}]},{"@type":"WebSite","@id":"https:\/\/autofans.com.ar\/#website","url":"https:\/\/autofans.com.ar\/","name":"","description":"El multimedio referente de la industria automotriz","potentialAction":[{"@type":"SearchAction","target":{"@type":"EntryPoint","urlTemplate":"https:\/\/autofans.com.ar\/?s={search_term_string}"},"query-input":{"@type":"PropertyValueSpecification","valueRequired":true,"valueName":"search_term_string"}}],"inLanguage":"es"},{"@type":"Person","@id":"https:\/\/autofans.com.ar\/#\/schema\/person\/4f260a29da3cfebb7f29121591a73481","name":"AleCAF","image":{"@type":"ImageObject","inLanguage":"es","@id":"https:\/\/secure.gravatar.com\/avatar\/959b1ac26ee9dfc67318763f0a21a739fce256ee110a46fe86a2957f5568f27e?s=96&d=mm&r=g","url":"https:\/\/secure.gravatar.com\/avatar\/959b1ac26ee9dfc67318763f0a21a739fce256ee110a46fe86a2957f5568f27e?s=96&d=mm&r=g","contentUrl":"https:\/\/secure.gravatar.com\/avatar\/959b1ac26ee9dfc67318763f0a21a739fce256ee110a46fe86a2957f5568f27e?s=96&d=mm&r=g","caption":"AleCAF"},"description":"Se trata del sitio web del multimedio Autofans, dedicado a informar las novedades y tendencias del segmento automotor nacional e internacional. El multimedio est\u00e1 conformado por Autofans web, Autofans TV (Programa), Youtube, Intagram y Facebook","sameAs":["https:\/\/autofans.com.ar"],"url":"https:\/\/autofans.com.ar\/index.php\/author\/alecampolieto\/"}]}},"featured_image_urls":{"full":["https:\/\/autofans.com.ar\/wp-content\/uploads\/2023\/02\/CITROEN-presento-su-stand-en-Carilo.jpeg",600,400,false],"thumbnail":["https:\/\/autofans.com.ar\/wp-content\/uploads\/2023\/02\/CITROEN-presento-su-stand-en-Carilo-150x150.jpeg",150,150,true],"medium":["https:\/\/autofans.com.ar\/wp-content\/uploads\/2023\/02\/CITROEN-presento-su-stand-en-Carilo-300x200.jpeg",300,200,true],"medium_large":["https:\/\/autofans.com.ar\/wp-content\/uploads\/2023\/02\/CITROEN-presento-su-stand-en-Carilo.jpeg",600,400,false],"large":["https:\/\/autofans.com.ar\/wp-content\/uploads\/2023\/02\/CITROEN-presento-su-stand-en-Carilo.jpeg",600,400,false],"1536x1536":["https:\/\/autofans.com.ar\/wp-content\/uploads\/2023\/02\/CITROEN-presento-su-stand-en-Carilo.jpeg",600,400,false],"2048x2048":["https:\/\/autofans.com.ar\/wp-content\/uploads\/2023\/02\/CITROEN-presento-su-stand-en-Carilo.jpeg",600,400,false],"covernews-featured":["https:\/\/autofans.com.ar\/wp-content\/uploads\/2023\/02\/CITROEN-presento-su-stand-en-Carilo.jpeg",600,400,false],"covernews-medium":["https:\/\/autofans.com.ar\/wp-content\/uploads\/2023\/02\/CITROEN-presento-su-stand-en-Carilo-540x340.jpeg",540,340,true]},"author_info":{"display_name":"AleCAF","author_link":"https:\/\/autofans.com.ar\/index.php\/author\/alecampolieto\/"},"category_info":"<a href=\"https:\/\/autofans.com.ar\/index.php\/category\/noticias\/bizstyle\/\" rel=\"category tag\">BIZSTYLE<\/a> <a href=\"https:\/\/autofans.com.ar\/index.php\/category\/noticias\/\" rel=\"category tag\">NOTICIAS<\/a>","tag_info":"NOTICIAS","comment_count":0,"_links":{"self":[{"href":"https:\/\/autofans.com.ar\/index.php\/wp-json\/wp\/v2\/posts\/108","targetHints":{"allow":["GET"]}}],"collection":[{"href":"https:\/\/autofans.com.ar\/index.php\/wp-json\/wp\/v2\/posts"}],"about":[{"href":"https:\/\/autofans.com.ar\/index.php\/wp-json\/wp\/v2\/types\/post"}],"author":[{"embeddable":true,"href":"https:\/\/autofans.com.ar\/index.php\/wp-json\/wp\/v2\/users\/1"}],"replies":[{"embeddable":true,"href":"https:\/\/autofans.com.ar\/index.php\/wp-json\/wp\/v2\/comments?post=108"}],"version-history":[{"count":1,"href":"https:\/\/autofans.com.ar\/index.php\/wp-json\/wp\/v2\/posts\/108\/revisions"}],"predecessor-version":[{"id":110,"href":"https:\/\/autofans.com.ar\/index.php\/wp-json\/wp\/v2\/posts\/108\/revisions\/110"}],"wp:featuredmedia":[{"embeddable":true,"href":"https:\/\/autofans.com.ar\/index.php\/wp-json\/wp\/v2\/media\/109"}],"wp:attachment":[{"href":"https:\/\/autofans.com.ar\/index.php\/wp-json\/wp\/v2\/media?parent=108"}],"wp:term":[{"taxonomy":"category","embeddable":true,"href":"https:\/\/autofans.com.ar\/index.php\/wp-json\/wp\/v2\/categories?post=108"},{"taxonomy":"post_tag","embeddable":true,"href":"https:\/\/autofans.com.ar\/index.php\/wp-json\/wp\/v2\/tags?post=108"}],"curies":[{"name":"wp","href":"https:\/\/api.w.org\/{rel}","templated":true}]}}