{"id":10836,"date":"2025-01-22T16:02:00","date_gmt":"2025-01-22T19:02:00","guid":{"rendered":"https:\/\/autofans.com.ar\/?p=10836"},"modified":"2025-01-22T16:02:00","modified_gmt":"2025-01-22T19:02:00","slug":"bmw-m-2024-un-ano-de-records-y-crecimiento-sostenido","status":"publish","type":"post","link":"https:\/\/autofans.com.ar\/index.php\/2025\/01\/22\/bmw-m-2024-un-ano-de-records-y-crecimiento-sostenido\/","title":{"rendered":"BMW M 2024, un a\u00f1o de r\u00e9cords y crecimiento sostenido"},"content":{"rendered":"<p data-pm-slice=\"1 1 []\">BMW M GmbH, la divisi\u00f3n de autom\u00f3viles deportivos, cerr\u00f3 el 2024 con un logro hist\u00f3rico: 206.582 veh\u00edculos vendidos, marcando el 13\u00ba a\u00f1o consecutivo de crecimiento en ventas. Este \u00e9xito consolida a la marca como l\u00edder en su segmento, alcanzando una participaci\u00f3n r\u00e9cord del 9,4% en las ventas globales de BMW Group.<\/p>\n<p>El i4 M50, totalmente el\u00e9ctrico, se posicion\u00f3 como el modelo m\u00e1s vendido por tercer a\u00f1o consecutivo. Con 400 kW\/544 hp de potencia y una autonom\u00eda de hasta 522 kil\u00f3metros (WLTP), este Gran Coup\u00e9 combina dinamismo y precisi\u00f3n con un dise\u00f1o que lidera la transici\u00f3n hacia la electromovilidad.<\/p>\n<p>&nbsp;<\/p>\n<blockquote>\n<p style=\"text-align: center;\">\u00abLa alta demanda tanto de modelos de gasolina como el\u00e9ctricos demuestra que nuestra estrategia de apertura tecnol\u00f3gica tambi\u00e9n est\u00e1 dando sus frutos en el segmento de alto rendimiento, lo que nos lleva a resultados r\u00e9cord\u00bb, afirma Sylvia Neubauer, responsable de Atenci\u00f3n al Cliente, Marca y Ventas de BMW M GmbH. \u00abQuien busque una experiencia de conducci\u00f3n deportiva siempre la encontrar\u00e1 en BMW M, en todas las categor\u00edas de veh\u00edculos y variantes de propulsi\u00f3n\u00bb.<\/p>\n<\/blockquote>\n<p>&nbsp;<\/p>\n<h2>Modelos de alto rendimiento: protagonistas del crecimiento<\/h2>\n<p>&nbsp;<\/p>\n<p><img fetchpriority=\"high\" decoding=\"async\" class=\"aligncenter wp-image-10842 size-full\" src=\"https:\/\/autofans.com.ar\/wp-content\/uploads\/2025\/01\/bmw-1-2.jpg\" alt=\"BMW M\" width=\"1000\" height=\"667\" srcset=\"https:\/\/autofans.com.ar\/wp-content\/uploads\/2025\/01\/bmw-1-2.jpg 1000w, https:\/\/autofans.com.ar\/wp-content\/uploads\/2025\/01\/bmw-1-2-300x200.jpg 300w, https:\/\/autofans.com.ar\/wp-content\/uploads\/2025\/01\/bmw-1-2-768x512.jpg 768w\" sizes=\"(max-width: 1000px) 100vw, 1000px\" \/><\/p>\n<p>&nbsp;<\/p>\n<p>En 2024, los modelos de alto rendimiento, como el BMW M2, \u00a0M3 Touring y el XM, impulsaron el crecimiento. El BMW M2 registr\u00f3 un aumento del 64%, destac\u00e1ndose por su motor de seis cilindros en l\u00ednea M TwinPower Turbo con 353 kW\/480 hp. Por su parte, el BMW M3 Touring creci\u00f3 un 57%, mientras que el BMW XM, primer modelo electrificado de alto rendimiento, alcanz\u00f3 un incremento del 16%, gracias a su sistema M HYBRID que moviliza hasta 550 kW\/748 hp en su versi\u00f3n tope de gama. En total, este segmento creci\u00f3 un 8%, alcanzando 66.805 unidades vendidas.<\/p>\n<p>&nbsp;<\/p>\n<blockquote>\n<p style=\"text-align: center;\">BMW M GmbH mantiene su liderazgo en mercados estrat\u00e9gicos como Estados Unidos, Reino Unido y Alemania, consolid\u00e1ndose como el n\u00famero uno entre los fabricantes de autom\u00f3viles deportivos. \u00abEsta confianza de nuestros clientes nos impulsa a seguir innovando, incluso en un entorno econ\u00f3mico desafiante\u00bb, afirm\u00f3 Franciscus van Meel, presidente de BMW M GmbH.<\/p>\n<\/blockquote>\n<p>&nbsp;<\/p>\n<h2>Perspectivas para 2025 &#8211; m\u00e1s diversidad e innovaci\u00f3n<\/h2>\n<p>&nbsp;<\/p>\n<p><img decoding=\"async\" class=\"aligncenter wp-image-10840 size-full\" src=\"https:\/\/autofans.com.ar\/wp-content\/uploads\/2025\/01\/bmw-3-2.jpg\" alt=\"BMW M\" width=\"1000\" height=\"667\" srcset=\"https:\/\/autofans.com.ar\/wp-content\/uploads\/2025\/01\/bmw-3-2.jpg 1000w, https:\/\/autofans.com.ar\/wp-content\/uploads\/2025\/01\/bmw-3-2-300x200.jpg 300w, https:\/\/autofans.com.ar\/wp-content\/uploads\/2025\/01\/bmw-3-2-768x512.jpg 768w\" sizes=\"(max-width: 1000px) 100vw, 1000px\" \/><\/p>\n<p>&nbsp;<\/p>\n<p>El 2025 promete ser un a\u00f1o clave, con la expansi\u00f3n de su portafolio. La marca planea lanzar modelos especiales y revisiones con motorizaciones el\u00e9ctricas, h\u00edbridas y de combusti\u00f3n. Adem\u00e1s, contin\u00faa el desarrollo del BMW M3 totalmente el\u00e9ctrico, reafirmando el compromiso de la marca con la sostenibilidad sin comprometer el rendimiento.<\/p>\n<p>&nbsp;<\/p>\n<h2>BMW M Motorsport &#8211; pasi\u00f3n y resultados<\/h2>\n<p>&nbsp;<\/p>\n<p><img decoding=\"async\" class=\"aligncenter wp-image-10838 size-full\" src=\"https:\/\/autofans.com.ar\/wp-content\/uploads\/2025\/01\/bmw-5-1.jpg\" alt=\"BMW M\" width=\"1000\" height=\"667\" srcset=\"https:\/\/autofans.com.ar\/wp-content\/uploads\/2025\/01\/bmw-5-1.jpg 1000w, https:\/\/autofans.com.ar\/wp-content\/uploads\/2025\/01\/bmw-5-1-300x200.jpg 300w, https:\/\/autofans.com.ar\/wp-content\/uploads\/2025\/01\/bmw-5-1-768x512.jpg 768w\" sizes=\"(max-width: 1000px) 100vw, 1000px\" \/><\/p>\n<p>&nbsp;<\/p>\n<p>En el \u00e1mbito del automovilismo, BMW M Motorsport brill\u00f3 en 2024 con 215 victorias y m\u00e1s de un mill\u00f3n de kil\u00f3metros recorridos en competiciones globales. En 2025, el foco estar\u00e1 en el BMW M Hybrid V8, que participar\u00e1 en el FIA WEC y la serie IMSA. Adem\u00e1s, las versiones EVO de los modelos: M4 GT3 y el M4 GT4 debutar\u00e1n en las pistas, demostrando la conexi\u00f3n entre el automovilismo y la innovaci\u00f3n tecnol\u00f3gica.<\/p>\n<p>Con una visi\u00f3n audaz y un portafolio diversificado, BMW M GmbH se prepara para seguir liderando en 2025, llevando el placer de conducir y la excelencia deportiva a nuevos horizontes.<\/p>\n<p>&nbsp;<\/p>\n<p>&nbsp;<\/p>\n<p>&nbsp;<\/p>\n<p><i>Para enterarte de m\u00e1s novedades, no dejes de leer\u00a0<\/i><a href=\"https:\/\/autofans.thebrandsoup.com\/\"><i>nuestras notas<\/i><\/a><i>, de ver<\/i><b><i>\u00a0<\/i><\/b><a href=\"https:\/\/www.youtube.com\/channel\/UCgAC8UGHZYbT6P7PpmVnP7g\"><b><i>AUTOFANS TV<\/i><\/b><\/a><b><i>\u00a0<\/i><\/b><i>en nuestro\u00a0canal de Youtube. Adem\u00e1s seguinos en\u00a0<\/i><a href=\"https:\/\/www.instagram.com\/autofanstv\/\"><i>INSTAGRAM<\/i><\/a><i> y <\/i><a href=\"https:\/\/www.facebook.com\/autofansmas\/\"><i>FACEBOOK<\/i><\/a><i> para no perderte nada sobre las novedades del segmento automotor de Argentina y el mundo.<\/i><\/p>\n","protected":false},"excerpt":{"rendered":"<p>BMW M GmbH, la divisi\u00f3n de autom\u00f3viles deportivos, cerr\u00f3 el 2024 con un logro hist\u00f3rico:&#8230;<\/p>\n","protected":false},"author":2,"featured_media":10839,"comment_status":"closed","ping_status":"closed","sticky":false,"template":"","format":"standard","meta":{"footnotes":""},"categories":[341,16],"tags":[5900,5902,5898,5895,1814,5897,5899,5901,5896,5894],"class_list":["post-10836","post","type-post","status-publish","format-standard","has-post-thumbnail","hentry","category-hibridos-y-electricos","category-noticias","tag-automovilismo-bmw-m","tag-autos-deportivos-bmw","tag-bmw-i4-m50-electrico","tag-bmw-m-2024","tag-bmw-m-gmbh","tag-bmw-m2-2024","tag-bmw-xm-hibrido","tag-innovacion-bmw-m-2025","tag-modelos-bmw-m","tag-record-de-ventas-bmw-m"],"yoast_head":"<!-- This site is optimized with the Yoast SEO plugin v27.5 - https:\/\/yoast.com\/product\/yoast-seo-wordpress\/ -->\n<title>BMW M 2024, un a\u00f1o de r\u00e9cords y crecimiento sostenido -<\/title>\n<meta name=\"description\" content=\"BMW M GmbH, la divisi\u00f3n de autom\u00f3viles deportivos de BMW, cerr\u00f3 el 2024 con un logro hist\u00f3rico: 206.582 veh\u00edculos vendidos...\" \/>\n<meta name=\"robots\" content=\"index, follow, max-snippet:-1, max-image-preview:large, max-video-preview:-1\" \/>\n<link rel=\"canonical\" href=\"https:\/\/autofans.com.ar\/index.php\/2025\/01\/22\/bmw-m-2024-un-ano-de-records-y-crecimiento-sostenido\/\" \/>\n<meta property=\"og:locale\" content=\"es_ES\" \/>\n<meta property=\"og:type\" content=\"article\" \/>\n<meta property=\"og:title\" content=\"BMW M 2024, un a\u00f1o de r\u00e9cords y crecimiento sostenido -\" \/>\n<meta property=\"og:description\" content=\"BMW M GmbH, la divisi\u00f3n de autom\u00f3viles deportivos de BMW, cerr\u00f3 el 2024 con un logro hist\u00f3rico: 206.582 veh\u00edculos vendidos...\" \/>\n<meta property=\"og:url\" content=\"https:\/\/autofans.com.ar\/index.php\/2025\/01\/22\/bmw-m-2024-un-ano-de-records-y-crecimiento-sostenido\/\" \/>\n<meta property=\"article:published_time\" content=\"2025-01-22T19:02:00+00:00\" \/>\n<meta property=\"og:image\" content=\"https:\/\/autofans.com.ar\/wp-content\/uploads\/2025\/01\/bmw-4-1.jpg\" \/>\n\t<meta property=\"og:image:width\" content=\"1000\" \/>\n\t<meta property=\"og:image:height\" content=\"667\" \/>\n\t<meta property=\"og:image:type\" content=\"image\/jpeg\" \/>\n<meta name=\"author\" content=\"Alejandro Gabriel Rosito\" \/>\n<meta name=\"twitter:card\" content=\"summary_large_image\" \/>\n<meta name=\"twitter:label1\" content=\"Escrito por\" \/>\n\t<meta name=\"twitter:data1\" content=\"Alejandro Gabriel Rosito\" \/>\n\t<meta name=\"twitter:label2\" content=\"Tiempo de lectura\" \/>\n\t<meta name=\"twitter:data2\" content=\"3 minutos\" \/>\n<script type=\"application\/ld+json\" class=\"yoast-schema-graph\">{\"@context\":\"https:\\\/\\\/schema.org\",\"@graph\":[{\"@type\":\"Article\",\"@id\":\"https:\\\/\\\/autofans.com.ar\\\/index.php\\\/2025\\\/01\\\/22\\\/bmw-m-2024-un-ano-de-records-y-crecimiento-sostenido\\\/#article\",\"isPartOf\":{\"@id\":\"https:\\\/\\\/autofans.com.ar\\\/index.php\\\/2025\\\/01\\\/22\\\/bmw-m-2024-un-ano-de-records-y-crecimiento-sostenido\\\/\"},\"author\":{\"name\":\"Alejandro Gabriel Rosito\",\"@id\":\"https:\\\/\\\/autofans.com.ar\\\/#\\\/schema\\\/person\\\/4a8dda0b6df83ac3d6723e921274c2aa\"},\"headline\":\"BMW M 2024, un a\u00f1o de r\u00e9cords y crecimiento sostenido\",\"datePublished\":\"2025-01-22T19:02:00+00:00\",\"mainEntityOfPage\":{\"@id\":\"https:\\\/\\\/autofans.com.ar\\\/index.php\\\/2025\\\/01\\\/22\\\/bmw-m-2024-un-ano-de-records-y-crecimiento-sostenido\\\/\"},\"wordCount\":597,\"image\":{\"@id\":\"https:\\\/\\\/autofans.com.ar\\\/index.php\\\/2025\\\/01\\\/22\\\/bmw-m-2024-un-ano-de-records-y-crecimiento-sostenido\\\/#primaryimage\"},\"thumbnailUrl\":\"https:\\\/\\\/autofans.com.ar\\\/wp-content\\\/uploads\\\/2025\\\/01\\\/bmw-4-1.jpg\",\"keywords\":[\"automovilismo BMW M\",\"autos deportivos BMW.\",\"BMW i4 M50 el\u00e9ctrico\",\"BMW M 2024\",\"BMW M GmbH\",\"BMW M2 2024\",\"BMW XM h\u00edbrido\",\"innovaci\u00f3n BMW M 2025\",\"modelos BMW M\",\"r\u00e9cord de ventas BMW M\"],\"articleSection\":[\"HIBRIDOS, ELECTRICOS y otros\",\"NOTICIAS\"],\"inLanguage\":\"es\"},{\"@type\":\"WebPage\",\"@id\":\"https:\\\/\\\/autofans.com.ar\\\/index.php\\\/2025\\\/01\\\/22\\\/bmw-m-2024-un-ano-de-records-y-crecimiento-sostenido\\\/\",\"url\":\"https:\\\/\\\/autofans.com.ar\\\/index.php\\\/2025\\\/01\\\/22\\\/bmw-m-2024-un-ano-de-records-y-crecimiento-sostenido\\\/\",\"name\":\"BMW M 2024, un a\u00f1o de r\u00e9cords y crecimiento sostenido -\",\"isPartOf\":{\"@id\":\"https:\\\/\\\/autofans.com.ar\\\/#website\"},\"primaryImageOfPage\":{\"@id\":\"https:\\\/\\\/autofans.com.ar\\\/index.php\\\/2025\\\/01\\\/22\\\/bmw-m-2024-un-ano-de-records-y-crecimiento-sostenido\\\/#primaryimage\"},\"image\":{\"@id\":\"https:\\\/\\\/autofans.com.ar\\\/index.php\\\/2025\\\/01\\\/22\\\/bmw-m-2024-un-ano-de-records-y-crecimiento-sostenido\\\/#primaryimage\"},\"thumbnailUrl\":\"https:\\\/\\\/autofans.com.ar\\\/wp-content\\\/uploads\\\/2025\\\/01\\\/bmw-4-1.jpg\",\"datePublished\":\"2025-01-22T19:02:00+00:00\",\"author\":{\"@id\":\"https:\\\/\\\/autofans.com.ar\\\/#\\\/schema\\\/person\\\/4a8dda0b6df83ac3d6723e921274c2aa\"},\"description\":\"BMW M GmbH, la divisi\u00f3n de autom\u00f3viles deportivos de BMW, cerr\u00f3 el 2024 con un logro hist\u00f3rico: 206.582 veh\u00edculos vendidos...\",\"breadcrumb\":{\"@id\":\"https:\\\/\\\/autofans.com.ar\\\/index.php\\\/2025\\\/01\\\/22\\\/bmw-m-2024-un-ano-de-records-y-crecimiento-sostenido\\\/#breadcrumb\"},\"inLanguage\":\"es\",\"potentialAction\":[{\"@type\":\"ReadAction\",\"target\":[\"https:\\\/\\\/autofans.com.ar\\\/index.php\\\/2025\\\/01\\\/22\\\/bmw-m-2024-un-ano-de-records-y-crecimiento-sostenido\\\/\"]}]},{\"@type\":\"ImageObject\",\"inLanguage\":\"es\",\"@id\":\"https:\\\/\\\/autofans.com.ar\\\/index.php\\\/2025\\\/01\\\/22\\\/bmw-m-2024-un-ano-de-records-y-crecimiento-sostenido\\\/#primaryimage\",\"url\":\"https:\\\/\\\/autofans.com.ar\\\/wp-content\\\/uploads\\\/2025\\\/01\\\/bmw-4-1.jpg\",\"contentUrl\":\"https:\\\/\\\/autofans.com.ar\\\/wp-content\\\/uploads\\\/2025\\\/01\\\/bmw-4-1.jpg\",\"width\":1000,\"height\":667,\"caption\":\"BMW M\"},{\"@type\":\"BreadcrumbList\",\"@id\":\"https:\\\/\\\/autofans.com.ar\\\/index.php\\\/2025\\\/01\\\/22\\\/bmw-m-2024-un-ano-de-records-y-crecimiento-sostenido\\\/#breadcrumb\",\"itemListElement\":[{\"@type\":\"ListItem\",\"position\":1,\"name\":\"Inicio\",\"item\":\"https:\\\/\\\/autofans.com.ar\\\/\"},{\"@type\":\"ListItem\",\"position\":2,\"name\":\"BMW M 2024, un a\u00f1o de r\u00e9cords y crecimiento sostenido\"}]},{\"@type\":\"WebSite\",\"@id\":\"https:\\\/\\\/autofans.com.ar\\\/#website\",\"url\":\"https:\\\/\\\/autofans.com.ar\\\/\",\"name\":\"\",\"description\":\"El multimedio referente de la industria automotriz\",\"potentialAction\":[{\"@type\":\"SearchAction\",\"target\":{\"@type\":\"EntryPoint\",\"urlTemplate\":\"https:\\\/\\\/autofans.com.ar\\\/?s={search_term_string}\"},\"query-input\":{\"@type\":\"PropertyValueSpecification\",\"valueRequired\":true,\"valueName\":\"search_term_string\"}}],\"inLanguage\":\"es\"},{\"@type\":\"Person\",\"@id\":\"https:\\\/\\\/autofans.com.ar\\\/#\\\/schema\\\/person\\\/4a8dda0b6df83ac3d6723e921274c2aa\",\"name\":\"Alejandro Gabriel Rosito\",\"image\":{\"@type\":\"ImageObject\",\"inLanguage\":\"es\",\"@id\":\"https:\\\/\\\/secure.gravatar.com\\\/avatar\\\/16c5dda1489adfc62618084dcbb91cffd879c374b13fe5dd8e44ed6733852c88?s=96&d=mm&r=g\",\"url\":\"https:\\\/\\\/secure.gravatar.com\\\/avatar\\\/16c5dda1489adfc62618084dcbb91cffd879c374b13fe5dd8e44ed6733852c88?s=96&d=mm&r=g\",\"contentUrl\":\"https:\\\/\\\/secure.gravatar.com\\\/avatar\\\/16c5dda1489adfc62618084dcbb91cffd879c374b13fe5dd8e44ed6733852c88?s=96&d=mm&r=g\",\"caption\":\"Alejandro Gabriel Rosito\"},\"url\":\"https:\\\/\\\/autofans.com.ar\\\/index.php\\\/author\\\/gabrielr\\\/\"}]}<\/script>\n<!-- \/ Yoast SEO plugin. -->","yoast_head_json":{"title":"BMW M 2024, un a\u00f1o de r\u00e9cords y crecimiento sostenido -","description":"BMW M GmbH, la divisi\u00f3n de autom\u00f3viles deportivos de BMW, cerr\u00f3 el 2024 con un logro hist\u00f3rico: 206.582 veh\u00edculos vendidos...","robots":{"index":"index","follow":"follow","max-snippet":"max-snippet:-1","max-image-preview":"max-image-preview:large","max-video-preview":"max-video-preview:-1"},"canonical":"https:\/\/autofans.com.ar\/index.php\/2025\/01\/22\/bmw-m-2024-un-ano-de-records-y-crecimiento-sostenido\/","og_locale":"es_ES","og_type":"article","og_title":"BMW M 2024, un a\u00f1o de r\u00e9cords y crecimiento sostenido -","og_description":"BMW M GmbH, la divisi\u00f3n de autom\u00f3viles deportivos de BMW, cerr\u00f3 el 2024 con un logro hist\u00f3rico: 206.582 veh\u00edculos vendidos...","og_url":"https:\/\/autofans.com.ar\/index.php\/2025\/01\/22\/bmw-m-2024-un-ano-de-records-y-crecimiento-sostenido\/","article_published_time":"2025-01-22T19:02:00+00:00","og_image":[{"width":1000,"height":667,"url":"https:\/\/autofans.com.ar\/wp-content\/uploads\/2025\/01\/bmw-4-1.jpg","type":"image\/jpeg"}],"author":"Alejandro Gabriel Rosito","twitter_card":"summary_large_image","twitter_misc":{"Escrito por":"Alejandro Gabriel Rosito","Tiempo de lectura":"3 minutos"},"schema":{"@context":"https:\/\/schema.org","@graph":[{"@type":"Article","@id":"https:\/\/autofans.com.ar\/index.php\/2025\/01\/22\/bmw-m-2024-un-ano-de-records-y-crecimiento-sostenido\/#article","isPartOf":{"@id":"https:\/\/autofans.com.ar\/index.php\/2025\/01\/22\/bmw-m-2024-un-ano-de-records-y-crecimiento-sostenido\/"},"author":{"name":"Alejandro Gabriel Rosito","@id":"https:\/\/autofans.com.ar\/#\/schema\/person\/4a8dda0b6df83ac3d6723e921274c2aa"},"headline":"BMW M 2024, un a\u00f1o de r\u00e9cords y crecimiento sostenido","datePublished":"2025-01-22T19:02:00+00:00","mainEntityOfPage":{"@id":"https:\/\/autofans.com.ar\/index.php\/2025\/01\/22\/bmw-m-2024-un-ano-de-records-y-crecimiento-sostenido\/"},"wordCount":597,"image":{"@id":"https:\/\/autofans.com.ar\/index.php\/2025\/01\/22\/bmw-m-2024-un-ano-de-records-y-crecimiento-sostenido\/#primaryimage"},"thumbnailUrl":"https:\/\/autofans.com.ar\/wp-content\/uploads\/2025\/01\/bmw-4-1.jpg","keywords":["automovilismo BMW M","autos deportivos BMW.","BMW i4 M50 el\u00e9ctrico","BMW M 2024","BMW M GmbH","BMW M2 2024","BMW XM h\u00edbrido","innovaci\u00f3n BMW M 2025","modelos BMW M","r\u00e9cord de ventas BMW M"],"articleSection":["HIBRIDOS, ELECTRICOS y otros","NOTICIAS"],"inLanguage":"es"},{"@type":"WebPage","@id":"https:\/\/autofans.com.ar\/index.php\/2025\/01\/22\/bmw-m-2024-un-ano-de-records-y-crecimiento-sostenido\/","url":"https:\/\/autofans.com.ar\/index.php\/2025\/01\/22\/bmw-m-2024-un-ano-de-records-y-crecimiento-sostenido\/","name":"BMW M 2024, un a\u00f1o de r\u00e9cords y crecimiento sostenido -","isPartOf":{"@id":"https:\/\/autofans.com.ar\/#website"},"primaryImageOfPage":{"@id":"https:\/\/autofans.com.ar\/index.php\/2025\/01\/22\/bmw-m-2024-un-ano-de-records-y-crecimiento-sostenido\/#primaryimage"},"image":{"@id":"https:\/\/autofans.com.ar\/index.php\/2025\/01\/22\/bmw-m-2024-un-ano-de-records-y-crecimiento-sostenido\/#primaryimage"},"thumbnailUrl":"https:\/\/autofans.com.ar\/wp-content\/uploads\/2025\/01\/bmw-4-1.jpg","datePublished":"2025-01-22T19:02:00+00:00","author":{"@id":"https:\/\/autofans.com.ar\/#\/schema\/person\/4a8dda0b6df83ac3d6723e921274c2aa"},"description":"BMW M GmbH, la divisi\u00f3n de autom\u00f3viles deportivos de BMW, cerr\u00f3 el 2024 con un logro hist\u00f3rico: 206.582 veh\u00edculos vendidos...","breadcrumb":{"@id":"https:\/\/autofans.com.ar\/index.php\/2025\/01\/22\/bmw-m-2024-un-ano-de-records-y-crecimiento-sostenido\/#breadcrumb"},"inLanguage":"es","potentialAction":[{"@type":"ReadAction","target":["https:\/\/autofans.com.ar\/index.php\/2025\/01\/22\/bmw-m-2024-un-ano-de-records-y-crecimiento-sostenido\/"]}]},{"@type":"ImageObject","inLanguage":"es","@id":"https:\/\/autofans.com.ar\/index.php\/2025\/01\/22\/bmw-m-2024-un-ano-de-records-y-crecimiento-sostenido\/#primaryimage","url":"https:\/\/autofans.com.ar\/wp-content\/uploads\/2025\/01\/bmw-4-1.jpg","contentUrl":"https:\/\/autofans.com.ar\/wp-content\/uploads\/2025\/01\/bmw-4-1.jpg","width":1000,"height":667,"caption":"BMW M"},{"@type":"BreadcrumbList","@id":"https:\/\/autofans.com.ar\/index.php\/2025\/01\/22\/bmw-m-2024-un-ano-de-records-y-crecimiento-sostenido\/#breadcrumb","itemListElement":[{"@type":"ListItem","position":1,"name":"Inicio","item":"https:\/\/autofans.com.ar\/"},{"@type":"ListItem","position":2,"name":"BMW M 2024, un a\u00f1o de r\u00e9cords y crecimiento sostenido"}]},{"@type":"WebSite","@id":"https:\/\/autofans.com.ar\/#website","url":"https:\/\/autofans.com.ar\/","name":"","description":"El multimedio referente de la industria automotriz","potentialAction":[{"@type":"SearchAction","target":{"@type":"EntryPoint","urlTemplate":"https:\/\/autofans.com.ar\/?s={search_term_string}"},"query-input":{"@type":"PropertyValueSpecification","valueRequired":true,"valueName":"search_term_string"}}],"inLanguage":"es"},{"@type":"Person","@id":"https:\/\/autofans.com.ar\/#\/schema\/person\/4a8dda0b6df83ac3d6723e921274c2aa","name":"Alejandro Gabriel Rosito","image":{"@type":"ImageObject","inLanguage":"es","@id":"https:\/\/secure.gravatar.com\/avatar\/16c5dda1489adfc62618084dcbb91cffd879c374b13fe5dd8e44ed6733852c88?s=96&d=mm&r=g","url":"https:\/\/secure.gravatar.com\/avatar\/16c5dda1489adfc62618084dcbb91cffd879c374b13fe5dd8e44ed6733852c88?s=96&d=mm&r=g","contentUrl":"https:\/\/secure.gravatar.com\/avatar\/16c5dda1489adfc62618084dcbb91cffd879c374b13fe5dd8e44ed6733852c88?s=96&d=mm&r=g","caption":"Alejandro Gabriel Rosito"},"url":"https:\/\/autofans.com.ar\/index.php\/author\/gabrielr\/"}]}},"featured_image_urls":{"full":["https:\/\/autofans.com.ar\/wp-content\/uploads\/2025\/01\/bmw-4-1.jpg",1000,667,false],"thumbnail":["https:\/\/autofans.com.ar\/wp-content\/uploads\/2025\/01\/bmw-4-1-150x150.jpg",150,150,true],"medium":["https:\/\/autofans.com.ar\/wp-content\/uploads\/2025\/01\/bmw-4-1-300x200.jpg",300,200,true],"medium_large":["https:\/\/autofans.com.ar\/wp-content\/uploads\/2025\/01\/bmw-4-1-768x512.jpg",640,427,true],"large":["https:\/\/autofans.com.ar\/wp-content\/uploads\/2025\/01\/bmw-4-1.jpg",640,427,false],"1536x1536":["https:\/\/autofans.com.ar\/wp-content\/uploads\/2025\/01\/bmw-4-1.jpg",1000,667,false],"2048x2048":["https:\/\/autofans.com.ar\/wp-content\/uploads\/2025\/01\/bmw-4-1.jpg",1000,667,false],"covernews-featured":["https:\/\/autofans.com.ar\/wp-content\/uploads\/2025\/01\/bmw-4-1.jpg",1000,667,false],"covernews-medium":["https:\/\/autofans.com.ar\/wp-content\/uploads\/2025\/01\/bmw-4-1-540x340.jpg",540,340,true]},"author_info":{"display_name":"Alejandro Gabriel Rosito","author_link":"https:\/\/autofans.com.ar\/index.php\/author\/gabrielr\/"},"category_info":"<a href=\"https:\/\/autofans.com.ar\/index.php\/category\/noticias\/hibridos-y-electricos\/\" rel=\"category tag\">HIBRIDOS, ELECTRICOS y otros<\/a> <a href=\"https:\/\/autofans.com.ar\/index.php\/category\/noticias\/\" rel=\"category tag\">NOTICIAS<\/a>","tag_info":"NOTICIAS","comment_count":0,"_links":{"self":[{"href":"https:\/\/autofans.com.ar\/index.php\/wp-json\/wp\/v2\/posts\/10836","targetHints":{"allow":["GET"]}}],"collection":[{"href":"https:\/\/autofans.com.ar\/index.php\/wp-json\/wp\/v2\/posts"}],"about":[{"href":"https:\/\/autofans.com.ar\/index.php\/wp-json\/wp\/v2\/types\/post"}],"author":[{"embeddable":true,"href":"https:\/\/autofans.com.ar\/index.php\/wp-json\/wp\/v2\/users\/2"}],"replies":[{"embeddable":true,"href":"https:\/\/autofans.com.ar\/index.php\/wp-json\/wp\/v2\/comments?post=10836"}],"version-history":[{"count":3,"href":"https:\/\/autofans.com.ar\/index.php\/wp-json\/wp\/v2\/posts\/10836\/revisions"}],"predecessor-version":[{"id":10844,"href":"https:\/\/autofans.com.ar\/index.php\/wp-json\/wp\/v2\/posts\/10836\/revisions\/10844"}],"wp:featuredmedia":[{"embeddable":true,"href":"https:\/\/autofans.com.ar\/index.php\/wp-json\/wp\/v2\/media\/10839"}],"wp:attachment":[{"href":"https:\/\/autofans.com.ar\/index.php\/wp-json\/wp\/v2\/media?parent=10836"}],"wp:term":[{"taxonomy":"category","embeddable":true,"href":"https:\/\/autofans.com.ar\/index.php\/wp-json\/wp\/v2\/categories?post=10836"},{"taxonomy":"post_tag","embeddable":true,"href":"https:\/\/autofans.com.ar\/index.php\/wp-json\/wp\/v2\/tags?post=10836"}],"curies":[{"name":"wp","href":"https:\/\/api.w.org\/{rel}","templated":true}]}}