{"id":1084,"date":"2023-03-27T20:26:44","date_gmt":"2023-03-27T23:26:44","guid":{"rendered":"https:\/\/autofans.com.ar\/?p=1084"},"modified":"2023-03-27T20:52:33","modified_gmt":"2023-03-27T23:52:33","slug":"sol-larraya-guidi-campeona-de-roland-garros-junior-series-by-renault","status":"publish","type":"post","link":"https:\/\/autofans.com.ar\/index.php\/2023\/03\/27\/sol-larraya-guidi-campeona-de-roland-garros-junior-series-by-renault\/","title":{"rendered":"Sol Larraya Guidi, campeona de Roland-Garros Junior Series by Renault"},"content":{"rendered":"<p>Sol Larraya Guidi, se consagr\u00f3 campeona de Roland-Garros Junior Series by Renault, lo que le permite participar en el cuadro principal de Roland-Garros Junior 2023 que se disputar\u00e1 en Par\u00eds. Este torneo, patrocinado por <a href=\"https:\/\/www.renault.com.ar\" target=\"_blank\" rel=\"noopener\">Renault<\/a>, se llev\u00f3 a cabo en San Pablo, donde participaron 32 atletas latinoamericanos menores de 16 a\u00f1os, compitiendo por un lugar en Roland-Garros Junior. Sol Arraya Guidi, quien comenz\u00f3 a jugar tenis a los 4 a\u00f1os y entrena en el club UNCAS, venci\u00f3 a Dayanara Velasco y Elizaveta Castillo en los primeros partidos, para luego ganar en la semifinal y final por amplia diferencia.<\/p>\n<p>&nbsp;<\/p>\n<p><img fetchpriority=\"high\" decoding=\"async\" class=\"aligncenter wp-image-1087 size-full\" src=\"https:\/\/autofans.com.ar\/wp-content\/uploads\/2023\/03\/foto-1-6-jpg.webp\" alt=\"Sol Larraya\" width=\"1000\" height=\"667\" srcset=\"https:\/\/autofans.com.ar\/wp-content\/uploads\/2023\/03\/foto-1-6-jpg.webp 1000w, https:\/\/autofans.com.ar\/wp-content\/uploads\/2023\/03\/foto-1-6-300x200.webp 300w, https:\/\/autofans.com.ar\/wp-content\/uploads\/2023\/03\/foto-1-6-768x512.webp 768w\" sizes=\"(max-width: 1000px) 100vw, 1000px\" \/><\/p>\n<p>El torneo cont\u00f3 por primera vez con representantes de 10 pa\u00edses de la regi\u00f3n, como Bolivia, Brasil, Chile, Colombia, Ecuador, Paraguay, Per\u00fa, Uruguay, Venezuela y Argentina, cuyo objetivo principal fue el fomento del deporte y la integraci\u00f3n entre las naciones latinoamericanas. En cuanto al cuadro masculino, el campe\u00f3n de Roland Garros Junior Series by Renault fue Alejandro Arcila de Colombia, quien se impuso ante el brasile\u00f1o Victor Cunha Winheski de Lima, Per\u00fa, por 6-0 y 6-3.<\/p>\n<p>&nbsp;<\/p>\n<p>&nbsp;<\/p>\n<p><img decoding=\"async\" class=\"aligncenter wp-image-1088 size-full\" src=\"https:\/\/autofans.com.ar\/wp-content\/uploads\/2023\/03\/foto-4-7-jpg.webp\" alt=\"Sol Larraya\" width=\"1000\" height=\"667\" srcset=\"https:\/\/autofans.com.ar\/wp-content\/uploads\/2023\/03\/foto-4-7-jpg.webp 1000w, https:\/\/autofans.com.ar\/wp-content\/uploads\/2023\/03\/foto-4-7-300x200.webp 300w, https:\/\/autofans.com.ar\/wp-content\/uploads\/2023\/03\/foto-4-7-768x512.webp 768w\" sizes=\"(max-width: 1000px) 100vw, 1000px\" \/><\/p>\n<p>Por otro parte Renault, como patrocinador del evento, se enfoc\u00f3 en mostrar su compromiso con la movilidad sostenible y la responsabilidad social. Mostrando su nuevo veh\u00edculo el\u00e9ctrico Megane E-Tech, el cual se lanzar\u00e1 en Argentina en el segundo semestre. Adem\u00e1s, el evento cont\u00f3 con la presencia de Juan Mart\u00edn Del Potro, embajador de la competencia por primera vez.<\/p>\n<p>&nbsp;<\/p>\n<p><i>Para enterarte de m\u00e1s novedades, no dejes de leer\u00a0<\/i><a href=\"https:\/\/autofans.thebrandsoup.com\/\"><i>nuestras notas<\/i><\/a><i>, de ver<\/i><b><i>\u00a0<\/i><\/b><a href=\"https:\/\/www.youtube.com\/channel\/UCgAC8UGHZYbT6P7PpmVnP7g\"><b><i>AUTOFANS TV<\/i><\/b><\/a><b><i>\u00a0<\/i><\/b><i>en nuestro\u00a0canal de Youtube. Adem\u00e1s seguinos en\u00a0<\/i><a href=\"https:\/\/www.instagram.com\/autofanstv\/\"><i>INSTAGRAM<\/i><\/a><i> y <\/i><a href=\"https:\/\/www.facebook.com\/autofansmas\/\"><i>FACEBOOK<\/i><\/a><i> para no perderte nada sobre las novedades del segmento automotor de Argentina y el mundo.<\/i><\/p>\n","protected":false},"excerpt":{"rendered":"<p>Sol Larraya Guidi, se consagr\u00f3 campeona de Roland-Garros Junior Series by Renault, lo que le&#8230;<\/p>\n","protected":false},"author":2,"featured_media":1086,"comment_status":"closed","ping_status":"closed","sticky":false,"template":"","format":"standard","meta":{"footnotes":""},"categories":[6,16],"tags":[491,494,493,125,323,264,492],"class_list":["post-1084","post","type-post","status-publish","format-standard","has-post-thumbnail","hentry","category-bizstyle","category-noticias","tag-enis","tag-grand-slam-junior","tag-juan-martin-del-potro","tag-movilidad-sostenible","tag-renault","tag-responsabilidad-social","tag-roland-garros"],"yoast_head":"<!-- This site is optimized with the Yoast SEO plugin v27.5 - https:\/\/yoast.com\/product\/yoast-seo-wordpress\/ -->\n<title>Sol Larraya Guidi, campeona de Roland-Garros Junior Series by Renault -<\/title>\n<meta name=\"description\" content=\"La joven tenista argentina, Sol Larraya Guidi, se consagr\u00f3 campeona de Roland-Garros Junior Series by Renault...\" \/>\n<meta name=\"robots\" content=\"index, follow, max-snippet:-1, max-image-preview:large, max-video-preview:-1\" \/>\n<link rel=\"canonical\" href=\"https:\/\/autofans.com.ar\/index.php\/2023\/03\/27\/sol-larraya-guidi-campeona-de-roland-garros-junior-series-by-renault\/\" \/>\n<meta property=\"og:locale\" content=\"es_ES\" \/>\n<meta property=\"og:type\" content=\"article\" \/>\n<meta property=\"og:title\" content=\"Sol Larraya Guidi, campeona de Roland-Garros Junior Series by Renault -\" \/>\n<meta property=\"og:description\" content=\"La joven tenista argentina, Sol Larraya Guidi, se consagr\u00f3 campeona de Roland-Garros Junior Series by Renault...\" \/>\n<meta property=\"og:url\" content=\"https:\/\/autofans.com.ar\/index.php\/2023\/03\/27\/sol-larraya-guidi-campeona-de-roland-garros-junior-series-by-renault\/\" \/>\n<meta property=\"article:published_time\" content=\"2023-03-27T23:26:44+00:00\" \/>\n<meta property=\"article:modified_time\" content=\"2023-03-27T23:52:33+00:00\" \/>\n<meta property=\"og:image\" content=\"https:\/\/autofans.com.ar\/wp-content\/uploads\/2023\/03\/foto-2-7-jpg.webp\" \/>\n\t<meta property=\"og:image:width\" content=\"1000\" \/>\n\t<meta property=\"og:image:height\" content=\"667\" \/>\n\t<meta property=\"og:image:type\" content=\"image\/jpeg\" \/>\n<meta name=\"author\" content=\"Alejandro Gabriel Rosito\" \/>\n<meta name=\"twitter:card\" content=\"summary_large_image\" \/>\n<meta name=\"twitter:label1\" content=\"Escrito por\" \/>\n\t<meta name=\"twitter:data1\" content=\"Alejandro Gabriel Rosito\" \/>\n\t<meta name=\"twitter:label2\" content=\"Tiempo de lectura\" \/>\n\t<meta name=\"twitter:data2\" content=\"2 minutos\" \/>\n<script type=\"application\/ld+json\" class=\"yoast-schema-graph\">{\"@context\":\"https:\\\/\\\/schema.org\",\"@graph\":[{\"@type\":\"Article\",\"@id\":\"https:\\\/\\\/autofans.com.ar\\\/index.php\\\/2023\\\/03\\\/27\\\/sol-larraya-guidi-campeona-de-roland-garros-junior-series-by-renault\\\/#article\",\"isPartOf\":{\"@id\":\"https:\\\/\\\/autofans.com.ar\\\/index.php\\\/2023\\\/03\\\/27\\\/sol-larraya-guidi-campeona-de-roland-garros-junior-series-by-renault\\\/\"},\"author\":{\"name\":\"Alejandro Gabriel Rosito\",\"@id\":\"https:\\\/\\\/autofans.com.ar\\\/#\\\/schema\\\/person\\\/4a8dda0b6df83ac3d6723e921274c2aa\"},\"headline\":\"Sol Larraya Guidi, campeona de Roland-Garros Junior Series by Renault\",\"datePublished\":\"2023-03-27T23:26:44+00:00\",\"dateModified\":\"2023-03-27T23:52:33+00:00\",\"mainEntityOfPage\":{\"@id\":\"https:\\\/\\\/autofans.com.ar\\\/index.php\\\/2023\\\/03\\\/27\\\/sol-larraya-guidi-campeona-de-roland-garros-junior-series-by-renault\\\/\"},\"wordCount\":296,\"image\":{\"@id\":\"https:\\\/\\\/autofans.com.ar\\\/index.php\\\/2023\\\/03\\\/27\\\/sol-larraya-guidi-campeona-de-roland-garros-junior-series-by-renault\\\/#primaryimage\"},\"thumbnailUrl\":\"https:\\\/\\\/autofans.com.ar\\\/wp-content\\\/uploads\\\/2023\\\/03\\\/foto-2-7-jpg.webp\",\"keywords\":[\"enis\",\"Grand Slam Junior\",\"Juan Mart\u00edn Del Potro\",\"Movilidad Sostenible\",\"Renault\",\"responsabilidad social\",\"Roland-Garros\"],\"articleSection\":[\"BIZSTYLE\",\"NOTICIAS\"],\"inLanguage\":\"es\"},{\"@type\":\"WebPage\",\"@id\":\"https:\\\/\\\/autofans.com.ar\\\/index.php\\\/2023\\\/03\\\/27\\\/sol-larraya-guidi-campeona-de-roland-garros-junior-series-by-renault\\\/\",\"url\":\"https:\\\/\\\/autofans.com.ar\\\/index.php\\\/2023\\\/03\\\/27\\\/sol-larraya-guidi-campeona-de-roland-garros-junior-series-by-renault\\\/\",\"name\":\"Sol Larraya Guidi, campeona de Roland-Garros Junior Series by Renault -\",\"isPartOf\":{\"@id\":\"https:\\\/\\\/autofans.com.ar\\\/#website\"},\"primaryImageOfPage\":{\"@id\":\"https:\\\/\\\/autofans.com.ar\\\/index.php\\\/2023\\\/03\\\/27\\\/sol-larraya-guidi-campeona-de-roland-garros-junior-series-by-renault\\\/#primaryimage\"},\"image\":{\"@id\":\"https:\\\/\\\/autofans.com.ar\\\/index.php\\\/2023\\\/03\\\/27\\\/sol-larraya-guidi-campeona-de-roland-garros-junior-series-by-renault\\\/#primaryimage\"},\"thumbnailUrl\":\"https:\\\/\\\/autofans.com.ar\\\/wp-content\\\/uploads\\\/2023\\\/03\\\/foto-2-7-jpg.webp\",\"datePublished\":\"2023-03-27T23:26:44+00:00\",\"dateModified\":\"2023-03-27T23:52:33+00:00\",\"author\":{\"@id\":\"https:\\\/\\\/autofans.com.ar\\\/#\\\/schema\\\/person\\\/4a8dda0b6df83ac3d6723e921274c2aa\"},\"description\":\"La joven tenista argentina, Sol Larraya Guidi, se consagr\u00f3 campeona de Roland-Garros Junior Series by Renault...\",\"breadcrumb\":{\"@id\":\"https:\\\/\\\/autofans.com.ar\\\/index.php\\\/2023\\\/03\\\/27\\\/sol-larraya-guidi-campeona-de-roland-garros-junior-series-by-renault\\\/#breadcrumb\"},\"inLanguage\":\"es\",\"potentialAction\":[{\"@type\":\"ReadAction\",\"target\":[\"https:\\\/\\\/autofans.com.ar\\\/index.php\\\/2023\\\/03\\\/27\\\/sol-larraya-guidi-campeona-de-roland-garros-junior-series-by-renault\\\/\"]}]},{\"@type\":\"ImageObject\",\"inLanguage\":\"es\",\"@id\":\"https:\\\/\\\/autofans.com.ar\\\/index.php\\\/2023\\\/03\\\/27\\\/sol-larraya-guidi-campeona-de-roland-garros-junior-series-by-renault\\\/#primaryimage\",\"url\":\"https:\\\/\\\/autofans.com.ar\\\/wp-content\\\/uploads\\\/2023\\\/03\\\/foto-2-7-jpg.webp\",\"contentUrl\":\"https:\\\/\\\/autofans.com.ar\\\/wp-content\\\/uploads\\\/2023\\\/03\\\/foto-2-7-jpg.webp\",\"width\":1000,\"height\":667,\"caption\":\"Sol Larraya\"},{\"@type\":\"BreadcrumbList\",\"@id\":\"https:\\\/\\\/autofans.com.ar\\\/index.php\\\/2023\\\/03\\\/27\\\/sol-larraya-guidi-campeona-de-roland-garros-junior-series-by-renault\\\/#breadcrumb\",\"itemListElement\":[{\"@type\":\"ListItem\",\"position\":1,\"name\":\"Inicio\",\"item\":\"https:\\\/\\\/autofans.com.ar\\\/\"},{\"@type\":\"ListItem\",\"position\":2,\"name\":\"Sol Larraya Guidi, campeona de Roland-Garros Junior Series by Renault\"}]},{\"@type\":\"WebSite\",\"@id\":\"https:\\\/\\\/autofans.com.ar\\\/#website\",\"url\":\"https:\\\/\\\/autofans.com.ar\\\/\",\"name\":\"\",\"description\":\"El multimedio referente de la industria automotriz\",\"potentialAction\":[{\"@type\":\"SearchAction\",\"target\":{\"@type\":\"EntryPoint\",\"urlTemplate\":\"https:\\\/\\\/autofans.com.ar\\\/?s={search_term_string}\"},\"query-input\":{\"@type\":\"PropertyValueSpecification\",\"valueRequired\":true,\"valueName\":\"search_term_string\"}}],\"inLanguage\":\"es\"},{\"@type\":\"Person\",\"@id\":\"https:\\\/\\\/autofans.com.ar\\\/#\\\/schema\\\/person\\\/4a8dda0b6df83ac3d6723e921274c2aa\",\"name\":\"Alejandro Gabriel Rosito\",\"image\":{\"@type\":\"ImageObject\",\"inLanguage\":\"es\",\"@id\":\"https:\\\/\\\/secure.gravatar.com\\\/avatar\\\/16c5dda1489adfc62618084dcbb91cffd879c374b13fe5dd8e44ed6733852c88?s=96&d=mm&r=g\",\"url\":\"https:\\\/\\\/secure.gravatar.com\\\/avatar\\\/16c5dda1489adfc62618084dcbb91cffd879c374b13fe5dd8e44ed6733852c88?s=96&d=mm&r=g\",\"contentUrl\":\"https:\\\/\\\/secure.gravatar.com\\\/avatar\\\/16c5dda1489adfc62618084dcbb91cffd879c374b13fe5dd8e44ed6733852c88?s=96&d=mm&r=g\",\"caption\":\"Alejandro Gabriel Rosito\"},\"url\":\"https:\\\/\\\/autofans.com.ar\\\/index.php\\\/author\\\/gabrielr\\\/\"}]}<\/script>\n<!-- \/ Yoast SEO plugin. -->","yoast_head_json":{"title":"Sol Larraya Guidi, campeona de Roland-Garros Junior Series by Renault -","description":"La joven tenista argentina, Sol Larraya Guidi, se consagr\u00f3 campeona de Roland-Garros Junior Series by Renault...","robots":{"index":"index","follow":"follow","max-snippet":"max-snippet:-1","max-image-preview":"max-image-preview:large","max-video-preview":"max-video-preview:-1"},"canonical":"https:\/\/autofans.com.ar\/index.php\/2023\/03\/27\/sol-larraya-guidi-campeona-de-roland-garros-junior-series-by-renault\/","og_locale":"es_ES","og_type":"article","og_title":"Sol Larraya Guidi, campeona de Roland-Garros Junior Series by Renault -","og_description":"La joven tenista argentina, Sol Larraya Guidi, se consagr\u00f3 campeona de Roland-Garros Junior Series by Renault...","og_url":"https:\/\/autofans.com.ar\/index.php\/2023\/03\/27\/sol-larraya-guidi-campeona-de-roland-garros-junior-series-by-renault\/","article_published_time":"2023-03-27T23:26:44+00:00","article_modified_time":"2023-03-27T23:52:33+00:00","og_image":[{"width":1000,"height":667,"url":"https:\/\/autofans.com.ar\/wp-content\/uploads\/2023\/03\/foto-2-7-jpg.webp","type":"image\/jpeg"}],"author":"Alejandro Gabriel Rosito","twitter_card":"summary_large_image","twitter_misc":{"Escrito por":"Alejandro Gabriel Rosito","Tiempo de lectura":"2 minutos"},"schema":{"@context":"https:\/\/schema.org","@graph":[{"@type":"Article","@id":"https:\/\/autofans.com.ar\/index.php\/2023\/03\/27\/sol-larraya-guidi-campeona-de-roland-garros-junior-series-by-renault\/#article","isPartOf":{"@id":"https:\/\/autofans.com.ar\/index.php\/2023\/03\/27\/sol-larraya-guidi-campeona-de-roland-garros-junior-series-by-renault\/"},"author":{"name":"Alejandro Gabriel Rosito","@id":"https:\/\/autofans.com.ar\/#\/schema\/person\/4a8dda0b6df83ac3d6723e921274c2aa"},"headline":"Sol Larraya Guidi, campeona de Roland-Garros Junior Series by Renault","datePublished":"2023-03-27T23:26:44+00:00","dateModified":"2023-03-27T23:52:33+00:00","mainEntityOfPage":{"@id":"https:\/\/autofans.com.ar\/index.php\/2023\/03\/27\/sol-larraya-guidi-campeona-de-roland-garros-junior-series-by-renault\/"},"wordCount":296,"image":{"@id":"https:\/\/autofans.com.ar\/index.php\/2023\/03\/27\/sol-larraya-guidi-campeona-de-roland-garros-junior-series-by-renault\/#primaryimage"},"thumbnailUrl":"https:\/\/autofans.com.ar\/wp-content\/uploads\/2023\/03\/foto-2-7-jpg.webp","keywords":["enis","Grand Slam Junior","Juan Mart\u00edn Del Potro","Movilidad Sostenible","Renault","responsabilidad social","Roland-Garros"],"articleSection":["BIZSTYLE","NOTICIAS"],"inLanguage":"es"},{"@type":"WebPage","@id":"https:\/\/autofans.com.ar\/index.php\/2023\/03\/27\/sol-larraya-guidi-campeona-de-roland-garros-junior-series-by-renault\/","url":"https:\/\/autofans.com.ar\/index.php\/2023\/03\/27\/sol-larraya-guidi-campeona-de-roland-garros-junior-series-by-renault\/","name":"Sol Larraya Guidi, campeona de Roland-Garros Junior Series by Renault -","isPartOf":{"@id":"https:\/\/autofans.com.ar\/#website"},"primaryImageOfPage":{"@id":"https:\/\/autofans.com.ar\/index.php\/2023\/03\/27\/sol-larraya-guidi-campeona-de-roland-garros-junior-series-by-renault\/#primaryimage"},"image":{"@id":"https:\/\/autofans.com.ar\/index.php\/2023\/03\/27\/sol-larraya-guidi-campeona-de-roland-garros-junior-series-by-renault\/#primaryimage"},"thumbnailUrl":"https:\/\/autofans.com.ar\/wp-content\/uploads\/2023\/03\/foto-2-7-jpg.webp","datePublished":"2023-03-27T23:26:44+00:00","dateModified":"2023-03-27T23:52:33+00:00","author":{"@id":"https:\/\/autofans.com.ar\/#\/schema\/person\/4a8dda0b6df83ac3d6723e921274c2aa"},"description":"La joven tenista argentina, Sol Larraya Guidi, se consagr\u00f3 campeona de Roland-Garros Junior Series by Renault...","breadcrumb":{"@id":"https:\/\/autofans.com.ar\/index.php\/2023\/03\/27\/sol-larraya-guidi-campeona-de-roland-garros-junior-series-by-renault\/#breadcrumb"},"inLanguage":"es","potentialAction":[{"@type":"ReadAction","target":["https:\/\/autofans.com.ar\/index.php\/2023\/03\/27\/sol-larraya-guidi-campeona-de-roland-garros-junior-series-by-renault\/"]}]},{"@type":"ImageObject","inLanguage":"es","@id":"https:\/\/autofans.com.ar\/index.php\/2023\/03\/27\/sol-larraya-guidi-campeona-de-roland-garros-junior-series-by-renault\/#primaryimage","url":"https:\/\/autofans.com.ar\/wp-content\/uploads\/2023\/03\/foto-2-7-jpg.webp","contentUrl":"https:\/\/autofans.com.ar\/wp-content\/uploads\/2023\/03\/foto-2-7-jpg.webp","width":1000,"height":667,"caption":"Sol Larraya"},{"@type":"BreadcrumbList","@id":"https:\/\/autofans.com.ar\/index.php\/2023\/03\/27\/sol-larraya-guidi-campeona-de-roland-garros-junior-series-by-renault\/#breadcrumb","itemListElement":[{"@type":"ListItem","position":1,"name":"Inicio","item":"https:\/\/autofans.com.ar\/"},{"@type":"ListItem","position":2,"name":"Sol Larraya Guidi, campeona de Roland-Garros Junior Series by Renault"}]},{"@type":"WebSite","@id":"https:\/\/autofans.com.ar\/#website","url":"https:\/\/autofans.com.ar\/","name":"","description":"El multimedio referente de la industria automotriz","potentialAction":[{"@type":"SearchAction","target":{"@type":"EntryPoint","urlTemplate":"https:\/\/autofans.com.ar\/?s={search_term_string}"},"query-input":{"@type":"PropertyValueSpecification","valueRequired":true,"valueName":"search_term_string"}}],"inLanguage":"es"},{"@type":"Person","@id":"https:\/\/autofans.com.ar\/#\/schema\/person\/4a8dda0b6df83ac3d6723e921274c2aa","name":"Alejandro Gabriel Rosito","image":{"@type":"ImageObject","inLanguage":"es","@id":"https:\/\/secure.gravatar.com\/avatar\/16c5dda1489adfc62618084dcbb91cffd879c374b13fe5dd8e44ed6733852c88?s=96&d=mm&r=g","url":"https:\/\/secure.gravatar.com\/avatar\/16c5dda1489adfc62618084dcbb91cffd879c374b13fe5dd8e44ed6733852c88?s=96&d=mm&r=g","contentUrl":"https:\/\/secure.gravatar.com\/avatar\/16c5dda1489adfc62618084dcbb91cffd879c374b13fe5dd8e44ed6733852c88?s=96&d=mm&r=g","caption":"Alejandro Gabriel Rosito"},"url":"https:\/\/autofans.com.ar\/index.php\/author\/gabrielr\/"}]}},"featured_image_urls":{"full":["https:\/\/autofans.com.ar\/wp-content\/uploads\/2023\/03\/foto-2-7-jpg.webp",1000,667,false],"thumbnail":["https:\/\/autofans.com.ar\/wp-content\/uploads\/2023\/03\/foto-2-7-150x150.webp",150,150,true],"medium":["https:\/\/autofans.com.ar\/wp-content\/uploads\/2023\/03\/foto-2-7-300x200.webp",300,200,true],"medium_large":["https:\/\/autofans.com.ar\/wp-content\/uploads\/2023\/03\/foto-2-7-768x512.webp",640,427,true],"large":["https:\/\/autofans.com.ar\/wp-content\/uploads\/2023\/03\/foto-2-7-jpg.webp",640,427,false],"1536x1536":["https:\/\/autofans.com.ar\/wp-content\/uploads\/2023\/03\/foto-2-7-jpg.webp",1000,667,false],"2048x2048":["https:\/\/autofans.com.ar\/wp-content\/uploads\/2023\/03\/foto-2-7-jpg.webp",1000,667,false],"covernews-featured":["https:\/\/autofans.com.ar\/wp-content\/uploads\/2023\/03\/foto-2-7-jpg.webp",1000,667,false],"covernews-medium":["https:\/\/autofans.com.ar\/wp-content\/uploads\/2023\/03\/foto-2-7-540x340.webp",540,340,true]},"author_info":{"display_name":"Alejandro Gabriel Rosito","author_link":"https:\/\/autofans.com.ar\/index.php\/author\/gabrielr\/"},"category_info":"<a href=\"https:\/\/autofans.com.ar\/index.php\/category\/noticias\/bizstyle\/\" rel=\"category tag\">BIZSTYLE<\/a> <a href=\"https:\/\/autofans.com.ar\/index.php\/category\/noticias\/\" rel=\"category tag\">NOTICIAS<\/a>","tag_info":"NOTICIAS","comment_count":0,"_links":{"self":[{"href":"https:\/\/autofans.com.ar\/index.php\/wp-json\/wp\/v2\/posts\/1084","targetHints":{"allow":["GET"]}}],"collection":[{"href":"https:\/\/autofans.com.ar\/index.php\/wp-json\/wp\/v2\/posts"}],"about":[{"href":"https:\/\/autofans.com.ar\/index.php\/wp-json\/wp\/v2\/types\/post"}],"author":[{"embeddable":true,"href":"https:\/\/autofans.com.ar\/index.php\/wp-json\/wp\/v2\/users\/2"}],"replies":[{"embeddable":true,"href":"https:\/\/autofans.com.ar\/index.php\/wp-json\/wp\/v2\/comments?post=1084"}],"version-history":[{"count":2,"href":"https:\/\/autofans.com.ar\/index.php\/wp-json\/wp\/v2\/posts\/1084\/revisions"}],"predecessor-version":[{"id":1090,"href":"https:\/\/autofans.com.ar\/index.php\/wp-json\/wp\/v2\/posts\/1084\/revisions\/1090"}],"wp:featuredmedia":[{"embeddable":true,"href":"https:\/\/autofans.com.ar\/index.php\/wp-json\/wp\/v2\/media\/1086"}],"wp:attachment":[{"href":"https:\/\/autofans.com.ar\/index.php\/wp-json\/wp\/v2\/media?parent=1084"}],"wp:term":[{"taxonomy":"category","embeddable":true,"href":"https:\/\/autofans.com.ar\/index.php\/wp-json\/wp\/v2\/categories?post=1084"},{"taxonomy":"post_tag","embeddable":true,"href":"https:\/\/autofans.com.ar\/index.php\/wp-json\/wp\/v2\/tags?post=1084"}],"curies":[{"name":"wp","href":"https:\/\/api.w.org\/{rel}","templated":true}]}}