{"id":10866,"date":"2025-01-23T18:05:25","date_gmt":"2025-01-23T21:05:25","guid":{"rendered":"https:\/\/autofans.com.ar\/?p=10866"},"modified":"2025-01-23T19:55:16","modified_gmt":"2025-01-23T22:55:16","slug":"el-compromiso-ambiental-de-mercedes-benz-camiones-y-buses","status":"publish","type":"post","link":"https:\/\/autofans.com.ar\/index.php\/2025\/01\/23\/el-compromiso-ambiental-de-mercedes-benz-camiones-y-buses\/","title":{"rendered":"El compromiso ambiental de Mercedes-Benz Camiones y Buses"},"content":{"rendered":"<p>Mercedes-Benz Camiones y Buses complet\u00f3 con \u00e9xito la auditor\u00eda de seguimiento de su certificaci\u00f3n ISO 14001, realizada por T\u00dcV Rheinland. Este logro valida el cumplimiento de los m\u00e1s altos est\u00e1ndares internacionales en su Sistema de Gesti\u00f3n Ambiental (SGA) y ratifica su compromiso con la sostenibilidad, la eficiencia operativa y la mejora continua.<\/p>\n<p>&nbsp;<\/p>\n<h2>Un enfoque integral hacia la sostenibilidad<\/h2>\n<p>La certificaci\u00f3n ISO 14001 abarca los principales procesos de la empresa, desde la fabricaci\u00f3n de camiones y chasis hasta la remanufactura de componentes en su planta REMAN, \u00fanica en el pa\u00eds. Adem\u00e1s, incluye actividades administrativas en su Casa Central y su Centro de Capacitaci\u00f3n. Todo se enmarca en una pol\u00edtica ambiental orientada a la mejora continua, la reducci\u00f3n del impacto ambiental, la eficiencia energ\u00e9tica y la producci\u00f3n responsable.<\/p>\n<p>&nbsp;<\/p>\n<p><img fetchpriority=\"high\" decoding=\"async\" class=\"aligncenter wp-image-10868 size-full\" src=\"https:\/\/autofans.com.ar\/wp-content\/uploads\/2025\/01\/mercedes-2-3.jpg\" alt=\"Mercedes-Benz\" width=\"1000\" height=\"667\" srcset=\"https:\/\/autofans.com.ar\/wp-content\/uploads\/2025\/01\/mercedes-2-3.jpg 1000w, https:\/\/autofans.com.ar\/wp-content\/uploads\/2025\/01\/mercedes-2-3-300x200.jpg 300w, https:\/\/autofans.com.ar\/wp-content\/uploads\/2025\/01\/mercedes-2-3-768x512.jpg 768w\" sizes=\"(max-width: 1000px) 100vw, 1000px\" \/><\/p>\n<p>&nbsp;<\/p>\n<p>Para fortalecer su impacto, la compa\u00f1\u00eda fomenta pr\u00e1cticas sostenibles dentro y fuera de su entorno, promoviendo la concientizaci\u00f3n en las comunidades donde opera. Entre sus iniciativas globales, destaca el programa \u201cGreen Production\u201d, que establece ambiciosas metas ambientales para 2030, como reducir el consumo de energ\u00eda en un 25%, la generaci\u00f3n de residuos en un 33% y el uso de agua en un 28%.<\/p>\n<p>&nbsp;<\/p>\n<blockquote>\n<p style=\"text-align: center;\">Gonzalo Rodi\u00f1o, Gerente de Relaciones Institucionales, expres\u00f3: \u201cEsta auditor\u00eda de seguimiento es un paso m\u00e1s en nuestro camino hacia la excelencia operativa y la sostenibilidad. Como empresa del Grupo Daimler Truck, estamos comprometidos con la mejora continua, asegurando que nuestras operaciones reflejen los m\u00e1s altos est\u00e1ndares ambientales, en l\u00ednea con nuestra estrategia ESG y nuestro compromiso con las generaciones futuras.\u201d<\/p>\n<\/blockquote>\n<p>&nbsp;<\/p>\n<h2>Mercedes-Benz &#8211; inversiones estrat\u00e9gicas en Z\u00e1rate<\/h2>\n<p>Como parte de su plan de inversi\u00f3n de USD 110 millones, Mercedes-Benz Camiones y Buses avanza en la construcci\u00f3n de un Centro Industrial en Z\u00e1rate, previsto para 2026. Esta nueva instalaci\u00f3n, junto con el recientemente inaugurado Centro Log\u00edstico de Autopartes y Repuestos, incorpora tecnolog\u00edas de vanguardia y procesos sostenibles que optimizan la log\u00edstica y minimizan el impacto ambiental.<\/p>\n<p>Un ejemplo destacado del compromiso ambiental de la empresa es su planta REMAN, que lidera en econom\u00eda circular. Desde su apertura, se han reacondicionado m\u00e1s de 8.000 piezas, asegurando calidad y durabilidad equivalentes a las de un repuesto nuevo, mientras se contribuye significativamente a la reducci\u00f3n de residuos.<\/p>\n<p>&nbsp;<\/p>\n<p><img decoding=\"async\" class=\"aligncenter wp-image-10869 size-full\" src=\"https:\/\/autofans.com.ar\/wp-content\/uploads\/2025\/01\/mercedes-1-3.jpg\" alt=\"Mercedes-Benz\" width=\"1000\" height=\"667\" srcset=\"https:\/\/autofans.com.ar\/wp-content\/uploads\/2025\/01\/mercedes-1-3.jpg 1000w, https:\/\/autofans.com.ar\/wp-content\/uploads\/2025\/01\/mercedes-1-3-300x200.jpg 300w, https:\/\/autofans.com.ar\/wp-content\/uploads\/2025\/01\/mercedes-1-3-768x512.jpg 768w\" sizes=\"(max-width: 1000px) 100vw, 1000px\" \/><\/p>\n<p>&nbsp;<\/p>\n<p>Con estas iniciativas, Mercedes-Benz Camiones y Buses no solo lidera la industria del transporte, sino que tambi\u00e9n refuerza su compromiso con una movilidad m\u00e1s sustentable y responsable, consolid\u00e1ndose como un referente en gesti\u00f3n ambiental en Argentina.<\/p>\n<p>&nbsp;<\/p>\n<p>&nbsp;<\/p>\n<p>&nbsp;<\/p>\n<p><i>Para enterarte de m\u00e1s novedades, no dejes de leer\u00a0<\/i><a href=\"https:\/\/autofans.thebrandsoup.com\/\"><i>nuestras notas<\/i><\/a><i>, de ver<\/i><b><i>\u00a0<\/i><\/b><a href=\"https:\/\/www.youtube.com\/channel\/UCgAC8UGHZYbT6P7PpmVnP7g\"><b><i>AUTOFANS TV<\/i><\/b><\/a><b><i>\u00a0<\/i><\/b><i>en nuestro\u00a0canal de Youtube. Adem\u00e1s seguinos en\u00a0<\/i><a href=\"https:\/\/www.instagram.com\/autofanstv\/\"><i>INSTAGRAM<\/i><\/a><i> y <\/i><a href=\"https:\/\/www.facebook.com\/autofansmas\/\"><i>FACEBOOK<\/i><\/a><i> para no perderte nada sobre las novedades del segmento automotor de Argentina y el mundo.<\/i><\/p>\n","protected":false},"excerpt":{"rendered":"<p>Mercedes-Benz Camiones y Buses complet\u00f3 con \u00e9xito la auditor\u00eda de seguimiento de su certificaci\u00f3n ISO&#8230;<\/p>\n","protected":false},"author":2,"featured_media":10867,"comment_status":"closed","ping_status":"closed","sticky":false,"template":"","format":"standard","meta":{"footnotes":""},"categories":[292,16],"tags":[216,38,960,5916,3565,5915,5918,5914,869,5917],"class_list":["post-10866","post","type-post","status-publish","format-standard","has-post-thumbnail","hentry","category-empresas","category-noticias","tag-sostenibilidad","tag-argentina","tag-economia-circular","tag-gestion-ambiental","tag-green-production","tag-industria-del-transporte","tag-inversiones-en-zarate","tag-iso-14001","tag-mercedes-benz-camiones-y-buses","tag-reman"],"yoast_head":"<!-- This site is optimized with the Yoast SEO plugin v27.5 - https:\/\/yoast.com\/product\/yoast-seo-wordpress\/ -->\n<title>El compromiso ambiental de Mercedes-Benz Camiones y Buses -<\/title>\n<meta name=\"description\" content=\"Mercedes-Benz Camiones y Buses complet\u00f3 con \u00e9xito la auditor\u00eda de seguimiento de su certificaci\u00f3n ISO 14001, realizada por T\u00dcV Rheinland.\" \/>\n<meta name=\"robots\" content=\"index, follow, max-snippet:-1, max-image-preview:large, max-video-preview:-1\" \/>\n<link rel=\"canonical\" href=\"https:\/\/autofans.com.ar\/index.php\/2025\/01\/23\/el-compromiso-ambiental-de-mercedes-benz-camiones-y-buses\/\" \/>\n<meta property=\"og:locale\" content=\"es_ES\" \/>\n<meta property=\"og:type\" content=\"article\" \/>\n<meta property=\"og:title\" content=\"El compromiso ambiental de Mercedes-Benz Camiones y Buses -\" \/>\n<meta property=\"og:description\" content=\"Mercedes-Benz Camiones y Buses complet\u00f3 con \u00e9xito la auditor\u00eda de seguimiento de su certificaci\u00f3n ISO 14001, realizada por T\u00dcV Rheinland.\" \/>\n<meta property=\"og:url\" content=\"https:\/\/autofans.com.ar\/index.php\/2025\/01\/23\/el-compromiso-ambiental-de-mercedes-benz-camiones-y-buses\/\" \/>\n<meta property=\"article:published_time\" content=\"2025-01-23T21:05:25+00:00\" \/>\n<meta property=\"article:modified_time\" content=\"2025-01-23T22:55:16+00:00\" \/>\n<meta property=\"og:image\" content=\"https:\/\/autofans.com.ar\/wp-content\/uploads\/2025\/01\/mercedes-3-3.jpg\" \/>\n\t<meta property=\"og:image:width\" content=\"1000\" \/>\n\t<meta property=\"og:image:height\" content=\"667\" \/>\n\t<meta property=\"og:image:type\" content=\"image\/jpeg\" \/>\n<meta name=\"author\" content=\"Alejandro Gabriel Rosito\" \/>\n<meta name=\"twitter:card\" content=\"summary_large_image\" \/>\n<meta name=\"twitter:label1\" content=\"Escrito por\" \/>\n\t<meta name=\"twitter:data1\" content=\"Alejandro Gabriel Rosito\" \/>\n\t<meta name=\"twitter:label2\" content=\"Tiempo de lectura\" \/>\n\t<meta name=\"twitter:data2\" content=\"3 minutos\" \/>\n<script type=\"application\/ld+json\" class=\"yoast-schema-graph\">{\"@context\":\"https:\\\/\\\/schema.org\",\"@graph\":[{\"@type\":\"Article\",\"@id\":\"https:\\\/\\\/autofans.com.ar\\\/index.php\\\/2025\\\/01\\\/23\\\/el-compromiso-ambiental-de-mercedes-benz-camiones-y-buses\\\/#article\",\"isPartOf\":{\"@id\":\"https:\\\/\\\/autofans.com.ar\\\/index.php\\\/2025\\\/01\\\/23\\\/el-compromiso-ambiental-de-mercedes-benz-camiones-y-buses\\\/\"},\"author\":{\"name\":\"Alejandro Gabriel Rosito\",\"@id\":\"https:\\\/\\\/autofans.com.ar\\\/#\\\/schema\\\/person\\\/4a8dda0b6df83ac3d6723e921274c2aa\"},\"headline\":\"El compromiso ambiental de Mercedes-Benz Camiones y Buses\",\"datePublished\":\"2025-01-23T21:05:25+00:00\",\"dateModified\":\"2025-01-23T22:55:16+00:00\",\"mainEntityOfPage\":{\"@id\":\"https:\\\/\\\/autofans.com.ar\\\/index.php\\\/2025\\\/01\\\/23\\\/el-compromiso-ambiental-de-mercedes-benz-camiones-y-buses\\\/\"},\"wordCount\":491,\"image\":{\"@id\":\"https:\\\/\\\/autofans.com.ar\\\/index.php\\\/2025\\\/01\\\/23\\\/el-compromiso-ambiental-de-mercedes-benz-camiones-y-buses\\\/#primaryimage\"},\"thumbnailUrl\":\"https:\\\/\\\/autofans.com.ar\\\/wp-content\\\/uploads\\\/2025\\\/01\\\/mercedes-3-3.jpg\",\"keywords\":[\"#sostenibilidad\",\"Argentina\",\"Econom\u00eda Circular\",\"gesti\u00f3n ambiental\",\"Green Production\",\"industria del transporte\",\"inversiones en Z\u00e1rate\",\"ISO 14001\",\"Mercedes-Benz Camiones y Buses\",\"REMAN\"],\"articleSection\":[\"EMPRESAS\",\"NOTICIAS\"],\"inLanguage\":\"es\"},{\"@type\":\"WebPage\",\"@id\":\"https:\\\/\\\/autofans.com.ar\\\/index.php\\\/2025\\\/01\\\/23\\\/el-compromiso-ambiental-de-mercedes-benz-camiones-y-buses\\\/\",\"url\":\"https:\\\/\\\/autofans.com.ar\\\/index.php\\\/2025\\\/01\\\/23\\\/el-compromiso-ambiental-de-mercedes-benz-camiones-y-buses\\\/\",\"name\":\"El compromiso ambiental de Mercedes-Benz Camiones y Buses -\",\"isPartOf\":{\"@id\":\"https:\\\/\\\/autofans.com.ar\\\/#website\"},\"primaryImageOfPage\":{\"@id\":\"https:\\\/\\\/autofans.com.ar\\\/index.php\\\/2025\\\/01\\\/23\\\/el-compromiso-ambiental-de-mercedes-benz-camiones-y-buses\\\/#primaryimage\"},\"image\":{\"@id\":\"https:\\\/\\\/autofans.com.ar\\\/index.php\\\/2025\\\/01\\\/23\\\/el-compromiso-ambiental-de-mercedes-benz-camiones-y-buses\\\/#primaryimage\"},\"thumbnailUrl\":\"https:\\\/\\\/autofans.com.ar\\\/wp-content\\\/uploads\\\/2025\\\/01\\\/mercedes-3-3.jpg\",\"datePublished\":\"2025-01-23T21:05:25+00:00\",\"dateModified\":\"2025-01-23T22:55:16+00:00\",\"author\":{\"@id\":\"https:\\\/\\\/autofans.com.ar\\\/#\\\/schema\\\/person\\\/4a8dda0b6df83ac3d6723e921274c2aa\"},\"description\":\"Mercedes-Benz Camiones y Buses complet\u00f3 con \u00e9xito la auditor\u00eda de seguimiento de su certificaci\u00f3n ISO 14001, realizada por T\u00dcV Rheinland.\",\"breadcrumb\":{\"@id\":\"https:\\\/\\\/autofans.com.ar\\\/index.php\\\/2025\\\/01\\\/23\\\/el-compromiso-ambiental-de-mercedes-benz-camiones-y-buses\\\/#breadcrumb\"},\"inLanguage\":\"es\",\"potentialAction\":[{\"@type\":\"ReadAction\",\"target\":[\"https:\\\/\\\/autofans.com.ar\\\/index.php\\\/2025\\\/01\\\/23\\\/el-compromiso-ambiental-de-mercedes-benz-camiones-y-buses\\\/\"]}]},{\"@type\":\"ImageObject\",\"inLanguage\":\"es\",\"@id\":\"https:\\\/\\\/autofans.com.ar\\\/index.php\\\/2025\\\/01\\\/23\\\/el-compromiso-ambiental-de-mercedes-benz-camiones-y-buses\\\/#primaryimage\",\"url\":\"https:\\\/\\\/autofans.com.ar\\\/wp-content\\\/uploads\\\/2025\\\/01\\\/mercedes-3-3.jpg\",\"contentUrl\":\"https:\\\/\\\/autofans.com.ar\\\/wp-content\\\/uploads\\\/2025\\\/01\\\/mercedes-3-3.jpg\",\"width\":1000,\"height\":667,\"caption\":\"Mercedes-Benz\"},{\"@type\":\"BreadcrumbList\",\"@id\":\"https:\\\/\\\/autofans.com.ar\\\/index.php\\\/2025\\\/01\\\/23\\\/el-compromiso-ambiental-de-mercedes-benz-camiones-y-buses\\\/#breadcrumb\",\"itemListElement\":[{\"@type\":\"ListItem\",\"position\":1,\"name\":\"Inicio\",\"item\":\"https:\\\/\\\/autofans.com.ar\\\/\"},{\"@type\":\"ListItem\",\"position\":2,\"name\":\"El compromiso ambiental de Mercedes-Benz Camiones y Buses\"}]},{\"@type\":\"WebSite\",\"@id\":\"https:\\\/\\\/autofans.com.ar\\\/#website\",\"url\":\"https:\\\/\\\/autofans.com.ar\\\/\",\"name\":\"\",\"description\":\"El multimedio referente de la industria automotriz\",\"potentialAction\":[{\"@type\":\"SearchAction\",\"target\":{\"@type\":\"EntryPoint\",\"urlTemplate\":\"https:\\\/\\\/autofans.com.ar\\\/?s={search_term_string}\"},\"query-input\":{\"@type\":\"PropertyValueSpecification\",\"valueRequired\":true,\"valueName\":\"search_term_string\"}}],\"inLanguage\":\"es\"},{\"@type\":\"Person\",\"@id\":\"https:\\\/\\\/autofans.com.ar\\\/#\\\/schema\\\/person\\\/4a8dda0b6df83ac3d6723e921274c2aa\",\"name\":\"Alejandro Gabriel Rosito\",\"image\":{\"@type\":\"ImageObject\",\"inLanguage\":\"es\",\"@id\":\"https:\\\/\\\/secure.gravatar.com\\\/avatar\\\/16c5dda1489adfc62618084dcbb91cffd879c374b13fe5dd8e44ed6733852c88?s=96&d=mm&r=g\",\"url\":\"https:\\\/\\\/secure.gravatar.com\\\/avatar\\\/16c5dda1489adfc62618084dcbb91cffd879c374b13fe5dd8e44ed6733852c88?s=96&d=mm&r=g\",\"contentUrl\":\"https:\\\/\\\/secure.gravatar.com\\\/avatar\\\/16c5dda1489adfc62618084dcbb91cffd879c374b13fe5dd8e44ed6733852c88?s=96&d=mm&r=g\",\"caption\":\"Alejandro Gabriel Rosito\"},\"url\":\"https:\\\/\\\/autofans.com.ar\\\/index.php\\\/author\\\/gabrielr\\\/\"}]}<\/script>\n<!-- \/ Yoast SEO plugin. -->","yoast_head_json":{"title":"El compromiso ambiental de Mercedes-Benz Camiones y Buses -","description":"Mercedes-Benz Camiones y Buses complet\u00f3 con \u00e9xito la auditor\u00eda de seguimiento de su certificaci\u00f3n ISO 14001, realizada por T\u00dcV Rheinland.","robots":{"index":"index","follow":"follow","max-snippet":"max-snippet:-1","max-image-preview":"max-image-preview:large","max-video-preview":"max-video-preview:-1"},"canonical":"https:\/\/autofans.com.ar\/index.php\/2025\/01\/23\/el-compromiso-ambiental-de-mercedes-benz-camiones-y-buses\/","og_locale":"es_ES","og_type":"article","og_title":"El compromiso ambiental de Mercedes-Benz Camiones y Buses -","og_description":"Mercedes-Benz Camiones y Buses complet\u00f3 con \u00e9xito la auditor\u00eda de seguimiento de su certificaci\u00f3n ISO 14001, realizada por T\u00dcV Rheinland.","og_url":"https:\/\/autofans.com.ar\/index.php\/2025\/01\/23\/el-compromiso-ambiental-de-mercedes-benz-camiones-y-buses\/","article_published_time":"2025-01-23T21:05:25+00:00","article_modified_time":"2025-01-23T22:55:16+00:00","og_image":[{"width":1000,"height":667,"url":"https:\/\/autofans.com.ar\/wp-content\/uploads\/2025\/01\/mercedes-3-3.jpg","type":"image\/jpeg"}],"author":"Alejandro Gabriel Rosito","twitter_card":"summary_large_image","twitter_misc":{"Escrito por":"Alejandro Gabriel Rosito","Tiempo de lectura":"3 minutos"},"schema":{"@context":"https:\/\/schema.org","@graph":[{"@type":"Article","@id":"https:\/\/autofans.com.ar\/index.php\/2025\/01\/23\/el-compromiso-ambiental-de-mercedes-benz-camiones-y-buses\/#article","isPartOf":{"@id":"https:\/\/autofans.com.ar\/index.php\/2025\/01\/23\/el-compromiso-ambiental-de-mercedes-benz-camiones-y-buses\/"},"author":{"name":"Alejandro Gabriel Rosito","@id":"https:\/\/autofans.com.ar\/#\/schema\/person\/4a8dda0b6df83ac3d6723e921274c2aa"},"headline":"El compromiso ambiental de Mercedes-Benz Camiones y Buses","datePublished":"2025-01-23T21:05:25+00:00","dateModified":"2025-01-23T22:55:16+00:00","mainEntityOfPage":{"@id":"https:\/\/autofans.com.ar\/index.php\/2025\/01\/23\/el-compromiso-ambiental-de-mercedes-benz-camiones-y-buses\/"},"wordCount":491,"image":{"@id":"https:\/\/autofans.com.ar\/index.php\/2025\/01\/23\/el-compromiso-ambiental-de-mercedes-benz-camiones-y-buses\/#primaryimage"},"thumbnailUrl":"https:\/\/autofans.com.ar\/wp-content\/uploads\/2025\/01\/mercedes-3-3.jpg","keywords":["#sostenibilidad","Argentina","Econom\u00eda Circular","gesti\u00f3n ambiental","Green Production","industria del transporte","inversiones en Z\u00e1rate","ISO 14001","Mercedes-Benz Camiones y Buses","REMAN"],"articleSection":["EMPRESAS","NOTICIAS"],"inLanguage":"es"},{"@type":"WebPage","@id":"https:\/\/autofans.com.ar\/index.php\/2025\/01\/23\/el-compromiso-ambiental-de-mercedes-benz-camiones-y-buses\/","url":"https:\/\/autofans.com.ar\/index.php\/2025\/01\/23\/el-compromiso-ambiental-de-mercedes-benz-camiones-y-buses\/","name":"El compromiso ambiental de Mercedes-Benz Camiones y Buses -","isPartOf":{"@id":"https:\/\/autofans.com.ar\/#website"},"primaryImageOfPage":{"@id":"https:\/\/autofans.com.ar\/index.php\/2025\/01\/23\/el-compromiso-ambiental-de-mercedes-benz-camiones-y-buses\/#primaryimage"},"image":{"@id":"https:\/\/autofans.com.ar\/index.php\/2025\/01\/23\/el-compromiso-ambiental-de-mercedes-benz-camiones-y-buses\/#primaryimage"},"thumbnailUrl":"https:\/\/autofans.com.ar\/wp-content\/uploads\/2025\/01\/mercedes-3-3.jpg","datePublished":"2025-01-23T21:05:25+00:00","dateModified":"2025-01-23T22:55:16+00:00","author":{"@id":"https:\/\/autofans.com.ar\/#\/schema\/person\/4a8dda0b6df83ac3d6723e921274c2aa"},"description":"Mercedes-Benz Camiones y Buses complet\u00f3 con \u00e9xito la auditor\u00eda de seguimiento de su certificaci\u00f3n ISO 14001, realizada por T\u00dcV Rheinland.","breadcrumb":{"@id":"https:\/\/autofans.com.ar\/index.php\/2025\/01\/23\/el-compromiso-ambiental-de-mercedes-benz-camiones-y-buses\/#breadcrumb"},"inLanguage":"es","potentialAction":[{"@type":"ReadAction","target":["https:\/\/autofans.com.ar\/index.php\/2025\/01\/23\/el-compromiso-ambiental-de-mercedes-benz-camiones-y-buses\/"]}]},{"@type":"ImageObject","inLanguage":"es","@id":"https:\/\/autofans.com.ar\/index.php\/2025\/01\/23\/el-compromiso-ambiental-de-mercedes-benz-camiones-y-buses\/#primaryimage","url":"https:\/\/autofans.com.ar\/wp-content\/uploads\/2025\/01\/mercedes-3-3.jpg","contentUrl":"https:\/\/autofans.com.ar\/wp-content\/uploads\/2025\/01\/mercedes-3-3.jpg","width":1000,"height":667,"caption":"Mercedes-Benz"},{"@type":"BreadcrumbList","@id":"https:\/\/autofans.com.ar\/index.php\/2025\/01\/23\/el-compromiso-ambiental-de-mercedes-benz-camiones-y-buses\/#breadcrumb","itemListElement":[{"@type":"ListItem","position":1,"name":"Inicio","item":"https:\/\/autofans.com.ar\/"},{"@type":"ListItem","position":2,"name":"El compromiso ambiental de Mercedes-Benz Camiones y Buses"}]},{"@type":"WebSite","@id":"https:\/\/autofans.com.ar\/#website","url":"https:\/\/autofans.com.ar\/","name":"","description":"El multimedio referente de la industria automotriz","potentialAction":[{"@type":"SearchAction","target":{"@type":"EntryPoint","urlTemplate":"https:\/\/autofans.com.ar\/?s={search_term_string}"},"query-input":{"@type":"PropertyValueSpecification","valueRequired":true,"valueName":"search_term_string"}}],"inLanguage":"es"},{"@type":"Person","@id":"https:\/\/autofans.com.ar\/#\/schema\/person\/4a8dda0b6df83ac3d6723e921274c2aa","name":"Alejandro Gabriel Rosito","image":{"@type":"ImageObject","inLanguage":"es","@id":"https:\/\/secure.gravatar.com\/avatar\/16c5dda1489adfc62618084dcbb91cffd879c374b13fe5dd8e44ed6733852c88?s=96&d=mm&r=g","url":"https:\/\/secure.gravatar.com\/avatar\/16c5dda1489adfc62618084dcbb91cffd879c374b13fe5dd8e44ed6733852c88?s=96&d=mm&r=g","contentUrl":"https:\/\/secure.gravatar.com\/avatar\/16c5dda1489adfc62618084dcbb91cffd879c374b13fe5dd8e44ed6733852c88?s=96&d=mm&r=g","caption":"Alejandro Gabriel Rosito"},"url":"https:\/\/autofans.com.ar\/index.php\/author\/gabrielr\/"}]}},"featured_image_urls":{"full":["https:\/\/autofans.com.ar\/wp-content\/uploads\/2025\/01\/mercedes-3-3.jpg",1000,667,false],"thumbnail":["https:\/\/autofans.com.ar\/wp-content\/uploads\/2025\/01\/mercedes-3-3-150x150.jpg",150,150,true],"medium":["https:\/\/autofans.com.ar\/wp-content\/uploads\/2025\/01\/mercedes-3-3-300x200.jpg",300,200,true],"medium_large":["https:\/\/autofans.com.ar\/wp-content\/uploads\/2025\/01\/mercedes-3-3-768x512.jpg",640,427,true],"large":["https:\/\/autofans.com.ar\/wp-content\/uploads\/2025\/01\/mercedes-3-3.jpg",640,427,false],"1536x1536":["https:\/\/autofans.com.ar\/wp-content\/uploads\/2025\/01\/mercedes-3-3.jpg",1000,667,false],"2048x2048":["https:\/\/autofans.com.ar\/wp-content\/uploads\/2025\/01\/mercedes-3-3.jpg",1000,667,false],"covernews-featured":["https:\/\/autofans.com.ar\/wp-content\/uploads\/2025\/01\/mercedes-3-3.jpg",1000,667,false],"covernews-medium":["https:\/\/autofans.com.ar\/wp-content\/uploads\/2025\/01\/mercedes-3-3-540x340.jpg",540,340,true]},"author_info":{"display_name":"Alejandro Gabriel Rosito","author_link":"https:\/\/autofans.com.ar\/index.php\/author\/gabrielr\/"},"category_info":"<a href=\"https:\/\/autofans.com.ar\/index.php\/category\/noticias\/empresas\/\" rel=\"category tag\">EMPRESAS<\/a> <a href=\"https:\/\/autofans.com.ar\/index.php\/category\/noticias\/\" rel=\"category tag\">NOTICIAS<\/a>","tag_info":"NOTICIAS","comment_count":0,"_links":{"self":[{"href":"https:\/\/autofans.com.ar\/index.php\/wp-json\/wp\/v2\/posts\/10866","targetHints":{"allow":["GET"]}}],"collection":[{"href":"https:\/\/autofans.com.ar\/index.php\/wp-json\/wp\/v2\/posts"}],"about":[{"href":"https:\/\/autofans.com.ar\/index.php\/wp-json\/wp\/v2\/types\/post"}],"author":[{"embeddable":true,"href":"https:\/\/autofans.com.ar\/index.php\/wp-json\/wp\/v2\/users\/2"}],"replies":[{"embeddable":true,"href":"https:\/\/autofans.com.ar\/index.php\/wp-json\/wp\/v2\/comments?post=10866"}],"version-history":[{"count":1,"href":"https:\/\/autofans.com.ar\/index.php\/wp-json\/wp\/v2\/posts\/10866\/revisions"}],"predecessor-version":[{"id":10870,"href":"https:\/\/autofans.com.ar\/index.php\/wp-json\/wp\/v2\/posts\/10866\/revisions\/10870"}],"wp:featuredmedia":[{"embeddable":true,"href":"https:\/\/autofans.com.ar\/index.php\/wp-json\/wp\/v2\/media\/10867"}],"wp:attachment":[{"href":"https:\/\/autofans.com.ar\/index.php\/wp-json\/wp\/v2\/media?parent=10866"}],"wp:term":[{"taxonomy":"category","embeddable":true,"href":"https:\/\/autofans.com.ar\/index.php\/wp-json\/wp\/v2\/categories?post=10866"},{"taxonomy":"post_tag","embeddable":true,"href":"https:\/\/autofans.com.ar\/index.php\/wp-json\/wp\/v2\/tags?post=10866"}],"curies":[{"name":"wp","href":"https:\/\/api.w.org\/{rel}","templated":true}]}}