{"id":10888,"date":"2025-01-27T14:59:56","date_gmt":"2025-01-27T17:59:56","guid":{"rendered":"https:\/\/autofans.com.ar\/?p=10888"},"modified":"2025-01-27T17:41:17","modified_gmt":"2025-01-27T20:41:17","slug":"ds-automobiles-partner-de-la-semana-de-la-moda","status":"publish","type":"post","link":"https:\/\/autofans.com.ar\/index.php\/2025\/01\/27\/ds-automobiles-partner-de-la-semana-de-la-moda\/","title":{"rendered":"DS Automobiles, partner de la Semana de la Moda"},"content":{"rendered":"<p>Como partner oficial de la Semana de la Moda de Par\u00eds desde 2019, DS Automobiles vuelve a ser protagonista en el evento m\u00e1s destacado de la moda global. En esta edici\u00f3n 2025, la marca despliega una flota de 15 DS 7 PLUG-IN HYBRID para trasladar a periodistas, influencers y celebridades de desfile en desfile con estilo, confort y sostenibilidad.<\/p>\n<p>&nbsp;<\/p>\n<h2>Una experiencia \u00fanica con los DS 7 PLUG-IN HYBRID<\/h2>\n<p>&nbsp;<\/p>\n<p><img fetchpriority=\"high\" decoding=\"async\" class=\"aligncenter wp-image-10890 size-full\" src=\"https:\/\/autofans.com.ar\/wp-content\/uploads\/2025\/01\/ds-auto-3.jpg\" alt=\"DS Automobiles\" width=\"1000\" height=\"667\" srcset=\"https:\/\/autofans.com.ar\/wp-content\/uploads\/2025\/01\/ds-auto-3.jpg 1000w, https:\/\/autofans.com.ar\/wp-content\/uploads\/2025\/01\/ds-auto-3-300x200.jpg 300w, https:\/\/autofans.com.ar\/wp-content\/uploads\/2025\/01\/ds-auto-3-768x512.jpg 768w\" sizes=\"(max-width: 1000px) 100vw, 1000px\" \/><\/p>\n<p>&nbsp;<\/p>\n<p>Los DS 7 utilizados en la Semana de la Moda cuentan con motorizaciones h\u00edbridas enchufables PLUG-IN HYBRID 225, AWD 300 y AWD 360, que garantizan traslados silenciosos y sin emisiones, con una autonom\u00eda de hasta 81 km en modo el\u00e9ctrico (seg\u00fan ciclo WLTP). Esta flota personalizada con el logo de la Paris Fashion Week\u00ae representa el compromiso de DS Automobiles con una movilidad sustentable y el lujo franc\u00e9s.<\/p>\n<p>&nbsp;<\/p>\n<h2>DS Automobiles &#8211; innovaci\u00f3n y dise\u00f1o que inspiran<\/h2>\n<p>&nbsp;<\/p>\n<p><img decoding=\"async\" class=\"aligncenter wp-image-10889 size-full\" src=\"https:\/\/autofans.com.ar\/wp-content\/uploads\/2025\/01\/ds-auto-4.jpg\" alt=\"DS Automobiles\" width=\"1000\" height=\"667\" srcset=\"https:\/\/autofans.com.ar\/wp-content\/uploads\/2025\/01\/ds-auto-4.jpg 1000w, https:\/\/autofans.com.ar\/wp-content\/uploads\/2025\/01\/ds-auto-4-300x200.jpg 300w, https:\/\/autofans.com.ar\/wp-content\/uploads\/2025\/01\/ds-auto-4-768x512.jpg 768w\" sizes=\"(max-width: 1000px) 100vw, 1000px\" \/><\/p>\n<p>&nbsp;<\/p>\n<p>El v\u00ednculo entre DS Automobiles y la moda no es casualidad. La marca comparte con la alta costura su obsesi\u00f3n por los detalles y la innovaci\u00f3n, plasmados en elementos como el pespunte perlado, las inserciones Clous de Paris y los exclusivos asientos dise\u00f1ados como correas de reloj. Estas caracter\u00edsticas resaltan su capacidad de combinar tecnolog\u00eda y estilo, haciendo eco en los c\u00edrculos creativos del dise\u00f1o.<\/p>\n<p>La Semana de la Moda de Par\u00eds comenzar\u00e1 el 21 de enero con la presentaci\u00f3n de las colecciones masculinas Oto\u00f1o\/Invierno 2025-2026, seguido por los desfiles de Alta Costura Primavera\/Verano 2025 entre el 27 y el 30 de enero. En este contexto, DS Automobiles se posiciona no solo como una marca automotriz, sino tambi\u00e9n como un \u00edcono del lujo contempor\u00e1neo y la innovaci\u00f3n sostenible.<\/p>\n<p>&nbsp;<\/p>\n<p>&nbsp;<\/p>\n<p><i>Para enterarte de m\u00e1s novedades, no dejes de leer\u00a0<\/i><a href=\"https:\/\/autofans.thebrandsoup.com\/\"><i>nuestras notas<\/i><\/a><i>, de ver<\/i><b><i>\u00a0<\/i><\/b><a href=\"https:\/\/www.youtube.com\/channel\/UCgAC8UGHZYbT6P7PpmVnP7g\"><b><i>AUTOFANS TV<\/i><\/b><\/a><b><i>\u00a0<\/i><\/b><i>en nuestro\u00a0canal de Youtube. Adem\u00e1s seguinos en\u00a0<\/i><a href=\"https:\/\/www.instagram.com\/autofanstv\/\"><i>INSTAGRAM<\/i><\/a><i> y <\/i><a href=\"https:\/\/www.facebook.com\/autofansmas\/\"><i>FACEBOOK<\/i><\/a><i> para no perderte nada sobre las novedades del segmento automotor de Argentina y el mundo.<\/i><\/p>\n","protected":false},"excerpt":{"rendered":"<p>Como partner oficial de la Semana de la Moda de Par\u00eds desde 2019, DS Automobiles&#8230;<\/p>\n","protected":false},"author":2,"featured_media":10892,"comment_status":"closed","ping_status":"closed","sticky":false,"template":"","format":"standard","meta":{"footnotes":""},"categories":[6,16],"tags":[5930,5929,5928,545,3677,125,5931,5927],"class_list":["post-10888","post","type-post","status-publish","format-standard","has-post-thumbnail","hentry","category-bizstyle","category-noticias","tag-alta-costura-y-diseno-automotriz","tag-autos-hibridos-de-lujo","tag-ds-7-plug-in-hybrid","tag-ds-automobiles","tag-lujo-frances","tag-movilidad-sostenible","tag-paris-fashion-week","tag-semana-de-la-moda-de-paris-2025"],"yoast_head":"<!-- This site is optimized with the Yoast SEO plugin v27.5 - https:\/\/yoast.com\/product\/yoast-seo-wordpress\/ -->\n<title>DS Automobiles, partner de la Semana de la Moda -<\/title>\n<meta name=\"description\" content=\"Como partner oficial de la Semana de la Moda de Par\u00eds desde 2019, DS Automobiles vuelve en el evento m\u00e1s destacado de la moda global...\" \/>\n<meta name=\"robots\" content=\"index, follow, max-snippet:-1, max-image-preview:large, max-video-preview:-1\" \/>\n<link rel=\"canonical\" href=\"https:\/\/autofans.com.ar\/index.php\/2025\/01\/27\/ds-automobiles-partner-de-la-semana-de-la-moda\/\" \/>\n<meta property=\"og:locale\" content=\"es_ES\" \/>\n<meta property=\"og:type\" content=\"article\" \/>\n<meta property=\"og:title\" content=\"DS Automobiles, partner de la Semana de la Moda -\" \/>\n<meta property=\"og:description\" content=\"Como partner oficial de la Semana de la Moda de Par\u00eds desde 2019, DS Automobiles vuelve en el evento m\u00e1s destacado de la moda global...\" \/>\n<meta property=\"og:url\" content=\"https:\/\/autofans.com.ar\/index.php\/2025\/01\/27\/ds-automobiles-partner-de-la-semana-de-la-moda\/\" \/>\n<meta property=\"article:published_time\" content=\"2025-01-27T17:59:56+00:00\" \/>\n<meta property=\"article:modified_time\" content=\"2025-01-27T20:41:17+00:00\" \/>\n<meta property=\"og:image\" content=\"https:\/\/autofans.com.ar\/wp-content\/uploads\/2025\/01\/ds-auto-1.jpg\" \/>\n\t<meta property=\"og:image:width\" content=\"1000\" \/>\n\t<meta property=\"og:image:height\" content=\"667\" \/>\n\t<meta property=\"og:image:type\" content=\"image\/jpeg\" \/>\n<meta name=\"author\" content=\"Alejandro Gabriel Rosito\" \/>\n<meta name=\"twitter:card\" content=\"summary_large_image\" \/>\n<meta name=\"twitter:label1\" content=\"Escrito por\" \/>\n\t<meta name=\"twitter:data1\" content=\"Alejandro Gabriel Rosito\" \/>\n\t<meta name=\"twitter:label2\" content=\"Tiempo de lectura\" \/>\n\t<meta name=\"twitter:data2\" content=\"3 minutos\" \/>\n<script type=\"application\/ld+json\" class=\"yoast-schema-graph\">{\"@context\":\"https:\\\/\\\/schema.org\",\"@graph\":[{\"@type\":\"Article\",\"@id\":\"https:\\\/\\\/autofans.com.ar\\\/index.php\\\/2025\\\/01\\\/27\\\/ds-automobiles-partner-de-la-semana-de-la-moda\\\/#article\",\"isPartOf\":{\"@id\":\"https:\\\/\\\/autofans.com.ar\\\/index.php\\\/2025\\\/01\\\/27\\\/ds-automobiles-partner-de-la-semana-de-la-moda\\\/\"},\"author\":{\"name\":\"Alejandro Gabriel Rosito\",\"@id\":\"https:\\\/\\\/autofans.com.ar\\\/#\\\/schema\\\/person\\\/4a8dda0b6df83ac3d6723e921274c2aa\"},\"headline\":\"DS Automobiles, partner de la Semana de la Moda\",\"datePublished\":\"2025-01-27T17:59:56+00:00\",\"dateModified\":\"2025-01-27T20:41:17+00:00\",\"mainEntityOfPage\":{\"@id\":\"https:\\\/\\\/autofans.com.ar\\\/index.php\\\/2025\\\/01\\\/27\\\/ds-automobiles-partner-de-la-semana-de-la-moda\\\/\"},\"wordCount\":344,\"image\":{\"@id\":\"https:\\\/\\\/autofans.com.ar\\\/index.php\\\/2025\\\/01\\\/27\\\/ds-automobiles-partner-de-la-semana-de-la-moda\\\/#primaryimage\"},\"thumbnailUrl\":\"https:\\\/\\\/autofans.com.ar\\\/wp-content\\\/uploads\\\/2025\\\/01\\\/ds-auto-1.jpg\",\"keywords\":[\"alta costura y dise\u00f1o automotriz\",\"autos h\u00edbridos de lujo\",\"DS 7 PLUG-IN HYBRID\",\"DS Automobiles\",\"Lujo Franc\u00e9s\",\"Movilidad Sostenible\",\"Paris Fashion Week\",\"Semana de la Moda de Par\u00eds 2025\"],\"articleSection\":[\"BIZSTYLE\",\"NOTICIAS\"],\"inLanguage\":\"es\"},{\"@type\":\"WebPage\",\"@id\":\"https:\\\/\\\/autofans.com.ar\\\/index.php\\\/2025\\\/01\\\/27\\\/ds-automobiles-partner-de-la-semana-de-la-moda\\\/\",\"url\":\"https:\\\/\\\/autofans.com.ar\\\/index.php\\\/2025\\\/01\\\/27\\\/ds-automobiles-partner-de-la-semana-de-la-moda\\\/\",\"name\":\"DS Automobiles, partner de la Semana de la Moda -\",\"isPartOf\":{\"@id\":\"https:\\\/\\\/autofans.com.ar\\\/#website\"},\"primaryImageOfPage\":{\"@id\":\"https:\\\/\\\/autofans.com.ar\\\/index.php\\\/2025\\\/01\\\/27\\\/ds-automobiles-partner-de-la-semana-de-la-moda\\\/#primaryimage\"},\"image\":{\"@id\":\"https:\\\/\\\/autofans.com.ar\\\/index.php\\\/2025\\\/01\\\/27\\\/ds-automobiles-partner-de-la-semana-de-la-moda\\\/#primaryimage\"},\"thumbnailUrl\":\"https:\\\/\\\/autofans.com.ar\\\/wp-content\\\/uploads\\\/2025\\\/01\\\/ds-auto-1.jpg\",\"datePublished\":\"2025-01-27T17:59:56+00:00\",\"dateModified\":\"2025-01-27T20:41:17+00:00\",\"author\":{\"@id\":\"https:\\\/\\\/autofans.com.ar\\\/#\\\/schema\\\/person\\\/4a8dda0b6df83ac3d6723e921274c2aa\"},\"description\":\"Como partner oficial de la Semana de la Moda de Par\u00eds desde 2019, DS Automobiles vuelve en el evento m\u00e1s destacado de la moda global...\",\"breadcrumb\":{\"@id\":\"https:\\\/\\\/autofans.com.ar\\\/index.php\\\/2025\\\/01\\\/27\\\/ds-automobiles-partner-de-la-semana-de-la-moda\\\/#breadcrumb\"},\"inLanguage\":\"es\",\"potentialAction\":[{\"@type\":\"ReadAction\",\"target\":[\"https:\\\/\\\/autofans.com.ar\\\/index.php\\\/2025\\\/01\\\/27\\\/ds-automobiles-partner-de-la-semana-de-la-moda\\\/\"]}]},{\"@type\":\"ImageObject\",\"inLanguage\":\"es\",\"@id\":\"https:\\\/\\\/autofans.com.ar\\\/index.php\\\/2025\\\/01\\\/27\\\/ds-automobiles-partner-de-la-semana-de-la-moda\\\/#primaryimage\",\"url\":\"https:\\\/\\\/autofans.com.ar\\\/wp-content\\\/uploads\\\/2025\\\/01\\\/ds-auto-1.jpg\",\"contentUrl\":\"https:\\\/\\\/autofans.com.ar\\\/wp-content\\\/uploads\\\/2025\\\/01\\\/ds-auto-1.jpg\",\"width\":1000,\"height\":667},{\"@type\":\"BreadcrumbList\",\"@id\":\"https:\\\/\\\/autofans.com.ar\\\/index.php\\\/2025\\\/01\\\/27\\\/ds-automobiles-partner-de-la-semana-de-la-moda\\\/#breadcrumb\",\"itemListElement\":[{\"@type\":\"ListItem\",\"position\":1,\"name\":\"Inicio\",\"item\":\"https:\\\/\\\/autofans.com.ar\\\/\"},{\"@type\":\"ListItem\",\"position\":2,\"name\":\"DS Automobiles, partner de la Semana de la Moda\"}]},{\"@type\":\"WebSite\",\"@id\":\"https:\\\/\\\/autofans.com.ar\\\/#website\",\"url\":\"https:\\\/\\\/autofans.com.ar\\\/\",\"name\":\"\",\"description\":\"El multimedio referente de la industria automotriz\",\"potentialAction\":[{\"@type\":\"SearchAction\",\"target\":{\"@type\":\"EntryPoint\",\"urlTemplate\":\"https:\\\/\\\/autofans.com.ar\\\/?s={search_term_string}\"},\"query-input\":{\"@type\":\"PropertyValueSpecification\",\"valueRequired\":true,\"valueName\":\"search_term_string\"}}],\"inLanguage\":\"es\"},{\"@type\":\"Person\",\"@id\":\"https:\\\/\\\/autofans.com.ar\\\/#\\\/schema\\\/person\\\/4a8dda0b6df83ac3d6723e921274c2aa\",\"name\":\"Alejandro Gabriel Rosito\",\"image\":{\"@type\":\"ImageObject\",\"inLanguage\":\"es\",\"@id\":\"https:\\\/\\\/secure.gravatar.com\\\/avatar\\\/16c5dda1489adfc62618084dcbb91cffd879c374b13fe5dd8e44ed6733852c88?s=96&d=mm&r=g\",\"url\":\"https:\\\/\\\/secure.gravatar.com\\\/avatar\\\/16c5dda1489adfc62618084dcbb91cffd879c374b13fe5dd8e44ed6733852c88?s=96&d=mm&r=g\",\"contentUrl\":\"https:\\\/\\\/secure.gravatar.com\\\/avatar\\\/16c5dda1489adfc62618084dcbb91cffd879c374b13fe5dd8e44ed6733852c88?s=96&d=mm&r=g\",\"caption\":\"Alejandro Gabriel Rosito\"},\"url\":\"https:\\\/\\\/autofans.com.ar\\\/index.php\\\/author\\\/gabrielr\\\/\"}]}<\/script>\n<!-- \/ Yoast SEO plugin. -->","yoast_head_json":{"title":"DS Automobiles, partner de la Semana de la Moda -","description":"Como partner oficial de la Semana de la Moda de Par\u00eds desde 2019, DS Automobiles vuelve en el evento m\u00e1s destacado de la moda global...","robots":{"index":"index","follow":"follow","max-snippet":"max-snippet:-1","max-image-preview":"max-image-preview:large","max-video-preview":"max-video-preview:-1"},"canonical":"https:\/\/autofans.com.ar\/index.php\/2025\/01\/27\/ds-automobiles-partner-de-la-semana-de-la-moda\/","og_locale":"es_ES","og_type":"article","og_title":"DS Automobiles, partner de la Semana de la Moda -","og_description":"Como partner oficial de la Semana de la Moda de Par\u00eds desde 2019, DS Automobiles vuelve en el evento m\u00e1s destacado de la moda global...","og_url":"https:\/\/autofans.com.ar\/index.php\/2025\/01\/27\/ds-automobiles-partner-de-la-semana-de-la-moda\/","article_published_time":"2025-01-27T17:59:56+00:00","article_modified_time":"2025-01-27T20:41:17+00:00","og_image":[{"width":1000,"height":667,"url":"https:\/\/autofans.com.ar\/wp-content\/uploads\/2025\/01\/ds-auto-1.jpg","type":"image\/jpeg"}],"author":"Alejandro Gabriel Rosito","twitter_card":"summary_large_image","twitter_misc":{"Escrito por":"Alejandro Gabriel Rosito","Tiempo de lectura":"3 minutos"},"schema":{"@context":"https:\/\/schema.org","@graph":[{"@type":"Article","@id":"https:\/\/autofans.com.ar\/index.php\/2025\/01\/27\/ds-automobiles-partner-de-la-semana-de-la-moda\/#article","isPartOf":{"@id":"https:\/\/autofans.com.ar\/index.php\/2025\/01\/27\/ds-automobiles-partner-de-la-semana-de-la-moda\/"},"author":{"name":"Alejandro Gabriel Rosito","@id":"https:\/\/autofans.com.ar\/#\/schema\/person\/4a8dda0b6df83ac3d6723e921274c2aa"},"headline":"DS Automobiles, partner de la Semana de la Moda","datePublished":"2025-01-27T17:59:56+00:00","dateModified":"2025-01-27T20:41:17+00:00","mainEntityOfPage":{"@id":"https:\/\/autofans.com.ar\/index.php\/2025\/01\/27\/ds-automobiles-partner-de-la-semana-de-la-moda\/"},"wordCount":344,"image":{"@id":"https:\/\/autofans.com.ar\/index.php\/2025\/01\/27\/ds-automobiles-partner-de-la-semana-de-la-moda\/#primaryimage"},"thumbnailUrl":"https:\/\/autofans.com.ar\/wp-content\/uploads\/2025\/01\/ds-auto-1.jpg","keywords":["alta costura y dise\u00f1o automotriz","autos h\u00edbridos de lujo","DS 7 PLUG-IN HYBRID","DS Automobiles","Lujo Franc\u00e9s","Movilidad Sostenible","Paris Fashion Week","Semana de la Moda de Par\u00eds 2025"],"articleSection":["BIZSTYLE","NOTICIAS"],"inLanguage":"es"},{"@type":"WebPage","@id":"https:\/\/autofans.com.ar\/index.php\/2025\/01\/27\/ds-automobiles-partner-de-la-semana-de-la-moda\/","url":"https:\/\/autofans.com.ar\/index.php\/2025\/01\/27\/ds-automobiles-partner-de-la-semana-de-la-moda\/","name":"DS Automobiles, partner de la Semana de la Moda -","isPartOf":{"@id":"https:\/\/autofans.com.ar\/#website"},"primaryImageOfPage":{"@id":"https:\/\/autofans.com.ar\/index.php\/2025\/01\/27\/ds-automobiles-partner-de-la-semana-de-la-moda\/#primaryimage"},"image":{"@id":"https:\/\/autofans.com.ar\/index.php\/2025\/01\/27\/ds-automobiles-partner-de-la-semana-de-la-moda\/#primaryimage"},"thumbnailUrl":"https:\/\/autofans.com.ar\/wp-content\/uploads\/2025\/01\/ds-auto-1.jpg","datePublished":"2025-01-27T17:59:56+00:00","dateModified":"2025-01-27T20:41:17+00:00","author":{"@id":"https:\/\/autofans.com.ar\/#\/schema\/person\/4a8dda0b6df83ac3d6723e921274c2aa"},"description":"Como partner oficial de la Semana de la Moda de Par\u00eds desde 2019, DS Automobiles vuelve en el evento m\u00e1s destacado de la moda global...","breadcrumb":{"@id":"https:\/\/autofans.com.ar\/index.php\/2025\/01\/27\/ds-automobiles-partner-de-la-semana-de-la-moda\/#breadcrumb"},"inLanguage":"es","potentialAction":[{"@type":"ReadAction","target":["https:\/\/autofans.com.ar\/index.php\/2025\/01\/27\/ds-automobiles-partner-de-la-semana-de-la-moda\/"]}]},{"@type":"ImageObject","inLanguage":"es","@id":"https:\/\/autofans.com.ar\/index.php\/2025\/01\/27\/ds-automobiles-partner-de-la-semana-de-la-moda\/#primaryimage","url":"https:\/\/autofans.com.ar\/wp-content\/uploads\/2025\/01\/ds-auto-1.jpg","contentUrl":"https:\/\/autofans.com.ar\/wp-content\/uploads\/2025\/01\/ds-auto-1.jpg","width":1000,"height":667},{"@type":"BreadcrumbList","@id":"https:\/\/autofans.com.ar\/index.php\/2025\/01\/27\/ds-automobiles-partner-de-la-semana-de-la-moda\/#breadcrumb","itemListElement":[{"@type":"ListItem","position":1,"name":"Inicio","item":"https:\/\/autofans.com.ar\/"},{"@type":"ListItem","position":2,"name":"DS Automobiles, partner de la Semana de la Moda"}]},{"@type":"WebSite","@id":"https:\/\/autofans.com.ar\/#website","url":"https:\/\/autofans.com.ar\/","name":"","description":"El multimedio referente de la industria automotriz","potentialAction":[{"@type":"SearchAction","target":{"@type":"EntryPoint","urlTemplate":"https:\/\/autofans.com.ar\/?s={search_term_string}"},"query-input":{"@type":"PropertyValueSpecification","valueRequired":true,"valueName":"search_term_string"}}],"inLanguage":"es"},{"@type":"Person","@id":"https:\/\/autofans.com.ar\/#\/schema\/person\/4a8dda0b6df83ac3d6723e921274c2aa","name":"Alejandro Gabriel Rosito","image":{"@type":"ImageObject","inLanguage":"es","@id":"https:\/\/secure.gravatar.com\/avatar\/16c5dda1489adfc62618084dcbb91cffd879c374b13fe5dd8e44ed6733852c88?s=96&d=mm&r=g","url":"https:\/\/secure.gravatar.com\/avatar\/16c5dda1489adfc62618084dcbb91cffd879c374b13fe5dd8e44ed6733852c88?s=96&d=mm&r=g","contentUrl":"https:\/\/secure.gravatar.com\/avatar\/16c5dda1489adfc62618084dcbb91cffd879c374b13fe5dd8e44ed6733852c88?s=96&d=mm&r=g","caption":"Alejandro Gabriel Rosito"},"url":"https:\/\/autofans.com.ar\/index.php\/author\/gabrielr\/"}]}},"featured_image_urls":{"full":["https:\/\/autofans.com.ar\/wp-content\/uploads\/2025\/01\/ds-auto-1.jpg",1000,667,false],"thumbnail":["https:\/\/autofans.com.ar\/wp-content\/uploads\/2025\/01\/ds-auto-1-150x150.jpg",150,150,true],"medium":["https:\/\/autofans.com.ar\/wp-content\/uploads\/2025\/01\/ds-auto-1-300x200.jpg",300,200,true],"medium_large":["https:\/\/autofans.com.ar\/wp-content\/uploads\/2025\/01\/ds-auto-1-768x512.jpg",640,427,true],"large":["https:\/\/autofans.com.ar\/wp-content\/uploads\/2025\/01\/ds-auto-1.jpg",640,427,false],"1536x1536":["https:\/\/autofans.com.ar\/wp-content\/uploads\/2025\/01\/ds-auto-1.jpg",1000,667,false],"2048x2048":["https:\/\/autofans.com.ar\/wp-content\/uploads\/2025\/01\/ds-auto-1.jpg",1000,667,false],"covernews-featured":["https:\/\/autofans.com.ar\/wp-content\/uploads\/2025\/01\/ds-auto-1.jpg",1000,667,false],"covernews-medium":["https:\/\/autofans.com.ar\/wp-content\/uploads\/2025\/01\/ds-auto-1-540x340.jpg",540,340,true]},"author_info":{"display_name":"Alejandro Gabriel Rosito","author_link":"https:\/\/autofans.com.ar\/index.php\/author\/gabrielr\/"},"category_info":"<a href=\"https:\/\/autofans.com.ar\/index.php\/category\/noticias\/bizstyle\/\" rel=\"category tag\">BIZSTYLE<\/a> <a href=\"https:\/\/autofans.com.ar\/index.php\/category\/noticias\/\" rel=\"category tag\">NOTICIAS<\/a>","tag_info":"NOTICIAS","comment_count":0,"_links":{"self":[{"href":"https:\/\/autofans.com.ar\/index.php\/wp-json\/wp\/v2\/posts\/10888","targetHints":{"allow":["GET"]}}],"collection":[{"href":"https:\/\/autofans.com.ar\/index.php\/wp-json\/wp\/v2\/posts"}],"about":[{"href":"https:\/\/autofans.com.ar\/index.php\/wp-json\/wp\/v2\/types\/post"}],"author":[{"embeddable":true,"href":"https:\/\/autofans.com.ar\/index.php\/wp-json\/wp\/v2\/users\/2"}],"replies":[{"embeddable":true,"href":"https:\/\/autofans.com.ar\/index.php\/wp-json\/wp\/v2\/comments?post=10888"}],"version-history":[{"count":1,"href":"https:\/\/autofans.com.ar\/index.php\/wp-json\/wp\/v2\/posts\/10888\/revisions"}],"predecessor-version":[{"id":10893,"href":"https:\/\/autofans.com.ar\/index.php\/wp-json\/wp\/v2\/posts\/10888\/revisions\/10893"}],"wp:featuredmedia":[{"embeddable":true,"href":"https:\/\/autofans.com.ar\/index.php\/wp-json\/wp\/v2\/media\/10892"}],"wp:attachment":[{"href":"https:\/\/autofans.com.ar\/index.php\/wp-json\/wp\/v2\/media?parent=10888"}],"wp:term":[{"taxonomy":"category","embeddable":true,"href":"https:\/\/autofans.com.ar\/index.php\/wp-json\/wp\/v2\/categories?post=10888"},{"taxonomy":"post_tag","embeddable":true,"href":"https:\/\/autofans.com.ar\/index.php\/wp-json\/wp\/v2\/tags?post=10888"}],"curies":[{"name":"wp","href":"https:\/\/api.w.org\/{rel}","templated":true}]}}