{"id":10894,"date":"2025-01-27T18:24:38","date_gmt":"2025-01-27T21:24:38","guid":{"rendered":"https:\/\/autofans.com.ar\/?p=10894"},"modified":"2025-01-27T18:24:38","modified_gmt":"2025-01-27T21:24:38","slug":"iveco-nombra-a-william-costa-como-director-comercial-regional","status":"publish","type":"post","link":"https:\/\/autofans.com.ar\/index.php\/2025\/01\/27\/iveco-nombra-a-william-costa-como-director-comercial-regional\/","title":{"rendered":"IVECO nombra a William Costa como Director Comercial regional"},"content":{"rendered":"<p>VECO, una de las marcas l\u00edderes en el sector automotriz y parte de Iveco Group, anunci\u00f3 la designaci\u00f3n de William Costa como nuevo Director Comercial para los mercados importadores de Am\u00e9rica Latina. Costa asume este desaf\u00edo tras la gesti\u00f3n de Luciane Dall\u2019Oglio, quien decidi\u00f3 emprender nuevos caminos profesionales.<\/p>\n<p>&nbsp;<\/p>\n<blockquote>\n<p style=\"text-align: center;\">\u201cEs un placer anunciar que William Costa liderar\u00e1 las Operaciones Comerciales de Truck Importers. Agradecemos profundamente a Luciane por su dedicaci\u00f3n en este tiempo y le deseamos \u00e9xito en sus proyectos futuros. Asimismo, felicitamos a William por esta nueva etapa\u201d, afirm\u00f3 Marcio Querichelli, presidente de IVECO para Am\u00e9rica Latina.<\/p>\n<\/blockquote>\n<p>&nbsp;<\/p>\n<h2>Un liderazgo con experiencia internacional<\/h2>\n<p>Con m\u00e1s de 17 a\u00f1os de trayectoria en la industria automotriz, William Costa se ha consolidado como un referente en la creaci\u00f3n de estrategias comerciales efectivas y el desarrollo de redes de distribuidores de alto nivel. Desde su llegada a IVECO en 2021, desempe\u00f1\u00f3 un papel clave en la expansi\u00f3n del negocio de camiones en Am\u00e9rica Latina, gestionando operaciones que involucran plantas en Alemania, Italia, Espa\u00f1a, Argentina y Brasil.<\/p>\n<p>&nbsp;<\/p>\n<figure id=\"attachment_10898\" aria-describedby=\"caption-attachment-10898\" style=\"width: 1000px\" class=\"wp-caption aligncenter\"><img fetchpriority=\"high\" decoding=\"async\" class=\"wp-image-10898 size-full\" src=\"https:\/\/autofans.com.ar\/wp-content\/uploads\/2025\/01\/iveco-2.jpg\" alt=\"IVECO\" width=\"1000\" height=\"667\" srcset=\"https:\/\/autofans.com.ar\/wp-content\/uploads\/2025\/01\/iveco-2.jpg 1000w, https:\/\/autofans.com.ar\/wp-content\/uploads\/2025\/01\/iveco-2-300x200.jpg 300w, https:\/\/autofans.com.ar\/wp-content\/uploads\/2025\/01\/iveco-2-768x512.jpg 768w\" sizes=\"(max-width: 1000px) 100vw, 1000px\" \/><figcaption id=\"caption-attachment-10898\" class=\"wp-caption-text\">William Costa, Director Comercial regional<\/figcaption><\/figure>\n<p>&nbsp;<\/p>\n<p>Durante su carrera en IVECO, lider\u00f3 la implementaci\u00f3n de estrategias para modelos destacados como Daily, Eurocargo, Tector, S-Way y T-Way, asegurando que estos productos se adapten a las necesidades espec\u00edficas de cada mercado local.<\/p>\n<p>&nbsp;<\/p>\n<blockquote>\n<p style=\"text-align: center;\">\u201cContar con William en nuestro equipo es fundamental para fortalecer nuestra presencia en los mercados importadores, asegurando una oferta de soluciones innovadoras adaptadas a las necesidades de cada cliente\u201d, agreg\u00f3 Querichelli.<\/p>\n<\/blockquote>\n<p>&nbsp;<\/p>\n<h2>IVECO &#8211; fortalecimiento del liderazgo regional<\/h2>\n<p>La incorporaci\u00f3n de Costa como Director Comercial refleja el compromiso de IVECO de consolidar su posici\u00f3n en Am\u00e9rica Latina. Bajo su liderazgo, la marca buscar\u00e1 potenciar su eficiencia comercial, satisfacer las demandas de los clientes de la regi\u00f3n y reforzar la red de distribuidores clave. Esta estrategia apunta a un crecimiento sostenido, apoy\u00e1ndose en productos de alta calidad fabricados en diversas plantas del mundo.<\/p>\n<p>&nbsp;<\/p>\n<p><img decoding=\"async\" class=\"aligncenter wp-image-10896 size-full\" src=\"https:\/\/autofans.com.ar\/wp-content\/uploads\/2025\/01\/iveco-4.jpg\" alt=\"IVECO\" width=\"1000\" height=\"667\" srcset=\"https:\/\/autofans.com.ar\/wp-content\/uploads\/2025\/01\/iveco-4.jpg 1000w, https:\/\/autofans.com.ar\/wp-content\/uploads\/2025\/01\/iveco-4-300x200.jpg 300w, https:\/\/autofans.com.ar\/wp-content\/uploads\/2025\/01\/iveco-4-768x512.jpg 768w\" sizes=\"(max-width: 1000px) 100vw, 1000px\" \/><\/p>\n<p>&nbsp;<\/p>\n<p>IVECO contin\u00faa reafirmando su rol como protagonista en el mercado automotriz latinoamericano, combinando innovaci\u00f3n, visi\u00f3n estrat\u00e9gica y liderazgo con experiencia global.<\/p>\n<p>&nbsp;<\/p>\n<p>&nbsp;<\/p>\n<blockquote>\n<p style=\"text-align: center;\">\u201cEstoy muy agradecido por esta oportunidad y entusiasmado por enfrentar los desaf\u00edos que trae esta posici\u00f3n. Mi compromiso est\u00e1 en trabajar mano a mano con nuestra red de distribuidores para garantizar una experiencia de calidad que respalden a nuestros clientes en cada etapa de su relaci\u00f3n con la marca\u201d, expres\u00f3 William Costa.<\/p>\n<\/blockquote>\n<p>&nbsp;<\/p>\n<p>&nbsp;<\/p>\n<p><i>Para enterarte de m\u00e1s novedades, no dejes de leer\u00a0<\/i><a href=\"https:\/\/autofans.thebrandsoup.com\/\"><i>nuestras notas<\/i><\/a><i>, de ver<\/i><b><i>\u00a0<\/i><\/b><a href=\"https:\/\/www.youtube.com\/channel\/UCgAC8UGHZYbT6P7PpmVnP7g\"><b><i>AUTOFANS TV<\/i><\/b><\/a><b><i>\u00a0<\/i><\/b><i>en nuestro\u00a0canal de Youtube. Adem\u00e1s seguinos en\u00a0<\/i><a href=\"https:\/\/www.instagram.com\/autofanstv\/\"><i>INSTAGRAM<\/i><\/a><i> y <\/i><a href=\"https:\/\/www.facebook.com\/autofansmas\/\"><i>FACEBOOK<\/i><\/a><i> para no perderte nada sobre las novedades del segmento automotor de Argentina y el mundo.<\/i><\/p>\n","protected":false},"excerpt":{"rendered":"<p>VECO, una de las marcas l\u00edderes en el sector automotriz y parte de Iveco Group,&#8230;<\/p>\n","protected":false},"author":2,"featured_media":10895,"comment_status":"closed","ping_status":"closed","sticky":false,"template":"","format":"standard","meta":{"footnotes":""},"categories":[292,16],"tags":[5935,5934,5932,5937,5936,5933],"class_list":["post-10894","post","type-post","status-publish","format-standard","has-post-thumbnail","hentry","category-empresas","category-noticias","tag-camiones-iveco","tag-director-comercial-iveco","tag-iveco-america-latina","tag-iveco-group-latinoamerica","tag-liderazgo-automotriz","tag-william-costa-iveco"],"yoast_head":"<!-- This site is optimized with the Yoast SEO plugin v27.5 - https:\/\/yoast.com\/product\/yoast-seo-wordpress\/ -->\n<title>IVECO nombra a William Costa como Director Comercial regional -<\/title>\n<meta name=\"description\" content=\"IVECO, marca l\u00edder en el sector automotriz y parte de Iveco Group, anunci\u00f3 la designaci\u00f3n de William Costa como nuevo Director Comercial...\" \/>\n<meta name=\"robots\" content=\"index, follow, max-snippet:-1, max-image-preview:large, max-video-preview:-1\" \/>\n<link rel=\"canonical\" href=\"https:\/\/autofans.com.ar\/index.php\/2025\/01\/27\/iveco-nombra-a-william-costa-como-director-comercial-regional\/\" \/>\n<meta property=\"og:locale\" content=\"es_ES\" \/>\n<meta property=\"og:type\" content=\"article\" \/>\n<meta property=\"og:title\" content=\"IVECO nombra a William Costa como Director Comercial regional -\" \/>\n<meta property=\"og:description\" content=\"IVECO, marca l\u00edder en el sector automotriz y parte de Iveco Group, anunci\u00f3 la designaci\u00f3n de William Costa como nuevo Director Comercial...\" \/>\n<meta property=\"og:url\" content=\"https:\/\/autofans.com.ar\/index.php\/2025\/01\/27\/iveco-nombra-a-william-costa-como-director-comercial-regional\/\" \/>\n<meta property=\"article:published_time\" content=\"2025-01-27T21:24:38+00:00\" \/>\n<meta property=\"og:image\" content=\"https:\/\/autofans.com.ar\/wp-content\/uploads\/2025\/01\/iveco-5.jpg\" \/>\n\t<meta property=\"og:image:width\" content=\"1000\" \/>\n\t<meta property=\"og:image:height\" content=\"667\" \/>\n\t<meta property=\"og:image:type\" content=\"image\/jpeg\" \/>\n<meta name=\"author\" content=\"Alejandro Gabriel Rosito\" \/>\n<meta name=\"twitter:card\" content=\"summary_large_image\" \/>\n<meta name=\"twitter:label1\" content=\"Escrito por\" \/>\n\t<meta name=\"twitter:data1\" content=\"Alejandro Gabriel Rosito\" \/>\n\t<meta name=\"twitter:label2\" content=\"Tiempo de lectura\" \/>\n\t<meta name=\"twitter:data2\" content=\"2 minutos\" \/>\n<script type=\"application\/ld+json\" class=\"yoast-schema-graph\">{\"@context\":\"https:\\\/\\\/schema.org\",\"@graph\":[{\"@type\":\"Article\",\"@id\":\"https:\\\/\\\/autofans.com.ar\\\/index.php\\\/2025\\\/01\\\/27\\\/iveco-nombra-a-william-costa-como-director-comercial-regional\\\/#article\",\"isPartOf\":{\"@id\":\"https:\\\/\\\/autofans.com.ar\\\/index.php\\\/2025\\\/01\\\/27\\\/iveco-nombra-a-william-costa-como-director-comercial-regional\\\/\"},\"author\":{\"name\":\"Alejandro Gabriel Rosito\",\"@id\":\"https:\\\/\\\/autofans.com.ar\\\/#\\\/schema\\\/person\\\/4a8dda0b6df83ac3d6723e921274c2aa\"},\"headline\":\"IVECO nombra a William Costa como Director Comercial regional\",\"datePublished\":\"2025-01-27T21:24:38+00:00\",\"mainEntityOfPage\":{\"@id\":\"https:\\\/\\\/autofans.com.ar\\\/index.php\\\/2025\\\/01\\\/27\\\/iveco-nombra-a-william-costa-como-director-comercial-regional\\\/\"},\"wordCount\":481,\"image\":{\"@id\":\"https:\\\/\\\/autofans.com.ar\\\/index.php\\\/2025\\\/01\\\/27\\\/iveco-nombra-a-william-costa-como-director-comercial-regional\\\/#primaryimage\"},\"thumbnailUrl\":\"https:\\\/\\\/autofans.com.ar\\\/wp-content\\\/uploads\\\/2025\\\/01\\\/iveco-5.jpg\",\"keywords\":[\"camiones IVECO\",\"Director Comercial IVECO\",\"IVECO Am\u00e9rica Latina\",\"Iveco Group Latinoam\u00e9rica\",\"liderazgo automotriz\",\"William Costa IVECO\"],\"articleSection\":[\"EMPRESAS\",\"NOTICIAS\"],\"inLanguage\":\"es\"},{\"@type\":\"WebPage\",\"@id\":\"https:\\\/\\\/autofans.com.ar\\\/index.php\\\/2025\\\/01\\\/27\\\/iveco-nombra-a-william-costa-como-director-comercial-regional\\\/\",\"url\":\"https:\\\/\\\/autofans.com.ar\\\/index.php\\\/2025\\\/01\\\/27\\\/iveco-nombra-a-william-costa-como-director-comercial-regional\\\/\",\"name\":\"IVECO nombra a William Costa como Director Comercial regional -\",\"isPartOf\":{\"@id\":\"https:\\\/\\\/autofans.com.ar\\\/#website\"},\"primaryImageOfPage\":{\"@id\":\"https:\\\/\\\/autofans.com.ar\\\/index.php\\\/2025\\\/01\\\/27\\\/iveco-nombra-a-william-costa-como-director-comercial-regional\\\/#primaryimage\"},\"image\":{\"@id\":\"https:\\\/\\\/autofans.com.ar\\\/index.php\\\/2025\\\/01\\\/27\\\/iveco-nombra-a-william-costa-como-director-comercial-regional\\\/#primaryimage\"},\"thumbnailUrl\":\"https:\\\/\\\/autofans.com.ar\\\/wp-content\\\/uploads\\\/2025\\\/01\\\/iveco-5.jpg\",\"datePublished\":\"2025-01-27T21:24:38+00:00\",\"author\":{\"@id\":\"https:\\\/\\\/autofans.com.ar\\\/#\\\/schema\\\/person\\\/4a8dda0b6df83ac3d6723e921274c2aa\"},\"description\":\"IVECO, marca l\u00edder en el sector automotriz y parte de Iveco Group, anunci\u00f3 la designaci\u00f3n de William Costa como nuevo Director Comercial...\",\"breadcrumb\":{\"@id\":\"https:\\\/\\\/autofans.com.ar\\\/index.php\\\/2025\\\/01\\\/27\\\/iveco-nombra-a-william-costa-como-director-comercial-regional\\\/#breadcrumb\"},\"inLanguage\":\"es\",\"potentialAction\":[{\"@type\":\"ReadAction\",\"target\":[\"https:\\\/\\\/autofans.com.ar\\\/index.php\\\/2025\\\/01\\\/27\\\/iveco-nombra-a-william-costa-como-director-comercial-regional\\\/\"]}]},{\"@type\":\"ImageObject\",\"inLanguage\":\"es\",\"@id\":\"https:\\\/\\\/autofans.com.ar\\\/index.php\\\/2025\\\/01\\\/27\\\/iveco-nombra-a-william-costa-como-director-comercial-regional\\\/#primaryimage\",\"url\":\"https:\\\/\\\/autofans.com.ar\\\/wp-content\\\/uploads\\\/2025\\\/01\\\/iveco-5.jpg\",\"contentUrl\":\"https:\\\/\\\/autofans.com.ar\\\/wp-content\\\/uploads\\\/2025\\\/01\\\/iveco-5.jpg\",\"width\":1000,\"height\":667,\"caption\":\"IVECO\"},{\"@type\":\"BreadcrumbList\",\"@id\":\"https:\\\/\\\/autofans.com.ar\\\/index.php\\\/2025\\\/01\\\/27\\\/iveco-nombra-a-william-costa-como-director-comercial-regional\\\/#breadcrumb\",\"itemListElement\":[{\"@type\":\"ListItem\",\"position\":1,\"name\":\"Inicio\",\"item\":\"https:\\\/\\\/autofans.com.ar\\\/\"},{\"@type\":\"ListItem\",\"position\":2,\"name\":\"IVECO nombra a William Costa como Director Comercial regional\"}]},{\"@type\":\"WebSite\",\"@id\":\"https:\\\/\\\/autofans.com.ar\\\/#website\",\"url\":\"https:\\\/\\\/autofans.com.ar\\\/\",\"name\":\"\",\"description\":\"El multimedio referente de la industria automotriz\",\"potentialAction\":[{\"@type\":\"SearchAction\",\"target\":{\"@type\":\"EntryPoint\",\"urlTemplate\":\"https:\\\/\\\/autofans.com.ar\\\/?s={search_term_string}\"},\"query-input\":{\"@type\":\"PropertyValueSpecification\",\"valueRequired\":true,\"valueName\":\"search_term_string\"}}],\"inLanguage\":\"es\"},{\"@type\":\"Person\",\"@id\":\"https:\\\/\\\/autofans.com.ar\\\/#\\\/schema\\\/person\\\/4a8dda0b6df83ac3d6723e921274c2aa\",\"name\":\"Alejandro Gabriel Rosito\",\"image\":{\"@type\":\"ImageObject\",\"inLanguage\":\"es\",\"@id\":\"https:\\\/\\\/secure.gravatar.com\\\/avatar\\\/16c5dda1489adfc62618084dcbb91cffd879c374b13fe5dd8e44ed6733852c88?s=96&d=mm&r=g\",\"url\":\"https:\\\/\\\/secure.gravatar.com\\\/avatar\\\/16c5dda1489adfc62618084dcbb91cffd879c374b13fe5dd8e44ed6733852c88?s=96&d=mm&r=g\",\"contentUrl\":\"https:\\\/\\\/secure.gravatar.com\\\/avatar\\\/16c5dda1489adfc62618084dcbb91cffd879c374b13fe5dd8e44ed6733852c88?s=96&d=mm&r=g\",\"caption\":\"Alejandro Gabriel Rosito\"},\"url\":\"https:\\\/\\\/autofans.com.ar\\\/index.php\\\/author\\\/gabrielr\\\/\"}]}<\/script>\n<!-- \/ Yoast SEO plugin. -->","yoast_head_json":{"title":"IVECO nombra a William Costa como Director Comercial regional -","description":"IVECO, marca l\u00edder en el sector automotriz y parte de Iveco Group, anunci\u00f3 la designaci\u00f3n de William Costa como nuevo Director Comercial...","robots":{"index":"index","follow":"follow","max-snippet":"max-snippet:-1","max-image-preview":"max-image-preview:large","max-video-preview":"max-video-preview:-1"},"canonical":"https:\/\/autofans.com.ar\/index.php\/2025\/01\/27\/iveco-nombra-a-william-costa-como-director-comercial-regional\/","og_locale":"es_ES","og_type":"article","og_title":"IVECO nombra a William Costa como Director Comercial regional -","og_description":"IVECO, marca l\u00edder en el sector automotriz y parte de Iveco Group, anunci\u00f3 la designaci\u00f3n de William Costa como nuevo Director Comercial...","og_url":"https:\/\/autofans.com.ar\/index.php\/2025\/01\/27\/iveco-nombra-a-william-costa-como-director-comercial-regional\/","article_published_time":"2025-01-27T21:24:38+00:00","og_image":[{"width":1000,"height":667,"url":"https:\/\/autofans.com.ar\/wp-content\/uploads\/2025\/01\/iveco-5.jpg","type":"image\/jpeg"}],"author":"Alejandro Gabriel Rosito","twitter_card":"summary_large_image","twitter_misc":{"Escrito por":"Alejandro Gabriel Rosito","Tiempo de lectura":"2 minutos"},"schema":{"@context":"https:\/\/schema.org","@graph":[{"@type":"Article","@id":"https:\/\/autofans.com.ar\/index.php\/2025\/01\/27\/iveco-nombra-a-william-costa-como-director-comercial-regional\/#article","isPartOf":{"@id":"https:\/\/autofans.com.ar\/index.php\/2025\/01\/27\/iveco-nombra-a-william-costa-como-director-comercial-regional\/"},"author":{"name":"Alejandro Gabriel Rosito","@id":"https:\/\/autofans.com.ar\/#\/schema\/person\/4a8dda0b6df83ac3d6723e921274c2aa"},"headline":"IVECO nombra a William Costa como Director Comercial regional","datePublished":"2025-01-27T21:24:38+00:00","mainEntityOfPage":{"@id":"https:\/\/autofans.com.ar\/index.php\/2025\/01\/27\/iveco-nombra-a-william-costa-como-director-comercial-regional\/"},"wordCount":481,"image":{"@id":"https:\/\/autofans.com.ar\/index.php\/2025\/01\/27\/iveco-nombra-a-william-costa-como-director-comercial-regional\/#primaryimage"},"thumbnailUrl":"https:\/\/autofans.com.ar\/wp-content\/uploads\/2025\/01\/iveco-5.jpg","keywords":["camiones IVECO","Director Comercial IVECO","IVECO Am\u00e9rica Latina","Iveco Group Latinoam\u00e9rica","liderazgo automotriz","William Costa IVECO"],"articleSection":["EMPRESAS","NOTICIAS"],"inLanguage":"es"},{"@type":"WebPage","@id":"https:\/\/autofans.com.ar\/index.php\/2025\/01\/27\/iveco-nombra-a-william-costa-como-director-comercial-regional\/","url":"https:\/\/autofans.com.ar\/index.php\/2025\/01\/27\/iveco-nombra-a-william-costa-como-director-comercial-regional\/","name":"IVECO nombra a William Costa como Director Comercial regional -","isPartOf":{"@id":"https:\/\/autofans.com.ar\/#website"},"primaryImageOfPage":{"@id":"https:\/\/autofans.com.ar\/index.php\/2025\/01\/27\/iveco-nombra-a-william-costa-como-director-comercial-regional\/#primaryimage"},"image":{"@id":"https:\/\/autofans.com.ar\/index.php\/2025\/01\/27\/iveco-nombra-a-william-costa-como-director-comercial-regional\/#primaryimage"},"thumbnailUrl":"https:\/\/autofans.com.ar\/wp-content\/uploads\/2025\/01\/iveco-5.jpg","datePublished":"2025-01-27T21:24:38+00:00","author":{"@id":"https:\/\/autofans.com.ar\/#\/schema\/person\/4a8dda0b6df83ac3d6723e921274c2aa"},"description":"IVECO, marca l\u00edder en el sector automotriz y parte de Iveco Group, anunci\u00f3 la designaci\u00f3n de William Costa como nuevo Director Comercial...","breadcrumb":{"@id":"https:\/\/autofans.com.ar\/index.php\/2025\/01\/27\/iveco-nombra-a-william-costa-como-director-comercial-regional\/#breadcrumb"},"inLanguage":"es","potentialAction":[{"@type":"ReadAction","target":["https:\/\/autofans.com.ar\/index.php\/2025\/01\/27\/iveco-nombra-a-william-costa-como-director-comercial-regional\/"]}]},{"@type":"ImageObject","inLanguage":"es","@id":"https:\/\/autofans.com.ar\/index.php\/2025\/01\/27\/iveco-nombra-a-william-costa-como-director-comercial-regional\/#primaryimage","url":"https:\/\/autofans.com.ar\/wp-content\/uploads\/2025\/01\/iveco-5.jpg","contentUrl":"https:\/\/autofans.com.ar\/wp-content\/uploads\/2025\/01\/iveco-5.jpg","width":1000,"height":667,"caption":"IVECO"},{"@type":"BreadcrumbList","@id":"https:\/\/autofans.com.ar\/index.php\/2025\/01\/27\/iveco-nombra-a-william-costa-como-director-comercial-regional\/#breadcrumb","itemListElement":[{"@type":"ListItem","position":1,"name":"Inicio","item":"https:\/\/autofans.com.ar\/"},{"@type":"ListItem","position":2,"name":"IVECO nombra a William Costa como Director Comercial regional"}]},{"@type":"WebSite","@id":"https:\/\/autofans.com.ar\/#website","url":"https:\/\/autofans.com.ar\/","name":"","description":"El multimedio referente de la industria automotriz","potentialAction":[{"@type":"SearchAction","target":{"@type":"EntryPoint","urlTemplate":"https:\/\/autofans.com.ar\/?s={search_term_string}"},"query-input":{"@type":"PropertyValueSpecification","valueRequired":true,"valueName":"search_term_string"}}],"inLanguage":"es"},{"@type":"Person","@id":"https:\/\/autofans.com.ar\/#\/schema\/person\/4a8dda0b6df83ac3d6723e921274c2aa","name":"Alejandro Gabriel Rosito","image":{"@type":"ImageObject","inLanguage":"es","@id":"https:\/\/secure.gravatar.com\/avatar\/16c5dda1489adfc62618084dcbb91cffd879c374b13fe5dd8e44ed6733852c88?s=96&d=mm&r=g","url":"https:\/\/secure.gravatar.com\/avatar\/16c5dda1489adfc62618084dcbb91cffd879c374b13fe5dd8e44ed6733852c88?s=96&d=mm&r=g","contentUrl":"https:\/\/secure.gravatar.com\/avatar\/16c5dda1489adfc62618084dcbb91cffd879c374b13fe5dd8e44ed6733852c88?s=96&d=mm&r=g","caption":"Alejandro Gabriel Rosito"},"url":"https:\/\/autofans.com.ar\/index.php\/author\/gabrielr\/"}]}},"featured_image_urls":{"full":["https:\/\/autofans.com.ar\/wp-content\/uploads\/2025\/01\/iveco-5.jpg",1000,667,false],"thumbnail":["https:\/\/autofans.com.ar\/wp-content\/uploads\/2025\/01\/iveco-5-150x150.jpg",150,150,true],"medium":["https:\/\/autofans.com.ar\/wp-content\/uploads\/2025\/01\/iveco-5-300x200.jpg",300,200,true],"medium_large":["https:\/\/autofans.com.ar\/wp-content\/uploads\/2025\/01\/iveco-5-768x512.jpg",640,427,true],"large":["https:\/\/autofans.com.ar\/wp-content\/uploads\/2025\/01\/iveco-5.jpg",640,427,false],"1536x1536":["https:\/\/autofans.com.ar\/wp-content\/uploads\/2025\/01\/iveco-5.jpg",1000,667,false],"2048x2048":["https:\/\/autofans.com.ar\/wp-content\/uploads\/2025\/01\/iveco-5.jpg",1000,667,false],"covernews-featured":["https:\/\/autofans.com.ar\/wp-content\/uploads\/2025\/01\/iveco-5.jpg",1000,667,false],"covernews-medium":["https:\/\/autofans.com.ar\/wp-content\/uploads\/2025\/01\/iveco-5-540x340.jpg",540,340,true]},"author_info":{"display_name":"Alejandro Gabriel Rosito","author_link":"https:\/\/autofans.com.ar\/index.php\/author\/gabrielr\/"},"category_info":"<a href=\"https:\/\/autofans.com.ar\/index.php\/category\/noticias\/empresas\/\" rel=\"category tag\">EMPRESAS<\/a> <a href=\"https:\/\/autofans.com.ar\/index.php\/category\/noticias\/\" rel=\"category tag\">NOTICIAS<\/a>","tag_info":"NOTICIAS","comment_count":0,"_links":{"self":[{"href":"https:\/\/autofans.com.ar\/index.php\/wp-json\/wp\/v2\/posts\/10894","targetHints":{"allow":["GET"]}}],"collection":[{"href":"https:\/\/autofans.com.ar\/index.php\/wp-json\/wp\/v2\/posts"}],"about":[{"href":"https:\/\/autofans.com.ar\/index.php\/wp-json\/wp\/v2\/types\/post"}],"author":[{"embeddable":true,"href":"https:\/\/autofans.com.ar\/index.php\/wp-json\/wp\/v2\/users\/2"}],"replies":[{"embeddable":true,"href":"https:\/\/autofans.com.ar\/index.php\/wp-json\/wp\/v2\/comments?post=10894"}],"version-history":[{"count":1,"href":"https:\/\/autofans.com.ar\/index.php\/wp-json\/wp\/v2\/posts\/10894\/revisions"}],"predecessor-version":[{"id":10899,"href":"https:\/\/autofans.com.ar\/index.php\/wp-json\/wp\/v2\/posts\/10894\/revisions\/10899"}],"wp:featuredmedia":[{"embeddable":true,"href":"https:\/\/autofans.com.ar\/index.php\/wp-json\/wp\/v2\/media\/10895"}],"wp:attachment":[{"href":"https:\/\/autofans.com.ar\/index.php\/wp-json\/wp\/v2\/media?parent=10894"}],"wp:term":[{"taxonomy":"category","embeddable":true,"href":"https:\/\/autofans.com.ar\/index.php\/wp-json\/wp\/v2\/categories?post=10894"},{"taxonomy":"post_tag","embeddable":true,"href":"https:\/\/autofans.com.ar\/index.php\/wp-json\/wp\/v2\/tags?post=10894"}],"curies":[{"name":"wp","href":"https:\/\/api.w.org\/{rel}","templated":true}]}}