{"id":10918,"date":"2025-01-28T20:30:08","date_gmt":"2025-01-28T23:30:08","guid":{"rendered":"https:\/\/autofans.com.ar\/?p=10918"},"modified":"2025-01-28T18:52:25","modified_gmt":"2025-01-28T21:52:25","slug":"iveco-bus-inicia-una-nueva-etapa-con-claudio-passerini-al-frente","status":"publish","type":"post","link":"https:\/\/autofans.com.ar\/index.php\/2025\/01\/28\/iveco-bus-inicia-una-nueva-etapa-con-claudio-passerini-al-frente\/","title":{"rendered":"IVECO BUS inicia una nueva etapa con Claudio Passerini al frente"},"content":{"rendered":"<p>IVECO BUS anunci\u00f3 un importante cambio en su liderazgo con la designaci\u00f3n de Claudio Passerini como Presidente de la Unidad de Negocios de Buses de Iveco Group, cargo que asumir\u00e1 de manera inmediata. Este nombramiento forma parte de los recientes ajustes en el Senior Leadership Team (SLT) de la compa\u00f1\u00eda, y apunta a una nueva etapa de crecimiento para las marcas IVECO BUS y HEULIEZ.<\/p>\n<p>&nbsp;<\/p>\n<h2>De Brasil a Rusia &#8211; la trayectoria internacional de Passerini<\/h2>\n<p>&nbsp;<\/p>\n<p><img fetchpriority=\"high\" decoding=\"async\" class=\"aligncenter wp-image-10922 size-full\" src=\"https:\/\/autofans.com.ar\/wp-content\/uploads\/2025\/01\/iveco-3-1.jpg\" alt=\"IVECO BUS\" width=\"1000\" height=\"667\" srcset=\"https:\/\/autofans.com.ar\/wp-content\/uploads\/2025\/01\/iveco-3-1.jpg 1000w, https:\/\/autofans.com.ar\/wp-content\/uploads\/2025\/01\/iveco-3-1-300x200.jpg 300w, https:\/\/autofans.com.ar\/wp-content\/uploads\/2025\/01\/iveco-3-1-768x512.jpg 768w\" sizes=\"(max-width: 1000px) 100vw, 1000px\" \/><\/p>\n<p>&nbsp;<\/p>\n<p>Con m\u00e1s de dos d\u00e9cadas de experiencia en la industria automotriz global, Passerini se ha desempe\u00f1ado en \u00e1reas clave como manufactura, distribuci\u00f3n y retail en mercados como Brasil, Alemania, Italia y Rusia. Su s\u00f3lida trayectoria internacional y su fluidez en varios idiomas lo posicionan como un l\u00edder estrat\u00e9gico enfocado en la construcci\u00f3n de relaciones duraderas con clientes y socios. Anteriormente, lider\u00f3 el \u00e1rea de Ventas y Marketing de Powertrain en Iveco Group, demostrando un compromiso con la innovaci\u00f3n centrada en el cliente.<\/p>\n<p>&nbsp;<\/p>\n<blockquote>\n<p style=\"text-align: center;\"><em>Claudio Passerini, presidente de la Unidad de Negocio de Autobuses de Iveco Group, coment\u00f3: \u201cEs un gran placer asumir este cargo. Tengo la intenci\u00f3n de aprovechar mi amplia experiencia y mi capacidad para construir s\u00f3lidas relaciones con clientes y partes interesadas para allanar el camino hacia el crecimiento y \u00e9xito futuro de IVECO BUS y HEULIEZ. Junto con todo el equipo de Buses, espero avanzar con nuevas tecnolog\u00edas, mayores niveles de satisfacci\u00f3n del cliente y una mayor expansi\u00f3n. Me honra tomar el relevo de Domenico Nucera y continuar con el camino bien dise\u00f1ado que \u00e9l ha establecido\u201d.\u00a0<\/em><\/p>\n<\/blockquote>\n<p>&nbsp;<\/p>\n<h2>Domenico Nucera asume un nuevo rol en Iveco Group<\/h2>\n<p>Por su parte, Domenico Nucera, anterior presidente de la Unidad de Negocios de Buses, asumir\u00e1 el cargo de Chief Quality &amp; Operations Officer. Desde esta posici\u00f3n, encabezar\u00e1 una organizaci\u00f3n unificada que abarca Calidad, Manufactura y Cadena de Suministro, trabajando en estrecha colaboraci\u00f3n con Passerini para optimizar los productos y servicios de autobuses.<\/p>\n<p>&nbsp;<\/p>\n<p><img decoding=\"async\" class=\"aligncenter wp-image-10921 size-full\" src=\"https:\/\/autofans.com.ar\/wp-content\/uploads\/2025\/01\/iveco-1.jpg\" alt=\"IVECO BUS\" width=\"1000\" height=\"667\" srcset=\"https:\/\/autofans.com.ar\/wp-content\/uploads\/2025\/01\/iveco-1.jpg 1000w, https:\/\/autofans.com.ar\/wp-content\/uploads\/2025\/01\/iveco-1-300x200.jpg 300w, https:\/\/autofans.com.ar\/wp-content\/uploads\/2025\/01\/iveco-1-768x512.jpg 768w\" sizes=\"(max-width: 1000px) 100vw, 1000px\" \/><\/p>\n<p>&nbsp;<\/p>\n<p>Con este cambio de liderazgo, Iveco Group busca fortalecer su presencia en el mercado global y consolidar las marcas IVECO BUS y HEULIEZ como referentes de innovaci\u00f3n y calidad.<\/p>\n<p>&nbsp;<\/p>\n<p>&nbsp;<\/p>\n<p><i>Para enterarte de m\u00e1s novedades, no dejes de leer\u00a0<\/i><a href=\"https:\/\/autofans.thebrandsoup.com\/\"><i>nuestras notas<\/i><\/a><i>, de ver<\/i><b><i>\u00a0<\/i><\/b><a href=\"https:\/\/www.youtube.com\/channel\/UCgAC8UGHZYbT6P7PpmVnP7g\"><b><i>AUTOFANS TV<\/i><\/b><\/a><b><i>\u00a0<\/i><\/b><i>en nuestro\u00a0canal de Youtube. Adem\u00e1s seguinos en\u00a0<\/i><a href=\"https:\/\/www.instagram.com\/autofanstv\/\"><i>INSTAGRAM<\/i><\/a><i> y <\/i><a href=\"https:\/\/www.facebook.com\/autofansmas\/\"><i>FACEBOOK<\/i><\/a><i> para no perderte nada sobre las novedades del segmento automotor de Argentina y el mundo.<\/i><\/p>\n","protected":false},"excerpt":{"rendered":"<p>IVECO BUS anunci\u00f3 un importante cambio en su liderazgo con la designaci\u00f3n de Claudio Passerini&#8230;<\/p>\n","protected":false},"author":2,"featured_media":10920,"comment_status":"closed","ping_status":"closed","sticky":false,"template":"","format":"standard","meta":{"footnotes":""},"categories":[461,16],"tags":[5954,5953,5951,5952,5955,5949,5950,5956],"class_list":["post-10918","post","type-post","status-publish","format-standard","has-post-thumbnail","hentry","category-empresas-lanzamientos","category-noticias","tag-autobuses-iveco","tag-cambios-en-iveco-bus","tag-claudio-passerini-iveco","tag-domenico-nucera-iveco","tag-heuliez-argentina","tag-iveco-bus-argentina","tag-liderazgo-iveco-bus","tag-noticias-iveco-2025"],"yoast_head":"<!-- This site is optimized with the Yoast SEO plugin v27.5 - https:\/\/yoast.com\/product\/yoast-seo-wordpress\/ -->\n<title>IVECO BUS inicia una nueva etapa con Claudio Passerini al frente -<\/title>\n<meta name=\"description\" content=\"IVECO BUS anunci\u00f3 un importante cambio en su liderazgo con la designaci\u00f3n de Claudio Passerini como Presidente de la Unidad de Negocios...\" \/>\n<meta name=\"robots\" content=\"index, follow, max-snippet:-1, max-image-preview:large, max-video-preview:-1\" \/>\n<link rel=\"canonical\" href=\"https:\/\/autofans.com.ar\/index.php\/2025\/01\/28\/iveco-bus-inicia-una-nueva-etapa-con-claudio-passerini-al-frente\/\" \/>\n<meta property=\"og:locale\" content=\"es_ES\" \/>\n<meta property=\"og:type\" content=\"article\" \/>\n<meta property=\"og:title\" content=\"IVECO BUS inicia una nueva etapa con Claudio Passerini al frente -\" \/>\n<meta property=\"og:description\" content=\"IVECO BUS anunci\u00f3 un importante cambio en su liderazgo con la designaci\u00f3n de Claudio Passerini como Presidente de la Unidad de Negocios...\" \/>\n<meta property=\"og:url\" content=\"https:\/\/autofans.com.ar\/index.php\/2025\/01\/28\/iveco-bus-inicia-una-nueva-etapa-con-claudio-passerini-al-frente\/\" \/>\n<meta property=\"article:published_time\" content=\"2025-01-28T23:30:08+00:00\" \/>\n<meta property=\"og:image\" content=\"https:\/\/autofans.com.ar\/wp-content\/uploads\/2025\/01\/iveco-4-1.jpg\" \/>\n\t<meta property=\"og:image:width\" content=\"1000\" \/>\n\t<meta property=\"og:image:height\" content=\"667\" \/>\n\t<meta property=\"og:image:type\" content=\"image\/jpeg\" \/>\n<meta name=\"author\" content=\"Alejandro Gabriel Rosito\" \/>\n<meta name=\"twitter:card\" content=\"summary_large_image\" \/>\n<meta name=\"twitter:label1\" content=\"Escrito por\" \/>\n\t<meta name=\"twitter:data1\" content=\"Alejandro Gabriel Rosito\" \/>\n\t<meta name=\"twitter:label2\" content=\"Tiempo de lectura\" \/>\n\t<meta name=\"twitter:data2\" content=\"2 minutos\" \/>\n<script type=\"application\/ld+json\" class=\"yoast-schema-graph\">{\"@context\":\"https:\\\/\\\/schema.org\",\"@graph\":[{\"@type\":\"Article\",\"@id\":\"https:\\\/\\\/autofans.com.ar\\\/index.php\\\/2025\\\/01\\\/28\\\/iveco-bus-inicia-una-nueva-etapa-con-claudio-passerini-al-frente\\\/#article\",\"isPartOf\":{\"@id\":\"https:\\\/\\\/autofans.com.ar\\\/index.php\\\/2025\\\/01\\\/28\\\/iveco-bus-inicia-una-nueva-etapa-con-claudio-passerini-al-frente\\\/\"},\"author\":{\"name\":\"Alejandro Gabriel Rosito\",\"@id\":\"https:\\\/\\\/autofans.com.ar\\\/#\\\/schema\\\/person\\\/4a8dda0b6df83ac3d6723e921274c2aa\"},\"headline\":\"IVECO BUS inicia una nueva etapa con Claudio Passerini al frente\",\"datePublished\":\"2025-01-28T23:30:08+00:00\",\"mainEntityOfPage\":{\"@id\":\"https:\\\/\\\/autofans.com.ar\\\/index.php\\\/2025\\\/01\\\/28\\\/iveco-bus-inicia-una-nueva-etapa-con-claudio-passerini-al-frente\\\/\"},\"wordCount\":428,\"image\":{\"@id\":\"https:\\\/\\\/autofans.com.ar\\\/index.php\\\/2025\\\/01\\\/28\\\/iveco-bus-inicia-una-nueva-etapa-con-claudio-passerini-al-frente\\\/#primaryimage\"},\"thumbnailUrl\":\"https:\\\/\\\/autofans.com.ar\\\/wp-content\\\/uploads\\\/2025\\\/01\\\/iveco-4-1.jpg\",\"keywords\":[\"autobuses iveco\",\"cambios en iveco bus\",\"claudio passerini iveco\",\"domenico nucera iveco\",\"heuliez argentina\",\"iveco bus argentina\",\"liderazgo iveco bus\",\"noticias iveco 2025\"],\"articleSection\":[\"Empresas\",\"NOTICIAS\"],\"inLanguage\":\"es\"},{\"@type\":\"WebPage\",\"@id\":\"https:\\\/\\\/autofans.com.ar\\\/index.php\\\/2025\\\/01\\\/28\\\/iveco-bus-inicia-una-nueva-etapa-con-claudio-passerini-al-frente\\\/\",\"url\":\"https:\\\/\\\/autofans.com.ar\\\/index.php\\\/2025\\\/01\\\/28\\\/iveco-bus-inicia-una-nueva-etapa-con-claudio-passerini-al-frente\\\/\",\"name\":\"IVECO BUS inicia una nueva etapa con Claudio Passerini al frente -\",\"isPartOf\":{\"@id\":\"https:\\\/\\\/autofans.com.ar\\\/#website\"},\"primaryImageOfPage\":{\"@id\":\"https:\\\/\\\/autofans.com.ar\\\/index.php\\\/2025\\\/01\\\/28\\\/iveco-bus-inicia-una-nueva-etapa-con-claudio-passerini-al-frente\\\/#primaryimage\"},\"image\":{\"@id\":\"https:\\\/\\\/autofans.com.ar\\\/index.php\\\/2025\\\/01\\\/28\\\/iveco-bus-inicia-una-nueva-etapa-con-claudio-passerini-al-frente\\\/#primaryimage\"},\"thumbnailUrl\":\"https:\\\/\\\/autofans.com.ar\\\/wp-content\\\/uploads\\\/2025\\\/01\\\/iveco-4-1.jpg\",\"datePublished\":\"2025-01-28T23:30:08+00:00\",\"author\":{\"@id\":\"https:\\\/\\\/autofans.com.ar\\\/#\\\/schema\\\/person\\\/4a8dda0b6df83ac3d6723e921274c2aa\"},\"description\":\"IVECO BUS anunci\u00f3 un importante cambio en su liderazgo con la designaci\u00f3n de Claudio Passerini como Presidente de la Unidad de Negocios...\",\"breadcrumb\":{\"@id\":\"https:\\\/\\\/autofans.com.ar\\\/index.php\\\/2025\\\/01\\\/28\\\/iveco-bus-inicia-una-nueva-etapa-con-claudio-passerini-al-frente\\\/#breadcrumb\"},\"inLanguage\":\"es\",\"potentialAction\":[{\"@type\":\"ReadAction\",\"target\":[\"https:\\\/\\\/autofans.com.ar\\\/index.php\\\/2025\\\/01\\\/28\\\/iveco-bus-inicia-una-nueva-etapa-con-claudio-passerini-al-frente\\\/\"]}]},{\"@type\":\"ImageObject\",\"inLanguage\":\"es\",\"@id\":\"https:\\\/\\\/autofans.com.ar\\\/index.php\\\/2025\\\/01\\\/28\\\/iveco-bus-inicia-una-nueva-etapa-con-claudio-passerini-al-frente\\\/#primaryimage\",\"url\":\"https:\\\/\\\/autofans.com.ar\\\/wp-content\\\/uploads\\\/2025\\\/01\\\/iveco-4-1.jpg\",\"contentUrl\":\"https:\\\/\\\/autofans.com.ar\\\/wp-content\\\/uploads\\\/2025\\\/01\\\/iveco-4-1.jpg\",\"width\":1000,\"height\":667,\"caption\":\"IVECO BUS\"},{\"@type\":\"BreadcrumbList\",\"@id\":\"https:\\\/\\\/autofans.com.ar\\\/index.php\\\/2025\\\/01\\\/28\\\/iveco-bus-inicia-una-nueva-etapa-con-claudio-passerini-al-frente\\\/#breadcrumb\",\"itemListElement\":[{\"@type\":\"ListItem\",\"position\":1,\"name\":\"Inicio\",\"item\":\"https:\\\/\\\/autofans.com.ar\\\/\"},{\"@type\":\"ListItem\",\"position\":2,\"name\":\"IVECO BUS inicia una nueva etapa con Claudio Passerini al frente\"}]},{\"@type\":\"WebSite\",\"@id\":\"https:\\\/\\\/autofans.com.ar\\\/#website\",\"url\":\"https:\\\/\\\/autofans.com.ar\\\/\",\"name\":\"\",\"description\":\"El multimedio referente de la industria automotriz\",\"potentialAction\":[{\"@type\":\"SearchAction\",\"target\":{\"@type\":\"EntryPoint\",\"urlTemplate\":\"https:\\\/\\\/autofans.com.ar\\\/?s={search_term_string}\"},\"query-input\":{\"@type\":\"PropertyValueSpecification\",\"valueRequired\":true,\"valueName\":\"search_term_string\"}}],\"inLanguage\":\"es\"},{\"@type\":\"Person\",\"@id\":\"https:\\\/\\\/autofans.com.ar\\\/#\\\/schema\\\/person\\\/4a8dda0b6df83ac3d6723e921274c2aa\",\"name\":\"Alejandro Gabriel Rosito\",\"image\":{\"@type\":\"ImageObject\",\"inLanguage\":\"es\",\"@id\":\"https:\\\/\\\/secure.gravatar.com\\\/avatar\\\/16c5dda1489adfc62618084dcbb91cffd879c374b13fe5dd8e44ed6733852c88?s=96&d=mm&r=g\",\"url\":\"https:\\\/\\\/secure.gravatar.com\\\/avatar\\\/16c5dda1489adfc62618084dcbb91cffd879c374b13fe5dd8e44ed6733852c88?s=96&d=mm&r=g\",\"contentUrl\":\"https:\\\/\\\/secure.gravatar.com\\\/avatar\\\/16c5dda1489adfc62618084dcbb91cffd879c374b13fe5dd8e44ed6733852c88?s=96&d=mm&r=g\",\"caption\":\"Alejandro Gabriel Rosito\"},\"url\":\"https:\\\/\\\/autofans.com.ar\\\/index.php\\\/author\\\/gabrielr\\\/\"}]}<\/script>\n<!-- \/ Yoast SEO plugin. -->","yoast_head_json":{"title":"IVECO BUS inicia una nueva etapa con Claudio Passerini al frente -","description":"IVECO BUS anunci\u00f3 un importante cambio en su liderazgo con la designaci\u00f3n de Claudio Passerini como Presidente de la Unidad de Negocios...","robots":{"index":"index","follow":"follow","max-snippet":"max-snippet:-1","max-image-preview":"max-image-preview:large","max-video-preview":"max-video-preview:-1"},"canonical":"https:\/\/autofans.com.ar\/index.php\/2025\/01\/28\/iveco-bus-inicia-una-nueva-etapa-con-claudio-passerini-al-frente\/","og_locale":"es_ES","og_type":"article","og_title":"IVECO BUS inicia una nueva etapa con Claudio Passerini al frente -","og_description":"IVECO BUS anunci\u00f3 un importante cambio en su liderazgo con la designaci\u00f3n de Claudio Passerini como Presidente de la Unidad de Negocios...","og_url":"https:\/\/autofans.com.ar\/index.php\/2025\/01\/28\/iveco-bus-inicia-una-nueva-etapa-con-claudio-passerini-al-frente\/","article_published_time":"2025-01-28T23:30:08+00:00","og_image":[{"width":1000,"height":667,"url":"https:\/\/autofans.com.ar\/wp-content\/uploads\/2025\/01\/iveco-4-1.jpg","type":"image\/jpeg"}],"author":"Alejandro Gabriel Rosito","twitter_card":"summary_large_image","twitter_misc":{"Escrito por":"Alejandro Gabriel Rosito","Tiempo de lectura":"2 minutos"},"schema":{"@context":"https:\/\/schema.org","@graph":[{"@type":"Article","@id":"https:\/\/autofans.com.ar\/index.php\/2025\/01\/28\/iveco-bus-inicia-una-nueva-etapa-con-claudio-passerini-al-frente\/#article","isPartOf":{"@id":"https:\/\/autofans.com.ar\/index.php\/2025\/01\/28\/iveco-bus-inicia-una-nueva-etapa-con-claudio-passerini-al-frente\/"},"author":{"name":"Alejandro Gabriel Rosito","@id":"https:\/\/autofans.com.ar\/#\/schema\/person\/4a8dda0b6df83ac3d6723e921274c2aa"},"headline":"IVECO BUS inicia una nueva etapa con Claudio Passerini al frente","datePublished":"2025-01-28T23:30:08+00:00","mainEntityOfPage":{"@id":"https:\/\/autofans.com.ar\/index.php\/2025\/01\/28\/iveco-bus-inicia-una-nueva-etapa-con-claudio-passerini-al-frente\/"},"wordCount":428,"image":{"@id":"https:\/\/autofans.com.ar\/index.php\/2025\/01\/28\/iveco-bus-inicia-una-nueva-etapa-con-claudio-passerini-al-frente\/#primaryimage"},"thumbnailUrl":"https:\/\/autofans.com.ar\/wp-content\/uploads\/2025\/01\/iveco-4-1.jpg","keywords":["autobuses iveco","cambios en iveco bus","claudio passerini iveco","domenico nucera iveco","heuliez argentina","iveco bus argentina","liderazgo iveco bus","noticias iveco 2025"],"articleSection":["Empresas","NOTICIAS"],"inLanguage":"es"},{"@type":"WebPage","@id":"https:\/\/autofans.com.ar\/index.php\/2025\/01\/28\/iveco-bus-inicia-una-nueva-etapa-con-claudio-passerini-al-frente\/","url":"https:\/\/autofans.com.ar\/index.php\/2025\/01\/28\/iveco-bus-inicia-una-nueva-etapa-con-claudio-passerini-al-frente\/","name":"IVECO BUS inicia una nueva etapa con Claudio Passerini al frente -","isPartOf":{"@id":"https:\/\/autofans.com.ar\/#website"},"primaryImageOfPage":{"@id":"https:\/\/autofans.com.ar\/index.php\/2025\/01\/28\/iveco-bus-inicia-una-nueva-etapa-con-claudio-passerini-al-frente\/#primaryimage"},"image":{"@id":"https:\/\/autofans.com.ar\/index.php\/2025\/01\/28\/iveco-bus-inicia-una-nueva-etapa-con-claudio-passerini-al-frente\/#primaryimage"},"thumbnailUrl":"https:\/\/autofans.com.ar\/wp-content\/uploads\/2025\/01\/iveco-4-1.jpg","datePublished":"2025-01-28T23:30:08+00:00","author":{"@id":"https:\/\/autofans.com.ar\/#\/schema\/person\/4a8dda0b6df83ac3d6723e921274c2aa"},"description":"IVECO BUS anunci\u00f3 un importante cambio en su liderazgo con la designaci\u00f3n de Claudio Passerini como Presidente de la Unidad de Negocios...","breadcrumb":{"@id":"https:\/\/autofans.com.ar\/index.php\/2025\/01\/28\/iveco-bus-inicia-una-nueva-etapa-con-claudio-passerini-al-frente\/#breadcrumb"},"inLanguage":"es","potentialAction":[{"@type":"ReadAction","target":["https:\/\/autofans.com.ar\/index.php\/2025\/01\/28\/iveco-bus-inicia-una-nueva-etapa-con-claudio-passerini-al-frente\/"]}]},{"@type":"ImageObject","inLanguage":"es","@id":"https:\/\/autofans.com.ar\/index.php\/2025\/01\/28\/iveco-bus-inicia-una-nueva-etapa-con-claudio-passerini-al-frente\/#primaryimage","url":"https:\/\/autofans.com.ar\/wp-content\/uploads\/2025\/01\/iveco-4-1.jpg","contentUrl":"https:\/\/autofans.com.ar\/wp-content\/uploads\/2025\/01\/iveco-4-1.jpg","width":1000,"height":667,"caption":"IVECO BUS"},{"@type":"BreadcrumbList","@id":"https:\/\/autofans.com.ar\/index.php\/2025\/01\/28\/iveco-bus-inicia-una-nueva-etapa-con-claudio-passerini-al-frente\/#breadcrumb","itemListElement":[{"@type":"ListItem","position":1,"name":"Inicio","item":"https:\/\/autofans.com.ar\/"},{"@type":"ListItem","position":2,"name":"IVECO BUS inicia una nueva etapa con Claudio Passerini al frente"}]},{"@type":"WebSite","@id":"https:\/\/autofans.com.ar\/#website","url":"https:\/\/autofans.com.ar\/","name":"","description":"El multimedio referente de la industria automotriz","potentialAction":[{"@type":"SearchAction","target":{"@type":"EntryPoint","urlTemplate":"https:\/\/autofans.com.ar\/?s={search_term_string}"},"query-input":{"@type":"PropertyValueSpecification","valueRequired":true,"valueName":"search_term_string"}}],"inLanguage":"es"},{"@type":"Person","@id":"https:\/\/autofans.com.ar\/#\/schema\/person\/4a8dda0b6df83ac3d6723e921274c2aa","name":"Alejandro Gabriel Rosito","image":{"@type":"ImageObject","inLanguage":"es","@id":"https:\/\/secure.gravatar.com\/avatar\/16c5dda1489adfc62618084dcbb91cffd879c374b13fe5dd8e44ed6733852c88?s=96&d=mm&r=g","url":"https:\/\/secure.gravatar.com\/avatar\/16c5dda1489adfc62618084dcbb91cffd879c374b13fe5dd8e44ed6733852c88?s=96&d=mm&r=g","contentUrl":"https:\/\/secure.gravatar.com\/avatar\/16c5dda1489adfc62618084dcbb91cffd879c374b13fe5dd8e44ed6733852c88?s=96&d=mm&r=g","caption":"Alejandro Gabriel Rosito"},"url":"https:\/\/autofans.com.ar\/index.php\/author\/gabrielr\/"}]}},"featured_image_urls":{"full":["https:\/\/autofans.com.ar\/wp-content\/uploads\/2025\/01\/iveco-4-1.jpg",1000,667,false],"thumbnail":["https:\/\/autofans.com.ar\/wp-content\/uploads\/2025\/01\/iveco-4-1-150x150.jpg",150,150,true],"medium":["https:\/\/autofans.com.ar\/wp-content\/uploads\/2025\/01\/iveco-4-1-300x200.jpg",300,200,true],"medium_large":["https:\/\/autofans.com.ar\/wp-content\/uploads\/2025\/01\/iveco-4-1-768x512.jpg",640,427,true],"large":["https:\/\/autofans.com.ar\/wp-content\/uploads\/2025\/01\/iveco-4-1.jpg",640,427,false],"1536x1536":["https:\/\/autofans.com.ar\/wp-content\/uploads\/2025\/01\/iveco-4-1.jpg",1000,667,false],"2048x2048":["https:\/\/autofans.com.ar\/wp-content\/uploads\/2025\/01\/iveco-4-1.jpg",1000,667,false],"covernews-featured":["https:\/\/autofans.com.ar\/wp-content\/uploads\/2025\/01\/iveco-4-1.jpg",1000,667,false],"covernews-medium":["https:\/\/autofans.com.ar\/wp-content\/uploads\/2025\/01\/iveco-4-1-540x340.jpg",540,340,true]},"author_info":{"display_name":"Alejandro Gabriel Rosito","author_link":"https:\/\/autofans.com.ar\/index.php\/author\/gabrielr\/"},"category_info":"<a href=\"https:\/\/autofans.com.ar\/index.php\/category\/lanzamientos\/empresas-lanzamientos\/\" rel=\"category tag\">Empresas<\/a> <a href=\"https:\/\/autofans.com.ar\/index.php\/category\/noticias\/\" rel=\"category tag\">NOTICIAS<\/a>","tag_info":"NOTICIAS","comment_count":0,"_links":{"self":[{"href":"https:\/\/autofans.com.ar\/index.php\/wp-json\/wp\/v2\/posts\/10918","targetHints":{"allow":["GET"]}}],"collection":[{"href":"https:\/\/autofans.com.ar\/index.php\/wp-json\/wp\/v2\/posts"}],"about":[{"href":"https:\/\/autofans.com.ar\/index.php\/wp-json\/wp\/v2\/types\/post"}],"author":[{"embeddable":true,"href":"https:\/\/autofans.com.ar\/index.php\/wp-json\/wp\/v2\/users\/2"}],"replies":[{"embeddable":true,"href":"https:\/\/autofans.com.ar\/index.php\/wp-json\/wp\/v2\/comments?post=10918"}],"version-history":[{"count":2,"href":"https:\/\/autofans.com.ar\/index.php\/wp-json\/wp\/v2\/posts\/10918\/revisions"}],"predecessor-version":[{"id":10923,"href":"https:\/\/autofans.com.ar\/index.php\/wp-json\/wp\/v2\/posts\/10918\/revisions\/10923"}],"wp:featuredmedia":[{"embeddable":true,"href":"https:\/\/autofans.com.ar\/index.php\/wp-json\/wp\/v2\/media\/10920"}],"wp:attachment":[{"href":"https:\/\/autofans.com.ar\/index.php\/wp-json\/wp\/v2\/media?parent=10918"}],"wp:term":[{"taxonomy":"category","embeddable":true,"href":"https:\/\/autofans.com.ar\/index.php\/wp-json\/wp\/v2\/categories?post=10918"},{"taxonomy":"post_tag","embeddable":true,"href":"https:\/\/autofans.com.ar\/index.php\/wp-json\/wp\/v2\/tags?post=10918"}],"curies":[{"name":"wp","href":"https:\/\/api.w.org\/{rel}","templated":true}]}}