{"id":10932,"date":"2025-01-29T16:56:42","date_gmt":"2025-01-29T19:56:42","guid":{"rendered":"https:\/\/autofans.com.ar\/?p=10932"},"modified":"2025-01-29T16:57:38","modified_gmt":"2025-01-29T19:57:38","slug":"shell-lleva-su-energia-y-entretenimiento-a-la-costa-atlantica","status":"publish","type":"post","link":"https:\/\/autofans.com.ar\/index.php\/2025\/01\/29\/shell-lleva-su-energia-y-entretenimiento-a-la-costa-atlantica\/","title":{"rendered":"Shell lleva su energ\u00eda y entretenimiento a la Costa Atl\u00e1ntica"},"content":{"rendered":"<p data-pm-slice=\"1 1 []\">Ra\u00edzen Argentina, licenciataria de la marca Shell, desembarca nuevamente en la Costa Atl\u00e1ntica con una serie de iniciativas en Caril\u00f3, Villa Gesell y Mar del Plata. A trav\u00e9s de alianzas estrat\u00e9gicas con automotrices, la compa\u00f1\u00eda participa en diversos espacios con actividades l\u00fadicas y exhibiciones.<\/p>\n<p data-pm-slice=\"1 1 []\">\n<blockquote>\n<p style=\"text-align: center;\">\u201cEste verano continuamos reforzando nuestras alianzas estrat\u00e9gicas junto a las principales automotrices. A trav\u00e9s de nuestras principales marcas de lubricantes, Shell Helix, Shell Rimula y Shell Advance y nuestra marca para soluciones de electromovilidad, Shell Recharge, acompa\u00f1amos las diferentes actividades de Grupo Volkswagen\u201d, coment\u00f3 Hern\u00e1n Segado, director de B2B de Ra\u00edzen Argentina.<\/p>\n<\/blockquote>\n<p data-pm-slice=\"1 1 []\">\n<h2 data-pm-slice=\"1 1 []\">Espacio Shell Helix en Caril\u00f3<\/h2>\n<p>En Caril\u00f3, Shell se une a Volkswagen por s\u00e9ptimo a\u00f1o consecutivo para ofrecer su espacio de entretenimiento Shell Helix. Ubicado en Av. Divisadero y Cerezo, el stand est\u00e1 abierto de 18:00 a 00:00 horas e invita a la familia a participar en competencias con premios para los ganadores.<\/p>\n<p>Tambi\u00e9n acompa\u00f1a a Audi en su stand de Avellano 264, donde exhibe su red de carga el\u00e9ctrica Shell Recharge. Este sistema cuenta con cargadores de 150 kW (ultrarr\u00e1pidos) y de 50 kW (r\u00e1pidos). Adem\u00e1s, Shell Advance est\u00e1 presente en todas las motocicletas Ducati con calcos de la marca.<\/p>\n<p>&nbsp;<\/p>\n<p><img fetchpriority=\"high\" decoding=\"async\" class=\"aligncenter wp-image-10934 size-full\" src=\"https:\/\/autofans.com.ar\/wp-content\/uploads\/2025\/01\/shell-1.jpg\" alt=\"Shell\" width=\"1000\" height=\"667\" srcset=\"https:\/\/autofans.com.ar\/wp-content\/uploads\/2025\/01\/shell-1.jpg 1000w, https:\/\/autofans.com.ar\/wp-content\/uploads\/2025\/01\/shell-1-300x200.jpg 300w, https:\/\/autofans.com.ar\/wp-content\/uploads\/2025\/01\/shell-1-768x512.jpg 768w\" sizes=\"(max-width: 1000px) 100vw, 1000px\" \/><\/p>\n<p>&nbsp;<\/p>\n<h2>Diversi\u00f3n y tecnolog\u00eda en la Costa Atl\u00e1ntica<\/h2>\n<p>En Caril\u00f3 y Villa Gesell, Shell participa del Summer Car Show en colaboraci\u00f3n con Stellantis. De 16:00 a 00:00 horas, los visitantes pueden recorrer la exhibici\u00f3n de modelos de las marcas del grupo y disfrutar de la pista de autitos de colecci\u00f3n Shell, ideal para los m\u00e1s chicos.<\/p>\n<p>En Mar del Plata, Shell inaugura un espacio en el Shopping Paseo Aldrey con descuentos y beneficios exclusivos para sus clientes. Tambi\u00e9n acompa\u00f1a la celebraci\u00f3n de los 25 a\u00f1os de Volkswagen Camiones y Buses en Playa Grande, donde exhibe camiones semis de producci\u00f3n nacional. En el stand, los visitantes pueden participar de sorteos y aprovechar un espacio de carga con yerba y agua caliente para el mate.<\/p>\n<p>Con estas propuestas, la marca reafirma su compromiso con la movilidad, la innovaci\u00f3n y el entretenimiento, acompa\u00f1ando a turistas y familias en la Costa Atl\u00e1ntica.<\/p>\n<p>&nbsp;<\/p>\n<p>&nbsp;<\/p>\n<p>&nbsp;<\/p>\n<p><i>Para enterarte de m\u00e1s novedades, no dejes de leer\u00a0<\/i><a href=\"https:\/\/autofans.thebrandsoup.com\/\"><i>nuestras notas<\/i><\/a><i>, de ver<\/i><b><i>\u00a0<\/i><\/b><a href=\"https:\/\/www.youtube.com\/channel\/UCgAC8UGHZYbT6P7PpmVnP7g\"><b><i>AUTOFANS TV<\/i><\/b><\/a><b><i>\u00a0<\/i><\/b><i>en nuestro\u00a0canal de Youtube. Adem\u00e1s seguinos en\u00a0<\/i><a href=\"https:\/\/www.instagram.com\/autofanstv\/\"><i>INSTAGRAM<\/i><\/a><i> y <\/i><a href=\"https:\/\/www.facebook.com\/autofansmas\/\"><i>FACEBOOK<\/i><\/a><i> para no perderte nada sobre las novedades del segmento automotor de Argentina y el mundo.<\/i><\/p>\n","protected":false},"excerpt":{"rendered":"<p>Ra\u00edzen Argentina, licenciataria de la marca Shell, desembarca nuevamente en la Costa Atl\u00e1ntica con una&#8230;<\/p>\n","protected":false},"author":2,"featured_media":10933,"comment_status":"closed","ping_status":"closed","sticky":false,"template":"","format":"standard","meta":{"footnotes":""},"categories":[6,16],"tags":[911,25,67,62,5964,302,5963,910,5965,37,3405,5962,382],"class_list":["post-10932","post","type-post","status-publish","format-standard","has-post-thumbnail","hentry","category-bizstyle","category-noticias","tag-audi","tag-carilo","tag-costa-atlantica","tag-mar-del-plata","tag-paseo-aldrey","tag-shell","tag-shell-helix","tag-shell-recharge","tag-shell-rimula","tag-stellantis","tag-summer-car-show","tag-villa-gesell","tag-volkswagen"],"yoast_head":"<!-- This site is optimized with the Yoast SEO plugin v27.5 - https:\/\/yoast.com\/product\/yoast-seo-wordpress\/ -->\n<title>Shell lleva su energ\u00eda y entretenimiento a la Costa Atl\u00e1ntica -<\/title>\n<meta name=\"description\" content=\"Shell, desembarca nuevamente en la Costa Atl\u00e1ntica con una serie de iniciativas en Caril\u00f3, Villa Gesell y Mar del Plata...\" \/>\n<meta name=\"robots\" content=\"index, follow, max-snippet:-1, max-image-preview:large, max-video-preview:-1\" \/>\n<link rel=\"canonical\" href=\"https:\/\/autofans.com.ar\/index.php\/2025\/01\/29\/shell-lleva-su-energia-y-entretenimiento-a-la-costa-atlantica\/\" \/>\n<meta property=\"og:locale\" content=\"es_ES\" \/>\n<meta property=\"og:type\" content=\"article\" \/>\n<meta property=\"og:title\" content=\"Shell lleva su energ\u00eda y entretenimiento a la Costa Atl\u00e1ntica -\" \/>\n<meta property=\"og:description\" content=\"Shell, desembarca nuevamente en la Costa Atl\u00e1ntica con una serie de iniciativas en Caril\u00f3, Villa Gesell y Mar del Plata...\" \/>\n<meta property=\"og:url\" content=\"https:\/\/autofans.com.ar\/index.php\/2025\/01\/29\/shell-lleva-su-energia-y-entretenimiento-a-la-costa-atlantica\/\" \/>\n<meta property=\"article:published_time\" content=\"2025-01-29T19:56:42+00:00\" \/>\n<meta property=\"article:modified_time\" content=\"2025-01-29T19:57:38+00:00\" \/>\n<meta property=\"og:image\" content=\"https:\/\/autofans.com.ar\/wp-content\/uploads\/2025\/01\/shell-2.jpg\" \/>\n\t<meta property=\"og:image:width\" content=\"1000\" \/>\n\t<meta property=\"og:image:height\" content=\"667\" \/>\n\t<meta property=\"og:image:type\" content=\"image\/jpeg\" \/>\n<meta name=\"author\" content=\"Alejandro Gabriel Rosito\" \/>\n<meta name=\"twitter:card\" content=\"summary_large_image\" \/>\n<meta name=\"twitter:label1\" content=\"Escrito por\" \/>\n\t<meta name=\"twitter:data1\" content=\"Alejandro Gabriel Rosito\" \/>\n\t<meta name=\"twitter:label2\" content=\"Tiempo de lectura\" \/>\n\t<meta name=\"twitter:data2\" content=\"2 minutos\" \/>\n<script type=\"application\/ld+json\" class=\"yoast-schema-graph\">{\"@context\":\"https:\\\/\\\/schema.org\",\"@graph\":[{\"@type\":\"Article\",\"@id\":\"https:\\\/\\\/autofans.com.ar\\\/index.php\\\/2025\\\/01\\\/29\\\/shell-lleva-su-energia-y-entretenimiento-a-la-costa-atlantica\\\/#article\",\"isPartOf\":{\"@id\":\"https:\\\/\\\/autofans.com.ar\\\/index.php\\\/2025\\\/01\\\/29\\\/shell-lleva-su-energia-y-entretenimiento-a-la-costa-atlantica\\\/\"},\"author\":{\"name\":\"Alejandro Gabriel Rosito\",\"@id\":\"https:\\\/\\\/autofans.com.ar\\\/#\\\/schema\\\/person\\\/4a8dda0b6df83ac3d6723e921274c2aa\"},\"headline\":\"Shell lleva su energ\u00eda y entretenimiento a la Costa Atl\u00e1ntica\",\"datePublished\":\"2025-01-29T19:56:42+00:00\",\"dateModified\":\"2025-01-29T19:57:38+00:00\",\"mainEntityOfPage\":{\"@id\":\"https:\\\/\\\/autofans.com.ar\\\/index.php\\\/2025\\\/01\\\/29\\\/shell-lleva-su-energia-y-entretenimiento-a-la-costa-atlantica\\\/\"},\"wordCount\":431,\"image\":{\"@id\":\"https:\\\/\\\/autofans.com.ar\\\/index.php\\\/2025\\\/01\\\/29\\\/shell-lleva-su-energia-y-entretenimiento-a-la-costa-atlantica\\\/#primaryimage\"},\"thumbnailUrl\":\"https:\\\/\\\/autofans.com.ar\\\/wp-content\\\/uploads\\\/2025\\\/01\\\/shell-2.jpg\",\"keywords\":[\"Audi\",\"Carilo\",\"Costa Atlantica\",\"Mar del Plata\",\"Paseo Aldrey\",\"Shell\",\"Shell Helix\",\"Shell Recharge\",\"Shell Rimula\",\"Stellantis\",\"Summer Car Show\",\"Villa Gesell\",\"Volkswagen\"],\"articleSection\":[\"BIZSTYLE\",\"NOTICIAS\"],\"inLanguage\":\"es\"},{\"@type\":\"WebPage\",\"@id\":\"https:\\\/\\\/autofans.com.ar\\\/index.php\\\/2025\\\/01\\\/29\\\/shell-lleva-su-energia-y-entretenimiento-a-la-costa-atlantica\\\/\",\"url\":\"https:\\\/\\\/autofans.com.ar\\\/index.php\\\/2025\\\/01\\\/29\\\/shell-lleva-su-energia-y-entretenimiento-a-la-costa-atlantica\\\/\",\"name\":\"Shell lleva su energ\u00eda y entretenimiento a la Costa Atl\u00e1ntica -\",\"isPartOf\":{\"@id\":\"https:\\\/\\\/autofans.com.ar\\\/#website\"},\"primaryImageOfPage\":{\"@id\":\"https:\\\/\\\/autofans.com.ar\\\/index.php\\\/2025\\\/01\\\/29\\\/shell-lleva-su-energia-y-entretenimiento-a-la-costa-atlantica\\\/#primaryimage\"},\"image\":{\"@id\":\"https:\\\/\\\/autofans.com.ar\\\/index.php\\\/2025\\\/01\\\/29\\\/shell-lleva-su-energia-y-entretenimiento-a-la-costa-atlantica\\\/#primaryimage\"},\"thumbnailUrl\":\"https:\\\/\\\/autofans.com.ar\\\/wp-content\\\/uploads\\\/2025\\\/01\\\/shell-2.jpg\",\"datePublished\":\"2025-01-29T19:56:42+00:00\",\"dateModified\":\"2025-01-29T19:57:38+00:00\",\"author\":{\"@id\":\"https:\\\/\\\/autofans.com.ar\\\/#\\\/schema\\\/person\\\/4a8dda0b6df83ac3d6723e921274c2aa\"},\"description\":\"Shell, desembarca nuevamente en la Costa Atl\u00e1ntica con una serie de iniciativas en Caril\u00f3, Villa Gesell y Mar del Plata...\",\"breadcrumb\":{\"@id\":\"https:\\\/\\\/autofans.com.ar\\\/index.php\\\/2025\\\/01\\\/29\\\/shell-lleva-su-energia-y-entretenimiento-a-la-costa-atlantica\\\/#breadcrumb\"},\"inLanguage\":\"es\",\"potentialAction\":[{\"@type\":\"ReadAction\",\"target\":[\"https:\\\/\\\/autofans.com.ar\\\/index.php\\\/2025\\\/01\\\/29\\\/shell-lleva-su-energia-y-entretenimiento-a-la-costa-atlantica\\\/\"]}]},{\"@type\":\"ImageObject\",\"inLanguage\":\"es\",\"@id\":\"https:\\\/\\\/autofans.com.ar\\\/index.php\\\/2025\\\/01\\\/29\\\/shell-lleva-su-energia-y-entretenimiento-a-la-costa-atlantica\\\/#primaryimage\",\"url\":\"https:\\\/\\\/autofans.com.ar\\\/wp-content\\\/uploads\\\/2025\\\/01\\\/shell-2.jpg\",\"contentUrl\":\"https:\\\/\\\/autofans.com.ar\\\/wp-content\\\/uploads\\\/2025\\\/01\\\/shell-2.jpg\",\"width\":1000,\"height\":667,\"caption\":\"Shell\"},{\"@type\":\"BreadcrumbList\",\"@id\":\"https:\\\/\\\/autofans.com.ar\\\/index.php\\\/2025\\\/01\\\/29\\\/shell-lleva-su-energia-y-entretenimiento-a-la-costa-atlantica\\\/#breadcrumb\",\"itemListElement\":[{\"@type\":\"ListItem\",\"position\":1,\"name\":\"Inicio\",\"item\":\"https:\\\/\\\/autofans.com.ar\\\/\"},{\"@type\":\"ListItem\",\"position\":2,\"name\":\"Shell lleva su energ\u00eda y entretenimiento a la Costa Atl\u00e1ntica\"}]},{\"@type\":\"WebSite\",\"@id\":\"https:\\\/\\\/autofans.com.ar\\\/#website\",\"url\":\"https:\\\/\\\/autofans.com.ar\\\/\",\"name\":\"\",\"description\":\"El multimedio referente de la industria automotriz\",\"potentialAction\":[{\"@type\":\"SearchAction\",\"target\":{\"@type\":\"EntryPoint\",\"urlTemplate\":\"https:\\\/\\\/autofans.com.ar\\\/?s={search_term_string}\"},\"query-input\":{\"@type\":\"PropertyValueSpecification\",\"valueRequired\":true,\"valueName\":\"search_term_string\"}}],\"inLanguage\":\"es\"},{\"@type\":\"Person\",\"@id\":\"https:\\\/\\\/autofans.com.ar\\\/#\\\/schema\\\/person\\\/4a8dda0b6df83ac3d6723e921274c2aa\",\"name\":\"Alejandro Gabriel Rosito\",\"image\":{\"@type\":\"ImageObject\",\"inLanguage\":\"es\",\"@id\":\"https:\\\/\\\/secure.gravatar.com\\\/avatar\\\/16c5dda1489adfc62618084dcbb91cffd879c374b13fe5dd8e44ed6733852c88?s=96&d=mm&r=g\",\"url\":\"https:\\\/\\\/secure.gravatar.com\\\/avatar\\\/16c5dda1489adfc62618084dcbb91cffd879c374b13fe5dd8e44ed6733852c88?s=96&d=mm&r=g\",\"contentUrl\":\"https:\\\/\\\/secure.gravatar.com\\\/avatar\\\/16c5dda1489adfc62618084dcbb91cffd879c374b13fe5dd8e44ed6733852c88?s=96&d=mm&r=g\",\"caption\":\"Alejandro Gabriel Rosito\"},\"url\":\"https:\\\/\\\/autofans.com.ar\\\/index.php\\\/author\\\/gabrielr\\\/\"}]}<\/script>\n<!-- \/ Yoast SEO plugin. -->","yoast_head_json":{"title":"Shell lleva su energ\u00eda y entretenimiento a la Costa Atl\u00e1ntica -","description":"Shell, desembarca nuevamente en la Costa Atl\u00e1ntica con una serie de iniciativas en Caril\u00f3, Villa Gesell y Mar del Plata...","robots":{"index":"index","follow":"follow","max-snippet":"max-snippet:-1","max-image-preview":"max-image-preview:large","max-video-preview":"max-video-preview:-1"},"canonical":"https:\/\/autofans.com.ar\/index.php\/2025\/01\/29\/shell-lleva-su-energia-y-entretenimiento-a-la-costa-atlantica\/","og_locale":"es_ES","og_type":"article","og_title":"Shell lleva su energ\u00eda y entretenimiento a la Costa Atl\u00e1ntica -","og_description":"Shell, desembarca nuevamente en la Costa Atl\u00e1ntica con una serie de iniciativas en Caril\u00f3, Villa Gesell y Mar del Plata...","og_url":"https:\/\/autofans.com.ar\/index.php\/2025\/01\/29\/shell-lleva-su-energia-y-entretenimiento-a-la-costa-atlantica\/","article_published_time":"2025-01-29T19:56:42+00:00","article_modified_time":"2025-01-29T19:57:38+00:00","og_image":[{"width":1000,"height":667,"url":"https:\/\/autofans.com.ar\/wp-content\/uploads\/2025\/01\/shell-2.jpg","type":"image\/jpeg"}],"author":"Alejandro Gabriel Rosito","twitter_card":"summary_large_image","twitter_misc":{"Escrito por":"Alejandro Gabriel Rosito","Tiempo de lectura":"2 minutos"},"schema":{"@context":"https:\/\/schema.org","@graph":[{"@type":"Article","@id":"https:\/\/autofans.com.ar\/index.php\/2025\/01\/29\/shell-lleva-su-energia-y-entretenimiento-a-la-costa-atlantica\/#article","isPartOf":{"@id":"https:\/\/autofans.com.ar\/index.php\/2025\/01\/29\/shell-lleva-su-energia-y-entretenimiento-a-la-costa-atlantica\/"},"author":{"name":"Alejandro Gabriel Rosito","@id":"https:\/\/autofans.com.ar\/#\/schema\/person\/4a8dda0b6df83ac3d6723e921274c2aa"},"headline":"Shell lleva su energ\u00eda y entretenimiento a la Costa Atl\u00e1ntica","datePublished":"2025-01-29T19:56:42+00:00","dateModified":"2025-01-29T19:57:38+00:00","mainEntityOfPage":{"@id":"https:\/\/autofans.com.ar\/index.php\/2025\/01\/29\/shell-lleva-su-energia-y-entretenimiento-a-la-costa-atlantica\/"},"wordCount":431,"image":{"@id":"https:\/\/autofans.com.ar\/index.php\/2025\/01\/29\/shell-lleva-su-energia-y-entretenimiento-a-la-costa-atlantica\/#primaryimage"},"thumbnailUrl":"https:\/\/autofans.com.ar\/wp-content\/uploads\/2025\/01\/shell-2.jpg","keywords":["Audi","Carilo","Costa Atlantica","Mar del Plata","Paseo Aldrey","Shell","Shell Helix","Shell Recharge","Shell Rimula","Stellantis","Summer Car Show","Villa Gesell","Volkswagen"],"articleSection":["BIZSTYLE","NOTICIAS"],"inLanguage":"es"},{"@type":"WebPage","@id":"https:\/\/autofans.com.ar\/index.php\/2025\/01\/29\/shell-lleva-su-energia-y-entretenimiento-a-la-costa-atlantica\/","url":"https:\/\/autofans.com.ar\/index.php\/2025\/01\/29\/shell-lleva-su-energia-y-entretenimiento-a-la-costa-atlantica\/","name":"Shell lleva su energ\u00eda y entretenimiento a la Costa Atl\u00e1ntica -","isPartOf":{"@id":"https:\/\/autofans.com.ar\/#website"},"primaryImageOfPage":{"@id":"https:\/\/autofans.com.ar\/index.php\/2025\/01\/29\/shell-lleva-su-energia-y-entretenimiento-a-la-costa-atlantica\/#primaryimage"},"image":{"@id":"https:\/\/autofans.com.ar\/index.php\/2025\/01\/29\/shell-lleva-su-energia-y-entretenimiento-a-la-costa-atlantica\/#primaryimage"},"thumbnailUrl":"https:\/\/autofans.com.ar\/wp-content\/uploads\/2025\/01\/shell-2.jpg","datePublished":"2025-01-29T19:56:42+00:00","dateModified":"2025-01-29T19:57:38+00:00","author":{"@id":"https:\/\/autofans.com.ar\/#\/schema\/person\/4a8dda0b6df83ac3d6723e921274c2aa"},"description":"Shell, desembarca nuevamente en la Costa Atl\u00e1ntica con una serie de iniciativas en Caril\u00f3, Villa Gesell y Mar del Plata...","breadcrumb":{"@id":"https:\/\/autofans.com.ar\/index.php\/2025\/01\/29\/shell-lleva-su-energia-y-entretenimiento-a-la-costa-atlantica\/#breadcrumb"},"inLanguage":"es","potentialAction":[{"@type":"ReadAction","target":["https:\/\/autofans.com.ar\/index.php\/2025\/01\/29\/shell-lleva-su-energia-y-entretenimiento-a-la-costa-atlantica\/"]}]},{"@type":"ImageObject","inLanguage":"es","@id":"https:\/\/autofans.com.ar\/index.php\/2025\/01\/29\/shell-lleva-su-energia-y-entretenimiento-a-la-costa-atlantica\/#primaryimage","url":"https:\/\/autofans.com.ar\/wp-content\/uploads\/2025\/01\/shell-2.jpg","contentUrl":"https:\/\/autofans.com.ar\/wp-content\/uploads\/2025\/01\/shell-2.jpg","width":1000,"height":667,"caption":"Shell"},{"@type":"BreadcrumbList","@id":"https:\/\/autofans.com.ar\/index.php\/2025\/01\/29\/shell-lleva-su-energia-y-entretenimiento-a-la-costa-atlantica\/#breadcrumb","itemListElement":[{"@type":"ListItem","position":1,"name":"Inicio","item":"https:\/\/autofans.com.ar\/"},{"@type":"ListItem","position":2,"name":"Shell lleva su energ\u00eda y entretenimiento a la Costa Atl\u00e1ntica"}]},{"@type":"WebSite","@id":"https:\/\/autofans.com.ar\/#website","url":"https:\/\/autofans.com.ar\/","name":"","description":"El multimedio referente de la industria automotriz","potentialAction":[{"@type":"SearchAction","target":{"@type":"EntryPoint","urlTemplate":"https:\/\/autofans.com.ar\/?s={search_term_string}"},"query-input":{"@type":"PropertyValueSpecification","valueRequired":true,"valueName":"search_term_string"}}],"inLanguage":"es"},{"@type":"Person","@id":"https:\/\/autofans.com.ar\/#\/schema\/person\/4a8dda0b6df83ac3d6723e921274c2aa","name":"Alejandro Gabriel Rosito","image":{"@type":"ImageObject","inLanguage":"es","@id":"https:\/\/secure.gravatar.com\/avatar\/16c5dda1489adfc62618084dcbb91cffd879c374b13fe5dd8e44ed6733852c88?s=96&d=mm&r=g","url":"https:\/\/secure.gravatar.com\/avatar\/16c5dda1489adfc62618084dcbb91cffd879c374b13fe5dd8e44ed6733852c88?s=96&d=mm&r=g","contentUrl":"https:\/\/secure.gravatar.com\/avatar\/16c5dda1489adfc62618084dcbb91cffd879c374b13fe5dd8e44ed6733852c88?s=96&d=mm&r=g","caption":"Alejandro Gabriel Rosito"},"url":"https:\/\/autofans.com.ar\/index.php\/author\/gabrielr\/"}]}},"featured_image_urls":{"full":["https:\/\/autofans.com.ar\/wp-content\/uploads\/2025\/01\/shell-2.jpg",1000,667,false],"thumbnail":["https:\/\/autofans.com.ar\/wp-content\/uploads\/2025\/01\/shell-2-150x150.jpg",150,150,true],"medium":["https:\/\/autofans.com.ar\/wp-content\/uploads\/2025\/01\/shell-2-300x200.jpg",300,200,true],"medium_large":["https:\/\/autofans.com.ar\/wp-content\/uploads\/2025\/01\/shell-2-768x512.jpg",640,427,true],"large":["https:\/\/autofans.com.ar\/wp-content\/uploads\/2025\/01\/shell-2.jpg",640,427,false],"1536x1536":["https:\/\/autofans.com.ar\/wp-content\/uploads\/2025\/01\/shell-2.jpg",1000,667,false],"2048x2048":["https:\/\/autofans.com.ar\/wp-content\/uploads\/2025\/01\/shell-2.jpg",1000,667,false],"covernews-featured":["https:\/\/autofans.com.ar\/wp-content\/uploads\/2025\/01\/shell-2.jpg",1000,667,false],"covernews-medium":["https:\/\/autofans.com.ar\/wp-content\/uploads\/2025\/01\/shell-2-540x340.jpg",540,340,true]},"author_info":{"display_name":"Alejandro Gabriel Rosito","author_link":"https:\/\/autofans.com.ar\/index.php\/author\/gabrielr\/"},"category_info":"<a href=\"https:\/\/autofans.com.ar\/index.php\/category\/noticias\/bizstyle\/\" rel=\"category tag\">BIZSTYLE<\/a> <a href=\"https:\/\/autofans.com.ar\/index.php\/category\/noticias\/\" rel=\"category tag\">NOTICIAS<\/a>","tag_info":"NOTICIAS","comment_count":0,"_links":{"self":[{"href":"https:\/\/autofans.com.ar\/index.php\/wp-json\/wp\/v2\/posts\/10932","targetHints":{"allow":["GET"]}}],"collection":[{"href":"https:\/\/autofans.com.ar\/index.php\/wp-json\/wp\/v2\/posts"}],"about":[{"href":"https:\/\/autofans.com.ar\/index.php\/wp-json\/wp\/v2\/types\/post"}],"author":[{"embeddable":true,"href":"https:\/\/autofans.com.ar\/index.php\/wp-json\/wp\/v2\/users\/2"}],"replies":[{"embeddable":true,"href":"https:\/\/autofans.com.ar\/index.php\/wp-json\/wp\/v2\/comments?post=10932"}],"version-history":[{"count":5,"href":"https:\/\/autofans.com.ar\/index.php\/wp-json\/wp\/v2\/posts\/10932\/revisions"}],"predecessor-version":[{"id":10939,"href":"https:\/\/autofans.com.ar\/index.php\/wp-json\/wp\/v2\/posts\/10932\/revisions\/10939"}],"wp:featuredmedia":[{"embeddable":true,"href":"https:\/\/autofans.com.ar\/index.php\/wp-json\/wp\/v2\/media\/10933"}],"wp:attachment":[{"href":"https:\/\/autofans.com.ar\/index.php\/wp-json\/wp\/v2\/media?parent=10932"}],"wp:term":[{"taxonomy":"category","embeddable":true,"href":"https:\/\/autofans.com.ar\/index.php\/wp-json\/wp\/v2\/categories?post=10932"},{"taxonomy":"post_tag","embeddable":true,"href":"https:\/\/autofans.com.ar\/index.php\/wp-json\/wp\/v2\/tags?post=10932"}],"curies":[{"name":"wp","href":"https:\/\/api.w.org\/{rel}","templated":true}]}}