{"id":10953,"date":"2025-01-30T14:25:15","date_gmt":"2025-01-30T17:25:15","guid":{"rendered":"https:\/\/autofans.com.ar\/?p=10953"},"modified":"2025-01-30T14:25:15","modified_gmt":"2025-01-30T17:25:15","slug":"nissan-x-perience-carilo-2025","status":"publish","type":"post","link":"https:\/\/autofans.com.ar\/index.php\/2025\/01\/30\/nissan-x-perience-carilo-2025\/","title":{"rendered":"Nissan X-Perience Caril\u00f3 2025"},"content":{"rendered":"<p>Nissan refuerza su presencia en el verano con la extensi\u00f3n del Nissan X-Perience Caril\u00f3 2025, una propuesta que combina aventura y confort en uno de los destinos m\u00e1s exclusivos de la Costa Atl\u00e1ntica. Hasta el 16 de febrero, los visitantes podr\u00e1n disfrutar de diversas actividades y servicios en el espacio ubicado en Benteveo, entre Acacia y Constancia.<\/p>\n<p>&nbsp;<\/p>\n<p>&nbsp;<\/p>\n<div id='gallery-1' class='gallery galleryid-10953 gallery-columns-2 gallery-size-full'><figure class='gallery-item'>\n\t\t\t<div class='gallery-icon landscape'>\n\t\t\t\t<a href='https:\/\/autofans.com.ar\/index.php\/2025\/01\/30\/nissan-x-perience-carilo-2025\/nissan-1-46\/'><img loading=\"lazy\" width=\"1000\" height=\"667\" src=\"https:\/\/autofans.com.ar\/wp-content\/uploads\/2025\/01\/nissan-1-2.jpg\" class=\"attachment-full size-full\" alt=\"Nissan X-Perience\" srcset=\"https:\/\/autofans.com.ar\/wp-content\/uploads\/2025\/01\/nissan-1-2.jpg 1000w, https:\/\/autofans.com.ar\/wp-content\/uploads\/2025\/01\/nissan-1-2-300x200.jpg 300w, https:\/\/autofans.com.ar\/wp-content\/uploads\/2025\/01\/nissan-1-2-768x512.jpg 768w\" sizes=\"auto, (max-width: 1000px) 100vw, 1000px\" loading=\"lazy\" decoding=\"async\" \/><\/a>\n\t\t\t<\/div><\/figure><figure class='gallery-item'>\n\t\t\t<div class='gallery-icon landscape'>\n\t\t\t\t<a href='https:\/\/autofans.com.ar\/index.php\/2025\/01\/30\/nissan-x-perience-carilo-2025\/nissan-2-45\/'><img loading=\"lazy\" width=\"1000\" height=\"667\" src=\"https:\/\/autofans.com.ar\/wp-content\/uploads\/2025\/01\/nissan-2-2.jpg\" class=\"attachment-full size-full\" alt=\"Nissan X-Perience\" srcset=\"https:\/\/autofans.com.ar\/wp-content\/uploads\/2025\/01\/nissan-2-2.jpg 1000w, https:\/\/autofans.com.ar\/wp-content\/uploads\/2025\/01\/nissan-2-2-300x200.jpg 300w, https:\/\/autofans.com.ar\/wp-content\/uploads\/2025\/01\/nissan-2-2-768x512.jpg 768w\" sizes=\"auto, (max-width: 1000px) 100vw, 1000px\" loading=\"lazy\" decoding=\"async\" \/><\/a>\n\t\t\t<\/div><\/figure>\n\t\t<\/div>\n\n<p>&nbsp;<\/p>\n<h2>Nissan X-Perience &#8211; experiencias y servicios para todos<\/h2>\n<ul data-spread=\"false\">\n<li>Traves\u00edas off-road: de 18 a 20:30 hs (excepto martes), expediciones guiadas por los m\u00e9danos de la playa al atardecer para vivir la capacidad todoterreno de la Nissan Frontier.<\/li>\n<li>Cl\u00ednicas de manejo: todos los martes de 18 a 20:30 hs, capacitaciones multimarca con pilotos de Nissan para perfeccionar la conducci\u00f3n en distintas condiciones.<\/li>\n<li>Test drives: de 12 a 17 hs, pruebas exclusivas de la Nueva Nissan X-Trail, en sus versiones e-POWER y Exclusive, para conocer su tecnolog\u00eda y dise\u00f1o en terrenos urbanos.<\/li>\n<li>Beach Service: de 12 a 18 hs, servicio de reposeras y gacebo con atenci\u00f3n personalizada para disfrutar la playa con mayor comodidad.<\/li>\n<li>Rescate 4&#215;4: asistencia para veh\u00edculos de cualquier marca dentro de un radio de 3 km.<\/li>\n<\/ul>\n<p>Todos los servicios se pueden solicitar por WhatsApp al +54 9 11 7604 7640. Para m\u00e1s informaci\u00f3n, visit\u00e1 el <a href=\"https:\/\/www.nissan.com.ar\/xperience-carilo\/carilo-2025.html?gad_source=1&amp;gbraid=0AAAAABJWaZHvI4Cvt1mCFKxysChRgrwHf&amp;gclid=Cj0KCQiA4-y8BhC3ARIsAHmjC_HcAmjaqtBazgPweqKuz2mDtbKWIc5167EAM77uyo8pT9x8CaDujRIaAoTbEALw_wcB\" target=\"_blank\" rel=\"noopener\">sitio web<\/a> y las <a href=\"https:\/\/www.instagram.com\/nissanargentina\/\" target=\"_blank\" rel=\"noopener\">redes sociales de Nissan Argentina<\/a>.<\/p>\n<p>&nbsp;<\/p>\n<p>&nbsp;<\/p>\n<p><i>Para enterarte de m\u00e1s novedades, no dejes de leer\u00a0<\/i><a href=\"https:\/\/autofans.thebrandsoup.com\/\"><i>nuestras notas<\/i><\/a><i>, de ver<\/i><b><i>\u00a0<\/i><\/b><a href=\"https:\/\/www.youtube.com\/channel\/UCgAC8UGHZYbT6P7PpmVnP7g\"><b><i>AUTOFANS TV<\/i><\/b><\/a><b><i>\u00a0<\/i><\/b><i>en nuestro\u00a0canal de Youtube. Adem\u00e1s seguinos en\u00a0<\/i><a href=\"https:\/\/www.instagram.com\/autofanstv\/\"><i>INSTAGRAM<\/i><\/a><i> y <\/i><a href=\"https:\/\/www.facebook.com\/autofansmas\/\"><i>FACEBOOK<\/i><\/a><i> para no perderte nada sobre las novedades del segmento automotor de Argentina y el mundo.<\/i><\/p>\n","protected":false},"excerpt":{"rendered":"<p>Nissan refuerza su presencia en el verano con la extensi\u00f3n del Nissan X-Perience Caril\u00f3 2025,&#8230;<\/p>\n","protected":false},"author":2,"featured_media":10954,"comment_status":"closed","ping_status":"closed","sticky":false,"template":"","format":"standard","meta":{"footnotes":""},"categories":[6,16],"tags":[5979,5978,5981,3275,46,897,3305,3446,5977,5980,5974,5975,5976],"class_list":["post-10953","post","type-post","status-publish","format-standard","has-post-thumbnail","hentry","category-bizstyle","category-noticias","tag-actividades-en-la-costa-atlantica","tag-autos-en-carilo","tag-beach-service","tag-clinicas-de-manejo","tag-nissan-argentina","tag-nissan-frontier","tag-nissan-x-perience-carilo","tag-nissan-x-trail","tag-playa-4x4","tag-rescate-vehicular","tag-test-drive-nissan","tag-travesias-4x4","tag-verano-carilo"],"yoast_head":"<!-- This site is optimized with the Yoast SEO plugin v27.5 - https:\/\/yoast.com\/product\/yoast-seo-wordpress\/ -->\n<title>Nissan X-Perience Caril\u00f3 2025 -<\/title>\n<meta name=\"description\" content=\"Nissan refuerza su presencia en el verano con la extensi\u00f3n del Nissan X-Perience Caril\u00f3 2025, una propuesta que combina aventura y confort...\" \/>\n<meta name=\"robots\" content=\"index, follow, max-snippet:-1, max-image-preview:large, max-video-preview:-1\" \/>\n<link rel=\"canonical\" href=\"https:\/\/autofans.com.ar\/index.php\/2025\/01\/30\/nissan-x-perience-carilo-2025\/\" \/>\n<meta property=\"og:locale\" content=\"es_ES\" \/>\n<meta property=\"og:type\" content=\"article\" \/>\n<meta property=\"og:title\" content=\"Nissan X-Perience Caril\u00f3 2025 -\" \/>\n<meta property=\"og:description\" content=\"Nissan refuerza su presencia en el verano con la extensi\u00f3n del Nissan X-Perience Caril\u00f3 2025, una propuesta que combina aventura y confort...\" \/>\n<meta property=\"og:url\" content=\"https:\/\/autofans.com.ar\/index.php\/2025\/01\/30\/nissan-x-perience-carilo-2025\/\" \/>\n<meta property=\"article:published_time\" content=\"2025-01-30T17:25:15+00:00\" \/>\n<meta property=\"og:image\" content=\"https:\/\/autofans.com.ar\/wp-content\/uploads\/2025\/01\/nissan-3-2.jpg\" \/>\n\t<meta property=\"og:image:width\" content=\"1000\" \/>\n\t<meta property=\"og:image:height\" content=\"667\" \/>\n\t<meta property=\"og:image:type\" content=\"image\/jpeg\" \/>\n<meta name=\"author\" content=\"Alejandro Gabriel Rosito\" \/>\n<meta name=\"twitter:card\" content=\"summary_large_image\" \/>\n<meta name=\"twitter:label1\" content=\"Escrito por\" \/>\n\t<meta name=\"twitter:data1\" content=\"Alejandro Gabriel Rosito\" \/>\n\t<meta name=\"twitter:label2\" content=\"Tiempo de lectura\" \/>\n\t<meta name=\"twitter:data2\" content=\"2 minutos\" \/>\n<script type=\"application\/ld+json\" class=\"yoast-schema-graph\">{\"@context\":\"https:\\\/\\\/schema.org\",\"@graph\":[{\"@type\":\"Article\",\"@id\":\"https:\\\/\\\/autofans.com.ar\\\/index.php\\\/2025\\\/01\\\/30\\\/nissan-x-perience-carilo-2025\\\/#article\",\"isPartOf\":{\"@id\":\"https:\\\/\\\/autofans.com.ar\\\/index.php\\\/2025\\\/01\\\/30\\\/nissan-x-perience-carilo-2025\\\/\"},\"author\":{\"name\":\"Alejandro Gabriel Rosito\",\"@id\":\"https:\\\/\\\/autofans.com.ar\\\/#\\\/schema\\\/person\\\/4a8dda0b6df83ac3d6723e921274c2aa\"},\"headline\":\"Nissan X-Perience Caril\u00f3 2025\",\"datePublished\":\"2025-01-30T17:25:15+00:00\",\"mainEntityOfPage\":{\"@id\":\"https:\\\/\\\/autofans.com.ar\\\/index.php\\\/2025\\\/01\\\/30\\\/nissan-x-perience-carilo-2025\\\/\"},\"wordCount\":265,\"image\":{\"@id\":\"https:\\\/\\\/autofans.com.ar\\\/index.php\\\/2025\\\/01\\\/30\\\/nissan-x-perience-carilo-2025\\\/#primaryimage\"},\"thumbnailUrl\":\"https:\\\/\\\/autofans.com.ar\\\/wp-content\\\/uploads\\\/2025\\\/01\\\/nissan-3-2.jpg\",\"keywords\":[\"actividades en la Costa Atl\u00e1ntica\",\"autos en Caril\u00f3\",\"Beach Service\",\"Cl\u00ednicas de Manejo\",\"Nissan Argentina\",\"Nissan Frontier\",\"Nissan X-Perience Caril\u00f3\",\"Nissan X-Trail\",\"playa 4x4\",\"rescate vehicular\",\"test drive Nissan\",\"traves\u00edas 4x4\",\"verano Caril\u00f3\"],\"articleSection\":[\"BIZSTYLE\",\"NOTICIAS\"],\"inLanguage\":\"es\"},{\"@type\":\"WebPage\",\"@id\":\"https:\\\/\\\/autofans.com.ar\\\/index.php\\\/2025\\\/01\\\/30\\\/nissan-x-perience-carilo-2025\\\/\",\"url\":\"https:\\\/\\\/autofans.com.ar\\\/index.php\\\/2025\\\/01\\\/30\\\/nissan-x-perience-carilo-2025\\\/\",\"name\":\"Nissan X-Perience Caril\u00f3 2025 -\",\"isPartOf\":{\"@id\":\"https:\\\/\\\/autofans.com.ar\\\/#website\"},\"primaryImageOfPage\":{\"@id\":\"https:\\\/\\\/autofans.com.ar\\\/index.php\\\/2025\\\/01\\\/30\\\/nissan-x-perience-carilo-2025\\\/#primaryimage\"},\"image\":{\"@id\":\"https:\\\/\\\/autofans.com.ar\\\/index.php\\\/2025\\\/01\\\/30\\\/nissan-x-perience-carilo-2025\\\/#primaryimage\"},\"thumbnailUrl\":\"https:\\\/\\\/autofans.com.ar\\\/wp-content\\\/uploads\\\/2025\\\/01\\\/nissan-3-2.jpg\",\"datePublished\":\"2025-01-30T17:25:15+00:00\",\"author\":{\"@id\":\"https:\\\/\\\/autofans.com.ar\\\/#\\\/schema\\\/person\\\/4a8dda0b6df83ac3d6723e921274c2aa\"},\"description\":\"Nissan refuerza su presencia en el verano con la extensi\u00f3n del Nissan X-Perience Caril\u00f3 2025, una propuesta que combina aventura y confort...\",\"breadcrumb\":{\"@id\":\"https:\\\/\\\/autofans.com.ar\\\/index.php\\\/2025\\\/01\\\/30\\\/nissan-x-perience-carilo-2025\\\/#breadcrumb\"},\"inLanguage\":\"es\",\"potentialAction\":[{\"@type\":\"ReadAction\",\"target\":[\"https:\\\/\\\/autofans.com.ar\\\/index.php\\\/2025\\\/01\\\/30\\\/nissan-x-perience-carilo-2025\\\/\"]}]},{\"@type\":\"ImageObject\",\"inLanguage\":\"es\",\"@id\":\"https:\\\/\\\/autofans.com.ar\\\/index.php\\\/2025\\\/01\\\/30\\\/nissan-x-perience-carilo-2025\\\/#primaryimage\",\"url\":\"https:\\\/\\\/autofans.com.ar\\\/wp-content\\\/uploads\\\/2025\\\/01\\\/nissan-3-2.jpg\",\"contentUrl\":\"https:\\\/\\\/autofans.com.ar\\\/wp-content\\\/uploads\\\/2025\\\/01\\\/nissan-3-2.jpg\",\"width\":1000,\"height\":667,\"caption\":\"Nissan X-Perience\"},{\"@type\":\"BreadcrumbList\",\"@id\":\"https:\\\/\\\/autofans.com.ar\\\/index.php\\\/2025\\\/01\\\/30\\\/nissan-x-perience-carilo-2025\\\/#breadcrumb\",\"itemListElement\":[{\"@type\":\"ListItem\",\"position\":1,\"name\":\"Inicio\",\"item\":\"https:\\\/\\\/autofans.com.ar\\\/\"},{\"@type\":\"ListItem\",\"position\":2,\"name\":\"Nissan X-Perience Caril\u00f3 2025\"}]},{\"@type\":\"WebSite\",\"@id\":\"https:\\\/\\\/autofans.com.ar\\\/#website\",\"url\":\"https:\\\/\\\/autofans.com.ar\\\/\",\"name\":\"\",\"description\":\"El multimedio referente de la industria automotriz\",\"potentialAction\":[{\"@type\":\"SearchAction\",\"target\":{\"@type\":\"EntryPoint\",\"urlTemplate\":\"https:\\\/\\\/autofans.com.ar\\\/?s={search_term_string}\"},\"query-input\":{\"@type\":\"PropertyValueSpecification\",\"valueRequired\":true,\"valueName\":\"search_term_string\"}}],\"inLanguage\":\"es\"},{\"@type\":\"Person\",\"@id\":\"https:\\\/\\\/autofans.com.ar\\\/#\\\/schema\\\/person\\\/4a8dda0b6df83ac3d6723e921274c2aa\",\"name\":\"Alejandro Gabriel Rosito\",\"image\":{\"@type\":\"ImageObject\",\"inLanguage\":\"es\",\"@id\":\"https:\\\/\\\/secure.gravatar.com\\\/avatar\\\/16c5dda1489adfc62618084dcbb91cffd879c374b13fe5dd8e44ed6733852c88?s=96&d=mm&r=g\",\"url\":\"https:\\\/\\\/secure.gravatar.com\\\/avatar\\\/16c5dda1489adfc62618084dcbb91cffd879c374b13fe5dd8e44ed6733852c88?s=96&d=mm&r=g\",\"contentUrl\":\"https:\\\/\\\/secure.gravatar.com\\\/avatar\\\/16c5dda1489adfc62618084dcbb91cffd879c374b13fe5dd8e44ed6733852c88?s=96&d=mm&r=g\",\"caption\":\"Alejandro Gabriel Rosito\"},\"url\":\"https:\\\/\\\/autofans.com.ar\\\/index.php\\\/author\\\/gabrielr\\\/\"}]}<\/script>\n<!-- \/ Yoast SEO plugin. -->","yoast_head_json":{"title":"Nissan X-Perience Caril\u00f3 2025 -","description":"Nissan refuerza su presencia en el verano con la extensi\u00f3n del Nissan X-Perience Caril\u00f3 2025, una propuesta que combina aventura y confort...","robots":{"index":"index","follow":"follow","max-snippet":"max-snippet:-1","max-image-preview":"max-image-preview:large","max-video-preview":"max-video-preview:-1"},"canonical":"https:\/\/autofans.com.ar\/index.php\/2025\/01\/30\/nissan-x-perience-carilo-2025\/","og_locale":"es_ES","og_type":"article","og_title":"Nissan X-Perience Caril\u00f3 2025 -","og_description":"Nissan refuerza su presencia en el verano con la extensi\u00f3n del Nissan X-Perience Caril\u00f3 2025, una propuesta que combina aventura y confort...","og_url":"https:\/\/autofans.com.ar\/index.php\/2025\/01\/30\/nissan-x-perience-carilo-2025\/","article_published_time":"2025-01-30T17:25:15+00:00","og_image":[{"width":1000,"height":667,"url":"https:\/\/autofans.com.ar\/wp-content\/uploads\/2025\/01\/nissan-3-2.jpg","type":"image\/jpeg"}],"author":"Alejandro Gabriel Rosito","twitter_card":"summary_large_image","twitter_misc":{"Escrito por":"Alejandro Gabriel Rosito","Tiempo de lectura":"2 minutos"},"schema":{"@context":"https:\/\/schema.org","@graph":[{"@type":"Article","@id":"https:\/\/autofans.com.ar\/index.php\/2025\/01\/30\/nissan-x-perience-carilo-2025\/#article","isPartOf":{"@id":"https:\/\/autofans.com.ar\/index.php\/2025\/01\/30\/nissan-x-perience-carilo-2025\/"},"author":{"name":"Alejandro Gabriel Rosito","@id":"https:\/\/autofans.com.ar\/#\/schema\/person\/4a8dda0b6df83ac3d6723e921274c2aa"},"headline":"Nissan X-Perience Caril\u00f3 2025","datePublished":"2025-01-30T17:25:15+00:00","mainEntityOfPage":{"@id":"https:\/\/autofans.com.ar\/index.php\/2025\/01\/30\/nissan-x-perience-carilo-2025\/"},"wordCount":265,"image":{"@id":"https:\/\/autofans.com.ar\/index.php\/2025\/01\/30\/nissan-x-perience-carilo-2025\/#primaryimage"},"thumbnailUrl":"https:\/\/autofans.com.ar\/wp-content\/uploads\/2025\/01\/nissan-3-2.jpg","keywords":["actividades en la Costa Atl\u00e1ntica","autos en Caril\u00f3","Beach Service","Cl\u00ednicas de Manejo","Nissan Argentina","Nissan Frontier","Nissan X-Perience Caril\u00f3","Nissan X-Trail","playa 4x4","rescate vehicular","test drive Nissan","traves\u00edas 4x4","verano Caril\u00f3"],"articleSection":["BIZSTYLE","NOTICIAS"],"inLanguage":"es"},{"@type":"WebPage","@id":"https:\/\/autofans.com.ar\/index.php\/2025\/01\/30\/nissan-x-perience-carilo-2025\/","url":"https:\/\/autofans.com.ar\/index.php\/2025\/01\/30\/nissan-x-perience-carilo-2025\/","name":"Nissan X-Perience Caril\u00f3 2025 -","isPartOf":{"@id":"https:\/\/autofans.com.ar\/#website"},"primaryImageOfPage":{"@id":"https:\/\/autofans.com.ar\/index.php\/2025\/01\/30\/nissan-x-perience-carilo-2025\/#primaryimage"},"image":{"@id":"https:\/\/autofans.com.ar\/index.php\/2025\/01\/30\/nissan-x-perience-carilo-2025\/#primaryimage"},"thumbnailUrl":"https:\/\/autofans.com.ar\/wp-content\/uploads\/2025\/01\/nissan-3-2.jpg","datePublished":"2025-01-30T17:25:15+00:00","author":{"@id":"https:\/\/autofans.com.ar\/#\/schema\/person\/4a8dda0b6df83ac3d6723e921274c2aa"},"description":"Nissan refuerza su presencia en el verano con la extensi\u00f3n del Nissan X-Perience Caril\u00f3 2025, una propuesta que combina aventura y confort...","breadcrumb":{"@id":"https:\/\/autofans.com.ar\/index.php\/2025\/01\/30\/nissan-x-perience-carilo-2025\/#breadcrumb"},"inLanguage":"es","potentialAction":[{"@type":"ReadAction","target":["https:\/\/autofans.com.ar\/index.php\/2025\/01\/30\/nissan-x-perience-carilo-2025\/"]}]},{"@type":"ImageObject","inLanguage":"es","@id":"https:\/\/autofans.com.ar\/index.php\/2025\/01\/30\/nissan-x-perience-carilo-2025\/#primaryimage","url":"https:\/\/autofans.com.ar\/wp-content\/uploads\/2025\/01\/nissan-3-2.jpg","contentUrl":"https:\/\/autofans.com.ar\/wp-content\/uploads\/2025\/01\/nissan-3-2.jpg","width":1000,"height":667,"caption":"Nissan X-Perience"},{"@type":"BreadcrumbList","@id":"https:\/\/autofans.com.ar\/index.php\/2025\/01\/30\/nissan-x-perience-carilo-2025\/#breadcrumb","itemListElement":[{"@type":"ListItem","position":1,"name":"Inicio","item":"https:\/\/autofans.com.ar\/"},{"@type":"ListItem","position":2,"name":"Nissan X-Perience Caril\u00f3 2025"}]},{"@type":"WebSite","@id":"https:\/\/autofans.com.ar\/#website","url":"https:\/\/autofans.com.ar\/","name":"","description":"El multimedio referente de la industria automotriz","potentialAction":[{"@type":"SearchAction","target":{"@type":"EntryPoint","urlTemplate":"https:\/\/autofans.com.ar\/?s={search_term_string}"},"query-input":{"@type":"PropertyValueSpecification","valueRequired":true,"valueName":"search_term_string"}}],"inLanguage":"es"},{"@type":"Person","@id":"https:\/\/autofans.com.ar\/#\/schema\/person\/4a8dda0b6df83ac3d6723e921274c2aa","name":"Alejandro Gabriel Rosito","image":{"@type":"ImageObject","inLanguage":"es","@id":"https:\/\/secure.gravatar.com\/avatar\/16c5dda1489adfc62618084dcbb91cffd879c374b13fe5dd8e44ed6733852c88?s=96&d=mm&r=g","url":"https:\/\/secure.gravatar.com\/avatar\/16c5dda1489adfc62618084dcbb91cffd879c374b13fe5dd8e44ed6733852c88?s=96&d=mm&r=g","contentUrl":"https:\/\/secure.gravatar.com\/avatar\/16c5dda1489adfc62618084dcbb91cffd879c374b13fe5dd8e44ed6733852c88?s=96&d=mm&r=g","caption":"Alejandro Gabriel Rosito"},"url":"https:\/\/autofans.com.ar\/index.php\/author\/gabrielr\/"}]}},"featured_image_urls":{"full":["https:\/\/autofans.com.ar\/wp-content\/uploads\/2025\/01\/nissan-3-2.jpg",1000,667,false],"thumbnail":["https:\/\/autofans.com.ar\/wp-content\/uploads\/2025\/01\/nissan-3-2-150x150.jpg",150,150,true],"medium":["https:\/\/autofans.com.ar\/wp-content\/uploads\/2025\/01\/nissan-3-2-300x200.jpg",300,200,true],"medium_large":["https:\/\/autofans.com.ar\/wp-content\/uploads\/2025\/01\/nissan-3-2-768x512.jpg",640,427,true],"large":["https:\/\/autofans.com.ar\/wp-content\/uploads\/2025\/01\/nissan-3-2.jpg",640,427,false],"1536x1536":["https:\/\/autofans.com.ar\/wp-content\/uploads\/2025\/01\/nissan-3-2.jpg",1000,667,false],"2048x2048":["https:\/\/autofans.com.ar\/wp-content\/uploads\/2025\/01\/nissan-3-2.jpg",1000,667,false],"covernews-featured":["https:\/\/autofans.com.ar\/wp-content\/uploads\/2025\/01\/nissan-3-2.jpg",1000,667,false],"covernews-medium":["https:\/\/autofans.com.ar\/wp-content\/uploads\/2025\/01\/nissan-3-2-540x340.jpg",540,340,true]},"author_info":{"display_name":"Alejandro Gabriel Rosito","author_link":"https:\/\/autofans.com.ar\/index.php\/author\/gabrielr\/"},"category_info":"<a href=\"https:\/\/autofans.com.ar\/index.php\/category\/noticias\/bizstyle\/\" rel=\"category tag\">BIZSTYLE<\/a> <a href=\"https:\/\/autofans.com.ar\/index.php\/category\/noticias\/\" rel=\"category tag\">NOTICIAS<\/a>","tag_info":"NOTICIAS","comment_count":0,"_links":{"self":[{"href":"https:\/\/autofans.com.ar\/index.php\/wp-json\/wp\/v2\/posts\/10953","targetHints":{"allow":["GET"]}}],"collection":[{"href":"https:\/\/autofans.com.ar\/index.php\/wp-json\/wp\/v2\/posts"}],"about":[{"href":"https:\/\/autofans.com.ar\/index.php\/wp-json\/wp\/v2\/types\/post"}],"author":[{"embeddable":true,"href":"https:\/\/autofans.com.ar\/index.php\/wp-json\/wp\/v2\/users\/2"}],"replies":[{"embeddable":true,"href":"https:\/\/autofans.com.ar\/index.php\/wp-json\/wp\/v2\/comments?post=10953"}],"version-history":[{"count":2,"href":"https:\/\/autofans.com.ar\/index.php\/wp-json\/wp\/v2\/posts\/10953\/revisions"}],"predecessor-version":[{"id":10958,"href":"https:\/\/autofans.com.ar\/index.php\/wp-json\/wp\/v2\/posts\/10953\/revisions\/10958"}],"wp:featuredmedia":[{"embeddable":true,"href":"https:\/\/autofans.com.ar\/index.php\/wp-json\/wp\/v2\/media\/10954"}],"wp:attachment":[{"href":"https:\/\/autofans.com.ar\/index.php\/wp-json\/wp\/v2\/media?parent=10953"}],"wp:term":[{"taxonomy":"category","embeddable":true,"href":"https:\/\/autofans.com.ar\/index.php\/wp-json\/wp\/v2\/categories?post=10953"},{"taxonomy":"post_tag","embeddable":true,"href":"https:\/\/autofans.com.ar\/index.php\/wp-json\/wp\/v2\/tags?post=10953"}],"curies":[{"name":"wp","href":"https:\/\/api.w.org\/{rel}","templated":true}]}}