{"id":10987,"date":"2025-01-31T20:25:12","date_gmt":"2025-01-31T23:25:12","guid":{"rendered":"https:\/\/autofans.com.ar\/?p=10987"},"modified":"2025-01-31T20:25:12","modified_gmt":"2025-01-31T23:25:12","slug":"iveco-fortalece-su-presencia-en-paraguay","status":"publish","type":"post","link":"https:\/\/autofans.com.ar\/index.php\/2025\/01\/31\/iveco-fortalece-su-presencia-en-paraguay\/","title":{"rendered":"IVECO fortalece su presencia en Paraguay"},"content":{"rendered":"<p data-pm-slice=\"1 1 []\">IVECO, marca l\u00edder en soluciones de transporte y parte de Iveco Group, junto a su importador en Paraguay, RODOMAQ, anunciaron dos hitos clave para el mercado local: el relanzamiento del cami\u00f3n S-WAY y la apertura de un nuevo punto de atenci\u00f3n en Encarnaci\u00f3n. Con esto, la marca refuerza su compromiso con los transportistas y ampl\u00eda su red de servicios en el pa\u00eds.<\/p>\n<p data-pm-slice=\"1 1 []\"><span style=\"color: #ffffff;\">.<\/span><\/p>\n<blockquote>\n<p style=\"text-align: center;\">Para m\u00ed es un honor estar hoy aqu\u00ed, en este evento tan especial. Antes que nada, quiero expresar mi m\u00e1s sincero agradecimiento a RODOMAQ, nuestro importador en Paraguay desde 2015, por su impecable gesti\u00f3n y su compromiso inquebrantable con el crecimiento de IVECO en este mercado\u201d expres\u00f3 Marcio Querichelli y a\u00f1adi\u00f3, \u201ceste pa\u00eds tiene un enorme potencial, no solo en el sector agr\u00edcola sino tambi\u00e9n en el energ\u00e9tico. Estamos aqu\u00ed para ofrecer soluciones que impulsen el desarrollo de sus sectores productivos y para construir relaciones duraderas con nuestros clientes\u00bb.<\/p>\n<p style=\"text-align: center;\">Por su parte, Celio Fernandes, destac\u00f3 \u201cIVECO nos brinda productos de alta calidad que responden perfectamente a las necesidades del mercado paraguayo. Nuestros clientes valoran principalmente la robustez, el dise\u00f1o y la tecnolog\u00eda avanzada de los veh\u00edculos, y es un orgullo para nosotros representar una marca con tanta trayectoria y visi\u00f3n de futuro. Quiero tambi\u00e9n expresar mi agradecimiento a Marcio Querichelli y a todo el equipo de IVECO por acompa\u00f1arnos en este evento tan especial, reforzando juntos nuestro compromiso con los transportistas de Paraguay\u201d.<\/p>\n<\/blockquote>\n<p>&nbsp;<\/p>\n<h2>S-WAY: robustez, confort y una edici\u00f3n especial inspirada en Metallica<\/h2>\n<p>&nbsp;<\/p>\n<p><img fetchpriority=\"high\" decoding=\"async\" class=\"aligncenter wp-image-10991 size-full\" src=\"https:\/\/autofans.com.ar\/wp-content\/uploads\/2025\/01\/iveco-4-2.jpg\" alt=\"IVECO\" width=\"1000\" height=\"667\" srcset=\"https:\/\/autofans.com.ar\/wp-content\/uploads\/2025\/01\/iveco-4-2.jpg 1000w, https:\/\/autofans.com.ar\/wp-content\/uploads\/2025\/01\/iveco-4-2-300x200.jpg 300w, https:\/\/autofans.com.ar\/wp-content\/uploads\/2025\/01\/iveco-4-2-768x512.jpg 768w\" sizes=\"(max-width: 1000px) 100vw, 1000px\" \/><\/p>\n<p>&nbsp;<\/p>\n<p>El regreso del IVECO S-WAY a Paraguay reafirma la apuesta de la marca por la innovaci\u00f3n y la adaptabilidad a las necesidades del transporte local. Durante el evento de relanzamiento, tambi\u00e9n se present\u00f3 la edici\u00f3n especial S-WAY Metallica, un dise\u00f1o exclusivo inspirado en la legendaria banda de heavy metal, que combina potencia y estilo para destacar en la ruta.<\/p>\n<p>&nbsp;<\/p>\n<blockquote>\n<p style=\"text-align: center;\">\u00abEl S-WAY es mucho m\u00e1s que un cami\u00f3n; es una soluci\u00f3n de transporte dise\u00f1ada para enfrentar los desaf\u00edos del mercado paraguayo. Su tecnolog\u00eda avanzada y su dise\u00f1o robusto lo convierten en un aliado perfecto para el sector agr\u00edcola y de distribuci\u00f3n\u00bb, expres\u00f3 William Costa, director Comercial de IVECO para Am\u00e9rica Latina.<\/p>\n<\/blockquote>\n<p>&nbsp;<\/p>\n<h2>IVECO &#8211; nueva sede en Encarnaci\u00f3n<\/h2>\n<p>RODOMAQ inaugur\u00f3 un nuevo punto de atenci\u00f3n en Encarnaci\u00f3n, consolidando su presencia en Paraguay con una inversi\u00f3n significativa. Este espacio, de 10.000 m\u00b2, est\u00e1 dise\u00f1ado para brindar un servicio integral a los transportistas y se suma a los otros tres puntos que ya opera el distribuidor en el pa\u00eds.<\/p>\n<p>&nbsp;<\/p>\n<div id='gallery-1' class='gallery galleryid-10987 gallery-columns-2 gallery-size-full'><figure class='gallery-item'>\n\t\t\t<div class='gallery-icon landscape'>\n\t\t\t\t<a href='https:\/\/autofans.com.ar\/index.php\/2025\/01\/31\/iveco-fortalece-su-presencia-en-paraguay\/iveco-1-18\/'><img loading=\"lazy\" width=\"1000\" height=\"667\" src=\"https:\/\/autofans.com.ar\/wp-content\/uploads\/2025\/01\/iveco-1-1.jpg\" class=\"attachment-full size-full\" alt=\"IVECO\" aria-describedby=\"gallery-1-10994\" srcset=\"https:\/\/autofans.com.ar\/wp-content\/uploads\/2025\/01\/iveco-1-1.jpg 1000w, https:\/\/autofans.com.ar\/wp-content\/uploads\/2025\/01\/iveco-1-1-300x200.jpg 300w, https:\/\/autofans.com.ar\/wp-content\/uploads\/2025\/01\/iveco-1-1-768x512.jpg 768w\" sizes=\"auto, (max-width: 1000px) 100vw, 1000px\" loading=\"lazy\" decoding=\"async\" \/><\/a>\n\t\t\t<\/div>\n\t\t\t\t<figcaption class='wp-caption-text gallery-caption' id='gallery-1-10994'>\n\t\t\t\tDe izquieda a derecha, Celio Fernandes, Director de Ventas de RODOMAQ, Leonardo Arndt, Gerente de Posventa de RODOMAQ y Marcio Querichelli, Presidente de IVECO para Am\u00e9rica Latina. \n\t\t\t\t<\/figcaption><\/figure><figure class='gallery-item'>\n\t\t\t<div class='gallery-icon landscape'>\n\t\t\t\t<a href='https:\/\/autofans.com.ar\/index.php\/2025\/01\/31\/iveco-fortalece-su-presencia-en-paraguay\/iveco-3-15\/'><img loading=\"lazy\" width=\"1000\" height=\"667\" src=\"https:\/\/autofans.com.ar\/wp-content\/uploads\/2025\/01\/iveco-3-2.jpg\" class=\"attachment-full size-full\" alt=\"IVECO\" srcset=\"https:\/\/autofans.com.ar\/wp-content\/uploads\/2025\/01\/iveco-3-2.jpg 1000w, https:\/\/autofans.com.ar\/wp-content\/uploads\/2025\/01\/iveco-3-2-300x200.jpg 300w, https:\/\/autofans.com.ar\/wp-content\/uploads\/2025\/01\/iveco-3-2-768x512.jpg 768w\" sizes=\"auto, (max-width: 1000px) 100vw, 1000px\" loading=\"lazy\" decoding=\"async\" \/><\/a>\n\t\t\t<\/div><\/figure>\n\t\t<\/div>\n\n<p>&nbsp;<\/p>\n<p>El evento cont\u00f3 con la presencia de directivos de IVECO y RODOMAQ, junto a representantes del Gobierno de Paraguay y referentes del sector de bioenerg\u00eda, reforzando el compromiso conjunto con el desarrollo del transporte en la regi\u00f3n.<\/p>\n<p>&nbsp;<\/p>\n<blockquote>\n<p style=\"text-align: center;\">\u00abEsta inauguraci\u00f3n marca un hito en nuestra relaci\u00f3n con nuestros clientes. Seguimos apostando por la excelencia en el servicio y el desarrollo de soluciones que respondan a las necesidades de los sectores productivos,\u00bb coment\u00f3 Fernandes, director Comercial de RODOMAQ.<\/p>\n<\/blockquote>\n<p>&nbsp;<\/p>\n<p>&nbsp;<\/p>\n<p><i>Para enterarte de m\u00e1s novedades, no dejes de leer\u00a0<\/i><a href=\"https:\/\/autofans.thebrandsoup.com\/\"><i>nuestras notas<\/i><\/a><i>, de ver<\/i><b><i>\u00a0<\/i><\/b><a href=\"https:\/\/www.youtube.com\/channel\/UCgAC8UGHZYbT6P7PpmVnP7g\"><b><i>AUTOFANS TV<\/i><\/b><\/a><b><i>\u00a0<\/i><\/b><i>en nuestro\u00a0canal de Youtube. Adem\u00e1s seguinos en\u00a0<\/i><a href=\"https:\/\/www.instagram.com\/autofanstv\/\"><i>INSTAGRAM<\/i><\/a><i> y <\/i><a href=\"https:\/\/www.facebook.com\/autofansmas\/\"><i>FACEBOOK<\/i><\/a><i> para no perderte nada sobre las novedades del segmento automotor de Argentina y el mundo.<\/i><\/p>\n","protected":false},"excerpt":{"rendered":"<p>IVECO, marca l\u00edder en soluciones de transporte y parte de Iveco Group, junto a su&#8230;<\/p>\n","protected":false},"author":2,"featured_media":10993,"comment_status":"closed","ping_status":"closed","sticky":false,"template":"","format":"standard","meta":{"footnotes":""},"categories":[292,16],"tags":[6003,6001,6006,6005,2210,654,819,6000,6004,6002],"class_list":["post-10987","post","type-post","status-publish","format-standard","has-post-thumbnail","hentry","category-empresas","category-noticias","tag-camion-de-carga","tag-camion-s-way","tag-camiones-paraguay","tag-concesionaria-de-camiones","tag-innovacion-en-transporte","tag-iveco","tag-iveco-group","tag-rodomaq","tag-s-way-metallica","tag-transporte-en-paraguay"],"yoast_head":"<!-- This site is optimized with the Yoast SEO plugin v27.5 - https:\/\/yoast.com\/product\/yoast-seo-wordpress\/ -->\n<title>IVECO fortalece su presencia en Paraguay -<\/title>\n<meta name=\"description\" content=\"Iveco Group, junto a su importador en Paraguay, RODOMAQ, anunciaron el relanzamiento del cami\u00f3n S-WAY y la apertura de un nuevo punto...\" \/>\n<meta name=\"robots\" content=\"index, follow, max-snippet:-1, max-image-preview:large, max-video-preview:-1\" \/>\n<link rel=\"canonical\" href=\"https:\/\/autofans.com.ar\/index.php\/2025\/01\/31\/iveco-fortalece-su-presencia-en-paraguay\/\" \/>\n<meta property=\"og:locale\" content=\"es_ES\" \/>\n<meta property=\"og:type\" content=\"article\" \/>\n<meta property=\"og:title\" content=\"IVECO fortalece su presencia en Paraguay -\" \/>\n<meta property=\"og:description\" content=\"Iveco Group, junto a su importador en Paraguay, RODOMAQ, anunciaron el relanzamiento del cami\u00f3n S-WAY y la apertura de un nuevo punto...\" \/>\n<meta property=\"og:url\" content=\"https:\/\/autofans.com.ar\/index.php\/2025\/01\/31\/iveco-fortalece-su-presencia-en-paraguay\/\" \/>\n<meta property=\"article:published_time\" content=\"2025-01-31T23:25:12+00:00\" \/>\n<meta property=\"og:image\" content=\"https:\/\/autofans.com.ar\/wp-content\/uploads\/2025\/01\/iveco-2-1.jpg\" \/>\n\t<meta property=\"og:image:width\" content=\"1000\" \/>\n\t<meta property=\"og:image:height\" content=\"667\" \/>\n\t<meta property=\"og:image:type\" content=\"image\/jpeg\" \/>\n<meta name=\"author\" content=\"Alejandro Gabriel Rosito\" \/>\n<meta name=\"twitter:card\" content=\"summary_large_image\" \/>\n<meta name=\"twitter:label1\" content=\"Escrito por\" \/>\n\t<meta name=\"twitter:data1\" content=\"Alejandro Gabriel Rosito\" \/>\n\t<meta name=\"twitter:label2\" content=\"Tiempo de lectura\" \/>\n\t<meta name=\"twitter:data2\" content=\"2 minutos\" \/>\n<script type=\"application\/ld+json\" class=\"yoast-schema-graph\">{\"@context\":\"https:\\\/\\\/schema.org\",\"@graph\":[{\"@type\":\"Article\",\"@id\":\"https:\\\/\\\/autofans.com.ar\\\/index.php\\\/2025\\\/01\\\/31\\\/iveco-fortalece-su-presencia-en-paraguay\\\/#article\",\"isPartOf\":{\"@id\":\"https:\\\/\\\/autofans.com.ar\\\/index.php\\\/2025\\\/01\\\/31\\\/iveco-fortalece-su-presencia-en-paraguay\\\/\"},\"author\":{\"name\":\"Alejandro Gabriel Rosito\",\"@id\":\"https:\\\/\\\/autofans.com.ar\\\/#\\\/schema\\\/person\\\/4a8dda0b6df83ac3d6723e921274c2aa\"},\"headline\":\"IVECO fortalece su presencia en Paraguay\",\"datePublished\":\"2025-01-31T23:25:12+00:00\",\"mainEntityOfPage\":{\"@id\":\"https:\\\/\\\/autofans.com.ar\\\/index.php\\\/2025\\\/01\\\/31\\\/iveco-fortalece-su-presencia-en-paraguay\\\/\"},\"wordCount\":592,\"image\":{\"@id\":\"https:\\\/\\\/autofans.com.ar\\\/index.php\\\/2025\\\/01\\\/31\\\/iveco-fortalece-su-presencia-en-paraguay\\\/#primaryimage\"},\"thumbnailUrl\":\"https:\\\/\\\/autofans.com.ar\\\/wp-content\\\/uploads\\\/2025\\\/01\\\/iveco-2-1.jpg\",\"keywords\":[\"cami\u00f3n de carga\",\"cami\u00f3n S-WAY\",\"camiones Paraguay\",\"concesionaria de camiones\",\"innovaci\u00f3n en transporte\",\"IVECO\",\"Iveco Group\",\"Rodomaq\",\"S-WAY Metallica\",\"transporte en Paraguay\"],\"articleSection\":[\"EMPRESAS\",\"NOTICIAS\"],\"inLanguage\":\"es\"},{\"@type\":\"WebPage\",\"@id\":\"https:\\\/\\\/autofans.com.ar\\\/index.php\\\/2025\\\/01\\\/31\\\/iveco-fortalece-su-presencia-en-paraguay\\\/\",\"url\":\"https:\\\/\\\/autofans.com.ar\\\/index.php\\\/2025\\\/01\\\/31\\\/iveco-fortalece-su-presencia-en-paraguay\\\/\",\"name\":\"IVECO fortalece su presencia en Paraguay -\",\"isPartOf\":{\"@id\":\"https:\\\/\\\/autofans.com.ar\\\/#website\"},\"primaryImageOfPage\":{\"@id\":\"https:\\\/\\\/autofans.com.ar\\\/index.php\\\/2025\\\/01\\\/31\\\/iveco-fortalece-su-presencia-en-paraguay\\\/#primaryimage\"},\"image\":{\"@id\":\"https:\\\/\\\/autofans.com.ar\\\/index.php\\\/2025\\\/01\\\/31\\\/iveco-fortalece-su-presencia-en-paraguay\\\/#primaryimage\"},\"thumbnailUrl\":\"https:\\\/\\\/autofans.com.ar\\\/wp-content\\\/uploads\\\/2025\\\/01\\\/iveco-2-1.jpg\",\"datePublished\":\"2025-01-31T23:25:12+00:00\",\"author\":{\"@id\":\"https:\\\/\\\/autofans.com.ar\\\/#\\\/schema\\\/person\\\/4a8dda0b6df83ac3d6723e921274c2aa\"},\"description\":\"Iveco Group, junto a su importador en Paraguay, RODOMAQ, anunciaron el relanzamiento del cami\u00f3n S-WAY y la apertura de un nuevo punto...\",\"breadcrumb\":{\"@id\":\"https:\\\/\\\/autofans.com.ar\\\/index.php\\\/2025\\\/01\\\/31\\\/iveco-fortalece-su-presencia-en-paraguay\\\/#breadcrumb\"},\"inLanguage\":\"es\",\"potentialAction\":[{\"@type\":\"ReadAction\",\"target\":[\"https:\\\/\\\/autofans.com.ar\\\/index.php\\\/2025\\\/01\\\/31\\\/iveco-fortalece-su-presencia-en-paraguay\\\/\"]}]},{\"@type\":\"ImageObject\",\"inLanguage\":\"es\",\"@id\":\"https:\\\/\\\/autofans.com.ar\\\/index.php\\\/2025\\\/01\\\/31\\\/iveco-fortalece-su-presencia-en-paraguay\\\/#primaryimage\",\"url\":\"https:\\\/\\\/autofans.com.ar\\\/wp-content\\\/uploads\\\/2025\\\/01\\\/iveco-2-1.jpg\",\"contentUrl\":\"https:\\\/\\\/autofans.com.ar\\\/wp-content\\\/uploads\\\/2025\\\/01\\\/iveco-2-1.jpg\",\"width\":1000,\"height\":667,\"caption\":\"IVECO\"},{\"@type\":\"BreadcrumbList\",\"@id\":\"https:\\\/\\\/autofans.com.ar\\\/index.php\\\/2025\\\/01\\\/31\\\/iveco-fortalece-su-presencia-en-paraguay\\\/#breadcrumb\",\"itemListElement\":[{\"@type\":\"ListItem\",\"position\":1,\"name\":\"Inicio\",\"item\":\"https:\\\/\\\/autofans.com.ar\\\/\"},{\"@type\":\"ListItem\",\"position\":2,\"name\":\"IVECO fortalece su presencia en Paraguay\"}]},{\"@type\":\"WebSite\",\"@id\":\"https:\\\/\\\/autofans.com.ar\\\/#website\",\"url\":\"https:\\\/\\\/autofans.com.ar\\\/\",\"name\":\"\",\"description\":\"El multimedio referente de la industria automotriz\",\"potentialAction\":[{\"@type\":\"SearchAction\",\"target\":{\"@type\":\"EntryPoint\",\"urlTemplate\":\"https:\\\/\\\/autofans.com.ar\\\/?s={search_term_string}\"},\"query-input\":{\"@type\":\"PropertyValueSpecification\",\"valueRequired\":true,\"valueName\":\"search_term_string\"}}],\"inLanguage\":\"es\"},{\"@type\":\"Person\",\"@id\":\"https:\\\/\\\/autofans.com.ar\\\/#\\\/schema\\\/person\\\/4a8dda0b6df83ac3d6723e921274c2aa\",\"name\":\"Alejandro Gabriel Rosito\",\"image\":{\"@type\":\"ImageObject\",\"inLanguage\":\"es\",\"@id\":\"https:\\\/\\\/secure.gravatar.com\\\/avatar\\\/16c5dda1489adfc62618084dcbb91cffd879c374b13fe5dd8e44ed6733852c88?s=96&d=mm&r=g\",\"url\":\"https:\\\/\\\/secure.gravatar.com\\\/avatar\\\/16c5dda1489adfc62618084dcbb91cffd879c374b13fe5dd8e44ed6733852c88?s=96&d=mm&r=g\",\"contentUrl\":\"https:\\\/\\\/secure.gravatar.com\\\/avatar\\\/16c5dda1489adfc62618084dcbb91cffd879c374b13fe5dd8e44ed6733852c88?s=96&d=mm&r=g\",\"caption\":\"Alejandro Gabriel Rosito\"},\"url\":\"https:\\\/\\\/autofans.com.ar\\\/index.php\\\/author\\\/gabrielr\\\/\"}]}<\/script>\n<!-- \/ Yoast SEO plugin. -->","yoast_head_json":{"title":"IVECO fortalece su presencia en Paraguay -","description":"Iveco Group, junto a su importador en Paraguay, RODOMAQ, anunciaron el relanzamiento del cami\u00f3n S-WAY y la apertura de un nuevo punto...","robots":{"index":"index","follow":"follow","max-snippet":"max-snippet:-1","max-image-preview":"max-image-preview:large","max-video-preview":"max-video-preview:-1"},"canonical":"https:\/\/autofans.com.ar\/index.php\/2025\/01\/31\/iveco-fortalece-su-presencia-en-paraguay\/","og_locale":"es_ES","og_type":"article","og_title":"IVECO fortalece su presencia en Paraguay -","og_description":"Iveco Group, junto a su importador en Paraguay, RODOMAQ, anunciaron el relanzamiento del cami\u00f3n S-WAY y la apertura de un nuevo punto...","og_url":"https:\/\/autofans.com.ar\/index.php\/2025\/01\/31\/iveco-fortalece-su-presencia-en-paraguay\/","article_published_time":"2025-01-31T23:25:12+00:00","og_image":[{"width":1000,"height":667,"url":"https:\/\/autofans.com.ar\/wp-content\/uploads\/2025\/01\/iveco-2-1.jpg","type":"image\/jpeg"}],"author":"Alejandro Gabriel Rosito","twitter_card":"summary_large_image","twitter_misc":{"Escrito por":"Alejandro Gabriel Rosito","Tiempo de lectura":"2 minutos"},"schema":{"@context":"https:\/\/schema.org","@graph":[{"@type":"Article","@id":"https:\/\/autofans.com.ar\/index.php\/2025\/01\/31\/iveco-fortalece-su-presencia-en-paraguay\/#article","isPartOf":{"@id":"https:\/\/autofans.com.ar\/index.php\/2025\/01\/31\/iveco-fortalece-su-presencia-en-paraguay\/"},"author":{"name":"Alejandro Gabriel Rosito","@id":"https:\/\/autofans.com.ar\/#\/schema\/person\/4a8dda0b6df83ac3d6723e921274c2aa"},"headline":"IVECO fortalece su presencia en Paraguay","datePublished":"2025-01-31T23:25:12+00:00","mainEntityOfPage":{"@id":"https:\/\/autofans.com.ar\/index.php\/2025\/01\/31\/iveco-fortalece-su-presencia-en-paraguay\/"},"wordCount":592,"image":{"@id":"https:\/\/autofans.com.ar\/index.php\/2025\/01\/31\/iveco-fortalece-su-presencia-en-paraguay\/#primaryimage"},"thumbnailUrl":"https:\/\/autofans.com.ar\/wp-content\/uploads\/2025\/01\/iveco-2-1.jpg","keywords":["cami\u00f3n de carga","cami\u00f3n S-WAY","camiones Paraguay","concesionaria de camiones","innovaci\u00f3n en transporte","IVECO","Iveco Group","Rodomaq","S-WAY Metallica","transporte en Paraguay"],"articleSection":["EMPRESAS","NOTICIAS"],"inLanguage":"es"},{"@type":"WebPage","@id":"https:\/\/autofans.com.ar\/index.php\/2025\/01\/31\/iveco-fortalece-su-presencia-en-paraguay\/","url":"https:\/\/autofans.com.ar\/index.php\/2025\/01\/31\/iveco-fortalece-su-presencia-en-paraguay\/","name":"IVECO fortalece su presencia en Paraguay -","isPartOf":{"@id":"https:\/\/autofans.com.ar\/#website"},"primaryImageOfPage":{"@id":"https:\/\/autofans.com.ar\/index.php\/2025\/01\/31\/iveco-fortalece-su-presencia-en-paraguay\/#primaryimage"},"image":{"@id":"https:\/\/autofans.com.ar\/index.php\/2025\/01\/31\/iveco-fortalece-su-presencia-en-paraguay\/#primaryimage"},"thumbnailUrl":"https:\/\/autofans.com.ar\/wp-content\/uploads\/2025\/01\/iveco-2-1.jpg","datePublished":"2025-01-31T23:25:12+00:00","author":{"@id":"https:\/\/autofans.com.ar\/#\/schema\/person\/4a8dda0b6df83ac3d6723e921274c2aa"},"description":"Iveco Group, junto a su importador en Paraguay, RODOMAQ, anunciaron el relanzamiento del cami\u00f3n S-WAY y la apertura de un nuevo punto...","breadcrumb":{"@id":"https:\/\/autofans.com.ar\/index.php\/2025\/01\/31\/iveco-fortalece-su-presencia-en-paraguay\/#breadcrumb"},"inLanguage":"es","potentialAction":[{"@type":"ReadAction","target":["https:\/\/autofans.com.ar\/index.php\/2025\/01\/31\/iveco-fortalece-su-presencia-en-paraguay\/"]}]},{"@type":"ImageObject","inLanguage":"es","@id":"https:\/\/autofans.com.ar\/index.php\/2025\/01\/31\/iveco-fortalece-su-presencia-en-paraguay\/#primaryimage","url":"https:\/\/autofans.com.ar\/wp-content\/uploads\/2025\/01\/iveco-2-1.jpg","contentUrl":"https:\/\/autofans.com.ar\/wp-content\/uploads\/2025\/01\/iveco-2-1.jpg","width":1000,"height":667,"caption":"IVECO"},{"@type":"BreadcrumbList","@id":"https:\/\/autofans.com.ar\/index.php\/2025\/01\/31\/iveco-fortalece-su-presencia-en-paraguay\/#breadcrumb","itemListElement":[{"@type":"ListItem","position":1,"name":"Inicio","item":"https:\/\/autofans.com.ar\/"},{"@type":"ListItem","position":2,"name":"IVECO fortalece su presencia en Paraguay"}]},{"@type":"WebSite","@id":"https:\/\/autofans.com.ar\/#website","url":"https:\/\/autofans.com.ar\/","name":"","description":"El multimedio referente de la industria automotriz","potentialAction":[{"@type":"SearchAction","target":{"@type":"EntryPoint","urlTemplate":"https:\/\/autofans.com.ar\/?s={search_term_string}"},"query-input":{"@type":"PropertyValueSpecification","valueRequired":true,"valueName":"search_term_string"}}],"inLanguage":"es"},{"@type":"Person","@id":"https:\/\/autofans.com.ar\/#\/schema\/person\/4a8dda0b6df83ac3d6723e921274c2aa","name":"Alejandro Gabriel Rosito","image":{"@type":"ImageObject","inLanguage":"es","@id":"https:\/\/secure.gravatar.com\/avatar\/16c5dda1489adfc62618084dcbb91cffd879c374b13fe5dd8e44ed6733852c88?s=96&d=mm&r=g","url":"https:\/\/secure.gravatar.com\/avatar\/16c5dda1489adfc62618084dcbb91cffd879c374b13fe5dd8e44ed6733852c88?s=96&d=mm&r=g","contentUrl":"https:\/\/secure.gravatar.com\/avatar\/16c5dda1489adfc62618084dcbb91cffd879c374b13fe5dd8e44ed6733852c88?s=96&d=mm&r=g","caption":"Alejandro Gabriel Rosito"},"url":"https:\/\/autofans.com.ar\/index.php\/author\/gabrielr\/"}]}},"featured_image_urls":{"full":["https:\/\/autofans.com.ar\/wp-content\/uploads\/2025\/01\/iveco-2-1.jpg",1000,667,false],"thumbnail":["https:\/\/autofans.com.ar\/wp-content\/uploads\/2025\/01\/iveco-2-1-150x150.jpg",150,150,true],"medium":["https:\/\/autofans.com.ar\/wp-content\/uploads\/2025\/01\/iveco-2-1-300x200.jpg",300,200,true],"medium_large":["https:\/\/autofans.com.ar\/wp-content\/uploads\/2025\/01\/iveco-2-1-768x512.jpg",640,427,true],"large":["https:\/\/autofans.com.ar\/wp-content\/uploads\/2025\/01\/iveco-2-1.jpg",640,427,false],"1536x1536":["https:\/\/autofans.com.ar\/wp-content\/uploads\/2025\/01\/iveco-2-1.jpg",1000,667,false],"2048x2048":["https:\/\/autofans.com.ar\/wp-content\/uploads\/2025\/01\/iveco-2-1.jpg",1000,667,false],"covernews-featured":["https:\/\/autofans.com.ar\/wp-content\/uploads\/2025\/01\/iveco-2-1.jpg",1000,667,false],"covernews-medium":["https:\/\/autofans.com.ar\/wp-content\/uploads\/2025\/01\/iveco-2-1-540x340.jpg",540,340,true]},"author_info":{"display_name":"Alejandro Gabriel Rosito","author_link":"https:\/\/autofans.com.ar\/index.php\/author\/gabrielr\/"},"category_info":"<a href=\"https:\/\/autofans.com.ar\/index.php\/category\/noticias\/empresas\/\" rel=\"category tag\">EMPRESAS<\/a> <a href=\"https:\/\/autofans.com.ar\/index.php\/category\/noticias\/\" rel=\"category tag\">NOTICIAS<\/a>","tag_info":"NOTICIAS","comment_count":0,"_links":{"self":[{"href":"https:\/\/autofans.com.ar\/index.php\/wp-json\/wp\/v2\/posts\/10987","targetHints":{"allow":["GET"]}}],"collection":[{"href":"https:\/\/autofans.com.ar\/index.php\/wp-json\/wp\/v2\/posts"}],"about":[{"href":"https:\/\/autofans.com.ar\/index.php\/wp-json\/wp\/v2\/types\/post"}],"author":[{"embeddable":true,"href":"https:\/\/autofans.com.ar\/index.php\/wp-json\/wp\/v2\/users\/2"}],"replies":[{"embeddable":true,"href":"https:\/\/autofans.com.ar\/index.php\/wp-json\/wp\/v2\/comments?post=10987"}],"version-history":[{"count":4,"href":"https:\/\/autofans.com.ar\/index.php\/wp-json\/wp\/v2\/posts\/10987\/revisions"}],"predecessor-version":[{"id":10995,"href":"https:\/\/autofans.com.ar\/index.php\/wp-json\/wp\/v2\/posts\/10987\/revisions\/10995"}],"wp:featuredmedia":[{"embeddable":true,"href":"https:\/\/autofans.com.ar\/index.php\/wp-json\/wp\/v2\/media\/10993"}],"wp:attachment":[{"href":"https:\/\/autofans.com.ar\/index.php\/wp-json\/wp\/v2\/media?parent=10987"}],"wp:term":[{"taxonomy":"category","embeddable":true,"href":"https:\/\/autofans.com.ar\/index.php\/wp-json\/wp\/v2\/categories?post=10987"},{"taxonomy":"post_tag","embeddable":true,"href":"https:\/\/autofans.com.ar\/index.php\/wp-json\/wp\/v2\/tags?post=10987"}],"curies":[{"name":"wp","href":"https:\/\/api.w.org\/{rel}","templated":true}]}}