{"id":11003,"date":"2025-02-03T13:57:56","date_gmt":"2025-02-03T16:57:56","guid":{"rendered":"https:\/\/autofans.com.ar\/?p=11003"},"modified":"2025-02-03T13:57:56","modified_gmt":"2025-02-03T16:57:56","slug":"iveco-group-apuesta-por-la-economia-circular-en-su-produccion-industrial","status":"publish","type":"post","link":"https:\/\/autofans.com.ar\/index.php\/2025\/02\/03\/iveco-group-apuesta-por-la-economia-circular-en-su-produccion-industrial\/","title":{"rendered":"Iveco Group apuesta por la econom\u00eda circular en su producci\u00f3n industrial"},"content":{"rendered":"<p data-pm-slice=\"1 1 []\">Iveco Group refuerza su compromiso con la sustentabilidad a trav\u00e9s de la reutilizaci\u00f3n de residuos industriales en su planta de C\u00f3rdoba. A trav\u00e9s de la Isla Ecol\u00f3gica, la compa\u00f1\u00eda implementa un modelo de econom\u00eda circular que permite fabricar nuevas piezas para camiones y motores, optimizando costos y reduciendo el impacto ambiental.<\/p>\n<blockquote>\n<p style=\"text-align: center;\" data-pm-slice=\"1 1 []\">Ricardo Cardozo, presidente de Iveco Group Argentina expres\u00f3 sobre los proyectos: \u201cReconocemos la importancia de promover un ciclo de vida circular del producto donde los residuos se conviertan en recursos y se utilicen el mayor tiempo posible. Tenemos el objetivo de dise\u00f1ar todos los productos nuevos de acuerdo con las pautas de sostenibilidad y reciclabilidad, seguimos agregando valor a nuestros procesos y ahorro en las piezas productivas\u201d.<\/p>\n<\/blockquote>\n<h2>Producci\u00f3n sustentable &#8211; reciclaje de scrap para nuevas piezas<\/h2>\n<p>El proceso de reutilizaci\u00f3n se basa en el aprovechamiento del scrap industrial, es decir, los desechos generados durante la fabricaci\u00f3n de componentes. Mediante este sistema, los bloques y tapas de motor se transforman en volantes para los motores de FPT Industrial, mientras que el aluminio reciclado se destina a la fabricaci\u00f3n de carcasas de pedaleras para camiones medianos IVECO.<\/p>\n<p>&nbsp;<\/p>\n<div id='gallery-1' class='gallery galleryid-11003 gallery-columns-2 gallery-size-full'><figure class='gallery-item'>\n\t\t\t<div class='gallery-icon landscape'>\n\t\t\t\t<a href='https:\/\/autofans.com.ar\/index.php\/2025\/02\/03\/iveco-group-apuesta-por-la-economia-circular-en-su-produccion-industrial\/iveco\/'><img loading=\"lazy\" width=\"1000\" height=\"667\" src=\"https:\/\/autofans.com.ar\/wp-content\/uploads\/2025\/02\/iveco.jpg\" class=\"attachment-full size-full\" alt=\"Iveco Group\" aria-describedby=\"gallery-1-11007\" srcset=\"https:\/\/autofans.com.ar\/wp-content\/uploads\/2025\/02\/iveco.jpg 1000w, https:\/\/autofans.com.ar\/wp-content\/uploads\/2025\/02\/iveco-300x200.jpg 300w, https:\/\/autofans.com.ar\/wp-content\/uploads\/2025\/02\/iveco-768x512.jpg 768w\" sizes=\"auto, (max-width: 1000px) 100vw, 1000px\" loading=\"lazy\" decoding=\"async\" \/><\/a>\n\t\t\t<\/div>\n\t\t\t\t<figcaption class='wp-caption-text gallery-caption' id='gallery-1-11007'>\n\t\t\t\tEscurridero de punta de eje, la primera pieza fija de un cami\u00f3n realizada con material recuperado.\n\t\t\t\t<\/figcaption><\/figure><figure class='gallery-item'>\n\t\t\t<div class='gallery-icon landscape'>\n\t\t\t\t<a href='https:\/\/autofans.com.ar\/index.php\/2025\/02\/03\/iveco-group-apuesta-por-la-economia-circular-en-su-produccion-industrial\/iveco-2-19\/'><img loading=\"lazy\" width=\"1000\" height=\"667\" src=\"https:\/\/autofans.com.ar\/wp-content\/uploads\/2025\/02\/iveco-2.jpg\" class=\"attachment-full size-full\" alt=\"Iveco Group\" srcset=\"https:\/\/autofans.com.ar\/wp-content\/uploads\/2025\/02\/iveco-2.jpg 1000w, https:\/\/autofans.com.ar\/wp-content\/uploads\/2025\/02\/iveco-2-300x200.jpg 300w, https:\/\/autofans.com.ar\/wp-content\/uploads\/2025\/02\/iveco-2-768x512.jpg 768w\" sizes=\"auto, (max-width: 1000px) 100vw, 1000px\" loading=\"lazy\" decoding=\"async\" \/><\/a>\n\t\t\t<\/div><\/figure>\n\t\t<\/div>\n\n<p>&nbsp;<\/p>\n<p>La estrategia de sustentabilidad de Iveco Group sigue las premisas de las 5R: rechazar, reducir, reusar, reciclar y recuperar. En 2024, esta metodolog\u00eda permiti\u00f3 la reutilizaci\u00f3n de miles de kilos de residuos industriales, disminuyendo la generaci\u00f3n de desechos y generando un ahorro significativo en los costos de producci\u00f3n. Adem\u00e1s, los residuos no reutilizables internamente se env\u00edan a recicladores externos, promoviendo una cadena de valor sustentable.<\/p>\n<p>&nbsp;<\/p>\n<blockquote>\n<p style=\"text-align: center;\">Por su parte Germ\u00e1n Klipka, Gerente de EHS de Iveco Group, agreg\u00f3: \u201cEstos proyectos se suman a iniciativas previas como el &#8216;escurridero de punta de eje&#8217;, la primera pieza fija de cami\u00f3n realizada con materiales reciclados que fue reconocida por el Ministerio de Producci\u00f3n, Ciencia e Innovaci\u00f3n Tecnol\u00f3gica de la provincia de C\u00f3rdoba en los \u00faltimos Premios de la Industria. Se trata de un claro reflejo de nuestro compromiso de seguir innovando con soluciones sustentables en el futuro\u201d.<\/p>\n<\/blockquote>\n<p>&nbsp;<\/p>\n<h2>Iveco Group &#8211; resultados concretos de la Isla Ecol\u00f3gica<\/h2>\n<p>Entre septiembre y octubre de 2024, la Isla Ecol\u00f3gica entreg\u00f3 8.140 kg de scrap de aluminio para su reutilizaci\u00f3n en nuevas piezas. Por su parte, el proyecto de volantes de motores iniciado en septiembre permiti\u00f3 la venta de 64.840 kg de scrap de tapas y block de motor FPT Industrial, reduciendo costos de fabricaci\u00f3n y minimizando residuos.<\/p>\n<p><img fetchpriority=\"high\" decoding=\"async\" class=\"aligncenter wp-image-11004 size-full\" src=\"https:\/\/autofans.com.ar\/wp-content\/uploads\/2025\/02\/iveco-4.jpg\" alt=\"Iveco Group\" width=\"1000\" height=\"667\" srcset=\"https:\/\/autofans.com.ar\/wp-content\/uploads\/2025\/02\/iveco-4.jpg 1000w, https:\/\/autofans.com.ar\/wp-content\/uploads\/2025\/02\/iveco-4-300x200.jpg 300w, https:\/\/autofans.com.ar\/wp-content\/uploads\/2025\/02\/iveco-4-768x512.jpg 768w\" sizes=\"(max-width: 1000px) 100vw, 1000px\" \/><\/p>\n<p>Estas iniciativas son impulsadas por un equipo multidisciplinario que incluye \u00e1reas como Calidad, Compras, Producci\u00f3n, Ingenier\u00eda, Finanzas y EHS, as\u00ed como tambi\u00e9n proveedores externos que optimizan el aprovechamiento de materiales.<\/p>\n<p>&nbsp;<\/p>\n<blockquote>\n<p style=\"text-align: center;\">Magdalena Reyna, integrante del equipo de EHS de Iveco Group, coment\u00f3 sobre los nuevos proyectos: \u201cDesde la inauguraci\u00f3n de la Isla Ecol\u00f3gica, hemos impulsado proyectos de econom\u00eda circular transformando madera, pl\u00e1stico y cart\u00f3n en embalajes, regalos, juguetes y piezas de maniobra para camiones y buses. Incluir residuos en una pieza definitiva del cami\u00f3n o motor marca un salto hist\u00f3rico nosotros enmarcado dentro de nuestro compromiso con la sustentabilidad. Es un orgullo formar parte de una compa\u00f1\u00eda donde la colaboraci\u00f3n entre \u00e1reas y el apoyo de nuestros l\u00edderes hace posible convertir ideas en soluciones sostenibles.\u00bb<\/p>\n<\/blockquote>\n<p>&nbsp;<\/p>\n<p>Con una trayectoria consolidada en la reutilizaci\u00f3n de residuos, la Isla Ecol\u00f3gica de Iveco Group se posiciona como un pilar clave en la estrategia de sustentabilidad de la compa\u00f1\u00eda. La empresa sigue desarrollando proyectos de econom\u00eda circular para mejorar la eficiencia operativa y generar un impacto positivo en su cadena de valor.<\/p>\n<p>&nbsp;<\/p>\n<p>&nbsp;<\/p>\n<p>&nbsp;<\/p>\n<p><i>Para enterarte de m\u00e1s novedades, no dejes de leer\u00a0<\/i><a href=\"https:\/\/autofans.thebrandsoup.com\/\"><i>nuestras notas<\/i><\/a><i>, de ver<\/i><b><i>\u00a0<\/i><\/b><a href=\"https:\/\/www.youtube.com\/channel\/UCgAC8UGHZYbT6P7PpmVnP7g\"><b><i>AUTOFANS TV<\/i><\/b><\/a><b><i>\u00a0<\/i><\/b><i>en nuestro\u00a0canal de Youtube. Adem\u00e1s seguinos en\u00a0<\/i><a href=\"https:\/\/www.instagram.com\/autofanstv\/\"><i>INSTAGRAM<\/i><\/a><i> y <\/i><a href=\"https:\/\/www.facebook.com\/autofansmas\/\"><i>FACEBOOK<\/i><\/a><i> para no perderte nada sobre las novedades del segmento automotor de Argentina y el mundo.<\/i><\/p>\n","protected":false},"excerpt":{"rendered":"<p>Iveco Group refuerza su compromiso con la sustentabilidad a trav\u00e9s de la reutilizaci\u00f3n de residuos&#8230;<\/p>\n","protected":false},"author":2,"featured_media":11005,"comment_status":"closed","ping_status":"closed","sticky":false,"template":"","format":"standard","meta":{"footnotes":""},"categories":[292,16],"tags":[6012,6008,6009,6011,6010],"class_list":["post-11003","post","type-post","status-publish","format-standard","has-post-thumbnail","hentry","category-empresas","category-noticias","tag-fabricacion-de-motores-sustentables","tag-iveco-group-economia-circular","tag-reciclaje-industrial","tag-reutilizacion-de-scrap","tag-sustentabilidad-en-la-industria-automotriz"],"yoast_head":"<!-- This site is optimized with the Yoast SEO plugin v27.5 - https:\/\/yoast.com\/product\/yoast-seo-wordpress\/ -->\n<title>Iveco Group apuesta por la econom\u00eda circular en su producci\u00f3n industrial -<\/title>\n<meta name=\"description\" content=\"Iveco Group refuerza su compromiso con la sustentabilidad a trav\u00e9s de la reutilizaci\u00f3n de residuos industriales en su planta de C\u00f3rdoba...\" \/>\n<meta name=\"robots\" content=\"index, follow, max-snippet:-1, max-image-preview:large, max-video-preview:-1\" \/>\n<link rel=\"canonical\" href=\"https:\/\/autofans.com.ar\/index.php\/2025\/02\/03\/iveco-group-apuesta-por-la-economia-circular-en-su-produccion-industrial\/\" \/>\n<meta property=\"og:locale\" content=\"es_ES\" \/>\n<meta property=\"og:type\" content=\"article\" \/>\n<meta property=\"og:title\" content=\"Iveco Group apuesta por la econom\u00eda circular en su producci\u00f3n industrial -\" \/>\n<meta property=\"og:description\" content=\"Iveco Group refuerza su compromiso con la sustentabilidad a trav\u00e9s de la reutilizaci\u00f3n de residuos industriales en su planta de C\u00f3rdoba...\" \/>\n<meta property=\"og:url\" content=\"https:\/\/autofans.com.ar\/index.php\/2025\/02\/03\/iveco-group-apuesta-por-la-economia-circular-en-su-produccion-industrial\/\" \/>\n<meta property=\"article:published_time\" content=\"2025-02-03T16:57:56+00:00\" \/>\n<meta property=\"og:image\" content=\"https:\/\/autofans.com.ar\/wp-content\/uploads\/2025\/02\/iveco-3.jpg\" \/>\n\t<meta property=\"og:image:width\" content=\"1000\" \/>\n\t<meta property=\"og:image:height\" content=\"667\" \/>\n\t<meta property=\"og:image:type\" content=\"image\/jpeg\" \/>\n<meta name=\"author\" content=\"Alejandro Gabriel Rosito\" \/>\n<meta name=\"twitter:card\" content=\"summary_large_image\" \/>\n<meta name=\"twitter:label1\" content=\"Escrito por\" \/>\n\t<meta name=\"twitter:data1\" content=\"Alejandro Gabriel Rosito\" \/>\n\t<meta name=\"twitter:label2\" content=\"Tiempo de lectura\" \/>\n\t<meta name=\"twitter:data2\" content=\"3 minutos\" \/>\n<script type=\"application\/ld+json\" class=\"yoast-schema-graph\">{\"@context\":\"https:\\\/\\\/schema.org\",\"@graph\":[{\"@type\":\"Article\",\"@id\":\"https:\\\/\\\/autofans.com.ar\\\/index.php\\\/2025\\\/02\\\/03\\\/iveco-group-apuesta-por-la-economia-circular-en-su-produccion-industrial\\\/#article\",\"isPartOf\":{\"@id\":\"https:\\\/\\\/autofans.com.ar\\\/index.php\\\/2025\\\/02\\\/03\\\/iveco-group-apuesta-por-la-economia-circular-en-su-produccion-industrial\\\/\"},\"author\":{\"name\":\"Alejandro Gabriel Rosito\",\"@id\":\"https:\\\/\\\/autofans.com.ar\\\/#\\\/schema\\\/person\\\/4a8dda0b6df83ac3d6723e921274c2aa\"},\"headline\":\"Iveco Group apuesta por la econom\u00eda circular en su producci\u00f3n industrial\",\"datePublished\":\"2025-02-03T16:57:56+00:00\",\"mainEntityOfPage\":{\"@id\":\"https:\\\/\\\/autofans.com.ar\\\/index.php\\\/2025\\\/02\\\/03\\\/iveco-group-apuesta-por-la-economia-circular-en-su-produccion-industrial\\\/\"},\"wordCount\":682,\"image\":{\"@id\":\"https:\\\/\\\/autofans.com.ar\\\/index.php\\\/2025\\\/02\\\/03\\\/iveco-group-apuesta-por-la-economia-circular-en-su-produccion-industrial\\\/#primaryimage\"},\"thumbnailUrl\":\"https:\\\/\\\/autofans.com.ar\\\/wp-content\\\/uploads\\\/2025\\\/02\\\/iveco-3.jpg\",\"keywords\":[\"fabricaci\u00f3n de motores sustentables\",\"Iveco Group econom\u00eda circular\",\"reciclaje industrial\",\"reutilizaci\u00f3n de scrap\",\"sustentabilidad en la industria automotriz\"],\"articleSection\":[\"EMPRESAS\",\"NOTICIAS\"],\"inLanguage\":\"es\"},{\"@type\":\"WebPage\",\"@id\":\"https:\\\/\\\/autofans.com.ar\\\/index.php\\\/2025\\\/02\\\/03\\\/iveco-group-apuesta-por-la-economia-circular-en-su-produccion-industrial\\\/\",\"url\":\"https:\\\/\\\/autofans.com.ar\\\/index.php\\\/2025\\\/02\\\/03\\\/iveco-group-apuesta-por-la-economia-circular-en-su-produccion-industrial\\\/\",\"name\":\"Iveco Group apuesta por la econom\u00eda circular en su producci\u00f3n industrial -\",\"isPartOf\":{\"@id\":\"https:\\\/\\\/autofans.com.ar\\\/#website\"},\"primaryImageOfPage\":{\"@id\":\"https:\\\/\\\/autofans.com.ar\\\/index.php\\\/2025\\\/02\\\/03\\\/iveco-group-apuesta-por-la-economia-circular-en-su-produccion-industrial\\\/#primaryimage\"},\"image\":{\"@id\":\"https:\\\/\\\/autofans.com.ar\\\/index.php\\\/2025\\\/02\\\/03\\\/iveco-group-apuesta-por-la-economia-circular-en-su-produccion-industrial\\\/#primaryimage\"},\"thumbnailUrl\":\"https:\\\/\\\/autofans.com.ar\\\/wp-content\\\/uploads\\\/2025\\\/02\\\/iveco-3.jpg\",\"datePublished\":\"2025-02-03T16:57:56+00:00\",\"author\":{\"@id\":\"https:\\\/\\\/autofans.com.ar\\\/#\\\/schema\\\/person\\\/4a8dda0b6df83ac3d6723e921274c2aa\"},\"description\":\"Iveco Group refuerza su compromiso con la sustentabilidad a trav\u00e9s de la reutilizaci\u00f3n de residuos industriales en su planta de C\u00f3rdoba...\",\"breadcrumb\":{\"@id\":\"https:\\\/\\\/autofans.com.ar\\\/index.php\\\/2025\\\/02\\\/03\\\/iveco-group-apuesta-por-la-economia-circular-en-su-produccion-industrial\\\/#breadcrumb\"},\"inLanguage\":\"es\",\"potentialAction\":[{\"@type\":\"ReadAction\",\"target\":[\"https:\\\/\\\/autofans.com.ar\\\/index.php\\\/2025\\\/02\\\/03\\\/iveco-group-apuesta-por-la-economia-circular-en-su-produccion-industrial\\\/\"]}]},{\"@type\":\"ImageObject\",\"inLanguage\":\"es\",\"@id\":\"https:\\\/\\\/autofans.com.ar\\\/index.php\\\/2025\\\/02\\\/03\\\/iveco-group-apuesta-por-la-economia-circular-en-su-produccion-industrial\\\/#primaryimage\",\"url\":\"https:\\\/\\\/autofans.com.ar\\\/wp-content\\\/uploads\\\/2025\\\/02\\\/iveco-3.jpg\",\"contentUrl\":\"https:\\\/\\\/autofans.com.ar\\\/wp-content\\\/uploads\\\/2025\\\/02\\\/iveco-3.jpg\",\"width\":1000,\"height\":667,\"caption\":\"Iveco Group\"},{\"@type\":\"BreadcrumbList\",\"@id\":\"https:\\\/\\\/autofans.com.ar\\\/index.php\\\/2025\\\/02\\\/03\\\/iveco-group-apuesta-por-la-economia-circular-en-su-produccion-industrial\\\/#breadcrumb\",\"itemListElement\":[{\"@type\":\"ListItem\",\"position\":1,\"name\":\"Inicio\",\"item\":\"https:\\\/\\\/autofans.com.ar\\\/\"},{\"@type\":\"ListItem\",\"position\":2,\"name\":\"Iveco Group apuesta por la econom\u00eda circular en su producci\u00f3n industrial\"}]},{\"@type\":\"WebSite\",\"@id\":\"https:\\\/\\\/autofans.com.ar\\\/#website\",\"url\":\"https:\\\/\\\/autofans.com.ar\\\/\",\"name\":\"\",\"description\":\"El multimedio referente de la industria automotriz\",\"potentialAction\":[{\"@type\":\"SearchAction\",\"target\":{\"@type\":\"EntryPoint\",\"urlTemplate\":\"https:\\\/\\\/autofans.com.ar\\\/?s={search_term_string}\"},\"query-input\":{\"@type\":\"PropertyValueSpecification\",\"valueRequired\":true,\"valueName\":\"search_term_string\"}}],\"inLanguage\":\"es\"},{\"@type\":\"Person\",\"@id\":\"https:\\\/\\\/autofans.com.ar\\\/#\\\/schema\\\/person\\\/4a8dda0b6df83ac3d6723e921274c2aa\",\"name\":\"Alejandro Gabriel Rosito\",\"image\":{\"@type\":\"ImageObject\",\"inLanguage\":\"es\",\"@id\":\"https:\\\/\\\/secure.gravatar.com\\\/avatar\\\/16c5dda1489adfc62618084dcbb91cffd879c374b13fe5dd8e44ed6733852c88?s=96&d=mm&r=g\",\"url\":\"https:\\\/\\\/secure.gravatar.com\\\/avatar\\\/16c5dda1489adfc62618084dcbb91cffd879c374b13fe5dd8e44ed6733852c88?s=96&d=mm&r=g\",\"contentUrl\":\"https:\\\/\\\/secure.gravatar.com\\\/avatar\\\/16c5dda1489adfc62618084dcbb91cffd879c374b13fe5dd8e44ed6733852c88?s=96&d=mm&r=g\",\"caption\":\"Alejandro Gabriel Rosito\"},\"url\":\"https:\\\/\\\/autofans.com.ar\\\/index.php\\\/author\\\/gabrielr\\\/\"}]}<\/script>\n<!-- \/ Yoast SEO plugin. -->","yoast_head_json":{"title":"Iveco Group apuesta por la econom\u00eda circular en su producci\u00f3n industrial -","description":"Iveco Group refuerza su compromiso con la sustentabilidad a trav\u00e9s de la reutilizaci\u00f3n de residuos industriales en su planta de C\u00f3rdoba...","robots":{"index":"index","follow":"follow","max-snippet":"max-snippet:-1","max-image-preview":"max-image-preview:large","max-video-preview":"max-video-preview:-1"},"canonical":"https:\/\/autofans.com.ar\/index.php\/2025\/02\/03\/iveco-group-apuesta-por-la-economia-circular-en-su-produccion-industrial\/","og_locale":"es_ES","og_type":"article","og_title":"Iveco Group apuesta por la econom\u00eda circular en su producci\u00f3n industrial -","og_description":"Iveco Group refuerza su compromiso con la sustentabilidad a trav\u00e9s de la reutilizaci\u00f3n de residuos industriales en su planta de C\u00f3rdoba...","og_url":"https:\/\/autofans.com.ar\/index.php\/2025\/02\/03\/iveco-group-apuesta-por-la-economia-circular-en-su-produccion-industrial\/","article_published_time":"2025-02-03T16:57:56+00:00","og_image":[{"width":1000,"height":667,"url":"https:\/\/autofans.com.ar\/wp-content\/uploads\/2025\/02\/iveco-3.jpg","type":"image\/jpeg"}],"author":"Alejandro Gabriel Rosito","twitter_card":"summary_large_image","twitter_misc":{"Escrito por":"Alejandro Gabriel Rosito","Tiempo de lectura":"3 minutos"},"schema":{"@context":"https:\/\/schema.org","@graph":[{"@type":"Article","@id":"https:\/\/autofans.com.ar\/index.php\/2025\/02\/03\/iveco-group-apuesta-por-la-economia-circular-en-su-produccion-industrial\/#article","isPartOf":{"@id":"https:\/\/autofans.com.ar\/index.php\/2025\/02\/03\/iveco-group-apuesta-por-la-economia-circular-en-su-produccion-industrial\/"},"author":{"name":"Alejandro Gabriel Rosito","@id":"https:\/\/autofans.com.ar\/#\/schema\/person\/4a8dda0b6df83ac3d6723e921274c2aa"},"headline":"Iveco Group apuesta por la econom\u00eda circular en su producci\u00f3n industrial","datePublished":"2025-02-03T16:57:56+00:00","mainEntityOfPage":{"@id":"https:\/\/autofans.com.ar\/index.php\/2025\/02\/03\/iveco-group-apuesta-por-la-economia-circular-en-su-produccion-industrial\/"},"wordCount":682,"image":{"@id":"https:\/\/autofans.com.ar\/index.php\/2025\/02\/03\/iveco-group-apuesta-por-la-economia-circular-en-su-produccion-industrial\/#primaryimage"},"thumbnailUrl":"https:\/\/autofans.com.ar\/wp-content\/uploads\/2025\/02\/iveco-3.jpg","keywords":["fabricaci\u00f3n de motores sustentables","Iveco Group econom\u00eda circular","reciclaje industrial","reutilizaci\u00f3n de scrap","sustentabilidad en la industria automotriz"],"articleSection":["EMPRESAS","NOTICIAS"],"inLanguage":"es"},{"@type":"WebPage","@id":"https:\/\/autofans.com.ar\/index.php\/2025\/02\/03\/iveco-group-apuesta-por-la-economia-circular-en-su-produccion-industrial\/","url":"https:\/\/autofans.com.ar\/index.php\/2025\/02\/03\/iveco-group-apuesta-por-la-economia-circular-en-su-produccion-industrial\/","name":"Iveco Group apuesta por la econom\u00eda circular en su producci\u00f3n industrial -","isPartOf":{"@id":"https:\/\/autofans.com.ar\/#website"},"primaryImageOfPage":{"@id":"https:\/\/autofans.com.ar\/index.php\/2025\/02\/03\/iveco-group-apuesta-por-la-economia-circular-en-su-produccion-industrial\/#primaryimage"},"image":{"@id":"https:\/\/autofans.com.ar\/index.php\/2025\/02\/03\/iveco-group-apuesta-por-la-economia-circular-en-su-produccion-industrial\/#primaryimage"},"thumbnailUrl":"https:\/\/autofans.com.ar\/wp-content\/uploads\/2025\/02\/iveco-3.jpg","datePublished":"2025-02-03T16:57:56+00:00","author":{"@id":"https:\/\/autofans.com.ar\/#\/schema\/person\/4a8dda0b6df83ac3d6723e921274c2aa"},"description":"Iveco Group refuerza su compromiso con la sustentabilidad a trav\u00e9s de la reutilizaci\u00f3n de residuos industriales en su planta de C\u00f3rdoba...","breadcrumb":{"@id":"https:\/\/autofans.com.ar\/index.php\/2025\/02\/03\/iveco-group-apuesta-por-la-economia-circular-en-su-produccion-industrial\/#breadcrumb"},"inLanguage":"es","potentialAction":[{"@type":"ReadAction","target":["https:\/\/autofans.com.ar\/index.php\/2025\/02\/03\/iveco-group-apuesta-por-la-economia-circular-en-su-produccion-industrial\/"]}]},{"@type":"ImageObject","inLanguage":"es","@id":"https:\/\/autofans.com.ar\/index.php\/2025\/02\/03\/iveco-group-apuesta-por-la-economia-circular-en-su-produccion-industrial\/#primaryimage","url":"https:\/\/autofans.com.ar\/wp-content\/uploads\/2025\/02\/iveco-3.jpg","contentUrl":"https:\/\/autofans.com.ar\/wp-content\/uploads\/2025\/02\/iveco-3.jpg","width":1000,"height":667,"caption":"Iveco Group"},{"@type":"BreadcrumbList","@id":"https:\/\/autofans.com.ar\/index.php\/2025\/02\/03\/iveco-group-apuesta-por-la-economia-circular-en-su-produccion-industrial\/#breadcrumb","itemListElement":[{"@type":"ListItem","position":1,"name":"Inicio","item":"https:\/\/autofans.com.ar\/"},{"@type":"ListItem","position":2,"name":"Iveco Group apuesta por la econom\u00eda circular en su producci\u00f3n industrial"}]},{"@type":"WebSite","@id":"https:\/\/autofans.com.ar\/#website","url":"https:\/\/autofans.com.ar\/","name":"","description":"El multimedio referente de la industria automotriz","potentialAction":[{"@type":"SearchAction","target":{"@type":"EntryPoint","urlTemplate":"https:\/\/autofans.com.ar\/?s={search_term_string}"},"query-input":{"@type":"PropertyValueSpecification","valueRequired":true,"valueName":"search_term_string"}}],"inLanguage":"es"},{"@type":"Person","@id":"https:\/\/autofans.com.ar\/#\/schema\/person\/4a8dda0b6df83ac3d6723e921274c2aa","name":"Alejandro Gabriel Rosito","image":{"@type":"ImageObject","inLanguage":"es","@id":"https:\/\/secure.gravatar.com\/avatar\/16c5dda1489adfc62618084dcbb91cffd879c374b13fe5dd8e44ed6733852c88?s=96&d=mm&r=g","url":"https:\/\/secure.gravatar.com\/avatar\/16c5dda1489adfc62618084dcbb91cffd879c374b13fe5dd8e44ed6733852c88?s=96&d=mm&r=g","contentUrl":"https:\/\/secure.gravatar.com\/avatar\/16c5dda1489adfc62618084dcbb91cffd879c374b13fe5dd8e44ed6733852c88?s=96&d=mm&r=g","caption":"Alejandro Gabriel Rosito"},"url":"https:\/\/autofans.com.ar\/index.php\/author\/gabrielr\/"}]}},"featured_image_urls":{"full":["https:\/\/autofans.com.ar\/wp-content\/uploads\/2025\/02\/iveco-3.jpg",1000,667,false],"thumbnail":["https:\/\/autofans.com.ar\/wp-content\/uploads\/2025\/02\/iveco-3-150x150.jpg",150,150,true],"medium":["https:\/\/autofans.com.ar\/wp-content\/uploads\/2025\/02\/iveco-3-300x200.jpg",300,200,true],"medium_large":["https:\/\/autofans.com.ar\/wp-content\/uploads\/2025\/02\/iveco-3-768x512.jpg",640,427,true],"large":["https:\/\/autofans.com.ar\/wp-content\/uploads\/2025\/02\/iveco-3.jpg",640,427,false],"1536x1536":["https:\/\/autofans.com.ar\/wp-content\/uploads\/2025\/02\/iveco-3.jpg",1000,667,false],"2048x2048":["https:\/\/autofans.com.ar\/wp-content\/uploads\/2025\/02\/iveco-3.jpg",1000,667,false],"covernews-featured":["https:\/\/autofans.com.ar\/wp-content\/uploads\/2025\/02\/iveco-3.jpg",1000,667,false],"covernews-medium":["https:\/\/autofans.com.ar\/wp-content\/uploads\/2025\/02\/iveco-3-540x340.jpg",540,340,true]},"author_info":{"display_name":"Alejandro Gabriel Rosito","author_link":"https:\/\/autofans.com.ar\/index.php\/author\/gabrielr\/"},"category_info":"<a href=\"https:\/\/autofans.com.ar\/index.php\/category\/noticias\/empresas\/\" rel=\"category tag\">EMPRESAS<\/a> <a href=\"https:\/\/autofans.com.ar\/index.php\/category\/noticias\/\" rel=\"category tag\">NOTICIAS<\/a>","tag_info":"NOTICIAS","comment_count":0,"_links":{"self":[{"href":"https:\/\/autofans.com.ar\/index.php\/wp-json\/wp\/v2\/posts\/11003","targetHints":{"allow":["GET"]}}],"collection":[{"href":"https:\/\/autofans.com.ar\/index.php\/wp-json\/wp\/v2\/posts"}],"about":[{"href":"https:\/\/autofans.com.ar\/index.php\/wp-json\/wp\/v2\/types\/post"}],"author":[{"embeddable":true,"href":"https:\/\/autofans.com.ar\/index.php\/wp-json\/wp\/v2\/users\/2"}],"replies":[{"embeddable":true,"href":"https:\/\/autofans.com.ar\/index.php\/wp-json\/wp\/v2\/comments?post=11003"}],"version-history":[{"count":3,"href":"https:\/\/autofans.com.ar\/index.php\/wp-json\/wp\/v2\/posts\/11003\/revisions"}],"predecessor-version":[{"id":11010,"href":"https:\/\/autofans.com.ar\/index.php\/wp-json\/wp\/v2\/posts\/11003\/revisions\/11010"}],"wp:featuredmedia":[{"embeddable":true,"href":"https:\/\/autofans.com.ar\/index.php\/wp-json\/wp\/v2\/media\/11005"}],"wp:attachment":[{"href":"https:\/\/autofans.com.ar\/index.php\/wp-json\/wp\/v2\/media?parent=11003"}],"wp:term":[{"taxonomy":"category","embeddable":true,"href":"https:\/\/autofans.com.ar\/index.php\/wp-json\/wp\/v2\/categories?post=11003"},{"taxonomy":"post_tag","embeddable":true,"href":"https:\/\/autofans.com.ar\/index.php\/wp-json\/wp\/v2\/tags?post=11003"}],"curies":[{"name":"wp","href":"https:\/\/api.w.org\/{rel}","templated":true}]}}