{"id":11011,"date":"2025-02-03T16:56:03","date_gmt":"2025-02-03T19:56:03","guid":{"rendered":"https:\/\/autofans.com.ar\/?p=11011"},"modified":"2025-02-03T16:56:03","modified_gmt":"2025-02-03T19:56:03","slug":"139-anos-del-primer-automovil-el-legado-de-carl-benz","status":"publish","type":"post","link":"https:\/\/autofans.com.ar\/index.php\/2025\/02\/03\/139-anos-del-primer-automovil-el-legado-de-carl-benz\/","title":{"rendered":"139 a\u00f1os del primer autom\u00f3vil, el legado de Carl Benz"},"content":{"rendered":"<p data-pm-slice=\"1 1 []\">El 29 de enero de 1886, Carl Benz patent\u00f3 el primer autom\u00f3vil de la historia, un triciclo motorizado que marc\u00f3 el inicio de la era del transporte moderno. A 139 a\u00f1os de aquel momento, su legado sigue vigente en la industria automotriz.<\/p>\n<p data-pm-slice=\"1 1 []\"><span style=\"color: #ffffff;\">.<\/span><\/p>\n<h2>Carl Benz y un invento revolucionario<\/h2>\n<p>Bajo la patente DRP 37435, Carl Benz present\u00f3 su innovador veh\u00edculo de tres ruedas impulsado por un motor de combusti\u00f3n interna. Equipado con un motor monocil\u00edndrico de cuatro tiempos, 954 cc de cilindrada y una velocidad de hasta 16 km\/h, este invento transform\u00f3 para siempre la movilidad.<\/p>\n<p>&nbsp;<\/p>\n<figure id=\"attachment_11014\" aria-describedby=\"caption-attachment-11014\" style=\"width: 1000px\" class=\"wp-caption aligncenter\"><img fetchpriority=\"high\" decoding=\"async\" class=\"wp-image-11014 size-full\" src=\"https:\/\/autofans.com.ar\/wp-content\/uploads\/2025\/02\/benz-1.jpg\" alt=\"Carl Benz\" width=\"1000\" height=\"667\" srcset=\"https:\/\/autofans.com.ar\/wp-content\/uploads\/2025\/02\/benz-1.jpg 1000w, https:\/\/autofans.com.ar\/wp-content\/uploads\/2025\/02\/benz-1-300x200.jpg 300w, https:\/\/autofans.com.ar\/wp-content\/uploads\/2025\/02\/benz-1-768x512.jpg 768w\" sizes=\"(max-width: 1000px) 100vw, 1000px\" \/><figcaption id=\"caption-attachment-11014\" class=\"wp-caption-text\">Certificado primer automovil<\/figcaption><\/figure>\n<p>&nbsp;<\/p>\n<p>La primera demostraci\u00f3n p\u00fablica tuvo lugar el 3 de julio de 1886 en Mannheim, Alemania. Sin embargo, fue Bertha Benz, esposa del inventor, quien populariz\u00f3 el autom\u00f3vil al recorrer m\u00e1s de 100 kil\u00f3metros en un viaje hist\u00f3rico para probar su viabilidad.<\/p>\n<p>&nbsp;<\/p>\n<h2>El impacto en la industria automotriz<\/h2>\n<p>&nbsp;<\/p>\n<figure id=\"attachment_11012\" aria-describedby=\"caption-attachment-11012\" style=\"width: 1000px\" class=\"wp-caption aligncenter\"><img decoding=\"async\" class=\"wp-image-11012 size-full\" src=\"https:\/\/autofans.com.ar\/wp-content\/uploads\/2025\/02\/benz-3.jpg\" alt=\"Carl Benz\" width=\"1000\" height=\"667\" srcset=\"https:\/\/autofans.com.ar\/wp-content\/uploads\/2025\/02\/benz-3.jpg 1000w, https:\/\/autofans.com.ar\/wp-content\/uploads\/2025\/02\/benz-3-300x200.jpg 300w, https:\/\/autofans.com.ar\/wp-content\/uploads\/2025\/02\/benz-3-768x512.jpg 768w\" sizes=\"(max-width: 1000px) 100vw, 1000px\" \/><figcaption id=\"caption-attachment-11012\" class=\"wp-caption-text\">La patente del primer automovil Benz<\/figcaption><\/figure>\n<p>&nbsp;<\/p>\n<p>El legado de Carl y Bertha Benz sent\u00f3 las bases de la industria automotriz moderna. Su esp\u00edritu innovador contin\u00faa inspirando a Mercedes-Benz, que hoy reafirma su compromiso con la movilidad sustentable y la evoluci\u00f3n tecnol\u00f3gica. A 139 a\u00f1os de la patente del primer autom\u00f3vil, la marca sigue liderando la transformaci\u00f3n del transporte.<\/p>\n<p>&nbsp;<\/p>\n<p>&nbsp;<\/p>\n<p>&nbsp;<\/p>\n<p><i>Para enterarte de m\u00e1s novedades, no dejes de leer\u00a0<\/i><a href=\"https:\/\/autofans.thebrandsoup.com\/\"><i>nuestras notas<\/i><\/a><i>, de ver<\/i><b><i>\u00a0<\/i><\/b><a href=\"https:\/\/www.youtube.com\/channel\/UCgAC8UGHZYbT6P7PpmVnP7g\"><b><i>AUTOFANS TV<\/i><\/b><\/a><b><i>\u00a0<\/i><\/b><i>en nuestro\u00a0canal de Youtube. Adem\u00e1s seguinos en\u00a0<\/i><a href=\"https:\/\/www.instagram.com\/autofanstv\/\"><i>INSTAGRAM<\/i><\/a><i> y <\/i><a href=\"https:\/\/www.facebook.com\/autofansmas\/\"><i>FACEBOOK<\/i><\/a><i> para no perderte nada sobre las novedades del segmento automotor de Argentina y el mundo.<\/i><\/p>\n","protected":false},"excerpt":{"rendered":"<p>El 29 de enero de 1886, Carl Benz patent\u00f3 el primer autom\u00f3vil de la historia,&#8230;<\/p>\n","protected":false},"author":2,"featured_media":11013,"comment_status":"closed","ping_status":"closed","sticky":false,"template":"","format":"standard","meta":{"footnotes":""},"categories":[292,16],"tags":[3492,3491,2891,6014,364,731,3493,6013],"class_list":["post-11011","post","type-post","status-publish","format-standard","has-post-thumbnail","hentry","category-empresas","category-noticias","tag-bertha-benz","tag-carl-benz","tag-historia-del-automovil","tag-inventos-historicos","tag-mercedes-benz","tag-movilidad","tag-primer-automovil","tag-revolucion-automotriz"],"yoast_head":"<!-- This site is optimized with the Yoast SEO plugin v27.5 - https:\/\/yoast.com\/product\/yoast-seo-wordpress\/ -->\n<title>139 a\u00f1os del primer autom\u00f3vil, el legado de Carl Benz -<\/title>\n<meta name=\"description\" content=\"El 29 de enero de 1886, Carl Benz patent\u00f3 el primer autom\u00f3vil de la historia, un triciclo motorizado que marc\u00f3 el inicio del transporte...\" \/>\n<meta name=\"robots\" content=\"index, follow, max-snippet:-1, max-image-preview:large, max-video-preview:-1\" \/>\n<link rel=\"canonical\" href=\"https:\/\/autofans.com.ar\/index.php\/2025\/02\/03\/139-anos-del-primer-automovil-el-legado-de-carl-benz\/\" \/>\n<meta property=\"og:locale\" content=\"es_ES\" \/>\n<meta property=\"og:type\" content=\"article\" \/>\n<meta property=\"og:title\" content=\"139 a\u00f1os del primer autom\u00f3vil, el legado de Carl Benz -\" \/>\n<meta property=\"og:description\" content=\"El 29 de enero de 1886, Carl Benz patent\u00f3 el primer autom\u00f3vil de la historia, un triciclo motorizado que marc\u00f3 el inicio del transporte...\" \/>\n<meta property=\"og:url\" content=\"https:\/\/autofans.com.ar\/index.php\/2025\/02\/03\/139-anos-del-primer-automovil-el-legado-de-carl-benz\/\" \/>\n<meta property=\"article:published_time\" content=\"2025-02-03T19:56:03+00:00\" \/>\n<meta property=\"og:image\" content=\"https:\/\/autofans.com.ar\/wp-content\/uploads\/2025\/02\/benz-2.jpg\" \/>\n\t<meta property=\"og:image:width\" content=\"1000\" \/>\n\t<meta property=\"og:image:height\" content=\"667\" \/>\n\t<meta property=\"og:image:type\" content=\"image\/jpeg\" \/>\n<meta name=\"author\" content=\"Alejandro Gabriel Rosito\" \/>\n<meta name=\"twitter:card\" content=\"summary_large_image\" \/>\n<meta name=\"twitter:label1\" content=\"Escrito por\" \/>\n\t<meta name=\"twitter:data1\" content=\"Alejandro Gabriel Rosito\" \/>\n\t<meta name=\"twitter:label2\" content=\"Tiempo de lectura\" \/>\n\t<meta name=\"twitter:data2\" content=\"2 minutos\" \/>\n<script type=\"application\/ld+json\" class=\"yoast-schema-graph\">{\"@context\":\"https:\\\/\\\/schema.org\",\"@graph\":[{\"@type\":\"Article\",\"@id\":\"https:\\\/\\\/autofans.com.ar\\\/index.php\\\/2025\\\/02\\\/03\\\/139-anos-del-primer-automovil-el-legado-de-carl-benz\\\/#article\",\"isPartOf\":{\"@id\":\"https:\\\/\\\/autofans.com.ar\\\/index.php\\\/2025\\\/02\\\/03\\\/139-anos-del-primer-automovil-el-legado-de-carl-benz\\\/\"},\"author\":{\"name\":\"Alejandro Gabriel Rosito\",\"@id\":\"https:\\\/\\\/autofans.com.ar\\\/#\\\/schema\\\/person\\\/4a8dda0b6df83ac3d6723e921274c2aa\"},\"headline\":\"139 a\u00f1os del primer autom\u00f3vil, el legado de Carl Benz\",\"datePublished\":\"2025-02-03T19:56:03+00:00\",\"mainEntityOfPage\":{\"@id\":\"https:\\\/\\\/autofans.com.ar\\\/index.php\\\/2025\\\/02\\\/03\\\/139-anos-del-primer-automovil-el-legado-de-carl-benz\\\/\"},\"wordCount\":288,\"image\":{\"@id\":\"https:\\\/\\\/autofans.com.ar\\\/index.php\\\/2025\\\/02\\\/03\\\/139-anos-del-primer-automovil-el-legado-de-carl-benz\\\/#primaryimage\"},\"thumbnailUrl\":\"https:\\\/\\\/autofans.com.ar\\\/wp-content\\\/uploads\\\/2025\\\/02\\\/benz-2.jpg\",\"keywords\":[\"Bertha Benz\",\"Carl Benz\",\"historia del autom\u00f3vil\",\"inventos hist\u00f3ricos\",\"Mercedes-Benz\",\"movilidad\",\"Primer autom\u00f3vil\",\"revoluci\u00f3n automotriz\"],\"articleSection\":[\"EMPRESAS\",\"NOTICIAS\"],\"inLanguage\":\"es\"},{\"@type\":\"WebPage\",\"@id\":\"https:\\\/\\\/autofans.com.ar\\\/index.php\\\/2025\\\/02\\\/03\\\/139-anos-del-primer-automovil-el-legado-de-carl-benz\\\/\",\"url\":\"https:\\\/\\\/autofans.com.ar\\\/index.php\\\/2025\\\/02\\\/03\\\/139-anos-del-primer-automovil-el-legado-de-carl-benz\\\/\",\"name\":\"139 a\u00f1os del primer autom\u00f3vil, el legado de Carl Benz -\",\"isPartOf\":{\"@id\":\"https:\\\/\\\/autofans.com.ar\\\/#website\"},\"primaryImageOfPage\":{\"@id\":\"https:\\\/\\\/autofans.com.ar\\\/index.php\\\/2025\\\/02\\\/03\\\/139-anos-del-primer-automovil-el-legado-de-carl-benz\\\/#primaryimage\"},\"image\":{\"@id\":\"https:\\\/\\\/autofans.com.ar\\\/index.php\\\/2025\\\/02\\\/03\\\/139-anos-del-primer-automovil-el-legado-de-carl-benz\\\/#primaryimage\"},\"thumbnailUrl\":\"https:\\\/\\\/autofans.com.ar\\\/wp-content\\\/uploads\\\/2025\\\/02\\\/benz-2.jpg\",\"datePublished\":\"2025-02-03T19:56:03+00:00\",\"author\":{\"@id\":\"https:\\\/\\\/autofans.com.ar\\\/#\\\/schema\\\/person\\\/4a8dda0b6df83ac3d6723e921274c2aa\"},\"description\":\"El 29 de enero de 1886, Carl Benz patent\u00f3 el primer autom\u00f3vil de la historia, un triciclo motorizado que marc\u00f3 el inicio del transporte...\",\"breadcrumb\":{\"@id\":\"https:\\\/\\\/autofans.com.ar\\\/index.php\\\/2025\\\/02\\\/03\\\/139-anos-del-primer-automovil-el-legado-de-carl-benz\\\/#breadcrumb\"},\"inLanguage\":\"es\",\"potentialAction\":[{\"@type\":\"ReadAction\",\"target\":[\"https:\\\/\\\/autofans.com.ar\\\/index.php\\\/2025\\\/02\\\/03\\\/139-anos-del-primer-automovil-el-legado-de-carl-benz\\\/\"]}]},{\"@type\":\"ImageObject\",\"inLanguage\":\"es\",\"@id\":\"https:\\\/\\\/autofans.com.ar\\\/index.php\\\/2025\\\/02\\\/03\\\/139-anos-del-primer-automovil-el-legado-de-carl-benz\\\/#primaryimage\",\"url\":\"https:\\\/\\\/autofans.com.ar\\\/wp-content\\\/uploads\\\/2025\\\/02\\\/benz-2.jpg\",\"contentUrl\":\"https:\\\/\\\/autofans.com.ar\\\/wp-content\\\/uploads\\\/2025\\\/02\\\/benz-2.jpg\",\"width\":1000,\"height\":667,\"caption\":\"Carl Benz\"},{\"@type\":\"BreadcrumbList\",\"@id\":\"https:\\\/\\\/autofans.com.ar\\\/index.php\\\/2025\\\/02\\\/03\\\/139-anos-del-primer-automovil-el-legado-de-carl-benz\\\/#breadcrumb\",\"itemListElement\":[{\"@type\":\"ListItem\",\"position\":1,\"name\":\"Inicio\",\"item\":\"https:\\\/\\\/autofans.com.ar\\\/\"},{\"@type\":\"ListItem\",\"position\":2,\"name\":\"139 a\u00f1os del primer autom\u00f3vil, el legado de Carl Benz\"}]},{\"@type\":\"WebSite\",\"@id\":\"https:\\\/\\\/autofans.com.ar\\\/#website\",\"url\":\"https:\\\/\\\/autofans.com.ar\\\/\",\"name\":\"\",\"description\":\"El multimedio referente de la industria automotriz\",\"potentialAction\":[{\"@type\":\"SearchAction\",\"target\":{\"@type\":\"EntryPoint\",\"urlTemplate\":\"https:\\\/\\\/autofans.com.ar\\\/?s={search_term_string}\"},\"query-input\":{\"@type\":\"PropertyValueSpecification\",\"valueRequired\":true,\"valueName\":\"search_term_string\"}}],\"inLanguage\":\"es\"},{\"@type\":\"Person\",\"@id\":\"https:\\\/\\\/autofans.com.ar\\\/#\\\/schema\\\/person\\\/4a8dda0b6df83ac3d6723e921274c2aa\",\"name\":\"Alejandro Gabriel Rosito\",\"image\":{\"@type\":\"ImageObject\",\"inLanguage\":\"es\",\"@id\":\"https:\\\/\\\/secure.gravatar.com\\\/avatar\\\/16c5dda1489adfc62618084dcbb91cffd879c374b13fe5dd8e44ed6733852c88?s=96&d=mm&r=g\",\"url\":\"https:\\\/\\\/secure.gravatar.com\\\/avatar\\\/16c5dda1489adfc62618084dcbb91cffd879c374b13fe5dd8e44ed6733852c88?s=96&d=mm&r=g\",\"contentUrl\":\"https:\\\/\\\/secure.gravatar.com\\\/avatar\\\/16c5dda1489adfc62618084dcbb91cffd879c374b13fe5dd8e44ed6733852c88?s=96&d=mm&r=g\",\"caption\":\"Alejandro Gabriel Rosito\"},\"url\":\"https:\\\/\\\/autofans.com.ar\\\/index.php\\\/author\\\/gabrielr\\\/\"}]}<\/script>\n<!-- \/ Yoast SEO plugin. -->","yoast_head_json":{"title":"139 a\u00f1os del primer autom\u00f3vil, el legado de Carl Benz -","description":"El 29 de enero de 1886, Carl Benz patent\u00f3 el primer autom\u00f3vil de la historia, un triciclo motorizado que marc\u00f3 el inicio del transporte...","robots":{"index":"index","follow":"follow","max-snippet":"max-snippet:-1","max-image-preview":"max-image-preview:large","max-video-preview":"max-video-preview:-1"},"canonical":"https:\/\/autofans.com.ar\/index.php\/2025\/02\/03\/139-anos-del-primer-automovil-el-legado-de-carl-benz\/","og_locale":"es_ES","og_type":"article","og_title":"139 a\u00f1os del primer autom\u00f3vil, el legado de Carl Benz -","og_description":"El 29 de enero de 1886, Carl Benz patent\u00f3 el primer autom\u00f3vil de la historia, un triciclo motorizado que marc\u00f3 el inicio del transporte...","og_url":"https:\/\/autofans.com.ar\/index.php\/2025\/02\/03\/139-anos-del-primer-automovil-el-legado-de-carl-benz\/","article_published_time":"2025-02-03T19:56:03+00:00","og_image":[{"width":1000,"height":667,"url":"https:\/\/autofans.com.ar\/wp-content\/uploads\/2025\/02\/benz-2.jpg","type":"image\/jpeg"}],"author":"Alejandro Gabriel Rosito","twitter_card":"summary_large_image","twitter_misc":{"Escrito por":"Alejandro Gabriel Rosito","Tiempo de lectura":"2 minutos"},"schema":{"@context":"https:\/\/schema.org","@graph":[{"@type":"Article","@id":"https:\/\/autofans.com.ar\/index.php\/2025\/02\/03\/139-anos-del-primer-automovil-el-legado-de-carl-benz\/#article","isPartOf":{"@id":"https:\/\/autofans.com.ar\/index.php\/2025\/02\/03\/139-anos-del-primer-automovil-el-legado-de-carl-benz\/"},"author":{"name":"Alejandro Gabriel Rosito","@id":"https:\/\/autofans.com.ar\/#\/schema\/person\/4a8dda0b6df83ac3d6723e921274c2aa"},"headline":"139 a\u00f1os del primer autom\u00f3vil, el legado de Carl Benz","datePublished":"2025-02-03T19:56:03+00:00","mainEntityOfPage":{"@id":"https:\/\/autofans.com.ar\/index.php\/2025\/02\/03\/139-anos-del-primer-automovil-el-legado-de-carl-benz\/"},"wordCount":288,"image":{"@id":"https:\/\/autofans.com.ar\/index.php\/2025\/02\/03\/139-anos-del-primer-automovil-el-legado-de-carl-benz\/#primaryimage"},"thumbnailUrl":"https:\/\/autofans.com.ar\/wp-content\/uploads\/2025\/02\/benz-2.jpg","keywords":["Bertha Benz","Carl Benz","historia del autom\u00f3vil","inventos hist\u00f3ricos","Mercedes-Benz","movilidad","Primer autom\u00f3vil","revoluci\u00f3n automotriz"],"articleSection":["EMPRESAS","NOTICIAS"],"inLanguage":"es"},{"@type":"WebPage","@id":"https:\/\/autofans.com.ar\/index.php\/2025\/02\/03\/139-anos-del-primer-automovil-el-legado-de-carl-benz\/","url":"https:\/\/autofans.com.ar\/index.php\/2025\/02\/03\/139-anos-del-primer-automovil-el-legado-de-carl-benz\/","name":"139 a\u00f1os del primer autom\u00f3vil, el legado de Carl Benz -","isPartOf":{"@id":"https:\/\/autofans.com.ar\/#website"},"primaryImageOfPage":{"@id":"https:\/\/autofans.com.ar\/index.php\/2025\/02\/03\/139-anos-del-primer-automovil-el-legado-de-carl-benz\/#primaryimage"},"image":{"@id":"https:\/\/autofans.com.ar\/index.php\/2025\/02\/03\/139-anos-del-primer-automovil-el-legado-de-carl-benz\/#primaryimage"},"thumbnailUrl":"https:\/\/autofans.com.ar\/wp-content\/uploads\/2025\/02\/benz-2.jpg","datePublished":"2025-02-03T19:56:03+00:00","author":{"@id":"https:\/\/autofans.com.ar\/#\/schema\/person\/4a8dda0b6df83ac3d6723e921274c2aa"},"description":"El 29 de enero de 1886, Carl Benz patent\u00f3 el primer autom\u00f3vil de la historia, un triciclo motorizado que marc\u00f3 el inicio del transporte...","breadcrumb":{"@id":"https:\/\/autofans.com.ar\/index.php\/2025\/02\/03\/139-anos-del-primer-automovil-el-legado-de-carl-benz\/#breadcrumb"},"inLanguage":"es","potentialAction":[{"@type":"ReadAction","target":["https:\/\/autofans.com.ar\/index.php\/2025\/02\/03\/139-anos-del-primer-automovil-el-legado-de-carl-benz\/"]}]},{"@type":"ImageObject","inLanguage":"es","@id":"https:\/\/autofans.com.ar\/index.php\/2025\/02\/03\/139-anos-del-primer-automovil-el-legado-de-carl-benz\/#primaryimage","url":"https:\/\/autofans.com.ar\/wp-content\/uploads\/2025\/02\/benz-2.jpg","contentUrl":"https:\/\/autofans.com.ar\/wp-content\/uploads\/2025\/02\/benz-2.jpg","width":1000,"height":667,"caption":"Carl Benz"},{"@type":"BreadcrumbList","@id":"https:\/\/autofans.com.ar\/index.php\/2025\/02\/03\/139-anos-del-primer-automovil-el-legado-de-carl-benz\/#breadcrumb","itemListElement":[{"@type":"ListItem","position":1,"name":"Inicio","item":"https:\/\/autofans.com.ar\/"},{"@type":"ListItem","position":2,"name":"139 a\u00f1os del primer autom\u00f3vil, el legado de Carl Benz"}]},{"@type":"WebSite","@id":"https:\/\/autofans.com.ar\/#website","url":"https:\/\/autofans.com.ar\/","name":"","description":"El multimedio referente de la industria automotriz","potentialAction":[{"@type":"SearchAction","target":{"@type":"EntryPoint","urlTemplate":"https:\/\/autofans.com.ar\/?s={search_term_string}"},"query-input":{"@type":"PropertyValueSpecification","valueRequired":true,"valueName":"search_term_string"}}],"inLanguage":"es"},{"@type":"Person","@id":"https:\/\/autofans.com.ar\/#\/schema\/person\/4a8dda0b6df83ac3d6723e921274c2aa","name":"Alejandro Gabriel Rosito","image":{"@type":"ImageObject","inLanguage":"es","@id":"https:\/\/secure.gravatar.com\/avatar\/16c5dda1489adfc62618084dcbb91cffd879c374b13fe5dd8e44ed6733852c88?s=96&d=mm&r=g","url":"https:\/\/secure.gravatar.com\/avatar\/16c5dda1489adfc62618084dcbb91cffd879c374b13fe5dd8e44ed6733852c88?s=96&d=mm&r=g","contentUrl":"https:\/\/secure.gravatar.com\/avatar\/16c5dda1489adfc62618084dcbb91cffd879c374b13fe5dd8e44ed6733852c88?s=96&d=mm&r=g","caption":"Alejandro Gabriel Rosito"},"url":"https:\/\/autofans.com.ar\/index.php\/author\/gabrielr\/"}]}},"featured_image_urls":{"full":["https:\/\/autofans.com.ar\/wp-content\/uploads\/2025\/02\/benz-2.jpg",1000,667,false],"thumbnail":["https:\/\/autofans.com.ar\/wp-content\/uploads\/2025\/02\/benz-2-150x150.jpg",150,150,true],"medium":["https:\/\/autofans.com.ar\/wp-content\/uploads\/2025\/02\/benz-2-300x200.jpg",300,200,true],"medium_large":["https:\/\/autofans.com.ar\/wp-content\/uploads\/2025\/02\/benz-2-768x512.jpg",640,427,true],"large":["https:\/\/autofans.com.ar\/wp-content\/uploads\/2025\/02\/benz-2.jpg",640,427,false],"1536x1536":["https:\/\/autofans.com.ar\/wp-content\/uploads\/2025\/02\/benz-2.jpg",1000,667,false],"2048x2048":["https:\/\/autofans.com.ar\/wp-content\/uploads\/2025\/02\/benz-2.jpg",1000,667,false],"covernews-featured":["https:\/\/autofans.com.ar\/wp-content\/uploads\/2025\/02\/benz-2.jpg",1000,667,false],"covernews-medium":["https:\/\/autofans.com.ar\/wp-content\/uploads\/2025\/02\/benz-2-540x340.jpg",540,340,true]},"author_info":{"display_name":"Alejandro Gabriel Rosito","author_link":"https:\/\/autofans.com.ar\/index.php\/author\/gabrielr\/"},"category_info":"<a href=\"https:\/\/autofans.com.ar\/index.php\/category\/noticias\/empresas\/\" rel=\"category tag\">EMPRESAS<\/a> <a href=\"https:\/\/autofans.com.ar\/index.php\/category\/noticias\/\" rel=\"category tag\">NOTICIAS<\/a>","tag_info":"NOTICIAS","comment_count":0,"_links":{"self":[{"href":"https:\/\/autofans.com.ar\/index.php\/wp-json\/wp\/v2\/posts\/11011","targetHints":{"allow":["GET"]}}],"collection":[{"href":"https:\/\/autofans.com.ar\/index.php\/wp-json\/wp\/v2\/posts"}],"about":[{"href":"https:\/\/autofans.com.ar\/index.php\/wp-json\/wp\/v2\/types\/post"}],"author":[{"embeddable":true,"href":"https:\/\/autofans.com.ar\/index.php\/wp-json\/wp\/v2\/users\/2"}],"replies":[{"embeddable":true,"href":"https:\/\/autofans.com.ar\/index.php\/wp-json\/wp\/v2\/comments?post=11011"}],"version-history":[{"count":4,"href":"https:\/\/autofans.com.ar\/index.php\/wp-json\/wp\/v2\/posts\/11011\/revisions"}],"predecessor-version":[{"id":11018,"href":"https:\/\/autofans.com.ar\/index.php\/wp-json\/wp\/v2\/posts\/11011\/revisions\/11018"}],"wp:featuredmedia":[{"embeddable":true,"href":"https:\/\/autofans.com.ar\/index.php\/wp-json\/wp\/v2\/media\/11013"}],"wp:attachment":[{"href":"https:\/\/autofans.com.ar\/index.php\/wp-json\/wp\/v2\/media?parent=11011"}],"wp:term":[{"taxonomy":"category","embeddable":true,"href":"https:\/\/autofans.com.ar\/index.php\/wp-json\/wp\/v2\/categories?post=11011"},{"taxonomy":"post_tag","embeddable":true,"href":"https:\/\/autofans.com.ar\/index.php\/wp-json\/wp\/v2\/tags?post=11011"}],"curies":[{"name":"wp","href":"https:\/\/api.w.org\/{rel}","templated":true}]}}