{"id":11034,"date":"2025-02-04T19:15:29","date_gmt":"2025-02-04T22:15:29","guid":{"rendered":"https:\/\/autofans.com.ar\/?p=11034"},"modified":"2025-02-04T19:15:29","modified_gmt":"2025-02-04T22:15:29","slug":"mercedes-benz-y-the-grand-hotel-juntos-en-punta-del-este","status":"publish","type":"post","link":"https:\/\/autofans.com.ar\/index.php\/2025\/02\/04\/mercedes-benz-y-the-grand-hotel-juntos-en-punta-del-este\/","title":{"rendered":"Mercedes-Benz y The Grand Hotel juntos en Punta del Este"},"content":{"rendered":"<p>Punta del Este, Uruguay, enero de 2025.- Mercedes-Benz y The Grand Hotel sellaron una alianza estrat\u00e9gica con el objetivo de fortalecer su presencia en el segmento premium. La celebraci\u00f3n tuvo lugar en MONTAUK Brava Beach Club, con un evento exclusivo al atardecer que reuni\u00f3 a clientes y referentes de ambas marcas.<\/p>\n<p>&nbsp;<\/p>\n<blockquote>\n<p style=\"text-align: center;\">\u201cLa alianza con The Grand Hotel Punta del Este es un paso m\u00e1s en nuestra estrategia de acercarnos a nuestros clientes en un entorno exclusivo. La EQA Facelift y el C43 AMG representan la perfecta combinaci\u00f3n de lujo, tecnolog\u00eda y rendimiento. Mercedes-Benz se destaca por ofrecer los autos m\u00e1s deseables del mundo, en esta ocasi\u00f3n, combinando el lujo de la marca con la belleza natural de Punta del Este que es un destino clave para nuestros clientes en Sudam\u00e9rica\u201d, expres\u00f3 Roberto Gasparetti, Managing Director de la Divisi\u00f3n Autos en Mercedes-Benz Argentina.<span class=\"Apple-converted-space\">\u00a0<\/span><\/p>\n<\/blockquote>\n<p>&nbsp;<\/p>\n<h2>Experiencias exclusivas en Punta del Este<\/h2>\n<p>&nbsp;<\/p>\n<div id='gallery-1' class='gallery galleryid-11034 gallery-columns-2 gallery-size-full'><figure class='gallery-item'>\n\t\t\t<div class='gallery-icon landscape'>\n\t\t\t\t<a href='https:\/\/autofans.com.ar\/index.php\/2025\/02\/04\/mercedes-benz-y-the-grand-hotel-juntos-en-punta-del-este\/hotel-3\/'><img loading=\"lazy\" width=\"1000\" height=\"667\" src=\"https:\/\/autofans.com.ar\/wp-content\/uploads\/2025\/02\/hotel-3.jpg\" class=\"attachment-full size-full\" alt=\"Mercedes-Benz\" aria-describedby=\"gallery-1-11038\" srcset=\"https:\/\/autofans.com.ar\/wp-content\/uploads\/2025\/02\/hotel-3.jpg 1000w, https:\/\/autofans.com.ar\/wp-content\/uploads\/2025\/02\/hotel-3-300x200.jpg 300w, https:\/\/autofans.com.ar\/wp-content\/uploads\/2025\/02\/hotel-3-768x512.jpg 768w\" sizes=\"auto, (max-width: 1000px) 100vw, 1000px\" loading=\"lazy\" decoding=\"async\" \/><\/a>\n\t\t\t<\/div>\n\t\t\t\t<figcaption class='wp-caption-text gallery-caption' id='gallery-1-11038'>\n\t\t\t\tJorge Lucini, Gabriel Guerra y Eduardo Leindekar\n\t\t\t\t<\/figcaption><\/figure><figure class='gallery-item'>\n\t\t\t<div class='gallery-icon landscape'>\n\t\t\t\t<a href='https:\/\/autofans.com.ar\/index.php\/2025\/02\/04\/mercedes-benz-y-the-grand-hotel-juntos-en-punta-del-este\/hotel-5\/'><img loading=\"lazy\" width=\"1000\" height=\"667\" src=\"https:\/\/autofans.com.ar\/wp-content\/uploads\/2025\/02\/hotel-5.jpg\" class=\"attachment-full size-full\" alt=\"Mercedes-Benz\" srcset=\"https:\/\/autofans.com.ar\/wp-content\/uploads\/2025\/02\/hotel-5.jpg 1000w, https:\/\/autofans.com.ar\/wp-content\/uploads\/2025\/02\/hotel-5-300x200.jpg 300w, https:\/\/autofans.com.ar\/wp-content\/uploads\/2025\/02\/hotel-5-768x512.jpg 768w\" sizes=\"auto, (max-width: 1000px) 100vw, 1000px\" loading=\"lazy\" decoding=\"async\" \/><\/a>\n\t\t\t<\/div><\/figure>\n\t\t<\/div>\n\n<p>&nbsp;<\/p>\n<p>Durante la temporada de verano, la colaboraci\u00f3n ofreci\u00f3 experiencias personalizadas para los clientes de Mercedes-Benz y los hu\u00e9spedes del hotel. Entre las acciones destacadas, una GLC SUV estuvo disponible para el servicio de transporte VIP, mientras que los propietarios de veh\u00edculos de la marca accedieron a cenas especiales en HUMA Rooftop Bar &amp; Lounge.<\/p>\n<p>&nbsp;<\/p>\n<blockquote>\n<p style=\"text-align: center;\">Por su parte, Mart\u00edn P\u00e9rez, gerente comercial de la marca en Uruguay, agreg\u00f3: \u201cA trav\u00e9s de esta colaboraci\u00f3n, logramos destacar la exclusividad y el rendimiento de nuestros modelos, mientras fortalecemos nuestra relaci\u00f3n con un p\u00fablico que valora la calidad y la innovaci\u00f3n\u201d.<\/p>\n<\/blockquote>\n<p>&nbsp;<\/p>\n<h2>Lujo sobre ruedas &#8211; la exhibici\u00f3n exclusiva de Mercedes-Benz<\/h2>\n<p>&nbsp;<\/p>\n<div id='gallery-2' class='gallery galleryid-11034 gallery-columns-2 gallery-size-full'><figure class='gallery-item'>\n\t\t\t<div class='gallery-icon landscape'>\n\t\t\t\t<a href='https:\/\/autofans.com.ar\/index.php\/2025\/02\/04\/mercedes-benz-y-the-grand-hotel-juntos-en-punta-del-este\/hotel-2\/'><img loading=\"lazy\" width=\"1000\" height=\"667\" src=\"https:\/\/autofans.com.ar\/wp-content\/uploads\/2025\/02\/hotel-2.jpg\" class=\"attachment-full size-full\" alt=\"Mercedes-Benz\" aria-describedby=\"gallery-2-11039\" srcset=\"https:\/\/autofans.com.ar\/wp-content\/uploads\/2025\/02\/hotel-2.jpg 1000w, https:\/\/autofans.com.ar\/wp-content\/uploads\/2025\/02\/hotel-2-300x200.jpg 300w, https:\/\/autofans.com.ar\/wp-content\/uploads\/2025\/02\/hotel-2-768x512.jpg 768w\" sizes=\"auto, (max-width: 1000px) 100vw, 1000px\" loading=\"lazy\" decoding=\"async\" \/><\/a>\n\t\t\t<\/div>\n\t\t\t\t<figcaption class='wp-caption-text gallery-caption' id='gallery-2-11039'>\n\t\t\t\tVirginia L\u00f3pez, directora de Marketing de The Grand Hotel Punta del Este\n\t\t\t\t<\/figcaption><\/figure><figure class='gallery-item'>\n\t\t\t<div class='gallery-icon landscape'>\n\t\t\t\t<a href='https:\/\/autofans.com.ar\/index.php\/2025\/02\/04\/mercedes-benz-y-the-grand-hotel-juntos-en-punta-del-este\/hotel-3\/'><img loading=\"lazy\" width=\"1000\" height=\"667\" src=\"https:\/\/autofans.com.ar\/wp-content\/uploads\/2025\/02\/hotel-3.jpg\" class=\"attachment-full size-full\" alt=\"Mercedes-Benz\" aria-describedby=\"gallery-2-11038\" srcset=\"https:\/\/autofans.com.ar\/wp-content\/uploads\/2025\/02\/hotel-3.jpg 1000w, https:\/\/autofans.com.ar\/wp-content\/uploads\/2025\/02\/hotel-3-300x200.jpg 300w, https:\/\/autofans.com.ar\/wp-content\/uploads\/2025\/02\/hotel-3-768x512.jpg 768w\" sizes=\"auto, (max-width: 1000px) 100vw, 1000px\" loading=\"lazy\" decoding=\"async\" \/><\/a>\n\t\t\t<\/div>\n\t\t\t\t<figcaption class='wp-caption-text gallery-caption' id='gallery-2-11038'>\n\t\t\t\tJorge Lucini, Gabriel Guerra y Eduardo Leindekar\n\t\t\t\t<\/figcaption><\/figure>\n\t\t<\/div>\n\n<p>&nbsp;<\/p>\n<p>Adem\u00e1s, en las instalaciones del hotel se exhibieron modelos de Mercedes-Benz, brindando la posibilidad de conocer de cerca su tecnolog\u00eda y dise\u00f1o. Una de las principales atracciones fue la presentaci\u00f3n de la EQA Facelift, la \u00faltima versi\u00f3n del SUV el\u00e9ctrico compacto, que ofrece mayor autonom\u00eda y eficiencia. Tambi\u00e9n se exhibi\u00f3 el C43 AMG, un sed\u00e1n de alto rendimiento que fusiona deportividad y elegancia, ofreciendo una experiencia de conducci\u00f3n exclusiva.<\/p>\n<p>&nbsp;<\/p>\n<blockquote>\n<p style=\"text-align: center;\">Finalmente, Mar\u00eda Virginia L\u00f3pez, directora de Marketing en The Grand Hotel, comparti\u00f3: \u00abThe Grand Hotel redefini\u00f3 la hospitalidad de lujo en el destino para un viajero que valora tanto la calidad excepcional como las conexiones significativas, asegurando una experiencia que es a la vez lujosa y profundamente arraigada en el esp\u00edritu de la regi\u00f3n. Con esta alianza logramos combinar la filosof\u00eda de ambas marcas en la b\u00fasqueda de innovaci\u00f3n, excelencia y sofisticaci\u00f3n\u201d.<\/p>\n<\/blockquote>\n<p>&nbsp;<\/p>\n<p>Con esta alianza, Mercedes-Benz y The Grand Hotel consolidan su posicionamiento en un mercado donde el lujo y la excelencia marcan la diferencia.<\/p>\n<p>&nbsp;<\/p>\n<p>&nbsp;<\/p>\n<p>&nbsp;<\/p>\n<p><i>Para enterarte de m\u00e1s novedades, no dejes de leer\u00a0<\/i><a href=\"https:\/\/autofans.thebrandsoup.com\/\"><i>nuestras notas<\/i><\/a><i>, de ver<\/i><b><i>\u00a0<\/i><\/b><a href=\"https:\/\/www.youtube.com\/channel\/UCgAC8UGHZYbT6P7PpmVnP7g\"><b><i>AUTOFANS TV<\/i><\/b><\/a><b><i>\u00a0<\/i><\/b><i>en nuestro\u00a0canal de Youtube. Adem\u00e1s seguinos en\u00a0<\/i><a href=\"https:\/\/www.instagram.com\/autofanstv\/\"><i>INSTAGRAM<\/i><\/a><i> y <\/i><a href=\"https:\/\/www.facebook.com\/autofansmas\/\"><i>FACEBOOK<\/i><\/a><i> para no perderte nada sobre las novedades del segmento automotor de Argentina y el mundo.<\/i><\/p>\n","protected":false},"excerpt":{"rendered":"<p>Punta del Este, Uruguay, enero de 2025.- Mercedes-Benz y The Grand Hotel sellaron una alianza&#8230;<\/p>\n","protected":false},"author":2,"featured_media":11037,"comment_status":"closed","ping_status":"closed","sticky":false,"template":"","format":"standard","meta":{"footnotes":""},"categories":[6,16],"tags":[142,6030,6033,500,364,6029,1799,2547,6028,6032,6031],"class_list":["post-11034","post","type-post","status-publish","format-standard","has-post-thumbnail","hentry","category-bizstyle","category-noticias","tag-alianza-estrategica","tag-c43-amg","tag-hotel-de-lujo","tag-lujo","tag-mercedes-benz","tag-mercedes-benz-eqa","tag-punta-del-este","tag-suv-electrico","tag-the-grand-hotel","tag-transporte-vip","tag-turismo-premium"],"yoast_head":"<!-- This site is optimized with the Yoast SEO plugin v27.5 - https:\/\/yoast.com\/product\/yoast-seo-wordpress\/ -->\n<title>Mercedes-Benz y The Grand Hotel juntos en Punta del Este -<\/title>\n<meta name=\"description\" content=\"Mercedes-Benz y The Grand Hotel sellaron una alianza estrat\u00e9gica con el objetivo de fortalecer su presencia en el segmento premium...\" \/>\n<meta name=\"robots\" content=\"index, follow, max-snippet:-1, max-image-preview:large, max-video-preview:-1\" \/>\n<link rel=\"canonical\" href=\"https:\/\/autofans.com.ar\/index.php\/2025\/02\/04\/mercedes-benz-y-the-grand-hotel-juntos-en-punta-del-este\/\" \/>\n<meta property=\"og:locale\" content=\"es_ES\" \/>\n<meta property=\"og:type\" content=\"article\" \/>\n<meta property=\"og:title\" content=\"Mercedes-Benz y The Grand Hotel juntos en Punta del Este -\" \/>\n<meta property=\"og:description\" content=\"Mercedes-Benz y The Grand Hotel sellaron una alianza estrat\u00e9gica con el objetivo de fortalecer su presencia en el segmento premium...\" \/>\n<meta property=\"og:url\" content=\"https:\/\/autofans.com.ar\/index.php\/2025\/02\/04\/mercedes-benz-y-the-grand-hotel-juntos-en-punta-del-este\/\" \/>\n<meta property=\"article:published_time\" content=\"2025-02-04T22:15:29+00:00\" \/>\n<meta property=\"og:image\" content=\"https:\/\/autofans.com.ar\/wp-content\/uploads\/2025\/02\/hotel-4.jpg\" \/>\n\t<meta property=\"og:image:width\" content=\"1000\" \/>\n\t<meta property=\"og:image:height\" content=\"667\" \/>\n\t<meta property=\"og:image:type\" content=\"image\/jpeg\" \/>\n<meta name=\"author\" content=\"Alejandro Gabriel Rosito\" \/>\n<meta name=\"twitter:card\" content=\"summary_large_image\" \/>\n<meta name=\"twitter:label1\" content=\"Escrito por\" \/>\n\t<meta name=\"twitter:data1\" content=\"Alejandro Gabriel Rosito\" \/>\n\t<meta name=\"twitter:label2\" content=\"Tiempo de lectura\" \/>\n\t<meta name=\"twitter:data2\" content=\"2 minutos\" \/>\n<script type=\"application\/ld+json\" class=\"yoast-schema-graph\">{\"@context\":\"https:\\\/\\\/schema.org\",\"@graph\":[{\"@type\":\"Article\",\"@id\":\"https:\\\/\\\/autofans.com.ar\\\/index.php\\\/2025\\\/02\\\/04\\\/mercedes-benz-y-the-grand-hotel-juntos-en-punta-del-este\\\/#article\",\"isPartOf\":{\"@id\":\"https:\\\/\\\/autofans.com.ar\\\/index.php\\\/2025\\\/02\\\/04\\\/mercedes-benz-y-the-grand-hotel-juntos-en-punta-del-este\\\/\"},\"author\":{\"name\":\"Alejandro Gabriel Rosito\",\"@id\":\"https:\\\/\\\/autofans.com.ar\\\/#\\\/schema\\\/person\\\/4a8dda0b6df83ac3d6723e921274c2aa\"},\"headline\":\"Mercedes-Benz y The Grand Hotel juntos en Punta del Este\",\"datePublished\":\"2025-02-04T22:15:29+00:00\",\"mainEntityOfPage\":{\"@id\":\"https:\\\/\\\/autofans.com.ar\\\/index.php\\\/2025\\\/02\\\/04\\\/mercedes-benz-y-the-grand-hotel-juntos-en-punta-del-este\\\/\"},\"wordCount\":531,\"image\":{\"@id\":\"https:\\\/\\\/autofans.com.ar\\\/index.php\\\/2025\\\/02\\\/04\\\/mercedes-benz-y-the-grand-hotel-juntos-en-punta-del-este\\\/#primaryimage\"},\"thumbnailUrl\":\"https:\\\/\\\/autofans.com.ar\\\/wp-content\\\/uploads\\\/2025\\\/02\\\/hotel-4.jpg\",\"keywords\":[\"Alianza Estrat\u00e9gica\",\"C43 AMG\",\"hotel de lujo\",\"lujo\",\"Mercedes-Benz\",\"Mercedes-Benz EQA\",\"Punta del Este\",\"SUV el\u00e9ctrico\",\"The Grand Hotel\",\"transporte VIP\",\"turismo premium\"],\"articleSection\":[\"BIZSTYLE\",\"NOTICIAS\"],\"inLanguage\":\"es\"},{\"@type\":\"WebPage\",\"@id\":\"https:\\\/\\\/autofans.com.ar\\\/index.php\\\/2025\\\/02\\\/04\\\/mercedes-benz-y-the-grand-hotel-juntos-en-punta-del-este\\\/\",\"url\":\"https:\\\/\\\/autofans.com.ar\\\/index.php\\\/2025\\\/02\\\/04\\\/mercedes-benz-y-the-grand-hotel-juntos-en-punta-del-este\\\/\",\"name\":\"Mercedes-Benz y The Grand Hotel juntos en Punta del Este -\",\"isPartOf\":{\"@id\":\"https:\\\/\\\/autofans.com.ar\\\/#website\"},\"primaryImageOfPage\":{\"@id\":\"https:\\\/\\\/autofans.com.ar\\\/index.php\\\/2025\\\/02\\\/04\\\/mercedes-benz-y-the-grand-hotel-juntos-en-punta-del-este\\\/#primaryimage\"},\"image\":{\"@id\":\"https:\\\/\\\/autofans.com.ar\\\/index.php\\\/2025\\\/02\\\/04\\\/mercedes-benz-y-the-grand-hotel-juntos-en-punta-del-este\\\/#primaryimage\"},\"thumbnailUrl\":\"https:\\\/\\\/autofans.com.ar\\\/wp-content\\\/uploads\\\/2025\\\/02\\\/hotel-4.jpg\",\"datePublished\":\"2025-02-04T22:15:29+00:00\",\"author\":{\"@id\":\"https:\\\/\\\/autofans.com.ar\\\/#\\\/schema\\\/person\\\/4a8dda0b6df83ac3d6723e921274c2aa\"},\"description\":\"Mercedes-Benz y The Grand Hotel sellaron una alianza estrat\u00e9gica con el objetivo de fortalecer su presencia en el segmento premium...\",\"breadcrumb\":{\"@id\":\"https:\\\/\\\/autofans.com.ar\\\/index.php\\\/2025\\\/02\\\/04\\\/mercedes-benz-y-the-grand-hotel-juntos-en-punta-del-este\\\/#breadcrumb\"},\"inLanguage\":\"es\",\"potentialAction\":[{\"@type\":\"ReadAction\",\"target\":[\"https:\\\/\\\/autofans.com.ar\\\/index.php\\\/2025\\\/02\\\/04\\\/mercedes-benz-y-the-grand-hotel-juntos-en-punta-del-este\\\/\"]}]},{\"@type\":\"ImageObject\",\"inLanguage\":\"es\",\"@id\":\"https:\\\/\\\/autofans.com.ar\\\/index.php\\\/2025\\\/02\\\/04\\\/mercedes-benz-y-the-grand-hotel-juntos-en-punta-del-este\\\/#primaryimage\",\"url\":\"https:\\\/\\\/autofans.com.ar\\\/wp-content\\\/uploads\\\/2025\\\/02\\\/hotel-4.jpg\",\"contentUrl\":\"https:\\\/\\\/autofans.com.ar\\\/wp-content\\\/uploads\\\/2025\\\/02\\\/hotel-4.jpg\",\"width\":1000,\"height\":667,\"caption\":\"Mercedes-Benz\"},{\"@type\":\"BreadcrumbList\",\"@id\":\"https:\\\/\\\/autofans.com.ar\\\/index.php\\\/2025\\\/02\\\/04\\\/mercedes-benz-y-the-grand-hotel-juntos-en-punta-del-este\\\/#breadcrumb\",\"itemListElement\":[{\"@type\":\"ListItem\",\"position\":1,\"name\":\"Inicio\",\"item\":\"https:\\\/\\\/autofans.com.ar\\\/\"},{\"@type\":\"ListItem\",\"position\":2,\"name\":\"Mercedes-Benz y The Grand Hotel juntos en Punta del Este\"}]},{\"@type\":\"WebSite\",\"@id\":\"https:\\\/\\\/autofans.com.ar\\\/#website\",\"url\":\"https:\\\/\\\/autofans.com.ar\\\/\",\"name\":\"\",\"description\":\"El multimedio referente de la industria automotriz\",\"potentialAction\":[{\"@type\":\"SearchAction\",\"target\":{\"@type\":\"EntryPoint\",\"urlTemplate\":\"https:\\\/\\\/autofans.com.ar\\\/?s={search_term_string}\"},\"query-input\":{\"@type\":\"PropertyValueSpecification\",\"valueRequired\":true,\"valueName\":\"search_term_string\"}}],\"inLanguage\":\"es\"},{\"@type\":\"Person\",\"@id\":\"https:\\\/\\\/autofans.com.ar\\\/#\\\/schema\\\/person\\\/4a8dda0b6df83ac3d6723e921274c2aa\",\"name\":\"Alejandro Gabriel Rosito\",\"image\":{\"@type\":\"ImageObject\",\"inLanguage\":\"es\",\"@id\":\"https:\\\/\\\/secure.gravatar.com\\\/avatar\\\/16c5dda1489adfc62618084dcbb91cffd879c374b13fe5dd8e44ed6733852c88?s=96&d=mm&r=g\",\"url\":\"https:\\\/\\\/secure.gravatar.com\\\/avatar\\\/16c5dda1489adfc62618084dcbb91cffd879c374b13fe5dd8e44ed6733852c88?s=96&d=mm&r=g\",\"contentUrl\":\"https:\\\/\\\/secure.gravatar.com\\\/avatar\\\/16c5dda1489adfc62618084dcbb91cffd879c374b13fe5dd8e44ed6733852c88?s=96&d=mm&r=g\",\"caption\":\"Alejandro Gabriel Rosito\"},\"url\":\"https:\\\/\\\/autofans.com.ar\\\/index.php\\\/author\\\/gabrielr\\\/\"}]}<\/script>\n<!-- \/ Yoast SEO plugin. -->","yoast_head_json":{"title":"Mercedes-Benz y The Grand Hotel juntos en Punta del Este -","description":"Mercedes-Benz y The Grand Hotel sellaron una alianza estrat\u00e9gica con el objetivo de fortalecer su presencia en el segmento premium...","robots":{"index":"index","follow":"follow","max-snippet":"max-snippet:-1","max-image-preview":"max-image-preview:large","max-video-preview":"max-video-preview:-1"},"canonical":"https:\/\/autofans.com.ar\/index.php\/2025\/02\/04\/mercedes-benz-y-the-grand-hotel-juntos-en-punta-del-este\/","og_locale":"es_ES","og_type":"article","og_title":"Mercedes-Benz y The Grand Hotel juntos en Punta del Este -","og_description":"Mercedes-Benz y The Grand Hotel sellaron una alianza estrat\u00e9gica con el objetivo de fortalecer su presencia en el segmento premium...","og_url":"https:\/\/autofans.com.ar\/index.php\/2025\/02\/04\/mercedes-benz-y-the-grand-hotel-juntos-en-punta-del-este\/","article_published_time":"2025-02-04T22:15:29+00:00","og_image":[{"width":1000,"height":667,"url":"https:\/\/autofans.com.ar\/wp-content\/uploads\/2025\/02\/hotel-4.jpg","type":"image\/jpeg"}],"author":"Alejandro Gabriel Rosito","twitter_card":"summary_large_image","twitter_misc":{"Escrito por":"Alejandro Gabriel Rosito","Tiempo de lectura":"2 minutos"},"schema":{"@context":"https:\/\/schema.org","@graph":[{"@type":"Article","@id":"https:\/\/autofans.com.ar\/index.php\/2025\/02\/04\/mercedes-benz-y-the-grand-hotel-juntos-en-punta-del-este\/#article","isPartOf":{"@id":"https:\/\/autofans.com.ar\/index.php\/2025\/02\/04\/mercedes-benz-y-the-grand-hotel-juntos-en-punta-del-este\/"},"author":{"name":"Alejandro Gabriel Rosito","@id":"https:\/\/autofans.com.ar\/#\/schema\/person\/4a8dda0b6df83ac3d6723e921274c2aa"},"headline":"Mercedes-Benz y The Grand Hotel juntos en Punta del Este","datePublished":"2025-02-04T22:15:29+00:00","mainEntityOfPage":{"@id":"https:\/\/autofans.com.ar\/index.php\/2025\/02\/04\/mercedes-benz-y-the-grand-hotel-juntos-en-punta-del-este\/"},"wordCount":531,"image":{"@id":"https:\/\/autofans.com.ar\/index.php\/2025\/02\/04\/mercedes-benz-y-the-grand-hotel-juntos-en-punta-del-este\/#primaryimage"},"thumbnailUrl":"https:\/\/autofans.com.ar\/wp-content\/uploads\/2025\/02\/hotel-4.jpg","keywords":["Alianza Estrat\u00e9gica","C43 AMG","hotel de lujo","lujo","Mercedes-Benz","Mercedes-Benz EQA","Punta del Este","SUV el\u00e9ctrico","The Grand Hotel","transporte VIP","turismo premium"],"articleSection":["BIZSTYLE","NOTICIAS"],"inLanguage":"es"},{"@type":"WebPage","@id":"https:\/\/autofans.com.ar\/index.php\/2025\/02\/04\/mercedes-benz-y-the-grand-hotel-juntos-en-punta-del-este\/","url":"https:\/\/autofans.com.ar\/index.php\/2025\/02\/04\/mercedes-benz-y-the-grand-hotel-juntos-en-punta-del-este\/","name":"Mercedes-Benz y The Grand Hotel juntos en Punta del Este -","isPartOf":{"@id":"https:\/\/autofans.com.ar\/#website"},"primaryImageOfPage":{"@id":"https:\/\/autofans.com.ar\/index.php\/2025\/02\/04\/mercedes-benz-y-the-grand-hotel-juntos-en-punta-del-este\/#primaryimage"},"image":{"@id":"https:\/\/autofans.com.ar\/index.php\/2025\/02\/04\/mercedes-benz-y-the-grand-hotel-juntos-en-punta-del-este\/#primaryimage"},"thumbnailUrl":"https:\/\/autofans.com.ar\/wp-content\/uploads\/2025\/02\/hotel-4.jpg","datePublished":"2025-02-04T22:15:29+00:00","author":{"@id":"https:\/\/autofans.com.ar\/#\/schema\/person\/4a8dda0b6df83ac3d6723e921274c2aa"},"description":"Mercedes-Benz y The Grand Hotel sellaron una alianza estrat\u00e9gica con el objetivo de fortalecer su presencia en el segmento premium...","breadcrumb":{"@id":"https:\/\/autofans.com.ar\/index.php\/2025\/02\/04\/mercedes-benz-y-the-grand-hotel-juntos-en-punta-del-este\/#breadcrumb"},"inLanguage":"es","potentialAction":[{"@type":"ReadAction","target":["https:\/\/autofans.com.ar\/index.php\/2025\/02\/04\/mercedes-benz-y-the-grand-hotel-juntos-en-punta-del-este\/"]}]},{"@type":"ImageObject","inLanguage":"es","@id":"https:\/\/autofans.com.ar\/index.php\/2025\/02\/04\/mercedes-benz-y-the-grand-hotel-juntos-en-punta-del-este\/#primaryimage","url":"https:\/\/autofans.com.ar\/wp-content\/uploads\/2025\/02\/hotel-4.jpg","contentUrl":"https:\/\/autofans.com.ar\/wp-content\/uploads\/2025\/02\/hotel-4.jpg","width":1000,"height":667,"caption":"Mercedes-Benz"},{"@type":"BreadcrumbList","@id":"https:\/\/autofans.com.ar\/index.php\/2025\/02\/04\/mercedes-benz-y-the-grand-hotel-juntos-en-punta-del-este\/#breadcrumb","itemListElement":[{"@type":"ListItem","position":1,"name":"Inicio","item":"https:\/\/autofans.com.ar\/"},{"@type":"ListItem","position":2,"name":"Mercedes-Benz y The Grand Hotel juntos en Punta del Este"}]},{"@type":"WebSite","@id":"https:\/\/autofans.com.ar\/#website","url":"https:\/\/autofans.com.ar\/","name":"","description":"El multimedio referente de la industria automotriz","potentialAction":[{"@type":"SearchAction","target":{"@type":"EntryPoint","urlTemplate":"https:\/\/autofans.com.ar\/?s={search_term_string}"},"query-input":{"@type":"PropertyValueSpecification","valueRequired":true,"valueName":"search_term_string"}}],"inLanguage":"es"},{"@type":"Person","@id":"https:\/\/autofans.com.ar\/#\/schema\/person\/4a8dda0b6df83ac3d6723e921274c2aa","name":"Alejandro Gabriel Rosito","image":{"@type":"ImageObject","inLanguage":"es","@id":"https:\/\/secure.gravatar.com\/avatar\/16c5dda1489adfc62618084dcbb91cffd879c374b13fe5dd8e44ed6733852c88?s=96&d=mm&r=g","url":"https:\/\/secure.gravatar.com\/avatar\/16c5dda1489adfc62618084dcbb91cffd879c374b13fe5dd8e44ed6733852c88?s=96&d=mm&r=g","contentUrl":"https:\/\/secure.gravatar.com\/avatar\/16c5dda1489adfc62618084dcbb91cffd879c374b13fe5dd8e44ed6733852c88?s=96&d=mm&r=g","caption":"Alejandro Gabriel Rosito"},"url":"https:\/\/autofans.com.ar\/index.php\/author\/gabrielr\/"}]}},"featured_image_urls":{"full":["https:\/\/autofans.com.ar\/wp-content\/uploads\/2025\/02\/hotel-4.jpg",1000,667,false],"thumbnail":["https:\/\/autofans.com.ar\/wp-content\/uploads\/2025\/02\/hotel-4-150x150.jpg",150,150,true],"medium":["https:\/\/autofans.com.ar\/wp-content\/uploads\/2025\/02\/hotel-4-300x200.jpg",300,200,true],"medium_large":["https:\/\/autofans.com.ar\/wp-content\/uploads\/2025\/02\/hotel-4-768x512.jpg",640,427,true],"large":["https:\/\/autofans.com.ar\/wp-content\/uploads\/2025\/02\/hotel-4.jpg",640,427,false],"1536x1536":["https:\/\/autofans.com.ar\/wp-content\/uploads\/2025\/02\/hotel-4.jpg",1000,667,false],"2048x2048":["https:\/\/autofans.com.ar\/wp-content\/uploads\/2025\/02\/hotel-4.jpg",1000,667,false],"covernews-featured":["https:\/\/autofans.com.ar\/wp-content\/uploads\/2025\/02\/hotel-4.jpg",1000,667,false],"covernews-medium":["https:\/\/autofans.com.ar\/wp-content\/uploads\/2025\/02\/hotel-4-540x340.jpg",540,340,true]},"author_info":{"display_name":"Alejandro Gabriel Rosito","author_link":"https:\/\/autofans.com.ar\/index.php\/author\/gabrielr\/"},"category_info":"<a href=\"https:\/\/autofans.com.ar\/index.php\/category\/noticias\/bizstyle\/\" rel=\"category tag\">BIZSTYLE<\/a> <a href=\"https:\/\/autofans.com.ar\/index.php\/category\/noticias\/\" rel=\"category tag\">NOTICIAS<\/a>","tag_info":"NOTICIAS","comment_count":0,"_links":{"self":[{"href":"https:\/\/autofans.com.ar\/index.php\/wp-json\/wp\/v2\/posts\/11034","targetHints":{"allow":["GET"]}}],"collection":[{"href":"https:\/\/autofans.com.ar\/index.php\/wp-json\/wp\/v2\/posts"}],"about":[{"href":"https:\/\/autofans.com.ar\/index.php\/wp-json\/wp\/v2\/types\/post"}],"author":[{"embeddable":true,"href":"https:\/\/autofans.com.ar\/index.php\/wp-json\/wp\/v2\/users\/2"}],"replies":[{"embeddable":true,"href":"https:\/\/autofans.com.ar\/index.php\/wp-json\/wp\/v2\/comments?post=11034"}],"version-history":[{"count":2,"href":"https:\/\/autofans.com.ar\/index.php\/wp-json\/wp\/v2\/posts\/11034\/revisions"}],"predecessor-version":[{"id":11041,"href":"https:\/\/autofans.com.ar\/index.php\/wp-json\/wp\/v2\/posts\/11034\/revisions\/11041"}],"wp:featuredmedia":[{"embeddable":true,"href":"https:\/\/autofans.com.ar\/index.php\/wp-json\/wp\/v2\/media\/11037"}],"wp:attachment":[{"href":"https:\/\/autofans.com.ar\/index.php\/wp-json\/wp\/v2\/media?parent=11034"}],"wp:term":[{"taxonomy":"category","embeddable":true,"href":"https:\/\/autofans.com.ar\/index.php\/wp-json\/wp\/v2\/categories?post=11034"},{"taxonomy":"post_tag","embeddable":true,"href":"https:\/\/autofans.com.ar\/index.php\/wp-json\/wp\/v2\/tags?post=11034"}],"curies":[{"name":"wp","href":"https:\/\/api.w.org\/{rel}","templated":true}]}}