{"id":111,"date":"2023-01-09T00:32:19","date_gmt":"2023-01-09T00:32:19","guid":{"rendered":"https:\/\/autofans.thebrandsoup.com\/?p=111"},"modified":"2023-03-02T18:06:09","modified_gmt":"2023-03-02T18:06:09","slug":"nissan-argentina-presenta-a-su-nuevo-presidente","status":"publish","type":"post","link":"https:\/\/autofans.com.ar\/index.php\/2023\/01\/09\/nissan-argentina-presenta-a-su-nuevo-presidente\/","title":{"rendered":"Nissan Argentina presenta a su nuevo presidente"},"content":{"rendered":"<div id=\"columna-grande\" class=\"columna\">\n<div id=\"detalle\" class=\"cajam\">\n<div id=\"detalle_contenido\">\n<p>Como parte de su estrategia de crecimiento y consolidaci\u00f3n en el pa\u00eds, y con el objetivo de seguir posicion\u00e1ndose como un integrante clave de la industria automotriz en Argentina, Nissan anuncia que\u00a0Ricardo Flammini\u00a0ha sido designado Presidente y Director General de la operaci\u00f3n en el pa\u00eds.<\/p>\n<p>Ricardo es Contador P\u00fablico con un MBA en Marketing, ambos t\u00edtulos obtenidos en la Universidad Cat\u00f3lica Argentina. Cuenta con m\u00e1s de 25 a\u00f1os de experiencia en el mercado Automotriz y se uni\u00f3 a Nissan en el a\u00f1o 2019 como Director de Marketing para Nissan LATAM; durante el mismo a\u00f1o asumi\u00f3 la vicepresidencia divisional de Marketing, Ventas y Posventa para Nissan Am\u00e9rica del Sur.<\/p>\n<blockquote>\n<p style=\"text-align: left;\">\u201cEl negocio de Nissan Argentina es una parte fundamental de las aspiraciones de la compa\u00f1\u00eda en la regi\u00f3n de convertirse en una de las marcas m\u00e1s admiradas del mercado y ofrecer la mejor experiencia del consumidor del mercado. En esta nueva etapa Ricardo tendr\u00e1 como misi\u00f3n continuar fortaleciendo el negocio local, con nuestra Nissan Frontier como bandera, y seguir haciendo crecer nuestra huella de manufactura con el aumento de la producci\u00f3n en F\u00e1brica Santa Isabel, de la mano del crecimiento de las exportaciones\u201d afirm\u00f3 Guy Rodriguez, Presidente y Managing Director para Nissan Am\u00e9rica del Sur.<\/p>\n<\/blockquote>\n<p>En sus tres a\u00f1os a cargo de la vicepresidencia de Marketing, Ventas y Posventa a nivel regional, Ricardo ha liderado el plan de reposicionamiento de la marca Nissan, trabajando en asegurar un alto grado de satisfacci\u00f3n de los clientes con productos y servicios de calidad, y contribuyendo en el desarrollo de un portfolio de veh\u00edculos en l\u00ednea con las necesidades de los clientes de toda la regi\u00f3n.<\/p>\n<p>El ejecutivo toma la posici\u00f3n en reemplazo de Gonzalo Ibarzabal, quien fue nombrado en el pasado mes de diciembre, Presidente y Director General de Nissan Brasil.<\/p>\n<\/div>\n<div class=\"recom\"><\/div>\n<p><span style=\"color: #ff9900;\"><span style=\"color: #dbdbdb;\"><em>Para enterarte de m\u00e1s novedades, no dejes de ver<\/em><\/span><strong><em> <a style=\"color: #ff9900;\" href=\"https:\/\/www.youtube.com\/channel\/UCgAC8UGHZYbT6P7PpmVnP7g\" target=\"_blank\" rel=\"noopener\"><span style=\"color: #00ccff;\"><span style=\"color: #3366ff;\">AUTOFANS TV<\/span><\/span><\/a> <\/em><\/strong><span style=\"color: #dbdbdb;\"><em>en nuestro<\/em><\/span><em><span style=\"color: #dbdbdb;\"> canal de Youtube. Adem\u00e1s seguinos en<\/span> <span style=\"color: #3366ff;\"><a style=\"color: #3366ff;\" href=\"https:\/\/www.instagram.com\/autofanstv\/\" target=\"_blank\" rel=\"noopener\">INSTAGRAM<\/a> <\/span><span style=\"color: #dbdbdb;\">y <span style=\"color: #3366ff;\">FACEBOOK<\/span> para no perderte nada sobre las novedades del segmento automotor de Argentina y el mundo.<\/span><\/em><\/span><\/p>\n<div id=\"bann_home_inf\"><\/div>\n<\/div>\n<\/div>\n","protected":false},"excerpt":{"rendered":"<p>Como parte de su estrategia de crecimiento y consolidaci\u00f3n en el pa\u00eds, y con el&#8230;<\/p>\n","protected":false},"author":1,"featured_media":112,"comment_status":"closed","ping_status":"open","sticky":false,"template":"","format":"standard","meta":{"footnotes":""},"categories":[6,16],"tags":[49,47,46,22,48],"class_list":["post-111","post","type-post","status-publish","format-standard","has-post-thumbnail","hentry","category-bizstyle","category-noticias","tag-automotriz","tag-ceo","tag-nissan-argentina","tag-noticia","tag-nuevo-presidente"],"yoast_head":"<!-- This site is optimized with the Yoast SEO plugin v27.5 - https:\/\/yoast.com\/product\/yoast-seo-wordpress\/ -->\n<title>Nissan Argentina presenta a su nuevo presidente -<\/title>\n<meta name=\"description\" content=\"Nissan anuncia que\u00a0Ricardo Flammini\u00a0ha sido designado Presidente y Director General de la operaci\u00f3n en el pa\u00eds...\" \/>\n<meta name=\"robots\" content=\"index, follow, max-snippet:-1, max-image-preview:large, max-video-preview:-1\" \/>\n<link rel=\"canonical\" href=\"https:\/\/autofans.com.ar\/index.php\/2023\/01\/09\/nissan-argentina-presenta-a-su-nuevo-presidente\/\" \/>\n<meta property=\"og:locale\" content=\"es_ES\" \/>\n<meta property=\"og:type\" content=\"article\" \/>\n<meta property=\"og:title\" content=\"Nissan Argentina presenta a su nuevo presidente -\" \/>\n<meta property=\"og:description\" content=\"Nissan anuncia que\u00a0Ricardo Flammini\u00a0ha sido designado Presidente y Director General de la operaci\u00f3n en el pa\u00eds...\" \/>\n<meta property=\"og:url\" content=\"https:\/\/autofans.com.ar\/index.php\/2023\/01\/09\/nissan-argentina-presenta-a-su-nuevo-presidente\/\" \/>\n<meta property=\"article:published_time\" content=\"2023-01-09T00:32:19+00:00\" \/>\n<meta property=\"article:modified_time\" content=\"2023-03-02T18:06:09+00:00\" \/>\n<meta property=\"og:image\" content=\"https:\/\/autofans.com.ar\/wp-content\/uploads\/2023\/02\/Nuevo-presidente-de-Nissan.jpeg\" \/>\n\t<meta property=\"og:image:width\" content=\"600\" \/>\n\t<meta property=\"og:image:height\" content=\"400\" \/>\n\t<meta property=\"og:image:type\" content=\"image\/jpeg\" \/>\n<meta name=\"author\" content=\"AleCAF\" \/>\n<meta name=\"twitter:card\" content=\"summary_large_image\" \/>\n<meta name=\"twitter:label1\" content=\"Escrito por\" \/>\n\t<meta name=\"twitter:data1\" content=\"AleCAF\" \/>\n\t<meta name=\"twitter:label2\" content=\"Tiempo de lectura\" \/>\n\t<meta name=\"twitter:data2\" content=\"2 minutos\" \/>\n<script type=\"application\/ld+json\" class=\"yoast-schema-graph\">{\"@context\":\"https:\\\/\\\/schema.org\",\"@graph\":[{\"@type\":\"Article\",\"@id\":\"https:\\\/\\\/autofans.com.ar\\\/index.php\\\/2023\\\/01\\\/09\\\/nissan-argentina-presenta-a-su-nuevo-presidente\\\/#article\",\"isPartOf\":{\"@id\":\"https:\\\/\\\/autofans.com.ar\\\/index.php\\\/2023\\\/01\\\/09\\\/nissan-argentina-presenta-a-su-nuevo-presidente\\\/\"},\"author\":{\"name\":\"AleCAF\",\"@id\":\"https:\\\/\\\/autofans.com.ar\\\/#\\\/schema\\\/person\\\/4f260a29da3cfebb7f29121591a73481\"},\"headline\":\"Nissan Argentina presenta a su nuevo presidente\",\"datePublished\":\"2023-01-09T00:32:19+00:00\",\"dateModified\":\"2023-03-02T18:06:09+00:00\",\"mainEntityOfPage\":{\"@id\":\"https:\\\/\\\/autofans.com.ar\\\/index.php\\\/2023\\\/01\\\/09\\\/nissan-argentina-presenta-a-su-nuevo-presidente\\\/\"},\"wordCount\":368,\"image\":{\"@id\":\"https:\\\/\\\/autofans.com.ar\\\/index.php\\\/2023\\\/01\\\/09\\\/nissan-argentina-presenta-a-su-nuevo-presidente\\\/#primaryimage\"},\"thumbnailUrl\":\"https:\\\/\\\/autofans.com.ar\\\/wp-content\\\/uploads\\\/2023\\\/02\\\/Nuevo-presidente-de-Nissan.jpeg\",\"keywords\":[\"Automotriz\",\"CEO\",\"Nissan Argentina\",\"Noticia\",\"Nuevo presidente\"],\"articleSection\":[\"BIZSTYLE\",\"NOTICIAS\"],\"inLanguage\":\"es\"},{\"@type\":\"WebPage\",\"@id\":\"https:\\\/\\\/autofans.com.ar\\\/index.php\\\/2023\\\/01\\\/09\\\/nissan-argentina-presenta-a-su-nuevo-presidente\\\/\",\"url\":\"https:\\\/\\\/autofans.com.ar\\\/index.php\\\/2023\\\/01\\\/09\\\/nissan-argentina-presenta-a-su-nuevo-presidente\\\/\",\"name\":\"Nissan Argentina presenta a su nuevo presidente -\",\"isPartOf\":{\"@id\":\"https:\\\/\\\/autofans.com.ar\\\/#website\"},\"primaryImageOfPage\":{\"@id\":\"https:\\\/\\\/autofans.com.ar\\\/index.php\\\/2023\\\/01\\\/09\\\/nissan-argentina-presenta-a-su-nuevo-presidente\\\/#primaryimage\"},\"image\":{\"@id\":\"https:\\\/\\\/autofans.com.ar\\\/index.php\\\/2023\\\/01\\\/09\\\/nissan-argentina-presenta-a-su-nuevo-presidente\\\/#primaryimage\"},\"thumbnailUrl\":\"https:\\\/\\\/autofans.com.ar\\\/wp-content\\\/uploads\\\/2023\\\/02\\\/Nuevo-presidente-de-Nissan.jpeg\",\"datePublished\":\"2023-01-09T00:32:19+00:00\",\"dateModified\":\"2023-03-02T18:06:09+00:00\",\"author\":{\"@id\":\"https:\\\/\\\/autofans.com.ar\\\/#\\\/schema\\\/person\\\/4f260a29da3cfebb7f29121591a73481\"},\"description\":\"Nissan anuncia que\u00a0Ricardo Flammini\u00a0ha sido designado Presidente y Director General de la operaci\u00f3n en el pa\u00eds...\",\"breadcrumb\":{\"@id\":\"https:\\\/\\\/autofans.com.ar\\\/index.php\\\/2023\\\/01\\\/09\\\/nissan-argentina-presenta-a-su-nuevo-presidente\\\/#breadcrumb\"},\"inLanguage\":\"es\",\"potentialAction\":[{\"@type\":\"ReadAction\",\"target\":[\"https:\\\/\\\/autofans.com.ar\\\/index.php\\\/2023\\\/01\\\/09\\\/nissan-argentina-presenta-a-su-nuevo-presidente\\\/\"]}]},{\"@type\":\"ImageObject\",\"inLanguage\":\"es\",\"@id\":\"https:\\\/\\\/autofans.com.ar\\\/index.php\\\/2023\\\/01\\\/09\\\/nissan-argentina-presenta-a-su-nuevo-presidente\\\/#primaryimage\",\"url\":\"https:\\\/\\\/autofans.com.ar\\\/wp-content\\\/uploads\\\/2023\\\/02\\\/Nuevo-presidente-de-Nissan.jpeg\",\"contentUrl\":\"https:\\\/\\\/autofans.com.ar\\\/wp-content\\\/uploads\\\/2023\\\/02\\\/Nuevo-presidente-de-Nissan.jpeg\",\"width\":600,\"height\":400,\"caption\":\"Nissan Argentina presenta a su nuevo presidente\"},{\"@type\":\"BreadcrumbList\",\"@id\":\"https:\\\/\\\/autofans.com.ar\\\/index.php\\\/2023\\\/01\\\/09\\\/nissan-argentina-presenta-a-su-nuevo-presidente\\\/#breadcrumb\",\"itemListElement\":[{\"@type\":\"ListItem\",\"position\":1,\"name\":\"Inicio\",\"item\":\"https:\\\/\\\/autofans.com.ar\\\/\"},{\"@type\":\"ListItem\",\"position\":2,\"name\":\"Nissan Argentina presenta a su nuevo presidente\"}]},{\"@type\":\"WebSite\",\"@id\":\"https:\\\/\\\/autofans.com.ar\\\/#website\",\"url\":\"https:\\\/\\\/autofans.com.ar\\\/\",\"name\":\"\",\"description\":\"El multimedio referente de la industria automotriz\",\"potentialAction\":[{\"@type\":\"SearchAction\",\"target\":{\"@type\":\"EntryPoint\",\"urlTemplate\":\"https:\\\/\\\/autofans.com.ar\\\/?s={search_term_string}\"},\"query-input\":{\"@type\":\"PropertyValueSpecification\",\"valueRequired\":true,\"valueName\":\"search_term_string\"}}],\"inLanguage\":\"es\"},{\"@type\":\"Person\",\"@id\":\"https:\\\/\\\/autofans.com.ar\\\/#\\\/schema\\\/person\\\/4f260a29da3cfebb7f29121591a73481\",\"name\":\"AleCAF\",\"image\":{\"@type\":\"ImageObject\",\"inLanguage\":\"es\",\"@id\":\"https:\\\/\\\/secure.gravatar.com\\\/avatar\\\/959b1ac26ee9dfc67318763f0a21a739fce256ee110a46fe86a2957f5568f27e?s=96&d=mm&r=g\",\"url\":\"https:\\\/\\\/secure.gravatar.com\\\/avatar\\\/959b1ac26ee9dfc67318763f0a21a739fce256ee110a46fe86a2957f5568f27e?s=96&d=mm&r=g\",\"contentUrl\":\"https:\\\/\\\/secure.gravatar.com\\\/avatar\\\/959b1ac26ee9dfc67318763f0a21a739fce256ee110a46fe86a2957f5568f27e?s=96&d=mm&r=g\",\"caption\":\"AleCAF\"},\"description\":\"Se trata del sitio web del multimedio Autofans, dedicado a informar las novedades y tendencias del segmento automotor nacional e internacional. El multimedio est\u00e1 conformado por Autofans web, Autofans TV (Programa), Youtube, Intagram y Facebook\",\"sameAs\":[\"https:\\\/\\\/autofans.com.ar\"],\"url\":\"https:\\\/\\\/autofans.com.ar\\\/index.php\\\/author\\\/alecampolieto\\\/\"}]}<\/script>\n<!-- \/ Yoast SEO plugin. -->","yoast_head_json":{"title":"Nissan Argentina presenta a su nuevo presidente -","description":"Nissan anuncia que\u00a0Ricardo Flammini\u00a0ha sido designado Presidente y Director General de la operaci\u00f3n en el pa\u00eds...","robots":{"index":"index","follow":"follow","max-snippet":"max-snippet:-1","max-image-preview":"max-image-preview:large","max-video-preview":"max-video-preview:-1"},"canonical":"https:\/\/autofans.com.ar\/index.php\/2023\/01\/09\/nissan-argentina-presenta-a-su-nuevo-presidente\/","og_locale":"es_ES","og_type":"article","og_title":"Nissan Argentina presenta a su nuevo presidente -","og_description":"Nissan anuncia que\u00a0Ricardo Flammini\u00a0ha sido designado Presidente y Director General de la operaci\u00f3n en el pa\u00eds...","og_url":"https:\/\/autofans.com.ar\/index.php\/2023\/01\/09\/nissan-argentina-presenta-a-su-nuevo-presidente\/","article_published_time":"2023-01-09T00:32:19+00:00","article_modified_time":"2023-03-02T18:06:09+00:00","og_image":[{"width":600,"height":400,"url":"https:\/\/autofans.com.ar\/wp-content\/uploads\/2023\/02\/Nuevo-presidente-de-Nissan.jpeg","type":"image\/jpeg"}],"author":"AleCAF","twitter_card":"summary_large_image","twitter_misc":{"Escrito por":"AleCAF","Tiempo de lectura":"2 minutos"},"schema":{"@context":"https:\/\/schema.org","@graph":[{"@type":"Article","@id":"https:\/\/autofans.com.ar\/index.php\/2023\/01\/09\/nissan-argentina-presenta-a-su-nuevo-presidente\/#article","isPartOf":{"@id":"https:\/\/autofans.com.ar\/index.php\/2023\/01\/09\/nissan-argentina-presenta-a-su-nuevo-presidente\/"},"author":{"name":"AleCAF","@id":"https:\/\/autofans.com.ar\/#\/schema\/person\/4f260a29da3cfebb7f29121591a73481"},"headline":"Nissan Argentina presenta a su nuevo presidente","datePublished":"2023-01-09T00:32:19+00:00","dateModified":"2023-03-02T18:06:09+00:00","mainEntityOfPage":{"@id":"https:\/\/autofans.com.ar\/index.php\/2023\/01\/09\/nissan-argentina-presenta-a-su-nuevo-presidente\/"},"wordCount":368,"image":{"@id":"https:\/\/autofans.com.ar\/index.php\/2023\/01\/09\/nissan-argentina-presenta-a-su-nuevo-presidente\/#primaryimage"},"thumbnailUrl":"https:\/\/autofans.com.ar\/wp-content\/uploads\/2023\/02\/Nuevo-presidente-de-Nissan.jpeg","keywords":["Automotriz","CEO","Nissan Argentina","Noticia","Nuevo presidente"],"articleSection":["BIZSTYLE","NOTICIAS"],"inLanguage":"es"},{"@type":"WebPage","@id":"https:\/\/autofans.com.ar\/index.php\/2023\/01\/09\/nissan-argentina-presenta-a-su-nuevo-presidente\/","url":"https:\/\/autofans.com.ar\/index.php\/2023\/01\/09\/nissan-argentina-presenta-a-su-nuevo-presidente\/","name":"Nissan Argentina presenta a su nuevo presidente -","isPartOf":{"@id":"https:\/\/autofans.com.ar\/#website"},"primaryImageOfPage":{"@id":"https:\/\/autofans.com.ar\/index.php\/2023\/01\/09\/nissan-argentina-presenta-a-su-nuevo-presidente\/#primaryimage"},"image":{"@id":"https:\/\/autofans.com.ar\/index.php\/2023\/01\/09\/nissan-argentina-presenta-a-su-nuevo-presidente\/#primaryimage"},"thumbnailUrl":"https:\/\/autofans.com.ar\/wp-content\/uploads\/2023\/02\/Nuevo-presidente-de-Nissan.jpeg","datePublished":"2023-01-09T00:32:19+00:00","dateModified":"2023-03-02T18:06:09+00:00","author":{"@id":"https:\/\/autofans.com.ar\/#\/schema\/person\/4f260a29da3cfebb7f29121591a73481"},"description":"Nissan anuncia que\u00a0Ricardo Flammini\u00a0ha sido designado Presidente y Director General de la operaci\u00f3n en el pa\u00eds...","breadcrumb":{"@id":"https:\/\/autofans.com.ar\/index.php\/2023\/01\/09\/nissan-argentina-presenta-a-su-nuevo-presidente\/#breadcrumb"},"inLanguage":"es","potentialAction":[{"@type":"ReadAction","target":["https:\/\/autofans.com.ar\/index.php\/2023\/01\/09\/nissan-argentina-presenta-a-su-nuevo-presidente\/"]}]},{"@type":"ImageObject","inLanguage":"es","@id":"https:\/\/autofans.com.ar\/index.php\/2023\/01\/09\/nissan-argentina-presenta-a-su-nuevo-presidente\/#primaryimage","url":"https:\/\/autofans.com.ar\/wp-content\/uploads\/2023\/02\/Nuevo-presidente-de-Nissan.jpeg","contentUrl":"https:\/\/autofans.com.ar\/wp-content\/uploads\/2023\/02\/Nuevo-presidente-de-Nissan.jpeg","width":600,"height":400,"caption":"Nissan Argentina presenta a su nuevo presidente"},{"@type":"BreadcrumbList","@id":"https:\/\/autofans.com.ar\/index.php\/2023\/01\/09\/nissan-argentina-presenta-a-su-nuevo-presidente\/#breadcrumb","itemListElement":[{"@type":"ListItem","position":1,"name":"Inicio","item":"https:\/\/autofans.com.ar\/"},{"@type":"ListItem","position":2,"name":"Nissan Argentina presenta a su nuevo presidente"}]},{"@type":"WebSite","@id":"https:\/\/autofans.com.ar\/#website","url":"https:\/\/autofans.com.ar\/","name":"","description":"El multimedio referente de la industria automotriz","potentialAction":[{"@type":"SearchAction","target":{"@type":"EntryPoint","urlTemplate":"https:\/\/autofans.com.ar\/?s={search_term_string}"},"query-input":{"@type":"PropertyValueSpecification","valueRequired":true,"valueName":"search_term_string"}}],"inLanguage":"es"},{"@type":"Person","@id":"https:\/\/autofans.com.ar\/#\/schema\/person\/4f260a29da3cfebb7f29121591a73481","name":"AleCAF","image":{"@type":"ImageObject","inLanguage":"es","@id":"https:\/\/secure.gravatar.com\/avatar\/959b1ac26ee9dfc67318763f0a21a739fce256ee110a46fe86a2957f5568f27e?s=96&d=mm&r=g","url":"https:\/\/secure.gravatar.com\/avatar\/959b1ac26ee9dfc67318763f0a21a739fce256ee110a46fe86a2957f5568f27e?s=96&d=mm&r=g","contentUrl":"https:\/\/secure.gravatar.com\/avatar\/959b1ac26ee9dfc67318763f0a21a739fce256ee110a46fe86a2957f5568f27e?s=96&d=mm&r=g","caption":"AleCAF"},"description":"Se trata del sitio web del multimedio Autofans, dedicado a informar las novedades y tendencias del segmento automotor nacional e internacional. El multimedio est\u00e1 conformado por Autofans web, Autofans TV (Programa), Youtube, Intagram y Facebook","sameAs":["https:\/\/autofans.com.ar"],"url":"https:\/\/autofans.com.ar\/index.php\/author\/alecampolieto\/"}]}},"featured_image_urls":{"full":["https:\/\/autofans.com.ar\/wp-content\/uploads\/2023\/02\/Nuevo-presidente-de-Nissan.jpeg",600,400,false],"thumbnail":["https:\/\/autofans.com.ar\/wp-content\/uploads\/2023\/02\/Nuevo-presidente-de-Nissan-150x150.jpeg",150,150,true],"medium":["https:\/\/autofans.com.ar\/wp-content\/uploads\/2023\/02\/Nuevo-presidente-de-Nissan-300x200.jpeg",300,200,true],"medium_large":["https:\/\/autofans.com.ar\/wp-content\/uploads\/2023\/02\/Nuevo-presidente-de-Nissan.jpeg",600,400,false],"large":["https:\/\/autofans.com.ar\/wp-content\/uploads\/2023\/02\/Nuevo-presidente-de-Nissan.jpeg",600,400,false],"1536x1536":["https:\/\/autofans.com.ar\/wp-content\/uploads\/2023\/02\/Nuevo-presidente-de-Nissan.jpeg",600,400,false],"2048x2048":["https:\/\/autofans.com.ar\/wp-content\/uploads\/2023\/02\/Nuevo-presidente-de-Nissan.jpeg",600,400,false],"covernews-featured":["https:\/\/autofans.com.ar\/wp-content\/uploads\/2023\/02\/Nuevo-presidente-de-Nissan.jpeg",600,400,false],"covernews-medium":["https:\/\/autofans.com.ar\/wp-content\/uploads\/2023\/02\/Nuevo-presidente-de-Nissan-540x340.jpeg",540,340,true]},"author_info":{"display_name":"AleCAF","author_link":"https:\/\/autofans.com.ar\/index.php\/author\/alecampolieto\/"},"category_info":"<a href=\"https:\/\/autofans.com.ar\/index.php\/category\/noticias\/bizstyle\/\" rel=\"category tag\">BIZSTYLE<\/a> <a href=\"https:\/\/autofans.com.ar\/index.php\/category\/noticias\/\" rel=\"category tag\">NOTICIAS<\/a>","tag_info":"NOTICIAS","comment_count":0,"_links":{"self":[{"href":"https:\/\/autofans.com.ar\/index.php\/wp-json\/wp\/v2\/posts\/111","targetHints":{"allow":["GET"]}}],"collection":[{"href":"https:\/\/autofans.com.ar\/index.php\/wp-json\/wp\/v2\/posts"}],"about":[{"href":"https:\/\/autofans.com.ar\/index.php\/wp-json\/wp\/v2\/types\/post"}],"author":[{"embeddable":true,"href":"https:\/\/autofans.com.ar\/index.php\/wp-json\/wp\/v2\/users\/1"}],"replies":[{"embeddable":true,"href":"https:\/\/autofans.com.ar\/index.php\/wp-json\/wp\/v2\/comments?post=111"}],"version-history":[{"count":1,"href":"https:\/\/autofans.com.ar\/index.php\/wp-json\/wp\/v2\/posts\/111\/revisions"}],"predecessor-version":[{"id":113,"href":"https:\/\/autofans.com.ar\/index.php\/wp-json\/wp\/v2\/posts\/111\/revisions\/113"}],"wp:featuredmedia":[{"embeddable":true,"href":"https:\/\/autofans.com.ar\/index.php\/wp-json\/wp\/v2\/media\/112"}],"wp:attachment":[{"href":"https:\/\/autofans.com.ar\/index.php\/wp-json\/wp\/v2\/media?parent=111"}],"wp:term":[{"taxonomy":"category","embeddable":true,"href":"https:\/\/autofans.com.ar\/index.php\/wp-json\/wp\/v2\/categories?post=111"},{"taxonomy":"post_tag","embeddable":true,"href":"https:\/\/autofans.com.ar\/index.php\/wp-json\/wp\/v2\/tags?post=111"}],"curies":[{"name":"wp","href":"https:\/\/api.w.org\/{rel}","templated":true}]}}