{"id":11114,"date":"2025-02-10T20:36:04","date_gmt":"2025-02-10T23:36:04","guid":{"rendered":"https:\/\/autofans.com.ar\/?p=11114"},"modified":"2025-02-10T20:36:04","modified_gmt":"2025-02-10T23:36:04","slug":"iveco-bate-records-y-refuerza-su-presencia-en-chile","status":"publish","type":"post","link":"https:\/\/autofans.com.ar\/index.php\/2025\/02\/10\/iveco-bate-records-y-refuerza-su-presencia-en-chile\/","title":{"rendered":"IVECO bate r\u00e9cords y refuerza su presencia en Chile"},"content":{"rendered":"<p>IVECO, en alianza con Andes Motor, cerr\u00f3 2024 con un crecimiento hist\u00f3rico en Chile, reafirmando su presencia en el mercado de camiones pesados y medianos. La marca alcanz\u00f3 326 unidades inscriptas en el a\u00f1o, lo que representa un aumento del 79,1% respecto a 2023.<\/p>\n<p>&nbsp;<\/p>\n<blockquote>\n<p style=\"text-align: center;\">\u00abEste logro es un claro reflejo del gran trabajo en equipo que venimos realizando junto a Andes Motor y del compromiso de IVECO con la regi\u00f3n. Nos llena de orgullo ver c\u00f3mo nuestra estrategia de crecimiento, basada en innovaci\u00f3n, rendimiento y sostenibilidad, da frutos y nos posiciona como un actor clave en el mercado de camiones pesados. Seguiremos impulsando el transporte del futuro en Chile y Am\u00e9rica Latina con soluciones que marcan la diferencia\u201d, manifest\u00f3 Marcio Querichelli, presidente de IVECO en Am\u00e9rica Latina.<\/p>\n<\/blockquote>\n<p>&nbsp;<\/p>\n<h2>Expansi\u00f3n y liderazgo en el sector<\/h2>\n<p>Entre enero y diciembre de 2024, IVECO registr\u00f3 297 unidades vendidas en el segmento de camiones pesados, logrando un crecimiento superior al 100%. En camiones medianos, el incremento fue del 155,6%, consolidando a la marca como una de las m\u00e1s din\u00e1micas del mercado chileno.<\/p>\n<p>&nbsp;<\/p>\n<p><img fetchpriority=\"high\" decoding=\"async\" class=\"aligncenter wp-image-11117 size-full\" src=\"https:\/\/autofans.com.ar\/wp-content\/uploads\/2025\/02\/iveco-2-1.jpg\" alt=\"IVECO\" width=\"1000\" height=\"667\" srcset=\"https:\/\/autofans.com.ar\/wp-content\/uploads\/2025\/02\/iveco-2-1.jpg 1000w, https:\/\/autofans.com.ar\/wp-content\/uploads\/2025\/02\/iveco-2-1-300x200.jpg 300w, https:\/\/autofans.com.ar\/wp-content\/uploads\/2025\/02\/iveco-2-1-768x512.jpg 768w\" sizes=\"(max-width: 1000px) 100vw, 1000px\" \/><\/p>\n<p>&nbsp;<\/p>\n<p>Este crecimiento responde a una estrategia centrada en productos alineados con las necesidades del transporte y un servicio posventa robusto. La colaboraci\u00f3n con Andes Motor fue clave para expandir la red de soporte y mejorar la experiencia del cliente.<\/p>\n<p>&nbsp;<\/p>\n<blockquote>\n<p style=\"text-align: center;\">Por su parte, William Costa, director comercial para mercados importadores de IVECO en Am\u00e9rica Latina agreg\u00f3: \u201cEl 2024 fue un a\u00f1o de grandes logros para IVECO en Chile, y estos resultados refuerzan nuestra determinaci\u00f3n de seguir creciendo en el mercado. Con el respaldo de Andes Motor y la confianza de sus clientes, la marca apuntar a continuar liderando la evoluci\u00f3n del transporte en la regi\u00f3n, ofreciendo productos y servicios que combinan tecnolog\u00eda de vanguardia, rendimiento y sostenibilidad\u201d.<\/p>\n<\/blockquote>\n<p>&nbsp;<\/p>\n<h2>IVECO apuesta por la movilidad sostenible<\/h2>\n<p>&nbsp;<\/p>\n<p><img decoding=\"async\" class=\"aligncenter wp-image-11116 size-full\" src=\"https:\/\/autofans.com.ar\/wp-content\/uploads\/2025\/02\/iveco-3-1.jpg\" alt=\"IVECO\" width=\"1000\" height=\"667\" srcset=\"https:\/\/autofans.com.ar\/wp-content\/uploads\/2025\/02\/iveco-3-1.jpg 1000w, https:\/\/autofans.com.ar\/wp-content\/uploads\/2025\/02\/iveco-3-1-300x200.jpg 300w, https:\/\/autofans.com.ar\/wp-content\/uploads\/2025\/02\/iveco-3-1-768x512.jpg 768w\" sizes=\"(max-width: 1000px) 100vw, 1000px\" \/><\/p>\n<p>&nbsp;<\/p>\n<p>IVECO refuerza su compromiso con el transporte sustentable mediante su l\u00ednea de camiones a gas natural licuado (GNL). La creciente demanda por tecnolog\u00edas limpias impuls\u00f3 la entrega de 40 camiones X-Way a Transportes Interandinos, sumando un total de 170 unidades a GNL en el pa\u00eds, de las cuales el 64,71% pertenecen a IVECO.<\/p>\n<p>&nbsp;<\/p>\n<blockquote>\n<p style=\"text-align: center;\">\u201cEstos logros se deben a una visi\u00f3n compartida que prioriza la innovaci\u00f3n, el respaldo a nuestros clientes y un fuerte compromiso con el desarrollo de tecnolog\u00edas sostenibles. Estamos orgullosos de ser parte de esta transformaci\u00f3n en el transporte en Chile, liderando con soluciones que no solo cumplen con las expectativas del mercado, sino que tambi\u00e9n aportan al cuidado del medio ambiente y a la eficiencia operativa de nuestros clientes\u00bb, expres\u00f3 Rodrigo Arroyo, gerente de Camiones en Andes Motor.<\/p>\n<\/blockquote>\n<p>&nbsp;<\/p>\n<h2>Servicio integral y acompa\u00f1amiento al cliente<\/h2>\n<p>Adem\u00e1s de su crecimiento en ventas, IVECO mantiene una s\u00f3lida red de posventa y capacitaci\u00f3n t\u00e9cnica para garantizar la operatividad de sus veh\u00edculos. \u201cAgradecemos la confianza de nuestros clientes y reafirmamos nuestro compromiso de ofrecer soluciones innovadoras y eficientes\u201d, destac\u00f3 Costa, representante de la marca.<\/p>\n<p>&nbsp;<\/p>\n<p>&nbsp;<\/p>\n<p><i>Para enterarte de m\u00e1s novedades, no dejes de leer\u00a0<\/i><a href=\"https:\/\/autofans.thebrandsoup.com\/\"><i>nuestras notas<\/i><\/a><i>, de ver<\/i><b><i>\u00a0<\/i><\/b><a href=\"https:\/\/www.youtube.com\/channel\/UCgAC8UGHZYbT6P7PpmVnP7g\"><b><i>AUTOFANS TV<\/i><\/b><\/a><b><i>\u00a0<\/i><\/b><i>en nuestro\u00a0canal de Youtube. Adem\u00e1s seguinos en\u00a0<\/i><a href=\"https:\/\/www.instagram.com\/autofanstv\/\"><i>INSTAGRAM<\/i><\/a><i> y <\/i><a href=\"https:\/\/www.facebook.com\/autofansmas\/\"><i>FACEBOOK<\/i><\/a><i> para no perderte nada sobre las novedades del segmento automotor de Argentina y el mundo.<\/i><\/p>\n","protected":false},"excerpt":{"rendered":"<p>IVECO, en alianza con Andes Motor, cerr\u00f3 2024 con un crecimiento hist\u00f3rico en Chile, reafirmando&#8230;<\/p>\n","protected":false},"author":2,"featured_media":11118,"comment_status":"closed","ping_status":"closed","sticky":false,"template":"","format":"standard","meta":{"footnotes":""},"categories":[16,10],"tags":[2800,3594,5935,6068,6067,6066,125,6070,584,6069],"class_list":["post-11114","post","type-post","status-publish","format-standard","has-post-thumbnail","hentry","category-noticias","category-utilitarios-y-pesados-lanzamientos","tag-andes-motor","tag-camiones-a-gas-natural","tag-camiones-iveco","tag-camiones-pesados-chile","tag-crecimiento-iveco","tag-iveco-chile","tag-movilidad-sostenible","tag-posventa-iveco","tag-transporte-sustentable","tag-x-way-gnl"],"yoast_head":"<!-- This site is optimized with the Yoast SEO plugin v27.5 - https:\/\/yoast.com\/product\/yoast-seo-wordpress\/ -->\n<title>IVECO bate r\u00e9cords y refuerza su presencia en Chile -<\/title>\n<meta name=\"description\" content=\"IVECO, parte de Iveco Group, junto a su distribuidor oficial en Chile, Andes Motor, registr\u00f3 un crecimiento sin precedentes en 2024...\" \/>\n<meta name=\"robots\" content=\"index, follow, max-snippet:-1, max-image-preview:large, max-video-preview:-1\" \/>\n<link rel=\"canonical\" href=\"https:\/\/autofans.com.ar\/index.php\/2025\/02\/10\/iveco-bate-records-y-refuerza-su-presencia-en-chile\/\" \/>\n<meta property=\"og:locale\" content=\"es_ES\" \/>\n<meta property=\"og:type\" content=\"article\" \/>\n<meta property=\"og:title\" content=\"IVECO bate r\u00e9cords y refuerza su presencia en Chile -\" \/>\n<meta property=\"og:description\" content=\"IVECO, parte de Iveco Group, junto a su distribuidor oficial en Chile, Andes Motor, registr\u00f3 un crecimiento sin precedentes en 2024...\" \/>\n<meta property=\"og:url\" content=\"https:\/\/autofans.com.ar\/index.php\/2025\/02\/10\/iveco-bate-records-y-refuerza-su-presencia-en-chile\/\" \/>\n<meta property=\"article:published_time\" content=\"2025-02-10T23:36:04+00:00\" \/>\n<meta property=\"og:image\" content=\"https:\/\/autofans.com.ar\/wp-content\/uploads\/2025\/02\/iveco-1.jpg\" \/>\n\t<meta property=\"og:image:width\" content=\"1000\" \/>\n\t<meta property=\"og:image:height\" content=\"667\" \/>\n\t<meta property=\"og:image:type\" content=\"image\/jpeg\" \/>\n<meta name=\"author\" content=\"Alejandro Gabriel Rosito\" \/>\n<meta name=\"twitter:card\" content=\"summary_large_image\" \/>\n<meta name=\"twitter:label1\" content=\"Escrito por\" \/>\n\t<meta name=\"twitter:data1\" content=\"Alejandro Gabriel Rosito\" \/>\n\t<meta name=\"twitter:label2\" content=\"Tiempo de lectura\" \/>\n\t<meta name=\"twitter:data2\" content=\"2 minutos\" \/>\n<script type=\"application\/ld+json\" class=\"yoast-schema-graph\">{\"@context\":\"https:\\\/\\\/schema.org\",\"@graph\":[{\"@type\":\"Article\",\"@id\":\"https:\\\/\\\/autofans.com.ar\\\/index.php\\\/2025\\\/02\\\/10\\\/iveco-bate-records-y-refuerza-su-presencia-en-chile\\\/#article\",\"isPartOf\":{\"@id\":\"https:\\\/\\\/autofans.com.ar\\\/index.php\\\/2025\\\/02\\\/10\\\/iveco-bate-records-y-refuerza-su-presencia-en-chile\\\/\"},\"author\":{\"name\":\"Alejandro Gabriel Rosito\",\"@id\":\"https:\\\/\\\/autofans.com.ar\\\/#\\\/schema\\\/person\\\/4a8dda0b6df83ac3d6723e921274c2aa\"},\"headline\":\"IVECO bate r\u00e9cords y refuerza su presencia en Chile\",\"datePublished\":\"2025-02-10T23:36:04+00:00\",\"mainEntityOfPage\":{\"@id\":\"https:\\\/\\\/autofans.com.ar\\\/index.php\\\/2025\\\/02\\\/10\\\/iveco-bate-records-y-refuerza-su-presencia-en-chile\\\/\"},\"wordCount\":565,\"image\":{\"@id\":\"https:\\\/\\\/autofans.com.ar\\\/index.php\\\/2025\\\/02\\\/10\\\/iveco-bate-records-y-refuerza-su-presencia-en-chile\\\/#primaryimage\"},\"thumbnailUrl\":\"https:\\\/\\\/autofans.com.ar\\\/wp-content\\\/uploads\\\/2025\\\/02\\\/iveco-1.jpg\",\"keywords\":[\"Andes Motor\",\"camiones a gas natural\",\"camiones IVECO\",\"camiones pesados Chile\",\"crecimiento IVECO\",\"IVECO Chile\",\"Movilidad Sostenible\",\"posventa IVECO\",\"transporte sustentable\",\"X-Way GNL\"],\"articleSection\":[\"NOTICIAS\",\"Pick Ups, Utilitarios y Pesados\"],\"inLanguage\":\"es\"},{\"@type\":\"WebPage\",\"@id\":\"https:\\\/\\\/autofans.com.ar\\\/index.php\\\/2025\\\/02\\\/10\\\/iveco-bate-records-y-refuerza-su-presencia-en-chile\\\/\",\"url\":\"https:\\\/\\\/autofans.com.ar\\\/index.php\\\/2025\\\/02\\\/10\\\/iveco-bate-records-y-refuerza-su-presencia-en-chile\\\/\",\"name\":\"IVECO bate r\u00e9cords y refuerza su presencia en Chile -\",\"isPartOf\":{\"@id\":\"https:\\\/\\\/autofans.com.ar\\\/#website\"},\"primaryImageOfPage\":{\"@id\":\"https:\\\/\\\/autofans.com.ar\\\/index.php\\\/2025\\\/02\\\/10\\\/iveco-bate-records-y-refuerza-su-presencia-en-chile\\\/#primaryimage\"},\"image\":{\"@id\":\"https:\\\/\\\/autofans.com.ar\\\/index.php\\\/2025\\\/02\\\/10\\\/iveco-bate-records-y-refuerza-su-presencia-en-chile\\\/#primaryimage\"},\"thumbnailUrl\":\"https:\\\/\\\/autofans.com.ar\\\/wp-content\\\/uploads\\\/2025\\\/02\\\/iveco-1.jpg\",\"datePublished\":\"2025-02-10T23:36:04+00:00\",\"author\":{\"@id\":\"https:\\\/\\\/autofans.com.ar\\\/#\\\/schema\\\/person\\\/4a8dda0b6df83ac3d6723e921274c2aa\"},\"description\":\"IVECO, parte de Iveco Group, junto a su distribuidor oficial en Chile, Andes Motor, registr\u00f3 un crecimiento sin precedentes en 2024...\",\"breadcrumb\":{\"@id\":\"https:\\\/\\\/autofans.com.ar\\\/index.php\\\/2025\\\/02\\\/10\\\/iveco-bate-records-y-refuerza-su-presencia-en-chile\\\/#breadcrumb\"},\"inLanguage\":\"es\",\"potentialAction\":[{\"@type\":\"ReadAction\",\"target\":[\"https:\\\/\\\/autofans.com.ar\\\/index.php\\\/2025\\\/02\\\/10\\\/iveco-bate-records-y-refuerza-su-presencia-en-chile\\\/\"]}]},{\"@type\":\"ImageObject\",\"inLanguage\":\"es\",\"@id\":\"https:\\\/\\\/autofans.com.ar\\\/index.php\\\/2025\\\/02\\\/10\\\/iveco-bate-records-y-refuerza-su-presencia-en-chile\\\/#primaryimage\",\"url\":\"https:\\\/\\\/autofans.com.ar\\\/wp-content\\\/uploads\\\/2025\\\/02\\\/iveco-1.jpg\",\"contentUrl\":\"https:\\\/\\\/autofans.com.ar\\\/wp-content\\\/uploads\\\/2025\\\/02\\\/iveco-1.jpg\",\"width\":1000,\"height\":667,\"caption\":\"IVECO\"},{\"@type\":\"BreadcrumbList\",\"@id\":\"https:\\\/\\\/autofans.com.ar\\\/index.php\\\/2025\\\/02\\\/10\\\/iveco-bate-records-y-refuerza-su-presencia-en-chile\\\/#breadcrumb\",\"itemListElement\":[{\"@type\":\"ListItem\",\"position\":1,\"name\":\"Inicio\",\"item\":\"https:\\\/\\\/autofans.com.ar\\\/\"},{\"@type\":\"ListItem\",\"position\":2,\"name\":\"IVECO bate r\u00e9cords y refuerza su presencia en Chile\"}]},{\"@type\":\"WebSite\",\"@id\":\"https:\\\/\\\/autofans.com.ar\\\/#website\",\"url\":\"https:\\\/\\\/autofans.com.ar\\\/\",\"name\":\"\",\"description\":\"El multimedio referente de la industria automotriz\",\"potentialAction\":[{\"@type\":\"SearchAction\",\"target\":{\"@type\":\"EntryPoint\",\"urlTemplate\":\"https:\\\/\\\/autofans.com.ar\\\/?s={search_term_string}\"},\"query-input\":{\"@type\":\"PropertyValueSpecification\",\"valueRequired\":true,\"valueName\":\"search_term_string\"}}],\"inLanguage\":\"es\"},{\"@type\":\"Person\",\"@id\":\"https:\\\/\\\/autofans.com.ar\\\/#\\\/schema\\\/person\\\/4a8dda0b6df83ac3d6723e921274c2aa\",\"name\":\"Alejandro Gabriel Rosito\",\"image\":{\"@type\":\"ImageObject\",\"inLanguage\":\"es\",\"@id\":\"https:\\\/\\\/secure.gravatar.com\\\/avatar\\\/16c5dda1489adfc62618084dcbb91cffd879c374b13fe5dd8e44ed6733852c88?s=96&d=mm&r=g\",\"url\":\"https:\\\/\\\/secure.gravatar.com\\\/avatar\\\/16c5dda1489adfc62618084dcbb91cffd879c374b13fe5dd8e44ed6733852c88?s=96&d=mm&r=g\",\"contentUrl\":\"https:\\\/\\\/secure.gravatar.com\\\/avatar\\\/16c5dda1489adfc62618084dcbb91cffd879c374b13fe5dd8e44ed6733852c88?s=96&d=mm&r=g\",\"caption\":\"Alejandro Gabriel Rosito\"},\"url\":\"https:\\\/\\\/autofans.com.ar\\\/index.php\\\/author\\\/gabrielr\\\/\"}]}<\/script>\n<!-- \/ Yoast SEO plugin. -->","yoast_head_json":{"title":"IVECO bate r\u00e9cords y refuerza su presencia en Chile -","description":"IVECO, parte de Iveco Group, junto a su distribuidor oficial en Chile, Andes Motor, registr\u00f3 un crecimiento sin precedentes en 2024...","robots":{"index":"index","follow":"follow","max-snippet":"max-snippet:-1","max-image-preview":"max-image-preview:large","max-video-preview":"max-video-preview:-1"},"canonical":"https:\/\/autofans.com.ar\/index.php\/2025\/02\/10\/iveco-bate-records-y-refuerza-su-presencia-en-chile\/","og_locale":"es_ES","og_type":"article","og_title":"IVECO bate r\u00e9cords y refuerza su presencia en Chile -","og_description":"IVECO, parte de Iveco Group, junto a su distribuidor oficial en Chile, Andes Motor, registr\u00f3 un crecimiento sin precedentes en 2024...","og_url":"https:\/\/autofans.com.ar\/index.php\/2025\/02\/10\/iveco-bate-records-y-refuerza-su-presencia-en-chile\/","article_published_time":"2025-02-10T23:36:04+00:00","og_image":[{"width":1000,"height":667,"url":"https:\/\/autofans.com.ar\/wp-content\/uploads\/2025\/02\/iveco-1.jpg","type":"image\/jpeg"}],"author":"Alejandro Gabriel Rosito","twitter_card":"summary_large_image","twitter_misc":{"Escrito por":"Alejandro Gabriel Rosito","Tiempo de lectura":"2 minutos"},"schema":{"@context":"https:\/\/schema.org","@graph":[{"@type":"Article","@id":"https:\/\/autofans.com.ar\/index.php\/2025\/02\/10\/iveco-bate-records-y-refuerza-su-presencia-en-chile\/#article","isPartOf":{"@id":"https:\/\/autofans.com.ar\/index.php\/2025\/02\/10\/iveco-bate-records-y-refuerza-su-presencia-en-chile\/"},"author":{"name":"Alejandro Gabriel Rosito","@id":"https:\/\/autofans.com.ar\/#\/schema\/person\/4a8dda0b6df83ac3d6723e921274c2aa"},"headline":"IVECO bate r\u00e9cords y refuerza su presencia en Chile","datePublished":"2025-02-10T23:36:04+00:00","mainEntityOfPage":{"@id":"https:\/\/autofans.com.ar\/index.php\/2025\/02\/10\/iveco-bate-records-y-refuerza-su-presencia-en-chile\/"},"wordCount":565,"image":{"@id":"https:\/\/autofans.com.ar\/index.php\/2025\/02\/10\/iveco-bate-records-y-refuerza-su-presencia-en-chile\/#primaryimage"},"thumbnailUrl":"https:\/\/autofans.com.ar\/wp-content\/uploads\/2025\/02\/iveco-1.jpg","keywords":["Andes Motor","camiones a gas natural","camiones IVECO","camiones pesados Chile","crecimiento IVECO","IVECO Chile","Movilidad Sostenible","posventa IVECO","transporte sustentable","X-Way GNL"],"articleSection":["NOTICIAS","Pick Ups, Utilitarios y Pesados"],"inLanguage":"es"},{"@type":"WebPage","@id":"https:\/\/autofans.com.ar\/index.php\/2025\/02\/10\/iveco-bate-records-y-refuerza-su-presencia-en-chile\/","url":"https:\/\/autofans.com.ar\/index.php\/2025\/02\/10\/iveco-bate-records-y-refuerza-su-presencia-en-chile\/","name":"IVECO bate r\u00e9cords y refuerza su presencia en Chile -","isPartOf":{"@id":"https:\/\/autofans.com.ar\/#website"},"primaryImageOfPage":{"@id":"https:\/\/autofans.com.ar\/index.php\/2025\/02\/10\/iveco-bate-records-y-refuerza-su-presencia-en-chile\/#primaryimage"},"image":{"@id":"https:\/\/autofans.com.ar\/index.php\/2025\/02\/10\/iveco-bate-records-y-refuerza-su-presencia-en-chile\/#primaryimage"},"thumbnailUrl":"https:\/\/autofans.com.ar\/wp-content\/uploads\/2025\/02\/iveco-1.jpg","datePublished":"2025-02-10T23:36:04+00:00","author":{"@id":"https:\/\/autofans.com.ar\/#\/schema\/person\/4a8dda0b6df83ac3d6723e921274c2aa"},"description":"IVECO, parte de Iveco Group, junto a su distribuidor oficial en Chile, Andes Motor, registr\u00f3 un crecimiento sin precedentes en 2024...","breadcrumb":{"@id":"https:\/\/autofans.com.ar\/index.php\/2025\/02\/10\/iveco-bate-records-y-refuerza-su-presencia-en-chile\/#breadcrumb"},"inLanguage":"es","potentialAction":[{"@type":"ReadAction","target":["https:\/\/autofans.com.ar\/index.php\/2025\/02\/10\/iveco-bate-records-y-refuerza-su-presencia-en-chile\/"]}]},{"@type":"ImageObject","inLanguage":"es","@id":"https:\/\/autofans.com.ar\/index.php\/2025\/02\/10\/iveco-bate-records-y-refuerza-su-presencia-en-chile\/#primaryimage","url":"https:\/\/autofans.com.ar\/wp-content\/uploads\/2025\/02\/iveco-1.jpg","contentUrl":"https:\/\/autofans.com.ar\/wp-content\/uploads\/2025\/02\/iveco-1.jpg","width":1000,"height":667,"caption":"IVECO"},{"@type":"BreadcrumbList","@id":"https:\/\/autofans.com.ar\/index.php\/2025\/02\/10\/iveco-bate-records-y-refuerza-su-presencia-en-chile\/#breadcrumb","itemListElement":[{"@type":"ListItem","position":1,"name":"Inicio","item":"https:\/\/autofans.com.ar\/"},{"@type":"ListItem","position":2,"name":"IVECO bate r\u00e9cords y refuerza su presencia en Chile"}]},{"@type":"WebSite","@id":"https:\/\/autofans.com.ar\/#website","url":"https:\/\/autofans.com.ar\/","name":"","description":"El multimedio referente de la industria automotriz","potentialAction":[{"@type":"SearchAction","target":{"@type":"EntryPoint","urlTemplate":"https:\/\/autofans.com.ar\/?s={search_term_string}"},"query-input":{"@type":"PropertyValueSpecification","valueRequired":true,"valueName":"search_term_string"}}],"inLanguage":"es"},{"@type":"Person","@id":"https:\/\/autofans.com.ar\/#\/schema\/person\/4a8dda0b6df83ac3d6723e921274c2aa","name":"Alejandro Gabriel Rosito","image":{"@type":"ImageObject","inLanguage":"es","@id":"https:\/\/secure.gravatar.com\/avatar\/16c5dda1489adfc62618084dcbb91cffd879c374b13fe5dd8e44ed6733852c88?s=96&d=mm&r=g","url":"https:\/\/secure.gravatar.com\/avatar\/16c5dda1489adfc62618084dcbb91cffd879c374b13fe5dd8e44ed6733852c88?s=96&d=mm&r=g","contentUrl":"https:\/\/secure.gravatar.com\/avatar\/16c5dda1489adfc62618084dcbb91cffd879c374b13fe5dd8e44ed6733852c88?s=96&d=mm&r=g","caption":"Alejandro Gabriel Rosito"},"url":"https:\/\/autofans.com.ar\/index.php\/author\/gabrielr\/"}]}},"featured_image_urls":{"full":["https:\/\/autofans.com.ar\/wp-content\/uploads\/2025\/02\/iveco-1.jpg",1000,667,false],"thumbnail":["https:\/\/autofans.com.ar\/wp-content\/uploads\/2025\/02\/iveco-1-150x150.jpg",150,150,true],"medium":["https:\/\/autofans.com.ar\/wp-content\/uploads\/2025\/02\/iveco-1-300x200.jpg",300,200,true],"medium_large":["https:\/\/autofans.com.ar\/wp-content\/uploads\/2025\/02\/iveco-1-768x512.jpg",640,427,true],"large":["https:\/\/autofans.com.ar\/wp-content\/uploads\/2025\/02\/iveco-1.jpg",640,427,false],"1536x1536":["https:\/\/autofans.com.ar\/wp-content\/uploads\/2025\/02\/iveco-1.jpg",1000,667,false],"2048x2048":["https:\/\/autofans.com.ar\/wp-content\/uploads\/2025\/02\/iveco-1.jpg",1000,667,false],"covernews-featured":["https:\/\/autofans.com.ar\/wp-content\/uploads\/2025\/02\/iveco-1.jpg",1000,667,false],"covernews-medium":["https:\/\/autofans.com.ar\/wp-content\/uploads\/2025\/02\/iveco-1-540x340.jpg",540,340,true]},"author_info":{"display_name":"Alejandro Gabriel Rosito","author_link":"https:\/\/autofans.com.ar\/index.php\/author\/gabrielr\/"},"category_info":"<a href=\"https:\/\/autofans.com.ar\/index.php\/category\/noticias\/\" rel=\"category tag\">NOTICIAS<\/a> <a href=\"https:\/\/autofans.com.ar\/index.php\/category\/lanzamientos\/utilitarios-y-pesados-lanzamientos\/\" rel=\"category tag\">Pick Ups, Utilitarios y Pesados<\/a>","tag_info":"Pick Ups, Utilitarios y Pesados","comment_count":0,"_links":{"self":[{"href":"https:\/\/autofans.com.ar\/index.php\/wp-json\/wp\/v2\/posts\/11114","targetHints":{"allow":["GET"]}}],"collection":[{"href":"https:\/\/autofans.com.ar\/index.php\/wp-json\/wp\/v2\/posts"}],"about":[{"href":"https:\/\/autofans.com.ar\/index.php\/wp-json\/wp\/v2\/types\/post"}],"author":[{"embeddable":true,"href":"https:\/\/autofans.com.ar\/index.php\/wp-json\/wp\/v2\/users\/2"}],"replies":[{"embeddable":true,"href":"https:\/\/autofans.com.ar\/index.php\/wp-json\/wp\/v2\/comments?post=11114"}],"version-history":[{"count":2,"href":"https:\/\/autofans.com.ar\/index.php\/wp-json\/wp\/v2\/posts\/11114\/revisions"}],"predecessor-version":[{"id":11119,"href":"https:\/\/autofans.com.ar\/index.php\/wp-json\/wp\/v2\/posts\/11114\/revisions\/11119"}],"wp:featuredmedia":[{"embeddable":true,"href":"https:\/\/autofans.com.ar\/index.php\/wp-json\/wp\/v2\/media\/11118"}],"wp:attachment":[{"href":"https:\/\/autofans.com.ar\/index.php\/wp-json\/wp\/v2\/media?parent=11114"}],"wp:term":[{"taxonomy":"category","embeddable":true,"href":"https:\/\/autofans.com.ar\/index.php\/wp-json\/wp\/v2\/categories?post=11114"},{"taxonomy":"post_tag","embeddable":true,"href":"https:\/\/autofans.com.ar\/index.php\/wp-json\/wp\/v2\/tags?post=11114"}],"curies":[{"name":"wp","href":"https:\/\/api.w.org\/{rel}","templated":true}]}}