{"id":11155,"date":"2025-02-12T19:34:19","date_gmt":"2025-02-12T22:34:19","guid":{"rendered":"https:\/\/autofans.com.ar\/?p=11155"},"modified":"2025-02-12T19:34:19","modified_gmt":"2025-02-12T22:34:19","slug":"volkswagen-extiende-sus-planes-de-financiacion-en-febrero","status":"publish","type":"post","link":"https:\/\/autofans.com.ar\/index.php\/2025\/02\/12\/volkswagen-extiende-sus-planes-de-financiacion-en-febrero\/","title":{"rendered":"Volkswagen extiende sus planes de financiaci\u00f3n en febrero"},"content":{"rendered":"<p data-pm-slice=\"1 1 []\">Volkswagen mantiene su propuesta de financiamiento con las \u00abVW Weeks\u00bb, ofreciendo durante febrero planes accesibles para la compra de un 0 km en concesionarios oficiales. Con opciones de cr\u00e9ditos a Tasa 0% fija y pr\u00e9stamos prendarios UVA, la marca busca facilitar el acceso a sus modelos. Adem\u00e1s, en alianza con Zurich, las unidades financiadas incluyen 6 meses de seguro \u00abTodo Riesgo\u00bb al valor de \u00abTerceros Completo\u00bb.<\/p>\n<p data-pm-slice=\"1 1 []\"><span style=\"color: #ffffff;\">.<\/span><\/p>\n<h2>Financiaci\u00f3n disponible para modelos VW<\/h2>\n<p>Desde este mes, los modelos Polo, Virtus, Nuevo Nivus, T-Cross, Tiguan Allspace, Saveiro y Nuevo Vento GLI pueden adquirirse con Tasa 0% fija a 9 meses, financiando hasta $16.000.000. Tambi\u00e9n est\u00e1 disponible la opci\u00f3n de financiar hasta el 50% del veh\u00edculo a Tasa 0% + UVAs a 12 meses.<\/p>\n<p>&nbsp;<\/p>\n<p><img fetchpriority=\"high\" decoding=\"async\" class=\"aligncenter wp-image-10616 size-full\" src=\"https:\/\/autofans.com.ar\/wp-content\/uploads\/2025\/01\/vw-4-1.jpg\" alt=\"Volkswagen\" width=\"1000\" height=\"667\" srcset=\"https:\/\/autofans.com.ar\/wp-content\/uploads\/2025\/01\/vw-4-1.jpg 1000w, https:\/\/autofans.com.ar\/wp-content\/uploads\/2025\/01\/vw-4-1-300x200.jpg 300w, https:\/\/autofans.com.ar\/wp-content\/uploads\/2025\/01\/vw-4-1-768x512.jpg 768w\" sizes=\"(max-width: 1000px) 100vw, 1000px\" \/><\/p>\n<p>&nbsp;<\/p>\n<p>Para el modelo Taos, fabricado en Argentina, se ofrece Tasa 0% fija a 9 meses financiando hasta $17.000.000, o la alternativa de cubrir el 50% del valor a Tasa 0% + UVAs a 12 meses.<\/p>\n<p>Quienes quieran acceder a la Nueva Amarok podr\u00e1n optar por una Tasa 0% fija a 12 meses financiando hasta $25.000.000 o la opci\u00f3n de financiar el 50% del modelo elegido a Tasa 0% + UVAs a 12 meses.<\/p>\n<p>&nbsp;<\/p>\n<h2>Volkswagen &#8211; beneficios en postventa<\/h2>\n<p>Todos los modelos incluidos en esta campa\u00f1a cuentan con servicios bonificados. Las versiones de Polo, Virtus, Taos, Tiguan Allspace, Saveiro y Nuevo Vento GLI tienen los primeros 3 servicios gratuitos. En el caso de T-Cross y Nuevo Nivus, el primer servicio est\u00e1 bonificado y la mano de obra del segundo y tercero tambi\u00e9n.<\/p>\n<p>&nbsp;<\/p>\n<p><img decoding=\"async\" class=\"aligncenter wp-image-10619 size-full\" src=\"https:\/\/autofans.com.ar\/wp-content\/uploads\/2025\/01\/vw-1-1.jpg\" alt=\"Volkswagen\" width=\"1000\" height=\"667\" srcset=\"https:\/\/autofans.com.ar\/wp-content\/uploads\/2025\/01\/vw-1-1.jpg 1000w, https:\/\/autofans.com.ar\/wp-content\/uploads\/2025\/01\/vw-1-1-300x200.jpg 300w, https:\/\/autofans.com.ar\/wp-content\/uploads\/2025\/01\/vw-1-1-768x512.jpg 768w\" sizes=\"(max-width: 1000px) 100vw, 1000px\" \/><\/p>\n<p>&nbsp;<\/p>\n<p>Para Amarok, las versiones V6 incluyen los 3 primeros servicios bonificados, mientras que las versiones 2.0 litros cuentan con el primer servicio bonificado y la mano de obra del segundo y tercero.<\/p>\n<p>Los interesados pueden conocer todos los detalles de las \u00abVW Weeks\u00bb en el sitio oficial de Volkswagen: <a href=\"http:\/\/www.volkswagen.com.ar\/\">www.volkswagen.com.ar<\/a>. All\u00ed encontrar\u00e1n informaci\u00f3n detallada sobre cada modelo, podr\u00e1n configurarlo seg\u00fan sus preferencias y ubicar el concesionario m\u00e1s cercano.<\/p>\n<p>&nbsp;<\/p>\n<p>&nbsp;<\/p>\n<p>&nbsp;<\/p>\n<p><i>Para enterarte de m\u00e1s novedades, no dejes de leer\u00a0<\/i><a href=\"https:\/\/autofans.thebrandsoup.com\/\"><i>nuestras notas<\/i><\/a><i>, de ver<\/i><b><i>\u00a0<\/i><\/b><a href=\"https:\/\/www.youtube.com\/channel\/UCgAC8UGHZYbT6P7PpmVnP7g\"><b><i>AUTOFANS TV<\/i><\/b><\/a><b><i>\u00a0<\/i><\/b><i>en nuestro\u00a0canal de Youtube. Adem\u00e1s seguinos en\u00a0<\/i><a href=\"https:\/\/www.instagram.com\/autofanstv\/\"><i>INSTAGRAM<\/i><\/a><i> y <\/i><a href=\"https:\/\/www.facebook.com\/autofansmas\/\"><i>FACEBOOK<\/i><\/a><i> para no perderte nada sobre las novedades del segmento automotor de Argentina y el mundo.<\/i><\/p>\n","protected":false},"excerpt":{"rendered":"<p>Volkswagen mantiene su propuesta de financiamiento con las \u00abVW Weeks\u00bb, ofreciendo durante febrero planes accesibles&#8230;<\/p>\n","protected":false},"author":2,"featured_media":10617,"comment_status":"closed","ping_status":"closed","sticky":false,"template":"","format":"standard","meta":{"footnotes":""},"categories":[292,16],"tags":[5561,5773,6088,2969,5559,6089,75,3803],"class_list":["post-11155","post","type-post","status-publish","format-standard","has-post-thumbnail","hentry","category-empresas","category-noticias","tag-amarok-financiacion","tag-beneficios-postventa-vw","tag-compra-de-autos","tag-concesionarios-volkswagen","tag-financiacion-tasa-0","tag-taos-fabricado-en-argentina","tag-volkswagen-argentina","tag-vw-weeks"],"yoast_head":"<!-- This site is optimized with the Yoast SEO plugin v27.5 - https:\/\/yoast.com\/product\/yoast-seo-wordpress\/ -->\n<title>Volkswagen extiende sus planes de financiaci\u00f3n en febrero -<\/title>\n<meta name=\"description\" content=\"Volkswagen mantiene su propuesta de financiamiento con las &quot;VW Weeks&quot;, ofreciendo durante febrero planes accesibles para la compra de un 0 km\" \/>\n<meta name=\"robots\" content=\"index, follow, max-snippet:-1, max-image-preview:large, max-video-preview:-1\" \/>\n<link rel=\"canonical\" href=\"https:\/\/autofans.com.ar\/index.php\/2025\/02\/12\/volkswagen-extiende-sus-planes-de-financiacion-en-febrero\/\" \/>\n<meta property=\"og:locale\" content=\"es_ES\" \/>\n<meta property=\"og:type\" content=\"article\" \/>\n<meta property=\"og:title\" content=\"Volkswagen extiende sus planes de financiaci\u00f3n en febrero -\" \/>\n<meta property=\"og:description\" content=\"Volkswagen mantiene su propuesta de financiamiento con las &quot;VW Weeks&quot;, ofreciendo durante febrero planes accesibles para la compra de un 0 km\" \/>\n<meta property=\"og:url\" content=\"https:\/\/autofans.com.ar\/index.php\/2025\/02\/12\/volkswagen-extiende-sus-planes-de-financiacion-en-febrero\/\" \/>\n<meta property=\"article:published_time\" content=\"2025-02-12T22:34:19+00:00\" \/>\n<meta property=\"og:image\" content=\"https:\/\/autofans.com.ar\/wp-content\/uploads\/2025\/01\/vw-3-1.jpg\" \/>\n\t<meta property=\"og:image:width\" content=\"1000\" \/>\n\t<meta property=\"og:image:height\" content=\"667\" \/>\n\t<meta property=\"og:image:type\" content=\"image\/jpeg\" \/>\n<meta name=\"author\" content=\"Alejandro Gabriel Rosito\" \/>\n<meta name=\"twitter:card\" content=\"summary_large_image\" \/>\n<meta name=\"twitter:label1\" content=\"Escrito por\" \/>\n\t<meta name=\"twitter:data1\" content=\"Alejandro Gabriel Rosito\" \/>\n\t<meta name=\"twitter:label2\" content=\"Tiempo de lectura\" \/>\n\t<meta name=\"twitter:data2\" content=\"3 minutos\" \/>\n<script type=\"application\/ld+json\" class=\"yoast-schema-graph\">{\"@context\":\"https:\\\/\\\/schema.org\",\"@graph\":[{\"@type\":\"Article\",\"@id\":\"https:\\\/\\\/autofans.com.ar\\\/index.php\\\/2025\\\/02\\\/12\\\/volkswagen-extiende-sus-planes-de-financiacion-en-febrero\\\/#article\",\"isPartOf\":{\"@id\":\"https:\\\/\\\/autofans.com.ar\\\/index.php\\\/2025\\\/02\\\/12\\\/volkswagen-extiende-sus-planes-de-financiacion-en-febrero\\\/\"},\"author\":{\"name\":\"Alejandro Gabriel Rosito\",\"@id\":\"https:\\\/\\\/autofans.com.ar\\\/#\\\/schema\\\/person\\\/4a8dda0b6df83ac3d6723e921274c2aa\"},\"headline\":\"Volkswagen extiende sus planes de financiaci\u00f3n en febrero\",\"datePublished\":\"2025-02-12T22:34:19+00:00\",\"mainEntityOfPage\":{\"@id\":\"https:\\\/\\\/autofans.com.ar\\\/index.php\\\/2025\\\/02\\\/12\\\/volkswagen-extiende-sus-planes-de-financiacion-en-febrero\\\/\"},\"wordCount\":371,\"image\":{\"@id\":\"https:\\\/\\\/autofans.com.ar\\\/index.php\\\/2025\\\/02\\\/12\\\/volkswagen-extiende-sus-planes-de-financiacion-en-febrero\\\/#primaryimage\"},\"thumbnailUrl\":\"https:\\\/\\\/autofans.com.ar\\\/wp-content\\\/uploads\\\/2025\\\/01\\\/vw-3-1.jpg\",\"keywords\":[\"Amarok financiaci\u00f3n\",\"beneficios postventa VW\",\"compra de autos\",\"Concesionarios Volkswagen\",\"financiaci\u00f3n Tasa 0\",\"Taos fabricado en Argentina\",\"Volkswagen Argentina\",\"VW Weeks\"],\"articleSection\":[\"EMPRESAS\",\"NOTICIAS\"],\"inLanguage\":\"es\"},{\"@type\":\"WebPage\",\"@id\":\"https:\\\/\\\/autofans.com.ar\\\/index.php\\\/2025\\\/02\\\/12\\\/volkswagen-extiende-sus-planes-de-financiacion-en-febrero\\\/\",\"url\":\"https:\\\/\\\/autofans.com.ar\\\/index.php\\\/2025\\\/02\\\/12\\\/volkswagen-extiende-sus-planes-de-financiacion-en-febrero\\\/\",\"name\":\"Volkswagen extiende sus planes de financiaci\u00f3n en febrero -\",\"isPartOf\":{\"@id\":\"https:\\\/\\\/autofans.com.ar\\\/#website\"},\"primaryImageOfPage\":{\"@id\":\"https:\\\/\\\/autofans.com.ar\\\/index.php\\\/2025\\\/02\\\/12\\\/volkswagen-extiende-sus-planes-de-financiacion-en-febrero\\\/#primaryimage\"},\"image\":{\"@id\":\"https:\\\/\\\/autofans.com.ar\\\/index.php\\\/2025\\\/02\\\/12\\\/volkswagen-extiende-sus-planes-de-financiacion-en-febrero\\\/#primaryimage\"},\"thumbnailUrl\":\"https:\\\/\\\/autofans.com.ar\\\/wp-content\\\/uploads\\\/2025\\\/01\\\/vw-3-1.jpg\",\"datePublished\":\"2025-02-12T22:34:19+00:00\",\"author\":{\"@id\":\"https:\\\/\\\/autofans.com.ar\\\/#\\\/schema\\\/person\\\/4a8dda0b6df83ac3d6723e921274c2aa\"},\"description\":\"Volkswagen mantiene su propuesta de financiamiento con las \\\"VW Weeks\\\", ofreciendo durante febrero planes accesibles para la compra de un 0 km\",\"breadcrumb\":{\"@id\":\"https:\\\/\\\/autofans.com.ar\\\/index.php\\\/2025\\\/02\\\/12\\\/volkswagen-extiende-sus-planes-de-financiacion-en-febrero\\\/#breadcrumb\"},\"inLanguage\":\"es\",\"potentialAction\":[{\"@type\":\"ReadAction\",\"target\":[\"https:\\\/\\\/autofans.com.ar\\\/index.php\\\/2025\\\/02\\\/12\\\/volkswagen-extiende-sus-planes-de-financiacion-en-febrero\\\/\"]}]},{\"@type\":\"ImageObject\",\"inLanguage\":\"es\",\"@id\":\"https:\\\/\\\/autofans.com.ar\\\/index.php\\\/2025\\\/02\\\/12\\\/volkswagen-extiende-sus-planes-de-financiacion-en-febrero\\\/#primaryimage\",\"url\":\"https:\\\/\\\/autofans.com.ar\\\/wp-content\\\/uploads\\\/2025\\\/01\\\/vw-3-1.jpg\",\"contentUrl\":\"https:\\\/\\\/autofans.com.ar\\\/wp-content\\\/uploads\\\/2025\\\/01\\\/vw-3-1.jpg\",\"width\":1000,\"height\":667,\"caption\":\"Volkswagen\"},{\"@type\":\"BreadcrumbList\",\"@id\":\"https:\\\/\\\/autofans.com.ar\\\/index.php\\\/2025\\\/02\\\/12\\\/volkswagen-extiende-sus-planes-de-financiacion-en-febrero\\\/#breadcrumb\",\"itemListElement\":[{\"@type\":\"ListItem\",\"position\":1,\"name\":\"Inicio\",\"item\":\"https:\\\/\\\/autofans.com.ar\\\/\"},{\"@type\":\"ListItem\",\"position\":2,\"name\":\"Volkswagen extiende sus planes de financiaci\u00f3n en febrero\"}]},{\"@type\":\"WebSite\",\"@id\":\"https:\\\/\\\/autofans.com.ar\\\/#website\",\"url\":\"https:\\\/\\\/autofans.com.ar\\\/\",\"name\":\"\",\"description\":\"El multimedio referente de la industria automotriz\",\"potentialAction\":[{\"@type\":\"SearchAction\",\"target\":{\"@type\":\"EntryPoint\",\"urlTemplate\":\"https:\\\/\\\/autofans.com.ar\\\/?s={search_term_string}\"},\"query-input\":{\"@type\":\"PropertyValueSpecification\",\"valueRequired\":true,\"valueName\":\"search_term_string\"}}],\"inLanguage\":\"es\"},{\"@type\":\"Person\",\"@id\":\"https:\\\/\\\/autofans.com.ar\\\/#\\\/schema\\\/person\\\/4a8dda0b6df83ac3d6723e921274c2aa\",\"name\":\"Alejandro Gabriel Rosito\",\"image\":{\"@type\":\"ImageObject\",\"inLanguage\":\"es\",\"@id\":\"https:\\\/\\\/secure.gravatar.com\\\/avatar\\\/16c5dda1489adfc62618084dcbb91cffd879c374b13fe5dd8e44ed6733852c88?s=96&d=mm&r=g\",\"url\":\"https:\\\/\\\/secure.gravatar.com\\\/avatar\\\/16c5dda1489adfc62618084dcbb91cffd879c374b13fe5dd8e44ed6733852c88?s=96&d=mm&r=g\",\"contentUrl\":\"https:\\\/\\\/secure.gravatar.com\\\/avatar\\\/16c5dda1489adfc62618084dcbb91cffd879c374b13fe5dd8e44ed6733852c88?s=96&d=mm&r=g\",\"caption\":\"Alejandro Gabriel Rosito\"},\"url\":\"https:\\\/\\\/autofans.com.ar\\\/index.php\\\/author\\\/gabrielr\\\/\"}]}<\/script>\n<!-- \/ Yoast SEO plugin. -->","yoast_head_json":{"title":"Volkswagen extiende sus planes de financiaci\u00f3n en febrero -","description":"Volkswagen mantiene su propuesta de financiamiento con las \"VW Weeks\", ofreciendo durante febrero planes accesibles para la compra de un 0 km","robots":{"index":"index","follow":"follow","max-snippet":"max-snippet:-1","max-image-preview":"max-image-preview:large","max-video-preview":"max-video-preview:-1"},"canonical":"https:\/\/autofans.com.ar\/index.php\/2025\/02\/12\/volkswagen-extiende-sus-planes-de-financiacion-en-febrero\/","og_locale":"es_ES","og_type":"article","og_title":"Volkswagen extiende sus planes de financiaci\u00f3n en febrero -","og_description":"Volkswagen mantiene su propuesta de financiamiento con las \"VW Weeks\", ofreciendo durante febrero planes accesibles para la compra de un 0 km","og_url":"https:\/\/autofans.com.ar\/index.php\/2025\/02\/12\/volkswagen-extiende-sus-planes-de-financiacion-en-febrero\/","article_published_time":"2025-02-12T22:34:19+00:00","og_image":[{"width":1000,"height":667,"url":"https:\/\/autofans.com.ar\/wp-content\/uploads\/2025\/01\/vw-3-1.jpg","type":"image\/jpeg"}],"author":"Alejandro Gabriel Rosito","twitter_card":"summary_large_image","twitter_misc":{"Escrito por":"Alejandro Gabriel Rosito","Tiempo de lectura":"3 minutos"},"schema":{"@context":"https:\/\/schema.org","@graph":[{"@type":"Article","@id":"https:\/\/autofans.com.ar\/index.php\/2025\/02\/12\/volkswagen-extiende-sus-planes-de-financiacion-en-febrero\/#article","isPartOf":{"@id":"https:\/\/autofans.com.ar\/index.php\/2025\/02\/12\/volkswagen-extiende-sus-planes-de-financiacion-en-febrero\/"},"author":{"name":"Alejandro Gabriel Rosito","@id":"https:\/\/autofans.com.ar\/#\/schema\/person\/4a8dda0b6df83ac3d6723e921274c2aa"},"headline":"Volkswagen extiende sus planes de financiaci\u00f3n en febrero","datePublished":"2025-02-12T22:34:19+00:00","mainEntityOfPage":{"@id":"https:\/\/autofans.com.ar\/index.php\/2025\/02\/12\/volkswagen-extiende-sus-planes-de-financiacion-en-febrero\/"},"wordCount":371,"image":{"@id":"https:\/\/autofans.com.ar\/index.php\/2025\/02\/12\/volkswagen-extiende-sus-planes-de-financiacion-en-febrero\/#primaryimage"},"thumbnailUrl":"https:\/\/autofans.com.ar\/wp-content\/uploads\/2025\/01\/vw-3-1.jpg","keywords":["Amarok financiaci\u00f3n","beneficios postventa VW","compra de autos","Concesionarios Volkswagen","financiaci\u00f3n Tasa 0","Taos fabricado en Argentina","Volkswagen Argentina","VW Weeks"],"articleSection":["EMPRESAS","NOTICIAS"],"inLanguage":"es"},{"@type":"WebPage","@id":"https:\/\/autofans.com.ar\/index.php\/2025\/02\/12\/volkswagen-extiende-sus-planes-de-financiacion-en-febrero\/","url":"https:\/\/autofans.com.ar\/index.php\/2025\/02\/12\/volkswagen-extiende-sus-planes-de-financiacion-en-febrero\/","name":"Volkswagen extiende sus planes de financiaci\u00f3n en febrero -","isPartOf":{"@id":"https:\/\/autofans.com.ar\/#website"},"primaryImageOfPage":{"@id":"https:\/\/autofans.com.ar\/index.php\/2025\/02\/12\/volkswagen-extiende-sus-planes-de-financiacion-en-febrero\/#primaryimage"},"image":{"@id":"https:\/\/autofans.com.ar\/index.php\/2025\/02\/12\/volkswagen-extiende-sus-planes-de-financiacion-en-febrero\/#primaryimage"},"thumbnailUrl":"https:\/\/autofans.com.ar\/wp-content\/uploads\/2025\/01\/vw-3-1.jpg","datePublished":"2025-02-12T22:34:19+00:00","author":{"@id":"https:\/\/autofans.com.ar\/#\/schema\/person\/4a8dda0b6df83ac3d6723e921274c2aa"},"description":"Volkswagen mantiene su propuesta de financiamiento con las \"VW Weeks\", ofreciendo durante febrero planes accesibles para la compra de un 0 km","breadcrumb":{"@id":"https:\/\/autofans.com.ar\/index.php\/2025\/02\/12\/volkswagen-extiende-sus-planes-de-financiacion-en-febrero\/#breadcrumb"},"inLanguage":"es","potentialAction":[{"@type":"ReadAction","target":["https:\/\/autofans.com.ar\/index.php\/2025\/02\/12\/volkswagen-extiende-sus-planes-de-financiacion-en-febrero\/"]}]},{"@type":"ImageObject","inLanguage":"es","@id":"https:\/\/autofans.com.ar\/index.php\/2025\/02\/12\/volkswagen-extiende-sus-planes-de-financiacion-en-febrero\/#primaryimage","url":"https:\/\/autofans.com.ar\/wp-content\/uploads\/2025\/01\/vw-3-1.jpg","contentUrl":"https:\/\/autofans.com.ar\/wp-content\/uploads\/2025\/01\/vw-3-1.jpg","width":1000,"height":667,"caption":"Volkswagen"},{"@type":"BreadcrumbList","@id":"https:\/\/autofans.com.ar\/index.php\/2025\/02\/12\/volkswagen-extiende-sus-planes-de-financiacion-en-febrero\/#breadcrumb","itemListElement":[{"@type":"ListItem","position":1,"name":"Inicio","item":"https:\/\/autofans.com.ar\/"},{"@type":"ListItem","position":2,"name":"Volkswagen extiende sus planes de financiaci\u00f3n en febrero"}]},{"@type":"WebSite","@id":"https:\/\/autofans.com.ar\/#website","url":"https:\/\/autofans.com.ar\/","name":"","description":"El multimedio referente de la industria automotriz","potentialAction":[{"@type":"SearchAction","target":{"@type":"EntryPoint","urlTemplate":"https:\/\/autofans.com.ar\/?s={search_term_string}"},"query-input":{"@type":"PropertyValueSpecification","valueRequired":true,"valueName":"search_term_string"}}],"inLanguage":"es"},{"@type":"Person","@id":"https:\/\/autofans.com.ar\/#\/schema\/person\/4a8dda0b6df83ac3d6723e921274c2aa","name":"Alejandro Gabriel Rosito","image":{"@type":"ImageObject","inLanguage":"es","@id":"https:\/\/secure.gravatar.com\/avatar\/16c5dda1489adfc62618084dcbb91cffd879c374b13fe5dd8e44ed6733852c88?s=96&d=mm&r=g","url":"https:\/\/secure.gravatar.com\/avatar\/16c5dda1489adfc62618084dcbb91cffd879c374b13fe5dd8e44ed6733852c88?s=96&d=mm&r=g","contentUrl":"https:\/\/secure.gravatar.com\/avatar\/16c5dda1489adfc62618084dcbb91cffd879c374b13fe5dd8e44ed6733852c88?s=96&d=mm&r=g","caption":"Alejandro Gabriel Rosito"},"url":"https:\/\/autofans.com.ar\/index.php\/author\/gabrielr\/"}]}},"featured_image_urls":{"full":["https:\/\/autofans.com.ar\/wp-content\/uploads\/2025\/01\/vw-3-1.jpg",1000,667,false],"thumbnail":["https:\/\/autofans.com.ar\/wp-content\/uploads\/2025\/01\/vw-3-1-150x150.jpg",150,150,true],"medium":["https:\/\/autofans.com.ar\/wp-content\/uploads\/2025\/01\/vw-3-1-300x200.jpg",300,200,true],"medium_large":["https:\/\/autofans.com.ar\/wp-content\/uploads\/2025\/01\/vw-3-1-768x512.jpg",640,427,true],"large":["https:\/\/autofans.com.ar\/wp-content\/uploads\/2025\/01\/vw-3-1.jpg",640,427,false],"1536x1536":["https:\/\/autofans.com.ar\/wp-content\/uploads\/2025\/01\/vw-3-1.jpg",1000,667,false],"2048x2048":["https:\/\/autofans.com.ar\/wp-content\/uploads\/2025\/01\/vw-3-1.jpg",1000,667,false],"covernews-featured":["https:\/\/autofans.com.ar\/wp-content\/uploads\/2025\/01\/vw-3-1.jpg",1000,667,false],"covernews-medium":["https:\/\/autofans.com.ar\/wp-content\/uploads\/2025\/01\/vw-3-1-540x340.jpg",540,340,true]},"author_info":{"display_name":"Alejandro Gabriel Rosito","author_link":"https:\/\/autofans.com.ar\/index.php\/author\/gabrielr\/"},"category_info":"<a href=\"https:\/\/autofans.com.ar\/index.php\/category\/noticias\/empresas\/\" rel=\"category tag\">EMPRESAS<\/a> <a href=\"https:\/\/autofans.com.ar\/index.php\/category\/noticias\/\" rel=\"category tag\">NOTICIAS<\/a>","tag_info":"NOTICIAS","comment_count":0,"_links":{"self":[{"href":"https:\/\/autofans.com.ar\/index.php\/wp-json\/wp\/v2\/posts\/11155","targetHints":{"allow":["GET"]}}],"collection":[{"href":"https:\/\/autofans.com.ar\/index.php\/wp-json\/wp\/v2\/posts"}],"about":[{"href":"https:\/\/autofans.com.ar\/index.php\/wp-json\/wp\/v2\/types\/post"}],"author":[{"embeddable":true,"href":"https:\/\/autofans.com.ar\/index.php\/wp-json\/wp\/v2\/users\/2"}],"replies":[{"embeddable":true,"href":"https:\/\/autofans.com.ar\/index.php\/wp-json\/wp\/v2\/comments?post=11155"}],"version-history":[{"count":3,"href":"https:\/\/autofans.com.ar\/index.php\/wp-json\/wp\/v2\/posts\/11155\/revisions"}],"predecessor-version":[{"id":11158,"href":"https:\/\/autofans.com.ar\/index.php\/wp-json\/wp\/v2\/posts\/11155\/revisions\/11158"}],"wp:featuredmedia":[{"embeddable":true,"href":"https:\/\/autofans.com.ar\/index.php\/wp-json\/wp\/v2\/media\/10617"}],"wp:attachment":[{"href":"https:\/\/autofans.com.ar\/index.php\/wp-json\/wp\/v2\/media?parent=11155"}],"wp:term":[{"taxonomy":"category","embeddable":true,"href":"https:\/\/autofans.com.ar\/index.php\/wp-json\/wp\/v2\/categories?post=11155"},{"taxonomy":"post_tag","embeddable":true,"href":"https:\/\/autofans.com.ar\/index.php\/wp-json\/wp\/v2\/tags?post=11155"}],"curies":[{"name":"wp","href":"https:\/\/api.w.org\/{rel}","templated":true}]}}