{"id":11160,"date":"2025-02-13T17:49:52","date_gmt":"2025-02-13T20:49:52","guid":{"rendered":"https:\/\/autofans.com.ar\/?p=11160"},"modified":"2025-02-13T17:49:52","modified_gmt":"2025-02-13T20:49:52","slug":"chevrolet-spark-euv-el-suv-electrico-que-llega-a-la-argentina-este-2025","status":"publish","type":"post","link":"https:\/\/autofans.com.ar\/index.php\/2025\/02\/13\/chevrolet-spark-euv-el-suv-electrico-que-llega-a-la-argentina-este-2025\/","title":{"rendered":"Chevrolet Spark EUV, el SUV el\u00e9ctrico que llega a la Argentina este 2025"},"content":{"rendered":"<p data-pm-slice=\"1 1 []\">Chevrolet anunci\u00f3 la llegada del Spark EUV a Argentina, un SUV compacto el\u00e9ctrico que debutar\u00e1 en 2025. Este modelo forma parte de las cinco novedades que la automotriz tiene previstas para el mercado local durante el a\u00f1o.<\/p>\n<blockquote>\n<p style=\"text-align: center;\" data-pm-slice=\"1 1 []\">\u201cEl Spark EUV llegar\u00e1 a la regi\u00f3n\u00a0en 2025 para acercar la tecnolog\u00eda y la innovaci\u00f3n a los consumidores que buscan alternativas divertidas y sustentables, y con el diferencial de la marca Chevrolet\u201d, coment\u00f3 Santiago Chamorro, presidente de GM Sudam\u00e9rica.<\/p>\n<\/blockquote>\n<h2 data-pm-slice=\"1 1 []\">El futuro el\u00e9ctrico de Chevrolet<\/h2>\n<p>El Spark EUV se destaca por su dise\u00f1o moderno, tecnolog\u00eda avanzada y un rendimiento eficiente, todo con cero emisiones. La configuraci\u00f3n tope de gama ofrecer\u00e1 una combinaci\u00f3n exclusiva de prestaciones para adaptarse a las nuevas tendencias del sector automotriz.<\/p>\n<p>&nbsp;<\/p>\n<div id='gallery-1' class='gallery galleryid-11160 gallery-columns-3 gallery-size-full'><figure class='gallery-item'>\n\t\t\t<div class='gallery-icon landscape'>\n\t\t\t\t<a href='https:\/\/autofans.com.ar\/index.php\/2025\/02\/13\/chevrolet-spark-euv-el-suv-electrico-que-llega-a-la-argentina-este-2025\/spark-1\/'><img loading=\"lazy\" width=\"1000\" height=\"667\" src=\"https:\/\/autofans.com.ar\/wp-content\/uploads\/2025\/02\/spark-1.jpg\" class=\"attachment-full size-full\" alt=\"Chevrolet Spark\" srcset=\"https:\/\/autofans.com.ar\/wp-content\/uploads\/2025\/02\/spark-1.jpg 1000w, https:\/\/autofans.com.ar\/wp-content\/uploads\/2025\/02\/spark-1-300x200.jpg 300w, https:\/\/autofans.com.ar\/wp-content\/uploads\/2025\/02\/spark-1-768x512.jpg 768w\" sizes=\"auto, (max-width: 1000px) 100vw, 1000px\" loading=\"lazy\" decoding=\"async\" \/><\/a>\n\t\t\t<\/div><\/figure><figure class='gallery-item'>\n\t\t\t<div class='gallery-icon landscape'>\n\t\t\t\t<a href='https:\/\/autofans.com.ar\/index.php\/2025\/02\/13\/chevrolet-spark-euv-el-suv-electrico-que-llega-a-la-argentina-este-2025\/spark-3\/'><img loading=\"lazy\" width=\"1000\" height=\"667\" src=\"https:\/\/autofans.com.ar\/wp-content\/uploads\/2025\/02\/spark-3.jpg\" class=\"attachment-full size-full\" alt=\"Chevrolet Spark\" srcset=\"https:\/\/autofans.com.ar\/wp-content\/uploads\/2025\/02\/spark-3.jpg 1000w, https:\/\/autofans.com.ar\/wp-content\/uploads\/2025\/02\/spark-3-300x200.jpg 300w, https:\/\/autofans.com.ar\/wp-content\/uploads\/2025\/02\/spark-3-768x512.jpg 768w\" sizes=\"auto, (max-width: 1000px) 100vw, 1000px\" loading=\"lazy\" decoding=\"async\" \/><\/a>\n\t\t\t<\/div><\/figure><figure class='gallery-item'>\n\t\t\t<div class='gallery-icon landscape'>\n\t\t\t\t<a href='https:\/\/autofans.com.ar\/index.php\/2025\/02\/13\/chevrolet-spark-euv-el-suv-electrico-que-llega-a-la-argentina-este-2025\/spark-4\/'><img loading=\"lazy\" width=\"1000\" height=\"667\" src=\"https:\/\/autofans.com.ar\/wp-content\/uploads\/2025\/02\/spark-4.jpg\" class=\"attachment-full size-full\" alt=\"Chevrolet Spark\" srcset=\"https:\/\/autofans.com.ar\/wp-content\/uploads\/2025\/02\/spark-4.jpg 1000w, https:\/\/autofans.com.ar\/wp-content\/uploads\/2025\/02\/spark-4-300x200.jpg 300w, https:\/\/autofans.com.ar\/wp-content\/uploads\/2025\/02\/spark-4-768x512.jpg 768w\" sizes=\"auto, (max-width: 1000px) 100vw, 1000px\" loading=\"lazy\" decoding=\"async\" \/><\/a>\n\t\t\t<\/div><\/figure>\n\t\t<\/div>\n\n<p>&nbsp;<\/p>\n<p>M\u00e1s detalles sobre equipamiento, autonom\u00eda y prestaciones ser\u00e1n revelados pr\u00f3ximamente. Con esta incorporaci\u00f3n, Chevrolet refuerza su apuesta por la movilidad sustentable en Argentina, sumando otro modelo el\u00e9ctrico a su cat\u00e1logo.<\/p>\n<p>&nbsp;<\/p>\n<p>&nbsp;<\/p>\n<p><i>Para enterarte de m\u00e1s novedades, no dejes de leer\u00a0<\/i><a href=\"https:\/\/autofans.thebrandsoup.com\/\"><i>nuestras notas<\/i><\/a><i>, de ver<\/i><b><i>\u00a0<\/i><\/b><a href=\"https:\/\/www.youtube.com\/channel\/UCgAC8UGHZYbT6P7PpmVnP7g\"><b><i>AUTOFANS TV<\/i><\/b><\/a><b><i>\u00a0<\/i><\/b><i>en nuestro\u00a0canal de Youtube. Adem\u00e1s seguinos en\u00a0<\/i><a href=\"https:\/\/www.instagram.com\/autofanstv\/\"><i>INSTAGRAM<\/i><\/a><i> y <\/i><a href=\"https:\/\/www.facebook.com\/autofansmas\/\"><i>FACEBOOK<\/i><\/a><i> para no perderte nada sobre las novedades del segmento automotor de Argentina y el mundo.<\/i><\/p>\n","protected":false},"excerpt":{"rendered":"<p>Chevrolet anunci\u00f3 la llegada del Spark EUV a Argentina, un SUV compacto el\u00e9ctrico que debutar\u00e1&#8230;<\/p>\n","protected":false},"author":2,"featured_media":11163,"comment_status":"closed","ping_status":"closed","sticky":false,"template":"","format":"standard","meta":{"footnotes":""},"categories":[8,371,1],"tags":[4180,273,6090,6091,1460,6092,2547,719],"class_list":["post-11160","post","type-post","status-publish","format-standard","has-post-thumbnail","hentry","category-autos-y-suv","category-hibridos-electricos-y","category-lanzamientos","tag-autos-electricos-argentina","tag-chevrolet-argentina","tag-chevrolet-spark-euv","tag-lanzamiento-chevrolet-2025","tag-movilidad-sustentable","tag-suv-compacto-electrico","tag-suv-electrico","tag-tecnologia-automotriz"],"yoast_head":"<!-- This site is optimized with the Yoast SEO plugin v27.5 - https:\/\/yoast.com\/product\/yoast-seo-wordpress\/ -->\n<title>Chevrolet Spark EUV, el SUV el\u00e9ctrico que llega a la Argentina este 2025 -<\/title>\n<meta name=\"description\" content=\"Chevrolet anunci\u00f3 la llegada del Spark EUV a Argentina, un SUV compacto el\u00e9ctrico que debutar\u00e1 en 2025. Este modelo preseenta cinco novedades\" \/>\n<meta name=\"robots\" content=\"index, follow, max-snippet:-1, max-image-preview:large, max-video-preview:-1\" \/>\n<link rel=\"canonical\" href=\"https:\/\/autofans.com.ar\/index.php\/2025\/02\/13\/chevrolet-spark-euv-el-suv-electrico-que-llega-a-la-argentina-este-2025\/\" \/>\n<meta property=\"og:locale\" content=\"es_ES\" \/>\n<meta property=\"og:type\" content=\"article\" \/>\n<meta property=\"og:title\" content=\"Chevrolet Spark EUV, el SUV el\u00e9ctrico que llega a la Argentina este 2025 -\" \/>\n<meta property=\"og:description\" content=\"Chevrolet anunci\u00f3 la llegada del Spark EUV a Argentina, un SUV compacto el\u00e9ctrico que debutar\u00e1 en 2025. Este modelo preseenta cinco novedades\" \/>\n<meta property=\"og:url\" content=\"https:\/\/autofans.com.ar\/index.php\/2025\/02\/13\/chevrolet-spark-euv-el-suv-electrico-que-llega-a-la-argentina-este-2025\/\" \/>\n<meta property=\"article:published_time\" content=\"2025-02-13T20:49:52+00:00\" \/>\n<meta property=\"og:image\" content=\"https:\/\/autofans.com.ar\/wp-content\/uploads\/2025\/02\/spark-2.jpg\" \/>\n\t<meta property=\"og:image:width\" content=\"1000\" \/>\n\t<meta property=\"og:image:height\" content=\"667\" \/>\n\t<meta property=\"og:image:type\" content=\"image\/jpeg\" \/>\n<meta name=\"author\" content=\"Alejandro Gabriel Rosito\" \/>\n<meta name=\"twitter:card\" content=\"summary_large_image\" \/>\n<meta name=\"twitter:label1\" content=\"Escrito por\" \/>\n\t<meta name=\"twitter:data1\" content=\"Alejandro Gabriel Rosito\" \/>\n\t<meta name=\"twitter:label2\" content=\"Tiempo de lectura\" \/>\n\t<meta name=\"twitter:data2\" content=\"1 minuto\" \/>\n<script type=\"application\/ld+json\" class=\"yoast-schema-graph\">{\"@context\":\"https:\\\/\\\/schema.org\",\"@graph\":[{\"@type\":\"Article\",\"@id\":\"https:\\\/\\\/autofans.com.ar\\\/index.php\\\/2025\\\/02\\\/13\\\/chevrolet-spark-euv-el-suv-electrico-que-llega-a-la-argentina-este-2025\\\/#article\",\"isPartOf\":{\"@id\":\"https:\\\/\\\/autofans.com.ar\\\/index.php\\\/2025\\\/02\\\/13\\\/chevrolet-spark-euv-el-suv-electrico-que-llega-a-la-argentina-este-2025\\\/\"},\"author\":{\"name\":\"Alejandro Gabriel Rosito\",\"@id\":\"https:\\\/\\\/autofans.com.ar\\\/#\\\/schema\\\/person\\\/4a8dda0b6df83ac3d6723e921274c2aa\"},\"headline\":\"Chevrolet Spark EUV, el SUV el\u00e9ctrico que llega a la Argentina este 2025\",\"datePublished\":\"2025-02-13T20:49:52+00:00\",\"mainEntityOfPage\":{\"@id\":\"https:\\\/\\\/autofans.com.ar\\\/index.php\\\/2025\\\/02\\\/13\\\/chevrolet-spark-euv-el-suv-electrico-que-llega-a-la-argentina-este-2025\\\/\"},\"wordCount\":231,\"image\":{\"@id\":\"https:\\\/\\\/autofans.com.ar\\\/index.php\\\/2025\\\/02\\\/13\\\/chevrolet-spark-euv-el-suv-electrico-que-llega-a-la-argentina-este-2025\\\/#primaryimage\"},\"thumbnailUrl\":\"https:\\\/\\\/autofans.com.ar\\\/wp-content\\\/uploads\\\/2025\\\/02\\\/spark-2.jpg\",\"keywords\":[\"autos el\u00e9ctricos Argentina\",\"Chevrolet argentina\",\"Chevrolet Spark EUV\",\"lanzamiento Chevrolet 2025\",\"movilidad sustentable\",\"SUV compacto el\u00e9ctrico\",\"SUV el\u00e9ctrico\",\"Tecnolog\u00eda automotriz\"],\"articleSection\":[\"Autos y SUV\",\"H\u00edbridos, El\u00e9ctricos y +\",\"LANZAMIENTOS\"],\"inLanguage\":\"es\"},{\"@type\":\"WebPage\",\"@id\":\"https:\\\/\\\/autofans.com.ar\\\/index.php\\\/2025\\\/02\\\/13\\\/chevrolet-spark-euv-el-suv-electrico-que-llega-a-la-argentina-este-2025\\\/\",\"url\":\"https:\\\/\\\/autofans.com.ar\\\/index.php\\\/2025\\\/02\\\/13\\\/chevrolet-spark-euv-el-suv-electrico-que-llega-a-la-argentina-este-2025\\\/\",\"name\":\"Chevrolet Spark EUV, el SUV el\u00e9ctrico que llega a la Argentina este 2025 -\",\"isPartOf\":{\"@id\":\"https:\\\/\\\/autofans.com.ar\\\/#website\"},\"primaryImageOfPage\":{\"@id\":\"https:\\\/\\\/autofans.com.ar\\\/index.php\\\/2025\\\/02\\\/13\\\/chevrolet-spark-euv-el-suv-electrico-que-llega-a-la-argentina-este-2025\\\/#primaryimage\"},\"image\":{\"@id\":\"https:\\\/\\\/autofans.com.ar\\\/index.php\\\/2025\\\/02\\\/13\\\/chevrolet-spark-euv-el-suv-electrico-que-llega-a-la-argentina-este-2025\\\/#primaryimage\"},\"thumbnailUrl\":\"https:\\\/\\\/autofans.com.ar\\\/wp-content\\\/uploads\\\/2025\\\/02\\\/spark-2.jpg\",\"datePublished\":\"2025-02-13T20:49:52+00:00\",\"author\":{\"@id\":\"https:\\\/\\\/autofans.com.ar\\\/#\\\/schema\\\/person\\\/4a8dda0b6df83ac3d6723e921274c2aa\"},\"description\":\"Chevrolet anunci\u00f3 la llegada del Spark EUV a Argentina, un SUV compacto el\u00e9ctrico que debutar\u00e1 en 2025. Este modelo preseenta cinco novedades\",\"breadcrumb\":{\"@id\":\"https:\\\/\\\/autofans.com.ar\\\/index.php\\\/2025\\\/02\\\/13\\\/chevrolet-spark-euv-el-suv-electrico-que-llega-a-la-argentina-este-2025\\\/#breadcrumb\"},\"inLanguage\":\"es\",\"potentialAction\":[{\"@type\":\"ReadAction\",\"target\":[\"https:\\\/\\\/autofans.com.ar\\\/index.php\\\/2025\\\/02\\\/13\\\/chevrolet-spark-euv-el-suv-electrico-que-llega-a-la-argentina-este-2025\\\/\"]}]},{\"@type\":\"ImageObject\",\"inLanguage\":\"es\",\"@id\":\"https:\\\/\\\/autofans.com.ar\\\/index.php\\\/2025\\\/02\\\/13\\\/chevrolet-spark-euv-el-suv-electrico-que-llega-a-la-argentina-este-2025\\\/#primaryimage\",\"url\":\"https:\\\/\\\/autofans.com.ar\\\/wp-content\\\/uploads\\\/2025\\\/02\\\/spark-2.jpg\",\"contentUrl\":\"https:\\\/\\\/autofans.com.ar\\\/wp-content\\\/uploads\\\/2025\\\/02\\\/spark-2.jpg\",\"width\":1000,\"height\":667,\"caption\":\"Chevrolet Spark\"},{\"@type\":\"BreadcrumbList\",\"@id\":\"https:\\\/\\\/autofans.com.ar\\\/index.php\\\/2025\\\/02\\\/13\\\/chevrolet-spark-euv-el-suv-electrico-que-llega-a-la-argentina-este-2025\\\/#breadcrumb\",\"itemListElement\":[{\"@type\":\"ListItem\",\"position\":1,\"name\":\"Inicio\",\"item\":\"https:\\\/\\\/autofans.com.ar\\\/\"},{\"@type\":\"ListItem\",\"position\":2,\"name\":\"Chevrolet Spark EUV, el SUV el\u00e9ctrico que llega a la Argentina este 2025\"}]},{\"@type\":\"WebSite\",\"@id\":\"https:\\\/\\\/autofans.com.ar\\\/#website\",\"url\":\"https:\\\/\\\/autofans.com.ar\\\/\",\"name\":\"\",\"description\":\"El multimedio referente de la industria automotriz\",\"potentialAction\":[{\"@type\":\"SearchAction\",\"target\":{\"@type\":\"EntryPoint\",\"urlTemplate\":\"https:\\\/\\\/autofans.com.ar\\\/?s={search_term_string}\"},\"query-input\":{\"@type\":\"PropertyValueSpecification\",\"valueRequired\":true,\"valueName\":\"search_term_string\"}}],\"inLanguage\":\"es\"},{\"@type\":\"Person\",\"@id\":\"https:\\\/\\\/autofans.com.ar\\\/#\\\/schema\\\/person\\\/4a8dda0b6df83ac3d6723e921274c2aa\",\"name\":\"Alejandro Gabriel Rosito\",\"image\":{\"@type\":\"ImageObject\",\"inLanguage\":\"es\",\"@id\":\"https:\\\/\\\/secure.gravatar.com\\\/avatar\\\/16c5dda1489adfc62618084dcbb91cffd879c374b13fe5dd8e44ed6733852c88?s=96&d=mm&r=g\",\"url\":\"https:\\\/\\\/secure.gravatar.com\\\/avatar\\\/16c5dda1489adfc62618084dcbb91cffd879c374b13fe5dd8e44ed6733852c88?s=96&d=mm&r=g\",\"contentUrl\":\"https:\\\/\\\/secure.gravatar.com\\\/avatar\\\/16c5dda1489adfc62618084dcbb91cffd879c374b13fe5dd8e44ed6733852c88?s=96&d=mm&r=g\",\"caption\":\"Alejandro Gabriel Rosito\"},\"url\":\"https:\\\/\\\/autofans.com.ar\\\/index.php\\\/author\\\/gabrielr\\\/\"}]}<\/script>\n<!-- \/ Yoast SEO plugin. -->","yoast_head_json":{"title":"Chevrolet Spark EUV, el SUV el\u00e9ctrico que llega a la Argentina este 2025 -","description":"Chevrolet anunci\u00f3 la llegada del Spark EUV a Argentina, un SUV compacto el\u00e9ctrico que debutar\u00e1 en 2025. Este modelo preseenta cinco novedades","robots":{"index":"index","follow":"follow","max-snippet":"max-snippet:-1","max-image-preview":"max-image-preview:large","max-video-preview":"max-video-preview:-1"},"canonical":"https:\/\/autofans.com.ar\/index.php\/2025\/02\/13\/chevrolet-spark-euv-el-suv-electrico-que-llega-a-la-argentina-este-2025\/","og_locale":"es_ES","og_type":"article","og_title":"Chevrolet Spark EUV, el SUV el\u00e9ctrico que llega a la Argentina este 2025 -","og_description":"Chevrolet anunci\u00f3 la llegada del Spark EUV a Argentina, un SUV compacto el\u00e9ctrico que debutar\u00e1 en 2025. Este modelo preseenta cinco novedades","og_url":"https:\/\/autofans.com.ar\/index.php\/2025\/02\/13\/chevrolet-spark-euv-el-suv-electrico-que-llega-a-la-argentina-este-2025\/","article_published_time":"2025-02-13T20:49:52+00:00","og_image":[{"width":1000,"height":667,"url":"https:\/\/autofans.com.ar\/wp-content\/uploads\/2025\/02\/spark-2.jpg","type":"image\/jpeg"}],"author":"Alejandro Gabriel Rosito","twitter_card":"summary_large_image","twitter_misc":{"Escrito por":"Alejandro Gabriel Rosito","Tiempo de lectura":"1 minuto"},"schema":{"@context":"https:\/\/schema.org","@graph":[{"@type":"Article","@id":"https:\/\/autofans.com.ar\/index.php\/2025\/02\/13\/chevrolet-spark-euv-el-suv-electrico-que-llega-a-la-argentina-este-2025\/#article","isPartOf":{"@id":"https:\/\/autofans.com.ar\/index.php\/2025\/02\/13\/chevrolet-spark-euv-el-suv-electrico-que-llega-a-la-argentina-este-2025\/"},"author":{"name":"Alejandro Gabriel Rosito","@id":"https:\/\/autofans.com.ar\/#\/schema\/person\/4a8dda0b6df83ac3d6723e921274c2aa"},"headline":"Chevrolet Spark EUV, el SUV el\u00e9ctrico que llega a la Argentina este 2025","datePublished":"2025-02-13T20:49:52+00:00","mainEntityOfPage":{"@id":"https:\/\/autofans.com.ar\/index.php\/2025\/02\/13\/chevrolet-spark-euv-el-suv-electrico-que-llega-a-la-argentina-este-2025\/"},"wordCount":231,"image":{"@id":"https:\/\/autofans.com.ar\/index.php\/2025\/02\/13\/chevrolet-spark-euv-el-suv-electrico-que-llega-a-la-argentina-este-2025\/#primaryimage"},"thumbnailUrl":"https:\/\/autofans.com.ar\/wp-content\/uploads\/2025\/02\/spark-2.jpg","keywords":["autos el\u00e9ctricos Argentina","Chevrolet argentina","Chevrolet Spark EUV","lanzamiento Chevrolet 2025","movilidad sustentable","SUV compacto el\u00e9ctrico","SUV el\u00e9ctrico","Tecnolog\u00eda automotriz"],"articleSection":["Autos y SUV","H\u00edbridos, El\u00e9ctricos y +","LANZAMIENTOS"],"inLanguage":"es"},{"@type":"WebPage","@id":"https:\/\/autofans.com.ar\/index.php\/2025\/02\/13\/chevrolet-spark-euv-el-suv-electrico-que-llega-a-la-argentina-este-2025\/","url":"https:\/\/autofans.com.ar\/index.php\/2025\/02\/13\/chevrolet-spark-euv-el-suv-electrico-que-llega-a-la-argentina-este-2025\/","name":"Chevrolet Spark EUV, el SUV el\u00e9ctrico que llega a la Argentina este 2025 -","isPartOf":{"@id":"https:\/\/autofans.com.ar\/#website"},"primaryImageOfPage":{"@id":"https:\/\/autofans.com.ar\/index.php\/2025\/02\/13\/chevrolet-spark-euv-el-suv-electrico-que-llega-a-la-argentina-este-2025\/#primaryimage"},"image":{"@id":"https:\/\/autofans.com.ar\/index.php\/2025\/02\/13\/chevrolet-spark-euv-el-suv-electrico-que-llega-a-la-argentina-este-2025\/#primaryimage"},"thumbnailUrl":"https:\/\/autofans.com.ar\/wp-content\/uploads\/2025\/02\/spark-2.jpg","datePublished":"2025-02-13T20:49:52+00:00","author":{"@id":"https:\/\/autofans.com.ar\/#\/schema\/person\/4a8dda0b6df83ac3d6723e921274c2aa"},"description":"Chevrolet anunci\u00f3 la llegada del Spark EUV a Argentina, un SUV compacto el\u00e9ctrico que debutar\u00e1 en 2025. Este modelo preseenta cinco novedades","breadcrumb":{"@id":"https:\/\/autofans.com.ar\/index.php\/2025\/02\/13\/chevrolet-spark-euv-el-suv-electrico-que-llega-a-la-argentina-este-2025\/#breadcrumb"},"inLanguage":"es","potentialAction":[{"@type":"ReadAction","target":["https:\/\/autofans.com.ar\/index.php\/2025\/02\/13\/chevrolet-spark-euv-el-suv-electrico-que-llega-a-la-argentina-este-2025\/"]}]},{"@type":"ImageObject","inLanguage":"es","@id":"https:\/\/autofans.com.ar\/index.php\/2025\/02\/13\/chevrolet-spark-euv-el-suv-electrico-que-llega-a-la-argentina-este-2025\/#primaryimage","url":"https:\/\/autofans.com.ar\/wp-content\/uploads\/2025\/02\/spark-2.jpg","contentUrl":"https:\/\/autofans.com.ar\/wp-content\/uploads\/2025\/02\/spark-2.jpg","width":1000,"height":667,"caption":"Chevrolet Spark"},{"@type":"BreadcrumbList","@id":"https:\/\/autofans.com.ar\/index.php\/2025\/02\/13\/chevrolet-spark-euv-el-suv-electrico-que-llega-a-la-argentina-este-2025\/#breadcrumb","itemListElement":[{"@type":"ListItem","position":1,"name":"Inicio","item":"https:\/\/autofans.com.ar\/"},{"@type":"ListItem","position":2,"name":"Chevrolet Spark EUV, el SUV el\u00e9ctrico que llega a la Argentina este 2025"}]},{"@type":"WebSite","@id":"https:\/\/autofans.com.ar\/#website","url":"https:\/\/autofans.com.ar\/","name":"","description":"El multimedio referente de la industria automotriz","potentialAction":[{"@type":"SearchAction","target":{"@type":"EntryPoint","urlTemplate":"https:\/\/autofans.com.ar\/?s={search_term_string}"},"query-input":{"@type":"PropertyValueSpecification","valueRequired":true,"valueName":"search_term_string"}}],"inLanguage":"es"},{"@type":"Person","@id":"https:\/\/autofans.com.ar\/#\/schema\/person\/4a8dda0b6df83ac3d6723e921274c2aa","name":"Alejandro Gabriel Rosito","image":{"@type":"ImageObject","inLanguage":"es","@id":"https:\/\/secure.gravatar.com\/avatar\/16c5dda1489adfc62618084dcbb91cffd879c374b13fe5dd8e44ed6733852c88?s=96&d=mm&r=g","url":"https:\/\/secure.gravatar.com\/avatar\/16c5dda1489adfc62618084dcbb91cffd879c374b13fe5dd8e44ed6733852c88?s=96&d=mm&r=g","contentUrl":"https:\/\/secure.gravatar.com\/avatar\/16c5dda1489adfc62618084dcbb91cffd879c374b13fe5dd8e44ed6733852c88?s=96&d=mm&r=g","caption":"Alejandro Gabriel Rosito"},"url":"https:\/\/autofans.com.ar\/index.php\/author\/gabrielr\/"}]}},"featured_image_urls":{"full":["https:\/\/autofans.com.ar\/wp-content\/uploads\/2025\/02\/spark-2.jpg",1000,667,false],"thumbnail":["https:\/\/autofans.com.ar\/wp-content\/uploads\/2025\/02\/spark-2-150x150.jpg",150,150,true],"medium":["https:\/\/autofans.com.ar\/wp-content\/uploads\/2025\/02\/spark-2-300x200.jpg",300,200,true],"medium_large":["https:\/\/autofans.com.ar\/wp-content\/uploads\/2025\/02\/spark-2-768x512.jpg",640,427,true],"large":["https:\/\/autofans.com.ar\/wp-content\/uploads\/2025\/02\/spark-2.jpg",640,427,false],"1536x1536":["https:\/\/autofans.com.ar\/wp-content\/uploads\/2025\/02\/spark-2.jpg",1000,667,false],"2048x2048":["https:\/\/autofans.com.ar\/wp-content\/uploads\/2025\/02\/spark-2.jpg",1000,667,false],"covernews-featured":["https:\/\/autofans.com.ar\/wp-content\/uploads\/2025\/02\/spark-2.jpg",1000,667,false],"covernews-medium":["https:\/\/autofans.com.ar\/wp-content\/uploads\/2025\/02\/spark-2-540x340.jpg",540,340,true]},"author_info":{"display_name":"Alejandro Gabriel Rosito","author_link":"https:\/\/autofans.com.ar\/index.php\/author\/gabrielr\/"},"category_info":"<a href=\"https:\/\/autofans.com.ar\/index.php\/category\/lanzamientos\/autos-y-suv\/\" rel=\"category tag\">Autos y SUV<\/a> <a href=\"https:\/\/autofans.com.ar\/index.php\/category\/lanzamientos\/hibridos-electricos-y\/\" rel=\"category tag\">H\u00edbridos, El\u00e9ctricos y +<\/a> <a href=\"https:\/\/autofans.com.ar\/index.php\/category\/lanzamientos\/\" rel=\"category tag\">LANZAMIENTOS<\/a>","tag_info":"LANZAMIENTOS","comment_count":0,"_links":{"self":[{"href":"https:\/\/autofans.com.ar\/index.php\/wp-json\/wp\/v2\/posts\/11160","targetHints":{"allow":["GET"]}}],"collection":[{"href":"https:\/\/autofans.com.ar\/index.php\/wp-json\/wp\/v2\/posts"}],"about":[{"href":"https:\/\/autofans.com.ar\/index.php\/wp-json\/wp\/v2\/types\/post"}],"author":[{"embeddable":true,"href":"https:\/\/autofans.com.ar\/index.php\/wp-json\/wp\/v2\/users\/2"}],"replies":[{"embeddable":true,"href":"https:\/\/autofans.com.ar\/index.php\/wp-json\/wp\/v2\/comments?post=11160"}],"version-history":[{"count":3,"href":"https:\/\/autofans.com.ar\/index.php\/wp-json\/wp\/v2\/posts\/11160\/revisions"}],"predecessor-version":[{"id":11167,"href":"https:\/\/autofans.com.ar\/index.php\/wp-json\/wp\/v2\/posts\/11160\/revisions\/11167"}],"wp:featuredmedia":[{"embeddable":true,"href":"https:\/\/autofans.com.ar\/index.php\/wp-json\/wp\/v2\/media\/11163"}],"wp:attachment":[{"href":"https:\/\/autofans.com.ar\/index.php\/wp-json\/wp\/v2\/media?parent=11160"}],"wp:term":[{"taxonomy":"category","embeddable":true,"href":"https:\/\/autofans.com.ar\/index.php\/wp-json\/wp\/v2\/categories?post=11160"},{"taxonomy":"post_tag","embeddable":true,"href":"https:\/\/autofans.com.ar\/index.php\/wp-json\/wp\/v2\/tags?post=11160"}],"curies":[{"name":"wp","href":"https:\/\/api.w.org\/{rel}","templated":true}]}}