{"id":11168,"date":"2025-02-13T19:51:26","date_gmt":"2025-02-13T22:51:26","guid":{"rendered":"https:\/\/autofans.com.ar\/?p=11168"},"modified":"2025-02-13T19:51:26","modified_gmt":"2025-02-13T22:51:26","slug":"debut-de-la-formula-e-en-jeddah-y-la-apuesta-de-ds-automobiles","status":"publish","type":"post","link":"https:\/\/autofans.com.ar\/index.php\/2025\/02\/13\/debut-de-la-formula-e-en-jeddah-y-la-apuesta-de-ds-automobiles\/","title":{"rendered":"Debut de la F\u00f3rmula E en Jeddah y la apuesta de DS Automobiles"},"content":{"rendered":"<p data-pm-slice=\"1 1 []\">Del 14 al 15 de febrero, la F\u00f3rmula E aterriza por primera vez en Jeddah, Arabia Saudita, con una fecha doble en el Campeonato Mundial ABB FIA de F\u00f3rmula E. En esta tercera ronda de la Temporada 11, la categor\u00eda presenta una innovaci\u00f3n clave: el PIT BOOST, una carga ultrarr\u00e1pida que promete cambiar las estrategias de carrera.<\/p>\n<p data-pm-slice=\"1 1 []\"><span style=\"color: #ffffff;\">.<\/span><\/p>\n<h2>PIT BOOST &#8211; un cambio en la estrategia de la F\u00f3rmula E<\/h2>\n<p>La Federaci\u00f3n Internacional del Autom\u00f3vil (FIA) y la F\u00f3rmula E introducir\u00e1n el PIT BOOST en la primera carrera del fin de semana. Esta parada en boxes obligatoria permitir\u00e1 a los autos obtener un 10% extra de energ\u00eda (3,85 kWh) con una carga de 600 kW en solo 30 segundos. Se espera que esta innovaci\u00f3n impacte en la estrategia de los 11 equipos en competencia.<\/p>\n<p>&nbsp;<\/p>\n<p><img fetchpriority=\"high\" decoding=\"async\" class=\"aligncenter wp-image-11172 size-full\" src=\"https:\/\/autofans.com.ar\/wp-content\/uploads\/2025\/02\/fe-1.jpg\" alt=\"F\u00f3rmula E\" width=\"1000\" height=\"667\" srcset=\"https:\/\/autofans.com.ar\/wp-content\/uploads\/2025\/02\/fe-1.jpg 1000w, https:\/\/autofans.com.ar\/wp-content\/uploads\/2025\/02\/fe-1-300x200.jpg 300w, https:\/\/autofans.com.ar\/wp-content\/uploads\/2025\/02\/fe-1-768x512.jpg 768w\" sizes=\"(max-width: 1000px) 100vw, 1000px\" \/><\/p>\n<p>&nbsp;<\/p>\n<h2>DS Automobiles y PENSKE AUTOSPORT en busca de puntos clave<\/h2>\n<p>El equipo DS PENSKE llega a Jeddah con el objetivo de seguir sumando puntos en el campeonato. Con la experiencia de Jean-\u00c9ric Vergne y Maximilian G\u00fcnther al volante, la escuder\u00eda busca aprovechar al m\u00e1ximo la nueva estrategia que impone el PIT BOOST y continuar su legado en la F\u00f3rmula E, donde ya acumula 123 carreras, 4 t\u00edtulos, 16 victorias, 51 podios y 24 pole positions.<\/p>\n<p>&nbsp;<\/p>\n<p><img decoding=\"async\" class=\"aligncenter wp-image-11170 size-full\" src=\"https:\/\/autofans.com.ar\/wp-content\/uploads\/2025\/02\/fe-3.jpg\" alt=\"F\u00f3rmula E\" width=\"1000\" height=\"667\" srcset=\"https:\/\/autofans.com.ar\/wp-content\/uploads\/2025\/02\/fe-3.jpg 1000w, https:\/\/autofans.com.ar\/wp-content\/uploads\/2025\/02\/fe-3-300x200.jpg 300w, https:\/\/autofans.com.ar\/wp-content\/uploads\/2025\/02\/fe-3-768x512.jpg 768w\" sizes=\"(max-width: 1000px) 100vw, 1000px\" \/><\/p>\n<p>&nbsp;<\/p>\n<h2>Horarios de las carreras en Jeddah<\/h2>\n<p>Ambas carreras se disputar\u00e1n en el circuito de la Corniche, con un trazado de 3 kil\u00f3metros. Los horarios son:<\/p>\n<ul data-spread=\"false\">\n<li>Carrera 1: viernes 14 de febrero, 18:00 CET (20:00 hora local).<\/li>\n<li>Carrera 2: s\u00e1bado 15 de febrero, 18:00 CET (20:00 hora local).<\/li>\n<\/ul>\n<p>Segu\u00ed todas las novedades de DS Automobiles en <a href=\"https:\/\/www.dsautomobiles.com\/en\/\" target=\"_blank\" rel=\"noopener\">www.DSautomobiles.com<\/a> | <a href=\"https:\/\/www.instagram.com\/ds_automobiles\/\" target=\"_blank\" rel=\"noopener\">@DS_Automobiles<\/a><\/p>\n<p>&nbsp;<\/p>\n<p>&nbsp;<\/p>\n<p>&nbsp;<\/p>\n<p><i>Para enterarte de m\u00e1s novedades, no dejes de leer\u00a0<\/i><a href=\"https:\/\/autofans.thebrandsoup.com\/\"><i>nuestras notas<\/i><\/a><i>, de ver<\/i><b><i>\u00a0<\/i><\/b><a href=\"https:\/\/www.youtube.com\/channel\/UCgAC8UGHZYbT6P7PpmVnP7g\"><b><i>AUTOFANS TV<\/i><\/b><\/a><b><i>\u00a0<\/i><\/b><i>en nuestro\u00a0canal de Youtube. Adem\u00e1s seguinos en\u00a0<\/i><a href=\"https:\/\/www.instagram.com\/autofanstv\/\"><i>INSTAGRAM<\/i><\/a><i> y <\/i><a href=\"https:\/\/www.facebook.com\/autofansmas\/\"><i>FACEBOOK<\/i><\/a><i> para no perderte nada sobre las novedades del segmento automotor de Argentina y el mundo.<\/i><\/p>\n","protected":false},"excerpt":{"rendered":"<p>Del 14 al 15 de febrero, la F\u00f3rmula E aterriza por primera vez en Jeddah,&#8230;<\/p>\n","protected":false},"author":2,"featured_media":11171,"comment_status":"closed","ping_status":"closed","sticky":false,"template":"","format":"standard","meta":{"footnotes":""},"categories":[127,16],"tags":[6096,6095,545,3163,880,6094,5493,1157,5338,6093],"class_list":["post-11168","post","type-post","status-publish","format-standard","has-post-thumbnail","hentry","category-deporte","category-noticias","tag-campeonato-formula-e","tag-carga-rapida-formula-e","tag-ds-automobiles","tag-fia","tag-jean-eric-vergne","tag-jeddah-e-prix","tag-maximilian-gunther","tag-penske-autosport","tag-pit-boost","tag-seo-formula-e"],"yoast_head":"<!-- This site is optimized with the Yoast SEO plugin v27.5 - https:\/\/yoast.com\/product\/yoast-seo-wordpress\/ -->\n<title>Debut de la F\u00f3rmula E en Jeddah y la apuesta de DS Automobiles -<\/title>\n<meta name=\"description\" content=\"Del 14 al 15 de febrero, la F\u00f3rmula E aterriza por primera vez en Jeddah, Arabia Saudita, con una fecha doble en el Campeonato Mundial...\" \/>\n<meta name=\"robots\" content=\"index, follow, max-snippet:-1, max-image-preview:large, max-video-preview:-1\" \/>\n<link rel=\"canonical\" href=\"https:\/\/autofans.com.ar\/index.php\/2025\/02\/13\/debut-de-la-formula-e-en-jeddah-y-la-apuesta-de-ds-automobiles\/\" \/>\n<meta property=\"og:locale\" content=\"es_ES\" \/>\n<meta property=\"og:type\" content=\"article\" \/>\n<meta property=\"og:title\" content=\"Debut de la F\u00f3rmula E en Jeddah y la apuesta de DS Automobiles -\" \/>\n<meta property=\"og:description\" content=\"Del 14 al 15 de febrero, la F\u00f3rmula E aterriza por primera vez en Jeddah, Arabia Saudita, con una fecha doble en el Campeonato Mundial...\" \/>\n<meta property=\"og:url\" content=\"https:\/\/autofans.com.ar\/index.php\/2025\/02\/13\/debut-de-la-formula-e-en-jeddah-y-la-apuesta-de-ds-automobiles\/\" \/>\n<meta property=\"article:published_time\" content=\"2025-02-13T22:51:26+00:00\" \/>\n<meta property=\"og:image\" content=\"https:\/\/autofans.com.ar\/wp-content\/uploads\/2025\/02\/fe-2.jpg\" \/>\n\t<meta property=\"og:image:width\" content=\"1000\" \/>\n\t<meta property=\"og:image:height\" content=\"667\" \/>\n\t<meta property=\"og:image:type\" content=\"image\/jpeg\" \/>\n<meta name=\"author\" content=\"Alejandro Gabriel Rosito\" \/>\n<meta name=\"twitter:card\" content=\"summary_large_image\" \/>\n<meta name=\"twitter:label1\" content=\"Escrito por\" \/>\n\t<meta name=\"twitter:data1\" content=\"Alejandro Gabriel Rosito\" \/>\n\t<meta name=\"twitter:label2\" content=\"Tiempo de lectura\" \/>\n\t<meta name=\"twitter:data2\" content=\"3 minutos\" \/>\n<script type=\"application\/ld+json\" class=\"yoast-schema-graph\">{\"@context\":\"https:\\\/\\\/schema.org\",\"@graph\":[{\"@type\":\"Article\",\"@id\":\"https:\\\/\\\/autofans.com.ar\\\/index.php\\\/2025\\\/02\\\/13\\\/debut-de-la-formula-e-en-jeddah-y-la-apuesta-de-ds-automobiles\\\/#article\",\"isPartOf\":{\"@id\":\"https:\\\/\\\/autofans.com.ar\\\/index.php\\\/2025\\\/02\\\/13\\\/debut-de-la-formula-e-en-jeddah-y-la-apuesta-de-ds-automobiles\\\/\"},\"author\":{\"name\":\"Alejandro Gabriel Rosito\",\"@id\":\"https:\\\/\\\/autofans.com.ar\\\/#\\\/schema\\\/person\\\/4a8dda0b6df83ac3d6723e921274c2aa\"},\"headline\":\"Debut de la F\u00f3rmula E en Jeddah y la apuesta de DS Automobiles\",\"datePublished\":\"2025-02-13T22:51:26+00:00\",\"mainEntityOfPage\":{\"@id\":\"https:\\\/\\\/autofans.com.ar\\\/index.php\\\/2025\\\/02\\\/13\\\/debut-de-la-formula-e-en-jeddah-y-la-apuesta-de-ds-automobiles\\\/\"},\"wordCount\":331,\"image\":{\"@id\":\"https:\\\/\\\/autofans.com.ar\\\/index.php\\\/2025\\\/02\\\/13\\\/debut-de-la-formula-e-en-jeddah-y-la-apuesta-de-ds-automobiles\\\/#primaryimage\"},\"thumbnailUrl\":\"https:\\\/\\\/autofans.com.ar\\\/wp-content\\\/uploads\\\/2025\\\/02\\\/fe-2.jpg\",\"keywords\":[\"campeonato F\u00f3rmula E.\",\"carga r\u00e1pida F\u00f3rmula E\",\"DS Automobiles\",\"FIA\",\"Jean-Eric Vergne\",\"Jeddah E-Prix\",\"Maximilian G\u00fcnther\",\"Penske Autosport\",\"Pit Boost\",\"SEO: F\u00f3rmula E\"],\"articleSection\":[\"DEPORTE MOTOR\",\"NOTICIAS\"],\"inLanguage\":\"es\"},{\"@type\":\"WebPage\",\"@id\":\"https:\\\/\\\/autofans.com.ar\\\/index.php\\\/2025\\\/02\\\/13\\\/debut-de-la-formula-e-en-jeddah-y-la-apuesta-de-ds-automobiles\\\/\",\"url\":\"https:\\\/\\\/autofans.com.ar\\\/index.php\\\/2025\\\/02\\\/13\\\/debut-de-la-formula-e-en-jeddah-y-la-apuesta-de-ds-automobiles\\\/\",\"name\":\"Debut de la F\u00f3rmula E en Jeddah y la apuesta de DS Automobiles -\",\"isPartOf\":{\"@id\":\"https:\\\/\\\/autofans.com.ar\\\/#website\"},\"primaryImageOfPage\":{\"@id\":\"https:\\\/\\\/autofans.com.ar\\\/index.php\\\/2025\\\/02\\\/13\\\/debut-de-la-formula-e-en-jeddah-y-la-apuesta-de-ds-automobiles\\\/#primaryimage\"},\"image\":{\"@id\":\"https:\\\/\\\/autofans.com.ar\\\/index.php\\\/2025\\\/02\\\/13\\\/debut-de-la-formula-e-en-jeddah-y-la-apuesta-de-ds-automobiles\\\/#primaryimage\"},\"thumbnailUrl\":\"https:\\\/\\\/autofans.com.ar\\\/wp-content\\\/uploads\\\/2025\\\/02\\\/fe-2.jpg\",\"datePublished\":\"2025-02-13T22:51:26+00:00\",\"author\":{\"@id\":\"https:\\\/\\\/autofans.com.ar\\\/#\\\/schema\\\/person\\\/4a8dda0b6df83ac3d6723e921274c2aa\"},\"description\":\"Del 14 al 15 de febrero, la F\u00f3rmula E aterriza por primera vez en Jeddah, Arabia Saudita, con una fecha doble en el Campeonato Mundial...\",\"breadcrumb\":{\"@id\":\"https:\\\/\\\/autofans.com.ar\\\/index.php\\\/2025\\\/02\\\/13\\\/debut-de-la-formula-e-en-jeddah-y-la-apuesta-de-ds-automobiles\\\/#breadcrumb\"},\"inLanguage\":\"es\",\"potentialAction\":[{\"@type\":\"ReadAction\",\"target\":[\"https:\\\/\\\/autofans.com.ar\\\/index.php\\\/2025\\\/02\\\/13\\\/debut-de-la-formula-e-en-jeddah-y-la-apuesta-de-ds-automobiles\\\/\"]}]},{\"@type\":\"ImageObject\",\"inLanguage\":\"es\",\"@id\":\"https:\\\/\\\/autofans.com.ar\\\/index.php\\\/2025\\\/02\\\/13\\\/debut-de-la-formula-e-en-jeddah-y-la-apuesta-de-ds-automobiles\\\/#primaryimage\",\"url\":\"https:\\\/\\\/autofans.com.ar\\\/wp-content\\\/uploads\\\/2025\\\/02\\\/fe-2.jpg\",\"contentUrl\":\"https:\\\/\\\/autofans.com.ar\\\/wp-content\\\/uploads\\\/2025\\\/02\\\/fe-2.jpg\",\"width\":1000,\"height\":667,\"caption\":\"F\u00f3rmula E\"},{\"@type\":\"BreadcrumbList\",\"@id\":\"https:\\\/\\\/autofans.com.ar\\\/index.php\\\/2025\\\/02\\\/13\\\/debut-de-la-formula-e-en-jeddah-y-la-apuesta-de-ds-automobiles\\\/#breadcrumb\",\"itemListElement\":[{\"@type\":\"ListItem\",\"position\":1,\"name\":\"Inicio\",\"item\":\"https:\\\/\\\/autofans.com.ar\\\/\"},{\"@type\":\"ListItem\",\"position\":2,\"name\":\"Debut de la F\u00f3rmula E en Jeddah y la apuesta de DS Automobiles\"}]},{\"@type\":\"WebSite\",\"@id\":\"https:\\\/\\\/autofans.com.ar\\\/#website\",\"url\":\"https:\\\/\\\/autofans.com.ar\\\/\",\"name\":\"\",\"description\":\"El multimedio referente de la industria automotriz\",\"potentialAction\":[{\"@type\":\"SearchAction\",\"target\":{\"@type\":\"EntryPoint\",\"urlTemplate\":\"https:\\\/\\\/autofans.com.ar\\\/?s={search_term_string}\"},\"query-input\":{\"@type\":\"PropertyValueSpecification\",\"valueRequired\":true,\"valueName\":\"search_term_string\"}}],\"inLanguage\":\"es\"},{\"@type\":\"Person\",\"@id\":\"https:\\\/\\\/autofans.com.ar\\\/#\\\/schema\\\/person\\\/4a8dda0b6df83ac3d6723e921274c2aa\",\"name\":\"Alejandro Gabriel Rosito\",\"image\":{\"@type\":\"ImageObject\",\"inLanguage\":\"es\",\"@id\":\"https:\\\/\\\/secure.gravatar.com\\\/avatar\\\/16c5dda1489adfc62618084dcbb91cffd879c374b13fe5dd8e44ed6733852c88?s=96&d=mm&r=g\",\"url\":\"https:\\\/\\\/secure.gravatar.com\\\/avatar\\\/16c5dda1489adfc62618084dcbb91cffd879c374b13fe5dd8e44ed6733852c88?s=96&d=mm&r=g\",\"contentUrl\":\"https:\\\/\\\/secure.gravatar.com\\\/avatar\\\/16c5dda1489adfc62618084dcbb91cffd879c374b13fe5dd8e44ed6733852c88?s=96&d=mm&r=g\",\"caption\":\"Alejandro Gabriel Rosito\"},\"url\":\"https:\\\/\\\/autofans.com.ar\\\/index.php\\\/author\\\/gabrielr\\\/\"}]}<\/script>\n<!-- \/ Yoast SEO plugin. -->","yoast_head_json":{"title":"Debut de la F\u00f3rmula E en Jeddah y la apuesta de DS Automobiles -","description":"Del 14 al 15 de febrero, la F\u00f3rmula E aterriza por primera vez en Jeddah, Arabia Saudita, con una fecha doble en el Campeonato Mundial...","robots":{"index":"index","follow":"follow","max-snippet":"max-snippet:-1","max-image-preview":"max-image-preview:large","max-video-preview":"max-video-preview:-1"},"canonical":"https:\/\/autofans.com.ar\/index.php\/2025\/02\/13\/debut-de-la-formula-e-en-jeddah-y-la-apuesta-de-ds-automobiles\/","og_locale":"es_ES","og_type":"article","og_title":"Debut de la F\u00f3rmula E en Jeddah y la apuesta de DS Automobiles -","og_description":"Del 14 al 15 de febrero, la F\u00f3rmula E aterriza por primera vez en Jeddah, Arabia Saudita, con una fecha doble en el Campeonato Mundial...","og_url":"https:\/\/autofans.com.ar\/index.php\/2025\/02\/13\/debut-de-la-formula-e-en-jeddah-y-la-apuesta-de-ds-automobiles\/","article_published_time":"2025-02-13T22:51:26+00:00","og_image":[{"width":1000,"height":667,"url":"https:\/\/autofans.com.ar\/wp-content\/uploads\/2025\/02\/fe-2.jpg","type":"image\/jpeg"}],"author":"Alejandro Gabriel Rosito","twitter_card":"summary_large_image","twitter_misc":{"Escrito por":"Alejandro Gabriel Rosito","Tiempo de lectura":"3 minutos"},"schema":{"@context":"https:\/\/schema.org","@graph":[{"@type":"Article","@id":"https:\/\/autofans.com.ar\/index.php\/2025\/02\/13\/debut-de-la-formula-e-en-jeddah-y-la-apuesta-de-ds-automobiles\/#article","isPartOf":{"@id":"https:\/\/autofans.com.ar\/index.php\/2025\/02\/13\/debut-de-la-formula-e-en-jeddah-y-la-apuesta-de-ds-automobiles\/"},"author":{"name":"Alejandro Gabriel Rosito","@id":"https:\/\/autofans.com.ar\/#\/schema\/person\/4a8dda0b6df83ac3d6723e921274c2aa"},"headline":"Debut de la F\u00f3rmula E en Jeddah y la apuesta de DS Automobiles","datePublished":"2025-02-13T22:51:26+00:00","mainEntityOfPage":{"@id":"https:\/\/autofans.com.ar\/index.php\/2025\/02\/13\/debut-de-la-formula-e-en-jeddah-y-la-apuesta-de-ds-automobiles\/"},"wordCount":331,"image":{"@id":"https:\/\/autofans.com.ar\/index.php\/2025\/02\/13\/debut-de-la-formula-e-en-jeddah-y-la-apuesta-de-ds-automobiles\/#primaryimage"},"thumbnailUrl":"https:\/\/autofans.com.ar\/wp-content\/uploads\/2025\/02\/fe-2.jpg","keywords":["campeonato F\u00f3rmula E.","carga r\u00e1pida F\u00f3rmula E","DS Automobiles","FIA","Jean-Eric Vergne","Jeddah E-Prix","Maximilian G\u00fcnther","Penske Autosport","Pit Boost","SEO: F\u00f3rmula E"],"articleSection":["DEPORTE MOTOR","NOTICIAS"],"inLanguage":"es"},{"@type":"WebPage","@id":"https:\/\/autofans.com.ar\/index.php\/2025\/02\/13\/debut-de-la-formula-e-en-jeddah-y-la-apuesta-de-ds-automobiles\/","url":"https:\/\/autofans.com.ar\/index.php\/2025\/02\/13\/debut-de-la-formula-e-en-jeddah-y-la-apuesta-de-ds-automobiles\/","name":"Debut de la F\u00f3rmula E en Jeddah y la apuesta de DS Automobiles -","isPartOf":{"@id":"https:\/\/autofans.com.ar\/#website"},"primaryImageOfPage":{"@id":"https:\/\/autofans.com.ar\/index.php\/2025\/02\/13\/debut-de-la-formula-e-en-jeddah-y-la-apuesta-de-ds-automobiles\/#primaryimage"},"image":{"@id":"https:\/\/autofans.com.ar\/index.php\/2025\/02\/13\/debut-de-la-formula-e-en-jeddah-y-la-apuesta-de-ds-automobiles\/#primaryimage"},"thumbnailUrl":"https:\/\/autofans.com.ar\/wp-content\/uploads\/2025\/02\/fe-2.jpg","datePublished":"2025-02-13T22:51:26+00:00","author":{"@id":"https:\/\/autofans.com.ar\/#\/schema\/person\/4a8dda0b6df83ac3d6723e921274c2aa"},"description":"Del 14 al 15 de febrero, la F\u00f3rmula E aterriza por primera vez en Jeddah, Arabia Saudita, con una fecha doble en el Campeonato Mundial...","breadcrumb":{"@id":"https:\/\/autofans.com.ar\/index.php\/2025\/02\/13\/debut-de-la-formula-e-en-jeddah-y-la-apuesta-de-ds-automobiles\/#breadcrumb"},"inLanguage":"es","potentialAction":[{"@type":"ReadAction","target":["https:\/\/autofans.com.ar\/index.php\/2025\/02\/13\/debut-de-la-formula-e-en-jeddah-y-la-apuesta-de-ds-automobiles\/"]}]},{"@type":"ImageObject","inLanguage":"es","@id":"https:\/\/autofans.com.ar\/index.php\/2025\/02\/13\/debut-de-la-formula-e-en-jeddah-y-la-apuesta-de-ds-automobiles\/#primaryimage","url":"https:\/\/autofans.com.ar\/wp-content\/uploads\/2025\/02\/fe-2.jpg","contentUrl":"https:\/\/autofans.com.ar\/wp-content\/uploads\/2025\/02\/fe-2.jpg","width":1000,"height":667,"caption":"F\u00f3rmula E"},{"@type":"BreadcrumbList","@id":"https:\/\/autofans.com.ar\/index.php\/2025\/02\/13\/debut-de-la-formula-e-en-jeddah-y-la-apuesta-de-ds-automobiles\/#breadcrumb","itemListElement":[{"@type":"ListItem","position":1,"name":"Inicio","item":"https:\/\/autofans.com.ar\/"},{"@type":"ListItem","position":2,"name":"Debut de la F\u00f3rmula E en Jeddah y la apuesta de DS Automobiles"}]},{"@type":"WebSite","@id":"https:\/\/autofans.com.ar\/#website","url":"https:\/\/autofans.com.ar\/","name":"","description":"El multimedio referente de la industria automotriz","potentialAction":[{"@type":"SearchAction","target":{"@type":"EntryPoint","urlTemplate":"https:\/\/autofans.com.ar\/?s={search_term_string}"},"query-input":{"@type":"PropertyValueSpecification","valueRequired":true,"valueName":"search_term_string"}}],"inLanguage":"es"},{"@type":"Person","@id":"https:\/\/autofans.com.ar\/#\/schema\/person\/4a8dda0b6df83ac3d6723e921274c2aa","name":"Alejandro Gabriel Rosito","image":{"@type":"ImageObject","inLanguage":"es","@id":"https:\/\/secure.gravatar.com\/avatar\/16c5dda1489adfc62618084dcbb91cffd879c374b13fe5dd8e44ed6733852c88?s=96&d=mm&r=g","url":"https:\/\/secure.gravatar.com\/avatar\/16c5dda1489adfc62618084dcbb91cffd879c374b13fe5dd8e44ed6733852c88?s=96&d=mm&r=g","contentUrl":"https:\/\/secure.gravatar.com\/avatar\/16c5dda1489adfc62618084dcbb91cffd879c374b13fe5dd8e44ed6733852c88?s=96&d=mm&r=g","caption":"Alejandro Gabriel Rosito"},"url":"https:\/\/autofans.com.ar\/index.php\/author\/gabrielr\/"}]}},"featured_image_urls":{"full":["https:\/\/autofans.com.ar\/wp-content\/uploads\/2025\/02\/fe-2.jpg",1000,667,false],"thumbnail":["https:\/\/autofans.com.ar\/wp-content\/uploads\/2025\/02\/fe-2-150x150.jpg",150,150,true],"medium":["https:\/\/autofans.com.ar\/wp-content\/uploads\/2025\/02\/fe-2-300x200.jpg",300,200,true],"medium_large":["https:\/\/autofans.com.ar\/wp-content\/uploads\/2025\/02\/fe-2-768x512.jpg",640,427,true],"large":["https:\/\/autofans.com.ar\/wp-content\/uploads\/2025\/02\/fe-2.jpg",640,427,false],"1536x1536":["https:\/\/autofans.com.ar\/wp-content\/uploads\/2025\/02\/fe-2.jpg",1000,667,false],"2048x2048":["https:\/\/autofans.com.ar\/wp-content\/uploads\/2025\/02\/fe-2.jpg",1000,667,false],"covernews-featured":["https:\/\/autofans.com.ar\/wp-content\/uploads\/2025\/02\/fe-2.jpg",1000,667,false],"covernews-medium":["https:\/\/autofans.com.ar\/wp-content\/uploads\/2025\/02\/fe-2-540x340.jpg",540,340,true]},"author_info":{"display_name":"Alejandro Gabriel Rosito","author_link":"https:\/\/autofans.com.ar\/index.php\/author\/gabrielr\/"},"category_info":"<a href=\"https:\/\/autofans.com.ar\/index.php\/category\/noticias\/deporte\/\" rel=\"category tag\">DEPORTE MOTOR<\/a> <a href=\"https:\/\/autofans.com.ar\/index.php\/category\/noticias\/\" rel=\"category tag\">NOTICIAS<\/a>","tag_info":"NOTICIAS","comment_count":0,"_links":{"self":[{"href":"https:\/\/autofans.com.ar\/index.php\/wp-json\/wp\/v2\/posts\/11168","targetHints":{"allow":["GET"]}}],"collection":[{"href":"https:\/\/autofans.com.ar\/index.php\/wp-json\/wp\/v2\/posts"}],"about":[{"href":"https:\/\/autofans.com.ar\/index.php\/wp-json\/wp\/v2\/types\/post"}],"author":[{"embeddable":true,"href":"https:\/\/autofans.com.ar\/index.php\/wp-json\/wp\/v2\/users\/2"}],"replies":[{"embeddable":true,"href":"https:\/\/autofans.com.ar\/index.php\/wp-json\/wp\/v2\/comments?post=11168"}],"version-history":[{"count":2,"href":"https:\/\/autofans.com.ar\/index.php\/wp-json\/wp\/v2\/posts\/11168\/revisions"}],"predecessor-version":[{"id":11173,"href":"https:\/\/autofans.com.ar\/index.php\/wp-json\/wp\/v2\/posts\/11168\/revisions\/11173"}],"wp:featuredmedia":[{"embeddable":true,"href":"https:\/\/autofans.com.ar\/index.php\/wp-json\/wp\/v2\/media\/11171"}],"wp:attachment":[{"href":"https:\/\/autofans.com.ar\/index.php\/wp-json\/wp\/v2\/media?parent=11168"}],"wp:term":[{"taxonomy":"category","embeddable":true,"href":"https:\/\/autofans.com.ar\/index.php\/wp-json\/wp\/v2\/categories?post=11168"},{"taxonomy":"post_tag","embeddable":true,"href":"https:\/\/autofans.com.ar\/index.php\/wp-json\/wp\/v2\/tags?post=11168"}],"curies":[{"name":"wp","href":"https:\/\/api.w.org\/{rel}","templated":true}]}}