{"id":11184,"date":"2025-02-14T20:54:47","date_gmt":"2025-02-14T23:54:47","guid":{"rendered":"https:\/\/autofans.com.ar\/?p=11184"},"modified":"2025-02-14T20:54:47","modified_gmt":"2025-02-14T23:54:47","slug":"e-lion-day-2025-la-vision-electrica-y-sustentable-de-peugeot","status":"publish","type":"post","link":"https:\/\/autofans.com.ar\/index.php\/2025\/02\/14\/e-lion-day-2025-la-vision-electrica-y-sustentable-de-peugeot\/","title":{"rendered":"E-LION DAY 2025, la visi\u00f3n el\u00e9ctrica y sustentable de Peugeot"},"content":{"rendered":"<p data-pm-slice=\"1 1 []\">Peugeot sigue avanzando en su apuesta por la electrificaci\u00f3n y en la tercera edici\u00f3n del E-LION DAY, Alain Favey, CEO de la marca, present\u00f3 la hoja de ruta para 2025. Con la gama de veh\u00edculos el\u00e9ctricos m\u00e1s amplia entre las marcas generalistas, Peugeot busca consolidarse como referente en el mercado europeo.<\/p>\n<p data-pm-slice=\"1 1 []\"><span style=\"color: #ffffff;\">.<\/span><\/p>\n<blockquote>\n<p style=\"text-align: center;\" data-pm-slice=\"1 1 []\">\u00abAdem\u00e1s de los fabulosos productos que ya est\u00e1n presentes en nuestros mercados, es centr\u00e1ndonos en nuestros clientes y fortaleciendo nuestras asociaciones como construiremos un futuro brillante, exitoso y sostenible para Peugeot.<\/p>\n<\/blockquote>\n<p>&nbsp;<\/p>\n<h2>Expansi\u00f3n de la gama el\u00e9ctrica<\/h2>\n<p>En 2025, Peugeot ampliar\u00e1 su oferta de modelos 100% el\u00e9ctricos con el lanzamiento de las versiones Dual Motor de 325 CV del E-3008 y E-5008, ambos con tracci\u00f3n total. Adem\u00e1s, llegar\u00e1 la variante de 5 plazas del E-5008, ideal para quienes priorizan el espacio de carga sin renunciar a la experiencia de manejo.<\/p>\n<p>&nbsp;<\/p>\n<p><img fetchpriority=\"high\" decoding=\"async\" class=\"aligncenter wp-image-11188 size-full\" src=\"https:\/\/autofans.com.ar\/wp-content\/uploads\/2025\/02\/peugeot-3.jpg\" alt=\"E-LION DAY 2025\" width=\"1000\" height=\"667\" srcset=\"https:\/\/autofans.com.ar\/wp-content\/uploads\/2025\/02\/peugeot-3.jpg 1000w, https:\/\/autofans.com.ar\/wp-content\/uploads\/2025\/02\/peugeot-3-300x200.jpg 300w, https:\/\/autofans.com.ar\/wp-content\/uploads\/2025\/02\/peugeot-3-768x512.jpg 768w\" sizes=\"(max-width: 1000px) 100vw, 1000px\" \/><\/p>\n<p>&nbsp;<\/p>\n<p>El Peugeot E-5008 5 plazas ofrecer\u00e1 un ba\u00fal de 994 litros, superando en 78 litros la versi\u00f3n de 7 asientos. Con los asientos traseros plegados, la capacidad de carga se expande a 2310 litros.<\/p>\n<p>&nbsp;<\/p>\n<blockquote>\n<p style=\"text-align: center;\">Alain Favey declar\u00f3:<\/p>\n<p style=\"text-align: center;\">\u201cConvertirme en CEO de la marca PEUGEOT me da un gran orgullo, pero tambi\u00e9n un fuerte sentido de la responsabilidad. La marca es fuerte, la gama es completa, con una combinaci\u00f3n \u00fanica de modelos el\u00e9ctricos, h\u00edbridos e h\u00edbridos enchufables en las mismas plataformas.\u00a0 Estamos seguros de que tenemos todos los activos para tener \u00e9xito y contribuir a un futuro sostenible para la generaci\u00f3n del ma\u00f1ana\u00bb.<\/p>\n<\/blockquote>\n<p>&nbsp;<\/p>\n<h2>E-LION DAY 2025 &#8211; eficiencia y autonom\u00eda<\/h2>\n<p>La eficiencia sigue siendo una prioridad para Peugeot. El E-208 y el E-308 fueron reconocidos como los modelos m\u00e1s eficientes del mercado seg\u00fan el ADAC Ecotest 2024. Por su parte, el E-3008 y el E-5008 Long Range ofrecen autonom\u00edas de hasta 700 km y 668 km, respectivamente, permitiendo realizar viajes largos con menos paradas de carga.<\/p>\n<p>Para mejorar la experiencia de conducci\u00f3n, los modelos E-3008 y E-5008 incorporar\u00e1n un sistema de precalentamiento de bater\u00eda, optimizando los tiempos de carga en climas fr\u00edos. Adem\u00e1s, Peugeot continuar\u00e1 ofreciendo sistemas de propulsi\u00f3n h\u00edbridos y electrificados para facilitar la transici\u00f3n hacia la movilidad sustentable.<\/p>\n<p>&nbsp;<\/p>\n<p><img decoding=\"async\" class=\"aligncenter wp-image-11189 size-full\" src=\"https:\/\/autofans.com.ar\/wp-content\/uploads\/2025\/02\/peugeot-2.jpg\" alt=\"E-LION DAY 2025\" width=\"1000\" height=\"667\" srcset=\"https:\/\/autofans.com.ar\/wp-content\/uploads\/2025\/02\/peugeot-2.jpg 1000w, https:\/\/autofans.com.ar\/wp-content\/uploads\/2025\/02\/peugeot-2-300x200.jpg 300w, https:\/\/autofans.com.ar\/wp-content\/uploads\/2025\/02\/peugeot-2-768x512.jpg 768w\" sizes=\"(max-width: 1000px) 100vw, 1000px\" \/><\/p>\n<p>&nbsp;<\/p>\n<h2>Compromiso con la sostenibilidad<\/h2>\n<p>Peugeot mantiene su compromiso con la sustentabilidad a trav\u00e9s de iniciativas educativas y alianzas estrat\u00e9gicas. En colaboraci\u00f3n con Born Free y Under The Pole, la marca impulsa proyectos de conservaci\u00f3n del medio ambiente y promueve la educaci\u00f3n sobre energ\u00edas limpias.<\/p>\n<p>Con su estrategia basada en cinco pilares (\u201cElectricidad, Eficiencia, Experiencia, Educaci\u00f3n y Medio Ambiente\u201d), Peugeot acelera su camino hacia la neutralidad de carbono, ofreciendo tecnolog\u00eda innovadora sin comprometer el placer de conducir.<\/p>\n<p>&nbsp;<\/p>\n<p>&nbsp;<\/p>\n<p>&nbsp;<\/p>\n<p><i>Para enterarte de m\u00e1s novedades, no dejes de leer\u00a0<\/i><a href=\"https:\/\/autofans.thebrandsoup.com\/\"><i>nuestras notas<\/i><\/a><i>, de ver<\/i><b><i>\u00a0<\/i><\/b><a href=\"https:\/\/www.youtube.com\/channel\/UCgAC8UGHZYbT6P7PpmVnP7g\"><b><i>AUTOFANS TV<\/i><\/b><\/a><b><i>\u00a0<\/i><\/b><i>en nuestro\u00a0canal de Youtube. Adem\u00e1s seguinos en\u00a0<\/i><a href=\"https:\/\/www.instagram.com\/autofanstv\/\"><i>INSTAGRAM<\/i><\/a><i> y <\/i><a href=\"https:\/\/www.facebook.com\/autofansmas\/\"><i>FACEBOOK<\/i><\/a><i> para no perderte nada sobre las novedades del segmento automotor de Argentina y el mundo.<\/i><\/p>\n","protected":false},"excerpt":{"rendered":"<p>Peugeot sigue avanzando en su apuesta por la electrificaci\u00f3n y en la tercera edici\u00f3n del&#8230;<\/p>\n","protected":false},"author":2,"featured_media":11190,"comment_status":"closed","ping_status":"closed","sticky":false,"template":"","format":"standard","meta":{"footnotes":""},"categories":[341,16],"tags":[2549,6104,6106,6105,2546,6102,6101,6103,2547,354],"class_list":["post-11184","post","type-post","status-publish","format-standard","has-post-thumbnail","hentry","category-hibridos-y-electricos","category-noticias","tag-autonomia-electrica","tag-autos-electricos-2025","tag-baterias-peugeot","tag-eficiencia-vehicular","tag-peugeot-e-3008","tag-peugeot-e-5008","tag-peugeot-electrificacion","tag-peugeot-sustentable","tag-suv-electrico","tag-tecnologia-hibrida"],"yoast_head":"<!-- This site is optimized with the Yoast SEO plugin v27.5 - https:\/\/yoast.com\/product\/yoast-seo-wordpress\/ -->\n<title>E-LION DAY 2025, la visi\u00f3n el\u00e9ctrica y sustentable de Peugeot -<\/title>\n<meta name=\"description\" content=\"Peugeot sigue avanzando en su apuesta por la electrificaci\u00f3n y en la tercera edici\u00f3n del E-LION DAY con la gama de veh\u00edculos el\u00e9ctricos ...\" \/>\n<meta name=\"robots\" content=\"index, follow, max-snippet:-1, max-image-preview:large, max-video-preview:-1\" \/>\n<link rel=\"canonical\" href=\"https:\/\/autofans.com.ar\/index.php\/2025\/02\/14\/e-lion-day-2025-la-vision-electrica-y-sustentable-de-peugeot\/\" \/>\n<meta property=\"og:locale\" content=\"es_ES\" \/>\n<meta property=\"og:type\" content=\"article\" \/>\n<meta property=\"og:title\" content=\"E-LION DAY 2025, la visi\u00f3n el\u00e9ctrica y sustentable de Peugeot -\" \/>\n<meta property=\"og:description\" content=\"Peugeot sigue avanzando en su apuesta por la electrificaci\u00f3n y en la tercera edici\u00f3n del E-LION DAY con la gama de veh\u00edculos el\u00e9ctricos ...\" \/>\n<meta property=\"og:url\" content=\"https:\/\/autofans.com.ar\/index.php\/2025\/02\/14\/e-lion-day-2025-la-vision-electrica-y-sustentable-de-peugeot\/\" \/>\n<meta property=\"article:published_time\" content=\"2025-02-14T23:54:47+00:00\" \/>\n<meta property=\"og:image\" content=\"https:\/\/autofans.com.ar\/wp-content\/uploads\/2025\/02\/peugeot-1.jpg\" \/>\n\t<meta property=\"og:image:width\" content=\"1000\" \/>\n\t<meta property=\"og:image:height\" content=\"667\" \/>\n\t<meta property=\"og:image:type\" content=\"image\/jpeg\" \/>\n<meta name=\"author\" content=\"Alejandro Gabriel Rosito\" \/>\n<meta name=\"twitter:card\" content=\"summary_large_image\" \/>\n<meta name=\"twitter:label1\" content=\"Escrito por\" \/>\n\t<meta name=\"twitter:data1\" content=\"Alejandro Gabriel Rosito\" \/>\n\t<meta name=\"twitter:label2\" content=\"Tiempo de lectura\" \/>\n\t<meta name=\"twitter:data2\" content=\"3 minutos\" \/>\n<script type=\"application\/ld+json\" class=\"yoast-schema-graph\">{\"@context\":\"https:\\\/\\\/schema.org\",\"@graph\":[{\"@type\":\"Article\",\"@id\":\"https:\\\/\\\/autofans.com.ar\\\/index.php\\\/2025\\\/02\\\/14\\\/e-lion-day-2025-la-vision-electrica-y-sustentable-de-peugeot\\\/#article\",\"isPartOf\":{\"@id\":\"https:\\\/\\\/autofans.com.ar\\\/index.php\\\/2025\\\/02\\\/14\\\/e-lion-day-2025-la-vision-electrica-y-sustentable-de-peugeot\\\/\"},\"author\":{\"name\":\"Alejandro Gabriel Rosito\",\"@id\":\"https:\\\/\\\/autofans.com.ar\\\/#\\\/schema\\\/person\\\/4a8dda0b6df83ac3d6723e921274c2aa\"},\"headline\":\"E-LION DAY 2025, la visi\u00f3n el\u00e9ctrica y sustentable de Peugeot\",\"datePublished\":\"2025-02-14T23:54:47+00:00\",\"mainEntityOfPage\":{\"@id\":\"https:\\\/\\\/autofans.com.ar\\\/index.php\\\/2025\\\/02\\\/14\\\/e-lion-day-2025-la-vision-electrica-y-sustentable-de-peugeot\\\/\"},\"wordCount\":517,\"image\":{\"@id\":\"https:\\\/\\\/autofans.com.ar\\\/index.php\\\/2025\\\/02\\\/14\\\/e-lion-day-2025-la-vision-electrica-y-sustentable-de-peugeot\\\/#primaryimage\"},\"thumbnailUrl\":\"https:\\\/\\\/autofans.com.ar\\\/wp-content\\\/uploads\\\/2025\\\/02\\\/peugeot-1.jpg\",\"keywords\":[\"autonom\u00eda el\u00e9ctrica\",\"autos el\u00e9ctricos 2025\",\"bater\u00edas Peugeot\",\"eficiencia vehicular\",\"Peugeot E-3008\",\"Peugeot E-5008\",\"Peugeot electrificaci\u00f3n\",\"Peugeot sustentable\",\"SUV el\u00e9ctrico\",\"tecnolog\u00eda h\u00edbrida\"],\"articleSection\":[\"HIBRIDOS, ELECTRICOS y otros\",\"NOTICIAS\"],\"inLanguage\":\"es\"},{\"@type\":\"WebPage\",\"@id\":\"https:\\\/\\\/autofans.com.ar\\\/index.php\\\/2025\\\/02\\\/14\\\/e-lion-day-2025-la-vision-electrica-y-sustentable-de-peugeot\\\/\",\"url\":\"https:\\\/\\\/autofans.com.ar\\\/index.php\\\/2025\\\/02\\\/14\\\/e-lion-day-2025-la-vision-electrica-y-sustentable-de-peugeot\\\/\",\"name\":\"E-LION DAY 2025, la visi\u00f3n el\u00e9ctrica y sustentable de Peugeot -\",\"isPartOf\":{\"@id\":\"https:\\\/\\\/autofans.com.ar\\\/#website\"},\"primaryImageOfPage\":{\"@id\":\"https:\\\/\\\/autofans.com.ar\\\/index.php\\\/2025\\\/02\\\/14\\\/e-lion-day-2025-la-vision-electrica-y-sustentable-de-peugeot\\\/#primaryimage\"},\"image\":{\"@id\":\"https:\\\/\\\/autofans.com.ar\\\/index.php\\\/2025\\\/02\\\/14\\\/e-lion-day-2025-la-vision-electrica-y-sustentable-de-peugeot\\\/#primaryimage\"},\"thumbnailUrl\":\"https:\\\/\\\/autofans.com.ar\\\/wp-content\\\/uploads\\\/2025\\\/02\\\/peugeot-1.jpg\",\"datePublished\":\"2025-02-14T23:54:47+00:00\",\"author\":{\"@id\":\"https:\\\/\\\/autofans.com.ar\\\/#\\\/schema\\\/person\\\/4a8dda0b6df83ac3d6723e921274c2aa\"},\"description\":\"Peugeot sigue avanzando en su apuesta por la electrificaci\u00f3n y en la tercera edici\u00f3n del E-LION DAY con la gama de veh\u00edculos el\u00e9ctricos ...\",\"breadcrumb\":{\"@id\":\"https:\\\/\\\/autofans.com.ar\\\/index.php\\\/2025\\\/02\\\/14\\\/e-lion-day-2025-la-vision-electrica-y-sustentable-de-peugeot\\\/#breadcrumb\"},\"inLanguage\":\"es\",\"potentialAction\":[{\"@type\":\"ReadAction\",\"target\":[\"https:\\\/\\\/autofans.com.ar\\\/index.php\\\/2025\\\/02\\\/14\\\/e-lion-day-2025-la-vision-electrica-y-sustentable-de-peugeot\\\/\"]}]},{\"@type\":\"ImageObject\",\"inLanguage\":\"es\",\"@id\":\"https:\\\/\\\/autofans.com.ar\\\/index.php\\\/2025\\\/02\\\/14\\\/e-lion-day-2025-la-vision-electrica-y-sustentable-de-peugeot\\\/#primaryimage\",\"url\":\"https:\\\/\\\/autofans.com.ar\\\/wp-content\\\/uploads\\\/2025\\\/02\\\/peugeot-1.jpg\",\"contentUrl\":\"https:\\\/\\\/autofans.com.ar\\\/wp-content\\\/uploads\\\/2025\\\/02\\\/peugeot-1.jpg\",\"width\":1000,\"height\":667,\"caption\":\"E-LION DAY 2025\"},{\"@type\":\"BreadcrumbList\",\"@id\":\"https:\\\/\\\/autofans.com.ar\\\/index.php\\\/2025\\\/02\\\/14\\\/e-lion-day-2025-la-vision-electrica-y-sustentable-de-peugeot\\\/#breadcrumb\",\"itemListElement\":[{\"@type\":\"ListItem\",\"position\":1,\"name\":\"Inicio\",\"item\":\"https:\\\/\\\/autofans.com.ar\\\/\"},{\"@type\":\"ListItem\",\"position\":2,\"name\":\"E-LION DAY 2025, la visi\u00f3n el\u00e9ctrica y sustentable de Peugeot\"}]},{\"@type\":\"WebSite\",\"@id\":\"https:\\\/\\\/autofans.com.ar\\\/#website\",\"url\":\"https:\\\/\\\/autofans.com.ar\\\/\",\"name\":\"\",\"description\":\"El multimedio referente de la industria automotriz\",\"potentialAction\":[{\"@type\":\"SearchAction\",\"target\":{\"@type\":\"EntryPoint\",\"urlTemplate\":\"https:\\\/\\\/autofans.com.ar\\\/?s={search_term_string}\"},\"query-input\":{\"@type\":\"PropertyValueSpecification\",\"valueRequired\":true,\"valueName\":\"search_term_string\"}}],\"inLanguage\":\"es\"},{\"@type\":\"Person\",\"@id\":\"https:\\\/\\\/autofans.com.ar\\\/#\\\/schema\\\/person\\\/4a8dda0b6df83ac3d6723e921274c2aa\",\"name\":\"Alejandro Gabriel Rosito\",\"image\":{\"@type\":\"ImageObject\",\"inLanguage\":\"es\",\"@id\":\"https:\\\/\\\/secure.gravatar.com\\\/avatar\\\/16c5dda1489adfc62618084dcbb91cffd879c374b13fe5dd8e44ed6733852c88?s=96&d=mm&r=g\",\"url\":\"https:\\\/\\\/secure.gravatar.com\\\/avatar\\\/16c5dda1489adfc62618084dcbb91cffd879c374b13fe5dd8e44ed6733852c88?s=96&d=mm&r=g\",\"contentUrl\":\"https:\\\/\\\/secure.gravatar.com\\\/avatar\\\/16c5dda1489adfc62618084dcbb91cffd879c374b13fe5dd8e44ed6733852c88?s=96&d=mm&r=g\",\"caption\":\"Alejandro Gabriel Rosito\"},\"url\":\"https:\\\/\\\/autofans.com.ar\\\/index.php\\\/author\\\/gabrielr\\\/\"}]}<\/script>\n<!-- \/ Yoast SEO plugin. -->","yoast_head_json":{"title":"E-LION DAY 2025, la visi\u00f3n el\u00e9ctrica y sustentable de Peugeot -","description":"Peugeot sigue avanzando en su apuesta por la electrificaci\u00f3n y en la tercera edici\u00f3n del E-LION DAY con la gama de veh\u00edculos el\u00e9ctricos ...","robots":{"index":"index","follow":"follow","max-snippet":"max-snippet:-1","max-image-preview":"max-image-preview:large","max-video-preview":"max-video-preview:-1"},"canonical":"https:\/\/autofans.com.ar\/index.php\/2025\/02\/14\/e-lion-day-2025-la-vision-electrica-y-sustentable-de-peugeot\/","og_locale":"es_ES","og_type":"article","og_title":"E-LION DAY 2025, la visi\u00f3n el\u00e9ctrica y sustentable de Peugeot -","og_description":"Peugeot sigue avanzando en su apuesta por la electrificaci\u00f3n y en la tercera edici\u00f3n del E-LION DAY con la gama de veh\u00edculos el\u00e9ctricos ...","og_url":"https:\/\/autofans.com.ar\/index.php\/2025\/02\/14\/e-lion-day-2025-la-vision-electrica-y-sustentable-de-peugeot\/","article_published_time":"2025-02-14T23:54:47+00:00","og_image":[{"width":1000,"height":667,"url":"https:\/\/autofans.com.ar\/wp-content\/uploads\/2025\/02\/peugeot-1.jpg","type":"image\/jpeg"}],"author":"Alejandro Gabriel Rosito","twitter_card":"summary_large_image","twitter_misc":{"Escrito por":"Alejandro Gabriel Rosito","Tiempo de lectura":"3 minutos"},"schema":{"@context":"https:\/\/schema.org","@graph":[{"@type":"Article","@id":"https:\/\/autofans.com.ar\/index.php\/2025\/02\/14\/e-lion-day-2025-la-vision-electrica-y-sustentable-de-peugeot\/#article","isPartOf":{"@id":"https:\/\/autofans.com.ar\/index.php\/2025\/02\/14\/e-lion-day-2025-la-vision-electrica-y-sustentable-de-peugeot\/"},"author":{"name":"Alejandro Gabriel Rosito","@id":"https:\/\/autofans.com.ar\/#\/schema\/person\/4a8dda0b6df83ac3d6723e921274c2aa"},"headline":"E-LION DAY 2025, la visi\u00f3n el\u00e9ctrica y sustentable de Peugeot","datePublished":"2025-02-14T23:54:47+00:00","mainEntityOfPage":{"@id":"https:\/\/autofans.com.ar\/index.php\/2025\/02\/14\/e-lion-day-2025-la-vision-electrica-y-sustentable-de-peugeot\/"},"wordCount":517,"image":{"@id":"https:\/\/autofans.com.ar\/index.php\/2025\/02\/14\/e-lion-day-2025-la-vision-electrica-y-sustentable-de-peugeot\/#primaryimage"},"thumbnailUrl":"https:\/\/autofans.com.ar\/wp-content\/uploads\/2025\/02\/peugeot-1.jpg","keywords":["autonom\u00eda el\u00e9ctrica","autos el\u00e9ctricos 2025","bater\u00edas Peugeot","eficiencia vehicular","Peugeot E-3008","Peugeot E-5008","Peugeot electrificaci\u00f3n","Peugeot sustentable","SUV el\u00e9ctrico","tecnolog\u00eda h\u00edbrida"],"articleSection":["HIBRIDOS, ELECTRICOS y otros","NOTICIAS"],"inLanguage":"es"},{"@type":"WebPage","@id":"https:\/\/autofans.com.ar\/index.php\/2025\/02\/14\/e-lion-day-2025-la-vision-electrica-y-sustentable-de-peugeot\/","url":"https:\/\/autofans.com.ar\/index.php\/2025\/02\/14\/e-lion-day-2025-la-vision-electrica-y-sustentable-de-peugeot\/","name":"E-LION DAY 2025, la visi\u00f3n el\u00e9ctrica y sustentable de Peugeot -","isPartOf":{"@id":"https:\/\/autofans.com.ar\/#website"},"primaryImageOfPage":{"@id":"https:\/\/autofans.com.ar\/index.php\/2025\/02\/14\/e-lion-day-2025-la-vision-electrica-y-sustentable-de-peugeot\/#primaryimage"},"image":{"@id":"https:\/\/autofans.com.ar\/index.php\/2025\/02\/14\/e-lion-day-2025-la-vision-electrica-y-sustentable-de-peugeot\/#primaryimage"},"thumbnailUrl":"https:\/\/autofans.com.ar\/wp-content\/uploads\/2025\/02\/peugeot-1.jpg","datePublished":"2025-02-14T23:54:47+00:00","author":{"@id":"https:\/\/autofans.com.ar\/#\/schema\/person\/4a8dda0b6df83ac3d6723e921274c2aa"},"description":"Peugeot sigue avanzando en su apuesta por la electrificaci\u00f3n y en la tercera edici\u00f3n del E-LION DAY con la gama de veh\u00edculos el\u00e9ctricos ...","breadcrumb":{"@id":"https:\/\/autofans.com.ar\/index.php\/2025\/02\/14\/e-lion-day-2025-la-vision-electrica-y-sustentable-de-peugeot\/#breadcrumb"},"inLanguage":"es","potentialAction":[{"@type":"ReadAction","target":["https:\/\/autofans.com.ar\/index.php\/2025\/02\/14\/e-lion-day-2025-la-vision-electrica-y-sustentable-de-peugeot\/"]}]},{"@type":"ImageObject","inLanguage":"es","@id":"https:\/\/autofans.com.ar\/index.php\/2025\/02\/14\/e-lion-day-2025-la-vision-electrica-y-sustentable-de-peugeot\/#primaryimage","url":"https:\/\/autofans.com.ar\/wp-content\/uploads\/2025\/02\/peugeot-1.jpg","contentUrl":"https:\/\/autofans.com.ar\/wp-content\/uploads\/2025\/02\/peugeot-1.jpg","width":1000,"height":667,"caption":"E-LION DAY 2025"},{"@type":"BreadcrumbList","@id":"https:\/\/autofans.com.ar\/index.php\/2025\/02\/14\/e-lion-day-2025-la-vision-electrica-y-sustentable-de-peugeot\/#breadcrumb","itemListElement":[{"@type":"ListItem","position":1,"name":"Inicio","item":"https:\/\/autofans.com.ar\/"},{"@type":"ListItem","position":2,"name":"E-LION DAY 2025, la visi\u00f3n el\u00e9ctrica y sustentable de Peugeot"}]},{"@type":"WebSite","@id":"https:\/\/autofans.com.ar\/#website","url":"https:\/\/autofans.com.ar\/","name":"","description":"El multimedio referente de la industria automotriz","potentialAction":[{"@type":"SearchAction","target":{"@type":"EntryPoint","urlTemplate":"https:\/\/autofans.com.ar\/?s={search_term_string}"},"query-input":{"@type":"PropertyValueSpecification","valueRequired":true,"valueName":"search_term_string"}}],"inLanguage":"es"},{"@type":"Person","@id":"https:\/\/autofans.com.ar\/#\/schema\/person\/4a8dda0b6df83ac3d6723e921274c2aa","name":"Alejandro Gabriel Rosito","image":{"@type":"ImageObject","inLanguage":"es","@id":"https:\/\/secure.gravatar.com\/avatar\/16c5dda1489adfc62618084dcbb91cffd879c374b13fe5dd8e44ed6733852c88?s=96&d=mm&r=g","url":"https:\/\/secure.gravatar.com\/avatar\/16c5dda1489adfc62618084dcbb91cffd879c374b13fe5dd8e44ed6733852c88?s=96&d=mm&r=g","contentUrl":"https:\/\/secure.gravatar.com\/avatar\/16c5dda1489adfc62618084dcbb91cffd879c374b13fe5dd8e44ed6733852c88?s=96&d=mm&r=g","caption":"Alejandro Gabriel Rosito"},"url":"https:\/\/autofans.com.ar\/index.php\/author\/gabrielr\/"}]}},"featured_image_urls":{"full":["https:\/\/autofans.com.ar\/wp-content\/uploads\/2025\/02\/peugeot-1.jpg",1000,667,false],"thumbnail":["https:\/\/autofans.com.ar\/wp-content\/uploads\/2025\/02\/peugeot-1-150x150.jpg",150,150,true],"medium":["https:\/\/autofans.com.ar\/wp-content\/uploads\/2025\/02\/peugeot-1-300x200.jpg",300,200,true],"medium_large":["https:\/\/autofans.com.ar\/wp-content\/uploads\/2025\/02\/peugeot-1-768x512.jpg",640,427,true],"large":["https:\/\/autofans.com.ar\/wp-content\/uploads\/2025\/02\/peugeot-1.jpg",640,427,false],"1536x1536":["https:\/\/autofans.com.ar\/wp-content\/uploads\/2025\/02\/peugeot-1.jpg",1000,667,false],"2048x2048":["https:\/\/autofans.com.ar\/wp-content\/uploads\/2025\/02\/peugeot-1.jpg",1000,667,false],"covernews-featured":["https:\/\/autofans.com.ar\/wp-content\/uploads\/2025\/02\/peugeot-1.jpg",1000,667,false],"covernews-medium":["https:\/\/autofans.com.ar\/wp-content\/uploads\/2025\/02\/peugeot-1-540x340.jpg",540,340,true]},"author_info":{"display_name":"Alejandro Gabriel Rosito","author_link":"https:\/\/autofans.com.ar\/index.php\/author\/gabrielr\/"},"category_info":"<a href=\"https:\/\/autofans.com.ar\/index.php\/category\/noticias\/hibridos-y-electricos\/\" rel=\"category tag\">HIBRIDOS, ELECTRICOS y otros<\/a> <a href=\"https:\/\/autofans.com.ar\/index.php\/category\/noticias\/\" rel=\"category tag\">NOTICIAS<\/a>","tag_info":"NOTICIAS","comment_count":0,"_links":{"self":[{"href":"https:\/\/autofans.com.ar\/index.php\/wp-json\/wp\/v2\/posts\/11184","targetHints":{"allow":["GET"]}}],"collection":[{"href":"https:\/\/autofans.com.ar\/index.php\/wp-json\/wp\/v2\/posts"}],"about":[{"href":"https:\/\/autofans.com.ar\/index.php\/wp-json\/wp\/v2\/types\/post"}],"author":[{"embeddable":true,"href":"https:\/\/autofans.com.ar\/index.php\/wp-json\/wp\/v2\/users\/2"}],"replies":[{"embeddable":true,"href":"https:\/\/autofans.com.ar\/index.php\/wp-json\/wp\/v2\/comments?post=11184"}],"version-history":[{"count":5,"href":"https:\/\/autofans.com.ar\/index.php\/wp-json\/wp\/v2\/posts\/11184\/revisions"}],"predecessor-version":[{"id":11192,"href":"https:\/\/autofans.com.ar\/index.php\/wp-json\/wp\/v2\/posts\/11184\/revisions\/11192"}],"wp:featuredmedia":[{"embeddable":true,"href":"https:\/\/autofans.com.ar\/index.php\/wp-json\/wp\/v2\/media\/11190"}],"wp:attachment":[{"href":"https:\/\/autofans.com.ar\/index.php\/wp-json\/wp\/v2\/media?parent=11184"}],"wp:term":[{"taxonomy":"category","embeddable":true,"href":"https:\/\/autofans.com.ar\/index.php\/wp-json\/wp\/v2\/categories?post=11184"},{"taxonomy":"post_tag","embeddable":true,"href":"https:\/\/autofans.com.ar\/index.php\/wp-json\/wp\/v2\/tags?post=11184"}],"curies":[{"name":"wp","href":"https:\/\/api.w.org\/{rel}","templated":true}]}}