{"id":11202,"date":"2025-02-18T16:57:19","date_gmt":"2025-02-18T19:57:19","guid":{"rendered":"https:\/\/autofans.com.ar\/?p=11202"},"modified":"2025-02-18T17:02:06","modified_gmt":"2025-02-18T20:02:06","slug":"nissan-impulsa-el-cambio-con-un-programa-de-mentoreo-exclusivo","status":"publish","type":"post","link":"https:\/\/autofans.com.ar\/index.php\/2025\/02\/18\/nissan-impulsa-el-cambio-con-un-programa-de-mentoreo-exclusivo\/","title":{"rendered":"Nissan impulsa el cambio con un programa de mentoreo exclusivo"},"content":{"rendered":"<p>Nissan Am\u00e9rica Latina refuerza su compromiso con la sustentabilidad y el impacto social a trav\u00e9s de una nueva iniciativa dentro de la Nissan Latam Sustainability Week. En este marco, Guy Rodr\u00edguez, presidente de Nissan Am\u00e9rica Latina y vicepresidente corporativo de Nissan Motor Corporation, liderar\u00e1 cinco sesiones virtuales gratuitas de mentoreo para miembros de ONGs e instituciones educativas.<\/p>\n<p>&nbsp;<\/p>\n<h2>Explor\u00e1 nuevas oportunidades con el programa de mentoreo<\/h2>\n<p>El programa, dise\u00f1ado para potenciar proyectos con impacto social, ofrece a los participantes la oportunidad de explorar nuevas perspectivas junto a un l\u00edder de la industria. A lo largo de encuentros de una hora y media, los seleccionados recibir\u00e1n orientaci\u00f3n personalizada sobre c\u00f3mo optimizar sus estrategias y ampliar su alcance.<\/p>\n<p>&nbsp;<\/p>\n<figure id=\"attachment_11205\" aria-describedby=\"caption-attachment-11205\" style=\"width: 1000px\" class=\"wp-caption aligncenter\"><img fetchpriority=\"high\" decoding=\"async\" class=\"wp-image-11205 size-full\" src=\"https:\/\/autofans.com.ar\/wp-content\/uploads\/2025\/02\/nissan-1.jpg\" alt=\"Nissan\" width=\"1000\" height=\"667\" srcset=\"https:\/\/autofans.com.ar\/wp-content\/uploads\/2025\/02\/nissan-1.jpg 1000w, https:\/\/autofans.com.ar\/wp-content\/uploads\/2025\/02\/nissan-1-300x200.jpg 300w, https:\/\/autofans.com.ar\/wp-content\/uploads\/2025\/02\/nissan-1-768x512.jpg 768w\" sizes=\"(max-width: 1000px) 100vw, 1000px\" \/><figcaption id=\"caption-attachment-11205\" class=\"wp-caption-text\">Guy Rodr\u00edguez, presidente de Nissan Am\u00e9rica Latina y vicepresidente corporativo de Nissan Motor Corporation<\/figcaption><\/figure>\n<p>&nbsp;<\/p>\n<blockquote>\n<p style=\"text-align: center;\">\u00abPara anotarse, no importa la edad ni la jerarqu\u00eda porque vamos a generar un espacio donde podamos pensar juntos c\u00f3mo amplificar el impacto de su trabajo. En Nissan, creemos que la sustentabilidad tambi\u00e9n es escuchar, aprender y colaborar con quienes transforman su entorno e innovan favoreciendo el presente y el futuro\u00bb,\u00a0comenta Guy Rodr\u00edguez.<\/p>\n<\/blockquote>\n<p>&nbsp;<\/p>\n<h2>Nissan y su apuesta por la transformaci\u00f3n social<\/h2>\n<p>Los interesados en formar parte de este espacio deben postularse a trav\u00e9s de LinkedIn, etiquet\u00e1ndose en el posteo correspondiente de Guy Rodr\u00edguez y completando un breve formulario de inscripci\u00f3n. Los seleccionados ser\u00e1n contactados por correo electr\u00f3nico para coordinar su participaci\u00f3n en las sesiones.<\/p>\n<p>Con esta iniciativa, la compa\u00f1\u00eda japonesa reafirma su visi\u00f3n de construir una sociedad m\u00e1s segura, limpia y equitativa. El programa de mentoreo no solo fortalece la conexi\u00f3n con la comunidad, sino que tambi\u00e9n subraya la importancia del intercambio de ideas para generar un impacto positivo y sostenible.<\/p>\n<p>&nbsp;<\/p>\n<p>&nbsp;<\/p>\n<p>&nbsp;<\/p>\n<p><i>Para enterarte de m\u00e1s novedades, no dejes de leer\u00a0<\/i><a href=\"https:\/\/autofans.thebrandsoup.com\/\"><i>nuestras notas<\/i><\/a><i>, de ver<\/i><b><i>\u00a0<\/i><\/b><a href=\"https:\/\/www.youtube.com\/channel\/UCgAC8UGHZYbT6P7PpmVnP7g\"><b><i>AUTOFANS TV<\/i><\/b><\/a><b><i>\u00a0<\/i><\/b><i>en nuestro\u00a0canal de Youtube. Adem\u00e1s seguinos en\u00a0<\/i><a href=\"https:\/\/www.instagram.com\/autofanstv\/\"><i>INSTAGRAM<\/i><\/a><i> y <\/i><a href=\"https:\/\/www.facebook.com\/autofansmas\/\"><i>FACEBOOK<\/i><\/a><i> para no perderte nada sobre las novedades del segmento automotor de Argentina y el mundo.<\/i><\/p>\n","protected":false},"excerpt":{"rendered":"<p>Nissan Am\u00e9rica Latina refuerza su compromiso con la sustentabilidad y el impacto social a trav\u00e9s&#8230;<\/p>\n","protected":false},"author":2,"featured_media":11204,"comment_status":"closed","ping_status":"closed","sticky":false,"template":"","format":"standard","meta":{"footnotes":""},"categories":[292,16],"tags":[6114,6112,6109,6115,6108,4205,6111,6113,6110],"class_list":["post-11202","post","type-post","status-publish","format-standard","has-post-thumbnail","hentry","category-empresas","category-noticias","tag-educacion-y-tecnologia","tag-guy-rodriguez","tag-impacto-social","tag-liderazgo-corporativo","tag-mentoreo-nissan","tag-nissan-america-latina","tag-nissan-latam-sustainability-week","tag-ongs-america-latina","tag-sustentabilidad-nissan"],"yoast_head":"<!-- This site is optimized with the Yoast SEO plugin v27.5 - https:\/\/yoast.com\/product\/yoast-seo-wordpress\/ -->\n<title>Nissan impulsa el cambio con un programa de mentoreo exclusivo -<\/title>\n<meta name=\"description\" content=\"Nissan Am\u00e9rica Latina y su compromiso con la sustentabilidad y el impacto social dentro de la Nissan Latam Sustainability Week...\" \/>\n<meta name=\"robots\" content=\"index, follow, max-snippet:-1, max-image-preview:large, max-video-preview:-1\" \/>\n<link rel=\"canonical\" href=\"https:\/\/autofans.com.ar\/index.php\/2025\/02\/18\/nissan-impulsa-el-cambio-con-un-programa-de-mentoreo-exclusivo\/\" \/>\n<meta property=\"og:locale\" content=\"es_ES\" \/>\n<meta property=\"og:type\" content=\"article\" \/>\n<meta property=\"og:title\" content=\"Nissan impulsa el cambio con un programa de mentoreo exclusivo -\" \/>\n<meta property=\"og:description\" content=\"Nissan Am\u00e9rica Latina y su compromiso con la sustentabilidad y el impacto social dentro de la Nissan Latam Sustainability Week...\" \/>\n<meta property=\"og:url\" content=\"https:\/\/autofans.com.ar\/index.php\/2025\/02\/18\/nissan-impulsa-el-cambio-con-un-programa-de-mentoreo-exclusivo\/\" \/>\n<meta property=\"article:published_time\" content=\"2025-02-18T19:57:19+00:00\" \/>\n<meta property=\"article:modified_time\" content=\"2025-02-18T20:02:06+00:00\" \/>\n<meta property=\"og:image\" content=\"https:\/\/autofans.com.ar\/wp-content\/uploads\/2025\/02\/nissan-2.jpg\" \/>\n\t<meta property=\"og:image:width\" content=\"1000\" \/>\n\t<meta property=\"og:image:height\" content=\"667\" \/>\n\t<meta property=\"og:image:type\" content=\"image\/jpeg\" \/>\n<meta name=\"author\" content=\"Alejandro Gabriel Rosito\" \/>\n<meta name=\"twitter:card\" content=\"summary_large_image\" \/>\n<meta name=\"twitter:label1\" content=\"Escrito por\" \/>\n\t<meta name=\"twitter:data1\" content=\"Alejandro Gabriel Rosito\" \/>\n\t<meta name=\"twitter:label2\" content=\"Tiempo de lectura\" \/>\n\t<meta name=\"twitter:data2\" content=\"2 minutos\" \/>\n<script type=\"application\/ld+json\" class=\"yoast-schema-graph\">{\"@context\":\"https:\\\/\\\/schema.org\",\"@graph\":[{\"@type\":\"Article\",\"@id\":\"https:\\\/\\\/autofans.com.ar\\\/index.php\\\/2025\\\/02\\\/18\\\/nissan-impulsa-el-cambio-con-un-programa-de-mentoreo-exclusivo\\\/#article\",\"isPartOf\":{\"@id\":\"https:\\\/\\\/autofans.com.ar\\\/index.php\\\/2025\\\/02\\\/18\\\/nissan-impulsa-el-cambio-con-un-programa-de-mentoreo-exclusivo\\\/\"},\"author\":{\"name\":\"Alejandro Gabriel Rosito\",\"@id\":\"https:\\\/\\\/autofans.com.ar\\\/#\\\/schema\\\/person\\\/4a8dda0b6df83ac3d6723e921274c2aa\"},\"headline\":\"Nissan impulsa el cambio con un programa de mentoreo exclusivo\",\"datePublished\":\"2025-02-18T19:57:19+00:00\",\"dateModified\":\"2025-02-18T20:02:06+00:00\",\"mainEntityOfPage\":{\"@id\":\"https:\\\/\\\/autofans.com.ar\\\/index.php\\\/2025\\\/02\\\/18\\\/nissan-impulsa-el-cambio-con-un-programa-de-mentoreo-exclusivo\\\/\"},\"wordCount\":376,\"image\":{\"@id\":\"https:\\\/\\\/autofans.com.ar\\\/index.php\\\/2025\\\/02\\\/18\\\/nissan-impulsa-el-cambio-con-un-programa-de-mentoreo-exclusivo\\\/#primaryimage\"},\"thumbnailUrl\":\"https:\\\/\\\/autofans.com.ar\\\/wp-content\\\/uploads\\\/2025\\\/02\\\/nissan-2.jpg\",\"keywords\":[\"educaci\u00f3n y tecnolog\u00eda\",\"Guy Rodr\u00edguez\",\"impacto social\",\"liderazgo corporativo\",\"mentoreo Nissan\",\"Nissan Am\u00e9rica Latina\",\"Nissan Latam Sustainability Week\",\"ONGs Am\u00e9rica Latina\",\"sustentabilidad Nissan\"],\"articleSection\":[\"EMPRESAS\",\"NOTICIAS\"],\"inLanguage\":\"es\"},{\"@type\":\"WebPage\",\"@id\":\"https:\\\/\\\/autofans.com.ar\\\/index.php\\\/2025\\\/02\\\/18\\\/nissan-impulsa-el-cambio-con-un-programa-de-mentoreo-exclusivo\\\/\",\"url\":\"https:\\\/\\\/autofans.com.ar\\\/index.php\\\/2025\\\/02\\\/18\\\/nissan-impulsa-el-cambio-con-un-programa-de-mentoreo-exclusivo\\\/\",\"name\":\"Nissan impulsa el cambio con un programa de mentoreo exclusivo -\",\"isPartOf\":{\"@id\":\"https:\\\/\\\/autofans.com.ar\\\/#website\"},\"primaryImageOfPage\":{\"@id\":\"https:\\\/\\\/autofans.com.ar\\\/index.php\\\/2025\\\/02\\\/18\\\/nissan-impulsa-el-cambio-con-un-programa-de-mentoreo-exclusivo\\\/#primaryimage\"},\"image\":{\"@id\":\"https:\\\/\\\/autofans.com.ar\\\/index.php\\\/2025\\\/02\\\/18\\\/nissan-impulsa-el-cambio-con-un-programa-de-mentoreo-exclusivo\\\/#primaryimage\"},\"thumbnailUrl\":\"https:\\\/\\\/autofans.com.ar\\\/wp-content\\\/uploads\\\/2025\\\/02\\\/nissan-2.jpg\",\"datePublished\":\"2025-02-18T19:57:19+00:00\",\"dateModified\":\"2025-02-18T20:02:06+00:00\",\"author\":{\"@id\":\"https:\\\/\\\/autofans.com.ar\\\/#\\\/schema\\\/person\\\/4a8dda0b6df83ac3d6723e921274c2aa\"},\"description\":\"Nissan Am\u00e9rica Latina y su compromiso con la sustentabilidad y el impacto social dentro de la Nissan Latam Sustainability Week...\",\"breadcrumb\":{\"@id\":\"https:\\\/\\\/autofans.com.ar\\\/index.php\\\/2025\\\/02\\\/18\\\/nissan-impulsa-el-cambio-con-un-programa-de-mentoreo-exclusivo\\\/#breadcrumb\"},\"inLanguage\":\"es\",\"potentialAction\":[{\"@type\":\"ReadAction\",\"target\":[\"https:\\\/\\\/autofans.com.ar\\\/index.php\\\/2025\\\/02\\\/18\\\/nissan-impulsa-el-cambio-con-un-programa-de-mentoreo-exclusivo\\\/\"]}]},{\"@type\":\"ImageObject\",\"inLanguage\":\"es\",\"@id\":\"https:\\\/\\\/autofans.com.ar\\\/index.php\\\/2025\\\/02\\\/18\\\/nissan-impulsa-el-cambio-con-un-programa-de-mentoreo-exclusivo\\\/#primaryimage\",\"url\":\"https:\\\/\\\/autofans.com.ar\\\/wp-content\\\/uploads\\\/2025\\\/02\\\/nissan-2.jpg\",\"contentUrl\":\"https:\\\/\\\/autofans.com.ar\\\/wp-content\\\/uploads\\\/2025\\\/02\\\/nissan-2.jpg\",\"width\":1000,\"height\":667,\"caption\":\"Nissan\"},{\"@type\":\"BreadcrumbList\",\"@id\":\"https:\\\/\\\/autofans.com.ar\\\/index.php\\\/2025\\\/02\\\/18\\\/nissan-impulsa-el-cambio-con-un-programa-de-mentoreo-exclusivo\\\/#breadcrumb\",\"itemListElement\":[{\"@type\":\"ListItem\",\"position\":1,\"name\":\"Inicio\",\"item\":\"https:\\\/\\\/autofans.com.ar\\\/\"},{\"@type\":\"ListItem\",\"position\":2,\"name\":\"Nissan impulsa el cambio con un programa de mentoreo exclusivo\"}]},{\"@type\":\"WebSite\",\"@id\":\"https:\\\/\\\/autofans.com.ar\\\/#website\",\"url\":\"https:\\\/\\\/autofans.com.ar\\\/\",\"name\":\"\",\"description\":\"El multimedio referente de la industria automotriz\",\"potentialAction\":[{\"@type\":\"SearchAction\",\"target\":{\"@type\":\"EntryPoint\",\"urlTemplate\":\"https:\\\/\\\/autofans.com.ar\\\/?s={search_term_string}\"},\"query-input\":{\"@type\":\"PropertyValueSpecification\",\"valueRequired\":true,\"valueName\":\"search_term_string\"}}],\"inLanguage\":\"es\"},{\"@type\":\"Person\",\"@id\":\"https:\\\/\\\/autofans.com.ar\\\/#\\\/schema\\\/person\\\/4a8dda0b6df83ac3d6723e921274c2aa\",\"name\":\"Alejandro Gabriel Rosito\",\"image\":{\"@type\":\"ImageObject\",\"inLanguage\":\"es\",\"@id\":\"https:\\\/\\\/secure.gravatar.com\\\/avatar\\\/16c5dda1489adfc62618084dcbb91cffd879c374b13fe5dd8e44ed6733852c88?s=96&d=mm&r=g\",\"url\":\"https:\\\/\\\/secure.gravatar.com\\\/avatar\\\/16c5dda1489adfc62618084dcbb91cffd879c374b13fe5dd8e44ed6733852c88?s=96&d=mm&r=g\",\"contentUrl\":\"https:\\\/\\\/secure.gravatar.com\\\/avatar\\\/16c5dda1489adfc62618084dcbb91cffd879c374b13fe5dd8e44ed6733852c88?s=96&d=mm&r=g\",\"caption\":\"Alejandro Gabriel Rosito\"},\"url\":\"https:\\\/\\\/autofans.com.ar\\\/index.php\\\/author\\\/gabrielr\\\/\"}]}<\/script>\n<!-- \/ Yoast SEO plugin. -->","yoast_head_json":{"title":"Nissan impulsa el cambio con un programa de mentoreo exclusivo -","description":"Nissan Am\u00e9rica Latina y su compromiso con la sustentabilidad y el impacto social dentro de la Nissan Latam Sustainability Week...","robots":{"index":"index","follow":"follow","max-snippet":"max-snippet:-1","max-image-preview":"max-image-preview:large","max-video-preview":"max-video-preview:-1"},"canonical":"https:\/\/autofans.com.ar\/index.php\/2025\/02\/18\/nissan-impulsa-el-cambio-con-un-programa-de-mentoreo-exclusivo\/","og_locale":"es_ES","og_type":"article","og_title":"Nissan impulsa el cambio con un programa de mentoreo exclusivo -","og_description":"Nissan Am\u00e9rica Latina y su compromiso con la sustentabilidad y el impacto social dentro de la Nissan Latam Sustainability Week...","og_url":"https:\/\/autofans.com.ar\/index.php\/2025\/02\/18\/nissan-impulsa-el-cambio-con-un-programa-de-mentoreo-exclusivo\/","article_published_time":"2025-02-18T19:57:19+00:00","article_modified_time":"2025-02-18T20:02:06+00:00","og_image":[{"width":1000,"height":667,"url":"https:\/\/autofans.com.ar\/wp-content\/uploads\/2025\/02\/nissan-2.jpg","type":"image\/jpeg"}],"author":"Alejandro Gabriel Rosito","twitter_card":"summary_large_image","twitter_misc":{"Escrito por":"Alejandro Gabriel Rosito","Tiempo de lectura":"2 minutos"},"schema":{"@context":"https:\/\/schema.org","@graph":[{"@type":"Article","@id":"https:\/\/autofans.com.ar\/index.php\/2025\/02\/18\/nissan-impulsa-el-cambio-con-un-programa-de-mentoreo-exclusivo\/#article","isPartOf":{"@id":"https:\/\/autofans.com.ar\/index.php\/2025\/02\/18\/nissan-impulsa-el-cambio-con-un-programa-de-mentoreo-exclusivo\/"},"author":{"name":"Alejandro Gabriel Rosito","@id":"https:\/\/autofans.com.ar\/#\/schema\/person\/4a8dda0b6df83ac3d6723e921274c2aa"},"headline":"Nissan impulsa el cambio con un programa de mentoreo exclusivo","datePublished":"2025-02-18T19:57:19+00:00","dateModified":"2025-02-18T20:02:06+00:00","mainEntityOfPage":{"@id":"https:\/\/autofans.com.ar\/index.php\/2025\/02\/18\/nissan-impulsa-el-cambio-con-un-programa-de-mentoreo-exclusivo\/"},"wordCount":376,"image":{"@id":"https:\/\/autofans.com.ar\/index.php\/2025\/02\/18\/nissan-impulsa-el-cambio-con-un-programa-de-mentoreo-exclusivo\/#primaryimage"},"thumbnailUrl":"https:\/\/autofans.com.ar\/wp-content\/uploads\/2025\/02\/nissan-2.jpg","keywords":["educaci\u00f3n y tecnolog\u00eda","Guy Rodr\u00edguez","impacto social","liderazgo corporativo","mentoreo Nissan","Nissan Am\u00e9rica Latina","Nissan Latam Sustainability Week","ONGs Am\u00e9rica Latina","sustentabilidad Nissan"],"articleSection":["EMPRESAS","NOTICIAS"],"inLanguage":"es"},{"@type":"WebPage","@id":"https:\/\/autofans.com.ar\/index.php\/2025\/02\/18\/nissan-impulsa-el-cambio-con-un-programa-de-mentoreo-exclusivo\/","url":"https:\/\/autofans.com.ar\/index.php\/2025\/02\/18\/nissan-impulsa-el-cambio-con-un-programa-de-mentoreo-exclusivo\/","name":"Nissan impulsa el cambio con un programa de mentoreo exclusivo -","isPartOf":{"@id":"https:\/\/autofans.com.ar\/#website"},"primaryImageOfPage":{"@id":"https:\/\/autofans.com.ar\/index.php\/2025\/02\/18\/nissan-impulsa-el-cambio-con-un-programa-de-mentoreo-exclusivo\/#primaryimage"},"image":{"@id":"https:\/\/autofans.com.ar\/index.php\/2025\/02\/18\/nissan-impulsa-el-cambio-con-un-programa-de-mentoreo-exclusivo\/#primaryimage"},"thumbnailUrl":"https:\/\/autofans.com.ar\/wp-content\/uploads\/2025\/02\/nissan-2.jpg","datePublished":"2025-02-18T19:57:19+00:00","dateModified":"2025-02-18T20:02:06+00:00","author":{"@id":"https:\/\/autofans.com.ar\/#\/schema\/person\/4a8dda0b6df83ac3d6723e921274c2aa"},"description":"Nissan Am\u00e9rica Latina y su compromiso con la sustentabilidad y el impacto social dentro de la Nissan Latam Sustainability Week...","breadcrumb":{"@id":"https:\/\/autofans.com.ar\/index.php\/2025\/02\/18\/nissan-impulsa-el-cambio-con-un-programa-de-mentoreo-exclusivo\/#breadcrumb"},"inLanguage":"es","potentialAction":[{"@type":"ReadAction","target":["https:\/\/autofans.com.ar\/index.php\/2025\/02\/18\/nissan-impulsa-el-cambio-con-un-programa-de-mentoreo-exclusivo\/"]}]},{"@type":"ImageObject","inLanguage":"es","@id":"https:\/\/autofans.com.ar\/index.php\/2025\/02\/18\/nissan-impulsa-el-cambio-con-un-programa-de-mentoreo-exclusivo\/#primaryimage","url":"https:\/\/autofans.com.ar\/wp-content\/uploads\/2025\/02\/nissan-2.jpg","contentUrl":"https:\/\/autofans.com.ar\/wp-content\/uploads\/2025\/02\/nissan-2.jpg","width":1000,"height":667,"caption":"Nissan"},{"@type":"BreadcrumbList","@id":"https:\/\/autofans.com.ar\/index.php\/2025\/02\/18\/nissan-impulsa-el-cambio-con-un-programa-de-mentoreo-exclusivo\/#breadcrumb","itemListElement":[{"@type":"ListItem","position":1,"name":"Inicio","item":"https:\/\/autofans.com.ar\/"},{"@type":"ListItem","position":2,"name":"Nissan impulsa el cambio con un programa de mentoreo exclusivo"}]},{"@type":"WebSite","@id":"https:\/\/autofans.com.ar\/#website","url":"https:\/\/autofans.com.ar\/","name":"","description":"El multimedio referente de la industria automotriz","potentialAction":[{"@type":"SearchAction","target":{"@type":"EntryPoint","urlTemplate":"https:\/\/autofans.com.ar\/?s={search_term_string}"},"query-input":{"@type":"PropertyValueSpecification","valueRequired":true,"valueName":"search_term_string"}}],"inLanguage":"es"},{"@type":"Person","@id":"https:\/\/autofans.com.ar\/#\/schema\/person\/4a8dda0b6df83ac3d6723e921274c2aa","name":"Alejandro Gabriel Rosito","image":{"@type":"ImageObject","inLanguage":"es","@id":"https:\/\/secure.gravatar.com\/avatar\/16c5dda1489adfc62618084dcbb91cffd879c374b13fe5dd8e44ed6733852c88?s=96&d=mm&r=g","url":"https:\/\/secure.gravatar.com\/avatar\/16c5dda1489adfc62618084dcbb91cffd879c374b13fe5dd8e44ed6733852c88?s=96&d=mm&r=g","contentUrl":"https:\/\/secure.gravatar.com\/avatar\/16c5dda1489adfc62618084dcbb91cffd879c374b13fe5dd8e44ed6733852c88?s=96&d=mm&r=g","caption":"Alejandro Gabriel Rosito"},"url":"https:\/\/autofans.com.ar\/index.php\/author\/gabrielr\/"}]}},"featured_image_urls":{"full":["https:\/\/autofans.com.ar\/wp-content\/uploads\/2025\/02\/nissan-2.jpg",1000,667,false],"thumbnail":["https:\/\/autofans.com.ar\/wp-content\/uploads\/2025\/02\/nissan-2-150x150.jpg",150,150,true],"medium":["https:\/\/autofans.com.ar\/wp-content\/uploads\/2025\/02\/nissan-2-300x200.jpg",300,200,true],"medium_large":["https:\/\/autofans.com.ar\/wp-content\/uploads\/2025\/02\/nissan-2-768x512.jpg",640,427,true],"large":["https:\/\/autofans.com.ar\/wp-content\/uploads\/2025\/02\/nissan-2.jpg",640,427,false],"1536x1536":["https:\/\/autofans.com.ar\/wp-content\/uploads\/2025\/02\/nissan-2.jpg",1000,667,false],"2048x2048":["https:\/\/autofans.com.ar\/wp-content\/uploads\/2025\/02\/nissan-2.jpg",1000,667,false],"covernews-featured":["https:\/\/autofans.com.ar\/wp-content\/uploads\/2025\/02\/nissan-2.jpg",1000,667,false],"covernews-medium":["https:\/\/autofans.com.ar\/wp-content\/uploads\/2025\/02\/nissan-2-540x340.jpg",540,340,true]},"author_info":{"display_name":"Alejandro Gabriel Rosito","author_link":"https:\/\/autofans.com.ar\/index.php\/author\/gabrielr\/"},"category_info":"<a href=\"https:\/\/autofans.com.ar\/index.php\/category\/noticias\/empresas\/\" rel=\"category tag\">EMPRESAS<\/a> <a href=\"https:\/\/autofans.com.ar\/index.php\/category\/noticias\/\" rel=\"category tag\">NOTICIAS<\/a>","tag_info":"NOTICIAS","comment_count":0,"_links":{"self":[{"href":"https:\/\/autofans.com.ar\/index.php\/wp-json\/wp\/v2\/posts\/11202","targetHints":{"allow":["GET"]}}],"collection":[{"href":"https:\/\/autofans.com.ar\/index.php\/wp-json\/wp\/v2\/posts"}],"about":[{"href":"https:\/\/autofans.com.ar\/index.php\/wp-json\/wp\/v2\/types\/post"}],"author":[{"embeddable":true,"href":"https:\/\/autofans.com.ar\/index.php\/wp-json\/wp\/v2\/users\/2"}],"replies":[{"embeddable":true,"href":"https:\/\/autofans.com.ar\/index.php\/wp-json\/wp\/v2\/comments?post=11202"}],"version-history":[{"count":3,"href":"https:\/\/autofans.com.ar\/index.php\/wp-json\/wp\/v2\/posts\/11202\/revisions"}],"predecessor-version":[{"id":11207,"href":"https:\/\/autofans.com.ar\/index.php\/wp-json\/wp\/v2\/posts\/11202\/revisions\/11207"}],"wp:featuredmedia":[{"embeddable":true,"href":"https:\/\/autofans.com.ar\/index.php\/wp-json\/wp\/v2\/media\/11204"}],"wp:attachment":[{"href":"https:\/\/autofans.com.ar\/index.php\/wp-json\/wp\/v2\/media?parent=11202"}],"wp:term":[{"taxonomy":"category","embeddable":true,"href":"https:\/\/autofans.com.ar\/index.php\/wp-json\/wp\/v2\/categories?post=11202"},{"taxonomy":"post_tag","embeddable":true,"href":"https:\/\/autofans.com.ar\/index.php\/wp-json\/wp\/v2\/tags?post=11202"}],"curies":[{"name":"wp","href":"https:\/\/api.w.org\/{rel}","templated":true}]}}