{"id":11208,"date":"2025-02-18T20:25:17","date_gmt":"2025-02-18T23:25:17","guid":{"rendered":"https:\/\/autofans.com.ar\/?p=11208"},"modified":"2025-02-18T20:25:17","modified_gmt":"2025-02-18T23:25:17","slug":"autofans-tv-temp-18-programa-21-15-02-2025","status":"publish","type":"post","link":"https:\/\/autofans.com.ar\/index.php\/2025\/02\/18\/autofans-tv-temp-18-programa-21-15-02-2025\/","title":{"rendered":"Autofans TV \u2013 Temp. 18 Programa 21 \u2013 15\/02\/2025"},"content":{"rendered":"<p>En esta edici\u00f3n de Autofans Te mostramos la segunda parte de BMW Serie 1 y BMW X3, hablamos con Leandro Larregina, Gerente de ventas de BMW Group Argentina que nos cont\u00f3 sobre las ventas de todos sus modelos. En nuestra secci\u00f3n Autofans test drive te mostramos el Chevrolet Onix Versi\u00f3n Plus 1.0 Turbo Premier 2 AT. Te mostramos la nueva Ford Everest que se present\u00f3 en Pinamar. El 14 y 15 de Febrero en Arabia Saudita se corri\u00f3 la F\u00f3rmula E, el equipo de DS Penske renueva sus ilusiones.<\/p>\n<p>&nbsp;<\/p>\n<p>Vas a encontrar esto y muchas notas m\u00e1s.<\/p>\n<h4>Bienvenidos a esta nueva temprada de Autofans TV<\/h4>\n<p>&nbsp;<\/p>\n<p>&nbsp;<\/p>\n<p><center><iframe title=\"Autofans TV - Temp. 18 Programa 21\" width=\"640\" height=\"360\" src=\"https:\/\/www.youtube.com\/embed\/nuhtOy3-vHk?feature=oembed\" frameborder=\"0\" allow=\"accelerometer; autoplay; clipboard-write; encrypted-media; gyroscope; picture-in-picture; web-share\" referrerpolicy=\"strict-origin-when-cross-origin\" allowfullscreen><\/iframe><\/p>\n<p>&nbsp;<\/p>\n<p><\/center>&nbsp;<\/p>\n<p>&nbsp;<\/p>\n<p>Para volver a ver esta emisi\u00f3n, nuestros pr\u00f3ximos lives, streamings y mucho m\u00e1s contenido, suscribite a nuestro canal de YouTube y toc\u00e1 la campanita para recibir notificaciones de nuestras nuevas publicaciones.<\/p>\n<p>&nbsp;<\/p>\n<p>&nbsp;<\/p>\n<p><i>Para enterarte de m\u00e1s novedades, no dejes de leer\u00a0<\/i><a href=\"https:\/\/autofans.thebrandsoup.com\/\"><i>nuestras notas<\/i><\/a><i>, de ver<\/i><b><i>\u00a0<\/i><\/b><a href=\"https:\/\/www.youtube.com\/channel\/UCgAC8UGHZYbT6P7PpmVnP7g\"><b><i>AUTOFANS TV<\/i><\/b><\/a><b><i>\u00a0<\/i><\/b><i>en nuestro\u00a0canal de Youtube. Adem\u00e1s seguinos en\u00a0<\/i><a href=\"https:\/\/www.instagram.com\/autofanstv\/\"><i>INSTAGRAM<\/i><\/a><i> y <\/i><a href=\"https:\/\/www.facebook.com\/autofansmas\/\"><i>FACEBOOK<\/i><\/a><i> para no perderte nada sobre las novedades del segmento automotor de Argentina y el mundo.<\/i><\/p>\n","protected":false},"excerpt":{"rendered":"<p>En esta edici\u00f3n de Autofans Te mostramos la segunda parte de BMW Serie 1 y&#8230;<\/p>\n","protected":false},"author":2,"featured_media":11215,"comment_status":"closed","ping_status":"closed","sticky":false,"template":"","format":"standard","meta":{"footnotes":""},"categories":[13,5780],"tags":[208,741,2360,6071,6072,272,4348,232,267],"class_list":["post-11208","post","type-post","status-publish","format-standard","has-post-thumbnail","hentry","category-autofans-tv","category-programas-2025","tag-bmw","tag-autofanstv","tag-bmw-group-argentina","tag-bmw-serie-1","tag-bmw-x3","tag-chevrolet","tag-chevrolet-onix","tag-ford","tag-formula-e"],"yoast_head":"<!-- This site is optimized with the Yoast SEO plugin v27.5 - https:\/\/yoast.com\/product\/yoast-seo-wordpress\/ -->\n<title>Autofans TV \u2013 Temp. 18 Programa 21 \u2013 15\/02\/2025 -<\/title>\n<meta name=\"description\" content=\"En esta edici\u00f3n de Autofans Te mostramos la segunda parte de BMW Serie 1 y BMW X3, hablamos con Leandro Larregina...\" \/>\n<meta name=\"robots\" content=\"index, follow, max-snippet:-1, max-image-preview:large, max-video-preview:-1\" \/>\n<link rel=\"canonical\" href=\"https:\/\/autofans.com.ar\/index.php\/2025\/02\/18\/autofans-tv-temp-18-programa-21-15-02-2025\/\" \/>\n<meta property=\"og:locale\" content=\"es_ES\" \/>\n<meta property=\"og:type\" content=\"article\" \/>\n<meta property=\"og:title\" content=\"Autofans TV \u2013 Temp. 18 Programa 21 \u2013 15\/02\/2025 -\" \/>\n<meta property=\"og:description\" content=\"En esta edici\u00f3n de Autofans Te mostramos la segunda parte de BMW Serie 1 y BMW X3, hablamos con Leandro Larregina...\" \/>\n<meta property=\"og:url\" content=\"https:\/\/autofans.com.ar\/index.php\/2025\/02\/18\/autofans-tv-temp-18-programa-21-15-02-2025\/\" \/>\n<meta property=\"article:published_time\" content=\"2025-02-18T23:25:17+00:00\" \/>\n<meta property=\"og:image\" content=\"https:\/\/autofans.com.ar\/wp-content\/uploads\/2025\/02\/temp-18-15-02.jpg\" \/>\n\t<meta property=\"og:image:width\" content=\"1831\" \/>\n\t<meta property=\"og:image:height\" content=\"957\" \/>\n\t<meta property=\"og:image:type\" content=\"image\/jpeg\" \/>\n<meta name=\"author\" content=\"Alejandro Gabriel Rosito\" \/>\n<meta name=\"twitter:card\" content=\"summary_large_image\" \/>\n<meta name=\"twitter:label1\" content=\"Escrito por\" \/>\n\t<meta name=\"twitter:data1\" content=\"Alejandro Gabriel Rosito\" \/>\n\t<meta name=\"twitter:label2\" content=\"Tiempo de lectura\" \/>\n\t<meta name=\"twitter:data2\" content=\"2 minutos\" \/>\n<script type=\"application\/ld+json\" class=\"yoast-schema-graph\">{\"@context\":\"https:\\\/\\\/schema.org\",\"@graph\":[{\"@type\":\"Article\",\"@id\":\"https:\\\/\\\/autofans.com.ar\\\/index.php\\\/2025\\\/02\\\/18\\\/autofans-tv-temp-18-programa-21-15-02-2025\\\/#article\",\"isPartOf\":{\"@id\":\"https:\\\/\\\/autofans.com.ar\\\/index.php\\\/2025\\\/02\\\/18\\\/autofans-tv-temp-18-programa-21-15-02-2025\\\/\"},\"author\":{\"name\":\"Alejandro Gabriel Rosito\",\"@id\":\"https:\\\/\\\/autofans.com.ar\\\/#\\\/schema\\\/person\\\/4a8dda0b6df83ac3d6723e921274c2aa\"},\"headline\":\"Autofans TV \u2013 Temp. 18 Programa 21 \u2013 15\\\/02\\\/2025\",\"datePublished\":\"2025-02-18T23:25:17+00:00\",\"mainEntityOfPage\":{\"@id\":\"https:\\\/\\\/autofans.com.ar\\\/index.php\\\/2025\\\/02\\\/18\\\/autofans-tv-temp-18-programa-21-15-02-2025\\\/\"},\"wordCount\":201,\"image\":{\"@id\":\"https:\\\/\\\/autofans.com.ar\\\/index.php\\\/2025\\\/02\\\/18\\\/autofans-tv-temp-18-programa-21-15-02-2025\\\/#primaryimage\"},\"thumbnailUrl\":\"https:\\\/\\\/autofans.com.ar\\\/wp-content\\\/uploads\\\/2025\\\/02\\\/temp-18-15-02.jpg\",\"keywords\":[\"#BMW\",\"AutoFanstv\",\"BMW Group Argentina\",\"BMW Serie 1\",\"BMW X3\",\"Chevrolet\",\"Chevrolet Onix\",\"Ford\",\"F\u00f3rmula E\"],\"articleSection\":[\"AUTOFANS TV\",\"Programas 2025\"],\"inLanguage\":\"es\"},{\"@type\":\"WebPage\",\"@id\":\"https:\\\/\\\/autofans.com.ar\\\/index.php\\\/2025\\\/02\\\/18\\\/autofans-tv-temp-18-programa-21-15-02-2025\\\/\",\"url\":\"https:\\\/\\\/autofans.com.ar\\\/index.php\\\/2025\\\/02\\\/18\\\/autofans-tv-temp-18-programa-21-15-02-2025\\\/\",\"name\":\"Autofans TV \u2013 Temp. 18 Programa 21 \u2013 15\\\/02\\\/2025 -\",\"isPartOf\":{\"@id\":\"https:\\\/\\\/autofans.com.ar\\\/#website\"},\"primaryImageOfPage\":{\"@id\":\"https:\\\/\\\/autofans.com.ar\\\/index.php\\\/2025\\\/02\\\/18\\\/autofans-tv-temp-18-programa-21-15-02-2025\\\/#primaryimage\"},\"image\":{\"@id\":\"https:\\\/\\\/autofans.com.ar\\\/index.php\\\/2025\\\/02\\\/18\\\/autofans-tv-temp-18-programa-21-15-02-2025\\\/#primaryimage\"},\"thumbnailUrl\":\"https:\\\/\\\/autofans.com.ar\\\/wp-content\\\/uploads\\\/2025\\\/02\\\/temp-18-15-02.jpg\",\"datePublished\":\"2025-02-18T23:25:17+00:00\",\"author\":{\"@id\":\"https:\\\/\\\/autofans.com.ar\\\/#\\\/schema\\\/person\\\/4a8dda0b6df83ac3d6723e921274c2aa\"},\"description\":\"En esta edici\u00f3n de Autofans Te mostramos la segunda parte de BMW Serie 1 y BMW X3, hablamos con Leandro Larregina...\",\"breadcrumb\":{\"@id\":\"https:\\\/\\\/autofans.com.ar\\\/index.php\\\/2025\\\/02\\\/18\\\/autofans-tv-temp-18-programa-21-15-02-2025\\\/#breadcrumb\"},\"inLanguage\":\"es\",\"potentialAction\":[{\"@type\":\"ReadAction\",\"target\":[\"https:\\\/\\\/autofans.com.ar\\\/index.php\\\/2025\\\/02\\\/18\\\/autofans-tv-temp-18-programa-21-15-02-2025\\\/\"]}]},{\"@type\":\"ImageObject\",\"inLanguage\":\"es\",\"@id\":\"https:\\\/\\\/autofans.com.ar\\\/index.php\\\/2025\\\/02\\\/18\\\/autofans-tv-temp-18-programa-21-15-02-2025\\\/#primaryimage\",\"url\":\"https:\\\/\\\/autofans.com.ar\\\/wp-content\\\/uploads\\\/2025\\\/02\\\/temp-18-15-02.jpg\",\"contentUrl\":\"https:\\\/\\\/autofans.com.ar\\\/wp-content\\\/uploads\\\/2025\\\/02\\\/temp-18-15-02.jpg\",\"width\":1831,\"height\":957,\"caption\":\"Screenshot\"},{\"@type\":\"BreadcrumbList\",\"@id\":\"https:\\\/\\\/autofans.com.ar\\\/index.php\\\/2025\\\/02\\\/18\\\/autofans-tv-temp-18-programa-21-15-02-2025\\\/#breadcrumb\",\"itemListElement\":[{\"@type\":\"ListItem\",\"position\":1,\"name\":\"Inicio\",\"item\":\"https:\\\/\\\/autofans.com.ar\\\/\"},{\"@type\":\"ListItem\",\"position\":2,\"name\":\"Autofans TV \u2013 Temp. 18 Programa 21 \u2013 15\\\/02\\\/2025\"}]},{\"@type\":\"WebSite\",\"@id\":\"https:\\\/\\\/autofans.com.ar\\\/#website\",\"url\":\"https:\\\/\\\/autofans.com.ar\\\/\",\"name\":\"\",\"description\":\"El multimedio referente de la industria automotriz\",\"potentialAction\":[{\"@type\":\"SearchAction\",\"target\":{\"@type\":\"EntryPoint\",\"urlTemplate\":\"https:\\\/\\\/autofans.com.ar\\\/?s={search_term_string}\"},\"query-input\":{\"@type\":\"PropertyValueSpecification\",\"valueRequired\":true,\"valueName\":\"search_term_string\"}}],\"inLanguage\":\"es\"},{\"@type\":\"Person\",\"@id\":\"https:\\\/\\\/autofans.com.ar\\\/#\\\/schema\\\/person\\\/4a8dda0b6df83ac3d6723e921274c2aa\",\"name\":\"Alejandro Gabriel Rosito\",\"image\":{\"@type\":\"ImageObject\",\"inLanguage\":\"es\",\"@id\":\"https:\\\/\\\/secure.gravatar.com\\\/avatar\\\/16c5dda1489adfc62618084dcbb91cffd879c374b13fe5dd8e44ed6733852c88?s=96&d=mm&r=g\",\"url\":\"https:\\\/\\\/secure.gravatar.com\\\/avatar\\\/16c5dda1489adfc62618084dcbb91cffd879c374b13fe5dd8e44ed6733852c88?s=96&d=mm&r=g\",\"contentUrl\":\"https:\\\/\\\/secure.gravatar.com\\\/avatar\\\/16c5dda1489adfc62618084dcbb91cffd879c374b13fe5dd8e44ed6733852c88?s=96&d=mm&r=g\",\"caption\":\"Alejandro Gabriel Rosito\"},\"url\":\"https:\\\/\\\/autofans.com.ar\\\/index.php\\\/author\\\/gabrielr\\\/\"}]}<\/script>\n<!-- \/ Yoast SEO plugin. -->","yoast_head_json":{"title":"Autofans TV \u2013 Temp. 18 Programa 21 \u2013 15\/02\/2025 -","description":"En esta edici\u00f3n de Autofans Te mostramos la segunda parte de BMW Serie 1 y BMW X3, hablamos con Leandro Larregina...","robots":{"index":"index","follow":"follow","max-snippet":"max-snippet:-1","max-image-preview":"max-image-preview:large","max-video-preview":"max-video-preview:-1"},"canonical":"https:\/\/autofans.com.ar\/index.php\/2025\/02\/18\/autofans-tv-temp-18-programa-21-15-02-2025\/","og_locale":"es_ES","og_type":"article","og_title":"Autofans TV \u2013 Temp. 18 Programa 21 \u2013 15\/02\/2025 -","og_description":"En esta edici\u00f3n de Autofans Te mostramos la segunda parte de BMW Serie 1 y BMW X3, hablamos con Leandro Larregina...","og_url":"https:\/\/autofans.com.ar\/index.php\/2025\/02\/18\/autofans-tv-temp-18-programa-21-15-02-2025\/","article_published_time":"2025-02-18T23:25:17+00:00","og_image":[{"width":1831,"height":957,"url":"https:\/\/autofans.com.ar\/wp-content\/uploads\/2025\/02\/temp-18-15-02.jpg","type":"image\/jpeg"}],"author":"Alejandro Gabriel Rosito","twitter_card":"summary_large_image","twitter_misc":{"Escrito por":"Alejandro Gabriel Rosito","Tiempo de lectura":"2 minutos"},"schema":{"@context":"https:\/\/schema.org","@graph":[{"@type":"Article","@id":"https:\/\/autofans.com.ar\/index.php\/2025\/02\/18\/autofans-tv-temp-18-programa-21-15-02-2025\/#article","isPartOf":{"@id":"https:\/\/autofans.com.ar\/index.php\/2025\/02\/18\/autofans-tv-temp-18-programa-21-15-02-2025\/"},"author":{"name":"Alejandro Gabriel Rosito","@id":"https:\/\/autofans.com.ar\/#\/schema\/person\/4a8dda0b6df83ac3d6723e921274c2aa"},"headline":"Autofans TV \u2013 Temp. 18 Programa 21 \u2013 15\/02\/2025","datePublished":"2025-02-18T23:25:17+00:00","mainEntityOfPage":{"@id":"https:\/\/autofans.com.ar\/index.php\/2025\/02\/18\/autofans-tv-temp-18-programa-21-15-02-2025\/"},"wordCount":201,"image":{"@id":"https:\/\/autofans.com.ar\/index.php\/2025\/02\/18\/autofans-tv-temp-18-programa-21-15-02-2025\/#primaryimage"},"thumbnailUrl":"https:\/\/autofans.com.ar\/wp-content\/uploads\/2025\/02\/temp-18-15-02.jpg","keywords":["#BMW","AutoFanstv","BMW Group Argentina","BMW Serie 1","BMW X3","Chevrolet","Chevrolet Onix","Ford","F\u00f3rmula E"],"articleSection":["AUTOFANS TV","Programas 2025"],"inLanguage":"es"},{"@type":"WebPage","@id":"https:\/\/autofans.com.ar\/index.php\/2025\/02\/18\/autofans-tv-temp-18-programa-21-15-02-2025\/","url":"https:\/\/autofans.com.ar\/index.php\/2025\/02\/18\/autofans-tv-temp-18-programa-21-15-02-2025\/","name":"Autofans TV \u2013 Temp. 18 Programa 21 \u2013 15\/02\/2025 -","isPartOf":{"@id":"https:\/\/autofans.com.ar\/#website"},"primaryImageOfPage":{"@id":"https:\/\/autofans.com.ar\/index.php\/2025\/02\/18\/autofans-tv-temp-18-programa-21-15-02-2025\/#primaryimage"},"image":{"@id":"https:\/\/autofans.com.ar\/index.php\/2025\/02\/18\/autofans-tv-temp-18-programa-21-15-02-2025\/#primaryimage"},"thumbnailUrl":"https:\/\/autofans.com.ar\/wp-content\/uploads\/2025\/02\/temp-18-15-02.jpg","datePublished":"2025-02-18T23:25:17+00:00","author":{"@id":"https:\/\/autofans.com.ar\/#\/schema\/person\/4a8dda0b6df83ac3d6723e921274c2aa"},"description":"En esta edici\u00f3n de Autofans Te mostramos la segunda parte de BMW Serie 1 y BMW X3, hablamos con Leandro Larregina...","breadcrumb":{"@id":"https:\/\/autofans.com.ar\/index.php\/2025\/02\/18\/autofans-tv-temp-18-programa-21-15-02-2025\/#breadcrumb"},"inLanguage":"es","potentialAction":[{"@type":"ReadAction","target":["https:\/\/autofans.com.ar\/index.php\/2025\/02\/18\/autofans-tv-temp-18-programa-21-15-02-2025\/"]}]},{"@type":"ImageObject","inLanguage":"es","@id":"https:\/\/autofans.com.ar\/index.php\/2025\/02\/18\/autofans-tv-temp-18-programa-21-15-02-2025\/#primaryimage","url":"https:\/\/autofans.com.ar\/wp-content\/uploads\/2025\/02\/temp-18-15-02.jpg","contentUrl":"https:\/\/autofans.com.ar\/wp-content\/uploads\/2025\/02\/temp-18-15-02.jpg","width":1831,"height":957,"caption":"Screenshot"},{"@type":"BreadcrumbList","@id":"https:\/\/autofans.com.ar\/index.php\/2025\/02\/18\/autofans-tv-temp-18-programa-21-15-02-2025\/#breadcrumb","itemListElement":[{"@type":"ListItem","position":1,"name":"Inicio","item":"https:\/\/autofans.com.ar\/"},{"@type":"ListItem","position":2,"name":"Autofans TV \u2013 Temp. 18 Programa 21 \u2013 15\/02\/2025"}]},{"@type":"WebSite","@id":"https:\/\/autofans.com.ar\/#website","url":"https:\/\/autofans.com.ar\/","name":"","description":"El multimedio referente de la industria automotriz","potentialAction":[{"@type":"SearchAction","target":{"@type":"EntryPoint","urlTemplate":"https:\/\/autofans.com.ar\/?s={search_term_string}"},"query-input":{"@type":"PropertyValueSpecification","valueRequired":true,"valueName":"search_term_string"}}],"inLanguage":"es"},{"@type":"Person","@id":"https:\/\/autofans.com.ar\/#\/schema\/person\/4a8dda0b6df83ac3d6723e921274c2aa","name":"Alejandro Gabriel Rosito","image":{"@type":"ImageObject","inLanguage":"es","@id":"https:\/\/secure.gravatar.com\/avatar\/16c5dda1489adfc62618084dcbb91cffd879c374b13fe5dd8e44ed6733852c88?s=96&d=mm&r=g","url":"https:\/\/secure.gravatar.com\/avatar\/16c5dda1489adfc62618084dcbb91cffd879c374b13fe5dd8e44ed6733852c88?s=96&d=mm&r=g","contentUrl":"https:\/\/secure.gravatar.com\/avatar\/16c5dda1489adfc62618084dcbb91cffd879c374b13fe5dd8e44ed6733852c88?s=96&d=mm&r=g","caption":"Alejandro Gabriel Rosito"},"url":"https:\/\/autofans.com.ar\/index.php\/author\/gabrielr\/"}]}},"featured_image_urls":{"full":["https:\/\/autofans.com.ar\/wp-content\/uploads\/2025\/02\/temp-18-15-02.jpg",1831,957,false],"thumbnail":["https:\/\/autofans.com.ar\/wp-content\/uploads\/2025\/02\/temp-18-15-02-150x150.jpg",150,150,true],"medium":["https:\/\/autofans.com.ar\/wp-content\/uploads\/2025\/02\/temp-18-15-02-300x157.jpg",300,157,true],"medium_large":["https:\/\/autofans.com.ar\/wp-content\/uploads\/2025\/02\/temp-18-15-02-768x401.jpg",640,334,true],"large":["https:\/\/autofans.com.ar\/wp-content\/uploads\/2025\/02\/temp-18-15-02-1024x535.jpg",640,334,true],"1536x1536":["https:\/\/autofans.com.ar\/wp-content\/uploads\/2025\/02\/temp-18-15-02-1536x803.jpg",1536,803,true],"2048x2048":["https:\/\/autofans.com.ar\/wp-content\/uploads\/2025\/02\/temp-18-15-02.jpg",1831,957,false],"covernews-featured":["https:\/\/autofans.com.ar\/wp-content\/uploads\/2025\/02\/temp-18-15-02-1024x535.jpg",1024,535,true],"covernews-medium":["https:\/\/autofans.com.ar\/wp-content\/uploads\/2025\/02\/temp-18-15-02-540x340.jpg",540,340,true]},"author_info":{"display_name":"Alejandro Gabriel Rosito","author_link":"https:\/\/autofans.com.ar\/index.php\/author\/gabrielr\/"},"category_info":"<a href=\"https:\/\/autofans.com.ar\/index.php\/category\/autofans-tv\/\" rel=\"category tag\">AUTOFANS TV<\/a> <a href=\"https:\/\/autofans.com.ar\/index.php\/category\/autofans-tv\/programas-2025\/\" rel=\"category tag\">Programas 2025<\/a>","tag_info":"Programas 2025","comment_count":0,"_links":{"self":[{"href":"https:\/\/autofans.com.ar\/index.php\/wp-json\/wp\/v2\/posts\/11208","targetHints":{"allow":["GET"]}}],"collection":[{"href":"https:\/\/autofans.com.ar\/index.php\/wp-json\/wp\/v2\/posts"}],"about":[{"href":"https:\/\/autofans.com.ar\/index.php\/wp-json\/wp\/v2\/types\/post"}],"author":[{"embeddable":true,"href":"https:\/\/autofans.com.ar\/index.php\/wp-json\/wp\/v2\/users\/2"}],"replies":[{"embeddable":true,"href":"https:\/\/autofans.com.ar\/index.php\/wp-json\/wp\/v2\/comments?post=11208"}],"version-history":[{"count":2,"href":"https:\/\/autofans.com.ar\/index.php\/wp-json\/wp\/v2\/posts\/11208\/revisions"}],"predecessor-version":[{"id":11216,"href":"https:\/\/autofans.com.ar\/index.php\/wp-json\/wp\/v2\/posts\/11208\/revisions\/11216"}],"wp:featuredmedia":[{"embeddable":true,"href":"https:\/\/autofans.com.ar\/index.php\/wp-json\/wp\/v2\/media\/11215"}],"wp:attachment":[{"href":"https:\/\/autofans.com.ar\/index.php\/wp-json\/wp\/v2\/media?parent=11208"}],"wp:term":[{"taxonomy":"category","embeddable":true,"href":"https:\/\/autofans.com.ar\/index.php\/wp-json\/wp\/v2\/categories?post=11208"},{"taxonomy":"post_tag","embeddable":true,"href":"https:\/\/autofans.com.ar\/index.php\/wp-json\/wp\/v2\/tags?post=11208"}],"curies":[{"name":"wp","href":"https:\/\/api.w.org\/{rel}","templated":true}]}}