{"id":11230,"date":"2025-02-20T14:30:37","date_gmt":"2025-02-20T17:30:37","guid":{"rendered":"https:\/\/autofans.com.ar\/?p=11230"},"modified":"2025-02-20T14:30:37","modified_gmt":"2025-02-20T17:30:37","slug":"nueva-fiat-strada-freedom","status":"publish","type":"post","link":"https:\/\/autofans.com.ar\/index.php\/2025\/02\/20\/nueva-fiat-strada-freedom\/","title":{"rendered":"Nueva Fiat Strada Freedom"},"content":{"rendered":"<p data-pm-slice=\"1 1 []\">Fiat Argentina ampl\u00eda la gama de su pick-up compacta con la llegada de la Strada Freedom CS 1.3 MT. Esta nueva versi\u00f3n cabina simple ofrece una alternativa accesible y funcional para quienes buscan un veh\u00edculo de trabajo confiable.<\/p>\n<p data-pm-slice=\"1 1 []\"><span style=\"color: #ffffff;\">.<\/span><\/p>\n<h2>M\u00e1s espacio y capacidad de carga<\/h2>\n<p>&nbsp;<\/p>\n<div id='gallery-1' class='gallery galleryid-11230 gallery-columns-2 gallery-size-full'><figure class='gallery-item'>\n\t\t\t<div class='gallery-icon landscape'>\n\t\t\t\t<a href='https:\/\/autofans.com.ar\/index.php\/2025\/02\/20\/nueva-fiat-strada-freedom\/fiat-2-10\/'><img loading=\"lazy\" width=\"1000\" height=\"667\" src=\"https:\/\/autofans.com.ar\/wp-content\/uploads\/2025\/02\/fiat-2.jpg\" class=\"attachment-full size-full\" alt=\"Fiat Strada\" srcset=\"https:\/\/autofans.com.ar\/wp-content\/uploads\/2025\/02\/fiat-2.jpg 1000w, https:\/\/autofans.com.ar\/wp-content\/uploads\/2025\/02\/fiat-2-300x200.jpg 300w, https:\/\/autofans.com.ar\/wp-content\/uploads\/2025\/02\/fiat-2-768x512.jpg 768w\" sizes=\"auto, (max-width: 1000px) 100vw, 1000px\" loading=\"lazy\" decoding=\"async\" \/><\/a>\n\t\t\t<\/div><\/figure><figure class='gallery-item'>\n\t\t\t<div class='gallery-icon landscape'>\n\t\t\t\t<a href='https:\/\/autofans.com.ar\/index.php\/2025\/02\/20\/nueva-fiat-strada-freedom\/fiat-3-8\/'><img loading=\"lazy\" width=\"1000\" height=\"667\" src=\"https:\/\/autofans.com.ar\/wp-content\/uploads\/2025\/02\/fiat-3.jpg\" class=\"attachment-full size-full\" alt=\"Fiat Strada\" srcset=\"https:\/\/autofans.com.ar\/wp-content\/uploads\/2025\/02\/fiat-3.jpg 1000w, https:\/\/autofans.com.ar\/wp-content\/uploads\/2025\/02\/fiat-3-300x200.jpg 300w, https:\/\/autofans.com.ar\/wp-content\/uploads\/2025\/02\/fiat-3-768x512.jpg 768w\" sizes=\"auto, (max-width: 1000px) 100vw, 1000px\" loading=\"lazy\" decoding=\"async\" \/><\/a>\n\t\t\t<\/div><\/figure>\n\t\t<\/div>\n\n<p>&nbsp;<\/p>\n<p>La Strada Freedom CS 1.3 MT se destaca por su amplia caja de carga, con una longitud de 1.646 mm y una capacidad de 1.354 litros. Su robustez permite transportar hasta 720 kg, lo que la convierte en una opci\u00f3n ideal para profesionales y peque\u00f1os emprendedores que necesitan un veh\u00edculo eficiente para sus actividades diarias.<\/p>\n<p>&nbsp;<\/p>\n<h2>Fiat Strada Freedom &#8211; motor y prestaciones<\/h2>\n<p>Equipada con un motor 1.3L Firefly, esta versi\u00f3n entrega una potencia de 99 CV y un torque de 130 Nm, acompa\u00f1ado de una transmisi\u00f3n manual de 5 velocidades y tracci\u00f3n delantera 4&#215;2. Su configuraci\u00f3n est\u00e1 pensada para brindar un buen rendimiento en entornos urbanos y periurbanos.<\/p>\n<p>&nbsp;<\/p>\n<p><img fetchpriority=\"high\" decoding=\"async\" class=\"aligncenter wp-image-11232 size-full\" src=\"https:\/\/autofans.com.ar\/wp-content\/uploads\/2025\/02\/fiat-5.jpg\" alt=\"Fiat Strada\" width=\"1000\" height=\"667\" srcset=\"https:\/\/autofans.com.ar\/wp-content\/uploads\/2025\/02\/fiat-5.jpg 1000w, https:\/\/autofans.com.ar\/wp-content\/uploads\/2025\/02\/fiat-5-300x200.jpg 300w, https:\/\/autofans.com.ar\/wp-content\/uploads\/2025\/02\/fiat-5-768x512.jpg 768w\" sizes=\"(max-width: 1000px) 100vw, 1000px\" \/><\/p>\n<p>&nbsp;<\/p>\n<p>El interior de la Strada Freedom CS 1.3 MT incorpora elementos pensados para la comodidad del conductor. Cuenta con un tablero multifunci\u00f3n de 3.5\u201d, radio AM\/FM integrada, aire acondicionado manual y puerto USB. Adem\u00e1s, suma volante multifunci\u00f3n y asiento del conductor regulable en altura.<\/p>\n<p>&nbsp;<\/p>\n<h2>Seguridad y dise\u00f1o<\/h2>\n<p><a href=\"https:\/\/autofans.com.ar\/wp-content\/uploads\/2025\/02\/FT_Strada.pdf\" target=\"_blank\" rel=\"noopener\">Ficha T\u00e9cnica: Strada Freedom CS 1.3 MT<\/a><\/p>\n<p>En materia de seguridad, incluye frenos ABS con distribuci\u00f3n electr\u00f3nica de frenado (EBD), control de tracci\u00f3n (TC+), control electr\u00f3nico de estabilidad (ESC), asistencia al arranque en pendiente (HLA), airbags frontales, alarma perimetral y monitoreo de presi\u00f3n de neum\u00e1ticos (iTPMS).<\/p>\n<p>&nbsp;<\/p>\n<p><img decoding=\"async\" class=\"aligncenter wp-image-11233 size-full\" src=\"https:\/\/autofans.com.ar\/wp-content\/uploads\/2025\/02\/fiat-4.jpg\" alt=\"Fiat Strada\" width=\"1000\" height=\"667\" srcset=\"https:\/\/autofans.com.ar\/wp-content\/uploads\/2025\/02\/fiat-4.jpg 1000w, https:\/\/autofans.com.ar\/wp-content\/uploads\/2025\/02\/fiat-4-300x200.jpg 300w, https:\/\/autofans.com.ar\/wp-content\/uploads\/2025\/02\/fiat-4-768x512.jpg 768w\" sizes=\"(max-width: 1000px) 100vw, 1000px\" \/><\/p>\n<p>&nbsp;<\/p>\n<p>El dise\u00f1o exterior incorpora faros antiniebla, llantas de aleaci\u00f3n de 15\u201d y port\u00f3n trasero con apertura amortiguada. Est\u00e1 disponible en cinco colores: Rojo Montecarlo, Negro Vulcano, Blanco Banchisa, Plata Bari y Gris Silverstone.<\/p>\n<p>El precio sugerido de la Fiat Strada Freedom CS 1.3 MT es de $24.223.000 (IVA incluido). La garant\u00eda es de 3 a\u00f1os o 100.000 km, y el mantenimiento programado se realiza cada 10.000 km o un a\u00f1o, lo que ocurra primero. Adem\u00e1s, la marca ofrece un set de accesorios MOPAR para personalizaci\u00f3n.<\/p>\n<p>&nbsp;<\/p>\n<p>&nbsp;<\/p>\n<p>&nbsp;<\/p>\n<p><i>Para enterarte de m\u00e1s novedades, no dejes de leer\u00a0<\/i><a href=\"https:\/\/autofans.thebrandsoup.com\/\"><i>nuestras notas<\/i><\/a><i>, de ver<\/i><b><i>\u00a0<\/i><\/b><a href=\"https:\/\/www.youtube.com\/channel\/UCgAC8UGHZYbT6P7PpmVnP7g\"><b><i>AUTOFANS TV<\/i><\/b><\/a><b><i>\u00a0<\/i><\/b><i>en nuestro\u00a0canal de Youtube. Adem\u00e1s seguinos en\u00a0<\/i><a href=\"https:\/\/www.instagram.com\/autofanstv\/\"><i>INSTAGRAM<\/i><\/a><i> y <\/i><a href=\"https:\/\/www.facebook.com\/autofansmas\/\"><i>FACEBOOK<\/i><\/a><i> para no perderte nada sobre las novedades del segmento automotor de Argentina y el mundo.<\/i><\/p>\n","protected":false},"excerpt":{"rendered":"<p>Fiat Argentina ampl\u00eda la gama de su pick-up compacta con la llegada de la Strada&#8230;<\/p>\n","protected":false},"author":2,"featured_media":11236,"comment_status":"closed","ping_status":"closed","sticky":false,"template":"","format":"standard","meta":{"footnotes":""},"categories":[1,5],"tags":[6123,284,6125,258,6122,6124,401,4263,6126],"class_list":["post-11230","post","type-post","status-publish","format-standard","has-post-thumbnail","hentry","category-lanzamientos","category-otros","tag-camioneta-de-trabajo","tag-capacidad-de-carga","tag-equipamiento-fiat-strada","tag-fiat-argentina","tag-fiat-strada-freedom-cs-1-3-mt","tag-motor-firefly","tag-pick-up-compacta","tag-precio-fiat-strada","tag-seguridad-fiat-strada"],"yoast_head":"<!-- This site is optimized with the Yoast SEO plugin v27.5 - https:\/\/yoast.com\/product\/yoast-seo-wordpress\/ -->\n<title>Nueva Fiat Strada Freedom -<\/title>\n<meta name=\"description\" content=\"Fiat Argentina ampl\u00eda la gama de su pick-up compacta con la llegada de la Strada Freedom CS 1.3 MT. Esta nueva versi\u00f3n con cabina simple...\" \/>\n<meta name=\"robots\" content=\"index, follow, max-snippet:-1, max-image-preview:large, max-video-preview:-1\" \/>\n<link rel=\"canonical\" href=\"https:\/\/autofans.com.ar\/index.php\/2025\/02\/20\/nueva-fiat-strada-freedom\/\" \/>\n<meta property=\"og:locale\" content=\"es_ES\" \/>\n<meta property=\"og:type\" content=\"article\" \/>\n<meta property=\"og:title\" content=\"Nueva Fiat Strada Freedom -\" \/>\n<meta property=\"og:description\" content=\"Fiat Argentina ampl\u00eda la gama de su pick-up compacta con la llegada de la Strada Freedom CS 1.3 MT. Esta nueva versi\u00f3n con cabina simple...\" \/>\n<meta property=\"og:url\" content=\"https:\/\/autofans.com.ar\/index.php\/2025\/02\/20\/nueva-fiat-strada-freedom\/\" \/>\n<meta property=\"article:published_time\" content=\"2025-02-20T17:30:37+00:00\" \/>\n<meta property=\"og:image\" content=\"https:\/\/autofans.com.ar\/wp-content\/uploads\/2025\/02\/fiqt-1.jpg\" \/>\n\t<meta property=\"og:image:width\" content=\"1000\" \/>\n\t<meta property=\"og:image:height\" content=\"667\" \/>\n\t<meta property=\"og:image:type\" content=\"image\/jpeg\" \/>\n<meta name=\"author\" content=\"Alejandro Gabriel Rosito\" \/>\n<meta name=\"twitter:card\" content=\"summary_large_image\" \/>\n<meta name=\"twitter:label1\" content=\"Escrito por\" \/>\n\t<meta name=\"twitter:data1\" content=\"Alejandro Gabriel Rosito\" \/>\n\t<meta name=\"twitter:label2\" content=\"Tiempo de lectura\" \/>\n\t<meta name=\"twitter:data2\" content=\"3 minutos\" \/>\n<script type=\"application\/ld+json\" class=\"yoast-schema-graph\">{\"@context\":\"https:\\\/\\\/schema.org\",\"@graph\":[{\"@type\":\"Article\",\"@id\":\"https:\\\/\\\/autofans.com.ar\\\/index.php\\\/2025\\\/02\\\/20\\\/nueva-fiat-strada-freedom\\\/#article\",\"isPartOf\":{\"@id\":\"https:\\\/\\\/autofans.com.ar\\\/index.php\\\/2025\\\/02\\\/20\\\/nueva-fiat-strada-freedom\\\/\"},\"author\":{\"name\":\"Alejandro Gabriel Rosito\",\"@id\":\"https:\\\/\\\/autofans.com.ar\\\/#\\\/schema\\\/person\\\/4a8dda0b6df83ac3d6723e921274c2aa\"},\"headline\":\"Nueva Fiat Strada Freedom\",\"datePublished\":\"2025-02-20T17:30:37+00:00\",\"mainEntityOfPage\":{\"@id\":\"https:\\\/\\\/autofans.com.ar\\\/index.php\\\/2025\\\/02\\\/20\\\/nueva-fiat-strada-freedom\\\/\"},\"wordCount\":408,\"image\":{\"@id\":\"https:\\\/\\\/autofans.com.ar\\\/index.php\\\/2025\\\/02\\\/20\\\/nueva-fiat-strada-freedom\\\/#primaryimage\"},\"thumbnailUrl\":\"https:\\\/\\\/autofans.com.ar\\\/wp-content\\\/uploads\\\/2025\\\/02\\\/fiqt-1.jpg\",\"keywords\":[\"camioneta de trabajo\",\"capacidad de carga\",\"equipamiento Fiat Strada\",\"fiat argentina\",\"Fiat Strada Freedom CS 1.3 MT\",\"motor Firefly\",\"pick-up compacta\",\"precio fiat strada\",\"seguridad Fiat Strada\"],\"articleSection\":[\"LANZAMIENTOS\",\"PICK UPs, UTILITARIOS Y OTROS\"],\"inLanguage\":\"es\"},{\"@type\":\"WebPage\",\"@id\":\"https:\\\/\\\/autofans.com.ar\\\/index.php\\\/2025\\\/02\\\/20\\\/nueva-fiat-strada-freedom\\\/\",\"url\":\"https:\\\/\\\/autofans.com.ar\\\/index.php\\\/2025\\\/02\\\/20\\\/nueva-fiat-strada-freedom\\\/\",\"name\":\"Nueva Fiat Strada Freedom -\",\"isPartOf\":{\"@id\":\"https:\\\/\\\/autofans.com.ar\\\/#website\"},\"primaryImageOfPage\":{\"@id\":\"https:\\\/\\\/autofans.com.ar\\\/index.php\\\/2025\\\/02\\\/20\\\/nueva-fiat-strada-freedom\\\/#primaryimage\"},\"image\":{\"@id\":\"https:\\\/\\\/autofans.com.ar\\\/index.php\\\/2025\\\/02\\\/20\\\/nueva-fiat-strada-freedom\\\/#primaryimage\"},\"thumbnailUrl\":\"https:\\\/\\\/autofans.com.ar\\\/wp-content\\\/uploads\\\/2025\\\/02\\\/fiqt-1.jpg\",\"datePublished\":\"2025-02-20T17:30:37+00:00\",\"author\":{\"@id\":\"https:\\\/\\\/autofans.com.ar\\\/#\\\/schema\\\/person\\\/4a8dda0b6df83ac3d6723e921274c2aa\"},\"description\":\"Fiat Argentina ampl\u00eda la gama de su pick-up compacta con la llegada de la Strada Freedom CS 1.3 MT. Esta nueva versi\u00f3n con cabina simple...\",\"breadcrumb\":{\"@id\":\"https:\\\/\\\/autofans.com.ar\\\/index.php\\\/2025\\\/02\\\/20\\\/nueva-fiat-strada-freedom\\\/#breadcrumb\"},\"inLanguage\":\"es\",\"potentialAction\":[{\"@type\":\"ReadAction\",\"target\":[\"https:\\\/\\\/autofans.com.ar\\\/index.php\\\/2025\\\/02\\\/20\\\/nueva-fiat-strada-freedom\\\/\"]}]},{\"@type\":\"ImageObject\",\"inLanguage\":\"es\",\"@id\":\"https:\\\/\\\/autofans.com.ar\\\/index.php\\\/2025\\\/02\\\/20\\\/nueva-fiat-strada-freedom\\\/#primaryimage\",\"url\":\"https:\\\/\\\/autofans.com.ar\\\/wp-content\\\/uploads\\\/2025\\\/02\\\/fiqt-1.jpg\",\"contentUrl\":\"https:\\\/\\\/autofans.com.ar\\\/wp-content\\\/uploads\\\/2025\\\/02\\\/fiqt-1.jpg\",\"width\":1000,\"height\":667,\"caption\":\"Fiat Strada\"},{\"@type\":\"BreadcrumbList\",\"@id\":\"https:\\\/\\\/autofans.com.ar\\\/index.php\\\/2025\\\/02\\\/20\\\/nueva-fiat-strada-freedom\\\/#breadcrumb\",\"itemListElement\":[{\"@type\":\"ListItem\",\"position\":1,\"name\":\"Inicio\",\"item\":\"https:\\\/\\\/autofans.com.ar\\\/\"},{\"@type\":\"ListItem\",\"position\":2,\"name\":\"Nueva Fiat Strada Freedom\"}]},{\"@type\":\"WebSite\",\"@id\":\"https:\\\/\\\/autofans.com.ar\\\/#website\",\"url\":\"https:\\\/\\\/autofans.com.ar\\\/\",\"name\":\"\",\"description\":\"El multimedio referente de la industria automotriz\",\"potentialAction\":[{\"@type\":\"SearchAction\",\"target\":{\"@type\":\"EntryPoint\",\"urlTemplate\":\"https:\\\/\\\/autofans.com.ar\\\/?s={search_term_string}\"},\"query-input\":{\"@type\":\"PropertyValueSpecification\",\"valueRequired\":true,\"valueName\":\"search_term_string\"}}],\"inLanguage\":\"es\"},{\"@type\":\"Person\",\"@id\":\"https:\\\/\\\/autofans.com.ar\\\/#\\\/schema\\\/person\\\/4a8dda0b6df83ac3d6723e921274c2aa\",\"name\":\"Alejandro Gabriel Rosito\",\"image\":{\"@type\":\"ImageObject\",\"inLanguage\":\"es\",\"@id\":\"https:\\\/\\\/secure.gravatar.com\\\/avatar\\\/16c5dda1489adfc62618084dcbb91cffd879c374b13fe5dd8e44ed6733852c88?s=96&d=mm&r=g\",\"url\":\"https:\\\/\\\/secure.gravatar.com\\\/avatar\\\/16c5dda1489adfc62618084dcbb91cffd879c374b13fe5dd8e44ed6733852c88?s=96&d=mm&r=g\",\"contentUrl\":\"https:\\\/\\\/secure.gravatar.com\\\/avatar\\\/16c5dda1489adfc62618084dcbb91cffd879c374b13fe5dd8e44ed6733852c88?s=96&d=mm&r=g\",\"caption\":\"Alejandro Gabriel Rosito\"},\"url\":\"https:\\\/\\\/autofans.com.ar\\\/index.php\\\/author\\\/gabrielr\\\/\"}]}<\/script>\n<!-- \/ Yoast SEO plugin. -->","yoast_head_json":{"title":"Nueva Fiat Strada Freedom -","description":"Fiat Argentina ampl\u00eda la gama de su pick-up compacta con la llegada de la Strada Freedom CS 1.3 MT. Esta nueva versi\u00f3n con cabina simple...","robots":{"index":"index","follow":"follow","max-snippet":"max-snippet:-1","max-image-preview":"max-image-preview:large","max-video-preview":"max-video-preview:-1"},"canonical":"https:\/\/autofans.com.ar\/index.php\/2025\/02\/20\/nueva-fiat-strada-freedom\/","og_locale":"es_ES","og_type":"article","og_title":"Nueva Fiat Strada Freedom -","og_description":"Fiat Argentina ampl\u00eda la gama de su pick-up compacta con la llegada de la Strada Freedom CS 1.3 MT. Esta nueva versi\u00f3n con cabina simple...","og_url":"https:\/\/autofans.com.ar\/index.php\/2025\/02\/20\/nueva-fiat-strada-freedom\/","article_published_time":"2025-02-20T17:30:37+00:00","og_image":[{"width":1000,"height":667,"url":"https:\/\/autofans.com.ar\/wp-content\/uploads\/2025\/02\/fiqt-1.jpg","type":"image\/jpeg"}],"author":"Alejandro Gabriel Rosito","twitter_card":"summary_large_image","twitter_misc":{"Escrito por":"Alejandro Gabriel Rosito","Tiempo de lectura":"3 minutos"},"schema":{"@context":"https:\/\/schema.org","@graph":[{"@type":"Article","@id":"https:\/\/autofans.com.ar\/index.php\/2025\/02\/20\/nueva-fiat-strada-freedom\/#article","isPartOf":{"@id":"https:\/\/autofans.com.ar\/index.php\/2025\/02\/20\/nueva-fiat-strada-freedom\/"},"author":{"name":"Alejandro Gabriel Rosito","@id":"https:\/\/autofans.com.ar\/#\/schema\/person\/4a8dda0b6df83ac3d6723e921274c2aa"},"headline":"Nueva Fiat Strada Freedom","datePublished":"2025-02-20T17:30:37+00:00","mainEntityOfPage":{"@id":"https:\/\/autofans.com.ar\/index.php\/2025\/02\/20\/nueva-fiat-strada-freedom\/"},"wordCount":408,"image":{"@id":"https:\/\/autofans.com.ar\/index.php\/2025\/02\/20\/nueva-fiat-strada-freedom\/#primaryimage"},"thumbnailUrl":"https:\/\/autofans.com.ar\/wp-content\/uploads\/2025\/02\/fiqt-1.jpg","keywords":["camioneta de trabajo","capacidad de carga","equipamiento Fiat Strada","fiat argentina","Fiat Strada Freedom CS 1.3 MT","motor Firefly","pick-up compacta","precio fiat strada","seguridad Fiat Strada"],"articleSection":["LANZAMIENTOS","PICK UPs, UTILITARIOS Y OTROS"],"inLanguage":"es"},{"@type":"WebPage","@id":"https:\/\/autofans.com.ar\/index.php\/2025\/02\/20\/nueva-fiat-strada-freedom\/","url":"https:\/\/autofans.com.ar\/index.php\/2025\/02\/20\/nueva-fiat-strada-freedom\/","name":"Nueva Fiat Strada Freedom -","isPartOf":{"@id":"https:\/\/autofans.com.ar\/#website"},"primaryImageOfPage":{"@id":"https:\/\/autofans.com.ar\/index.php\/2025\/02\/20\/nueva-fiat-strada-freedom\/#primaryimage"},"image":{"@id":"https:\/\/autofans.com.ar\/index.php\/2025\/02\/20\/nueva-fiat-strada-freedom\/#primaryimage"},"thumbnailUrl":"https:\/\/autofans.com.ar\/wp-content\/uploads\/2025\/02\/fiqt-1.jpg","datePublished":"2025-02-20T17:30:37+00:00","author":{"@id":"https:\/\/autofans.com.ar\/#\/schema\/person\/4a8dda0b6df83ac3d6723e921274c2aa"},"description":"Fiat Argentina ampl\u00eda la gama de su pick-up compacta con la llegada de la Strada Freedom CS 1.3 MT. Esta nueva versi\u00f3n con cabina simple...","breadcrumb":{"@id":"https:\/\/autofans.com.ar\/index.php\/2025\/02\/20\/nueva-fiat-strada-freedom\/#breadcrumb"},"inLanguage":"es","potentialAction":[{"@type":"ReadAction","target":["https:\/\/autofans.com.ar\/index.php\/2025\/02\/20\/nueva-fiat-strada-freedom\/"]}]},{"@type":"ImageObject","inLanguage":"es","@id":"https:\/\/autofans.com.ar\/index.php\/2025\/02\/20\/nueva-fiat-strada-freedom\/#primaryimage","url":"https:\/\/autofans.com.ar\/wp-content\/uploads\/2025\/02\/fiqt-1.jpg","contentUrl":"https:\/\/autofans.com.ar\/wp-content\/uploads\/2025\/02\/fiqt-1.jpg","width":1000,"height":667,"caption":"Fiat Strada"},{"@type":"BreadcrumbList","@id":"https:\/\/autofans.com.ar\/index.php\/2025\/02\/20\/nueva-fiat-strada-freedom\/#breadcrumb","itemListElement":[{"@type":"ListItem","position":1,"name":"Inicio","item":"https:\/\/autofans.com.ar\/"},{"@type":"ListItem","position":2,"name":"Nueva Fiat Strada Freedom"}]},{"@type":"WebSite","@id":"https:\/\/autofans.com.ar\/#website","url":"https:\/\/autofans.com.ar\/","name":"","description":"El multimedio referente de la industria automotriz","potentialAction":[{"@type":"SearchAction","target":{"@type":"EntryPoint","urlTemplate":"https:\/\/autofans.com.ar\/?s={search_term_string}"},"query-input":{"@type":"PropertyValueSpecification","valueRequired":true,"valueName":"search_term_string"}}],"inLanguage":"es"},{"@type":"Person","@id":"https:\/\/autofans.com.ar\/#\/schema\/person\/4a8dda0b6df83ac3d6723e921274c2aa","name":"Alejandro Gabriel Rosito","image":{"@type":"ImageObject","inLanguage":"es","@id":"https:\/\/secure.gravatar.com\/avatar\/16c5dda1489adfc62618084dcbb91cffd879c374b13fe5dd8e44ed6733852c88?s=96&d=mm&r=g","url":"https:\/\/secure.gravatar.com\/avatar\/16c5dda1489adfc62618084dcbb91cffd879c374b13fe5dd8e44ed6733852c88?s=96&d=mm&r=g","contentUrl":"https:\/\/secure.gravatar.com\/avatar\/16c5dda1489adfc62618084dcbb91cffd879c374b13fe5dd8e44ed6733852c88?s=96&d=mm&r=g","caption":"Alejandro Gabriel Rosito"},"url":"https:\/\/autofans.com.ar\/index.php\/author\/gabrielr\/"}]}},"featured_image_urls":{"full":["https:\/\/autofans.com.ar\/wp-content\/uploads\/2025\/02\/fiqt-1.jpg",1000,667,false],"thumbnail":["https:\/\/autofans.com.ar\/wp-content\/uploads\/2025\/02\/fiqt-1-150x150.jpg",150,150,true],"medium":["https:\/\/autofans.com.ar\/wp-content\/uploads\/2025\/02\/fiqt-1-300x200.jpg",300,200,true],"medium_large":["https:\/\/autofans.com.ar\/wp-content\/uploads\/2025\/02\/fiqt-1-768x512.jpg",640,427,true],"large":["https:\/\/autofans.com.ar\/wp-content\/uploads\/2025\/02\/fiqt-1.jpg",640,427,false],"1536x1536":["https:\/\/autofans.com.ar\/wp-content\/uploads\/2025\/02\/fiqt-1.jpg",1000,667,false],"2048x2048":["https:\/\/autofans.com.ar\/wp-content\/uploads\/2025\/02\/fiqt-1.jpg",1000,667,false],"covernews-featured":["https:\/\/autofans.com.ar\/wp-content\/uploads\/2025\/02\/fiqt-1.jpg",1000,667,false],"covernews-medium":["https:\/\/autofans.com.ar\/wp-content\/uploads\/2025\/02\/fiqt-1-540x340.jpg",540,340,true]},"author_info":{"display_name":"Alejandro Gabriel Rosito","author_link":"https:\/\/autofans.com.ar\/index.php\/author\/gabrielr\/"},"category_info":"<a href=\"https:\/\/autofans.com.ar\/index.php\/category\/lanzamientos\/\" rel=\"category tag\">LANZAMIENTOS<\/a> <a href=\"https:\/\/autofans.com.ar\/index.php\/category\/noticias\/otros\/\" rel=\"category tag\">PICK UPs, UTILITARIOS Y OTROS<\/a>","tag_info":"PICK UPs, UTILITARIOS Y OTROS","comment_count":0,"_links":{"self":[{"href":"https:\/\/autofans.com.ar\/index.php\/wp-json\/wp\/v2\/posts\/11230","targetHints":{"allow":["GET"]}}],"collection":[{"href":"https:\/\/autofans.com.ar\/index.php\/wp-json\/wp\/v2\/posts"}],"about":[{"href":"https:\/\/autofans.com.ar\/index.php\/wp-json\/wp\/v2\/types\/post"}],"author":[{"embeddable":true,"href":"https:\/\/autofans.com.ar\/index.php\/wp-json\/wp\/v2\/users\/2"}],"replies":[{"embeddable":true,"href":"https:\/\/autofans.com.ar\/index.php\/wp-json\/wp\/v2\/comments?post=11230"}],"version-history":[{"count":3,"href":"https:\/\/autofans.com.ar\/index.php\/wp-json\/wp\/v2\/posts\/11230\/revisions"}],"predecessor-version":[{"id":11239,"href":"https:\/\/autofans.com.ar\/index.php\/wp-json\/wp\/v2\/posts\/11230\/revisions\/11239"}],"wp:featuredmedia":[{"embeddable":true,"href":"https:\/\/autofans.com.ar\/index.php\/wp-json\/wp\/v2\/media\/11236"}],"wp:attachment":[{"href":"https:\/\/autofans.com.ar\/index.php\/wp-json\/wp\/v2\/media?parent=11230"}],"wp:term":[{"taxonomy":"category","embeddable":true,"href":"https:\/\/autofans.com.ar\/index.php\/wp-json\/wp\/v2\/categories?post=11230"},{"taxonomy":"post_tag","embeddable":true,"href":"https:\/\/autofans.com.ar\/index.php\/wp-json\/wp\/v2\/tags?post=11230"}],"curies":[{"name":"wp","href":"https:\/\/api.w.org\/{rel}","templated":true}]}}